{"id":8807,"date":"2021-09-24T01:53:31","date_gmt":"2021-09-24T01:53:31","guid":{"rendered":"https:\/\/cvinoticias.com\/v3\/?p=8807"},"modified":"2021-09-24T01:53:31","modified_gmt":"2021-09-24T01:53:31","slug":"iguazu-ya-tiene-sus-primeros-egresados-en-pediatria","status":"publish","type":"post","link":"https:\/\/cvinoticias.com\/v3\/iguazu-ya-tiene-sus-primeros-egresados-en-pediatria\/","title":{"rendered":"Iguaz\u00fa ya tiene sus primeros egresados en Pediatr\u00eda."},"content":{"rendered":"\n<p><strong><em>En la tarde de hoy se realiz\u00f3 el acto de egresados de la primera promoci\u00f3n de residencia en pediatr\u00eda en las instalaciones del Iturem.<\/em><\/strong><\/p>\n\n\n\n<p>Profesionales m\u00e9dicos del hospital local, Marta Schwarz, asistieron a \u00e9ste emotivo acto que en sus inicios tuvo un minuto de silencio en memoria del Dr. Luis Cavagnaro, qui\u00e9n nos dej\u00f3 f\u00edsicamente hace poco tiempo.<\/p>\n\n\n\n<p>La Dra Anal\u00eda Coco y la Directora del hospital, Raquel Matckoski, se dirigieron a los presentes y resaltaron la importancia de \u00e9sta residencia en Iguaz\u00fa y la posibilidad que brinda al hospital de contar con m\u00e1s profesionales en pediatr\u00eda, c\u00f3mo as\u00ed tambi\u00e9n la importancia de las residencias en otras especialidades.<\/p>\n\n\n\n<figure class=\"wp-block-image size-large\"><a href=\"https:\/\/cvinoticias.com\/wp-content\/uploads\/2021\/09\/IMG-20210923-WA0293.jpg\"><img decoding=\"async\" width=\"768\" height=\"1024\" data-src=\"https:\/\/cvinoticias.com\/wp-content\/uploads\/2021\/09\/IMG-20210923-WA0293-768x1024.jpg\" alt=\"\" class=\"wp-image-8808 lazyload\" data-srcset=\"https:\/\/cvinoticias.com\/wp-content\/uploads\/2021\/09\/IMG-20210923-WA0293-768x1024.jpg 768w, https:\/\/cvinoticias.com\/wp-content\/uploads\/2021\/09\/IMG-20210923-WA0293-225x300.jpg 225w, https:\/\/cvinoticias.com\/wp-content\/uploads\/2021\/09\/IMG-20210923-WA0293-1152x1536.jpg 1152w, https:\/\/cvinoticias.com\/wp-content\/uploads\/2021\/09\/IMG-20210923-WA0293.jpg 1200w\" data-sizes=\"(max-width: 768px) 100vw, 768px\" src=\"data:image\/svg+xml;base64,PHN2ZyB3aWR0aD0iMSIgaGVpZ2h0PSIxIiB4bWxucz0iaHR0cDovL3d3dy53My5vcmcvMjAwMC9zdmciPjwvc3ZnPg==\" style=\"--smush-placeholder-width: 768px; --smush-placeholder-aspect-ratio: 768\/1024;\" \/><\/a><\/figure>\n\n\n\n<p>Luciana Borda egresada 2018\/2021 y Nataly Juster, tambi\u00e9n egresada, recibieron sus diplomas correspondiente con mucha emoci\u00f3n, como as\u00ed tambi\u00e9n la doctora Anal\u00eda Cocco qui\u00e9n es docente e instructora de pediatr\u00eda y el Dr. Crist\u00f3bal Vento qui\u00e9n es docente e instructor de la pr\u00e1ctica pre profesional y pos profesional del hospital.<\/p>\n\n\n\n<p>Tambi\u00e9n se cont\u00f3 con la presencia del bioqu\u00edmico Javier Marx, jefe del departamento de docencia e investigaci\u00f3n del hospital.<\/p>\n\n\n\n<p>Adem\u00e1s estuvieron presentes en \u00e9ste emotivo acto concejales de Iguaz\u00fa.<\/p>\n\n\n\n<p>Al finalizar la entrega de diplomas se comparti\u00f3 un agape entre todos los presentes.<\/p>\n\n\n\n<figure class=\"wp-block-image size-large\"><a href=\"https:\/\/cvinoticias.com\/wp-content\/uploads\/2021\/09\/IMG-20210923-WA0277.jpg\"><img decoding=\"async\" width=\"1024\" height=\"768\" data-src=\"https:\/\/cvinoticias.com\/wp-content\/uploads\/2021\/09\/IMG-20210923-WA0277-1024x768.jpg\" alt=\"\" class=\"wp-image-8809 lazyload\" data-srcset=\"https:\/\/cvinoticias.com\/wp-content\/uploads\/2021\/09\/IMG-20210923-WA0277-1024x768.jpg 1024w, https:\/\/cvinoticias.com\/wp-content\/uploads\/2021\/09\/IMG-20210923-WA0277-300x225.jpg 300w, https:\/\/cvinoticias.com\/wp-content\/uploads\/2021\/09\/IMG-20210923-WA0277-768x576.jpg 768w, https:\/\/cvinoticias.com\/wp-content\/uploads\/2021\/09\/IMG-20210923-WA0277-1536x1152.jpg 1536w, https:\/\/cvinoticias.com\/wp-content\/uploads\/2021\/09\/IMG-20210923-WA0277.jpg 1600w\" data-sizes=\"(max-width: 1024px) 100vw, 1024px\" src=\"data:image\/svg+xml;base64,PHN2ZyB3aWR0aD0iMSIgaGVpZ2h0PSIxIiB4bWxucz0iaHR0cDovL3d3dy53My5vcmcvMjAwMC9zdmciPjwvc3ZnPg==\" style=\"--smush-placeholder-width: 1024px; --smush-placeholder-aspect-ratio: 1024\/768;\" \/><\/a><\/figure>\n\n\n\n<figure class=\"wp-block-image size-large\"><a href=\"https:\/\/cvinoticias.com\/wp-content\/uploads\/2021\/09\/IMG-20210923-WA0295.jpg\"><img decoding=\"async\" width=\"1024\" height=\"768\" data-src=\"https:\/\/cvinoticias.com\/wp-content\/uploads\/2021\/09\/IMG-20210923-WA0295-1024x768.jpg\" alt=\"\" class=\"wp-image-8810 lazyload\" data-srcset=\"https:\/\/cvinoticias.com\/wp-content\/uploads\/2021\/09\/IMG-20210923-WA0295-1024x768.jpg 1024w, https:\/\/cvinoticias.com\/wp-content\/uploads\/2021\/09\/IMG-20210923-WA0295-300x225.jpg 300w, https:\/\/cvinoticias.com\/wp-content\/uploads\/2021\/09\/IMG-20210923-WA0295-768x576.jpg 768w, https:\/\/cvinoticias.com\/wp-content\/uploads\/2021\/09\/IMG-20210923-WA0295-1536x1152.jpg 1536w, https:\/\/cvinoticias.com\/wp-content\/uploads\/2021\/09\/IMG-20210923-WA0295.jpg 1600w\" data-sizes=\"(max-width: 1024px) 100vw, 1024px\" src=\"data:image\/svg+xml;base64,PHN2ZyB3aWR0aD0iMSIgaGVpZ2h0PSIxIiB4bWxucz0iaHR0cDovL3d3dy53My5vcmcvMjAwMC9zdmciPjwvc3ZnPg==\" style=\"--smush-placeholder-width: 1024px; --smush-placeholder-aspect-ratio: 1024\/768;\" \/><\/a><\/figure>\n\n\n\n<figure class=\"wp-block-image size-large\"><a href=\"https:\/\/cvinoticias.com\/wp-content\/uploads\/2021\/09\/IMG-20210923-WA0278.jpg\"><img decoding=\"async\" width=\"1024\" height=\"768\" data-src=\"https:\/\/cvinoticias.com\/wp-content\/uploads\/2021\/09\/IMG-20210923-WA0278-1024x768.jpg\" alt=\"\" class=\"wp-image-8811 lazyload\" data-srcset=\"https:\/\/cvinoticias.com\/wp-content\/uploads\/2021\/09\/IMG-20210923-WA0278-1024x768.jpg 1024w, https:\/\/cvinoticias.com\/wp-content\/uploads\/2021\/09\/IMG-20210923-WA0278-300x225.jpg 300w, https:\/\/cvinoticias.com\/wp-content\/uploads\/2021\/09\/IMG-20210923-WA0278-768x576.jpg 768w, https:\/\/cvinoticias.com\/wp-content\/uploads\/2021\/09\/IMG-20210923-WA0278-1536x1152.jpg 1536w, https:\/\/cvinoticias.com\/wp-content\/uploads\/2021\/09\/IMG-20210923-WA0278.jpg 1600w\" data-sizes=\"(max-width: 1024px) 100vw, 1024px\" src=\"data:image\/svg+xml;base64,PHN2ZyB3aWR0aD0iMSIgaGVpZ2h0PSIxIiB4bWxucz0iaHR0cDovL3d3dy53My5vcmcvMjAwMC9zdmciPjwvc3ZnPg==\" style=\"--smush-placeholder-width: 1024px; --smush-placeholder-aspect-ratio: 1024\/768;\" \/><\/a><\/figure>\n","protected":false},"excerpt":{"rendered":"<p>En la tarde de hoy se realiz\u00f3 el acto de egresados de la primera promoci\u00f3n de residencia en pediatr\u00eda en las instalaciones del Iturem. Profesionales m\u00e9dicos del hospital local, Marta Schwarz, asistieron a \u00e9ste emotivo acto que en sus inicios tuvo un minuto de silencio en memoria del Dr. Luis Cavagnaro, qui\u00e9n nos dej\u00f3 f\u00edsicamente [&hellip;]<\/p>\n","protected":false},"author":2,"featured_media":8812,"comment_status":"open","ping_status":"open","sticky":false,"template":"","format":"standard","meta":{"footnotes":""},"categories":[22],"tags":[],"class_list":["post-8807","post","type-post","status-publish","format-standard","has-post-thumbnail","hentry","category-salud"],"yoast_head":"<!-- This site is optimized with the Yoast SEO plugin v27.4 - https:\/\/yoast.com\/product\/yoast-seo-wordpress\/ -->\n<title>Iguaz\u00fa ya tiene sus primeros egresados en Pediatr\u00eda. | CVI NOTICIAS<\/title>\n<meta name=\"robots\" content=\"index, follow, max-snippet:-1, max-image-preview:large, max-video-preview:-1\" \/>\n<link rel=\"canonical\" href=\"https:\/\/cvinoticias.com\/v3\/iguazu-ya-tiene-sus-primeros-egresados-en-pediatria\/\" \/>\n<meta property=\"og:locale\" content=\"es_ES\" \/>\n<meta property=\"og:type\" content=\"article\" \/>\n<meta property=\"og:title\" content=\"Iguaz\u00fa ya tiene sus primeros egresados en Pediatr\u00eda. | CVI NOTICIAS\" \/>\n<meta property=\"og:description\" content=\"En la tarde de hoy se realiz\u00f3 el acto de egresados de la primera promoci\u00f3n de residencia en pediatr\u00eda en las instalaciones del Iturem. Profesionales m\u00e9dicos del hospital local, Marta Schwarz, asistieron a \u00e9ste emotivo acto que en sus inicios tuvo un minuto de silencio en memoria del Dr. Luis Cavagnaro, qui\u00e9n nos dej\u00f3 f\u00edsicamente [&hellip;]\" \/>\n<meta property=\"og:url\" content=\"https:\/\/cvinoticias.com\/v3\/iguazu-ya-tiene-sus-primeros-egresados-en-pediatria\/\" \/>\n<meta property=\"og:site_name\" content=\"CVI NOTICIAS\" \/>\n<meta property=\"article:publisher\" content=\"https:\/\/www.facebook.com\/cvinoticias\" \/>\n<meta property=\"article:published_time\" content=\"2021-09-24T01:53:31+00:00\" \/>\n<meta property=\"og:image\" content=\"https:\/\/cvinoticias.com\/wp-content\/uploads\/2021\/09\/IMG-20210923-WA0292.jpg\" \/>\n\t<meta property=\"og:image:width\" content=\"1200\" \/>\n\t<meta property=\"og:image:height\" content=\"1600\" \/>\n\t<meta property=\"og:image:type\" content=\"image\/jpeg\" \/>\n<meta name=\"author\" content=\"f1000024\" \/>\n<meta name=\"twitter:card\" content=\"summary_large_image\" \/>\n<meta name=\"twitter:label1\" content=\"Escrito por\" \/>\n\t<meta name=\"twitter:data1\" content=\"f1000024\" \/>\n\t<meta name=\"twitter:label2\" content=\"Tiempo de lectura\" \/>\n\t<meta name=\"twitter:data2\" content=\"1 minuto\" \/>\n<script type=\"application\/ld+json\" class=\"yoast-schema-graph\">{\"@context\":\"https:\\\/\\\/schema.org\",\"@graph\":[{\"@type\":\"Article\",\"@id\":\"https:\\\/\\\/cvinoticias.com\\\/v3\\\/iguazu-ya-tiene-sus-primeros-egresados-en-pediatria\\\/#article\",\"isPartOf\":{\"@id\":\"https:\\\/\\\/cvinoticias.com\\\/v3\\\/iguazu-ya-tiene-sus-primeros-egresados-en-pediatria\\\/\"},\"author\":{\"name\":\"f1000024\",\"@id\":\"https:\\\/\\\/cvinoticias.com\\\/v3\\\/#\\\/schema\\\/person\\\/2db77e3c6bc03c538495d7b2b8be9b66\"},\"headline\":\"Iguaz\u00fa ya tiene sus primeros egresados en Pediatr\u00eda.\",\"datePublished\":\"2021-09-24T01:53:31+00:00\",\"mainEntityOfPage\":{\"@id\":\"https:\\\/\\\/cvinoticias.com\\\/v3\\\/iguazu-ya-tiene-sus-primeros-egresados-en-pediatria\\\/\"},\"wordCount\":232,\"commentCount\":0,\"publisher\":{\"@id\":\"https:\\\/\\\/cvinoticias.com\\\/v3\\\/#organization\"},\"image\":{\"@id\":\"https:\\\/\\\/cvinoticias.com\\\/v3\\\/iguazu-ya-tiene-sus-primeros-egresados-en-pediatria\\\/#primaryimage\"},\"thumbnailUrl\":\"https:\\\/\\\/cvinoticias.com\\\/wp-content\\\/uploads\\\/2021\\\/09\\\/IMG-20210923-WA0292.jpg\",\"articleSection\":[\"Salud\"],\"inLanguage\":\"es\",\"potentialAction\":[{\"@type\":\"CommentAction\",\"name\":\"Comment\",\"target\":[\"https:\\\/\\\/cvinoticias.com\\\/v3\\\/iguazu-ya-tiene-sus-primeros-egresados-en-pediatria\\\/#respond\"]}]},{\"@type\":\"WebPage\",\"@id\":\"https:\\\/\\\/cvinoticias.com\\\/v3\\\/iguazu-ya-tiene-sus-primeros-egresados-en-pediatria\\\/\",\"url\":\"https:\\\/\\\/cvinoticias.com\\\/v3\\\/iguazu-ya-tiene-sus-primeros-egresados-en-pediatria\\\/\",\"name\":\"Iguaz\u00fa ya tiene sus primeros egresados en Pediatr\u00eda. | CVI NOTICIAS\",\"isPartOf\":{\"@id\":\"https:\\\/\\\/cvinoticias.com\\\/v3\\\/#website\"},\"primaryImageOfPage\":{\"@id\":\"https:\\\/\\\/cvinoticias.com\\\/v3\\\/iguazu-ya-tiene-sus-primeros-egresados-en-pediatria\\\/#primaryimage\"},\"image\":{\"@id\":\"https:\\\/\\\/cvinoticias.com\\\/v3\\\/iguazu-ya-tiene-sus-primeros-egresados-en-pediatria\\\/#primaryimage\"},\"thumbnailUrl\":\"https:\\\/\\\/cvinoticias.com\\\/wp-content\\\/uploads\\\/2021\\\/09\\\/IMG-20210923-WA0292.jpg\",\"datePublished\":\"2021-09-24T01:53:31+00:00\",\"breadcrumb\":{\"@id\":\"https:\\\/\\\/cvinoticias.com\\\/v3\\\/iguazu-ya-tiene-sus-primeros-egresados-en-pediatria\\\/#breadcrumb\"},\"inLanguage\":\"es\",\"potentialAction\":[{\"@type\":\"ReadAction\",\"target\":[\"https:\\\/\\\/cvinoticias.com\\\/v3\\\/iguazu-ya-tiene-sus-primeros-egresados-en-pediatria\\\/\"]}]},{\"@type\":\"ImageObject\",\"inLanguage\":\"es\",\"@id\":\"https:\\\/\\\/cvinoticias.com\\\/v3\\\/iguazu-ya-tiene-sus-primeros-egresados-en-pediatria\\\/#primaryimage\",\"url\":\"https:\\\/\\\/cvinoticias.com\\\/wp-content\\\/uploads\\\/2021\\\/09\\\/IMG-20210923-WA0292.jpg\",\"contentUrl\":\"https:\\\/\\\/cvinoticias.com\\\/wp-content\\\/uploads\\\/2021\\\/09\\\/IMG-20210923-WA0292.jpg\",\"width\":1200,\"height\":1600},{\"@type\":\"BreadcrumbList\",\"@id\":\"https:\\\/\\\/cvinoticias.com\\\/v3\\\/iguazu-ya-tiene-sus-primeros-egresados-en-pediatria\\\/#breadcrumb\",\"itemListElement\":[{\"@type\":\"ListItem\",\"position\":1,\"name\":\"Portada\",\"item\":\"https:\\\/\\\/cvinoticias.com\\\/v3\\\/\"},{\"@type\":\"ListItem\",\"position\":2,\"name\":\"Iguaz\u00fa ya tiene sus primeros egresados en Pediatr\u00eda.\"}]},{\"@type\":\"WebSite\",\"@id\":\"https:\\\/\\\/cvinoticias.com\\\/v3\\\/#website\",\"url\":\"https:\\\/\\\/cvinoticias.com\\\/v3\\\/\",\"name\":\"CVI NOTICIAS\",\"description\":\"\",\"publisher\":{\"@id\":\"https:\\\/\\\/cvinoticias.com\\\/v3\\\/#organization\"},\"alternateName\":\"CVI\",\"potentialAction\":[{\"@type\":\"SearchAction\",\"target\":{\"@type\":\"EntryPoint\",\"urlTemplate\":\"https:\\\/\\\/cvinoticias.com\\\/v3\\\/?s={search_term_string}\"},\"query-input\":{\"@type\":\"PropertyValueSpecification\",\"valueRequired\":true,\"valueName\":\"search_term_string\"}}],\"inLanguage\":\"es\"},{\"@type\":\"Organization\",\"@id\":\"https:\\\/\\\/cvinoticias.com\\\/v3\\\/#organization\",\"name\":\"CVI NOTICIAS\",\"url\":\"https:\\\/\\\/cvinoticias.com\\\/v3\\\/\",\"logo\":{\"@type\":\"ImageObject\",\"inLanguage\":\"es\",\"@id\":\"https:\\\/\\\/cvinoticias.com\\\/v3\\\/#\\\/schema\\\/logo\\\/image\\\/\",\"url\":\"https:\\\/\\\/cvinoticias.com\\\/wp-content\\\/uploads\\\/2023\\\/04\\\/cropped-cropped-cropped-cropped-cropped-3-1.png\",\"contentUrl\":\"https:\\\/\\\/cvinoticias.com\\\/wp-content\\\/uploads\\\/2023\\\/04\\\/cropped-cropped-cropped-cropped-cropped-3-1.png\",\"width\":95,\"height\":122,\"caption\":\"CVI NOTICIAS\"},\"image\":{\"@id\":\"https:\\\/\\\/cvinoticias.com\\\/v3\\\/#\\\/schema\\\/logo\\\/image\\\/\"},\"sameAs\":[\"https:\\\/\\\/www.facebook.com\\\/cvinoticias\",\"https:\\\/\\\/www.instagram.com\\\/cvinoticias\\\/\",\"https:\\\/\\\/www.youtube.com\\\/@CVINOTICIAS\"]},{\"@type\":\"Person\",\"@id\":\"https:\\\/\\\/cvinoticias.com\\\/v3\\\/#\\\/schema\\\/person\\\/2db77e3c6bc03c538495d7b2b8be9b66\",\"name\":\"f1000024\",\"image\":{\"@type\":\"ImageObject\",\"inLanguage\":\"es\",\"@id\":\"https:\\\/\\\/secure.gravatar.com\\\/avatar\\\/d4fe7459cfc51ff5129ce1a732bbef5928568b8092d412ef95611616376bbeed?s=96&d=mm&r=g\",\"url\":\"https:\\\/\\\/secure.gravatar.com\\\/avatar\\\/d4fe7459cfc51ff5129ce1a732bbef5928568b8092d412ef95611616376bbeed?s=96&d=mm&r=g\",\"contentUrl\":\"https:\\\/\\\/secure.gravatar.com\\\/avatar\\\/d4fe7459cfc51ff5129ce1a732bbef5928568b8092d412ef95611616376bbeed?s=96&d=mm&r=g\",\"caption\":\"f1000024\"},\"url\":\"https:\\\/\\\/cvinoticias.com\\\/v3\\\/author\\\/f1000024\\\/\"}]}<\/script>\n<!-- \/ Yoast SEO plugin. -->","yoast_head_json":{"title":"Iguaz\u00fa ya tiene sus primeros egresados en Pediatr\u00eda. | CVI NOTICIAS","robots":{"index":"index","follow":"follow","max-snippet":"max-snippet:-1","max-image-preview":"max-image-preview:large","max-video-preview":"max-video-preview:-1"},"canonical":"https:\/\/cvinoticias.com\/v3\/iguazu-ya-tiene-sus-primeros-egresados-en-pediatria\/","og_locale":"es_ES","og_type":"article","og_title":"Iguaz\u00fa ya tiene sus primeros egresados en Pediatr\u00eda. | CVI NOTICIAS","og_description":"En la tarde de hoy se realiz\u00f3 el acto de egresados de la primera promoci\u00f3n de residencia en pediatr\u00eda en las instalaciones del Iturem. Profesionales m\u00e9dicos del hospital local, Marta Schwarz, asistieron a \u00e9ste emotivo acto que en sus inicios tuvo un minuto de silencio en memoria del Dr. Luis Cavagnaro, qui\u00e9n nos dej\u00f3 f\u00edsicamente [&hellip;]","og_url":"https:\/\/cvinoticias.com\/v3\/iguazu-ya-tiene-sus-primeros-egresados-en-pediatria\/","og_site_name":"CVI NOTICIAS","article_publisher":"https:\/\/www.facebook.com\/cvinoticias","article_published_time":"2021-09-24T01:53:31+00:00","og_image":[{"width":1200,"height":1600,"url":"https:\/\/cvinoticias.com\/wp-content\/uploads\/2021\/09\/IMG-20210923-WA0292.jpg","type":"image\/jpeg"}],"author":"f1000024","twitter_card":"summary_large_image","twitter_misc":{"Escrito por":"f1000024","Tiempo de lectura":"1 minuto"},"schema":{"@context":"https:\/\/schema.org","@graph":[{"@type":"Article","@id":"https:\/\/cvinoticias.com\/v3\/iguazu-ya-tiene-sus-primeros-egresados-en-pediatria\/#article","isPartOf":{"@id":"https:\/\/cvinoticias.com\/v3\/iguazu-ya-tiene-sus-primeros-egresados-en-pediatria\/"},"author":{"name":"f1000024","@id":"https:\/\/cvinoticias.com\/v3\/#\/schema\/person\/2db77e3c6bc03c538495d7b2b8be9b66"},"headline":"Iguaz\u00fa ya tiene sus primeros egresados en Pediatr\u00eda.","datePublished":"2021-09-24T01:53:31+00:00","mainEntityOfPage":{"@id":"https:\/\/cvinoticias.com\/v3\/iguazu-ya-tiene-sus-primeros-egresados-en-pediatria\/"},"wordCount":232,"commentCount":0,"publisher":{"@id":"https:\/\/cvinoticias.com\/v3\/#organization"},"image":{"@id":"https:\/\/cvinoticias.com\/v3\/iguazu-ya-tiene-sus-primeros-egresados-en-pediatria\/#primaryimage"},"thumbnailUrl":"https:\/\/cvinoticias.com\/wp-content\/uploads\/2021\/09\/IMG-20210923-WA0292.jpg","articleSection":["Salud"],"inLanguage":"es","potentialAction":[{"@type":"CommentAction","name":"Comment","target":["https:\/\/cvinoticias.com\/v3\/iguazu-ya-tiene-sus-primeros-egresados-en-pediatria\/#respond"]}]},{"@type":"WebPage","@id":"https:\/\/cvinoticias.com\/v3\/iguazu-ya-tiene-sus-primeros-egresados-en-pediatria\/","url":"https:\/\/cvinoticias.com\/v3\/iguazu-ya-tiene-sus-primeros-egresados-en-pediatria\/","name":"Iguaz\u00fa ya tiene sus primeros egresados en Pediatr\u00eda. | CVI NOTICIAS","isPartOf":{"@id":"https:\/\/cvinoticias.com\/v3\/#website"},"primaryImageOfPage":{"@id":"https:\/\/cvinoticias.com\/v3\/iguazu-ya-tiene-sus-primeros-egresados-en-pediatria\/#primaryimage"},"image":{"@id":"https:\/\/cvinoticias.com\/v3\/iguazu-ya-tiene-sus-primeros-egresados-en-pediatria\/#primaryimage"},"thumbnailUrl":"https:\/\/cvinoticias.com\/wp-content\/uploads\/2021\/09\/IMG-20210923-WA0292.jpg","datePublished":"2021-09-24T01:53:31+00:00","breadcrumb":{"@id":"https:\/\/cvinoticias.com\/v3\/iguazu-ya-tiene-sus-primeros-egresados-en-pediatria\/#breadcrumb"},"inLanguage":"es","potentialAction":[{"@type":"ReadAction","target":["https:\/\/cvinoticias.com\/v3\/iguazu-ya-tiene-sus-primeros-egresados-en-pediatria\/"]}]},{"@type":"ImageObject","inLanguage":"es","@id":"https:\/\/cvinoticias.com\/v3\/iguazu-ya-tiene-sus-primeros-egresados-en-pediatria\/#primaryimage","url":"https:\/\/cvinoticias.com\/wp-content\/uploads\/2021\/09\/IMG-20210923-WA0292.jpg","contentUrl":"https:\/\/cvinoticias.com\/wp-content\/uploads\/2021\/09\/IMG-20210923-WA0292.jpg","width":1200,"height":1600},{"@type":"BreadcrumbList","@id":"https:\/\/cvinoticias.com\/v3\/iguazu-ya-tiene-sus-primeros-egresados-en-pediatria\/#breadcrumb","itemListElement":[{"@type":"ListItem","position":1,"name":"Portada","item":"https:\/\/cvinoticias.com\/v3\/"},{"@type":"ListItem","position":2,"name":"Iguaz\u00fa ya tiene sus primeros egresados en Pediatr\u00eda."}]},{"@type":"WebSite","@id":"https:\/\/cvinoticias.com\/v3\/#website","url":"https:\/\/cvinoticias.com\/v3\/","name":"CVI NOTICIAS","description":"","publisher":{"@id":"https:\/\/cvinoticias.com\/v3\/#organization"},"alternateName":"CVI","potentialAction":[{"@type":"SearchAction","target":{"@type":"EntryPoint","urlTemplate":"https:\/\/cvinoticias.com\/v3\/?s={search_term_string}"},"query-input":{"@type":"PropertyValueSpecification","valueRequired":true,"valueName":"search_term_string"}}],"inLanguage":"es"},{"@type":"Organization","@id":"https:\/\/cvinoticias.com\/v3\/#organization","name":"CVI NOTICIAS","url":"https:\/\/cvinoticias.com\/v3\/","logo":{"@type":"ImageObject","inLanguage":"es","@id":"https:\/\/cvinoticias.com\/v3\/#\/schema\/logo\/image\/","url":"https:\/\/cvinoticias.com\/wp-content\/uploads\/2023\/04\/cropped-cropped-cropped-cropped-cropped-3-1.png","contentUrl":"https:\/\/cvinoticias.com\/wp-content\/uploads\/2023\/04\/cropped-cropped-cropped-cropped-cropped-3-1.png","width":95,"height":122,"caption":"CVI NOTICIAS"},"image":{"@id":"https:\/\/cvinoticias.com\/v3\/#\/schema\/logo\/image\/"},"sameAs":["https:\/\/www.facebook.com\/cvinoticias","https:\/\/www.instagram.com\/cvinoticias\/","https:\/\/www.youtube.com\/@CVINOTICIAS"]},{"@type":"Person","@id":"https:\/\/cvinoticias.com\/v3\/#\/schema\/person\/2db77e3c6bc03c538495d7b2b8be9b66","name":"f1000024","image":{"@type":"ImageObject","inLanguage":"es","@id":"https:\/\/secure.gravatar.com\/avatar\/d4fe7459cfc51ff5129ce1a732bbef5928568b8092d412ef95611616376bbeed?s=96&d=mm&r=g","url":"https:\/\/secure.gravatar.com\/avatar\/d4fe7459cfc51ff5129ce1a732bbef5928568b8092d412ef95611616376bbeed?s=96&d=mm&r=g","contentUrl":"https:\/\/secure.gravatar.com\/avatar\/d4fe7459cfc51ff5129ce1a732bbef5928568b8092d412ef95611616376bbeed?s=96&d=mm&r=g","caption":"f1000024"},"url":"https:\/\/cvinoticias.com\/v3\/author\/f1000024\/"}]}},"_links":{"self":[{"href":"https:\/\/cvinoticias.com\/v3\/wp-json\/wp\/v2\/posts\/8807","targetHints":{"allow":["GET"]}}],"collection":[{"href":"https:\/\/cvinoticias.com\/v3\/wp-json\/wp\/v2\/posts"}],"about":[{"href":"https:\/\/cvinoticias.com\/v3\/wp-json\/wp\/v2\/types\/post"}],"author":[{"embeddable":true,"href":"https:\/\/cvinoticias.com\/v3\/wp-json\/wp\/v2\/users\/2"}],"replies":[{"embeddable":true,"href":"https:\/\/cvinoticias.com\/v3\/wp-json\/wp\/v2\/comments?post=8807"}],"version-history":[{"count":1,"href":"https:\/\/cvinoticias.com\/v3\/wp-json\/wp\/v2\/posts\/8807\/revisions"}],"predecessor-version":[{"id":8813,"href":"https:\/\/cvinoticias.com\/v3\/wp-json\/wp\/v2\/posts\/8807\/revisions\/8813"}],"wp:featuredmedia":[{"embeddable":true,"href":"https:\/\/cvinoticias.com\/v3\/wp-json\/wp\/v2\/media\/8812"}],"wp:attachment":[{"href":"https:\/\/cvinoticias.com\/v3\/wp-json\/wp\/v2\/media?parent=8807"}],"wp:term":[{"taxonomy":"category","embeddable":true,"href":"https:\/\/cvinoticias.com\/v3\/wp-json\/wp\/v2\/categories?post=8807"},{"taxonomy":"post_tag","embeddable":true,"href":"https:\/\/cvinoticias.com\/v3\/wp-json\/wp\/v2\/tags?post=8807"}],"curies":[{"name":"wp","href":"https:\/\/api.w.org\/{rel}","templated":true}]}}