{"id":8788,"date":"2021-09-23T12:35:53","date_gmt":"2021-09-23T12:35:53","guid":{"rendered":"https:\/\/cvinoticias.com\/v3\/?p=8788"},"modified":"2021-09-23T12:35:53","modified_gmt":"2021-09-23T12:35:53","slug":"el-parque-nacional-iguazu-no-tendra-aforo-a-partir-de-octubre","status":"publish","type":"post","link":"https:\/\/cvinoticias.com\/v3\/el-parque-nacional-iguazu-no-tendra-aforo-a-partir-de-octubre\/","title":{"rendered":"El Parque Nacional Iguaz\u00fa no tendr\u00e1 aforo a partir de octubre"},"content":{"rendered":"\n<p><em><strong>As\u00ed lo comunic\u00f3 Juan Cabandi\u00e9, ministro de Ambiente y Desarrollo Sostenible.&nbsp;La reapertura incluye el cese de las restricciones por cupo de las \u00e1reas protegidas de la Administraci\u00f3n de Parques Nacionales, en sinton\u00eda con lo anunciado por el gobierno nacional<\/strong><\/em><\/p>\n\n\n\n<p>El ministro de Ambiente y Desarrollo Sostenible, Juan Cabandi\u00e9, anunci\u00f3 este mi\u00e9rcoles la reapertura de todos los parques nacionales a partir del 1ro. de octubre y dijo sentirse \u201cmuy feliz\u201d porque estar\u00e1n abiertos \u201csin cupos ni aforos\u201d.<br><br>En un acto transmitido por redes sociales, el funcionario se conect\u00f3 desde el Parque Nacional Ciervo de los Pantanos, provincia de Buenos Aires, y agreg\u00f3 que, de este modo, \u201ctodos y todas podremos disfrutar de las incomparables bellezas de estas \u00e1reas protegidas sin las limitaciones temporales a las que nos vimos obligados por la pandemia\u201d de coronavirus.<br><br>Cabandi\u00e9 tambi\u00e9n dijo que se extiende la propuesta de la Semana de la Juventud en Parques Nacionales \u201cdebido al enorme \u00e9xito que tuvieron las dos ediciones anteriores\u201d. De este modo, las y los j\u00f3venes de entre 16 y 29 a\u00f1os inclusive acceder\u00e1n sin costo a todos los parques nacionales del pa\u00eds entre el 8 y el 15 de octubre.<br><br>La reapertura incluye el cese de las restricciones por cupo y aforo de las \u00e1reas protegidas de la Administraci\u00f3n de Parques Nacionales a partir del 1 de octubre, en sinton\u00eda con lo anunciado por el gobierno nacional en relaci\u00f3n a la flexibilizaci\u00f3n de medidas sanitarias de prevenci\u00f3n dispuestas a partir de la pandemia por coronavirus.<br><br>A pesar de ello, tambi\u00e9n se record\u00f3 -a trav\u00e9s de un comunicado de prensa emitido por el Ministerio de Ambiente- que se mantienen vigentes las medidas de cuidados generales como distancia entre filas de visitantes y la provisi\u00f3n de alcohol en gel.<\/p>\n","protected":false},"excerpt":{"rendered":"<p>As\u00ed lo comunic\u00f3 Juan Cabandi\u00e9, ministro de Ambiente y Desarrollo Sostenible.&nbsp;La reapertura incluye el cese de las restricciones por cupo de las \u00e1reas protegidas de la Administraci\u00f3n de Parques Nacionales, en sinton\u00eda con lo anunciado por el gobierno nacional El ministro de Ambiente y Desarrollo Sostenible, Juan Cabandi\u00e9, anunci\u00f3 este mi\u00e9rcoles la reapertura de todos [&hellip;]<\/p>\n","protected":false},"author":2,"featured_media":8789,"comment_status":"open","ping_status":"open","sticky":false,"template":"","format":"standard","meta":{"footnotes":""},"categories":[50],"tags":[],"class_list":["post-8788","post","type-post","status-publish","format-standard","has-post-thumbnail","hentry","category-turismo"],"yoast_head":"<!-- This site is optimized with the Yoast SEO plugin v27.4 - https:\/\/yoast.com\/product\/yoast-seo-wordpress\/ -->\n<title>El Parque Nacional Iguaz\u00fa no tendr\u00e1 aforo a partir de octubre | CVI NOTICIAS<\/title>\n<meta name=\"robots\" content=\"index, follow, max-snippet:-1, max-image-preview:large, max-video-preview:-1\" \/>\n<link rel=\"canonical\" href=\"https:\/\/cvinoticias.com\/v3\/el-parque-nacional-iguazu-no-tendra-aforo-a-partir-de-octubre\/\" \/>\n<meta property=\"og:locale\" content=\"es_ES\" \/>\n<meta property=\"og:type\" content=\"article\" \/>\n<meta property=\"og:title\" content=\"El Parque Nacional Iguaz\u00fa no tendr\u00e1 aforo a partir de octubre | CVI NOTICIAS\" \/>\n<meta property=\"og:description\" content=\"As\u00ed lo comunic\u00f3 Juan Cabandi\u00e9, ministro de Ambiente y Desarrollo Sostenible.&nbsp;La reapertura incluye el cese de las restricciones por cupo de las \u00e1reas protegidas de la Administraci\u00f3n de Parques Nacionales, en sinton\u00eda con lo anunciado por el gobierno nacional El ministro de Ambiente y Desarrollo Sostenible, Juan Cabandi\u00e9, anunci\u00f3 este mi\u00e9rcoles la reapertura de todos [&hellip;]\" \/>\n<meta property=\"og:url\" content=\"https:\/\/cvinoticias.com\/v3\/el-parque-nacional-iguazu-no-tendra-aforo-a-partir-de-octubre\/\" \/>\n<meta property=\"og:site_name\" content=\"CVI NOTICIAS\" \/>\n<meta property=\"article:publisher\" content=\"https:\/\/www.facebook.com\/cvinoticias\" \/>\n<meta property=\"article:published_time\" content=\"2021-09-23T12:35:53+00:00\" \/>\n<meta property=\"og:image\" content=\"https:\/\/cvinoticias.com\/wp-content\/uploads\/2021\/09\/e08057293164b5e7cb4dd1fb85b5345e.jpg\" \/>\n\t<meta property=\"og:image:width\" content=\"1859\" \/>\n\t<meta property=\"og:image:height\" content=\"1123\" \/>\n\t<meta property=\"og:image:type\" content=\"image\/jpeg\" \/>\n<meta name=\"author\" content=\"f1000024\" \/>\n<meta name=\"twitter:card\" content=\"summary_large_image\" \/>\n<meta name=\"twitter:label1\" content=\"Escrito por\" \/>\n\t<meta name=\"twitter:data1\" content=\"f1000024\" \/>\n\t<meta name=\"twitter:label2\" content=\"Tiempo de lectura\" \/>\n\t<meta name=\"twitter:data2\" content=\"2 minutos\" \/>\n<script type=\"application\/ld+json\" class=\"yoast-schema-graph\">{\"@context\":\"https:\\\/\\\/schema.org\",\"@graph\":[{\"@type\":\"Article\",\"@id\":\"https:\\\/\\\/cvinoticias.com\\\/v3\\\/el-parque-nacional-iguazu-no-tendra-aforo-a-partir-de-octubre\\\/#article\",\"isPartOf\":{\"@id\":\"https:\\\/\\\/cvinoticias.com\\\/v3\\\/el-parque-nacional-iguazu-no-tendra-aforo-a-partir-de-octubre\\\/\"},\"author\":{\"name\":\"f1000024\",\"@id\":\"https:\\\/\\\/cvinoticias.com\\\/v3\\\/#\\\/schema\\\/person\\\/2db77e3c6bc03c538495d7b2b8be9b66\"},\"headline\":\"El Parque Nacional Iguaz\u00fa no tendr\u00e1 aforo a partir de octubre\",\"datePublished\":\"2021-09-23T12:35:53+00:00\",\"mainEntityOfPage\":{\"@id\":\"https:\\\/\\\/cvinoticias.com\\\/v3\\\/el-parque-nacional-iguazu-no-tendra-aforo-a-partir-de-octubre\\\/\"},\"wordCount\":314,\"commentCount\":0,\"publisher\":{\"@id\":\"https:\\\/\\\/cvinoticias.com\\\/v3\\\/#organization\"},\"image\":{\"@id\":\"https:\\\/\\\/cvinoticias.com\\\/v3\\\/el-parque-nacional-iguazu-no-tendra-aforo-a-partir-de-octubre\\\/#primaryimage\"},\"thumbnailUrl\":\"https:\\\/\\\/cvinoticias.com\\\/wp-content\\\/uploads\\\/2021\\\/09\\\/e08057293164b5e7cb4dd1fb85b5345e.jpg\",\"articleSection\":[\"Turismo\"],\"inLanguage\":\"es\",\"potentialAction\":[{\"@type\":\"CommentAction\",\"name\":\"Comment\",\"target\":[\"https:\\\/\\\/cvinoticias.com\\\/v3\\\/el-parque-nacional-iguazu-no-tendra-aforo-a-partir-de-octubre\\\/#respond\"]}]},{\"@type\":\"WebPage\",\"@id\":\"https:\\\/\\\/cvinoticias.com\\\/v3\\\/el-parque-nacional-iguazu-no-tendra-aforo-a-partir-de-octubre\\\/\",\"url\":\"https:\\\/\\\/cvinoticias.com\\\/v3\\\/el-parque-nacional-iguazu-no-tendra-aforo-a-partir-de-octubre\\\/\",\"name\":\"El Parque Nacional Iguaz\u00fa no tendr\u00e1 aforo a partir de octubre | CVI NOTICIAS\",\"isPartOf\":{\"@id\":\"https:\\\/\\\/cvinoticias.com\\\/v3\\\/#website\"},\"primaryImageOfPage\":{\"@id\":\"https:\\\/\\\/cvinoticias.com\\\/v3\\\/el-parque-nacional-iguazu-no-tendra-aforo-a-partir-de-octubre\\\/#primaryimage\"},\"image\":{\"@id\":\"https:\\\/\\\/cvinoticias.com\\\/v3\\\/el-parque-nacional-iguazu-no-tendra-aforo-a-partir-de-octubre\\\/#primaryimage\"},\"thumbnailUrl\":\"https:\\\/\\\/cvinoticias.com\\\/wp-content\\\/uploads\\\/2021\\\/09\\\/e08057293164b5e7cb4dd1fb85b5345e.jpg\",\"datePublished\":\"2021-09-23T12:35:53+00:00\",\"breadcrumb\":{\"@id\":\"https:\\\/\\\/cvinoticias.com\\\/v3\\\/el-parque-nacional-iguazu-no-tendra-aforo-a-partir-de-octubre\\\/#breadcrumb\"},\"inLanguage\":\"es\",\"potentialAction\":[{\"@type\":\"ReadAction\",\"target\":[\"https:\\\/\\\/cvinoticias.com\\\/v3\\\/el-parque-nacional-iguazu-no-tendra-aforo-a-partir-de-octubre\\\/\"]}]},{\"@type\":\"ImageObject\",\"inLanguage\":\"es\",\"@id\":\"https:\\\/\\\/cvinoticias.com\\\/v3\\\/el-parque-nacional-iguazu-no-tendra-aforo-a-partir-de-octubre\\\/#primaryimage\",\"url\":\"https:\\\/\\\/cvinoticias.com\\\/wp-content\\\/uploads\\\/2021\\\/09\\\/e08057293164b5e7cb4dd1fb85b5345e.jpg\",\"contentUrl\":\"https:\\\/\\\/cvinoticias.com\\\/wp-content\\\/uploads\\\/2021\\\/09\\\/e08057293164b5e7cb4dd1fb85b5345e.jpg\",\"width\":1859,\"height\":1123},{\"@type\":\"BreadcrumbList\",\"@id\":\"https:\\\/\\\/cvinoticias.com\\\/v3\\\/el-parque-nacional-iguazu-no-tendra-aforo-a-partir-de-octubre\\\/#breadcrumb\",\"itemListElement\":[{\"@type\":\"ListItem\",\"position\":1,\"name\":\"Portada\",\"item\":\"https:\\\/\\\/cvinoticias.com\\\/v3\\\/\"},{\"@type\":\"ListItem\",\"position\":2,\"name\":\"El Parque Nacional Iguaz\u00fa no tendr\u00e1 aforo a partir de octubre\"}]},{\"@type\":\"WebSite\",\"@id\":\"https:\\\/\\\/cvinoticias.com\\\/v3\\\/#website\",\"url\":\"https:\\\/\\\/cvinoticias.com\\\/v3\\\/\",\"name\":\"CVI NOTICIAS\",\"description\":\"\",\"publisher\":{\"@id\":\"https:\\\/\\\/cvinoticias.com\\\/v3\\\/#organization\"},\"alternateName\":\"CVI\",\"potentialAction\":[{\"@type\":\"SearchAction\",\"target\":{\"@type\":\"EntryPoint\",\"urlTemplate\":\"https:\\\/\\\/cvinoticias.com\\\/v3\\\/?s={search_term_string}\"},\"query-input\":{\"@type\":\"PropertyValueSpecification\",\"valueRequired\":true,\"valueName\":\"search_term_string\"}}],\"inLanguage\":\"es\"},{\"@type\":\"Organization\",\"@id\":\"https:\\\/\\\/cvinoticias.com\\\/v3\\\/#organization\",\"name\":\"CVI NOTICIAS\",\"url\":\"https:\\\/\\\/cvinoticias.com\\\/v3\\\/\",\"logo\":{\"@type\":\"ImageObject\",\"inLanguage\":\"es\",\"@id\":\"https:\\\/\\\/cvinoticias.com\\\/v3\\\/#\\\/schema\\\/logo\\\/image\\\/\",\"url\":\"https:\\\/\\\/cvinoticias.com\\\/wp-content\\\/uploads\\\/2023\\\/04\\\/cropped-cropped-cropped-cropped-cropped-3-1.png\",\"contentUrl\":\"https:\\\/\\\/cvinoticias.com\\\/wp-content\\\/uploads\\\/2023\\\/04\\\/cropped-cropped-cropped-cropped-cropped-3-1.png\",\"width\":95,\"height\":122,\"caption\":\"CVI NOTICIAS\"},\"image\":{\"@id\":\"https:\\\/\\\/cvinoticias.com\\\/v3\\\/#\\\/schema\\\/logo\\\/image\\\/\"},\"sameAs\":[\"https:\\\/\\\/www.facebook.com\\\/cvinoticias\",\"https:\\\/\\\/www.instagram.com\\\/cvinoticias\\\/\",\"https:\\\/\\\/www.youtube.com\\\/@CVINOTICIAS\"]},{\"@type\":\"Person\",\"@id\":\"https:\\\/\\\/cvinoticias.com\\\/v3\\\/#\\\/schema\\\/person\\\/2db77e3c6bc03c538495d7b2b8be9b66\",\"name\":\"f1000024\",\"image\":{\"@type\":\"ImageObject\",\"inLanguage\":\"es\",\"@id\":\"https:\\\/\\\/secure.gravatar.com\\\/avatar\\\/d4fe7459cfc51ff5129ce1a732bbef5928568b8092d412ef95611616376bbeed?s=96&d=mm&r=g\",\"url\":\"https:\\\/\\\/secure.gravatar.com\\\/avatar\\\/d4fe7459cfc51ff5129ce1a732bbef5928568b8092d412ef95611616376bbeed?s=96&d=mm&r=g\",\"contentUrl\":\"https:\\\/\\\/secure.gravatar.com\\\/avatar\\\/d4fe7459cfc51ff5129ce1a732bbef5928568b8092d412ef95611616376bbeed?s=96&d=mm&r=g\",\"caption\":\"f1000024\"},\"url\":\"https:\\\/\\\/cvinoticias.com\\\/v3\\\/author\\\/f1000024\\\/\"}]}<\/script>\n<!-- \/ Yoast SEO plugin. -->","yoast_head_json":{"title":"El Parque Nacional Iguaz\u00fa no tendr\u00e1 aforo a partir de octubre | CVI NOTICIAS","robots":{"index":"index","follow":"follow","max-snippet":"max-snippet:-1","max-image-preview":"max-image-preview:large","max-video-preview":"max-video-preview:-1"},"canonical":"https:\/\/cvinoticias.com\/v3\/el-parque-nacional-iguazu-no-tendra-aforo-a-partir-de-octubre\/","og_locale":"es_ES","og_type":"article","og_title":"El Parque Nacional Iguaz\u00fa no tendr\u00e1 aforo a partir de octubre | CVI NOTICIAS","og_description":"As\u00ed lo comunic\u00f3 Juan Cabandi\u00e9, ministro de Ambiente y Desarrollo Sostenible.&nbsp;La reapertura incluye el cese de las restricciones por cupo de las \u00e1reas protegidas de la Administraci\u00f3n de Parques Nacionales, en sinton\u00eda con lo anunciado por el gobierno nacional El ministro de Ambiente y Desarrollo Sostenible, Juan Cabandi\u00e9, anunci\u00f3 este mi\u00e9rcoles la reapertura de todos [&hellip;]","og_url":"https:\/\/cvinoticias.com\/v3\/el-parque-nacional-iguazu-no-tendra-aforo-a-partir-de-octubre\/","og_site_name":"CVI NOTICIAS","article_publisher":"https:\/\/www.facebook.com\/cvinoticias","article_published_time":"2021-09-23T12:35:53+00:00","og_image":[{"width":1859,"height":1123,"url":"https:\/\/cvinoticias.com\/wp-content\/uploads\/2021\/09\/e08057293164b5e7cb4dd1fb85b5345e.jpg","type":"image\/jpeg"}],"author":"f1000024","twitter_card":"summary_large_image","twitter_misc":{"Escrito por":"f1000024","Tiempo de lectura":"2 minutos"},"schema":{"@context":"https:\/\/schema.org","@graph":[{"@type":"Article","@id":"https:\/\/cvinoticias.com\/v3\/el-parque-nacional-iguazu-no-tendra-aforo-a-partir-de-octubre\/#article","isPartOf":{"@id":"https:\/\/cvinoticias.com\/v3\/el-parque-nacional-iguazu-no-tendra-aforo-a-partir-de-octubre\/"},"author":{"name":"f1000024","@id":"https:\/\/cvinoticias.com\/v3\/#\/schema\/person\/2db77e3c6bc03c538495d7b2b8be9b66"},"headline":"El Parque Nacional Iguaz\u00fa no tendr\u00e1 aforo a partir de octubre","datePublished":"2021-09-23T12:35:53+00:00","mainEntityOfPage":{"@id":"https:\/\/cvinoticias.com\/v3\/el-parque-nacional-iguazu-no-tendra-aforo-a-partir-de-octubre\/"},"wordCount":314,"commentCount":0,"publisher":{"@id":"https:\/\/cvinoticias.com\/v3\/#organization"},"image":{"@id":"https:\/\/cvinoticias.com\/v3\/el-parque-nacional-iguazu-no-tendra-aforo-a-partir-de-octubre\/#primaryimage"},"thumbnailUrl":"https:\/\/cvinoticias.com\/wp-content\/uploads\/2021\/09\/e08057293164b5e7cb4dd1fb85b5345e.jpg","articleSection":["Turismo"],"inLanguage":"es","potentialAction":[{"@type":"CommentAction","name":"Comment","target":["https:\/\/cvinoticias.com\/v3\/el-parque-nacional-iguazu-no-tendra-aforo-a-partir-de-octubre\/#respond"]}]},{"@type":"WebPage","@id":"https:\/\/cvinoticias.com\/v3\/el-parque-nacional-iguazu-no-tendra-aforo-a-partir-de-octubre\/","url":"https:\/\/cvinoticias.com\/v3\/el-parque-nacional-iguazu-no-tendra-aforo-a-partir-de-octubre\/","name":"El Parque Nacional Iguaz\u00fa no tendr\u00e1 aforo a partir de octubre | CVI NOTICIAS","isPartOf":{"@id":"https:\/\/cvinoticias.com\/v3\/#website"},"primaryImageOfPage":{"@id":"https:\/\/cvinoticias.com\/v3\/el-parque-nacional-iguazu-no-tendra-aforo-a-partir-de-octubre\/#primaryimage"},"image":{"@id":"https:\/\/cvinoticias.com\/v3\/el-parque-nacional-iguazu-no-tendra-aforo-a-partir-de-octubre\/#primaryimage"},"thumbnailUrl":"https:\/\/cvinoticias.com\/wp-content\/uploads\/2021\/09\/e08057293164b5e7cb4dd1fb85b5345e.jpg","datePublished":"2021-09-23T12:35:53+00:00","breadcrumb":{"@id":"https:\/\/cvinoticias.com\/v3\/el-parque-nacional-iguazu-no-tendra-aforo-a-partir-de-octubre\/#breadcrumb"},"inLanguage":"es","potentialAction":[{"@type":"ReadAction","target":["https:\/\/cvinoticias.com\/v3\/el-parque-nacional-iguazu-no-tendra-aforo-a-partir-de-octubre\/"]}]},{"@type":"ImageObject","inLanguage":"es","@id":"https:\/\/cvinoticias.com\/v3\/el-parque-nacional-iguazu-no-tendra-aforo-a-partir-de-octubre\/#primaryimage","url":"https:\/\/cvinoticias.com\/wp-content\/uploads\/2021\/09\/e08057293164b5e7cb4dd1fb85b5345e.jpg","contentUrl":"https:\/\/cvinoticias.com\/wp-content\/uploads\/2021\/09\/e08057293164b5e7cb4dd1fb85b5345e.jpg","width":1859,"height":1123},{"@type":"BreadcrumbList","@id":"https:\/\/cvinoticias.com\/v3\/el-parque-nacional-iguazu-no-tendra-aforo-a-partir-de-octubre\/#breadcrumb","itemListElement":[{"@type":"ListItem","position":1,"name":"Portada","item":"https:\/\/cvinoticias.com\/v3\/"},{"@type":"ListItem","position":2,"name":"El Parque Nacional Iguaz\u00fa no tendr\u00e1 aforo a partir de octubre"}]},{"@type":"WebSite","@id":"https:\/\/cvinoticias.com\/v3\/#website","url":"https:\/\/cvinoticias.com\/v3\/","name":"CVI NOTICIAS","description":"","publisher":{"@id":"https:\/\/cvinoticias.com\/v3\/#organization"},"alternateName":"CVI","potentialAction":[{"@type":"SearchAction","target":{"@type":"EntryPoint","urlTemplate":"https:\/\/cvinoticias.com\/v3\/?s={search_term_string}"},"query-input":{"@type":"PropertyValueSpecification","valueRequired":true,"valueName":"search_term_string"}}],"inLanguage":"es"},{"@type":"Organization","@id":"https:\/\/cvinoticias.com\/v3\/#organization","name":"CVI NOTICIAS","url":"https:\/\/cvinoticias.com\/v3\/","logo":{"@type":"ImageObject","inLanguage":"es","@id":"https:\/\/cvinoticias.com\/v3\/#\/schema\/logo\/image\/","url":"https:\/\/cvinoticias.com\/wp-content\/uploads\/2023\/04\/cropped-cropped-cropped-cropped-cropped-3-1.png","contentUrl":"https:\/\/cvinoticias.com\/wp-content\/uploads\/2023\/04\/cropped-cropped-cropped-cropped-cropped-3-1.png","width":95,"height":122,"caption":"CVI NOTICIAS"},"image":{"@id":"https:\/\/cvinoticias.com\/v3\/#\/schema\/logo\/image\/"},"sameAs":["https:\/\/www.facebook.com\/cvinoticias","https:\/\/www.instagram.com\/cvinoticias\/","https:\/\/www.youtube.com\/@CVINOTICIAS"]},{"@type":"Person","@id":"https:\/\/cvinoticias.com\/v3\/#\/schema\/person\/2db77e3c6bc03c538495d7b2b8be9b66","name":"f1000024","image":{"@type":"ImageObject","inLanguage":"es","@id":"https:\/\/secure.gravatar.com\/avatar\/d4fe7459cfc51ff5129ce1a732bbef5928568b8092d412ef95611616376bbeed?s=96&d=mm&r=g","url":"https:\/\/secure.gravatar.com\/avatar\/d4fe7459cfc51ff5129ce1a732bbef5928568b8092d412ef95611616376bbeed?s=96&d=mm&r=g","contentUrl":"https:\/\/secure.gravatar.com\/avatar\/d4fe7459cfc51ff5129ce1a732bbef5928568b8092d412ef95611616376bbeed?s=96&d=mm&r=g","caption":"f1000024"},"url":"https:\/\/cvinoticias.com\/v3\/author\/f1000024\/"}]}},"_links":{"self":[{"href":"https:\/\/cvinoticias.com\/v3\/wp-json\/wp\/v2\/posts\/8788","targetHints":{"allow":["GET"]}}],"collection":[{"href":"https:\/\/cvinoticias.com\/v3\/wp-json\/wp\/v2\/posts"}],"about":[{"href":"https:\/\/cvinoticias.com\/v3\/wp-json\/wp\/v2\/types\/post"}],"author":[{"embeddable":true,"href":"https:\/\/cvinoticias.com\/v3\/wp-json\/wp\/v2\/users\/2"}],"replies":[{"embeddable":true,"href":"https:\/\/cvinoticias.com\/v3\/wp-json\/wp\/v2\/comments?post=8788"}],"version-history":[{"count":1,"href":"https:\/\/cvinoticias.com\/v3\/wp-json\/wp\/v2\/posts\/8788\/revisions"}],"predecessor-version":[{"id":8790,"href":"https:\/\/cvinoticias.com\/v3\/wp-json\/wp\/v2\/posts\/8788\/revisions\/8790"}],"wp:featuredmedia":[{"embeddable":true,"href":"https:\/\/cvinoticias.com\/v3\/wp-json\/wp\/v2\/media\/8789"}],"wp:attachment":[{"href":"https:\/\/cvinoticias.com\/v3\/wp-json\/wp\/v2\/media?parent=8788"}],"wp:term":[{"taxonomy":"category","embeddable":true,"href":"https:\/\/cvinoticias.com\/v3\/wp-json\/wp\/v2\/categories?post=8788"},{"taxonomy":"post_tag","embeddable":true,"href":"https:\/\/cvinoticias.com\/v3\/wp-json\/wp\/v2\/tags?post=8788"}],"curies":[{"name":"wp","href":"https:\/\/api.w.org\/{rel}","templated":true}]}}