{"id":8776,"date":"2021-09-22T21:53:39","date_gmt":"2021-09-22T21:53:39","guid":{"rendered":"https:\/\/cvinoticias.com\/v3\/?p=8776"},"modified":"2021-09-22T21:53:39","modified_gmt":"2021-09-22T21:53:39","slug":"el-gobierno-nacional-aclaro-que-el-uso-del-barbijo-sera-obligatorio-hasta-el-1-de-octubre","status":"publish","type":"post","link":"https:\/\/cvinoticias.com\/v3\/el-gobierno-nacional-aclaro-que-el-uso-del-barbijo-sera-obligatorio-hasta-el-1-de-octubre\/","title":{"rendered":"El Gobierno nacional aclar\u00f3 que el uso del barbijo ser\u00e1 obligatorio hasta el 1\u00b0 de octubre"},"content":{"rendered":"\n<p class=\"wp-block-paragraph\"><strong><em>El Gobierno nacional aclar\u00f3 este martes que a partir del 1 de octubre se levantar\u00e1 la obligatoriedad del uso del tapaboca al aire libre en forma individual o en burbuja y en cuando no haya aglomerado de personas.<\/em><\/strong><\/p>\n\n\n\n<p class=\"wp-block-paragraph\">Luego de la conferencia de prensa ofrecida en Casa Rosada por el jefe de Gabinete, Juan Manzur; y la ministra de Salud, Carla Vizzotti; voceros del Gobierno advirtieron que la utilizaci\u00f3n del barbijo continuar\u00e1 siendo obligatoria en lugares cerrados (aula, cine, teatro, \u00e1mbitos de trabajo, transporte p\u00fablico, espect\u00e1culos y eventos masivos) y al aire libre cuando hay aglomerados de personas; y recomiendan continuar utilizando tapaboca a las personas que presenten condiciones de riesgo.<\/p>\n\n\n\n<p class=\"wp-block-paragraph\">Las reuniones sociales ser\u00e1n sin l\u00edmites de personas, cumpliendo las medidas de prevenci\u00f3n, tapabocas, distancia y ventilaci\u00f3n.<\/p>\n\n\n\n<p class=\"wp-block-paragraph\">El aforo en los lugares cerrados ser\u00e1 del cien por ciento en actividades econ\u00f3micas, industriales, comerciales, de servicios, religiosas, culturales, deportivas, recreativas y sociales en lugares cerrados manteniendo las medidas de prevenci\u00f3n, tapaboca, distancia y ventilaci\u00f3n.<\/p>\n\n\n\n<p class=\"wp-block-paragraph\">Adem\u00e1s, se autorizar\u00e1n viajes de jubilados, de egresados y de estudiantes o similares, siguiendo los protocolos recomendados.<\/p>\n\n\n\n<p class=\"wp-block-paragraph\">En cuanto a las discotecas, se autorizar\u00e1 un aforo del 50%, con esquema completo de vacuna con 14 d\u00edas previos, al considerarla la actividad de mayor riesgo, por la variante Delta.<\/p>\n\n\n\n<p class=\"wp-block-paragraph\">Los salones de fiestas, bailes o actividades similares quedar\u00e1n habilitados para personas que acrediten esquema completo de vacuna con 14 d\u00edas previos o una dosis m\u00e1s test diagnostico (PCR o ant\u00edgeno) negativo dentro de las 48 horas previas; adem\u00e1s de un protocolo especial para las fiestas de 15 o para menores de 17 a\u00f1os mientras avance la vacunaci\u00f3n en los adolescentes.<\/p>\n\n\n\n<p class=\"wp-block-paragraph\">Por otra parte, a partir del 1\u00b0 de octubre se habilita con aforo del 50% para acontecimientos de m\u00e1s de 1.000 personas, y se trabajar\u00e1 con los actores involucrados el protocolo espec\u00edfico en relaci\u00f3n a los requisitos.<\/p>\n\n\n\n<p class=\"wp-block-paragraph\">Habr\u00e1 apertura gradual y cuidada de fronteras, con fechas estimadas a coordinar con la Direcci\u00f3n Nacional de Migraciones, la Administraci\u00f3n Nacional de Aviaci\u00f3n Civil (ANAC) y otras autoridades.<\/p>\n\n\n\n<p class=\"wp-block-paragraph\">En tanto, a partir del viernes pr\u00f3ximo se eliminar\u00e1 el aislamiento para todos los argentinos y residentes que hayan salido por trabajo, turismo o cualquier otro motivo; y extranjeros que ingresen por trabajo; con esquema completo vacunaci\u00f3n, m\u00e1s PCR 72 horas previo al viaje, m\u00e1s ant\u00edgeno al llegar y PCR entre el quinto y s\u00e9ptimo d\u00eda del arribo.<\/p>\n\n\n\n<p class=\"wp-block-paragraph\">Desde del 1\u00b0 de octubre se eliminar\u00e1 la cuarentena por cualquier motivo para los extranjeros de pa\u00edses lim\u00edtrofes, con esquema completo de vacunaci\u00f3n, m\u00e1s PCR 72 horas previo a viaje, m\u00e1s ant\u00edgeno al llegar y PCR entre el quinto y s\u00e9ptimo d\u00eda de la llegada.<\/p>\n\n\n\n<p class=\"wp-block-paragraph\">A partir del 1\u00b0 de noviembre se eliminar\u00e1 la cuarentena por cualquier motivo para los extranjeros del resto de los pa\u00edses, con esquema completo de vacunaci\u00f3n, m\u00e1s PCR 72 horas previo a viaje, m\u00e1s ant\u00edgeno al llegar y PCR entre el quinto y s\u00e9ptimo d\u00eda del arribo.<\/p>\n\n\n\n<p class=\"wp-block-paragraph\">Quienes no presenten esquema de vacunaci\u00f3n completo, incluyendo menores de edad, deber\u00e1n realizar cuarentena, test de ant\u00edgeno al ingreso, y test de PCR al s\u00e9ptimo d\u00eda.<\/p>\n\n\n\n<p class=\"wp-block-paragraph\">Fuente: T\u00e9lam<\/p>\n","protected":false},"excerpt":{"rendered":"<p>El Gobierno nacional aclar\u00f3 este martes que a partir del 1 de octubre se levantar\u00e1 la obligatoriedad del uso del tapaboca al aire libre en forma individual o en burbuja y en cuando no haya aglomerado de personas. Luego de la conferencia de prensa ofrecida en Casa Rosada por el jefe de Gabinete, Juan Manzur; [&hellip;]<\/p>\n","protected":false},"author":2,"featured_media":8777,"comment_status":"open","ping_status":"open","sticky":false,"template":"","format":"standard","meta":{"footnotes":""},"categories":[39],"tags":[],"class_list":["post-8776","post","type-post","status-publish","format-standard","has-post-thumbnail","hentry","category-nacionales"],"yoast_head":"<!-- This site is optimized with the Yoast SEO plugin v28.4 - https:\/\/yoast.com\/product\/yoast-seo-wordpress\/ -->\n<title>El Gobierno nacional aclar\u00f3 que el uso del barbijo ser\u00e1 obligatorio hasta el 1\u00b0 de octubre | CVI NOTICIAS<\/title>\n<meta name=\"robots\" content=\"index, follow, max-snippet:-1, max-image-preview:large, max-video-preview:-1\" \/>\n<link rel=\"canonical\" href=\"https:\/\/cvinoticias.com\/v3\/el-gobierno-nacional-aclaro-que-el-uso-del-barbijo-sera-obligatorio-hasta-el-1-de-octubre\/\" \/>\n<meta property=\"og:locale\" content=\"es_ES\" \/>\n<meta property=\"og:type\" content=\"article\" \/>\n<meta property=\"og:title\" content=\"El Gobierno nacional aclar\u00f3 que el uso del barbijo ser\u00e1 obligatorio hasta el 1\u00b0 de octubre | CVI NOTICIAS\" \/>\n<meta property=\"og:description\" content=\"El Gobierno nacional aclar\u00f3 este martes que a partir del 1 de octubre se levantar\u00e1 la obligatoriedad del uso del tapaboca al aire libre en forma individual o en burbuja y en cuando no haya aglomerado de personas. Luego de la conferencia de prensa ofrecida en Casa Rosada por el jefe de Gabinete, Juan Manzur; [&hellip;]\" \/>\n<meta property=\"og:url\" content=\"https:\/\/cvinoticias.com\/v3\/el-gobierno-nacional-aclaro-que-el-uso-del-barbijo-sera-obligatorio-hasta-el-1-de-octubre\/\" \/>\n<meta property=\"og:site_name\" content=\"CVI NOTICIAS\" \/>\n<meta property=\"article:publisher\" content=\"https:\/\/www.facebook.com\/cvinoticias\" \/>\n<meta property=\"article:published_time\" content=\"2021-09-22T21:53:39+00:00\" \/>\n<meta property=\"og:image\" content=\"https:\/\/cvinoticias.com\/wp-content\/uploads\/2021\/09\/tapabocas2.jpg\" \/>\n\t<meta property=\"og:image:width\" content=\"1024\" \/>\n\t<meta property=\"og:image:height\" content=\"576\" \/>\n\t<meta property=\"og:image:type\" content=\"image\/jpeg\" \/>\n<meta name=\"author\" content=\"f1000024\" \/>\n<meta name=\"twitter:card\" content=\"summary_large_image\" \/>\n<meta name=\"twitter:label1\" content=\"Escrito por\" \/>\n\t<meta name=\"twitter:data1\" content=\"f1000024\" \/>\n\t<meta name=\"twitter:label2\" content=\"Tiempo de lectura\" \/>\n\t<meta name=\"twitter:data2\" content=\"3 minutos\" \/>\n<script type=\"application\/ld+json\" class=\"yoast-schema-graph\">{\"@context\":\"https:\\\/\\\/schema.org\",\"@graph\":[{\"@type\":\"Article\",\"@id\":\"https:\\\/\\\/cvinoticias.com\\\/v3\\\/el-gobierno-nacional-aclaro-que-el-uso-del-barbijo-sera-obligatorio-hasta-el-1-de-octubre\\\/#article\",\"isPartOf\":{\"@id\":\"https:\\\/\\\/cvinoticias.com\\\/v3\\\/el-gobierno-nacional-aclaro-que-el-uso-del-barbijo-sera-obligatorio-hasta-el-1-de-octubre\\\/\"},\"author\":{\"name\":\"f1000024\",\"@id\":\"https:\\\/\\\/cvinoticias.com\\\/v3\\\/#\\\/schema\\\/person\\\/2db77e3c6bc03c538495d7b2b8be9b66\"},\"headline\":\"El Gobierno nacional aclar\u00f3 que el uso del barbijo ser\u00e1 obligatorio hasta el 1\u00b0 de octubre\",\"datePublished\":\"2021-09-22T21:53:39+00:00\",\"mainEntityOfPage\":{\"@id\":\"https:\\\/\\\/cvinoticias.com\\\/v3\\\/el-gobierno-nacional-aclaro-que-el-uso-del-barbijo-sera-obligatorio-hasta-el-1-de-octubre\\\/\"},\"wordCount\":570,\"commentCount\":0,\"publisher\":{\"@id\":\"https:\\\/\\\/cvinoticias.com\\\/v3\\\/#organization\"},\"image\":{\"@id\":\"https:\\\/\\\/cvinoticias.com\\\/v3\\\/el-gobierno-nacional-aclaro-que-el-uso-del-barbijo-sera-obligatorio-hasta-el-1-de-octubre\\\/#primaryimage\"},\"thumbnailUrl\":\"https:\\\/\\\/cvinoticias.com\\\/wp-content\\\/uploads\\\/2021\\\/09\\\/tapabocas2.jpg\",\"articleSection\":[\"Nacionales\"],\"inLanguage\":\"es\",\"potentialAction\":[{\"@type\":\"CommentAction\",\"name\":\"Comment\",\"target\":[\"https:\\\/\\\/cvinoticias.com\\\/v3\\\/el-gobierno-nacional-aclaro-que-el-uso-del-barbijo-sera-obligatorio-hasta-el-1-de-octubre\\\/#respond\"]}]},{\"@type\":\"WebPage\",\"@id\":\"https:\\\/\\\/cvinoticias.com\\\/v3\\\/el-gobierno-nacional-aclaro-que-el-uso-del-barbijo-sera-obligatorio-hasta-el-1-de-octubre\\\/\",\"url\":\"https:\\\/\\\/cvinoticias.com\\\/v3\\\/el-gobierno-nacional-aclaro-que-el-uso-del-barbijo-sera-obligatorio-hasta-el-1-de-octubre\\\/\",\"name\":\"El Gobierno nacional aclar\u00f3 que el uso del barbijo ser\u00e1 obligatorio hasta el 1\u00b0 de octubre | CVI NOTICIAS\",\"isPartOf\":{\"@id\":\"https:\\\/\\\/cvinoticias.com\\\/v3\\\/#website\"},\"primaryImageOfPage\":{\"@id\":\"https:\\\/\\\/cvinoticias.com\\\/v3\\\/el-gobierno-nacional-aclaro-que-el-uso-del-barbijo-sera-obligatorio-hasta-el-1-de-octubre\\\/#primaryimage\"},\"image\":{\"@id\":\"https:\\\/\\\/cvinoticias.com\\\/v3\\\/el-gobierno-nacional-aclaro-que-el-uso-del-barbijo-sera-obligatorio-hasta-el-1-de-octubre\\\/#primaryimage\"},\"thumbnailUrl\":\"https:\\\/\\\/cvinoticias.com\\\/wp-content\\\/uploads\\\/2021\\\/09\\\/tapabocas2.jpg\",\"datePublished\":\"2021-09-22T21:53:39+00:00\",\"breadcrumb\":{\"@id\":\"https:\\\/\\\/cvinoticias.com\\\/v3\\\/el-gobierno-nacional-aclaro-que-el-uso-del-barbijo-sera-obligatorio-hasta-el-1-de-octubre\\\/#breadcrumb\"},\"inLanguage\":\"es\",\"potentialAction\":[{\"@type\":\"ReadAction\",\"target\":[\"https:\\\/\\\/cvinoticias.com\\\/v3\\\/el-gobierno-nacional-aclaro-que-el-uso-del-barbijo-sera-obligatorio-hasta-el-1-de-octubre\\\/\"]}]},{\"@type\":\"ImageObject\",\"inLanguage\":\"es\",\"@id\":\"https:\\\/\\\/cvinoticias.com\\\/v3\\\/el-gobierno-nacional-aclaro-que-el-uso-del-barbijo-sera-obligatorio-hasta-el-1-de-octubre\\\/#primaryimage\",\"url\":\"https:\\\/\\\/cvinoticias.com\\\/wp-content\\\/uploads\\\/2021\\\/09\\\/tapabocas2.jpg\",\"contentUrl\":\"https:\\\/\\\/cvinoticias.com\\\/wp-content\\\/uploads\\\/2021\\\/09\\\/tapabocas2.jpg\",\"width\":1024,\"height\":576},{\"@type\":\"BreadcrumbList\",\"@id\":\"https:\\\/\\\/cvinoticias.com\\\/v3\\\/el-gobierno-nacional-aclaro-que-el-uso-del-barbijo-sera-obligatorio-hasta-el-1-de-octubre\\\/#breadcrumb\",\"itemListElement\":[{\"@type\":\"ListItem\",\"position\":1,\"name\":\"Portada\",\"item\":\"https:\\\/\\\/cvinoticias.com\\\/v3\\\/\"},{\"@type\":\"ListItem\",\"position\":2,\"name\":\"El Gobierno nacional aclar\u00f3 que el uso del barbijo ser\u00e1 obligatorio hasta el 1\u00b0 de octubre\"}]},{\"@type\":\"WebSite\",\"@id\":\"https:\\\/\\\/cvinoticias.com\\\/v3\\\/#website\",\"url\":\"https:\\\/\\\/cvinoticias.com\\\/v3\\\/\",\"name\":\"CVI NOTICIAS\",\"description\":\"\",\"publisher\":{\"@id\":\"https:\\\/\\\/cvinoticias.com\\\/v3\\\/#organization\"},\"alternateName\":\"CVI\",\"potentialAction\":[{\"@type\":\"SearchAction\",\"target\":{\"@type\":\"EntryPoint\",\"urlTemplate\":\"https:\\\/\\\/cvinoticias.com\\\/v3\\\/?s={search_term_string}\"},\"query-input\":{\"@type\":\"PropertyValueSpecification\",\"valueRequired\":true,\"valueName\":\"search_term_string\"}}],\"inLanguage\":\"es\"},{\"@type\":\"Organization\",\"@id\":\"https:\\\/\\\/cvinoticias.com\\\/v3\\\/#organization\",\"name\":\"CVI NOTICIAS\",\"url\":\"https:\\\/\\\/cvinoticias.com\\\/v3\\\/\",\"logo\":{\"@type\":\"ImageObject\",\"inLanguage\":\"es\",\"@id\":\"https:\\\/\\\/cvinoticias.com\\\/v3\\\/#\\\/schema\\\/logo\\\/image\\\/\",\"url\":\"https:\\\/\\\/cvinoticias.com\\\/wp-content\\\/uploads\\\/2023\\\/04\\\/cropped-cropped-cropped-cropped-cropped-3-1.png\",\"contentUrl\":\"https:\\\/\\\/cvinoticias.com\\\/wp-content\\\/uploads\\\/2023\\\/04\\\/cropped-cropped-cropped-cropped-cropped-3-1.png\",\"width\":95,\"height\":122,\"caption\":\"CVI NOTICIAS\"},\"image\":{\"@id\":\"https:\\\/\\\/cvinoticias.com\\\/v3\\\/#\\\/schema\\\/logo\\\/image\\\/\"},\"sameAs\":[\"https:\\\/\\\/www.facebook.com\\\/cvinoticias\",\"https:\\\/\\\/www.instagram.com\\\/cvinoticias\\\/\",\"https:\\\/\\\/www.youtube.com\\\/@CVINOTICIAS\"]},{\"@type\":\"Person\",\"@id\":\"https:\\\/\\\/cvinoticias.com\\\/v3\\\/#\\\/schema\\\/person\\\/2db77e3c6bc03c538495d7b2b8be9b66\",\"name\":\"f1000024\",\"image\":{\"@type\":\"ImageObject\",\"inLanguage\":\"es\",\"@id\":\"https:\\\/\\\/secure.gravatar.com\\\/avatar\\\/d4fe7459cfc51ff5129ce1a732bbef5928568b8092d412ef95611616376bbeed?s=96&d=mm&r=g\",\"url\":\"https:\\\/\\\/secure.gravatar.com\\\/avatar\\\/d4fe7459cfc51ff5129ce1a732bbef5928568b8092d412ef95611616376bbeed?s=96&d=mm&r=g\",\"contentUrl\":\"https:\\\/\\\/secure.gravatar.com\\\/avatar\\\/d4fe7459cfc51ff5129ce1a732bbef5928568b8092d412ef95611616376bbeed?s=96&d=mm&r=g\",\"caption\":\"f1000024\"},\"url\":\"https:\\\/\\\/cvinoticias.com\\\/v3\\\/author\\\/f1000024\\\/\"}]}<\/script>\n<!-- \/ Yoast SEO plugin. -->","yoast_head_json":{"title":"El Gobierno nacional aclar\u00f3 que el uso del barbijo ser\u00e1 obligatorio hasta el 1\u00b0 de octubre | CVI NOTICIAS","robots":{"index":"index","follow":"follow","max-snippet":"max-snippet:-1","max-image-preview":"max-image-preview:large","max-video-preview":"max-video-preview:-1"},"canonical":"https:\/\/cvinoticias.com\/v3\/el-gobierno-nacional-aclaro-que-el-uso-del-barbijo-sera-obligatorio-hasta-el-1-de-octubre\/","og_locale":"es_ES","og_type":"article","og_title":"El Gobierno nacional aclar\u00f3 que el uso del barbijo ser\u00e1 obligatorio hasta el 1\u00b0 de octubre | CVI NOTICIAS","og_description":"El Gobierno nacional aclar\u00f3 este martes que a partir del 1 de octubre se levantar\u00e1 la obligatoriedad del uso del tapaboca al aire libre en forma individual o en burbuja y en cuando no haya aglomerado de personas. Luego de la conferencia de prensa ofrecida en Casa Rosada por el jefe de Gabinete, Juan Manzur; [&hellip;]","og_url":"https:\/\/cvinoticias.com\/v3\/el-gobierno-nacional-aclaro-que-el-uso-del-barbijo-sera-obligatorio-hasta-el-1-de-octubre\/","og_site_name":"CVI NOTICIAS","article_publisher":"https:\/\/www.facebook.com\/cvinoticias","article_published_time":"2021-09-22T21:53:39+00:00","og_image":[{"width":1024,"height":576,"url":"https:\/\/cvinoticias.com\/wp-content\/uploads\/2021\/09\/tapabocas2.jpg","type":"image\/jpeg"}],"author":"f1000024","twitter_card":"summary_large_image","twitter_misc":{"Escrito por":"f1000024","Tiempo de lectura":"3 minutos"},"schema":{"@context":"https:\/\/schema.org","@graph":[{"@type":"Article","@id":"https:\/\/cvinoticias.com\/v3\/el-gobierno-nacional-aclaro-que-el-uso-del-barbijo-sera-obligatorio-hasta-el-1-de-octubre\/#article","isPartOf":{"@id":"https:\/\/cvinoticias.com\/v3\/el-gobierno-nacional-aclaro-que-el-uso-del-barbijo-sera-obligatorio-hasta-el-1-de-octubre\/"},"author":{"name":"f1000024","@id":"https:\/\/cvinoticias.com\/v3\/#\/schema\/person\/2db77e3c6bc03c538495d7b2b8be9b66"},"headline":"El Gobierno nacional aclar\u00f3 que el uso del barbijo ser\u00e1 obligatorio hasta el 1\u00b0 de octubre","datePublished":"2021-09-22T21:53:39+00:00","mainEntityOfPage":{"@id":"https:\/\/cvinoticias.com\/v3\/el-gobierno-nacional-aclaro-que-el-uso-del-barbijo-sera-obligatorio-hasta-el-1-de-octubre\/"},"wordCount":570,"commentCount":0,"publisher":{"@id":"https:\/\/cvinoticias.com\/v3\/#organization"},"image":{"@id":"https:\/\/cvinoticias.com\/v3\/el-gobierno-nacional-aclaro-que-el-uso-del-barbijo-sera-obligatorio-hasta-el-1-de-octubre\/#primaryimage"},"thumbnailUrl":"https:\/\/cvinoticias.com\/wp-content\/uploads\/2021\/09\/tapabocas2.jpg","articleSection":["Nacionales"],"inLanguage":"es","potentialAction":[{"@type":"CommentAction","name":"Comment","target":["https:\/\/cvinoticias.com\/v3\/el-gobierno-nacional-aclaro-que-el-uso-del-barbijo-sera-obligatorio-hasta-el-1-de-octubre\/#respond"]}]},{"@type":"WebPage","@id":"https:\/\/cvinoticias.com\/v3\/el-gobierno-nacional-aclaro-que-el-uso-del-barbijo-sera-obligatorio-hasta-el-1-de-octubre\/","url":"https:\/\/cvinoticias.com\/v3\/el-gobierno-nacional-aclaro-que-el-uso-del-barbijo-sera-obligatorio-hasta-el-1-de-octubre\/","name":"El Gobierno nacional aclar\u00f3 que el uso del barbijo ser\u00e1 obligatorio hasta el 1\u00b0 de octubre | CVI NOTICIAS","isPartOf":{"@id":"https:\/\/cvinoticias.com\/v3\/#website"},"primaryImageOfPage":{"@id":"https:\/\/cvinoticias.com\/v3\/el-gobierno-nacional-aclaro-que-el-uso-del-barbijo-sera-obligatorio-hasta-el-1-de-octubre\/#primaryimage"},"image":{"@id":"https:\/\/cvinoticias.com\/v3\/el-gobierno-nacional-aclaro-que-el-uso-del-barbijo-sera-obligatorio-hasta-el-1-de-octubre\/#primaryimage"},"thumbnailUrl":"https:\/\/cvinoticias.com\/wp-content\/uploads\/2021\/09\/tapabocas2.jpg","datePublished":"2021-09-22T21:53:39+00:00","breadcrumb":{"@id":"https:\/\/cvinoticias.com\/v3\/el-gobierno-nacional-aclaro-que-el-uso-del-barbijo-sera-obligatorio-hasta-el-1-de-octubre\/#breadcrumb"},"inLanguage":"es","potentialAction":[{"@type":"ReadAction","target":["https:\/\/cvinoticias.com\/v3\/el-gobierno-nacional-aclaro-que-el-uso-del-barbijo-sera-obligatorio-hasta-el-1-de-octubre\/"]}]},{"@type":"ImageObject","inLanguage":"es","@id":"https:\/\/cvinoticias.com\/v3\/el-gobierno-nacional-aclaro-que-el-uso-del-barbijo-sera-obligatorio-hasta-el-1-de-octubre\/#primaryimage","url":"https:\/\/cvinoticias.com\/wp-content\/uploads\/2021\/09\/tapabocas2.jpg","contentUrl":"https:\/\/cvinoticias.com\/wp-content\/uploads\/2021\/09\/tapabocas2.jpg","width":1024,"height":576},{"@type":"BreadcrumbList","@id":"https:\/\/cvinoticias.com\/v3\/el-gobierno-nacional-aclaro-que-el-uso-del-barbijo-sera-obligatorio-hasta-el-1-de-octubre\/#breadcrumb","itemListElement":[{"@type":"ListItem","position":1,"name":"Portada","item":"https:\/\/cvinoticias.com\/v3\/"},{"@type":"ListItem","position":2,"name":"El Gobierno nacional aclar\u00f3 que el uso del barbijo ser\u00e1 obligatorio hasta el 1\u00b0 de octubre"}]},{"@type":"WebSite","@id":"https:\/\/cvinoticias.com\/v3\/#website","url":"https:\/\/cvinoticias.com\/v3\/","name":"CVI NOTICIAS","description":"","publisher":{"@id":"https:\/\/cvinoticias.com\/v3\/#organization"},"alternateName":"CVI","potentialAction":[{"@type":"SearchAction","target":{"@type":"EntryPoint","urlTemplate":"https:\/\/cvinoticias.com\/v3\/?s={search_term_string}"},"query-input":{"@type":"PropertyValueSpecification","valueRequired":true,"valueName":"search_term_string"}}],"inLanguage":"es"},{"@type":"Organization","@id":"https:\/\/cvinoticias.com\/v3\/#organization","name":"CVI NOTICIAS","url":"https:\/\/cvinoticias.com\/v3\/","logo":{"@type":"ImageObject","inLanguage":"es","@id":"https:\/\/cvinoticias.com\/v3\/#\/schema\/logo\/image\/","url":"https:\/\/cvinoticias.com\/wp-content\/uploads\/2023\/04\/cropped-cropped-cropped-cropped-cropped-3-1.png","contentUrl":"https:\/\/cvinoticias.com\/wp-content\/uploads\/2023\/04\/cropped-cropped-cropped-cropped-cropped-3-1.png","width":95,"height":122,"caption":"CVI NOTICIAS"},"image":{"@id":"https:\/\/cvinoticias.com\/v3\/#\/schema\/logo\/image\/"},"sameAs":["https:\/\/www.facebook.com\/cvinoticias","https:\/\/www.instagram.com\/cvinoticias\/","https:\/\/www.youtube.com\/@CVINOTICIAS"]},{"@type":"Person","@id":"https:\/\/cvinoticias.com\/v3\/#\/schema\/person\/2db77e3c6bc03c538495d7b2b8be9b66","name":"f1000024","image":{"@type":"ImageObject","inLanguage":"es","@id":"https:\/\/secure.gravatar.com\/avatar\/d4fe7459cfc51ff5129ce1a732bbef5928568b8092d412ef95611616376bbeed?s=96&d=mm&r=g","url":"https:\/\/secure.gravatar.com\/avatar\/d4fe7459cfc51ff5129ce1a732bbef5928568b8092d412ef95611616376bbeed?s=96&d=mm&r=g","contentUrl":"https:\/\/secure.gravatar.com\/avatar\/d4fe7459cfc51ff5129ce1a732bbef5928568b8092d412ef95611616376bbeed?s=96&d=mm&r=g","caption":"f1000024"},"url":"https:\/\/cvinoticias.com\/v3\/author\/f1000024\/"}]}},"_links":{"self":[{"href":"https:\/\/cvinoticias.com\/v3\/wp-json\/wp\/v2\/posts\/8776","targetHints":{"allow":["GET"]}}],"collection":[{"href":"https:\/\/cvinoticias.com\/v3\/wp-json\/wp\/v2\/posts"}],"about":[{"href":"https:\/\/cvinoticias.com\/v3\/wp-json\/wp\/v2\/types\/post"}],"author":[{"embeddable":true,"href":"https:\/\/cvinoticias.com\/v3\/wp-json\/wp\/v2\/users\/2"}],"replies":[{"embeddable":true,"href":"https:\/\/cvinoticias.com\/v3\/wp-json\/wp\/v2\/comments?post=8776"}],"version-history":[{"count":1,"href":"https:\/\/cvinoticias.com\/v3\/wp-json\/wp\/v2\/posts\/8776\/revisions"}],"predecessor-version":[{"id":8778,"href":"https:\/\/cvinoticias.com\/v3\/wp-json\/wp\/v2\/posts\/8776\/revisions\/8778"}],"wp:featuredmedia":[{"embeddable":true,"href":"https:\/\/cvinoticias.com\/v3\/wp-json\/wp\/v2\/media\/8777"}],"wp:attachment":[{"href":"https:\/\/cvinoticias.com\/v3\/wp-json\/wp\/v2\/media?parent=8776"}],"wp:term":[{"taxonomy":"category","embeddable":true,"href":"https:\/\/cvinoticias.com\/v3\/wp-json\/wp\/v2\/categories?post=8776"},{"taxonomy":"post_tag","embeddable":true,"href":"https:\/\/cvinoticias.com\/v3\/wp-json\/wp\/v2\/tags?post=8776"}],"curies":[{"name":"wp","href":"https:\/\/api.w.org\/{rel}","templated":true}]}}