{"id":8768,"date":"2021-09-22T12:31:21","date_gmt":"2021-09-22T12:31:21","guid":{"rendered":"https:\/\/cvinoticias.com\/v3\/?p=8768"},"modified":"2021-09-22T12:31:21","modified_gmt":"2021-09-22T12:31:21","slug":"puerto-iguazu-policias-se-capacitaron-en-primeros-auxilios-y-en-soporte-vital-basico","status":"publish","type":"post","link":"https:\/\/cvinoticias.com\/v3\/puerto-iguazu-policias-se-capacitaron-en-primeros-auxilios-y-en-soporte-vital-basico\/","title":{"rendered":"Puerto Iguaz\u00fa: Polic\u00edas se capacitaron en Primeros Auxilios y en Soporte Vital B\u00e1sico"},"content":{"rendered":"\n<p>Este mi\u00e9rcoles, en las instalaciones del C\u00edrculo de Suboficiales de la Polic\u00eda situado en el barrio Almirante Brown, efectivos policiales de las diferentes dependencias operativas de la Unidad Regional V, recibieron la capacitaci\u00f3n del primer Taller de Capacitaci\u00f3n en Primeros Auxilios y en Soporte Vital B\u00e1sico.<\/p>\n\n\n\n<p>Los temas que se desarrollaron fueron pr\u00e1cticas de RCP (Reanimaci\u00f3n Cardiopulmonar), utilizaci\u00f3n de la tabla larga, colocaci\u00f3n y retiro del collar cervical, maniobra de Heimlich, atenci\u00f3n de pacientes politraumatizados, pre hospitalarios y v\u00eda a\u00e9rea avanzada.<\/p>\n\n\n\n<p>Se cont\u00f3 con la presencia del subdirector de la direcci\u00f3n General de Servicios Sociales de la Jefatura de Polic\u00eda, comisario mayor Alfonso Duarte, el se\u00f1or Jefe Unidad Regional V Crio Gral Lic. Elio Da Luz l sargento Bogado Cristian, y el jefe divisi\u00f3n Servicios Sociales de la Unidad Regional V, oficial ayudante licenciado Laurenzo Lucas.<\/p>\n\n\n\n<figure class=\"wp-block-image size-full\"><a href=\"https:\/\/cvinoticias.com\/wp-content\/uploads\/2021\/09\/FB_IMG_1632313614815.jpg\"><img decoding=\"async\" width=\"960\" height=\"692\" data-src=\"https:\/\/cvinoticias.com\/wp-content\/uploads\/2021\/09\/FB_IMG_1632313614815.jpg\" alt=\"\" class=\"wp-image-8769 lazyload\" data-srcset=\"https:\/\/cvinoticias.com\/wp-content\/uploads\/2021\/09\/FB_IMG_1632313614815.jpg 960w, https:\/\/cvinoticias.com\/wp-content\/uploads\/2021\/09\/FB_IMG_1632313614815-300x216.jpg 300w, https:\/\/cvinoticias.com\/wp-content\/uploads\/2021\/09\/FB_IMG_1632313614815-768x554.jpg 768w\" data-sizes=\"(max-width: 960px) 100vw, 960px\" src=\"data:image\/svg+xml;base64,PHN2ZyB3aWR0aD0iMSIgaGVpZ2h0PSIxIiB4bWxucz0iaHR0cDovL3d3dy53My5vcmcvMjAwMC9zdmciPjwvc3ZnPg==\" style=\"--smush-placeholder-width: 960px; --smush-placeholder-aspect-ratio: 960\/692;\" \/><\/a><\/figure>\n\n\n\n<figure class=\"wp-block-image size-full\"><a href=\"https:\/\/cvinoticias.com\/wp-content\/uploads\/2021\/09\/FB_IMG_1632313632827.jpg\"><img decoding=\"async\" width=\"900\" height=\"929\" data-src=\"https:\/\/cvinoticias.com\/wp-content\/uploads\/2021\/09\/FB_IMG_1632313632827.jpg\" alt=\"\" class=\"wp-image-8770 lazyload\" data-srcset=\"https:\/\/cvinoticias.com\/wp-content\/uploads\/2021\/09\/FB_IMG_1632313632827.jpg 900w, https:\/\/cvinoticias.com\/wp-content\/uploads\/2021\/09\/FB_IMG_1632313632827-291x300.jpg 291w, https:\/\/cvinoticias.com\/wp-content\/uploads\/2021\/09\/FB_IMG_1632313632827-768x793.jpg 768w\" data-sizes=\"(max-width: 900px) 100vw, 900px\" src=\"data:image\/svg+xml;base64,PHN2ZyB3aWR0aD0iMSIgaGVpZ2h0PSIxIiB4bWxucz0iaHR0cDovL3d3dy53My5vcmcvMjAwMC9zdmciPjwvc3ZnPg==\" style=\"--smush-placeholder-width: 900px; --smush-placeholder-aspect-ratio: 900\/929;\" \/><\/a><\/figure>\n","protected":false},"excerpt":{"rendered":"<p>Este mi\u00e9rcoles, en las instalaciones del C\u00edrculo de Suboficiales de la Polic\u00eda situado en el barrio Almirante Brown, efectivos policiales de las diferentes dependencias operativas de la Unidad Regional V, recibieron la capacitaci\u00f3n del primer Taller de Capacitaci\u00f3n en Primeros Auxilios y en Soporte Vital B\u00e1sico. Los temas que se desarrollaron fueron pr\u00e1cticas de RCP [&hellip;]<\/p>\n","protected":false},"author":2,"featured_media":8771,"comment_status":"open","ping_status":"open","sticky":false,"template":"","format":"standard","meta":{"footnotes":""},"categories":[41],"tags":[],"class_list":["post-8768","post","type-post","status-publish","format-standard","has-post-thumbnail","hentry","category-policiales"],"yoast_head":"<!-- This site is optimized with the Yoast SEO plugin v27.4 - https:\/\/yoast.com\/product\/yoast-seo-wordpress\/ -->\n<title>Puerto Iguaz\u00fa: Polic\u00edas se capacitaron en Primeros Auxilios y en Soporte Vital B\u00e1sico | CVI NOTICIAS<\/title>\n<meta name=\"robots\" content=\"index, follow, max-snippet:-1, max-image-preview:large, max-video-preview:-1\" \/>\n<link rel=\"canonical\" href=\"https:\/\/cvinoticias.com\/v3\/puerto-iguazu-policias-se-capacitaron-en-primeros-auxilios-y-en-soporte-vital-basico\/\" \/>\n<meta property=\"og:locale\" content=\"es_ES\" \/>\n<meta property=\"og:type\" content=\"article\" \/>\n<meta property=\"og:title\" content=\"Puerto Iguaz\u00fa: Polic\u00edas se capacitaron en Primeros Auxilios y en Soporte Vital B\u00e1sico | CVI NOTICIAS\" \/>\n<meta property=\"og:description\" content=\"Este mi\u00e9rcoles, en las instalaciones del C\u00edrculo de Suboficiales de la Polic\u00eda situado en el barrio Almirante Brown, efectivos policiales de las diferentes dependencias operativas de la Unidad Regional V, recibieron la capacitaci\u00f3n del primer Taller de Capacitaci\u00f3n en Primeros Auxilios y en Soporte Vital B\u00e1sico. Los temas que se desarrollaron fueron pr\u00e1cticas de RCP [&hellip;]\" \/>\n<meta property=\"og:url\" content=\"https:\/\/cvinoticias.com\/v3\/puerto-iguazu-policias-se-capacitaron-en-primeros-auxilios-y-en-soporte-vital-basico\/\" \/>\n<meta property=\"og:site_name\" content=\"CVI NOTICIAS\" \/>\n<meta property=\"article:publisher\" content=\"https:\/\/www.facebook.com\/cvinoticias\" \/>\n<meta property=\"article:published_time\" content=\"2021-09-22T12:31:21+00:00\" \/>\n<meta property=\"og:image\" content=\"https:\/\/cvinoticias.com\/wp-content\/uploads\/2021\/09\/FB_IMG_1632313628768.jpg\" \/>\n\t<meta property=\"og:image:width\" content=\"675\" \/>\n\t<meta property=\"og:image:height\" content=\"477\" \/>\n\t<meta property=\"og:image:type\" content=\"image\/jpeg\" \/>\n<meta name=\"author\" content=\"f1000024\" \/>\n<meta name=\"twitter:card\" content=\"summary_large_image\" \/>\n<meta name=\"twitter:label1\" content=\"Escrito por\" \/>\n\t<meta name=\"twitter:data1\" content=\"f1000024\" \/>\n\t<meta name=\"twitter:label2\" content=\"Tiempo de lectura\" \/>\n\t<meta name=\"twitter:data2\" content=\"1 minuto\" \/>\n<script type=\"application\/ld+json\" class=\"yoast-schema-graph\">{\"@context\":\"https:\\\/\\\/schema.org\",\"@graph\":[{\"@type\":\"Article\",\"@id\":\"https:\\\/\\\/cvinoticias.com\\\/v3\\\/puerto-iguazu-policias-se-capacitaron-en-primeros-auxilios-y-en-soporte-vital-basico\\\/#article\",\"isPartOf\":{\"@id\":\"https:\\\/\\\/cvinoticias.com\\\/v3\\\/puerto-iguazu-policias-se-capacitaron-en-primeros-auxilios-y-en-soporte-vital-basico\\\/\"},\"author\":{\"name\":\"f1000024\",\"@id\":\"https:\\\/\\\/cvinoticias.com\\\/v3\\\/#\\\/schema\\\/person\\\/2db77e3c6bc03c538495d7b2b8be9b66\"},\"headline\":\"Puerto Iguaz\u00fa: Polic\u00edas se capacitaron en Primeros Auxilios y en Soporte Vital B\u00e1sico\",\"datePublished\":\"2021-09-22T12:31:21+00:00\",\"mainEntityOfPage\":{\"@id\":\"https:\\\/\\\/cvinoticias.com\\\/v3\\\/puerto-iguazu-policias-se-capacitaron-en-primeros-auxilios-y-en-soporte-vital-basico\\\/\"},\"wordCount\":168,\"commentCount\":0,\"publisher\":{\"@id\":\"https:\\\/\\\/cvinoticias.com\\\/v3\\\/#organization\"},\"image\":{\"@id\":\"https:\\\/\\\/cvinoticias.com\\\/v3\\\/puerto-iguazu-policias-se-capacitaron-en-primeros-auxilios-y-en-soporte-vital-basico\\\/#primaryimage\"},\"thumbnailUrl\":\"https:\\\/\\\/cvinoticias.com\\\/wp-content\\\/uploads\\\/2021\\\/09\\\/FB_IMG_1632313628768.jpg\",\"articleSection\":[\"Policiales\"],\"inLanguage\":\"es\",\"potentialAction\":[{\"@type\":\"CommentAction\",\"name\":\"Comment\",\"target\":[\"https:\\\/\\\/cvinoticias.com\\\/v3\\\/puerto-iguazu-policias-se-capacitaron-en-primeros-auxilios-y-en-soporte-vital-basico\\\/#respond\"]}]},{\"@type\":\"WebPage\",\"@id\":\"https:\\\/\\\/cvinoticias.com\\\/v3\\\/puerto-iguazu-policias-se-capacitaron-en-primeros-auxilios-y-en-soporte-vital-basico\\\/\",\"url\":\"https:\\\/\\\/cvinoticias.com\\\/v3\\\/puerto-iguazu-policias-se-capacitaron-en-primeros-auxilios-y-en-soporte-vital-basico\\\/\",\"name\":\"Puerto Iguaz\u00fa: Polic\u00edas se capacitaron en Primeros Auxilios y en Soporte Vital B\u00e1sico | CVI NOTICIAS\",\"isPartOf\":{\"@id\":\"https:\\\/\\\/cvinoticias.com\\\/v3\\\/#website\"},\"primaryImageOfPage\":{\"@id\":\"https:\\\/\\\/cvinoticias.com\\\/v3\\\/puerto-iguazu-policias-se-capacitaron-en-primeros-auxilios-y-en-soporte-vital-basico\\\/#primaryimage\"},\"image\":{\"@id\":\"https:\\\/\\\/cvinoticias.com\\\/v3\\\/puerto-iguazu-policias-se-capacitaron-en-primeros-auxilios-y-en-soporte-vital-basico\\\/#primaryimage\"},\"thumbnailUrl\":\"https:\\\/\\\/cvinoticias.com\\\/wp-content\\\/uploads\\\/2021\\\/09\\\/FB_IMG_1632313628768.jpg\",\"datePublished\":\"2021-09-22T12:31:21+00:00\",\"breadcrumb\":{\"@id\":\"https:\\\/\\\/cvinoticias.com\\\/v3\\\/puerto-iguazu-policias-se-capacitaron-en-primeros-auxilios-y-en-soporte-vital-basico\\\/#breadcrumb\"},\"inLanguage\":\"es\",\"potentialAction\":[{\"@type\":\"ReadAction\",\"target\":[\"https:\\\/\\\/cvinoticias.com\\\/v3\\\/puerto-iguazu-policias-se-capacitaron-en-primeros-auxilios-y-en-soporte-vital-basico\\\/\"]}]},{\"@type\":\"ImageObject\",\"inLanguage\":\"es\",\"@id\":\"https:\\\/\\\/cvinoticias.com\\\/v3\\\/puerto-iguazu-policias-se-capacitaron-en-primeros-auxilios-y-en-soporte-vital-basico\\\/#primaryimage\",\"url\":\"https:\\\/\\\/cvinoticias.com\\\/wp-content\\\/uploads\\\/2021\\\/09\\\/FB_IMG_1632313628768.jpg\",\"contentUrl\":\"https:\\\/\\\/cvinoticias.com\\\/wp-content\\\/uploads\\\/2021\\\/09\\\/FB_IMG_1632313628768.jpg\",\"width\":675,\"height\":477},{\"@type\":\"BreadcrumbList\",\"@id\":\"https:\\\/\\\/cvinoticias.com\\\/v3\\\/puerto-iguazu-policias-se-capacitaron-en-primeros-auxilios-y-en-soporte-vital-basico\\\/#breadcrumb\",\"itemListElement\":[{\"@type\":\"ListItem\",\"position\":1,\"name\":\"Portada\",\"item\":\"https:\\\/\\\/cvinoticias.com\\\/v3\\\/\"},{\"@type\":\"ListItem\",\"position\":2,\"name\":\"Puerto Iguaz\u00fa: Polic\u00edas se capacitaron en Primeros Auxilios y en Soporte Vital B\u00e1sico\"}]},{\"@type\":\"WebSite\",\"@id\":\"https:\\\/\\\/cvinoticias.com\\\/v3\\\/#website\",\"url\":\"https:\\\/\\\/cvinoticias.com\\\/v3\\\/\",\"name\":\"CVI NOTICIAS\",\"description\":\"\",\"publisher\":{\"@id\":\"https:\\\/\\\/cvinoticias.com\\\/v3\\\/#organization\"},\"alternateName\":\"CVI\",\"potentialAction\":[{\"@type\":\"SearchAction\",\"target\":{\"@type\":\"EntryPoint\",\"urlTemplate\":\"https:\\\/\\\/cvinoticias.com\\\/v3\\\/?s={search_term_string}\"},\"query-input\":{\"@type\":\"PropertyValueSpecification\",\"valueRequired\":true,\"valueName\":\"search_term_string\"}}],\"inLanguage\":\"es\"},{\"@type\":\"Organization\",\"@id\":\"https:\\\/\\\/cvinoticias.com\\\/v3\\\/#organization\",\"name\":\"CVI NOTICIAS\",\"url\":\"https:\\\/\\\/cvinoticias.com\\\/v3\\\/\",\"logo\":{\"@type\":\"ImageObject\",\"inLanguage\":\"es\",\"@id\":\"https:\\\/\\\/cvinoticias.com\\\/v3\\\/#\\\/schema\\\/logo\\\/image\\\/\",\"url\":\"https:\\\/\\\/cvinoticias.com\\\/wp-content\\\/uploads\\\/2023\\\/04\\\/cropped-cropped-cropped-cropped-cropped-3-1.png\",\"contentUrl\":\"https:\\\/\\\/cvinoticias.com\\\/wp-content\\\/uploads\\\/2023\\\/04\\\/cropped-cropped-cropped-cropped-cropped-3-1.png\",\"width\":95,\"height\":122,\"caption\":\"CVI NOTICIAS\"},\"image\":{\"@id\":\"https:\\\/\\\/cvinoticias.com\\\/v3\\\/#\\\/schema\\\/logo\\\/image\\\/\"},\"sameAs\":[\"https:\\\/\\\/www.facebook.com\\\/cvinoticias\",\"https:\\\/\\\/www.instagram.com\\\/cvinoticias\\\/\",\"https:\\\/\\\/www.youtube.com\\\/@CVINOTICIAS\"]},{\"@type\":\"Person\",\"@id\":\"https:\\\/\\\/cvinoticias.com\\\/v3\\\/#\\\/schema\\\/person\\\/2db77e3c6bc03c538495d7b2b8be9b66\",\"name\":\"f1000024\",\"image\":{\"@type\":\"ImageObject\",\"inLanguage\":\"es\",\"@id\":\"https:\\\/\\\/secure.gravatar.com\\\/avatar\\\/d4fe7459cfc51ff5129ce1a732bbef5928568b8092d412ef95611616376bbeed?s=96&d=mm&r=g\",\"url\":\"https:\\\/\\\/secure.gravatar.com\\\/avatar\\\/d4fe7459cfc51ff5129ce1a732bbef5928568b8092d412ef95611616376bbeed?s=96&d=mm&r=g\",\"contentUrl\":\"https:\\\/\\\/secure.gravatar.com\\\/avatar\\\/d4fe7459cfc51ff5129ce1a732bbef5928568b8092d412ef95611616376bbeed?s=96&d=mm&r=g\",\"caption\":\"f1000024\"},\"url\":\"https:\\\/\\\/cvinoticias.com\\\/v3\\\/author\\\/f1000024\\\/\"}]}<\/script>\n<!-- \/ Yoast SEO plugin. -->","yoast_head_json":{"title":"Puerto Iguaz\u00fa: Polic\u00edas se capacitaron en Primeros Auxilios y en Soporte Vital B\u00e1sico | CVI NOTICIAS","robots":{"index":"index","follow":"follow","max-snippet":"max-snippet:-1","max-image-preview":"max-image-preview:large","max-video-preview":"max-video-preview:-1"},"canonical":"https:\/\/cvinoticias.com\/v3\/puerto-iguazu-policias-se-capacitaron-en-primeros-auxilios-y-en-soporte-vital-basico\/","og_locale":"es_ES","og_type":"article","og_title":"Puerto Iguaz\u00fa: Polic\u00edas se capacitaron en Primeros Auxilios y en Soporte Vital B\u00e1sico | CVI NOTICIAS","og_description":"Este mi\u00e9rcoles, en las instalaciones del C\u00edrculo de Suboficiales de la Polic\u00eda situado en el barrio Almirante Brown, efectivos policiales de las diferentes dependencias operativas de la Unidad Regional V, recibieron la capacitaci\u00f3n del primer Taller de Capacitaci\u00f3n en Primeros Auxilios y en Soporte Vital B\u00e1sico. Los temas que se desarrollaron fueron pr\u00e1cticas de RCP [&hellip;]","og_url":"https:\/\/cvinoticias.com\/v3\/puerto-iguazu-policias-se-capacitaron-en-primeros-auxilios-y-en-soporte-vital-basico\/","og_site_name":"CVI NOTICIAS","article_publisher":"https:\/\/www.facebook.com\/cvinoticias","article_published_time":"2021-09-22T12:31:21+00:00","og_image":[{"width":675,"height":477,"url":"https:\/\/cvinoticias.com\/wp-content\/uploads\/2021\/09\/FB_IMG_1632313628768.jpg","type":"image\/jpeg"}],"author":"f1000024","twitter_card":"summary_large_image","twitter_misc":{"Escrito por":"f1000024","Tiempo de lectura":"1 minuto"},"schema":{"@context":"https:\/\/schema.org","@graph":[{"@type":"Article","@id":"https:\/\/cvinoticias.com\/v3\/puerto-iguazu-policias-se-capacitaron-en-primeros-auxilios-y-en-soporte-vital-basico\/#article","isPartOf":{"@id":"https:\/\/cvinoticias.com\/v3\/puerto-iguazu-policias-se-capacitaron-en-primeros-auxilios-y-en-soporte-vital-basico\/"},"author":{"name":"f1000024","@id":"https:\/\/cvinoticias.com\/v3\/#\/schema\/person\/2db77e3c6bc03c538495d7b2b8be9b66"},"headline":"Puerto Iguaz\u00fa: Polic\u00edas se capacitaron en Primeros Auxilios y en Soporte Vital B\u00e1sico","datePublished":"2021-09-22T12:31:21+00:00","mainEntityOfPage":{"@id":"https:\/\/cvinoticias.com\/v3\/puerto-iguazu-policias-se-capacitaron-en-primeros-auxilios-y-en-soporte-vital-basico\/"},"wordCount":168,"commentCount":0,"publisher":{"@id":"https:\/\/cvinoticias.com\/v3\/#organization"},"image":{"@id":"https:\/\/cvinoticias.com\/v3\/puerto-iguazu-policias-se-capacitaron-en-primeros-auxilios-y-en-soporte-vital-basico\/#primaryimage"},"thumbnailUrl":"https:\/\/cvinoticias.com\/wp-content\/uploads\/2021\/09\/FB_IMG_1632313628768.jpg","articleSection":["Policiales"],"inLanguage":"es","potentialAction":[{"@type":"CommentAction","name":"Comment","target":["https:\/\/cvinoticias.com\/v3\/puerto-iguazu-policias-se-capacitaron-en-primeros-auxilios-y-en-soporte-vital-basico\/#respond"]}]},{"@type":"WebPage","@id":"https:\/\/cvinoticias.com\/v3\/puerto-iguazu-policias-se-capacitaron-en-primeros-auxilios-y-en-soporte-vital-basico\/","url":"https:\/\/cvinoticias.com\/v3\/puerto-iguazu-policias-se-capacitaron-en-primeros-auxilios-y-en-soporte-vital-basico\/","name":"Puerto Iguaz\u00fa: Polic\u00edas se capacitaron en Primeros Auxilios y en Soporte Vital B\u00e1sico | CVI NOTICIAS","isPartOf":{"@id":"https:\/\/cvinoticias.com\/v3\/#website"},"primaryImageOfPage":{"@id":"https:\/\/cvinoticias.com\/v3\/puerto-iguazu-policias-se-capacitaron-en-primeros-auxilios-y-en-soporte-vital-basico\/#primaryimage"},"image":{"@id":"https:\/\/cvinoticias.com\/v3\/puerto-iguazu-policias-se-capacitaron-en-primeros-auxilios-y-en-soporte-vital-basico\/#primaryimage"},"thumbnailUrl":"https:\/\/cvinoticias.com\/wp-content\/uploads\/2021\/09\/FB_IMG_1632313628768.jpg","datePublished":"2021-09-22T12:31:21+00:00","breadcrumb":{"@id":"https:\/\/cvinoticias.com\/v3\/puerto-iguazu-policias-se-capacitaron-en-primeros-auxilios-y-en-soporte-vital-basico\/#breadcrumb"},"inLanguage":"es","potentialAction":[{"@type":"ReadAction","target":["https:\/\/cvinoticias.com\/v3\/puerto-iguazu-policias-se-capacitaron-en-primeros-auxilios-y-en-soporte-vital-basico\/"]}]},{"@type":"ImageObject","inLanguage":"es","@id":"https:\/\/cvinoticias.com\/v3\/puerto-iguazu-policias-se-capacitaron-en-primeros-auxilios-y-en-soporte-vital-basico\/#primaryimage","url":"https:\/\/cvinoticias.com\/wp-content\/uploads\/2021\/09\/FB_IMG_1632313628768.jpg","contentUrl":"https:\/\/cvinoticias.com\/wp-content\/uploads\/2021\/09\/FB_IMG_1632313628768.jpg","width":675,"height":477},{"@type":"BreadcrumbList","@id":"https:\/\/cvinoticias.com\/v3\/puerto-iguazu-policias-se-capacitaron-en-primeros-auxilios-y-en-soporte-vital-basico\/#breadcrumb","itemListElement":[{"@type":"ListItem","position":1,"name":"Portada","item":"https:\/\/cvinoticias.com\/v3\/"},{"@type":"ListItem","position":2,"name":"Puerto Iguaz\u00fa: Polic\u00edas se capacitaron en Primeros Auxilios y en Soporte Vital B\u00e1sico"}]},{"@type":"WebSite","@id":"https:\/\/cvinoticias.com\/v3\/#website","url":"https:\/\/cvinoticias.com\/v3\/","name":"CVI NOTICIAS","description":"","publisher":{"@id":"https:\/\/cvinoticias.com\/v3\/#organization"},"alternateName":"CVI","potentialAction":[{"@type":"SearchAction","target":{"@type":"EntryPoint","urlTemplate":"https:\/\/cvinoticias.com\/v3\/?s={search_term_string}"},"query-input":{"@type":"PropertyValueSpecification","valueRequired":true,"valueName":"search_term_string"}}],"inLanguage":"es"},{"@type":"Organization","@id":"https:\/\/cvinoticias.com\/v3\/#organization","name":"CVI NOTICIAS","url":"https:\/\/cvinoticias.com\/v3\/","logo":{"@type":"ImageObject","inLanguage":"es","@id":"https:\/\/cvinoticias.com\/v3\/#\/schema\/logo\/image\/","url":"https:\/\/cvinoticias.com\/wp-content\/uploads\/2023\/04\/cropped-cropped-cropped-cropped-cropped-3-1.png","contentUrl":"https:\/\/cvinoticias.com\/wp-content\/uploads\/2023\/04\/cropped-cropped-cropped-cropped-cropped-3-1.png","width":95,"height":122,"caption":"CVI NOTICIAS"},"image":{"@id":"https:\/\/cvinoticias.com\/v3\/#\/schema\/logo\/image\/"},"sameAs":["https:\/\/www.facebook.com\/cvinoticias","https:\/\/www.instagram.com\/cvinoticias\/","https:\/\/www.youtube.com\/@CVINOTICIAS"]},{"@type":"Person","@id":"https:\/\/cvinoticias.com\/v3\/#\/schema\/person\/2db77e3c6bc03c538495d7b2b8be9b66","name":"f1000024","image":{"@type":"ImageObject","inLanguage":"es","@id":"https:\/\/secure.gravatar.com\/avatar\/d4fe7459cfc51ff5129ce1a732bbef5928568b8092d412ef95611616376bbeed?s=96&d=mm&r=g","url":"https:\/\/secure.gravatar.com\/avatar\/d4fe7459cfc51ff5129ce1a732bbef5928568b8092d412ef95611616376bbeed?s=96&d=mm&r=g","contentUrl":"https:\/\/secure.gravatar.com\/avatar\/d4fe7459cfc51ff5129ce1a732bbef5928568b8092d412ef95611616376bbeed?s=96&d=mm&r=g","caption":"f1000024"},"url":"https:\/\/cvinoticias.com\/v3\/author\/f1000024\/"}]}},"_links":{"self":[{"href":"https:\/\/cvinoticias.com\/v3\/wp-json\/wp\/v2\/posts\/8768","targetHints":{"allow":["GET"]}}],"collection":[{"href":"https:\/\/cvinoticias.com\/v3\/wp-json\/wp\/v2\/posts"}],"about":[{"href":"https:\/\/cvinoticias.com\/v3\/wp-json\/wp\/v2\/types\/post"}],"author":[{"embeddable":true,"href":"https:\/\/cvinoticias.com\/v3\/wp-json\/wp\/v2\/users\/2"}],"replies":[{"embeddable":true,"href":"https:\/\/cvinoticias.com\/v3\/wp-json\/wp\/v2\/comments?post=8768"}],"version-history":[{"count":1,"href":"https:\/\/cvinoticias.com\/v3\/wp-json\/wp\/v2\/posts\/8768\/revisions"}],"predecessor-version":[{"id":8772,"href":"https:\/\/cvinoticias.com\/v3\/wp-json\/wp\/v2\/posts\/8768\/revisions\/8772"}],"wp:featuredmedia":[{"embeddable":true,"href":"https:\/\/cvinoticias.com\/v3\/wp-json\/wp\/v2\/media\/8771"}],"wp:attachment":[{"href":"https:\/\/cvinoticias.com\/v3\/wp-json\/wp\/v2\/media?parent=8768"}],"wp:term":[{"taxonomy":"category","embeddable":true,"href":"https:\/\/cvinoticias.com\/v3\/wp-json\/wp\/v2\/categories?post=8768"},{"taxonomy":"post_tag","embeddable":true,"href":"https:\/\/cvinoticias.com\/v3\/wp-json\/wp\/v2\/tags?post=8768"}],"curies":[{"name":"wp","href":"https:\/\/api.w.org\/{rel}","templated":true}]}}