{"id":8690,"date":"2021-09-20T13:51:47","date_gmt":"2021-09-20T13:51:47","guid":{"rendered":"https:\/\/cvinoticias.com\/v3\/?p=8690"},"modified":"2021-09-20T13:51:47","modified_gmt":"2021-09-20T13:51:47","slug":"ahora-mama-los-comercios-que-no-se-encuentran-participando-en-los-programas-ahora-tienen-tiempo-hasta-el-23-9-para-incribirse","status":"publish","type":"post","link":"https:\/\/cvinoticias.com\/v3\/ahora-mama-los-comercios-que-no-se-encuentran-participando-en-los-programas-ahora-tienen-tiempo-hasta-el-23-9-para-incribirse\/","title":{"rendered":"\u00abAhora Mam\u00e1\u00bb: Los comercios que no se encuentran participando en los programas \u00abAhora\u00bb, tienen tiempo hasta el 23\/9 para incribirse"},"content":{"rendered":"\n<p><strong><em>El Gobernador Oscar Herrera Ahuad present\u00f3 este \u00faltimo viernes una nueva edici\u00f3n del programa Ahora Mam\u00e1 que, a trav\u00e9s de reintegros y financiaci\u00f3n, permitir\u00e1 a los comercios adheridos ofrecer los d\u00edas 15 y 16 de octubre hasta un 20% de reintegro y la posibilidad de abonar hasta en 12 cuotas sin inter\u00e9s con tarjetas del Banco Macro.<\/em><\/strong><\/p>\n\n\n\n<p>Los comercios que ya se encuentran activos en los programas Ahora Misiones y Ahora Misiones +15%, que apliquen en los rubros incluidos, quedar\u00e1n habilitados autom\u00e1ticamente durante esos d\u00edas para operar con los beneficios. Mientras que aquellos que no se encuentren participando de los Programas Ahora, podr\u00e1n hacerlo hasta este jueves 23 de septiembre cre\u00e1ndose una cuenta mediante el link: https:\/\/ahora.misiones.gob.ar\/#\/programa\/ahora-mama y completando los requisitos correspondientes para participar del especial Ahora Mam\u00e1.<\/p>\n\n\n\n<p>Aquellos comerciantes adheridos autom\u00e1ticamente, por operar con el Ahora Misiones y Ahora Misiones +15%, que no deseen participar, deber\u00e1n informarlo enviando un mail a adhesiones@ahora.misiones.gob.ar, tienen tiempo de hacerlo hasta el 23\/09.<\/p>\n\n\n\n<p>Durante el viernes 15 y s\u00e1bado 16 de octubre, en los comercios habilitados se podr\u00e1n realizar compras en 1, 3, 6 o 12 cuotas sin inter\u00e9s pagando con las tarjetas Visa, Mastercard y American Express del Banco Macro, con un l\u00edmite financiable de $70.000 por marca de tarjeta de cr\u00e9dito y por comercio. El reintegro por la compra (con tope de devoluci\u00f3n de $5.500) ser\u00e1 del 20% en comercios misioneros y del 15% en caso de los comercios que tengan sede central fuera de la provincia.<\/p>\n\n\n\n<p>En esta edici\u00f3n los rubros comprendidos ser\u00e1n de indumentaria, art\u00edculos para el hogar, calzados y marroquiner\u00edas, electrodom\u00e9sticos, computadoras, notebooks, tabletas, celulares, \u00f3ptica, art\u00edculos deportivos, bicicleter\u00edas, relojer\u00edas, obras de arte y colecci\u00f3n, perfumer\u00eda y regaler\u00edas.<\/p>\n\n\n\n<p>En la presentaci\u00f3n estuvieron presentes el responsable del \u00e1rea de Relaciones P\u00fablicas del Banco Macro, Miguel Ayala; el vicepresidente de la Confederaci\u00f3n Econ\u00f3mica de Misiones, Mart\u00edn Oria y el presidente de la C\u00e1mara de Comercio e Industria de Posadas, Sergio Bresiski junto a Fernando Vely, quien tambi\u00e9n cumple funciones en ese organismo.<\/p>\n\n\n\n<figure class=\"wp-block-image size-full\"><a href=\"https:\/\/cvinoticias.com\/wp-content\/uploads\/2021\/09\/ahora_misiones.jpg\"><img decoding=\"async\" width=\"526\" height=\"362\" data-src=\"https:\/\/cvinoticias.com\/wp-content\/uploads\/2021\/09\/ahora_misiones.jpg\" alt=\"\" class=\"wp-image-8692 lazyload\" data-srcset=\"https:\/\/cvinoticias.com\/wp-content\/uploads\/2021\/09\/ahora_misiones.jpg 526w, https:\/\/cvinoticias.com\/wp-content\/uploads\/2021\/09\/ahora_misiones-300x206.jpg 300w\" data-sizes=\"(max-width: 526px) 100vw, 526px\" src=\"data:image\/svg+xml;base64,PHN2ZyB3aWR0aD0iMSIgaGVpZ2h0PSIxIiB4bWxucz0iaHR0cDovL3d3dy53My5vcmcvMjAwMC9zdmciPjwvc3ZnPg==\" style=\"--smush-placeholder-width: 526px; --smush-placeholder-aspect-ratio: 526\/362;\" \/><\/a><\/figure>\n","protected":false},"excerpt":{"rendered":"<p>El Gobernador Oscar Herrera Ahuad present\u00f3 este \u00faltimo viernes una nueva edici\u00f3n del programa Ahora Mam\u00e1 que, a trav\u00e9s de reintegros y financiaci\u00f3n, permitir\u00e1 a los comercios adheridos ofrecer los d\u00edas 15 y 16 de octubre hasta un 20% de reintegro y la posibilidad de abonar hasta en 12 cuotas sin inter\u00e9s con tarjetas del [&hellip;]<\/p>\n","protected":false},"author":2,"featured_media":8691,"comment_status":"open","ping_status":"open","sticky":false,"template":"","format":"standard","meta":{"footnotes":""},"categories":[32],"tags":[],"class_list":["post-8690","post","type-post","status-publish","format-standard","has-post-thumbnail","hentry","category-economia"],"yoast_head":"<!-- This site is optimized with the Yoast SEO plugin v27.5 - https:\/\/yoast.com\/product\/yoast-seo-wordpress\/ -->\n<title>&quot;Ahora Mam\u00e1&quot;: Los comercios que no se encuentran participando en los programas &quot;Ahora&quot;, tienen tiempo hasta el 23\/9 para incribirse | CVI NOTICIAS<\/title>\n<meta name=\"robots\" content=\"index, follow, max-snippet:-1, max-image-preview:large, max-video-preview:-1\" \/>\n<link rel=\"canonical\" href=\"https:\/\/cvinoticias.com\/v3\/ahora-mama-los-comercios-que-no-se-encuentran-participando-en-los-programas-ahora-tienen-tiempo-hasta-el-23-9-para-incribirse\/\" \/>\n<meta property=\"og:locale\" content=\"es_ES\" \/>\n<meta property=\"og:type\" content=\"article\" \/>\n<meta property=\"og:title\" content=\"&quot;Ahora Mam\u00e1&quot;: Los comercios que no se encuentran participando en los programas &quot;Ahora&quot;, tienen tiempo hasta el 23\/9 para incribirse | CVI NOTICIAS\" \/>\n<meta property=\"og:description\" content=\"El Gobernador Oscar Herrera Ahuad present\u00f3 este \u00faltimo viernes una nueva edici\u00f3n del programa Ahora Mam\u00e1 que, a trav\u00e9s de reintegros y financiaci\u00f3n, permitir\u00e1 a los comercios adheridos ofrecer los d\u00edas 15 y 16 de octubre hasta un 20% de reintegro y la posibilidad de abonar hasta en 12 cuotas sin inter\u00e9s con tarjetas del [&hellip;]\" \/>\n<meta property=\"og:url\" content=\"https:\/\/cvinoticias.com\/v3\/ahora-mama-los-comercios-que-no-se-encuentran-participando-en-los-programas-ahora-tienen-tiempo-hasta-el-23-9-para-incribirse\/\" \/>\n<meta property=\"og:site_name\" content=\"CVI NOTICIAS\" \/>\n<meta property=\"article:publisher\" content=\"https:\/\/www.facebook.com\/cvinoticias\" \/>\n<meta property=\"article:published_time\" content=\"2021-09-20T13:51:47+00:00\" \/>\n<meta property=\"og:image\" content=\"https:\/\/cvinoticias.com\/wp-content\/uploads\/2021\/09\/WhatsApp-Image-2021-09-17-at-11.56.58.jpeg\" \/>\n\t<meta property=\"og:image:width\" content=\"720\" \/>\n\t<meta property=\"og:image:height\" content=\"390\" \/>\n\t<meta property=\"og:image:type\" content=\"image\/jpeg\" \/>\n<meta name=\"author\" content=\"f1000024\" \/>\n<meta name=\"twitter:card\" content=\"summary_large_image\" \/>\n<meta name=\"twitter:label1\" content=\"Escrito por\" \/>\n\t<meta name=\"twitter:data1\" content=\"f1000024\" \/>\n\t<meta name=\"twitter:label2\" content=\"Tiempo de lectura\" \/>\n\t<meta name=\"twitter:data2\" content=\"2 minutos\" \/>\n<script type=\"application\/ld+json\" class=\"yoast-schema-graph\">{\"@context\":\"https:\\\/\\\/schema.org\",\"@graph\":[{\"@type\":\"Article\",\"@id\":\"https:\\\/\\\/cvinoticias.com\\\/v3\\\/ahora-mama-los-comercios-que-no-se-encuentran-participando-en-los-programas-ahora-tienen-tiempo-hasta-el-23-9-para-incribirse\\\/#article\",\"isPartOf\":{\"@id\":\"https:\\\/\\\/cvinoticias.com\\\/v3\\\/ahora-mama-los-comercios-que-no-se-encuentran-participando-en-los-programas-ahora-tienen-tiempo-hasta-el-23-9-para-incribirse\\\/\"},\"author\":{\"name\":\"f1000024\",\"@id\":\"https:\\\/\\\/cvinoticias.com\\\/v3\\\/#\\\/schema\\\/person\\\/2db77e3c6bc03c538495d7b2b8be9b66\"},\"headline\":\"\u00abAhora Mam\u00e1\u00bb: Los comercios que no se encuentran participando en los programas \u00abAhora\u00bb, tienen tiempo hasta el 23\\\/9 para incribirse\",\"datePublished\":\"2021-09-20T13:51:47+00:00\",\"mainEntityOfPage\":{\"@id\":\"https:\\\/\\\/cvinoticias.com\\\/v3\\\/ahora-mama-los-comercios-que-no-se-encuentran-participando-en-los-programas-ahora-tienen-tiempo-hasta-el-23-9-para-incribirse\\\/\"},\"wordCount\":379,\"commentCount\":0,\"publisher\":{\"@id\":\"https:\\\/\\\/cvinoticias.com\\\/v3\\\/#organization\"},\"image\":{\"@id\":\"https:\\\/\\\/cvinoticias.com\\\/v3\\\/ahora-mama-los-comercios-que-no-se-encuentran-participando-en-los-programas-ahora-tienen-tiempo-hasta-el-23-9-para-incribirse\\\/#primaryimage\"},\"thumbnailUrl\":\"https:\\\/\\\/cvinoticias.com\\\/wp-content\\\/uploads\\\/2021\\\/09\\\/WhatsApp-Image-2021-09-17-at-11.56.58.jpeg\",\"articleSection\":[\"Econom\u00eda\"],\"inLanguage\":\"es\",\"potentialAction\":[{\"@type\":\"CommentAction\",\"name\":\"Comment\",\"target\":[\"https:\\\/\\\/cvinoticias.com\\\/v3\\\/ahora-mama-los-comercios-que-no-se-encuentran-participando-en-los-programas-ahora-tienen-tiempo-hasta-el-23-9-para-incribirse\\\/#respond\"]}]},{\"@type\":\"WebPage\",\"@id\":\"https:\\\/\\\/cvinoticias.com\\\/v3\\\/ahora-mama-los-comercios-que-no-se-encuentran-participando-en-los-programas-ahora-tienen-tiempo-hasta-el-23-9-para-incribirse\\\/\",\"url\":\"https:\\\/\\\/cvinoticias.com\\\/v3\\\/ahora-mama-los-comercios-que-no-se-encuentran-participando-en-los-programas-ahora-tienen-tiempo-hasta-el-23-9-para-incribirse\\\/\",\"name\":\"\\\"Ahora Mam\u00e1\\\": Los comercios que no se encuentran participando en los programas \\\"Ahora\\\", tienen tiempo hasta el 23\\\/9 para incribirse | CVI NOTICIAS\",\"isPartOf\":{\"@id\":\"https:\\\/\\\/cvinoticias.com\\\/v3\\\/#website\"},\"primaryImageOfPage\":{\"@id\":\"https:\\\/\\\/cvinoticias.com\\\/v3\\\/ahora-mama-los-comercios-que-no-se-encuentran-participando-en-los-programas-ahora-tienen-tiempo-hasta-el-23-9-para-incribirse\\\/#primaryimage\"},\"image\":{\"@id\":\"https:\\\/\\\/cvinoticias.com\\\/v3\\\/ahora-mama-los-comercios-que-no-se-encuentran-participando-en-los-programas-ahora-tienen-tiempo-hasta-el-23-9-para-incribirse\\\/#primaryimage\"},\"thumbnailUrl\":\"https:\\\/\\\/cvinoticias.com\\\/wp-content\\\/uploads\\\/2021\\\/09\\\/WhatsApp-Image-2021-09-17-at-11.56.58.jpeg\",\"datePublished\":\"2021-09-20T13:51:47+00:00\",\"breadcrumb\":{\"@id\":\"https:\\\/\\\/cvinoticias.com\\\/v3\\\/ahora-mama-los-comercios-que-no-se-encuentran-participando-en-los-programas-ahora-tienen-tiempo-hasta-el-23-9-para-incribirse\\\/#breadcrumb\"},\"inLanguage\":\"es\",\"potentialAction\":[{\"@type\":\"ReadAction\",\"target\":[\"https:\\\/\\\/cvinoticias.com\\\/v3\\\/ahora-mama-los-comercios-que-no-se-encuentran-participando-en-los-programas-ahora-tienen-tiempo-hasta-el-23-9-para-incribirse\\\/\"]}]},{\"@type\":\"ImageObject\",\"inLanguage\":\"es\",\"@id\":\"https:\\\/\\\/cvinoticias.com\\\/v3\\\/ahora-mama-los-comercios-que-no-se-encuentran-participando-en-los-programas-ahora-tienen-tiempo-hasta-el-23-9-para-incribirse\\\/#primaryimage\",\"url\":\"https:\\\/\\\/cvinoticias.com\\\/wp-content\\\/uploads\\\/2021\\\/09\\\/WhatsApp-Image-2021-09-17-at-11.56.58.jpeg\",\"contentUrl\":\"https:\\\/\\\/cvinoticias.com\\\/wp-content\\\/uploads\\\/2021\\\/09\\\/WhatsApp-Image-2021-09-17-at-11.56.58.jpeg\",\"width\":720,\"height\":390},{\"@type\":\"BreadcrumbList\",\"@id\":\"https:\\\/\\\/cvinoticias.com\\\/v3\\\/ahora-mama-los-comercios-que-no-se-encuentran-participando-en-los-programas-ahora-tienen-tiempo-hasta-el-23-9-para-incribirse\\\/#breadcrumb\",\"itemListElement\":[{\"@type\":\"ListItem\",\"position\":1,\"name\":\"Portada\",\"item\":\"https:\\\/\\\/cvinoticias.com\\\/v3\\\/\"},{\"@type\":\"ListItem\",\"position\":2,\"name\":\"\u00abAhora Mam\u00e1\u00bb: Los comercios que no se encuentran participando en los programas \u00abAhora\u00bb, tienen tiempo hasta el 23\\\/9 para incribirse\"}]},{\"@type\":\"WebSite\",\"@id\":\"https:\\\/\\\/cvinoticias.com\\\/v3\\\/#website\",\"url\":\"https:\\\/\\\/cvinoticias.com\\\/v3\\\/\",\"name\":\"CVI NOTICIAS\",\"description\":\"\",\"publisher\":{\"@id\":\"https:\\\/\\\/cvinoticias.com\\\/v3\\\/#organization\"},\"alternateName\":\"CVI\",\"potentialAction\":[{\"@type\":\"SearchAction\",\"target\":{\"@type\":\"EntryPoint\",\"urlTemplate\":\"https:\\\/\\\/cvinoticias.com\\\/v3\\\/?s={search_term_string}\"},\"query-input\":{\"@type\":\"PropertyValueSpecification\",\"valueRequired\":true,\"valueName\":\"search_term_string\"}}],\"inLanguage\":\"es\"},{\"@type\":\"Organization\",\"@id\":\"https:\\\/\\\/cvinoticias.com\\\/v3\\\/#organization\",\"name\":\"CVI NOTICIAS\",\"url\":\"https:\\\/\\\/cvinoticias.com\\\/v3\\\/\",\"logo\":{\"@type\":\"ImageObject\",\"inLanguage\":\"es\",\"@id\":\"https:\\\/\\\/cvinoticias.com\\\/v3\\\/#\\\/schema\\\/logo\\\/image\\\/\",\"url\":\"https:\\\/\\\/cvinoticias.com\\\/wp-content\\\/uploads\\\/2023\\\/04\\\/cropped-cropped-cropped-cropped-cropped-3-1.png\",\"contentUrl\":\"https:\\\/\\\/cvinoticias.com\\\/wp-content\\\/uploads\\\/2023\\\/04\\\/cropped-cropped-cropped-cropped-cropped-3-1.png\",\"width\":95,\"height\":122,\"caption\":\"CVI NOTICIAS\"},\"image\":{\"@id\":\"https:\\\/\\\/cvinoticias.com\\\/v3\\\/#\\\/schema\\\/logo\\\/image\\\/\"},\"sameAs\":[\"https:\\\/\\\/www.facebook.com\\\/cvinoticias\",\"https:\\\/\\\/www.instagram.com\\\/cvinoticias\\\/\",\"https:\\\/\\\/www.youtube.com\\\/@CVINOTICIAS\"]},{\"@type\":\"Person\",\"@id\":\"https:\\\/\\\/cvinoticias.com\\\/v3\\\/#\\\/schema\\\/person\\\/2db77e3c6bc03c538495d7b2b8be9b66\",\"name\":\"f1000024\",\"image\":{\"@type\":\"ImageObject\",\"inLanguage\":\"es\",\"@id\":\"https:\\\/\\\/secure.gravatar.com\\\/avatar\\\/d4fe7459cfc51ff5129ce1a732bbef5928568b8092d412ef95611616376bbeed?s=96&d=mm&r=g\",\"url\":\"https:\\\/\\\/secure.gravatar.com\\\/avatar\\\/d4fe7459cfc51ff5129ce1a732bbef5928568b8092d412ef95611616376bbeed?s=96&d=mm&r=g\",\"contentUrl\":\"https:\\\/\\\/secure.gravatar.com\\\/avatar\\\/d4fe7459cfc51ff5129ce1a732bbef5928568b8092d412ef95611616376bbeed?s=96&d=mm&r=g\",\"caption\":\"f1000024\"},\"url\":\"https:\\\/\\\/cvinoticias.com\\\/v3\\\/author\\\/f1000024\\\/\"}]}<\/script>\n<!-- \/ Yoast SEO plugin. -->","yoast_head_json":{"title":"\"Ahora Mam\u00e1\": Los comercios que no se encuentran participando en los programas \"Ahora\", tienen tiempo hasta el 23\/9 para incribirse | CVI NOTICIAS","robots":{"index":"index","follow":"follow","max-snippet":"max-snippet:-1","max-image-preview":"max-image-preview:large","max-video-preview":"max-video-preview:-1"},"canonical":"https:\/\/cvinoticias.com\/v3\/ahora-mama-los-comercios-que-no-se-encuentran-participando-en-los-programas-ahora-tienen-tiempo-hasta-el-23-9-para-incribirse\/","og_locale":"es_ES","og_type":"article","og_title":"\"Ahora Mam\u00e1\": Los comercios que no se encuentran participando en los programas \"Ahora\", tienen tiempo hasta el 23\/9 para incribirse | CVI NOTICIAS","og_description":"El Gobernador Oscar Herrera Ahuad present\u00f3 este \u00faltimo viernes una nueva edici\u00f3n del programa Ahora Mam\u00e1 que, a trav\u00e9s de reintegros y financiaci\u00f3n, permitir\u00e1 a los comercios adheridos ofrecer los d\u00edas 15 y 16 de octubre hasta un 20% de reintegro y la posibilidad de abonar hasta en 12 cuotas sin inter\u00e9s con tarjetas del [&hellip;]","og_url":"https:\/\/cvinoticias.com\/v3\/ahora-mama-los-comercios-que-no-se-encuentran-participando-en-los-programas-ahora-tienen-tiempo-hasta-el-23-9-para-incribirse\/","og_site_name":"CVI NOTICIAS","article_publisher":"https:\/\/www.facebook.com\/cvinoticias","article_published_time":"2021-09-20T13:51:47+00:00","og_image":[{"width":720,"height":390,"url":"https:\/\/cvinoticias.com\/wp-content\/uploads\/2021\/09\/WhatsApp-Image-2021-09-17-at-11.56.58.jpeg","type":"image\/jpeg"}],"author":"f1000024","twitter_card":"summary_large_image","twitter_misc":{"Escrito por":"f1000024","Tiempo de lectura":"2 minutos"},"schema":{"@context":"https:\/\/schema.org","@graph":[{"@type":"Article","@id":"https:\/\/cvinoticias.com\/v3\/ahora-mama-los-comercios-que-no-se-encuentran-participando-en-los-programas-ahora-tienen-tiempo-hasta-el-23-9-para-incribirse\/#article","isPartOf":{"@id":"https:\/\/cvinoticias.com\/v3\/ahora-mama-los-comercios-que-no-se-encuentran-participando-en-los-programas-ahora-tienen-tiempo-hasta-el-23-9-para-incribirse\/"},"author":{"name":"f1000024","@id":"https:\/\/cvinoticias.com\/v3\/#\/schema\/person\/2db77e3c6bc03c538495d7b2b8be9b66"},"headline":"\u00abAhora Mam\u00e1\u00bb: Los comercios que no se encuentran participando en los programas \u00abAhora\u00bb, tienen tiempo hasta el 23\/9 para incribirse","datePublished":"2021-09-20T13:51:47+00:00","mainEntityOfPage":{"@id":"https:\/\/cvinoticias.com\/v3\/ahora-mama-los-comercios-que-no-se-encuentran-participando-en-los-programas-ahora-tienen-tiempo-hasta-el-23-9-para-incribirse\/"},"wordCount":379,"commentCount":0,"publisher":{"@id":"https:\/\/cvinoticias.com\/v3\/#organization"},"image":{"@id":"https:\/\/cvinoticias.com\/v3\/ahora-mama-los-comercios-que-no-se-encuentran-participando-en-los-programas-ahora-tienen-tiempo-hasta-el-23-9-para-incribirse\/#primaryimage"},"thumbnailUrl":"https:\/\/cvinoticias.com\/wp-content\/uploads\/2021\/09\/WhatsApp-Image-2021-09-17-at-11.56.58.jpeg","articleSection":["Econom\u00eda"],"inLanguage":"es","potentialAction":[{"@type":"CommentAction","name":"Comment","target":["https:\/\/cvinoticias.com\/v3\/ahora-mama-los-comercios-que-no-se-encuentran-participando-en-los-programas-ahora-tienen-tiempo-hasta-el-23-9-para-incribirse\/#respond"]}]},{"@type":"WebPage","@id":"https:\/\/cvinoticias.com\/v3\/ahora-mama-los-comercios-que-no-se-encuentran-participando-en-los-programas-ahora-tienen-tiempo-hasta-el-23-9-para-incribirse\/","url":"https:\/\/cvinoticias.com\/v3\/ahora-mama-los-comercios-que-no-se-encuentran-participando-en-los-programas-ahora-tienen-tiempo-hasta-el-23-9-para-incribirse\/","name":"\"Ahora Mam\u00e1\": Los comercios que no se encuentran participando en los programas \"Ahora\", tienen tiempo hasta el 23\/9 para incribirse | CVI NOTICIAS","isPartOf":{"@id":"https:\/\/cvinoticias.com\/v3\/#website"},"primaryImageOfPage":{"@id":"https:\/\/cvinoticias.com\/v3\/ahora-mama-los-comercios-que-no-se-encuentran-participando-en-los-programas-ahora-tienen-tiempo-hasta-el-23-9-para-incribirse\/#primaryimage"},"image":{"@id":"https:\/\/cvinoticias.com\/v3\/ahora-mama-los-comercios-que-no-se-encuentran-participando-en-los-programas-ahora-tienen-tiempo-hasta-el-23-9-para-incribirse\/#primaryimage"},"thumbnailUrl":"https:\/\/cvinoticias.com\/wp-content\/uploads\/2021\/09\/WhatsApp-Image-2021-09-17-at-11.56.58.jpeg","datePublished":"2021-09-20T13:51:47+00:00","breadcrumb":{"@id":"https:\/\/cvinoticias.com\/v3\/ahora-mama-los-comercios-que-no-se-encuentran-participando-en-los-programas-ahora-tienen-tiempo-hasta-el-23-9-para-incribirse\/#breadcrumb"},"inLanguage":"es","potentialAction":[{"@type":"ReadAction","target":["https:\/\/cvinoticias.com\/v3\/ahora-mama-los-comercios-que-no-se-encuentran-participando-en-los-programas-ahora-tienen-tiempo-hasta-el-23-9-para-incribirse\/"]}]},{"@type":"ImageObject","inLanguage":"es","@id":"https:\/\/cvinoticias.com\/v3\/ahora-mama-los-comercios-que-no-se-encuentran-participando-en-los-programas-ahora-tienen-tiempo-hasta-el-23-9-para-incribirse\/#primaryimage","url":"https:\/\/cvinoticias.com\/wp-content\/uploads\/2021\/09\/WhatsApp-Image-2021-09-17-at-11.56.58.jpeg","contentUrl":"https:\/\/cvinoticias.com\/wp-content\/uploads\/2021\/09\/WhatsApp-Image-2021-09-17-at-11.56.58.jpeg","width":720,"height":390},{"@type":"BreadcrumbList","@id":"https:\/\/cvinoticias.com\/v3\/ahora-mama-los-comercios-que-no-se-encuentran-participando-en-los-programas-ahora-tienen-tiempo-hasta-el-23-9-para-incribirse\/#breadcrumb","itemListElement":[{"@type":"ListItem","position":1,"name":"Portada","item":"https:\/\/cvinoticias.com\/v3\/"},{"@type":"ListItem","position":2,"name":"\u00abAhora Mam\u00e1\u00bb: Los comercios que no se encuentran participando en los programas \u00abAhora\u00bb, tienen tiempo hasta el 23\/9 para incribirse"}]},{"@type":"WebSite","@id":"https:\/\/cvinoticias.com\/v3\/#website","url":"https:\/\/cvinoticias.com\/v3\/","name":"CVI NOTICIAS","description":"","publisher":{"@id":"https:\/\/cvinoticias.com\/v3\/#organization"},"alternateName":"CVI","potentialAction":[{"@type":"SearchAction","target":{"@type":"EntryPoint","urlTemplate":"https:\/\/cvinoticias.com\/v3\/?s={search_term_string}"},"query-input":{"@type":"PropertyValueSpecification","valueRequired":true,"valueName":"search_term_string"}}],"inLanguage":"es"},{"@type":"Organization","@id":"https:\/\/cvinoticias.com\/v3\/#organization","name":"CVI NOTICIAS","url":"https:\/\/cvinoticias.com\/v3\/","logo":{"@type":"ImageObject","inLanguage":"es","@id":"https:\/\/cvinoticias.com\/v3\/#\/schema\/logo\/image\/","url":"https:\/\/cvinoticias.com\/wp-content\/uploads\/2023\/04\/cropped-cropped-cropped-cropped-cropped-3-1.png","contentUrl":"https:\/\/cvinoticias.com\/wp-content\/uploads\/2023\/04\/cropped-cropped-cropped-cropped-cropped-3-1.png","width":95,"height":122,"caption":"CVI NOTICIAS"},"image":{"@id":"https:\/\/cvinoticias.com\/v3\/#\/schema\/logo\/image\/"},"sameAs":["https:\/\/www.facebook.com\/cvinoticias","https:\/\/www.instagram.com\/cvinoticias\/","https:\/\/www.youtube.com\/@CVINOTICIAS"]},{"@type":"Person","@id":"https:\/\/cvinoticias.com\/v3\/#\/schema\/person\/2db77e3c6bc03c538495d7b2b8be9b66","name":"f1000024","image":{"@type":"ImageObject","inLanguage":"es","@id":"https:\/\/secure.gravatar.com\/avatar\/d4fe7459cfc51ff5129ce1a732bbef5928568b8092d412ef95611616376bbeed?s=96&d=mm&r=g","url":"https:\/\/secure.gravatar.com\/avatar\/d4fe7459cfc51ff5129ce1a732bbef5928568b8092d412ef95611616376bbeed?s=96&d=mm&r=g","contentUrl":"https:\/\/secure.gravatar.com\/avatar\/d4fe7459cfc51ff5129ce1a732bbef5928568b8092d412ef95611616376bbeed?s=96&d=mm&r=g","caption":"f1000024"},"url":"https:\/\/cvinoticias.com\/v3\/author\/f1000024\/"}]}},"_links":{"self":[{"href":"https:\/\/cvinoticias.com\/v3\/wp-json\/wp\/v2\/posts\/8690","targetHints":{"allow":["GET"]}}],"collection":[{"href":"https:\/\/cvinoticias.com\/v3\/wp-json\/wp\/v2\/posts"}],"about":[{"href":"https:\/\/cvinoticias.com\/v3\/wp-json\/wp\/v2\/types\/post"}],"author":[{"embeddable":true,"href":"https:\/\/cvinoticias.com\/v3\/wp-json\/wp\/v2\/users\/2"}],"replies":[{"embeddable":true,"href":"https:\/\/cvinoticias.com\/v3\/wp-json\/wp\/v2\/comments?post=8690"}],"version-history":[{"count":1,"href":"https:\/\/cvinoticias.com\/v3\/wp-json\/wp\/v2\/posts\/8690\/revisions"}],"predecessor-version":[{"id":8693,"href":"https:\/\/cvinoticias.com\/v3\/wp-json\/wp\/v2\/posts\/8690\/revisions\/8693"}],"wp:featuredmedia":[{"embeddable":true,"href":"https:\/\/cvinoticias.com\/v3\/wp-json\/wp\/v2\/media\/8691"}],"wp:attachment":[{"href":"https:\/\/cvinoticias.com\/v3\/wp-json\/wp\/v2\/media?parent=8690"}],"wp:term":[{"taxonomy":"category","embeddable":true,"href":"https:\/\/cvinoticias.com\/v3\/wp-json\/wp\/v2\/categories?post=8690"},{"taxonomy":"post_tag","embeddable":true,"href":"https:\/\/cvinoticias.com\/v3\/wp-json\/wp\/v2\/tags?post=8690"}],"curies":[{"name":"wp","href":"https:\/\/api.w.org\/{rel}","templated":true}]}}