{"id":8672,"date":"2021-09-19T23:06:50","date_gmt":"2021-09-19T23:06:50","guid":{"rendered":"https:\/\/cvinoticias.com\/v3\/?p=8672"},"modified":"2021-09-19T23:06:50","modified_gmt":"2021-09-19T23:06:50","slug":"murio-un-hombre-tras-volcar-con-su-camioneta-en-salto-encantado","status":"publish","type":"post","link":"https:\/\/cvinoticias.com\/v3\/murio-un-hombre-tras-volcar-con-su-camioneta-en-salto-encantado\/","title":{"rendered":"Muri\u00f3 un hombre tras volcar con su camioneta en Salto Encantado"},"content":{"rendered":"\n<p><strong><em>El siniestro vial, ocurri\u00f3 aproximadamente las 16:40 horas de hoy, sobre la ruta provincial 220 a mil metros del acceso a la localidad de Salto Encantado. En ese lugar, volc\u00f3 en un barranco una camioneta Chevrolet S10 que era conducida por Jorge Luis Hultgren de 53 a\u00f1os, oriundo de esa ciudad.<\/em><\/strong><\/p>\n\n\n\n<p>Por causas que son materia de pericias, el hombre despist\u00f3 sobre la cinta asf\u00e1ltica y termin\u00f3 sobre la barranca de manera invertida. A causa de los politraumatismos sufridos por el vuelco y la ca\u00edda, el hombre falleci\u00f3 en el acto.<\/p>\n\n\n\n<p>La divisi\u00f3n de Polic\u00eda Cient\u00edfica de la Unidad Regional XI realiz\u00f3 tareas de rigor en lugar. Asimismo, los bomberos de la polic\u00eda trabajaron en el sitio para extraer el cuerpo del interior veh\u00edculo.<\/p>\n\n\n\n<p>El Juzgado de Instrucci\u00f3n N\u00ba 1 de Ober\u00e1, orden\u00f3 que el cuerpo sea entregado a sus familiares.<\/p>\n","protected":false},"excerpt":{"rendered":"<p>El siniestro vial, ocurri\u00f3 aproximadamente las 16:40 horas de hoy, sobre la ruta provincial 220 a mil metros del acceso a la localidad de Salto Encantado. En ese lugar, volc\u00f3 en un barranco una camioneta Chevrolet S10 que era conducida por Jorge Luis Hultgren de 53 a\u00f1os, oriundo de esa ciudad. Por causas que son [&hellip;]<\/p>\n","protected":false},"author":2,"featured_media":8673,"comment_status":"open","ping_status":"open","sticky":false,"template":"","format":"standard","meta":{"footnotes":""},"categories":[41],"tags":[],"class_list":["post-8672","post","type-post","status-publish","format-standard","has-post-thumbnail","hentry","category-policiales"],"yoast_head":"<!-- This site is optimized with the Yoast SEO plugin v27.4 - https:\/\/yoast.com\/product\/yoast-seo-wordpress\/ -->\n<title>Muri\u00f3 un hombre tras volcar con su camioneta en Salto Encantado | CVI NOTICIAS<\/title>\n<meta name=\"robots\" content=\"index, follow, max-snippet:-1, max-image-preview:large, max-video-preview:-1\" \/>\n<link rel=\"canonical\" href=\"https:\/\/cvinoticias.com\/v3\/murio-un-hombre-tras-volcar-con-su-camioneta-en-salto-encantado\/\" \/>\n<meta property=\"og:locale\" content=\"es_ES\" \/>\n<meta property=\"og:type\" content=\"article\" \/>\n<meta property=\"og:title\" content=\"Muri\u00f3 un hombre tras volcar con su camioneta en Salto Encantado | CVI NOTICIAS\" \/>\n<meta property=\"og:description\" content=\"El siniestro vial, ocurri\u00f3 aproximadamente las 16:40 horas de hoy, sobre la ruta provincial 220 a mil metros del acceso a la localidad de Salto Encantado. En ese lugar, volc\u00f3 en un barranco una camioneta Chevrolet S10 que era conducida por Jorge Luis Hultgren de 53 a\u00f1os, oriundo de esa ciudad. Por causas que son [&hellip;]\" \/>\n<meta property=\"og:url\" content=\"https:\/\/cvinoticias.com\/v3\/murio-un-hombre-tras-volcar-con-su-camioneta-en-salto-encantado\/\" \/>\n<meta property=\"og:site_name\" content=\"CVI NOTICIAS\" \/>\n<meta property=\"article:publisher\" content=\"https:\/\/www.facebook.com\/cvinoticias\" \/>\n<meta property=\"article:published_time\" content=\"2021-09-19T23:06:50+00:00\" \/>\n<meta property=\"og:image\" content=\"https:\/\/cvinoticias.com\/wp-content\/uploads\/2021\/09\/IMG-20210919-WA0157.jpg\" \/>\n\t<meta property=\"og:image:width\" content=\"586\" \/>\n\t<meta property=\"og:image:height\" content=\"630\" \/>\n\t<meta property=\"og:image:type\" content=\"image\/jpeg\" \/>\n<meta name=\"author\" content=\"f1000024\" \/>\n<meta name=\"twitter:card\" content=\"summary_large_image\" \/>\n<meta name=\"twitter:label1\" content=\"Escrito por\" \/>\n\t<meta name=\"twitter:data1\" content=\"f1000024\" \/>\n\t<meta name=\"twitter:label2\" content=\"Tiempo de lectura\" \/>\n\t<meta name=\"twitter:data2\" content=\"1 minuto\" \/>\n<script type=\"application\/ld+json\" class=\"yoast-schema-graph\">{\"@context\":\"https:\\\/\\\/schema.org\",\"@graph\":[{\"@type\":\"Article\",\"@id\":\"https:\\\/\\\/cvinoticias.com\\\/v3\\\/murio-un-hombre-tras-volcar-con-su-camioneta-en-salto-encantado\\\/#article\",\"isPartOf\":{\"@id\":\"https:\\\/\\\/cvinoticias.com\\\/v3\\\/murio-un-hombre-tras-volcar-con-su-camioneta-en-salto-encantado\\\/\"},\"author\":{\"name\":\"f1000024\",\"@id\":\"https:\\\/\\\/cvinoticias.com\\\/v3\\\/#\\\/schema\\\/person\\\/2db77e3c6bc03c538495d7b2b8be9b66\"},\"headline\":\"Muri\u00f3 un hombre tras volcar con su camioneta en Salto Encantado\",\"datePublished\":\"2021-09-19T23:06:50+00:00\",\"mainEntityOfPage\":{\"@id\":\"https:\\\/\\\/cvinoticias.com\\\/v3\\\/murio-un-hombre-tras-volcar-con-su-camioneta-en-salto-encantado\\\/\"},\"wordCount\":157,\"commentCount\":0,\"publisher\":{\"@id\":\"https:\\\/\\\/cvinoticias.com\\\/v3\\\/#organization\"},\"image\":{\"@id\":\"https:\\\/\\\/cvinoticias.com\\\/v3\\\/murio-un-hombre-tras-volcar-con-su-camioneta-en-salto-encantado\\\/#primaryimage\"},\"thumbnailUrl\":\"https:\\\/\\\/cvinoticias.com\\\/wp-content\\\/uploads\\\/2021\\\/09\\\/IMG-20210919-WA0157.jpg\",\"articleSection\":[\"Policiales\"],\"inLanguage\":\"es\",\"potentialAction\":[{\"@type\":\"CommentAction\",\"name\":\"Comment\",\"target\":[\"https:\\\/\\\/cvinoticias.com\\\/v3\\\/murio-un-hombre-tras-volcar-con-su-camioneta-en-salto-encantado\\\/#respond\"]}]},{\"@type\":\"WebPage\",\"@id\":\"https:\\\/\\\/cvinoticias.com\\\/v3\\\/murio-un-hombre-tras-volcar-con-su-camioneta-en-salto-encantado\\\/\",\"url\":\"https:\\\/\\\/cvinoticias.com\\\/v3\\\/murio-un-hombre-tras-volcar-con-su-camioneta-en-salto-encantado\\\/\",\"name\":\"Muri\u00f3 un hombre tras volcar con su camioneta en Salto Encantado | CVI NOTICIAS\",\"isPartOf\":{\"@id\":\"https:\\\/\\\/cvinoticias.com\\\/v3\\\/#website\"},\"primaryImageOfPage\":{\"@id\":\"https:\\\/\\\/cvinoticias.com\\\/v3\\\/murio-un-hombre-tras-volcar-con-su-camioneta-en-salto-encantado\\\/#primaryimage\"},\"image\":{\"@id\":\"https:\\\/\\\/cvinoticias.com\\\/v3\\\/murio-un-hombre-tras-volcar-con-su-camioneta-en-salto-encantado\\\/#primaryimage\"},\"thumbnailUrl\":\"https:\\\/\\\/cvinoticias.com\\\/wp-content\\\/uploads\\\/2021\\\/09\\\/IMG-20210919-WA0157.jpg\",\"datePublished\":\"2021-09-19T23:06:50+00:00\",\"breadcrumb\":{\"@id\":\"https:\\\/\\\/cvinoticias.com\\\/v3\\\/murio-un-hombre-tras-volcar-con-su-camioneta-en-salto-encantado\\\/#breadcrumb\"},\"inLanguage\":\"es\",\"potentialAction\":[{\"@type\":\"ReadAction\",\"target\":[\"https:\\\/\\\/cvinoticias.com\\\/v3\\\/murio-un-hombre-tras-volcar-con-su-camioneta-en-salto-encantado\\\/\"]}]},{\"@type\":\"ImageObject\",\"inLanguage\":\"es\",\"@id\":\"https:\\\/\\\/cvinoticias.com\\\/v3\\\/murio-un-hombre-tras-volcar-con-su-camioneta-en-salto-encantado\\\/#primaryimage\",\"url\":\"https:\\\/\\\/cvinoticias.com\\\/wp-content\\\/uploads\\\/2021\\\/09\\\/IMG-20210919-WA0157.jpg\",\"contentUrl\":\"https:\\\/\\\/cvinoticias.com\\\/wp-content\\\/uploads\\\/2021\\\/09\\\/IMG-20210919-WA0157.jpg\",\"width\":586,\"height\":630},{\"@type\":\"BreadcrumbList\",\"@id\":\"https:\\\/\\\/cvinoticias.com\\\/v3\\\/murio-un-hombre-tras-volcar-con-su-camioneta-en-salto-encantado\\\/#breadcrumb\",\"itemListElement\":[{\"@type\":\"ListItem\",\"position\":1,\"name\":\"Portada\",\"item\":\"https:\\\/\\\/cvinoticias.com\\\/v3\\\/\"},{\"@type\":\"ListItem\",\"position\":2,\"name\":\"Muri\u00f3 un hombre tras volcar con su camioneta en Salto Encantado\"}]},{\"@type\":\"WebSite\",\"@id\":\"https:\\\/\\\/cvinoticias.com\\\/v3\\\/#website\",\"url\":\"https:\\\/\\\/cvinoticias.com\\\/v3\\\/\",\"name\":\"CVI NOTICIAS\",\"description\":\"\",\"publisher\":{\"@id\":\"https:\\\/\\\/cvinoticias.com\\\/v3\\\/#organization\"},\"alternateName\":\"CVI\",\"potentialAction\":[{\"@type\":\"SearchAction\",\"target\":{\"@type\":\"EntryPoint\",\"urlTemplate\":\"https:\\\/\\\/cvinoticias.com\\\/v3\\\/?s={search_term_string}\"},\"query-input\":{\"@type\":\"PropertyValueSpecification\",\"valueRequired\":true,\"valueName\":\"search_term_string\"}}],\"inLanguage\":\"es\"},{\"@type\":\"Organization\",\"@id\":\"https:\\\/\\\/cvinoticias.com\\\/v3\\\/#organization\",\"name\":\"CVI NOTICIAS\",\"url\":\"https:\\\/\\\/cvinoticias.com\\\/v3\\\/\",\"logo\":{\"@type\":\"ImageObject\",\"inLanguage\":\"es\",\"@id\":\"https:\\\/\\\/cvinoticias.com\\\/v3\\\/#\\\/schema\\\/logo\\\/image\\\/\",\"url\":\"https:\\\/\\\/cvinoticias.com\\\/wp-content\\\/uploads\\\/2023\\\/04\\\/cropped-cropped-cropped-cropped-cropped-3-1.png\",\"contentUrl\":\"https:\\\/\\\/cvinoticias.com\\\/wp-content\\\/uploads\\\/2023\\\/04\\\/cropped-cropped-cropped-cropped-cropped-3-1.png\",\"width\":95,\"height\":122,\"caption\":\"CVI NOTICIAS\"},\"image\":{\"@id\":\"https:\\\/\\\/cvinoticias.com\\\/v3\\\/#\\\/schema\\\/logo\\\/image\\\/\"},\"sameAs\":[\"https:\\\/\\\/www.facebook.com\\\/cvinoticias\",\"https:\\\/\\\/www.instagram.com\\\/cvinoticias\\\/\",\"https:\\\/\\\/www.youtube.com\\\/@CVINOTICIAS\"]},{\"@type\":\"Person\",\"@id\":\"https:\\\/\\\/cvinoticias.com\\\/v3\\\/#\\\/schema\\\/person\\\/2db77e3c6bc03c538495d7b2b8be9b66\",\"name\":\"f1000024\",\"image\":{\"@type\":\"ImageObject\",\"inLanguage\":\"es\",\"@id\":\"https:\\\/\\\/secure.gravatar.com\\\/avatar\\\/d4fe7459cfc51ff5129ce1a732bbef5928568b8092d412ef95611616376bbeed?s=96&d=mm&r=g\",\"url\":\"https:\\\/\\\/secure.gravatar.com\\\/avatar\\\/d4fe7459cfc51ff5129ce1a732bbef5928568b8092d412ef95611616376bbeed?s=96&d=mm&r=g\",\"contentUrl\":\"https:\\\/\\\/secure.gravatar.com\\\/avatar\\\/d4fe7459cfc51ff5129ce1a732bbef5928568b8092d412ef95611616376bbeed?s=96&d=mm&r=g\",\"caption\":\"f1000024\"},\"url\":\"https:\\\/\\\/cvinoticias.com\\\/v3\\\/author\\\/f1000024\\\/\"}]}<\/script>\n<!-- \/ Yoast SEO plugin. -->","yoast_head_json":{"title":"Muri\u00f3 un hombre tras volcar con su camioneta en Salto Encantado | CVI NOTICIAS","robots":{"index":"index","follow":"follow","max-snippet":"max-snippet:-1","max-image-preview":"max-image-preview:large","max-video-preview":"max-video-preview:-1"},"canonical":"https:\/\/cvinoticias.com\/v3\/murio-un-hombre-tras-volcar-con-su-camioneta-en-salto-encantado\/","og_locale":"es_ES","og_type":"article","og_title":"Muri\u00f3 un hombre tras volcar con su camioneta en Salto Encantado | CVI NOTICIAS","og_description":"El siniestro vial, ocurri\u00f3 aproximadamente las 16:40 horas de hoy, sobre la ruta provincial 220 a mil metros del acceso a la localidad de Salto Encantado. En ese lugar, volc\u00f3 en un barranco una camioneta Chevrolet S10 que era conducida por Jorge Luis Hultgren de 53 a\u00f1os, oriundo de esa ciudad. Por causas que son [&hellip;]","og_url":"https:\/\/cvinoticias.com\/v3\/murio-un-hombre-tras-volcar-con-su-camioneta-en-salto-encantado\/","og_site_name":"CVI NOTICIAS","article_publisher":"https:\/\/www.facebook.com\/cvinoticias","article_published_time":"2021-09-19T23:06:50+00:00","og_image":[{"width":586,"height":630,"url":"https:\/\/cvinoticias.com\/wp-content\/uploads\/2021\/09\/IMG-20210919-WA0157.jpg","type":"image\/jpeg"}],"author":"f1000024","twitter_card":"summary_large_image","twitter_misc":{"Escrito por":"f1000024","Tiempo de lectura":"1 minuto"},"schema":{"@context":"https:\/\/schema.org","@graph":[{"@type":"Article","@id":"https:\/\/cvinoticias.com\/v3\/murio-un-hombre-tras-volcar-con-su-camioneta-en-salto-encantado\/#article","isPartOf":{"@id":"https:\/\/cvinoticias.com\/v3\/murio-un-hombre-tras-volcar-con-su-camioneta-en-salto-encantado\/"},"author":{"name":"f1000024","@id":"https:\/\/cvinoticias.com\/v3\/#\/schema\/person\/2db77e3c6bc03c538495d7b2b8be9b66"},"headline":"Muri\u00f3 un hombre tras volcar con su camioneta en Salto Encantado","datePublished":"2021-09-19T23:06:50+00:00","mainEntityOfPage":{"@id":"https:\/\/cvinoticias.com\/v3\/murio-un-hombre-tras-volcar-con-su-camioneta-en-salto-encantado\/"},"wordCount":157,"commentCount":0,"publisher":{"@id":"https:\/\/cvinoticias.com\/v3\/#organization"},"image":{"@id":"https:\/\/cvinoticias.com\/v3\/murio-un-hombre-tras-volcar-con-su-camioneta-en-salto-encantado\/#primaryimage"},"thumbnailUrl":"https:\/\/cvinoticias.com\/wp-content\/uploads\/2021\/09\/IMG-20210919-WA0157.jpg","articleSection":["Policiales"],"inLanguage":"es","potentialAction":[{"@type":"CommentAction","name":"Comment","target":["https:\/\/cvinoticias.com\/v3\/murio-un-hombre-tras-volcar-con-su-camioneta-en-salto-encantado\/#respond"]}]},{"@type":"WebPage","@id":"https:\/\/cvinoticias.com\/v3\/murio-un-hombre-tras-volcar-con-su-camioneta-en-salto-encantado\/","url":"https:\/\/cvinoticias.com\/v3\/murio-un-hombre-tras-volcar-con-su-camioneta-en-salto-encantado\/","name":"Muri\u00f3 un hombre tras volcar con su camioneta en Salto Encantado | CVI NOTICIAS","isPartOf":{"@id":"https:\/\/cvinoticias.com\/v3\/#website"},"primaryImageOfPage":{"@id":"https:\/\/cvinoticias.com\/v3\/murio-un-hombre-tras-volcar-con-su-camioneta-en-salto-encantado\/#primaryimage"},"image":{"@id":"https:\/\/cvinoticias.com\/v3\/murio-un-hombre-tras-volcar-con-su-camioneta-en-salto-encantado\/#primaryimage"},"thumbnailUrl":"https:\/\/cvinoticias.com\/wp-content\/uploads\/2021\/09\/IMG-20210919-WA0157.jpg","datePublished":"2021-09-19T23:06:50+00:00","breadcrumb":{"@id":"https:\/\/cvinoticias.com\/v3\/murio-un-hombre-tras-volcar-con-su-camioneta-en-salto-encantado\/#breadcrumb"},"inLanguage":"es","potentialAction":[{"@type":"ReadAction","target":["https:\/\/cvinoticias.com\/v3\/murio-un-hombre-tras-volcar-con-su-camioneta-en-salto-encantado\/"]}]},{"@type":"ImageObject","inLanguage":"es","@id":"https:\/\/cvinoticias.com\/v3\/murio-un-hombre-tras-volcar-con-su-camioneta-en-salto-encantado\/#primaryimage","url":"https:\/\/cvinoticias.com\/wp-content\/uploads\/2021\/09\/IMG-20210919-WA0157.jpg","contentUrl":"https:\/\/cvinoticias.com\/wp-content\/uploads\/2021\/09\/IMG-20210919-WA0157.jpg","width":586,"height":630},{"@type":"BreadcrumbList","@id":"https:\/\/cvinoticias.com\/v3\/murio-un-hombre-tras-volcar-con-su-camioneta-en-salto-encantado\/#breadcrumb","itemListElement":[{"@type":"ListItem","position":1,"name":"Portada","item":"https:\/\/cvinoticias.com\/v3\/"},{"@type":"ListItem","position":2,"name":"Muri\u00f3 un hombre tras volcar con su camioneta en Salto Encantado"}]},{"@type":"WebSite","@id":"https:\/\/cvinoticias.com\/v3\/#website","url":"https:\/\/cvinoticias.com\/v3\/","name":"CVI NOTICIAS","description":"","publisher":{"@id":"https:\/\/cvinoticias.com\/v3\/#organization"},"alternateName":"CVI","potentialAction":[{"@type":"SearchAction","target":{"@type":"EntryPoint","urlTemplate":"https:\/\/cvinoticias.com\/v3\/?s={search_term_string}"},"query-input":{"@type":"PropertyValueSpecification","valueRequired":true,"valueName":"search_term_string"}}],"inLanguage":"es"},{"@type":"Organization","@id":"https:\/\/cvinoticias.com\/v3\/#organization","name":"CVI NOTICIAS","url":"https:\/\/cvinoticias.com\/v3\/","logo":{"@type":"ImageObject","inLanguage":"es","@id":"https:\/\/cvinoticias.com\/v3\/#\/schema\/logo\/image\/","url":"https:\/\/cvinoticias.com\/wp-content\/uploads\/2023\/04\/cropped-cropped-cropped-cropped-cropped-3-1.png","contentUrl":"https:\/\/cvinoticias.com\/wp-content\/uploads\/2023\/04\/cropped-cropped-cropped-cropped-cropped-3-1.png","width":95,"height":122,"caption":"CVI NOTICIAS"},"image":{"@id":"https:\/\/cvinoticias.com\/v3\/#\/schema\/logo\/image\/"},"sameAs":["https:\/\/www.facebook.com\/cvinoticias","https:\/\/www.instagram.com\/cvinoticias\/","https:\/\/www.youtube.com\/@CVINOTICIAS"]},{"@type":"Person","@id":"https:\/\/cvinoticias.com\/v3\/#\/schema\/person\/2db77e3c6bc03c538495d7b2b8be9b66","name":"f1000024","image":{"@type":"ImageObject","inLanguage":"es","@id":"https:\/\/secure.gravatar.com\/avatar\/d4fe7459cfc51ff5129ce1a732bbef5928568b8092d412ef95611616376bbeed?s=96&d=mm&r=g","url":"https:\/\/secure.gravatar.com\/avatar\/d4fe7459cfc51ff5129ce1a732bbef5928568b8092d412ef95611616376bbeed?s=96&d=mm&r=g","contentUrl":"https:\/\/secure.gravatar.com\/avatar\/d4fe7459cfc51ff5129ce1a732bbef5928568b8092d412ef95611616376bbeed?s=96&d=mm&r=g","caption":"f1000024"},"url":"https:\/\/cvinoticias.com\/v3\/author\/f1000024\/"}]}},"_links":{"self":[{"href":"https:\/\/cvinoticias.com\/v3\/wp-json\/wp\/v2\/posts\/8672","targetHints":{"allow":["GET"]}}],"collection":[{"href":"https:\/\/cvinoticias.com\/v3\/wp-json\/wp\/v2\/posts"}],"about":[{"href":"https:\/\/cvinoticias.com\/v3\/wp-json\/wp\/v2\/types\/post"}],"author":[{"embeddable":true,"href":"https:\/\/cvinoticias.com\/v3\/wp-json\/wp\/v2\/users\/2"}],"replies":[{"embeddable":true,"href":"https:\/\/cvinoticias.com\/v3\/wp-json\/wp\/v2\/comments?post=8672"}],"version-history":[{"count":1,"href":"https:\/\/cvinoticias.com\/v3\/wp-json\/wp\/v2\/posts\/8672\/revisions"}],"predecessor-version":[{"id":8674,"href":"https:\/\/cvinoticias.com\/v3\/wp-json\/wp\/v2\/posts\/8672\/revisions\/8674"}],"wp:featuredmedia":[{"embeddable":true,"href":"https:\/\/cvinoticias.com\/v3\/wp-json\/wp\/v2\/media\/8673"}],"wp:attachment":[{"href":"https:\/\/cvinoticias.com\/v3\/wp-json\/wp\/v2\/media?parent=8672"}],"wp:term":[{"taxonomy":"category","embeddable":true,"href":"https:\/\/cvinoticias.com\/v3\/wp-json\/wp\/v2\/categories?post=8672"},{"taxonomy":"post_tag","embeddable":true,"href":"https:\/\/cvinoticias.com\/v3\/wp-json\/wp\/v2\/tags?post=8672"}],"curies":[{"name":"wp","href":"https:\/\/api.w.org\/{rel}","templated":true}]}}