{"id":8641,"date":"2021-09-18T13:32:40","date_gmt":"2021-09-18T13:32:40","guid":{"rendered":"https:\/\/cvinoticias.com\/v3\/?p=8641"},"modified":"2021-09-18T13:32:40","modified_gmt":"2021-09-18T13:32:40","slug":"puerto-iguazu-cayo-la-banda-de-los-roba-motos","status":"publish","type":"post","link":"https:\/\/cvinoticias.com\/v3\/puerto-iguazu-cayo-la-banda-de-los-roba-motos\/","title":{"rendered":"Puerto Iguaz\u00fa: Cay\u00f3 la banda de los \u201croba motos\u201d"},"content":{"rendered":"\n<p><strong><em>Se trata de tres j\u00f3venes de entre 18 y 22 a\u00f1os de edad, quienes fueron arrestados esta ma\u00f1ana\/ayer a la noche por robar al menos unas cuatro motocicletas, y que a su vez fueron recuperadas por la Polic\u00eda.<\/em><\/strong><\/p>\n\n\n\n<p>Los hechos fueron denunciados en las \u00faltimas semanas por sus propietarios en las Comisar\u00edas 1ra y 2da de esta Ciudad, y con apoyo de los efectivos de la Divisi\u00f3n Investigaciones URV se inici\u00f3 un exhaustivo trabajo con el objetivo de hallar los motoveh\u00edculos y detener a los involucrados.<\/p>\n\n\n\n<p>De esta manera, sobre la avenida Libertad, los investigadores encubiertos ubicaron y detuvieron a los involucrados. Adem\u00e1s, se secuestr\u00f3 en un taller y en el domicilio de los acusados ubicado en inmediaciones al lugar de su aprehensi\u00f3n, cuatro motocicletas de 110 cc de distintas marcas, sobre las cuales pesaba pedido de secuestro por haber sido denunciado como sustra\u00eddas.<\/p>\n\n\n\n<p>Finalmente, los j\u00f3venes fueron alojados en sede policial a disposici\u00f3n del Juzgado de Instrucci\u00f3n N\u00b03 de Puerto Iguaz\u00fa, mientras que los rodados ser\u00e1n restituidos a los damnificados luego de los tr\u00e1mites judiciales correspondientes.<\/p>\n","protected":false},"excerpt":{"rendered":"<p>Se trata de tres j\u00f3venes de entre 18 y 22 a\u00f1os de edad, quienes fueron arrestados esta ma\u00f1ana\/ayer a la noche por robar al menos unas cuatro motocicletas, y que a su vez fueron recuperadas por la Polic\u00eda. Los hechos fueron denunciados en las \u00faltimas semanas por sus propietarios en las Comisar\u00edas 1ra y 2da [&hellip;]<\/p>\n","protected":false},"author":2,"featured_media":8642,"comment_status":"open","ping_status":"open","sticky":false,"template":"","format":"standard","meta":{"footnotes":""},"categories":[41],"tags":[],"class_list":["post-8641","post","type-post","status-publish","format-standard","has-post-thumbnail","hentry","category-policiales"],"yoast_head":"<!-- This site is optimized with the Yoast SEO plugin v27.4 - https:\/\/yoast.com\/product\/yoast-seo-wordpress\/ -->\n<title>Puerto Iguaz\u00fa: Cay\u00f3 la banda de los \u201croba motos\u201d | CVI NOTICIAS<\/title>\n<meta name=\"robots\" content=\"index, follow, max-snippet:-1, max-image-preview:large, max-video-preview:-1\" \/>\n<link rel=\"canonical\" href=\"https:\/\/cvinoticias.com\/v3\/puerto-iguazu-cayo-la-banda-de-los-roba-motos\/\" \/>\n<meta property=\"og:locale\" content=\"es_ES\" \/>\n<meta property=\"og:type\" content=\"article\" \/>\n<meta property=\"og:title\" content=\"Puerto Iguaz\u00fa: Cay\u00f3 la banda de los \u201croba motos\u201d | CVI NOTICIAS\" \/>\n<meta property=\"og:description\" content=\"Se trata de tres j\u00f3venes de entre 18 y 22 a\u00f1os de edad, quienes fueron arrestados esta ma\u00f1ana\/ayer a la noche por robar al menos unas cuatro motocicletas, y que a su vez fueron recuperadas por la Polic\u00eda. Los hechos fueron denunciados en las \u00faltimas semanas por sus propietarios en las Comisar\u00edas 1ra y 2da [&hellip;]\" \/>\n<meta property=\"og:url\" content=\"https:\/\/cvinoticias.com\/v3\/puerto-iguazu-cayo-la-banda-de-los-roba-motos\/\" \/>\n<meta property=\"og:site_name\" content=\"CVI NOTICIAS\" \/>\n<meta property=\"article:publisher\" content=\"https:\/\/www.facebook.com\/cvinoticias\" \/>\n<meta property=\"article:published_time\" content=\"2021-09-18T13:32:40+00:00\" \/>\n<meta property=\"og:image\" content=\"https:\/\/cvinoticias.com\/wp-content\/uploads\/2021\/09\/FB_IMG_1631971854844.jpg\" \/>\n\t<meta property=\"og:image:width\" content=\"960\" \/>\n\t<meta property=\"og:image:height\" content=\"1280\" \/>\n\t<meta property=\"og:image:type\" content=\"image\/jpeg\" \/>\n<meta name=\"author\" content=\"f1000024\" \/>\n<meta name=\"twitter:card\" content=\"summary_large_image\" \/>\n<meta name=\"twitter:label1\" content=\"Escrito por\" \/>\n\t<meta name=\"twitter:data1\" content=\"f1000024\" \/>\n\t<meta name=\"twitter:label2\" content=\"Tiempo de lectura\" \/>\n\t<meta name=\"twitter:data2\" content=\"1 minuto\" \/>\n<script type=\"application\/ld+json\" class=\"yoast-schema-graph\">{\"@context\":\"https:\\\/\\\/schema.org\",\"@graph\":[{\"@type\":\"Article\",\"@id\":\"https:\\\/\\\/cvinoticias.com\\\/v3\\\/puerto-iguazu-cayo-la-banda-de-los-roba-motos\\\/#article\",\"isPartOf\":{\"@id\":\"https:\\\/\\\/cvinoticias.com\\\/v3\\\/puerto-iguazu-cayo-la-banda-de-los-roba-motos\\\/\"},\"author\":{\"name\":\"f1000024\",\"@id\":\"https:\\\/\\\/cvinoticias.com\\\/v3\\\/#\\\/schema\\\/person\\\/2db77e3c6bc03c538495d7b2b8be9b66\"},\"headline\":\"Puerto Iguaz\u00fa: Cay\u00f3 la banda de los \u201croba motos\u201d\",\"datePublished\":\"2021-09-18T13:32:40+00:00\",\"mainEntityOfPage\":{\"@id\":\"https:\\\/\\\/cvinoticias.com\\\/v3\\\/puerto-iguazu-cayo-la-banda-de-los-roba-motos\\\/\"},\"wordCount\":199,\"commentCount\":0,\"publisher\":{\"@id\":\"https:\\\/\\\/cvinoticias.com\\\/v3\\\/#organization\"},\"image\":{\"@id\":\"https:\\\/\\\/cvinoticias.com\\\/v3\\\/puerto-iguazu-cayo-la-banda-de-los-roba-motos\\\/#primaryimage\"},\"thumbnailUrl\":\"https:\\\/\\\/cvinoticias.com\\\/wp-content\\\/uploads\\\/2021\\\/09\\\/FB_IMG_1631971854844.jpg\",\"articleSection\":[\"Policiales\"],\"inLanguage\":\"es\",\"potentialAction\":[{\"@type\":\"CommentAction\",\"name\":\"Comment\",\"target\":[\"https:\\\/\\\/cvinoticias.com\\\/v3\\\/puerto-iguazu-cayo-la-banda-de-los-roba-motos\\\/#respond\"]}]},{\"@type\":\"WebPage\",\"@id\":\"https:\\\/\\\/cvinoticias.com\\\/v3\\\/puerto-iguazu-cayo-la-banda-de-los-roba-motos\\\/\",\"url\":\"https:\\\/\\\/cvinoticias.com\\\/v3\\\/puerto-iguazu-cayo-la-banda-de-los-roba-motos\\\/\",\"name\":\"Puerto Iguaz\u00fa: Cay\u00f3 la banda de los \u201croba motos\u201d | CVI NOTICIAS\",\"isPartOf\":{\"@id\":\"https:\\\/\\\/cvinoticias.com\\\/v3\\\/#website\"},\"primaryImageOfPage\":{\"@id\":\"https:\\\/\\\/cvinoticias.com\\\/v3\\\/puerto-iguazu-cayo-la-banda-de-los-roba-motos\\\/#primaryimage\"},\"image\":{\"@id\":\"https:\\\/\\\/cvinoticias.com\\\/v3\\\/puerto-iguazu-cayo-la-banda-de-los-roba-motos\\\/#primaryimage\"},\"thumbnailUrl\":\"https:\\\/\\\/cvinoticias.com\\\/wp-content\\\/uploads\\\/2021\\\/09\\\/FB_IMG_1631971854844.jpg\",\"datePublished\":\"2021-09-18T13:32:40+00:00\",\"breadcrumb\":{\"@id\":\"https:\\\/\\\/cvinoticias.com\\\/v3\\\/puerto-iguazu-cayo-la-banda-de-los-roba-motos\\\/#breadcrumb\"},\"inLanguage\":\"es\",\"potentialAction\":[{\"@type\":\"ReadAction\",\"target\":[\"https:\\\/\\\/cvinoticias.com\\\/v3\\\/puerto-iguazu-cayo-la-banda-de-los-roba-motos\\\/\"]}]},{\"@type\":\"ImageObject\",\"inLanguage\":\"es\",\"@id\":\"https:\\\/\\\/cvinoticias.com\\\/v3\\\/puerto-iguazu-cayo-la-banda-de-los-roba-motos\\\/#primaryimage\",\"url\":\"https:\\\/\\\/cvinoticias.com\\\/wp-content\\\/uploads\\\/2021\\\/09\\\/FB_IMG_1631971854844.jpg\",\"contentUrl\":\"https:\\\/\\\/cvinoticias.com\\\/wp-content\\\/uploads\\\/2021\\\/09\\\/FB_IMG_1631971854844.jpg\",\"width\":960,\"height\":1280},{\"@type\":\"BreadcrumbList\",\"@id\":\"https:\\\/\\\/cvinoticias.com\\\/v3\\\/puerto-iguazu-cayo-la-banda-de-los-roba-motos\\\/#breadcrumb\",\"itemListElement\":[{\"@type\":\"ListItem\",\"position\":1,\"name\":\"Portada\",\"item\":\"https:\\\/\\\/cvinoticias.com\\\/v3\\\/\"},{\"@type\":\"ListItem\",\"position\":2,\"name\":\"Puerto Iguaz\u00fa: Cay\u00f3 la banda de los \u201croba motos\u201d\"}]},{\"@type\":\"WebSite\",\"@id\":\"https:\\\/\\\/cvinoticias.com\\\/v3\\\/#website\",\"url\":\"https:\\\/\\\/cvinoticias.com\\\/v3\\\/\",\"name\":\"CVI NOTICIAS\",\"description\":\"\",\"publisher\":{\"@id\":\"https:\\\/\\\/cvinoticias.com\\\/v3\\\/#organization\"},\"alternateName\":\"CVI\",\"potentialAction\":[{\"@type\":\"SearchAction\",\"target\":{\"@type\":\"EntryPoint\",\"urlTemplate\":\"https:\\\/\\\/cvinoticias.com\\\/v3\\\/?s={search_term_string}\"},\"query-input\":{\"@type\":\"PropertyValueSpecification\",\"valueRequired\":true,\"valueName\":\"search_term_string\"}}],\"inLanguage\":\"es\"},{\"@type\":\"Organization\",\"@id\":\"https:\\\/\\\/cvinoticias.com\\\/v3\\\/#organization\",\"name\":\"CVI NOTICIAS\",\"url\":\"https:\\\/\\\/cvinoticias.com\\\/v3\\\/\",\"logo\":{\"@type\":\"ImageObject\",\"inLanguage\":\"es\",\"@id\":\"https:\\\/\\\/cvinoticias.com\\\/v3\\\/#\\\/schema\\\/logo\\\/image\\\/\",\"url\":\"https:\\\/\\\/cvinoticias.com\\\/wp-content\\\/uploads\\\/2023\\\/04\\\/cropped-cropped-cropped-cropped-cropped-3-1.png\",\"contentUrl\":\"https:\\\/\\\/cvinoticias.com\\\/wp-content\\\/uploads\\\/2023\\\/04\\\/cropped-cropped-cropped-cropped-cropped-3-1.png\",\"width\":95,\"height\":122,\"caption\":\"CVI NOTICIAS\"},\"image\":{\"@id\":\"https:\\\/\\\/cvinoticias.com\\\/v3\\\/#\\\/schema\\\/logo\\\/image\\\/\"},\"sameAs\":[\"https:\\\/\\\/www.facebook.com\\\/cvinoticias\",\"https:\\\/\\\/www.instagram.com\\\/cvinoticias\\\/\",\"https:\\\/\\\/www.youtube.com\\\/@CVINOTICIAS\"]},{\"@type\":\"Person\",\"@id\":\"https:\\\/\\\/cvinoticias.com\\\/v3\\\/#\\\/schema\\\/person\\\/2db77e3c6bc03c538495d7b2b8be9b66\",\"name\":\"f1000024\",\"image\":{\"@type\":\"ImageObject\",\"inLanguage\":\"es\",\"@id\":\"https:\\\/\\\/secure.gravatar.com\\\/avatar\\\/d4fe7459cfc51ff5129ce1a732bbef5928568b8092d412ef95611616376bbeed?s=96&d=mm&r=g\",\"url\":\"https:\\\/\\\/secure.gravatar.com\\\/avatar\\\/d4fe7459cfc51ff5129ce1a732bbef5928568b8092d412ef95611616376bbeed?s=96&d=mm&r=g\",\"contentUrl\":\"https:\\\/\\\/secure.gravatar.com\\\/avatar\\\/d4fe7459cfc51ff5129ce1a732bbef5928568b8092d412ef95611616376bbeed?s=96&d=mm&r=g\",\"caption\":\"f1000024\"},\"url\":\"https:\\\/\\\/cvinoticias.com\\\/v3\\\/author\\\/f1000024\\\/\"}]}<\/script>\n<!-- \/ Yoast SEO plugin. -->","yoast_head_json":{"title":"Puerto Iguaz\u00fa: Cay\u00f3 la banda de los \u201croba motos\u201d | CVI NOTICIAS","robots":{"index":"index","follow":"follow","max-snippet":"max-snippet:-1","max-image-preview":"max-image-preview:large","max-video-preview":"max-video-preview:-1"},"canonical":"https:\/\/cvinoticias.com\/v3\/puerto-iguazu-cayo-la-banda-de-los-roba-motos\/","og_locale":"es_ES","og_type":"article","og_title":"Puerto Iguaz\u00fa: Cay\u00f3 la banda de los \u201croba motos\u201d | CVI NOTICIAS","og_description":"Se trata de tres j\u00f3venes de entre 18 y 22 a\u00f1os de edad, quienes fueron arrestados esta ma\u00f1ana\/ayer a la noche por robar al menos unas cuatro motocicletas, y que a su vez fueron recuperadas por la Polic\u00eda. Los hechos fueron denunciados en las \u00faltimas semanas por sus propietarios en las Comisar\u00edas 1ra y 2da [&hellip;]","og_url":"https:\/\/cvinoticias.com\/v3\/puerto-iguazu-cayo-la-banda-de-los-roba-motos\/","og_site_name":"CVI NOTICIAS","article_publisher":"https:\/\/www.facebook.com\/cvinoticias","article_published_time":"2021-09-18T13:32:40+00:00","og_image":[{"width":960,"height":1280,"url":"https:\/\/cvinoticias.com\/wp-content\/uploads\/2021\/09\/FB_IMG_1631971854844.jpg","type":"image\/jpeg"}],"author":"f1000024","twitter_card":"summary_large_image","twitter_misc":{"Escrito por":"f1000024","Tiempo de lectura":"1 minuto"},"schema":{"@context":"https:\/\/schema.org","@graph":[{"@type":"Article","@id":"https:\/\/cvinoticias.com\/v3\/puerto-iguazu-cayo-la-banda-de-los-roba-motos\/#article","isPartOf":{"@id":"https:\/\/cvinoticias.com\/v3\/puerto-iguazu-cayo-la-banda-de-los-roba-motos\/"},"author":{"name":"f1000024","@id":"https:\/\/cvinoticias.com\/v3\/#\/schema\/person\/2db77e3c6bc03c538495d7b2b8be9b66"},"headline":"Puerto Iguaz\u00fa: Cay\u00f3 la banda de los \u201croba motos\u201d","datePublished":"2021-09-18T13:32:40+00:00","mainEntityOfPage":{"@id":"https:\/\/cvinoticias.com\/v3\/puerto-iguazu-cayo-la-banda-de-los-roba-motos\/"},"wordCount":199,"commentCount":0,"publisher":{"@id":"https:\/\/cvinoticias.com\/v3\/#organization"},"image":{"@id":"https:\/\/cvinoticias.com\/v3\/puerto-iguazu-cayo-la-banda-de-los-roba-motos\/#primaryimage"},"thumbnailUrl":"https:\/\/cvinoticias.com\/wp-content\/uploads\/2021\/09\/FB_IMG_1631971854844.jpg","articleSection":["Policiales"],"inLanguage":"es","potentialAction":[{"@type":"CommentAction","name":"Comment","target":["https:\/\/cvinoticias.com\/v3\/puerto-iguazu-cayo-la-banda-de-los-roba-motos\/#respond"]}]},{"@type":"WebPage","@id":"https:\/\/cvinoticias.com\/v3\/puerto-iguazu-cayo-la-banda-de-los-roba-motos\/","url":"https:\/\/cvinoticias.com\/v3\/puerto-iguazu-cayo-la-banda-de-los-roba-motos\/","name":"Puerto Iguaz\u00fa: Cay\u00f3 la banda de los \u201croba motos\u201d | CVI NOTICIAS","isPartOf":{"@id":"https:\/\/cvinoticias.com\/v3\/#website"},"primaryImageOfPage":{"@id":"https:\/\/cvinoticias.com\/v3\/puerto-iguazu-cayo-la-banda-de-los-roba-motos\/#primaryimage"},"image":{"@id":"https:\/\/cvinoticias.com\/v3\/puerto-iguazu-cayo-la-banda-de-los-roba-motos\/#primaryimage"},"thumbnailUrl":"https:\/\/cvinoticias.com\/wp-content\/uploads\/2021\/09\/FB_IMG_1631971854844.jpg","datePublished":"2021-09-18T13:32:40+00:00","breadcrumb":{"@id":"https:\/\/cvinoticias.com\/v3\/puerto-iguazu-cayo-la-banda-de-los-roba-motos\/#breadcrumb"},"inLanguage":"es","potentialAction":[{"@type":"ReadAction","target":["https:\/\/cvinoticias.com\/v3\/puerto-iguazu-cayo-la-banda-de-los-roba-motos\/"]}]},{"@type":"ImageObject","inLanguage":"es","@id":"https:\/\/cvinoticias.com\/v3\/puerto-iguazu-cayo-la-banda-de-los-roba-motos\/#primaryimage","url":"https:\/\/cvinoticias.com\/wp-content\/uploads\/2021\/09\/FB_IMG_1631971854844.jpg","contentUrl":"https:\/\/cvinoticias.com\/wp-content\/uploads\/2021\/09\/FB_IMG_1631971854844.jpg","width":960,"height":1280},{"@type":"BreadcrumbList","@id":"https:\/\/cvinoticias.com\/v3\/puerto-iguazu-cayo-la-banda-de-los-roba-motos\/#breadcrumb","itemListElement":[{"@type":"ListItem","position":1,"name":"Portada","item":"https:\/\/cvinoticias.com\/v3\/"},{"@type":"ListItem","position":2,"name":"Puerto Iguaz\u00fa: Cay\u00f3 la banda de los \u201croba motos\u201d"}]},{"@type":"WebSite","@id":"https:\/\/cvinoticias.com\/v3\/#website","url":"https:\/\/cvinoticias.com\/v3\/","name":"CVI NOTICIAS","description":"","publisher":{"@id":"https:\/\/cvinoticias.com\/v3\/#organization"},"alternateName":"CVI","potentialAction":[{"@type":"SearchAction","target":{"@type":"EntryPoint","urlTemplate":"https:\/\/cvinoticias.com\/v3\/?s={search_term_string}"},"query-input":{"@type":"PropertyValueSpecification","valueRequired":true,"valueName":"search_term_string"}}],"inLanguage":"es"},{"@type":"Organization","@id":"https:\/\/cvinoticias.com\/v3\/#organization","name":"CVI NOTICIAS","url":"https:\/\/cvinoticias.com\/v3\/","logo":{"@type":"ImageObject","inLanguage":"es","@id":"https:\/\/cvinoticias.com\/v3\/#\/schema\/logo\/image\/","url":"https:\/\/cvinoticias.com\/wp-content\/uploads\/2023\/04\/cropped-cropped-cropped-cropped-cropped-3-1.png","contentUrl":"https:\/\/cvinoticias.com\/wp-content\/uploads\/2023\/04\/cropped-cropped-cropped-cropped-cropped-3-1.png","width":95,"height":122,"caption":"CVI NOTICIAS"},"image":{"@id":"https:\/\/cvinoticias.com\/v3\/#\/schema\/logo\/image\/"},"sameAs":["https:\/\/www.facebook.com\/cvinoticias","https:\/\/www.instagram.com\/cvinoticias\/","https:\/\/www.youtube.com\/@CVINOTICIAS"]},{"@type":"Person","@id":"https:\/\/cvinoticias.com\/v3\/#\/schema\/person\/2db77e3c6bc03c538495d7b2b8be9b66","name":"f1000024","image":{"@type":"ImageObject","inLanguage":"es","@id":"https:\/\/secure.gravatar.com\/avatar\/d4fe7459cfc51ff5129ce1a732bbef5928568b8092d412ef95611616376bbeed?s=96&d=mm&r=g","url":"https:\/\/secure.gravatar.com\/avatar\/d4fe7459cfc51ff5129ce1a732bbef5928568b8092d412ef95611616376bbeed?s=96&d=mm&r=g","contentUrl":"https:\/\/secure.gravatar.com\/avatar\/d4fe7459cfc51ff5129ce1a732bbef5928568b8092d412ef95611616376bbeed?s=96&d=mm&r=g","caption":"f1000024"},"url":"https:\/\/cvinoticias.com\/v3\/author\/f1000024\/"}]}},"_links":{"self":[{"href":"https:\/\/cvinoticias.com\/v3\/wp-json\/wp\/v2\/posts\/8641","targetHints":{"allow":["GET"]}}],"collection":[{"href":"https:\/\/cvinoticias.com\/v3\/wp-json\/wp\/v2\/posts"}],"about":[{"href":"https:\/\/cvinoticias.com\/v3\/wp-json\/wp\/v2\/types\/post"}],"author":[{"embeddable":true,"href":"https:\/\/cvinoticias.com\/v3\/wp-json\/wp\/v2\/users\/2"}],"replies":[{"embeddable":true,"href":"https:\/\/cvinoticias.com\/v3\/wp-json\/wp\/v2\/comments?post=8641"}],"version-history":[{"count":1,"href":"https:\/\/cvinoticias.com\/v3\/wp-json\/wp\/v2\/posts\/8641\/revisions"}],"predecessor-version":[{"id":8643,"href":"https:\/\/cvinoticias.com\/v3\/wp-json\/wp\/v2\/posts\/8641\/revisions\/8643"}],"wp:featuredmedia":[{"embeddable":true,"href":"https:\/\/cvinoticias.com\/v3\/wp-json\/wp\/v2\/media\/8642"}],"wp:attachment":[{"href":"https:\/\/cvinoticias.com\/v3\/wp-json\/wp\/v2\/media?parent=8641"}],"wp:term":[{"taxonomy":"category","embeddable":true,"href":"https:\/\/cvinoticias.com\/v3\/wp-json\/wp\/v2\/categories?post=8641"},{"taxonomy":"post_tag","embeddable":true,"href":"https:\/\/cvinoticias.com\/v3\/wp-json\/wp\/v2\/tags?post=8641"}],"curies":[{"name":"wp","href":"https:\/\/api.w.org\/{rel}","templated":true}]}}