{"id":8608,"date":"2021-09-17T10:00:47","date_gmt":"2021-09-17T10:00:47","guid":{"rendered":"https:\/\/cvinoticias.com\/v3\/?p=8608"},"modified":"2021-09-17T10:11:04","modified_gmt":"2021-09-17T10:11:04","slug":"se-declaro-de-interes-municipal-el-festival-iguazusolidario","status":"publish","type":"post","link":"https:\/\/cvinoticias.com\/v3\/se-declaro-de-interes-municipal-el-festival-iguazusolidario\/","title":{"rendered":"Se declar\u00f3 de inter\u00e9s municipal el Festival #Iguaz\u00faSolidario"},"content":{"rendered":"\n<p><strong><em>Anoche en una sesi\u00f3n m\u00e1s del Concejo Deliberante de Iguaz\u00fa, a trav\u00e9s de un proyecto de declaraci\u00f3n, se aprob\u00f3 por voto un\u00e1nime, de inter\u00e9s municipal el Festival #Iguaz\u00faSolidario que se realiz\u00f3 por primera vez el pasado s\u00e1bado 17 de Julio en el anfiteatro Ram\u00f3n Ayala de nuestra ciudad.<\/em><\/strong><\/p>\n\n\n\n<p>Dicho festival fu\u00e9 el primero en la provincia, realizado con p\u00fablico en pandem\u00eda, estuvo organizado por el Grupo de Comunicadores y Trabajadores de Prensa de Iguaz\u00fa y tuvo el objetivo de reunir a&nbsp; m\u00fasicos de Iguaz\u00fa solidariamente y darles visibilidad a trav\u00e9s de la actuaci\u00f3n que los convoc\u00f3 en un mismo escenario a beneficio de los que menos tienen.<\/p>\n\n\n\n<p>La entrada era un alimento no perecedero o un abrigo y con lo recaudado se puedo ayudar a ochos merenderos y comedores de nuestra ciudad.<\/p>\n\n\n\n<figure class=\"wp-block-image size-large is-resized\"><a href=\"https:\/\/cvinoticias.com\/wp-content\/uploads\/2021\/09\/IMG-20210915-WA0240.jpg\"><img decoding=\"async\" data-src=\"https:\/\/cvinoticias.com\/wp-content\/uploads\/2021\/09\/IMG-20210915-WA0240-547x1024.jpg\" alt=\"\" class=\"wp-image-8613 lazyload\" width=\"676\" height=\"1264\" data-srcset=\"https:\/\/cvinoticias.com\/wp-content\/uploads\/2021\/09\/IMG-20210915-WA0240-547x1024.jpg 547w, https:\/\/cvinoticias.com\/wp-content\/uploads\/2021\/09\/IMG-20210915-WA0240-160x300.jpg 160w, https:\/\/cvinoticias.com\/wp-content\/uploads\/2021\/09\/IMG-20210915-WA0240.jpg 612w\" data-sizes=\"(max-width: 676px) 100vw, 676px\" src=\"data:image\/svg+xml;base64,PHN2ZyB3aWR0aD0iMSIgaGVpZ2h0PSIxIiB4bWxucz0iaHR0cDovL3d3dy53My5vcmcvMjAwMC9zdmciPjwvc3ZnPg==\" style=\"--smush-placeholder-width: 676px; --smush-placeholder-aspect-ratio: 676\/1264;\" \/><\/a><\/figure>\n\n\n\n<figure class=\"wp-block-image size-large is-resized\"><a href=\"https:\/\/cvinoticias.com\/wp-content\/uploads\/2021\/09\/IMG-20210917-WA0004.jpg\"><img decoding=\"async\" data-src=\"https:\/\/cvinoticias.com\/wp-content\/uploads\/2021\/09\/IMG-20210917-WA0004-1024x768.jpg\" alt=\"\" class=\"wp-image-8609 lazyload\" width=\"683\" height=\"512\" data-srcset=\"https:\/\/cvinoticias.com\/wp-content\/uploads\/2021\/09\/IMG-20210917-WA0004-1024x768.jpg 1024w, https:\/\/cvinoticias.com\/wp-content\/uploads\/2021\/09\/IMG-20210917-WA0004-300x225.jpg 300w, https:\/\/cvinoticias.com\/wp-content\/uploads\/2021\/09\/IMG-20210917-WA0004-768x576.jpg 768w, https:\/\/cvinoticias.com\/wp-content\/uploads\/2021\/09\/IMG-20210917-WA0004-1536x1152.jpg 1536w, https:\/\/cvinoticias.com\/wp-content\/uploads\/2021\/09\/IMG-20210917-WA0004.jpg 1600w\" data-sizes=\"(max-width: 683px) 100vw, 683px\" src=\"data:image\/svg+xml;base64,PHN2ZyB3aWR0aD0iMSIgaGVpZ2h0PSIxIiB4bWxucz0iaHR0cDovL3d3dy53My5vcmcvMjAwMC9zdmciPjwvc3ZnPg==\" style=\"--smush-placeholder-width: 683px; --smush-placeholder-aspect-ratio: 683\/512;\" \/><\/a><\/figure>\n\n\n\n<p>Rese\u00f1a<\/p>\n\n\n\n<p>Festival #Iguaz\u00faSolidario A beneficio de los que menos tienen&nbsp;<\/p>\n\n\n\n<p>El Grupo de Comunicadores y Trabajadores de Prensa de Iguaz\u00fa organiz\u00f3 el 1er festival con p\u00fablico en la provincia&nbsp; y en pandemia, cumpliendo con un estricto protocolo en las gradas del anfiteatro Ram\u00f3n Ayala, con burbujas y manteniendo la distancia entre un grupo y otro y&nbsp; d\u00f3nde los vecinos de Iguaz\u00fa y turistas asintieron respetando el protocolo como era sugerido.<\/p>\n\n\n\n<p>&#8211; Actuaron artistas locales:<\/p>\n\n\n\n<p>El Gonza, Octavio, Ballet folcl\u00f3rico Pisando Fuerte, Batucada, Selva Noche y Luna, El\u00edas Gache, Grupo KPop Papillons, Victoria, Santiago Amarilla y Banda de Rock NEN\u00daFAR.<\/p>\n\n\n\n<p>&#8211; Colaboraron Solidariamente<\/p>\n\n\n\n<p>&#8211; La Productora Aire Media Group, con trasmisi\u00f3n en directo, Paradaise Producciones, con excelente show de luces y sonidos, Cvi Canal 5 con apoyo publicitario y retransmisi\u00f3n, medios de comunicaci\u00f3n, locales y provinciales, con la difusi\u00f3n y grupo de voluntarios, Mercotrade SRL, Cl\u00ednica SAM, Hospital&nbsp; de Iguaz\u00fa, Seguridad Ciudadana, Tr\u00e1nsito Municipal y Polic\u00eda de la Provincia que tambi\u00e9n trabajaron solidariamente ese d\u00eda<\/p>\n\n\n\n<p>&#8211; Apoyaron el evento:<\/p>\n\n\n\n<p>Municipaldad de Iguaz\u00fa, Iturem, comerciantes de Iguaz\u00fa, Farmacias del IPS con los insumos sanitarios para prevenci\u00f3n.<\/p>\n\n\n\n<p>\u00c9ste grupo de Prensa vine trabajando con jornadas de \u00abPrevenci\u00f3n y Concientizaci\u00f3n\u00bb a cerca del \u00abCOVID-19 y Dengue\u00bb, desde el comienzo de la pandemia y de \u00e9sta manera encontr\u00f3 viable la forma de ayudar con \u00e9ste festival a la gente con menos recursos econ\u00f3micos en estos tiempos dif\u00edciles, ofreciendo a cambio de la donaci\u00f3n un gran show art\u00edstico resaltando exclusivamente a los artistas de \u00abPuerto Iguaz\u00fa\u00bb que cuenta con grandes talentos.<\/p>\n\n\n\n<p>Se pretende seguir a\u00f1o tras a\u00f1o con \u00e9sta iniciativa y as\u00ed formar parte del calendario anual de eventos solidadios en nuestra ciudad.<\/p>\n\n\n\n<figure class=\"wp-block-image size-full\"><a href=\"https:\/\/cvinoticias.com\/wp-content\/uploads\/2021\/09\/IMG-20210917-WA0002.jpg\"><img decoding=\"async\" width=\"720\" height=\"405\" data-src=\"https:\/\/cvinoticias.com\/wp-content\/uploads\/2021\/09\/IMG-20210917-WA0002.jpg\" alt=\"\" class=\"wp-image-8610 lazyload\" data-srcset=\"https:\/\/cvinoticias.com\/wp-content\/uploads\/2021\/09\/IMG-20210917-WA0002.jpg 720w, https:\/\/cvinoticias.com\/wp-content\/uploads\/2021\/09\/IMG-20210917-WA0002-300x169.jpg 300w\" data-sizes=\"(max-width: 720px) 100vw, 720px\" src=\"data:image\/svg+xml;base64,PHN2ZyB3aWR0aD0iMSIgaGVpZ2h0PSIxIiB4bWxucz0iaHR0cDovL3d3dy53My5vcmcvMjAwMC9zdmciPjwvc3ZnPg==\" style=\"--smush-placeholder-width: 720px; --smush-placeholder-aspect-ratio: 720\/405;\" \/><\/a><\/figure>\n","protected":false},"excerpt":{"rendered":"<p>Anoche en una sesi\u00f3n m\u00e1s del Concejo Deliberante de Iguaz\u00fa, a trav\u00e9s de un proyecto de declaraci\u00f3n, se aprob\u00f3 por voto un\u00e1nime, de inter\u00e9s municipal el Festival #Iguaz\u00faSolidario que se realiz\u00f3 por primera vez el pasado s\u00e1bado 17 de Julio en el anfiteatro Ram\u00f3n Ayala de nuestra ciudad. Dicho festival fu\u00e9 el primero en la [&hellip;]<\/p>\n","protected":false},"author":2,"featured_media":8611,"comment_status":"open","ping_status":"open","sticky":false,"template":"","format":"standard","meta":{"footnotes":""},"categories":[29],"tags":[],"class_list":["post-8608","post","type-post","status-publish","format-standard","has-post-thumbnail","hentry","category-locales"],"yoast_head":"<!-- This site is optimized with the Yoast SEO plugin v27.4 - https:\/\/yoast.com\/product\/yoast-seo-wordpress\/ -->\n<title>Se declar\u00f3 de inter\u00e9s municipal el Festival #Iguaz\u00faSolidario | CVI NOTICIAS<\/title>\n<meta name=\"robots\" content=\"index, follow, max-snippet:-1, max-image-preview:large, max-video-preview:-1\" \/>\n<link rel=\"canonical\" href=\"https:\/\/cvinoticias.com\/v3\/se-declaro-de-interes-municipal-el-festival-iguazusolidario\/\" \/>\n<meta property=\"og:locale\" content=\"es_ES\" \/>\n<meta property=\"og:type\" content=\"article\" \/>\n<meta property=\"og:title\" content=\"Se declar\u00f3 de inter\u00e9s municipal el Festival #Iguaz\u00faSolidario | CVI NOTICIAS\" \/>\n<meta property=\"og:description\" content=\"Anoche en una sesi\u00f3n m\u00e1s del Concejo Deliberante de Iguaz\u00fa, a trav\u00e9s de un proyecto de declaraci\u00f3n, se aprob\u00f3 por voto un\u00e1nime, de inter\u00e9s municipal el Festival #Iguaz\u00faSolidario que se realiz\u00f3 por primera vez el pasado s\u00e1bado 17 de Julio en el anfiteatro Ram\u00f3n Ayala de nuestra ciudad. Dicho festival fu\u00e9 el primero en la [&hellip;]\" \/>\n<meta property=\"og:url\" content=\"https:\/\/cvinoticias.com\/v3\/se-declaro-de-interes-municipal-el-festival-iguazusolidario\/\" \/>\n<meta property=\"og:site_name\" content=\"CVI NOTICIAS\" \/>\n<meta property=\"article:publisher\" content=\"https:\/\/www.facebook.com\/cvinoticias\" \/>\n<meta property=\"article:published_time\" content=\"2021-09-17T10:00:47+00:00\" \/>\n<meta property=\"article:modified_time\" content=\"2021-09-17T10:11:04+00:00\" \/>\n<meta property=\"og:image\" content=\"https:\/\/cvinoticias.com\/wp-content\/uploads\/2021\/09\/20210916_195650-scaled.jpg\" \/>\n\t<meta property=\"og:image:width\" content=\"2560\" \/>\n\t<meta property=\"og:image:height\" content=\"2141\" \/>\n\t<meta property=\"og:image:type\" content=\"image\/jpeg\" \/>\n<meta name=\"author\" content=\"f1000024\" \/>\n<meta name=\"twitter:card\" content=\"summary_large_image\" \/>\n<meta name=\"twitter:label1\" content=\"Escrito por\" \/>\n\t<meta name=\"twitter:data1\" content=\"f1000024\" \/>\n\t<meta name=\"twitter:label2\" content=\"Tiempo de lectura\" \/>\n\t<meta name=\"twitter:data2\" content=\"2 minutos\" \/>\n<script type=\"application\/ld+json\" class=\"yoast-schema-graph\">{\"@context\":\"https:\\\/\\\/schema.org\",\"@graph\":[{\"@type\":\"Article\",\"@id\":\"https:\\\/\\\/cvinoticias.com\\\/v3\\\/se-declaro-de-interes-municipal-el-festival-iguazusolidario\\\/#article\",\"isPartOf\":{\"@id\":\"https:\\\/\\\/cvinoticias.com\\\/v3\\\/se-declaro-de-interes-municipal-el-festival-iguazusolidario\\\/\"},\"author\":{\"name\":\"f1000024\",\"@id\":\"https:\\\/\\\/cvinoticias.com\\\/v3\\\/#\\\/schema\\\/person\\\/2db77e3c6bc03c538495d7b2b8be9b66\"},\"headline\":\"Se declar\u00f3 de inter\u00e9s municipal el Festival #Iguaz\u00faSolidario\",\"datePublished\":\"2021-09-17T10:00:47+00:00\",\"dateModified\":\"2021-09-17T10:11:04+00:00\",\"mainEntityOfPage\":{\"@id\":\"https:\\\/\\\/cvinoticias.com\\\/v3\\\/se-declaro-de-interes-municipal-el-festival-iguazusolidario\\\/\"},\"wordCount\":462,\"commentCount\":0,\"publisher\":{\"@id\":\"https:\\\/\\\/cvinoticias.com\\\/v3\\\/#organization\"},\"image\":{\"@id\":\"https:\\\/\\\/cvinoticias.com\\\/v3\\\/se-declaro-de-interes-municipal-el-festival-iguazusolidario\\\/#primaryimage\"},\"thumbnailUrl\":\"https:\\\/\\\/cvinoticias.com\\\/wp-content\\\/uploads\\\/2021\\\/09\\\/20210916_195650-scaled.jpg\",\"articleSection\":[\"Locales\"],\"inLanguage\":\"es\",\"potentialAction\":[{\"@type\":\"CommentAction\",\"name\":\"Comment\",\"target\":[\"https:\\\/\\\/cvinoticias.com\\\/v3\\\/se-declaro-de-interes-municipal-el-festival-iguazusolidario\\\/#respond\"]}]},{\"@type\":\"WebPage\",\"@id\":\"https:\\\/\\\/cvinoticias.com\\\/v3\\\/se-declaro-de-interes-municipal-el-festival-iguazusolidario\\\/\",\"url\":\"https:\\\/\\\/cvinoticias.com\\\/v3\\\/se-declaro-de-interes-municipal-el-festival-iguazusolidario\\\/\",\"name\":\"Se declar\u00f3 de inter\u00e9s municipal el Festival #Iguaz\u00faSolidario | CVI NOTICIAS\",\"isPartOf\":{\"@id\":\"https:\\\/\\\/cvinoticias.com\\\/v3\\\/#website\"},\"primaryImageOfPage\":{\"@id\":\"https:\\\/\\\/cvinoticias.com\\\/v3\\\/se-declaro-de-interes-municipal-el-festival-iguazusolidario\\\/#primaryimage\"},\"image\":{\"@id\":\"https:\\\/\\\/cvinoticias.com\\\/v3\\\/se-declaro-de-interes-municipal-el-festival-iguazusolidario\\\/#primaryimage\"},\"thumbnailUrl\":\"https:\\\/\\\/cvinoticias.com\\\/wp-content\\\/uploads\\\/2021\\\/09\\\/20210916_195650-scaled.jpg\",\"datePublished\":\"2021-09-17T10:00:47+00:00\",\"dateModified\":\"2021-09-17T10:11:04+00:00\",\"breadcrumb\":{\"@id\":\"https:\\\/\\\/cvinoticias.com\\\/v3\\\/se-declaro-de-interes-municipal-el-festival-iguazusolidario\\\/#breadcrumb\"},\"inLanguage\":\"es\",\"potentialAction\":[{\"@type\":\"ReadAction\",\"target\":[\"https:\\\/\\\/cvinoticias.com\\\/v3\\\/se-declaro-de-interes-municipal-el-festival-iguazusolidario\\\/\"]}]},{\"@type\":\"ImageObject\",\"inLanguage\":\"es\",\"@id\":\"https:\\\/\\\/cvinoticias.com\\\/v3\\\/se-declaro-de-interes-municipal-el-festival-iguazusolidario\\\/#primaryimage\",\"url\":\"https:\\\/\\\/cvinoticias.com\\\/wp-content\\\/uploads\\\/2021\\\/09\\\/20210916_195650-scaled.jpg\",\"contentUrl\":\"https:\\\/\\\/cvinoticias.com\\\/wp-content\\\/uploads\\\/2021\\\/09\\\/20210916_195650-scaled.jpg\",\"width\":2560,\"height\":2141},{\"@type\":\"BreadcrumbList\",\"@id\":\"https:\\\/\\\/cvinoticias.com\\\/v3\\\/se-declaro-de-interes-municipal-el-festival-iguazusolidario\\\/#breadcrumb\",\"itemListElement\":[{\"@type\":\"ListItem\",\"position\":1,\"name\":\"Portada\",\"item\":\"https:\\\/\\\/cvinoticias.com\\\/v3\\\/\"},{\"@type\":\"ListItem\",\"position\":2,\"name\":\"Se declar\u00f3 de inter\u00e9s municipal el Festival #Iguaz\u00faSolidario\"}]},{\"@type\":\"WebSite\",\"@id\":\"https:\\\/\\\/cvinoticias.com\\\/v3\\\/#website\",\"url\":\"https:\\\/\\\/cvinoticias.com\\\/v3\\\/\",\"name\":\"CVI NOTICIAS\",\"description\":\"\",\"publisher\":{\"@id\":\"https:\\\/\\\/cvinoticias.com\\\/v3\\\/#organization\"},\"alternateName\":\"CVI\",\"potentialAction\":[{\"@type\":\"SearchAction\",\"target\":{\"@type\":\"EntryPoint\",\"urlTemplate\":\"https:\\\/\\\/cvinoticias.com\\\/v3\\\/?s={search_term_string}\"},\"query-input\":{\"@type\":\"PropertyValueSpecification\",\"valueRequired\":true,\"valueName\":\"search_term_string\"}}],\"inLanguage\":\"es\"},{\"@type\":\"Organization\",\"@id\":\"https:\\\/\\\/cvinoticias.com\\\/v3\\\/#organization\",\"name\":\"CVI NOTICIAS\",\"url\":\"https:\\\/\\\/cvinoticias.com\\\/v3\\\/\",\"logo\":{\"@type\":\"ImageObject\",\"inLanguage\":\"es\",\"@id\":\"https:\\\/\\\/cvinoticias.com\\\/v3\\\/#\\\/schema\\\/logo\\\/image\\\/\",\"url\":\"https:\\\/\\\/cvinoticias.com\\\/wp-content\\\/uploads\\\/2023\\\/04\\\/cropped-cropped-cropped-cropped-cropped-3-1.png\",\"contentUrl\":\"https:\\\/\\\/cvinoticias.com\\\/wp-content\\\/uploads\\\/2023\\\/04\\\/cropped-cropped-cropped-cropped-cropped-3-1.png\",\"width\":95,\"height\":122,\"caption\":\"CVI NOTICIAS\"},\"image\":{\"@id\":\"https:\\\/\\\/cvinoticias.com\\\/v3\\\/#\\\/schema\\\/logo\\\/image\\\/\"},\"sameAs\":[\"https:\\\/\\\/www.facebook.com\\\/cvinoticias\",\"https:\\\/\\\/www.instagram.com\\\/cvinoticias\\\/\",\"https:\\\/\\\/www.youtube.com\\\/@CVINOTICIAS\"]},{\"@type\":\"Person\",\"@id\":\"https:\\\/\\\/cvinoticias.com\\\/v3\\\/#\\\/schema\\\/person\\\/2db77e3c6bc03c538495d7b2b8be9b66\",\"name\":\"f1000024\",\"image\":{\"@type\":\"ImageObject\",\"inLanguage\":\"es\",\"@id\":\"https:\\\/\\\/secure.gravatar.com\\\/avatar\\\/d4fe7459cfc51ff5129ce1a732bbef5928568b8092d412ef95611616376bbeed?s=96&d=mm&r=g\",\"url\":\"https:\\\/\\\/secure.gravatar.com\\\/avatar\\\/d4fe7459cfc51ff5129ce1a732bbef5928568b8092d412ef95611616376bbeed?s=96&d=mm&r=g\",\"contentUrl\":\"https:\\\/\\\/secure.gravatar.com\\\/avatar\\\/d4fe7459cfc51ff5129ce1a732bbef5928568b8092d412ef95611616376bbeed?s=96&d=mm&r=g\",\"caption\":\"f1000024\"},\"url\":\"https:\\\/\\\/cvinoticias.com\\\/v3\\\/author\\\/f1000024\\\/\"}]}<\/script>\n<!-- \/ Yoast SEO plugin. -->","yoast_head_json":{"title":"Se declar\u00f3 de inter\u00e9s municipal el Festival #Iguaz\u00faSolidario | CVI NOTICIAS","robots":{"index":"index","follow":"follow","max-snippet":"max-snippet:-1","max-image-preview":"max-image-preview:large","max-video-preview":"max-video-preview:-1"},"canonical":"https:\/\/cvinoticias.com\/v3\/se-declaro-de-interes-municipal-el-festival-iguazusolidario\/","og_locale":"es_ES","og_type":"article","og_title":"Se declar\u00f3 de inter\u00e9s municipal el Festival #Iguaz\u00faSolidario | CVI NOTICIAS","og_description":"Anoche en una sesi\u00f3n m\u00e1s del Concejo Deliberante de Iguaz\u00fa, a trav\u00e9s de un proyecto de declaraci\u00f3n, se aprob\u00f3 por voto un\u00e1nime, de inter\u00e9s municipal el Festival #Iguaz\u00faSolidario que se realiz\u00f3 por primera vez el pasado s\u00e1bado 17 de Julio en el anfiteatro Ram\u00f3n Ayala de nuestra ciudad. Dicho festival fu\u00e9 el primero en la [&hellip;]","og_url":"https:\/\/cvinoticias.com\/v3\/se-declaro-de-interes-municipal-el-festival-iguazusolidario\/","og_site_name":"CVI NOTICIAS","article_publisher":"https:\/\/www.facebook.com\/cvinoticias","article_published_time":"2021-09-17T10:00:47+00:00","article_modified_time":"2021-09-17T10:11:04+00:00","og_image":[{"width":2560,"height":2141,"url":"https:\/\/cvinoticias.com\/wp-content\/uploads\/2021\/09\/20210916_195650-scaled.jpg","type":"image\/jpeg"}],"author":"f1000024","twitter_card":"summary_large_image","twitter_misc":{"Escrito por":"f1000024","Tiempo de lectura":"2 minutos"},"schema":{"@context":"https:\/\/schema.org","@graph":[{"@type":"Article","@id":"https:\/\/cvinoticias.com\/v3\/se-declaro-de-interes-municipal-el-festival-iguazusolidario\/#article","isPartOf":{"@id":"https:\/\/cvinoticias.com\/v3\/se-declaro-de-interes-municipal-el-festival-iguazusolidario\/"},"author":{"name":"f1000024","@id":"https:\/\/cvinoticias.com\/v3\/#\/schema\/person\/2db77e3c6bc03c538495d7b2b8be9b66"},"headline":"Se declar\u00f3 de inter\u00e9s municipal el Festival #Iguaz\u00faSolidario","datePublished":"2021-09-17T10:00:47+00:00","dateModified":"2021-09-17T10:11:04+00:00","mainEntityOfPage":{"@id":"https:\/\/cvinoticias.com\/v3\/se-declaro-de-interes-municipal-el-festival-iguazusolidario\/"},"wordCount":462,"commentCount":0,"publisher":{"@id":"https:\/\/cvinoticias.com\/v3\/#organization"},"image":{"@id":"https:\/\/cvinoticias.com\/v3\/se-declaro-de-interes-municipal-el-festival-iguazusolidario\/#primaryimage"},"thumbnailUrl":"https:\/\/cvinoticias.com\/wp-content\/uploads\/2021\/09\/20210916_195650-scaled.jpg","articleSection":["Locales"],"inLanguage":"es","potentialAction":[{"@type":"CommentAction","name":"Comment","target":["https:\/\/cvinoticias.com\/v3\/se-declaro-de-interes-municipal-el-festival-iguazusolidario\/#respond"]}]},{"@type":"WebPage","@id":"https:\/\/cvinoticias.com\/v3\/se-declaro-de-interes-municipal-el-festival-iguazusolidario\/","url":"https:\/\/cvinoticias.com\/v3\/se-declaro-de-interes-municipal-el-festival-iguazusolidario\/","name":"Se declar\u00f3 de inter\u00e9s municipal el Festival #Iguaz\u00faSolidario | CVI NOTICIAS","isPartOf":{"@id":"https:\/\/cvinoticias.com\/v3\/#website"},"primaryImageOfPage":{"@id":"https:\/\/cvinoticias.com\/v3\/se-declaro-de-interes-municipal-el-festival-iguazusolidario\/#primaryimage"},"image":{"@id":"https:\/\/cvinoticias.com\/v3\/se-declaro-de-interes-municipal-el-festival-iguazusolidario\/#primaryimage"},"thumbnailUrl":"https:\/\/cvinoticias.com\/wp-content\/uploads\/2021\/09\/20210916_195650-scaled.jpg","datePublished":"2021-09-17T10:00:47+00:00","dateModified":"2021-09-17T10:11:04+00:00","breadcrumb":{"@id":"https:\/\/cvinoticias.com\/v3\/se-declaro-de-interes-municipal-el-festival-iguazusolidario\/#breadcrumb"},"inLanguage":"es","potentialAction":[{"@type":"ReadAction","target":["https:\/\/cvinoticias.com\/v3\/se-declaro-de-interes-municipal-el-festival-iguazusolidario\/"]}]},{"@type":"ImageObject","inLanguage":"es","@id":"https:\/\/cvinoticias.com\/v3\/se-declaro-de-interes-municipal-el-festival-iguazusolidario\/#primaryimage","url":"https:\/\/cvinoticias.com\/wp-content\/uploads\/2021\/09\/20210916_195650-scaled.jpg","contentUrl":"https:\/\/cvinoticias.com\/wp-content\/uploads\/2021\/09\/20210916_195650-scaled.jpg","width":2560,"height":2141},{"@type":"BreadcrumbList","@id":"https:\/\/cvinoticias.com\/v3\/se-declaro-de-interes-municipal-el-festival-iguazusolidario\/#breadcrumb","itemListElement":[{"@type":"ListItem","position":1,"name":"Portada","item":"https:\/\/cvinoticias.com\/v3\/"},{"@type":"ListItem","position":2,"name":"Se declar\u00f3 de inter\u00e9s municipal el Festival #Iguaz\u00faSolidario"}]},{"@type":"WebSite","@id":"https:\/\/cvinoticias.com\/v3\/#website","url":"https:\/\/cvinoticias.com\/v3\/","name":"CVI NOTICIAS","description":"","publisher":{"@id":"https:\/\/cvinoticias.com\/v3\/#organization"},"alternateName":"CVI","potentialAction":[{"@type":"SearchAction","target":{"@type":"EntryPoint","urlTemplate":"https:\/\/cvinoticias.com\/v3\/?s={search_term_string}"},"query-input":{"@type":"PropertyValueSpecification","valueRequired":true,"valueName":"search_term_string"}}],"inLanguage":"es"},{"@type":"Organization","@id":"https:\/\/cvinoticias.com\/v3\/#organization","name":"CVI NOTICIAS","url":"https:\/\/cvinoticias.com\/v3\/","logo":{"@type":"ImageObject","inLanguage":"es","@id":"https:\/\/cvinoticias.com\/v3\/#\/schema\/logo\/image\/","url":"https:\/\/cvinoticias.com\/wp-content\/uploads\/2023\/04\/cropped-cropped-cropped-cropped-cropped-3-1.png","contentUrl":"https:\/\/cvinoticias.com\/wp-content\/uploads\/2023\/04\/cropped-cropped-cropped-cropped-cropped-3-1.png","width":95,"height":122,"caption":"CVI NOTICIAS"},"image":{"@id":"https:\/\/cvinoticias.com\/v3\/#\/schema\/logo\/image\/"},"sameAs":["https:\/\/www.facebook.com\/cvinoticias","https:\/\/www.instagram.com\/cvinoticias\/","https:\/\/www.youtube.com\/@CVINOTICIAS"]},{"@type":"Person","@id":"https:\/\/cvinoticias.com\/v3\/#\/schema\/person\/2db77e3c6bc03c538495d7b2b8be9b66","name":"f1000024","image":{"@type":"ImageObject","inLanguage":"es","@id":"https:\/\/secure.gravatar.com\/avatar\/d4fe7459cfc51ff5129ce1a732bbef5928568b8092d412ef95611616376bbeed?s=96&d=mm&r=g","url":"https:\/\/secure.gravatar.com\/avatar\/d4fe7459cfc51ff5129ce1a732bbef5928568b8092d412ef95611616376bbeed?s=96&d=mm&r=g","contentUrl":"https:\/\/secure.gravatar.com\/avatar\/d4fe7459cfc51ff5129ce1a732bbef5928568b8092d412ef95611616376bbeed?s=96&d=mm&r=g","caption":"f1000024"},"url":"https:\/\/cvinoticias.com\/v3\/author\/f1000024\/"}]}},"_links":{"self":[{"href":"https:\/\/cvinoticias.com\/v3\/wp-json\/wp\/v2\/posts\/8608","targetHints":{"allow":["GET"]}}],"collection":[{"href":"https:\/\/cvinoticias.com\/v3\/wp-json\/wp\/v2\/posts"}],"about":[{"href":"https:\/\/cvinoticias.com\/v3\/wp-json\/wp\/v2\/types\/post"}],"author":[{"embeddable":true,"href":"https:\/\/cvinoticias.com\/v3\/wp-json\/wp\/v2\/users\/2"}],"replies":[{"embeddable":true,"href":"https:\/\/cvinoticias.com\/v3\/wp-json\/wp\/v2\/comments?post=8608"}],"version-history":[{"count":3,"href":"https:\/\/cvinoticias.com\/v3\/wp-json\/wp\/v2\/posts\/8608\/revisions"}],"predecessor-version":[{"id":8615,"href":"https:\/\/cvinoticias.com\/v3\/wp-json\/wp\/v2\/posts\/8608\/revisions\/8615"}],"wp:featuredmedia":[{"embeddable":true,"href":"https:\/\/cvinoticias.com\/v3\/wp-json\/wp\/v2\/media\/8611"}],"wp:attachment":[{"href":"https:\/\/cvinoticias.com\/v3\/wp-json\/wp\/v2\/media?parent=8608"}],"wp:term":[{"taxonomy":"category","embeddable":true,"href":"https:\/\/cvinoticias.com\/v3\/wp-json\/wp\/v2\/categories?post=8608"},{"taxonomy":"post_tag","embeddable":true,"href":"https:\/\/cvinoticias.com\/v3\/wp-json\/wp\/v2\/tags?post=8608"}],"curies":[{"name":"wp","href":"https:\/\/api.w.org\/{rel}","templated":true}]}}