{"id":8598,"date":"2021-09-16T20:53:01","date_gmt":"2021-09-16T20:53:01","guid":{"rendered":"https:\/\/cvinoticias.com\/v3\/?p=8598"},"modified":"2021-09-16T20:53:01","modified_gmt":"2021-09-16T20:53:01","slug":"el-lunes-20-las-escuelas-de-misiones-vuelven-a-la-presencialidad-plena","status":"publish","type":"post","link":"https:\/\/cvinoticias.com\/v3\/el-lunes-20-las-escuelas-de-misiones-vuelven-a-la-presencialidad-plena\/","title":{"rendered":"El lunes 20 las escuelas de Misiones vuelven a la presencialidad plena"},"content":{"rendered":"\n<p><strong><em>El ministro de Educaci\u00f3n de Misiones, Miguel Sedoff, anunci\u00f3 que a partir del lunes 20 de septiembre todas las escuelas de la provincia retomar\u00e1n la presencialidad plena. La confirmaci\u00f3n del titular de la cartera educativa va en l\u00ednea con el anuncio realizado este martes por el gobernador Oscar Herrera Ahuad, quien anticip\u00f3 desde Cerro Azul el regreso a la presencialidad plena en todos los establecimientos educativos de la tierra colorada.<\/em><\/strong><\/p>\n\n\n\n<p>\u201cATENCI\u00d3N. A partir del lunes 20 de septiembre, las escuelas de gesti\u00f3n p\u00fablica y privada de todos los niveles y modalidades de la provincia tendr\u00e1n PRESENCIALIDAD PLENA para todos sus estudiantes, recuperando de esta manera la din\u00e1mica escolar\u201d, anunci\u00f3 Sedoff en su cuenta personal de Twitter.<\/p>\n\n\n\n<p>El ministro explic\u00f3 que la decisi\u00f3n fue tomada por el Gobernador luego de la sugerencia del Comit\u00e9 Cient\u00edfico con el que se reunieron este martes, \u00abdonde se analiz\u00f3 la situaci\u00f3n epidemiol\u00f3gica provincial y la cual resulta favorable para el progresivo acondicionamiento del escenario excepcional escolar\u00bb.<\/p>\n\n\n\n<p>Sedeoff indic\u00f3 que esta decisi\u00f3n supone la disminuci\u00f3n del distanciamiento escolar de 1,50 metros a 0,90 cent\u00edmetros, tal como fuera acordado en la Resoluci\u00f3n N\u00b0 400\/21 del Consejo Federal de Educaci\u00f3n (CFE) y permitir\u00e1 que todos los estudiantes de la provincia concurran todos los d\u00edas a clases presenciales con los debidos cuidados personales.<\/p>\n\n\n\n<p>\u201cEste regreso a la presencialidad completa se har\u00e1 seg\u00fan las condiciones de infraestructura, sanitarias, epidemiol\u00f3gicas de cada establecimiento escolar y se mantendr\u00e1 en tanto los indicadores sanitarios contin\u00faen estables\u201d, cerr\u00f3 el ministro.<\/p>\n\n\n\n<p>Fuente: Enfoque<\/p>\n","protected":false},"excerpt":{"rendered":"<p>El ministro de Educaci\u00f3n de Misiones, Miguel Sedoff, anunci\u00f3 que a partir del lunes 20 de septiembre todas las escuelas de la provincia retomar\u00e1n la presencialidad plena. La confirmaci\u00f3n del titular de la cartera educativa va en l\u00ednea con el anuncio realizado este martes por el gobernador Oscar Herrera Ahuad, quien anticip\u00f3 desde Cerro Azul [&hellip;]<\/p>\n","protected":false},"author":2,"featured_media":8599,"comment_status":"open","ping_status":"open","sticky":false,"template":"","format":"standard","meta":{"footnotes":""},"categories":[26],"tags":[],"class_list":["post-8598","post","type-post","status-publish","format-standard","has-post-thumbnail","hentry","category-educacion"],"yoast_head":"<!-- This site is optimized with the Yoast SEO plugin v27.4 - https:\/\/yoast.com\/product\/yoast-seo-wordpress\/ -->\n<title>El lunes 20 las escuelas de Misiones vuelven a la presencialidad plena | CVI NOTICIAS<\/title>\n<meta name=\"robots\" content=\"index, follow, max-snippet:-1, max-image-preview:large, max-video-preview:-1\" \/>\n<link rel=\"canonical\" href=\"https:\/\/cvinoticias.com\/v3\/el-lunes-20-las-escuelas-de-misiones-vuelven-a-la-presencialidad-plena\/\" \/>\n<meta property=\"og:locale\" content=\"es_ES\" \/>\n<meta property=\"og:type\" content=\"article\" \/>\n<meta property=\"og:title\" content=\"El lunes 20 las escuelas de Misiones vuelven a la presencialidad plena | CVI NOTICIAS\" \/>\n<meta property=\"og:description\" content=\"El ministro de Educaci\u00f3n de Misiones, Miguel Sedoff, anunci\u00f3 que a partir del lunes 20 de septiembre todas las escuelas de la provincia retomar\u00e1n la presencialidad plena. La confirmaci\u00f3n del titular de la cartera educativa va en l\u00ednea con el anuncio realizado este martes por el gobernador Oscar Herrera Ahuad, quien anticip\u00f3 desde Cerro Azul [&hellip;]\" \/>\n<meta property=\"og:url\" content=\"https:\/\/cvinoticias.com\/v3\/el-lunes-20-las-escuelas-de-misiones-vuelven-a-la-presencialidad-plena\/\" \/>\n<meta property=\"og:site_name\" content=\"CVI NOTICIAS\" \/>\n<meta property=\"article:publisher\" content=\"https:\/\/www.facebook.com\/cvinoticias\" \/>\n<meta property=\"article:published_time\" content=\"2021-09-16T20:53:01+00:00\" \/>\n<meta property=\"og:image\" content=\"https:\/\/cvinoticias.com\/wp-content\/uploads\/2021\/09\/612788e137cc1_1004x564.jpg\" \/>\n\t<meta property=\"og:image:width\" content=\"1004\" \/>\n\t<meta property=\"og:image:height\" content=\"564\" \/>\n\t<meta property=\"og:image:type\" content=\"image\/jpeg\" \/>\n<meta name=\"author\" content=\"f1000024\" \/>\n<meta name=\"twitter:card\" content=\"summary_large_image\" \/>\n<meta name=\"twitter:label1\" content=\"Escrito por\" \/>\n\t<meta name=\"twitter:data1\" content=\"f1000024\" \/>\n\t<meta name=\"twitter:label2\" content=\"Tiempo de lectura\" \/>\n\t<meta name=\"twitter:data2\" content=\"1 minuto\" \/>\n<script type=\"application\/ld+json\" class=\"yoast-schema-graph\">{\"@context\":\"https:\\\/\\\/schema.org\",\"@graph\":[{\"@type\":\"Article\",\"@id\":\"https:\\\/\\\/cvinoticias.com\\\/v3\\\/el-lunes-20-las-escuelas-de-misiones-vuelven-a-la-presencialidad-plena\\\/#article\",\"isPartOf\":{\"@id\":\"https:\\\/\\\/cvinoticias.com\\\/v3\\\/el-lunes-20-las-escuelas-de-misiones-vuelven-a-la-presencialidad-plena\\\/\"},\"author\":{\"name\":\"f1000024\",\"@id\":\"https:\\\/\\\/cvinoticias.com\\\/v3\\\/#\\\/schema\\\/person\\\/2db77e3c6bc03c538495d7b2b8be9b66\"},\"headline\":\"El lunes 20 las escuelas de Misiones vuelven a la presencialidad plena\",\"datePublished\":\"2021-09-16T20:53:01+00:00\",\"mainEntityOfPage\":{\"@id\":\"https:\\\/\\\/cvinoticias.com\\\/v3\\\/el-lunes-20-las-escuelas-de-misiones-vuelven-a-la-presencialidad-plena\\\/\"},\"wordCount\":276,\"commentCount\":0,\"publisher\":{\"@id\":\"https:\\\/\\\/cvinoticias.com\\\/v3\\\/#organization\"},\"image\":{\"@id\":\"https:\\\/\\\/cvinoticias.com\\\/v3\\\/el-lunes-20-las-escuelas-de-misiones-vuelven-a-la-presencialidad-plena\\\/#primaryimage\"},\"thumbnailUrl\":\"https:\\\/\\\/cvinoticias.com\\\/wp-content\\\/uploads\\\/2021\\\/09\\\/612788e137cc1_1004x564.jpg\",\"articleSection\":[\"Educacion\"],\"inLanguage\":\"es\",\"potentialAction\":[{\"@type\":\"CommentAction\",\"name\":\"Comment\",\"target\":[\"https:\\\/\\\/cvinoticias.com\\\/v3\\\/el-lunes-20-las-escuelas-de-misiones-vuelven-a-la-presencialidad-plena\\\/#respond\"]}]},{\"@type\":\"WebPage\",\"@id\":\"https:\\\/\\\/cvinoticias.com\\\/v3\\\/el-lunes-20-las-escuelas-de-misiones-vuelven-a-la-presencialidad-plena\\\/\",\"url\":\"https:\\\/\\\/cvinoticias.com\\\/v3\\\/el-lunes-20-las-escuelas-de-misiones-vuelven-a-la-presencialidad-plena\\\/\",\"name\":\"El lunes 20 las escuelas de Misiones vuelven a la presencialidad plena | CVI NOTICIAS\",\"isPartOf\":{\"@id\":\"https:\\\/\\\/cvinoticias.com\\\/v3\\\/#website\"},\"primaryImageOfPage\":{\"@id\":\"https:\\\/\\\/cvinoticias.com\\\/v3\\\/el-lunes-20-las-escuelas-de-misiones-vuelven-a-la-presencialidad-plena\\\/#primaryimage\"},\"image\":{\"@id\":\"https:\\\/\\\/cvinoticias.com\\\/v3\\\/el-lunes-20-las-escuelas-de-misiones-vuelven-a-la-presencialidad-plena\\\/#primaryimage\"},\"thumbnailUrl\":\"https:\\\/\\\/cvinoticias.com\\\/wp-content\\\/uploads\\\/2021\\\/09\\\/612788e137cc1_1004x564.jpg\",\"datePublished\":\"2021-09-16T20:53:01+00:00\",\"breadcrumb\":{\"@id\":\"https:\\\/\\\/cvinoticias.com\\\/v3\\\/el-lunes-20-las-escuelas-de-misiones-vuelven-a-la-presencialidad-plena\\\/#breadcrumb\"},\"inLanguage\":\"es\",\"potentialAction\":[{\"@type\":\"ReadAction\",\"target\":[\"https:\\\/\\\/cvinoticias.com\\\/v3\\\/el-lunes-20-las-escuelas-de-misiones-vuelven-a-la-presencialidad-plena\\\/\"]}]},{\"@type\":\"ImageObject\",\"inLanguage\":\"es\",\"@id\":\"https:\\\/\\\/cvinoticias.com\\\/v3\\\/el-lunes-20-las-escuelas-de-misiones-vuelven-a-la-presencialidad-plena\\\/#primaryimage\",\"url\":\"https:\\\/\\\/cvinoticias.com\\\/wp-content\\\/uploads\\\/2021\\\/09\\\/612788e137cc1_1004x564.jpg\",\"contentUrl\":\"https:\\\/\\\/cvinoticias.com\\\/wp-content\\\/uploads\\\/2021\\\/09\\\/612788e137cc1_1004x564.jpg\",\"width\":1004,\"height\":564},{\"@type\":\"BreadcrumbList\",\"@id\":\"https:\\\/\\\/cvinoticias.com\\\/v3\\\/el-lunes-20-las-escuelas-de-misiones-vuelven-a-la-presencialidad-plena\\\/#breadcrumb\",\"itemListElement\":[{\"@type\":\"ListItem\",\"position\":1,\"name\":\"Portada\",\"item\":\"https:\\\/\\\/cvinoticias.com\\\/v3\\\/\"},{\"@type\":\"ListItem\",\"position\":2,\"name\":\"El lunes 20 las escuelas de Misiones vuelven a la presencialidad plena\"}]},{\"@type\":\"WebSite\",\"@id\":\"https:\\\/\\\/cvinoticias.com\\\/v3\\\/#website\",\"url\":\"https:\\\/\\\/cvinoticias.com\\\/v3\\\/\",\"name\":\"CVI NOTICIAS\",\"description\":\"\",\"publisher\":{\"@id\":\"https:\\\/\\\/cvinoticias.com\\\/v3\\\/#organization\"},\"alternateName\":\"CVI\",\"potentialAction\":[{\"@type\":\"SearchAction\",\"target\":{\"@type\":\"EntryPoint\",\"urlTemplate\":\"https:\\\/\\\/cvinoticias.com\\\/v3\\\/?s={search_term_string}\"},\"query-input\":{\"@type\":\"PropertyValueSpecification\",\"valueRequired\":true,\"valueName\":\"search_term_string\"}}],\"inLanguage\":\"es\"},{\"@type\":\"Organization\",\"@id\":\"https:\\\/\\\/cvinoticias.com\\\/v3\\\/#organization\",\"name\":\"CVI NOTICIAS\",\"url\":\"https:\\\/\\\/cvinoticias.com\\\/v3\\\/\",\"logo\":{\"@type\":\"ImageObject\",\"inLanguage\":\"es\",\"@id\":\"https:\\\/\\\/cvinoticias.com\\\/v3\\\/#\\\/schema\\\/logo\\\/image\\\/\",\"url\":\"https:\\\/\\\/cvinoticias.com\\\/wp-content\\\/uploads\\\/2023\\\/04\\\/cropped-cropped-cropped-cropped-cropped-3-1.png\",\"contentUrl\":\"https:\\\/\\\/cvinoticias.com\\\/wp-content\\\/uploads\\\/2023\\\/04\\\/cropped-cropped-cropped-cropped-cropped-3-1.png\",\"width\":95,\"height\":122,\"caption\":\"CVI NOTICIAS\"},\"image\":{\"@id\":\"https:\\\/\\\/cvinoticias.com\\\/v3\\\/#\\\/schema\\\/logo\\\/image\\\/\"},\"sameAs\":[\"https:\\\/\\\/www.facebook.com\\\/cvinoticias\",\"https:\\\/\\\/www.instagram.com\\\/cvinoticias\\\/\",\"https:\\\/\\\/www.youtube.com\\\/@CVINOTICIAS\"]},{\"@type\":\"Person\",\"@id\":\"https:\\\/\\\/cvinoticias.com\\\/v3\\\/#\\\/schema\\\/person\\\/2db77e3c6bc03c538495d7b2b8be9b66\",\"name\":\"f1000024\",\"image\":{\"@type\":\"ImageObject\",\"inLanguage\":\"es\",\"@id\":\"https:\\\/\\\/secure.gravatar.com\\\/avatar\\\/d4fe7459cfc51ff5129ce1a732bbef5928568b8092d412ef95611616376bbeed?s=96&d=mm&r=g\",\"url\":\"https:\\\/\\\/secure.gravatar.com\\\/avatar\\\/d4fe7459cfc51ff5129ce1a732bbef5928568b8092d412ef95611616376bbeed?s=96&d=mm&r=g\",\"contentUrl\":\"https:\\\/\\\/secure.gravatar.com\\\/avatar\\\/d4fe7459cfc51ff5129ce1a732bbef5928568b8092d412ef95611616376bbeed?s=96&d=mm&r=g\",\"caption\":\"f1000024\"},\"url\":\"https:\\\/\\\/cvinoticias.com\\\/v3\\\/author\\\/f1000024\\\/\"}]}<\/script>\n<!-- \/ Yoast SEO plugin. -->","yoast_head_json":{"title":"El lunes 20 las escuelas de Misiones vuelven a la presencialidad plena | CVI NOTICIAS","robots":{"index":"index","follow":"follow","max-snippet":"max-snippet:-1","max-image-preview":"max-image-preview:large","max-video-preview":"max-video-preview:-1"},"canonical":"https:\/\/cvinoticias.com\/v3\/el-lunes-20-las-escuelas-de-misiones-vuelven-a-la-presencialidad-plena\/","og_locale":"es_ES","og_type":"article","og_title":"El lunes 20 las escuelas de Misiones vuelven a la presencialidad plena | CVI NOTICIAS","og_description":"El ministro de Educaci\u00f3n de Misiones, Miguel Sedoff, anunci\u00f3 que a partir del lunes 20 de septiembre todas las escuelas de la provincia retomar\u00e1n la presencialidad plena. La confirmaci\u00f3n del titular de la cartera educativa va en l\u00ednea con el anuncio realizado este martes por el gobernador Oscar Herrera Ahuad, quien anticip\u00f3 desde Cerro Azul [&hellip;]","og_url":"https:\/\/cvinoticias.com\/v3\/el-lunes-20-las-escuelas-de-misiones-vuelven-a-la-presencialidad-plena\/","og_site_name":"CVI NOTICIAS","article_publisher":"https:\/\/www.facebook.com\/cvinoticias","article_published_time":"2021-09-16T20:53:01+00:00","og_image":[{"width":1004,"height":564,"url":"https:\/\/cvinoticias.com\/wp-content\/uploads\/2021\/09\/612788e137cc1_1004x564.jpg","type":"image\/jpeg"}],"author":"f1000024","twitter_card":"summary_large_image","twitter_misc":{"Escrito por":"f1000024","Tiempo de lectura":"1 minuto"},"schema":{"@context":"https:\/\/schema.org","@graph":[{"@type":"Article","@id":"https:\/\/cvinoticias.com\/v3\/el-lunes-20-las-escuelas-de-misiones-vuelven-a-la-presencialidad-plena\/#article","isPartOf":{"@id":"https:\/\/cvinoticias.com\/v3\/el-lunes-20-las-escuelas-de-misiones-vuelven-a-la-presencialidad-plena\/"},"author":{"name":"f1000024","@id":"https:\/\/cvinoticias.com\/v3\/#\/schema\/person\/2db77e3c6bc03c538495d7b2b8be9b66"},"headline":"El lunes 20 las escuelas de Misiones vuelven a la presencialidad plena","datePublished":"2021-09-16T20:53:01+00:00","mainEntityOfPage":{"@id":"https:\/\/cvinoticias.com\/v3\/el-lunes-20-las-escuelas-de-misiones-vuelven-a-la-presencialidad-plena\/"},"wordCount":276,"commentCount":0,"publisher":{"@id":"https:\/\/cvinoticias.com\/v3\/#organization"},"image":{"@id":"https:\/\/cvinoticias.com\/v3\/el-lunes-20-las-escuelas-de-misiones-vuelven-a-la-presencialidad-plena\/#primaryimage"},"thumbnailUrl":"https:\/\/cvinoticias.com\/wp-content\/uploads\/2021\/09\/612788e137cc1_1004x564.jpg","articleSection":["Educacion"],"inLanguage":"es","potentialAction":[{"@type":"CommentAction","name":"Comment","target":["https:\/\/cvinoticias.com\/v3\/el-lunes-20-las-escuelas-de-misiones-vuelven-a-la-presencialidad-plena\/#respond"]}]},{"@type":"WebPage","@id":"https:\/\/cvinoticias.com\/v3\/el-lunes-20-las-escuelas-de-misiones-vuelven-a-la-presencialidad-plena\/","url":"https:\/\/cvinoticias.com\/v3\/el-lunes-20-las-escuelas-de-misiones-vuelven-a-la-presencialidad-plena\/","name":"El lunes 20 las escuelas de Misiones vuelven a la presencialidad plena | CVI NOTICIAS","isPartOf":{"@id":"https:\/\/cvinoticias.com\/v3\/#website"},"primaryImageOfPage":{"@id":"https:\/\/cvinoticias.com\/v3\/el-lunes-20-las-escuelas-de-misiones-vuelven-a-la-presencialidad-plena\/#primaryimage"},"image":{"@id":"https:\/\/cvinoticias.com\/v3\/el-lunes-20-las-escuelas-de-misiones-vuelven-a-la-presencialidad-plena\/#primaryimage"},"thumbnailUrl":"https:\/\/cvinoticias.com\/wp-content\/uploads\/2021\/09\/612788e137cc1_1004x564.jpg","datePublished":"2021-09-16T20:53:01+00:00","breadcrumb":{"@id":"https:\/\/cvinoticias.com\/v3\/el-lunes-20-las-escuelas-de-misiones-vuelven-a-la-presencialidad-plena\/#breadcrumb"},"inLanguage":"es","potentialAction":[{"@type":"ReadAction","target":["https:\/\/cvinoticias.com\/v3\/el-lunes-20-las-escuelas-de-misiones-vuelven-a-la-presencialidad-plena\/"]}]},{"@type":"ImageObject","inLanguage":"es","@id":"https:\/\/cvinoticias.com\/v3\/el-lunes-20-las-escuelas-de-misiones-vuelven-a-la-presencialidad-plena\/#primaryimage","url":"https:\/\/cvinoticias.com\/wp-content\/uploads\/2021\/09\/612788e137cc1_1004x564.jpg","contentUrl":"https:\/\/cvinoticias.com\/wp-content\/uploads\/2021\/09\/612788e137cc1_1004x564.jpg","width":1004,"height":564},{"@type":"BreadcrumbList","@id":"https:\/\/cvinoticias.com\/v3\/el-lunes-20-las-escuelas-de-misiones-vuelven-a-la-presencialidad-plena\/#breadcrumb","itemListElement":[{"@type":"ListItem","position":1,"name":"Portada","item":"https:\/\/cvinoticias.com\/v3\/"},{"@type":"ListItem","position":2,"name":"El lunes 20 las escuelas de Misiones vuelven a la presencialidad plena"}]},{"@type":"WebSite","@id":"https:\/\/cvinoticias.com\/v3\/#website","url":"https:\/\/cvinoticias.com\/v3\/","name":"CVI NOTICIAS","description":"","publisher":{"@id":"https:\/\/cvinoticias.com\/v3\/#organization"},"alternateName":"CVI","potentialAction":[{"@type":"SearchAction","target":{"@type":"EntryPoint","urlTemplate":"https:\/\/cvinoticias.com\/v3\/?s={search_term_string}"},"query-input":{"@type":"PropertyValueSpecification","valueRequired":true,"valueName":"search_term_string"}}],"inLanguage":"es"},{"@type":"Organization","@id":"https:\/\/cvinoticias.com\/v3\/#organization","name":"CVI NOTICIAS","url":"https:\/\/cvinoticias.com\/v3\/","logo":{"@type":"ImageObject","inLanguage":"es","@id":"https:\/\/cvinoticias.com\/v3\/#\/schema\/logo\/image\/","url":"https:\/\/cvinoticias.com\/wp-content\/uploads\/2023\/04\/cropped-cropped-cropped-cropped-cropped-3-1.png","contentUrl":"https:\/\/cvinoticias.com\/wp-content\/uploads\/2023\/04\/cropped-cropped-cropped-cropped-cropped-3-1.png","width":95,"height":122,"caption":"CVI NOTICIAS"},"image":{"@id":"https:\/\/cvinoticias.com\/v3\/#\/schema\/logo\/image\/"},"sameAs":["https:\/\/www.facebook.com\/cvinoticias","https:\/\/www.instagram.com\/cvinoticias\/","https:\/\/www.youtube.com\/@CVINOTICIAS"]},{"@type":"Person","@id":"https:\/\/cvinoticias.com\/v3\/#\/schema\/person\/2db77e3c6bc03c538495d7b2b8be9b66","name":"f1000024","image":{"@type":"ImageObject","inLanguage":"es","@id":"https:\/\/secure.gravatar.com\/avatar\/d4fe7459cfc51ff5129ce1a732bbef5928568b8092d412ef95611616376bbeed?s=96&d=mm&r=g","url":"https:\/\/secure.gravatar.com\/avatar\/d4fe7459cfc51ff5129ce1a732bbef5928568b8092d412ef95611616376bbeed?s=96&d=mm&r=g","contentUrl":"https:\/\/secure.gravatar.com\/avatar\/d4fe7459cfc51ff5129ce1a732bbef5928568b8092d412ef95611616376bbeed?s=96&d=mm&r=g","caption":"f1000024"},"url":"https:\/\/cvinoticias.com\/v3\/author\/f1000024\/"}]}},"_links":{"self":[{"href":"https:\/\/cvinoticias.com\/v3\/wp-json\/wp\/v2\/posts\/8598","targetHints":{"allow":["GET"]}}],"collection":[{"href":"https:\/\/cvinoticias.com\/v3\/wp-json\/wp\/v2\/posts"}],"about":[{"href":"https:\/\/cvinoticias.com\/v3\/wp-json\/wp\/v2\/types\/post"}],"author":[{"embeddable":true,"href":"https:\/\/cvinoticias.com\/v3\/wp-json\/wp\/v2\/users\/2"}],"replies":[{"embeddable":true,"href":"https:\/\/cvinoticias.com\/v3\/wp-json\/wp\/v2\/comments?post=8598"}],"version-history":[{"count":1,"href":"https:\/\/cvinoticias.com\/v3\/wp-json\/wp\/v2\/posts\/8598\/revisions"}],"predecessor-version":[{"id":8600,"href":"https:\/\/cvinoticias.com\/v3\/wp-json\/wp\/v2\/posts\/8598\/revisions\/8600"}],"wp:featuredmedia":[{"embeddable":true,"href":"https:\/\/cvinoticias.com\/v3\/wp-json\/wp\/v2\/media\/8599"}],"wp:attachment":[{"href":"https:\/\/cvinoticias.com\/v3\/wp-json\/wp\/v2\/media?parent=8598"}],"wp:term":[{"taxonomy":"category","embeddable":true,"href":"https:\/\/cvinoticias.com\/v3\/wp-json\/wp\/v2\/categories?post=8598"},{"taxonomy":"post_tag","embeddable":true,"href":"https:\/\/cvinoticias.com\/v3\/wp-json\/wp\/v2\/tags?post=8598"}],"curies":[{"name":"wp","href":"https:\/\/api.w.org\/{rel}","templated":true}]}}