{"id":8574,"date":"2021-09-16T15:23:15","date_gmt":"2021-09-16T15:23:15","guid":{"rendered":"https:\/\/cvinoticias.com\/v3\/?p=8574"},"modified":"2021-09-16T15:23:15","modified_gmt":"2021-09-16T15:23:15","slug":"encontraron-muerto-a-uno-de-los-herederos-de-vicentin","status":"publish","type":"post","link":"https:\/\/cvinoticias.com\/v3\/encontraron-muerto-a-uno-de-los-herederos-de-vicentin\/","title":{"rendered":"Encontraron muerto a uno de los herederos de Vicentin"},"content":{"rendered":"\n<p><strong><em>Se trata de Nicol\u00e1s Nardlli, de tan solo 37 a\u00f1os. Era hijo de Gustavo Nardelli, referente de la agoexportadora santafesina<\/em><\/strong><\/p>\n\n\n\n<p>Seg\u00fan confirmaron a este medio fuentes cercanas a la familia Vicentin, anoche fue hallado sin vida Nicol\u00e1s Nardelli, de 37 a\u00f1os, hijo de Gustavo Nardelli, uno de los referentes de la empresa Vicentin, la agroexportadora instalada en la ciudad santafesina de Avellaneda.<\/p>\n\n\n\n<p>El cuerpo fue hallado en una vivienda de Campo Timb\u00f3, un club de campo cercano a Timbu\u00e9s, y de acuerdo a diferentes fuentes oficiales que estuvieron en contacto con los medios locales, el joven se habr\u00eda quitado la vida.<\/p>\n\n\n\n<p><\/p>\n\n\n\n<p><strong>Noticia en Desarrollo<\/strong><\/p>\n","protected":false},"excerpt":{"rendered":"<p>Se trata de Nicol\u00e1s Nardlli, de tan solo 37 a\u00f1os. Era hijo de Gustavo Nardelli, referente de la agoexportadora santafesina Seg\u00fan confirmaron a este medio fuentes cercanas a la familia Vicentin, anoche fue hallado sin vida Nicol\u00e1s Nardelli, de 37 a\u00f1os, hijo de Gustavo Nardelli, uno de los referentes de la empresa Vicentin, la agroexportadora [&hellip;]<\/p>\n","protected":false},"author":2,"featured_media":8575,"comment_status":"open","ping_status":"open","sticky":false,"template":"","format":"standard","meta":{"footnotes":""},"categories":[39],"tags":[],"class_list":["post-8574","post","type-post","status-publish","format-standard","has-post-thumbnail","hentry","category-nacionales"],"yoast_head":"<!-- This site is optimized with the Yoast SEO plugin v27.5 - https:\/\/yoast.com\/product\/yoast-seo-wordpress\/ -->\n<title>Encontraron muerto a uno de los herederos de Vicentin | CVI NOTICIAS<\/title>\n<meta name=\"robots\" content=\"index, follow, max-snippet:-1, max-image-preview:large, max-video-preview:-1\" \/>\n<link rel=\"canonical\" href=\"https:\/\/cvinoticias.com\/v3\/encontraron-muerto-a-uno-de-los-herederos-de-vicentin\/\" \/>\n<meta property=\"og:locale\" content=\"es_ES\" \/>\n<meta property=\"og:type\" content=\"article\" \/>\n<meta property=\"og:title\" content=\"Encontraron muerto a uno de los herederos de Vicentin | CVI NOTICIAS\" \/>\n<meta property=\"og:description\" content=\"Se trata de Nicol\u00e1s Nardlli, de tan solo 37 a\u00f1os. Era hijo de Gustavo Nardelli, referente de la agoexportadora santafesina Seg\u00fan confirmaron a este medio fuentes cercanas a la familia Vicentin, anoche fue hallado sin vida Nicol\u00e1s Nardelli, de 37 a\u00f1os, hijo de Gustavo Nardelli, uno de los referentes de la empresa Vicentin, la agroexportadora [&hellip;]\" \/>\n<meta property=\"og:url\" content=\"https:\/\/cvinoticias.com\/v3\/encontraron-muerto-a-uno-de-los-herederos-de-vicentin\/\" \/>\n<meta property=\"og:site_name\" content=\"CVI NOTICIAS\" \/>\n<meta property=\"article:publisher\" content=\"https:\/\/www.facebook.com\/cvinoticias\" \/>\n<meta property=\"article:published_time\" content=\"2021-09-16T15:23:15+00:00\" \/>\n<meta property=\"og:image\" content=\"https:\/\/cvinoticias.com\/wp-content\/uploads\/2021\/09\/vicentin2208.jpg\" \/>\n\t<meta property=\"og:image:width\" content=\"741\" \/>\n\t<meta property=\"og:image:height\" content=\"486\" \/>\n\t<meta property=\"og:image:type\" content=\"image\/jpeg\" \/>\n<meta name=\"author\" content=\"f1000024\" \/>\n<meta name=\"twitter:card\" content=\"summary_large_image\" \/>\n<meta name=\"twitter:label1\" content=\"Escrito por\" \/>\n\t<meta name=\"twitter:data1\" content=\"f1000024\" \/>\n\t<meta name=\"twitter:label2\" content=\"Tiempo de lectura\" \/>\n\t<meta name=\"twitter:data2\" content=\"1 minuto\" \/>\n<script type=\"application\/ld+json\" class=\"yoast-schema-graph\">{\"@context\":\"https:\\\/\\\/schema.org\",\"@graph\":[{\"@type\":\"Article\",\"@id\":\"https:\\\/\\\/cvinoticias.com\\\/v3\\\/encontraron-muerto-a-uno-de-los-herederos-de-vicentin\\\/#article\",\"isPartOf\":{\"@id\":\"https:\\\/\\\/cvinoticias.com\\\/v3\\\/encontraron-muerto-a-uno-de-los-herederos-de-vicentin\\\/\"},\"author\":{\"name\":\"f1000024\",\"@id\":\"https:\\\/\\\/cvinoticias.com\\\/v3\\\/#\\\/schema\\\/person\\\/2db77e3c6bc03c538495d7b2b8be9b66\"},\"headline\":\"Encontraron muerto a uno de los herederos de Vicentin\",\"datePublished\":\"2021-09-16T15:23:15+00:00\",\"mainEntityOfPage\":{\"@id\":\"https:\\\/\\\/cvinoticias.com\\\/v3\\\/encontraron-muerto-a-uno-de-los-herederos-de-vicentin\\\/\"},\"wordCount\":118,\"commentCount\":0,\"publisher\":{\"@id\":\"https:\\\/\\\/cvinoticias.com\\\/v3\\\/#organization\"},\"image\":{\"@id\":\"https:\\\/\\\/cvinoticias.com\\\/v3\\\/encontraron-muerto-a-uno-de-los-herederos-de-vicentin\\\/#primaryimage\"},\"thumbnailUrl\":\"https:\\\/\\\/cvinoticias.com\\\/wp-content\\\/uploads\\\/2021\\\/09\\\/vicentin2208.jpg\",\"articleSection\":[\"Nacionales\"],\"inLanguage\":\"es\",\"potentialAction\":[{\"@type\":\"CommentAction\",\"name\":\"Comment\",\"target\":[\"https:\\\/\\\/cvinoticias.com\\\/v3\\\/encontraron-muerto-a-uno-de-los-herederos-de-vicentin\\\/#respond\"]}]},{\"@type\":\"WebPage\",\"@id\":\"https:\\\/\\\/cvinoticias.com\\\/v3\\\/encontraron-muerto-a-uno-de-los-herederos-de-vicentin\\\/\",\"url\":\"https:\\\/\\\/cvinoticias.com\\\/v3\\\/encontraron-muerto-a-uno-de-los-herederos-de-vicentin\\\/\",\"name\":\"Encontraron muerto a uno de los herederos de Vicentin | CVI NOTICIAS\",\"isPartOf\":{\"@id\":\"https:\\\/\\\/cvinoticias.com\\\/v3\\\/#website\"},\"primaryImageOfPage\":{\"@id\":\"https:\\\/\\\/cvinoticias.com\\\/v3\\\/encontraron-muerto-a-uno-de-los-herederos-de-vicentin\\\/#primaryimage\"},\"image\":{\"@id\":\"https:\\\/\\\/cvinoticias.com\\\/v3\\\/encontraron-muerto-a-uno-de-los-herederos-de-vicentin\\\/#primaryimage\"},\"thumbnailUrl\":\"https:\\\/\\\/cvinoticias.com\\\/wp-content\\\/uploads\\\/2021\\\/09\\\/vicentin2208.jpg\",\"datePublished\":\"2021-09-16T15:23:15+00:00\",\"breadcrumb\":{\"@id\":\"https:\\\/\\\/cvinoticias.com\\\/v3\\\/encontraron-muerto-a-uno-de-los-herederos-de-vicentin\\\/#breadcrumb\"},\"inLanguage\":\"es\",\"potentialAction\":[{\"@type\":\"ReadAction\",\"target\":[\"https:\\\/\\\/cvinoticias.com\\\/v3\\\/encontraron-muerto-a-uno-de-los-herederos-de-vicentin\\\/\"]}]},{\"@type\":\"ImageObject\",\"inLanguage\":\"es\",\"@id\":\"https:\\\/\\\/cvinoticias.com\\\/v3\\\/encontraron-muerto-a-uno-de-los-herederos-de-vicentin\\\/#primaryimage\",\"url\":\"https:\\\/\\\/cvinoticias.com\\\/wp-content\\\/uploads\\\/2021\\\/09\\\/vicentin2208.jpg\",\"contentUrl\":\"https:\\\/\\\/cvinoticias.com\\\/wp-content\\\/uploads\\\/2021\\\/09\\\/vicentin2208.jpg\",\"width\":741,\"height\":486},{\"@type\":\"BreadcrumbList\",\"@id\":\"https:\\\/\\\/cvinoticias.com\\\/v3\\\/encontraron-muerto-a-uno-de-los-herederos-de-vicentin\\\/#breadcrumb\",\"itemListElement\":[{\"@type\":\"ListItem\",\"position\":1,\"name\":\"Portada\",\"item\":\"https:\\\/\\\/cvinoticias.com\\\/v3\\\/\"},{\"@type\":\"ListItem\",\"position\":2,\"name\":\"Encontraron muerto a uno de los herederos de Vicentin\"}]},{\"@type\":\"WebSite\",\"@id\":\"https:\\\/\\\/cvinoticias.com\\\/v3\\\/#website\",\"url\":\"https:\\\/\\\/cvinoticias.com\\\/v3\\\/\",\"name\":\"CVI NOTICIAS\",\"description\":\"\",\"publisher\":{\"@id\":\"https:\\\/\\\/cvinoticias.com\\\/v3\\\/#organization\"},\"alternateName\":\"CVI\",\"potentialAction\":[{\"@type\":\"SearchAction\",\"target\":{\"@type\":\"EntryPoint\",\"urlTemplate\":\"https:\\\/\\\/cvinoticias.com\\\/v3\\\/?s={search_term_string}\"},\"query-input\":{\"@type\":\"PropertyValueSpecification\",\"valueRequired\":true,\"valueName\":\"search_term_string\"}}],\"inLanguage\":\"es\"},{\"@type\":\"Organization\",\"@id\":\"https:\\\/\\\/cvinoticias.com\\\/v3\\\/#organization\",\"name\":\"CVI NOTICIAS\",\"url\":\"https:\\\/\\\/cvinoticias.com\\\/v3\\\/\",\"logo\":{\"@type\":\"ImageObject\",\"inLanguage\":\"es\",\"@id\":\"https:\\\/\\\/cvinoticias.com\\\/v3\\\/#\\\/schema\\\/logo\\\/image\\\/\",\"url\":\"https:\\\/\\\/cvinoticias.com\\\/wp-content\\\/uploads\\\/2023\\\/04\\\/cropped-cropped-cropped-cropped-cropped-3-1.png\",\"contentUrl\":\"https:\\\/\\\/cvinoticias.com\\\/wp-content\\\/uploads\\\/2023\\\/04\\\/cropped-cropped-cropped-cropped-cropped-3-1.png\",\"width\":95,\"height\":122,\"caption\":\"CVI NOTICIAS\"},\"image\":{\"@id\":\"https:\\\/\\\/cvinoticias.com\\\/v3\\\/#\\\/schema\\\/logo\\\/image\\\/\"},\"sameAs\":[\"https:\\\/\\\/www.facebook.com\\\/cvinoticias\",\"https:\\\/\\\/www.instagram.com\\\/cvinoticias\\\/\",\"https:\\\/\\\/www.youtube.com\\\/@CVINOTICIAS\"]},{\"@type\":\"Person\",\"@id\":\"https:\\\/\\\/cvinoticias.com\\\/v3\\\/#\\\/schema\\\/person\\\/2db77e3c6bc03c538495d7b2b8be9b66\",\"name\":\"f1000024\",\"image\":{\"@type\":\"ImageObject\",\"inLanguage\":\"es\",\"@id\":\"https:\\\/\\\/secure.gravatar.com\\\/avatar\\\/d4fe7459cfc51ff5129ce1a732bbef5928568b8092d412ef95611616376bbeed?s=96&d=mm&r=g\",\"url\":\"https:\\\/\\\/secure.gravatar.com\\\/avatar\\\/d4fe7459cfc51ff5129ce1a732bbef5928568b8092d412ef95611616376bbeed?s=96&d=mm&r=g\",\"contentUrl\":\"https:\\\/\\\/secure.gravatar.com\\\/avatar\\\/d4fe7459cfc51ff5129ce1a732bbef5928568b8092d412ef95611616376bbeed?s=96&d=mm&r=g\",\"caption\":\"f1000024\"},\"url\":\"https:\\\/\\\/cvinoticias.com\\\/v3\\\/author\\\/f1000024\\\/\"}]}<\/script>\n<!-- \/ Yoast SEO plugin. -->","yoast_head_json":{"title":"Encontraron muerto a uno de los herederos de Vicentin | CVI NOTICIAS","robots":{"index":"index","follow":"follow","max-snippet":"max-snippet:-1","max-image-preview":"max-image-preview:large","max-video-preview":"max-video-preview:-1"},"canonical":"https:\/\/cvinoticias.com\/v3\/encontraron-muerto-a-uno-de-los-herederos-de-vicentin\/","og_locale":"es_ES","og_type":"article","og_title":"Encontraron muerto a uno de los herederos de Vicentin | CVI NOTICIAS","og_description":"Se trata de Nicol\u00e1s Nardlli, de tan solo 37 a\u00f1os. Era hijo de Gustavo Nardelli, referente de la agoexportadora santafesina Seg\u00fan confirmaron a este medio fuentes cercanas a la familia Vicentin, anoche fue hallado sin vida Nicol\u00e1s Nardelli, de 37 a\u00f1os, hijo de Gustavo Nardelli, uno de los referentes de la empresa Vicentin, la agroexportadora [&hellip;]","og_url":"https:\/\/cvinoticias.com\/v3\/encontraron-muerto-a-uno-de-los-herederos-de-vicentin\/","og_site_name":"CVI NOTICIAS","article_publisher":"https:\/\/www.facebook.com\/cvinoticias","article_published_time":"2021-09-16T15:23:15+00:00","og_image":[{"width":741,"height":486,"url":"https:\/\/cvinoticias.com\/wp-content\/uploads\/2021\/09\/vicentin2208.jpg","type":"image\/jpeg"}],"author":"f1000024","twitter_card":"summary_large_image","twitter_misc":{"Escrito por":"f1000024","Tiempo de lectura":"1 minuto"},"schema":{"@context":"https:\/\/schema.org","@graph":[{"@type":"Article","@id":"https:\/\/cvinoticias.com\/v3\/encontraron-muerto-a-uno-de-los-herederos-de-vicentin\/#article","isPartOf":{"@id":"https:\/\/cvinoticias.com\/v3\/encontraron-muerto-a-uno-de-los-herederos-de-vicentin\/"},"author":{"name":"f1000024","@id":"https:\/\/cvinoticias.com\/v3\/#\/schema\/person\/2db77e3c6bc03c538495d7b2b8be9b66"},"headline":"Encontraron muerto a uno de los herederos de Vicentin","datePublished":"2021-09-16T15:23:15+00:00","mainEntityOfPage":{"@id":"https:\/\/cvinoticias.com\/v3\/encontraron-muerto-a-uno-de-los-herederos-de-vicentin\/"},"wordCount":118,"commentCount":0,"publisher":{"@id":"https:\/\/cvinoticias.com\/v3\/#organization"},"image":{"@id":"https:\/\/cvinoticias.com\/v3\/encontraron-muerto-a-uno-de-los-herederos-de-vicentin\/#primaryimage"},"thumbnailUrl":"https:\/\/cvinoticias.com\/wp-content\/uploads\/2021\/09\/vicentin2208.jpg","articleSection":["Nacionales"],"inLanguage":"es","potentialAction":[{"@type":"CommentAction","name":"Comment","target":["https:\/\/cvinoticias.com\/v3\/encontraron-muerto-a-uno-de-los-herederos-de-vicentin\/#respond"]}]},{"@type":"WebPage","@id":"https:\/\/cvinoticias.com\/v3\/encontraron-muerto-a-uno-de-los-herederos-de-vicentin\/","url":"https:\/\/cvinoticias.com\/v3\/encontraron-muerto-a-uno-de-los-herederos-de-vicentin\/","name":"Encontraron muerto a uno de los herederos de Vicentin | CVI NOTICIAS","isPartOf":{"@id":"https:\/\/cvinoticias.com\/v3\/#website"},"primaryImageOfPage":{"@id":"https:\/\/cvinoticias.com\/v3\/encontraron-muerto-a-uno-de-los-herederos-de-vicentin\/#primaryimage"},"image":{"@id":"https:\/\/cvinoticias.com\/v3\/encontraron-muerto-a-uno-de-los-herederos-de-vicentin\/#primaryimage"},"thumbnailUrl":"https:\/\/cvinoticias.com\/wp-content\/uploads\/2021\/09\/vicentin2208.jpg","datePublished":"2021-09-16T15:23:15+00:00","breadcrumb":{"@id":"https:\/\/cvinoticias.com\/v3\/encontraron-muerto-a-uno-de-los-herederos-de-vicentin\/#breadcrumb"},"inLanguage":"es","potentialAction":[{"@type":"ReadAction","target":["https:\/\/cvinoticias.com\/v3\/encontraron-muerto-a-uno-de-los-herederos-de-vicentin\/"]}]},{"@type":"ImageObject","inLanguage":"es","@id":"https:\/\/cvinoticias.com\/v3\/encontraron-muerto-a-uno-de-los-herederos-de-vicentin\/#primaryimage","url":"https:\/\/cvinoticias.com\/wp-content\/uploads\/2021\/09\/vicentin2208.jpg","contentUrl":"https:\/\/cvinoticias.com\/wp-content\/uploads\/2021\/09\/vicentin2208.jpg","width":741,"height":486},{"@type":"BreadcrumbList","@id":"https:\/\/cvinoticias.com\/v3\/encontraron-muerto-a-uno-de-los-herederos-de-vicentin\/#breadcrumb","itemListElement":[{"@type":"ListItem","position":1,"name":"Portada","item":"https:\/\/cvinoticias.com\/v3\/"},{"@type":"ListItem","position":2,"name":"Encontraron muerto a uno de los herederos de Vicentin"}]},{"@type":"WebSite","@id":"https:\/\/cvinoticias.com\/v3\/#website","url":"https:\/\/cvinoticias.com\/v3\/","name":"CVI NOTICIAS","description":"","publisher":{"@id":"https:\/\/cvinoticias.com\/v3\/#organization"},"alternateName":"CVI","potentialAction":[{"@type":"SearchAction","target":{"@type":"EntryPoint","urlTemplate":"https:\/\/cvinoticias.com\/v3\/?s={search_term_string}"},"query-input":{"@type":"PropertyValueSpecification","valueRequired":true,"valueName":"search_term_string"}}],"inLanguage":"es"},{"@type":"Organization","@id":"https:\/\/cvinoticias.com\/v3\/#organization","name":"CVI NOTICIAS","url":"https:\/\/cvinoticias.com\/v3\/","logo":{"@type":"ImageObject","inLanguage":"es","@id":"https:\/\/cvinoticias.com\/v3\/#\/schema\/logo\/image\/","url":"https:\/\/cvinoticias.com\/wp-content\/uploads\/2023\/04\/cropped-cropped-cropped-cropped-cropped-3-1.png","contentUrl":"https:\/\/cvinoticias.com\/wp-content\/uploads\/2023\/04\/cropped-cropped-cropped-cropped-cropped-3-1.png","width":95,"height":122,"caption":"CVI NOTICIAS"},"image":{"@id":"https:\/\/cvinoticias.com\/v3\/#\/schema\/logo\/image\/"},"sameAs":["https:\/\/www.facebook.com\/cvinoticias","https:\/\/www.instagram.com\/cvinoticias\/","https:\/\/www.youtube.com\/@CVINOTICIAS"]},{"@type":"Person","@id":"https:\/\/cvinoticias.com\/v3\/#\/schema\/person\/2db77e3c6bc03c538495d7b2b8be9b66","name":"f1000024","image":{"@type":"ImageObject","inLanguage":"es","@id":"https:\/\/secure.gravatar.com\/avatar\/d4fe7459cfc51ff5129ce1a732bbef5928568b8092d412ef95611616376bbeed?s=96&d=mm&r=g","url":"https:\/\/secure.gravatar.com\/avatar\/d4fe7459cfc51ff5129ce1a732bbef5928568b8092d412ef95611616376bbeed?s=96&d=mm&r=g","contentUrl":"https:\/\/secure.gravatar.com\/avatar\/d4fe7459cfc51ff5129ce1a732bbef5928568b8092d412ef95611616376bbeed?s=96&d=mm&r=g","caption":"f1000024"},"url":"https:\/\/cvinoticias.com\/v3\/author\/f1000024\/"}]}},"_links":{"self":[{"href":"https:\/\/cvinoticias.com\/v3\/wp-json\/wp\/v2\/posts\/8574","targetHints":{"allow":["GET"]}}],"collection":[{"href":"https:\/\/cvinoticias.com\/v3\/wp-json\/wp\/v2\/posts"}],"about":[{"href":"https:\/\/cvinoticias.com\/v3\/wp-json\/wp\/v2\/types\/post"}],"author":[{"embeddable":true,"href":"https:\/\/cvinoticias.com\/v3\/wp-json\/wp\/v2\/users\/2"}],"replies":[{"embeddable":true,"href":"https:\/\/cvinoticias.com\/v3\/wp-json\/wp\/v2\/comments?post=8574"}],"version-history":[{"count":1,"href":"https:\/\/cvinoticias.com\/v3\/wp-json\/wp\/v2\/posts\/8574\/revisions"}],"predecessor-version":[{"id":8576,"href":"https:\/\/cvinoticias.com\/v3\/wp-json\/wp\/v2\/posts\/8574\/revisions\/8576"}],"wp:featuredmedia":[{"embeddable":true,"href":"https:\/\/cvinoticias.com\/v3\/wp-json\/wp\/v2\/media\/8575"}],"wp:attachment":[{"href":"https:\/\/cvinoticias.com\/v3\/wp-json\/wp\/v2\/media?parent=8574"}],"wp:term":[{"taxonomy":"category","embeddable":true,"href":"https:\/\/cvinoticias.com\/v3\/wp-json\/wp\/v2\/categories?post=8574"},{"taxonomy":"post_tag","embeddable":true,"href":"https:\/\/cvinoticias.com\/v3\/wp-json\/wp\/v2\/tags?post=8574"}],"curies":[{"name":"wp","href":"https:\/\/api.w.org\/{rel}","templated":true}]}}