{"id":8562,"date":"2021-09-16T12:06:03","date_gmt":"2021-09-16T12:06:03","guid":{"rendered":"https:\/\/cvinoticias.com\/v3\/?p=8562"},"modified":"2021-09-16T12:06:03","modified_gmt":"2021-09-16T12:06:03","slug":"movimientos-sociales-se-movilizan-a-plaza-de-mayo-en-apoyo-al-presidente","status":"publish","type":"post","link":"https:\/\/cvinoticias.com\/v3\/movimientos-sociales-se-movilizan-a-plaza-de-mayo-en-apoyo-al-presidente\/","title":{"rendered":"Movimientos sociales se movilizan a Plaza de Mayo en \u00abapoyo\u00bb al Presidente"},"content":{"rendered":"\n<p><strong><em>El Movimiento Evita y el Movimiento Barrios de Pie convocaron para este jueves a una movilizaci\u00f3n en Plaza de Mayo, en \u00abapoyo\u00bb al presidente Alberto Fern\u00e1ndez y por \u00abla unidad del Frente de Todos\u00bb.<\/em><\/strong><\/p>\n\n\n\n<p>La Mesa Ejecutiva Nacional del Movimiento Evita y el Movimiento Barrios de Pie convocaron para hoy a una movilizaci\u00f3n en Plaza de Mayo, en \u00abapoyo\u00bb al presidente Alberto Fern\u00e1ndez y por \u00abla unidad del Frente de Todos\u00bb.<\/p>\n\n\n\n<p>\u00abDesde el Movimiento Evita, en toda su extensi\u00f3n territorial y federal, expresamos nuestro apoyo contundente al Presidente de la Naci\u00f3n Argentina, compa\u00f1ero Alberto Fern\u00e1ndez\u00bb, dijo la organizaci\u00f3n ayer en un comunicado a trav\u00e9s de redes sociales.<\/p>\n\n\n\n<p>En ese marco, anunci\u00f3 que este jueves realizar\u00e1 una movilizaci\u00f3n a Plaza de Mayo a las 15 para \u00abbancar la unidad del Frente de Todos\u00bb y agreg\u00f3 un mensaje al Presidente: \u00ab\u00a1Fuerza Alberto!\u00bb.<\/p>\n\n\n\n<p>Seg\u00fan el espacio, \u00abel mensaje autocr\u00edtico, conciliador y racional\u00bb del Presidente el domingo \u00faltimo luego de conocidos los resultados de las PASO \u00abes la direcci\u00f3n correcta\u00bb a tomar \u00abpara escuchar las demandas de nuestro pueblo\u00bb.<\/p>\n\n\n\n<p>Los miembros del Evita dijeron que debe haber una \u00abdirigencia fuerte\u00bb que exprese \u00abla necesidad de di\u00e1logo econ\u00f3mico y social\u00bb que permita \u00abencontrar una salida\u00bb a la crisis actual \u00abde la mano del trabajo y la producci\u00f3n\u00bb.<\/p>\n\n\n\n<p>En tanto, desde el movimiento Barrios de Pie se sumaron a la convocatoria de hoy.<\/p>\n\n\n\n<p>\u00abValoramos el mensaje que nos expres\u00f3 el pasado domingo, entendiendo que el pueblo demanda corregir errores y honrar el mandato que nos llev\u00f3 a ganar las elecciones en 2019: empezar por quienes est\u00e1n al \u00faltimo para llegar a todos y todas. Ese camino de reconocimiento y autocr\u00edtica es el correcto\u00bb, asever\u00f3 la organizaci\u00f3n en un comunicado.<\/p>\n\n\n\n<p>El coordinador nacional de Barrios de Pie, Daniel Men\u00e9ndez, confirm\u00f3 a T\u00e9lam que se plegar\u00e1n a la movilizaci\u00f3n de esta tarde.<\/p>\n\n\n\n<p>Igual que el Evita, describi\u00f3 el escenario actual como \u00abuna de las peores situaciones de nuestra historia\u00bb, y apunt\u00f3 al Gobierno de Mauricio Macri por \u00abel grave deterioro del tejido econ\u00f3mico y social como consecuencia de las pol\u00edticas neoliberales\u00bb que aplic\u00f3, al que luego \u00abse le sum\u00f3 la pandemia\u00bb.<\/p>\n\n\n\n<p>Por ello, pidi\u00f3 consolidar el FdT: \u00abEse escenario adverso nos obliga a redoblar nuestros compromisos, a fortalecer la unidad y el trabajo en conjunto desde los distintos espacios del Frente de Todos\u00bb.<\/p>\n\n\n\n<p>\u00abTenemos la responsabilidad de devolverle la esperanza a la sociedad argentina. De dar respuestas concretas a una Argentina que genere trabajo y producci\u00f3n, mejore los salarios y las condiciones de vida de nuestra gente. Para ello es tiempo de fortalecer al Gobierno y al Frente de Todos\u00bb, a\u00f1adi\u00f3.<\/p>\n\n\n\n<p><\/p>\n\n\n\n<p><\/p>\n\n\n\n<p><strong>Fuente: Telam<\/strong><\/p>\n","protected":false},"excerpt":{"rendered":"<p>El Movimiento Evita y el Movimiento Barrios de Pie convocaron para este jueves a una movilizaci\u00f3n en Plaza de Mayo, en \u00abapoyo\u00bb al presidente Alberto Fern\u00e1ndez y por \u00abla unidad del Frente de Todos\u00bb. La Mesa Ejecutiva Nacional del Movimiento Evita y el Movimiento Barrios de Pie convocaron para hoy a una movilizaci\u00f3n en Plaza [&hellip;]<\/p>\n","protected":false},"author":2,"featured_media":8563,"comment_status":"open","ping_status":"open","sticky":false,"template":"","format":"standard","meta":{"footnotes":""},"categories":[39],"tags":[],"class_list":["post-8562","post","type-post","status-publish","format-standard","has-post-thumbnail","hentry","category-nacionales"],"yoast_head":"<!-- This site is optimized with the Yoast SEO plugin v27.5 - https:\/\/yoast.com\/product\/yoast-seo-wordpress\/ -->\n<title>Movimientos sociales se movilizan a Plaza de Mayo en &quot;apoyo&quot; al Presidente | CVI NOTICIAS<\/title>\n<meta name=\"robots\" content=\"index, follow, max-snippet:-1, max-image-preview:large, max-video-preview:-1\" \/>\n<link rel=\"canonical\" href=\"https:\/\/cvinoticias.com\/v3\/movimientos-sociales-se-movilizan-a-plaza-de-mayo-en-apoyo-al-presidente\/\" \/>\n<meta property=\"og:locale\" content=\"es_ES\" \/>\n<meta property=\"og:type\" content=\"article\" \/>\n<meta property=\"og:title\" content=\"Movimientos sociales se movilizan a Plaza de Mayo en &quot;apoyo&quot; al Presidente | CVI NOTICIAS\" \/>\n<meta property=\"og:description\" content=\"El Movimiento Evita y el Movimiento Barrios de Pie convocaron para este jueves a una movilizaci\u00f3n en Plaza de Mayo, en \u00abapoyo\u00bb al presidente Alberto Fern\u00e1ndez y por \u00abla unidad del Frente de Todos\u00bb. La Mesa Ejecutiva Nacional del Movimiento Evita y el Movimiento Barrios de Pie convocaron para hoy a una movilizaci\u00f3n en Plaza [&hellip;]\" \/>\n<meta property=\"og:url\" content=\"https:\/\/cvinoticias.com\/v3\/movimientos-sociales-se-movilizan-a-plaza-de-mayo-en-apoyo-al-presidente\/\" \/>\n<meta property=\"og:site_name\" content=\"CVI NOTICIAS\" \/>\n<meta property=\"article:publisher\" content=\"https:\/\/www.facebook.com\/cvinoticias\" \/>\n<meta property=\"article:published_time\" content=\"2021-09-16T12:06:03+00:00\" \/>\n<meta property=\"og:image\" content=\"https:\/\/cvinoticias.com\/wp-content\/uploads\/2021\/09\/Screenshot_20210916-090529_Facebook.jpg\" \/>\n\t<meta property=\"og:image:width\" content=\"997\" \/>\n\t<meta property=\"og:image:height\" content=\"571\" \/>\n\t<meta property=\"og:image:type\" content=\"image\/jpeg\" \/>\n<meta name=\"author\" content=\"f1000024\" \/>\n<meta name=\"twitter:card\" content=\"summary_large_image\" \/>\n<meta name=\"twitter:label1\" content=\"Escrito por\" \/>\n\t<meta name=\"twitter:data1\" content=\"f1000024\" \/>\n\t<meta name=\"twitter:label2\" content=\"Tiempo de lectura\" \/>\n\t<meta name=\"twitter:data2\" content=\"2 minutos\" \/>\n<script type=\"application\/ld+json\" class=\"yoast-schema-graph\">{\"@context\":\"https:\\\/\\\/schema.org\",\"@graph\":[{\"@type\":\"Article\",\"@id\":\"https:\\\/\\\/cvinoticias.com\\\/v3\\\/movimientos-sociales-se-movilizan-a-plaza-de-mayo-en-apoyo-al-presidente\\\/#article\",\"isPartOf\":{\"@id\":\"https:\\\/\\\/cvinoticias.com\\\/v3\\\/movimientos-sociales-se-movilizan-a-plaza-de-mayo-en-apoyo-al-presidente\\\/\"},\"author\":{\"name\":\"f1000024\",\"@id\":\"https:\\\/\\\/cvinoticias.com\\\/v3\\\/#\\\/schema\\\/person\\\/2db77e3c6bc03c538495d7b2b8be9b66\"},\"headline\":\"Movimientos sociales se movilizan a Plaza de Mayo en \u00abapoyo\u00bb al Presidente\",\"datePublished\":\"2021-09-16T12:06:03+00:00\",\"mainEntityOfPage\":{\"@id\":\"https:\\\/\\\/cvinoticias.com\\\/v3\\\/movimientos-sociales-se-movilizan-a-plaza-de-mayo-en-apoyo-al-presidente\\\/\"},\"wordCount\":473,\"commentCount\":0,\"publisher\":{\"@id\":\"https:\\\/\\\/cvinoticias.com\\\/v3\\\/#organization\"},\"image\":{\"@id\":\"https:\\\/\\\/cvinoticias.com\\\/v3\\\/movimientos-sociales-se-movilizan-a-plaza-de-mayo-en-apoyo-al-presidente\\\/#primaryimage\"},\"thumbnailUrl\":\"https:\\\/\\\/cvinoticias.com\\\/wp-content\\\/uploads\\\/2021\\\/09\\\/Screenshot_20210916-090529_Facebook.jpg\",\"articleSection\":[\"Nacionales\"],\"inLanguage\":\"es\",\"potentialAction\":[{\"@type\":\"CommentAction\",\"name\":\"Comment\",\"target\":[\"https:\\\/\\\/cvinoticias.com\\\/v3\\\/movimientos-sociales-se-movilizan-a-plaza-de-mayo-en-apoyo-al-presidente\\\/#respond\"]}]},{\"@type\":\"WebPage\",\"@id\":\"https:\\\/\\\/cvinoticias.com\\\/v3\\\/movimientos-sociales-se-movilizan-a-plaza-de-mayo-en-apoyo-al-presidente\\\/\",\"url\":\"https:\\\/\\\/cvinoticias.com\\\/v3\\\/movimientos-sociales-se-movilizan-a-plaza-de-mayo-en-apoyo-al-presidente\\\/\",\"name\":\"Movimientos sociales se movilizan a Plaza de Mayo en \\\"apoyo\\\" al Presidente | CVI NOTICIAS\",\"isPartOf\":{\"@id\":\"https:\\\/\\\/cvinoticias.com\\\/v3\\\/#website\"},\"primaryImageOfPage\":{\"@id\":\"https:\\\/\\\/cvinoticias.com\\\/v3\\\/movimientos-sociales-se-movilizan-a-plaza-de-mayo-en-apoyo-al-presidente\\\/#primaryimage\"},\"image\":{\"@id\":\"https:\\\/\\\/cvinoticias.com\\\/v3\\\/movimientos-sociales-se-movilizan-a-plaza-de-mayo-en-apoyo-al-presidente\\\/#primaryimage\"},\"thumbnailUrl\":\"https:\\\/\\\/cvinoticias.com\\\/wp-content\\\/uploads\\\/2021\\\/09\\\/Screenshot_20210916-090529_Facebook.jpg\",\"datePublished\":\"2021-09-16T12:06:03+00:00\",\"breadcrumb\":{\"@id\":\"https:\\\/\\\/cvinoticias.com\\\/v3\\\/movimientos-sociales-se-movilizan-a-plaza-de-mayo-en-apoyo-al-presidente\\\/#breadcrumb\"},\"inLanguage\":\"es\",\"potentialAction\":[{\"@type\":\"ReadAction\",\"target\":[\"https:\\\/\\\/cvinoticias.com\\\/v3\\\/movimientos-sociales-se-movilizan-a-plaza-de-mayo-en-apoyo-al-presidente\\\/\"]}]},{\"@type\":\"ImageObject\",\"inLanguage\":\"es\",\"@id\":\"https:\\\/\\\/cvinoticias.com\\\/v3\\\/movimientos-sociales-se-movilizan-a-plaza-de-mayo-en-apoyo-al-presidente\\\/#primaryimage\",\"url\":\"https:\\\/\\\/cvinoticias.com\\\/wp-content\\\/uploads\\\/2021\\\/09\\\/Screenshot_20210916-090529_Facebook.jpg\",\"contentUrl\":\"https:\\\/\\\/cvinoticias.com\\\/wp-content\\\/uploads\\\/2021\\\/09\\\/Screenshot_20210916-090529_Facebook.jpg\",\"width\":997,\"height\":571},{\"@type\":\"BreadcrumbList\",\"@id\":\"https:\\\/\\\/cvinoticias.com\\\/v3\\\/movimientos-sociales-se-movilizan-a-plaza-de-mayo-en-apoyo-al-presidente\\\/#breadcrumb\",\"itemListElement\":[{\"@type\":\"ListItem\",\"position\":1,\"name\":\"Portada\",\"item\":\"https:\\\/\\\/cvinoticias.com\\\/v3\\\/\"},{\"@type\":\"ListItem\",\"position\":2,\"name\":\"Movimientos sociales se movilizan a Plaza de Mayo en \u00abapoyo\u00bb al Presidente\"}]},{\"@type\":\"WebSite\",\"@id\":\"https:\\\/\\\/cvinoticias.com\\\/v3\\\/#website\",\"url\":\"https:\\\/\\\/cvinoticias.com\\\/v3\\\/\",\"name\":\"CVI NOTICIAS\",\"description\":\"\",\"publisher\":{\"@id\":\"https:\\\/\\\/cvinoticias.com\\\/v3\\\/#organization\"},\"alternateName\":\"CVI\",\"potentialAction\":[{\"@type\":\"SearchAction\",\"target\":{\"@type\":\"EntryPoint\",\"urlTemplate\":\"https:\\\/\\\/cvinoticias.com\\\/v3\\\/?s={search_term_string}\"},\"query-input\":{\"@type\":\"PropertyValueSpecification\",\"valueRequired\":true,\"valueName\":\"search_term_string\"}}],\"inLanguage\":\"es\"},{\"@type\":\"Organization\",\"@id\":\"https:\\\/\\\/cvinoticias.com\\\/v3\\\/#organization\",\"name\":\"CVI NOTICIAS\",\"url\":\"https:\\\/\\\/cvinoticias.com\\\/v3\\\/\",\"logo\":{\"@type\":\"ImageObject\",\"inLanguage\":\"es\",\"@id\":\"https:\\\/\\\/cvinoticias.com\\\/v3\\\/#\\\/schema\\\/logo\\\/image\\\/\",\"url\":\"https:\\\/\\\/cvinoticias.com\\\/wp-content\\\/uploads\\\/2023\\\/04\\\/cropped-cropped-cropped-cropped-cropped-3-1.png\",\"contentUrl\":\"https:\\\/\\\/cvinoticias.com\\\/wp-content\\\/uploads\\\/2023\\\/04\\\/cropped-cropped-cropped-cropped-cropped-3-1.png\",\"width\":95,\"height\":122,\"caption\":\"CVI NOTICIAS\"},\"image\":{\"@id\":\"https:\\\/\\\/cvinoticias.com\\\/v3\\\/#\\\/schema\\\/logo\\\/image\\\/\"},\"sameAs\":[\"https:\\\/\\\/www.facebook.com\\\/cvinoticias\",\"https:\\\/\\\/www.instagram.com\\\/cvinoticias\\\/\",\"https:\\\/\\\/www.youtube.com\\\/@CVINOTICIAS\"]},{\"@type\":\"Person\",\"@id\":\"https:\\\/\\\/cvinoticias.com\\\/v3\\\/#\\\/schema\\\/person\\\/2db77e3c6bc03c538495d7b2b8be9b66\",\"name\":\"f1000024\",\"image\":{\"@type\":\"ImageObject\",\"inLanguage\":\"es\",\"@id\":\"https:\\\/\\\/secure.gravatar.com\\\/avatar\\\/d4fe7459cfc51ff5129ce1a732bbef5928568b8092d412ef95611616376bbeed?s=96&d=mm&r=g\",\"url\":\"https:\\\/\\\/secure.gravatar.com\\\/avatar\\\/d4fe7459cfc51ff5129ce1a732bbef5928568b8092d412ef95611616376bbeed?s=96&d=mm&r=g\",\"contentUrl\":\"https:\\\/\\\/secure.gravatar.com\\\/avatar\\\/d4fe7459cfc51ff5129ce1a732bbef5928568b8092d412ef95611616376bbeed?s=96&d=mm&r=g\",\"caption\":\"f1000024\"},\"url\":\"https:\\\/\\\/cvinoticias.com\\\/v3\\\/author\\\/f1000024\\\/\"}]}<\/script>\n<!-- \/ Yoast SEO plugin. -->","yoast_head_json":{"title":"Movimientos sociales se movilizan a Plaza de Mayo en \"apoyo\" al Presidente | CVI NOTICIAS","robots":{"index":"index","follow":"follow","max-snippet":"max-snippet:-1","max-image-preview":"max-image-preview:large","max-video-preview":"max-video-preview:-1"},"canonical":"https:\/\/cvinoticias.com\/v3\/movimientos-sociales-se-movilizan-a-plaza-de-mayo-en-apoyo-al-presidente\/","og_locale":"es_ES","og_type":"article","og_title":"Movimientos sociales se movilizan a Plaza de Mayo en \"apoyo\" al Presidente | CVI NOTICIAS","og_description":"El Movimiento Evita y el Movimiento Barrios de Pie convocaron para este jueves a una movilizaci\u00f3n en Plaza de Mayo, en \u00abapoyo\u00bb al presidente Alberto Fern\u00e1ndez y por \u00abla unidad del Frente de Todos\u00bb. La Mesa Ejecutiva Nacional del Movimiento Evita y el Movimiento Barrios de Pie convocaron para hoy a una movilizaci\u00f3n en Plaza [&hellip;]","og_url":"https:\/\/cvinoticias.com\/v3\/movimientos-sociales-se-movilizan-a-plaza-de-mayo-en-apoyo-al-presidente\/","og_site_name":"CVI NOTICIAS","article_publisher":"https:\/\/www.facebook.com\/cvinoticias","article_published_time":"2021-09-16T12:06:03+00:00","og_image":[{"width":997,"height":571,"url":"https:\/\/cvinoticias.com\/wp-content\/uploads\/2021\/09\/Screenshot_20210916-090529_Facebook.jpg","type":"image\/jpeg"}],"author":"f1000024","twitter_card":"summary_large_image","twitter_misc":{"Escrito por":"f1000024","Tiempo de lectura":"2 minutos"},"schema":{"@context":"https:\/\/schema.org","@graph":[{"@type":"Article","@id":"https:\/\/cvinoticias.com\/v3\/movimientos-sociales-se-movilizan-a-plaza-de-mayo-en-apoyo-al-presidente\/#article","isPartOf":{"@id":"https:\/\/cvinoticias.com\/v3\/movimientos-sociales-se-movilizan-a-plaza-de-mayo-en-apoyo-al-presidente\/"},"author":{"name":"f1000024","@id":"https:\/\/cvinoticias.com\/v3\/#\/schema\/person\/2db77e3c6bc03c538495d7b2b8be9b66"},"headline":"Movimientos sociales se movilizan a Plaza de Mayo en \u00abapoyo\u00bb al Presidente","datePublished":"2021-09-16T12:06:03+00:00","mainEntityOfPage":{"@id":"https:\/\/cvinoticias.com\/v3\/movimientos-sociales-se-movilizan-a-plaza-de-mayo-en-apoyo-al-presidente\/"},"wordCount":473,"commentCount":0,"publisher":{"@id":"https:\/\/cvinoticias.com\/v3\/#organization"},"image":{"@id":"https:\/\/cvinoticias.com\/v3\/movimientos-sociales-se-movilizan-a-plaza-de-mayo-en-apoyo-al-presidente\/#primaryimage"},"thumbnailUrl":"https:\/\/cvinoticias.com\/wp-content\/uploads\/2021\/09\/Screenshot_20210916-090529_Facebook.jpg","articleSection":["Nacionales"],"inLanguage":"es","potentialAction":[{"@type":"CommentAction","name":"Comment","target":["https:\/\/cvinoticias.com\/v3\/movimientos-sociales-se-movilizan-a-plaza-de-mayo-en-apoyo-al-presidente\/#respond"]}]},{"@type":"WebPage","@id":"https:\/\/cvinoticias.com\/v3\/movimientos-sociales-se-movilizan-a-plaza-de-mayo-en-apoyo-al-presidente\/","url":"https:\/\/cvinoticias.com\/v3\/movimientos-sociales-se-movilizan-a-plaza-de-mayo-en-apoyo-al-presidente\/","name":"Movimientos sociales se movilizan a Plaza de Mayo en \"apoyo\" al Presidente | CVI NOTICIAS","isPartOf":{"@id":"https:\/\/cvinoticias.com\/v3\/#website"},"primaryImageOfPage":{"@id":"https:\/\/cvinoticias.com\/v3\/movimientos-sociales-se-movilizan-a-plaza-de-mayo-en-apoyo-al-presidente\/#primaryimage"},"image":{"@id":"https:\/\/cvinoticias.com\/v3\/movimientos-sociales-se-movilizan-a-plaza-de-mayo-en-apoyo-al-presidente\/#primaryimage"},"thumbnailUrl":"https:\/\/cvinoticias.com\/wp-content\/uploads\/2021\/09\/Screenshot_20210916-090529_Facebook.jpg","datePublished":"2021-09-16T12:06:03+00:00","breadcrumb":{"@id":"https:\/\/cvinoticias.com\/v3\/movimientos-sociales-se-movilizan-a-plaza-de-mayo-en-apoyo-al-presidente\/#breadcrumb"},"inLanguage":"es","potentialAction":[{"@type":"ReadAction","target":["https:\/\/cvinoticias.com\/v3\/movimientos-sociales-se-movilizan-a-plaza-de-mayo-en-apoyo-al-presidente\/"]}]},{"@type":"ImageObject","inLanguage":"es","@id":"https:\/\/cvinoticias.com\/v3\/movimientos-sociales-se-movilizan-a-plaza-de-mayo-en-apoyo-al-presidente\/#primaryimage","url":"https:\/\/cvinoticias.com\/wp-content\/uploads\/2021\/09\/Screenshot_20210916-090529_Facebook.jpg","contentUrl":"https:\/\/cvinoticias.com\/wp-content\/uploads\/2021\/09\/Screenshot_20210916-090529_Facebook.jpg","width":997,"height":571},{"@type":"BreadcrumbList","@id":"https:\/\/cvinoticias.com\/v3\/movimientos-sociales-se-movilizan-a-plaza-de-mayo-en-apoyo-al-presidente\/#breadcrumb","itemListElement":[{"@type":"ListItem","position":1,"name":"Portada","item":"https:\/\/cvinoticias.com\/v3\/"},{"@type":"ListItem","position":2,"name":"Movimientos sociales se movilizan a Plaza de Mayo en \u00abapoyo\u00bb al Presidente"}]},{"@type":"WebSite","@id":"https:\/\/cvinoticias.com\/v3\/#website","url":"https:\/\/cvinoticias.com\/v3\/","name":"CVI NOTICIAS","description":"","publisher":{"@id":"https:\/\/cvinoticias.com\/v3\/#organization"},"alternateName":"CVI","potentialAction":[{"@type":"SearchAction","target":{"@type":"EntryPoint","urlTemplate":"https:\/\/cvinoticias.com\/v3\/?s={search_term_string}"},"query-input":{"@type":"PropertyValueSpecification","valueRequired":true,"valueName":"search_term_string"}}],"inLanguage":"es"},{"@type":"Organization","@id":"https:\/\/cvinoticias.com\/v3\/#organization","name":"CVI NOTICIAS","url":"https:\/\/cvinoticias.com\/v3\/","logo":{"@type":"ImageObject","inLanguage":"es","@id":"https:\/\/cvinoticias.com\/v3\/#\/schema\/logo\/image\/","url":"https:\/\/cvinoticias.com\/wp-content\/uploads\/2023\/04\/cropped-cropped-cropped-cropped-cropped-3-1.png","contentUrl":"https:\/\/cvinoticias.com\/wp-content\/uploads\/2023\/04\/cropped-cropped-cropped-cropped-cropped-3-1.png","width":95,"height":122,"caption":"CVI NOTICIAS"},"image":{"@id":"https:\/\/cvinoticias.com\/v3\/#\/schema\/logo\/image\/"},"sameAs":["https:\/\/www.facebook.com\/cvinoticias","https:\/\/www.instagram.com\/cvinoticias\/","https:\/\/www.youtube.com\/@CVINOTICIAS"]},{"@type":"Person","@id":"https:\/\/cvinoticias.com\/v3\/#\/schema\/person\/2db77e3c6bc03c538495d7b2b8be9b66","name":"f1000024","image":{"@type":"ImageObject","inLanguage":"es","@id":"https:\/\/secure.gravatar.com\/avatar\/d4fe7459cfc51ff5129ce1a732bbef5928568b8092d412ef95611616376bbeed?s=96&d=mm&r=g","url":"https:\/\/secure.gravatar.com\/avatar\/d4fe7459cfc51ff5129ce1a732bbef5928568b8092d412ef95611616376bbeed?s=96&d=mm&r=g","contentUrl":"https:\/\/secure.gravatar.com\/avatar\/d4fe7459cfc51ff5129ce1a732bbef5928568b8092d412ef95611616376bbeed?s=96&d=mm&r=g","caption":"f1000024"},"url":"https:\/\/cvinoticias.com\/v3\/author\/f1000024\/"}]}},"_links":{"self":[{"href":"https:\/\/cvinoticias.com\/v3\/wp-json\/wp\/v2\/posts\/8562","targetHints":{"allow":["GET"]}}],"collection":[{"href":"https:\/\/cvinoticias.com\/v3\/wp-json\/wp\/v2\/posts"}],"about":[{"href":"https:\/\/cvinoticias.com\/v3\/wp-json\/wp\/v2\/types\/post"}],"author":[{"embeddable":true,"href":"https:\/\/cvinoticias.com\/v3\/wp-json\/wp\/v2\/users\/2"}],"replies":[{"embeddable":true,"href":"https:\/\/cvinoticias.com\/v3\/wp-json\/wp\/v2\/comments?post=8562"}],"version-history":[{"count":1,"href":"https:\/\/cvinoticias.com\/v3\/wp-json\/wp\/v2\/posts\/8562\/revisions"}],"predecessor-version":[{"id":8564,"href":"https:\/\/cvinoticias.com\/v3\/wp-json\/wp\/v2\/posts\/8562\/revisions\/8564"}],"wp:featuredmedia":[{"embeddable":true,"href":"https:\/\/cvinoticias.com\/v3\/wp-json\/wp\/v2\/media\/8563"}],"wp:attachment":[{"href":"https:\/\/cvinoticias.com\/v3\/wp-json\/wp\/v2\/media?parent=8562"}],"wp:term":[{"taxonomy":"category","embeddable":true,"href":"https:\/\/cvinoticias.com\/v3\/wp-json\/wp\/v2\/categories?post=8562"},{"taxonomy":"post_tag","embeddable":true,"href":"https:\/\/cvinoticias.com\/v3\/wp-json\/wp\/v2\/tags?post=8562"}],"curies":[{"name":"wp","href":"https:\/\/api.w.org\/{rel}","templated":true}]}}