{"id":8559,"date":"2021-09-16T12:00:45","date_gmt":"2021-09-16T12:00:45","guid":{"rendered":"https:\/\/cvinoticias.com\/v3\/?p=8559"},"modified":"2021-09-16T12:00:45","modified_gmt":"2021-09-16T12:00:45","slug":"alberto-fernandez-por-ahora-no-hara-cambios-en-su-gabinete","status":"publish","type":"post","link":"https:\/\/cvinoticias.com\/v3\/alberto-fernandez-por-ahora-no-hara-cambios-en-su-gabinete\/","title":{"rendered":"Alberto Fern\u00e1ndez por ahora no har\u00e1 cambios en su Gabinete"},"content":{"rendered":"\n<p><em><strong>En el Gobierno dicen que las renuncias de los ministros que responden a Cristina Kirchner fueron \u201cmedi\u00e1ticas\u201d y no se recibieron en la Casa Rosada. El Presidente se enter\u00f3 de la ola de dimisiones cuando volv\u00eda de un almuerzo con el intendente Mario Ishii.<\/strong><\/em><\/p>\n\n\n\n<p>El presidente Alberto Fern\u00e1ndez decidi\u00f3 resistir la presi\u00f3n que desat\u00f3 el sector pol\u00edtico que responde a Cristina Kirchner y, por ahora, no har\u00e1 cambios en el Gabinete nacional. Lo resolvi\u00f3, rodeado de los ministros leales que se quedaron a su lado, mientras arreciaba la ola de renuncias presentadas por ministros, secretarios y directores de organismos descentralizados del cristinismo. De las dimisiones se enter\u00f3 el primer mandatario mientras regresaba de un almuerzo con el intendente de Jos\u00e9 C. Paz, Mario Ishii, admiten desde el Gobierno a Infobae y aclaran que, hasta ahora, se trat\u00f3 de anuncios por los medios, pero nada oficial.<\/p>\n\n\n\n<p>\u201cDe las renuncias se enteraron los canales de televisi\u00f3n antes que nosotros. En la Casa Rosada no hubo ning\u00fan documento ni renuncia formal que haya llegado de manera administrativa\u201d, aclararon. De hecho, tambi\u00e9n aclaran que en el encuentro que Alberto Fern\u00e1ndez y Cristina Kirchner mantuvieron en las \u00faltimas horas la vicepresidenta no le inform\u00f3 que iban a tomar esa decisi\u00f3n los ministros de La C\u00e1mpora.<\/p>\n\n\n\n<p>La decisi\u00f3n de resistir las presiones de cambios de ministros, con Santiago Cafiero (Jefe de Gabinete); y Mart\u00edn Guzm\u00e1n (Econom\u00eda) como principales apuntados, fue tomada mientras la mayor\u00eda de los ministros que no hab\u00edan renunciado estaban en la Casa Rosada. De hecho, una se\u00f1al de que Alberto Fern\u00e1ndez no cambiar\u00e1 ahora su equipo de colaboradores la dieron Claudio Moroni (Trabajo) y Sabina Frederic (Seguridad), quienes difundieron mensajes de apoyo por Twitter.<\/p>\n\n\n\n<p>\u201cAlberto Fern\u00e1ndez est\u00e1 tranquilo\u201d, confiaron a Infobae las mismas fuentes, que anticiparon la decisi\u00f3n pol\u00edtica frente a la embestida del cristinismo por forzar un cambio de nombres y de rumbo del gobierno, tras la dura derrota del domingo en las elecciones PASO del domingo.<\/p>\n\n\n\n<p><strong>Fuente: infobae<\/strong><\/p>\n","protected":false},"excerpt":{"rendered":"<p>En el Gobierno dicen que las renuncias de los ministros que responden a Cristina Kirchner fueron \u201cmedi\u00e1ticas\u201d y no se recibieron en la Casa Rosada. El Presidente se enter\u00f3 de la ola de dimisiones cuando volv\u00eda de un almuerzo con el intendente Mario Ishii. El presidente Alberto Fern\u00e1ndez decidi\u00f3 resistir la presi\u00f3n que desat\u00f3 el [&hellip;]<\/p>\n","protected":false},"author":2,"featured_media":8560,"comment_status":"open","ping_status":"open","sticky":false,"template":"","format":"standard","meta":{"footnotes":""},"categories":[42],"tags":[],"class_list":["post-8559","post","type-post","status-publish","format-standard","has-post-thumbnail","hentry","category-politica"],"yoast_head":"<!-- This site is optimized with the Yoast SEO plugin v27.4 - https:\/\/yoast.com\/product\/yoast-seo-wordpress\/ -->\n<title>Alberto Fern\u00e1ndez por ahora no har\u00e1 cambios en su Gabinete | CVI NOTICIAS<\/title>\n<meta name=\"robots\" content=\"index, follow, max-snippet:-1, max-image-preview:large, max-video-preview:-1\" \/>\n<link rel=\"canonical\" href=\"https:\/\/cvinoticias.com\/v3\/alberto-fernandez-por-ahora-no-hara-cambios-en-su-gabinete\/\" \/>\n<meta property=\"og:locale\" content=\"es_ES\" \/>\n<meta property=\"og:type\" content=\"article\" \/>\n<meta property=\"og:title\" content=\"Alberto Fern\u00e1ndez por ahora no har\u00e1 cambios en su Gabinete | CVI NOTICIAS\" \/>\n<meta property=\"og:description\" content=\"En el Gobierno dicen que las renuncias de los ministros que responden a Cristina Kirchner fueron \u201cmedi\u00e1ticas\u201d y no se recibieron en la Casa Rosada. El Presidente se enter\u00f3 de la ola de dimisiones cuando volv\u00eda de un almuerzo con el intendente Mario Ishii. El presidente Alberto Fern\u00e1ndez decidi\u00f3 resistir la presi\u00f3n que desat\u00f3 el [&hellip;]\" \/>\n<meta property=\"og:url\" content=\"https:\/\/cvinoticias.com\/v3\/alberto-fernandez-por-ahora-no-hara-cambios-en-su-gabinete\/\" \/>\n<meta property=\"og:site_name\" content=\"CVI NOTICIAS\" \/>\n<meta property=\"article:publisher\" content=\"https:\/\/www.facebook.com\/cvinoticias\" \/>\n<meta property=\"article:published_time\" content=\"2021-09-16T12:00:45+00:00\" \/>\n<meta property=\"og:image\" content=\"https:\/\/cvinoticias.com\/wp-content\/uploads\/2021\/09\/sola_crop1631746743131.png\" \/>\n\t<meta property=\"og:image:width\" content=\"817\" \/>\n\t<meta property=\"og:image:height\" content=\"461\" \/>\n\t<meta property=\"og:image:type\" content=\"image\/png\" \/>\n<meta name=\"author\" content=\"f1000024\" \/>\n<meta name=\"twitter:card\" content=\"summary_large_image\" \/>\n<meta name=\"twitter:label1\" content=\"Escrito por\" \/>\n\t<meta name=\"twitter:data1\" content=\"f1000024\" \/>\n\t<meta name=\"twitter:label2\" content=\"Tiempo de lectura\" \/>\n\t<meta name=\"twitter:data2\" content=\"2 minutos\" \/>\n<script type=\"application\/ld+json\" class=\"yoast-schema-graph\">{\"@context\":\"https:\\\/\\\/schema.org\",\"@graph\":[{\"@type\":\"Article\",\"@id\":\"https:\\\/\\\/cvinoticias.com\\\/v3\\\/alberto-fernandez-por-ahora-no-hara-cambios-en-su-gabinete\\\/#article\",\"isPartOf\":{\"@id\":\"https:\\\/\\\/cvinoticias.com\\\/v3\\\/alberto-fernandez-por-ahora-no-hara-cambios-en-su-gabinete\\\/\"},\"author\":{\"name\":\"f1000024\",\"@id\":\"https:\\\/\\\/cvinoticias.com\\\/v3\\\/#\\\/schema\\\/person\\\/2db77e3c6bc03c538495d7b2b8be9b66\"},\"headline\":\"Alberto Fern\u00e1ndez por ahora no har\u00e1 cambios en su Gabinete\",\"datePublished\":\"2021-09-16T12:00:45+00:00\",\"mainEntityOfPage\":{\"@id\":\"https:\\\/\\\/cvinoticias.com\\\/v3\\\/alberto-fernandez-por-ahora-no-hara-cambios-en-su-gabinete\\\/\"},\"wordCount\":360,\"commentCount\":0,\"publisher\":{\"@id\":\"https:\\\/\\\/cvinoticias.com\\\/v3\\\/#organization\"},\"image\":{\"@id\":\"https:\\\/\\\/cvinoticias.com\\\/v3\\\/alberto-fernandez-por-ahora-no-hara-cambios-en-su-gabinete\\\/#primaryimage\"},\"thumbnailUrl\":\"https:\\\/\\\/cvinoticias.com\\\/wp-content\\\/uploads\\\/2021\\\/09\\\/sola_crop1631746743131.png\",\"articleSection\":[\"Politica\"],\"inLanguage\":\"es\",\"potentialAction\":[{\"@type\":\"CommentAction\",\"name\":\"Comment\",\"target\":[\"https:\\\/\\\/cvinoticias.com\\\/v3\\\/alberto-fernandez-por-ahora-no-hara-cambios-en-su-gabinete\\\/#respond\"]}]},{\"@type\":\"WebPage\",\"@id\":\"https:\\\/\\\/cvinoticias.com\\\/v3\\\/alberto-fernandez-por-ahora-no-hara-cambios-en-su-gabinete\\\/\",\"url\":\"https:\\\/\\\/cvinoticias.com\\\/v3\\\/alberto-fernandez-por-ahora-no-hara-cambios-en-su-gabinete\\\/\",\"name\":\"Alberto Fern\u00e1ndez por ahora no har\u00e1 cambios en su Gabinete | CVI NOTICIAS\",\"isPartOf\":{\"@id\":\"https:\\\/\\\/cvinoticias.com\\\/v3\\\/#website\"},\"primaryImageOfPage\":{\"@id\":\"https:\\\/\\\/cvinoticias.com\\\/v3\\\/alberto-fernandez-por-ahora-no-hara-cambios-en-su-gabinete\\\/#primaryimage\"},\"image\":{\"@id\":\"https:\\\/\\\/cvinoticias.com\\\/v3\\\/alberto-fernandez-por-ahora-no-hara-cambios-en-su-gabinete\\\/#primaryimage\"},\"thumbnailUrl\":\"https:\\\/\\\/cvinoticias.com\\\/wp-content\\\/uploads\\\/2021\\\/09\\\/sola_crop1631746743131.png\",\"datePublished\":\"2021-09-16T12:00:45+00:00\",\"breadcrumb\":{\"@id\":\"https:\\\/\\\/cvinoticias.com\\\/v3\\\/alberto-fernandez-por-ahora-no-hara-cambios-en-su-gabinete\\\/#breadcrumb\"},\"inLanguage\":\"es\",\"potentialAction\":[{\"@type\":\"ReadAction\",\"target\":[\"https:\\\/\\\/cvinoticias.com\\\/v3\\\/alberto-fernandez-por-ahora-no-hara-cambios-en-su-gabinete\\\/\"]}]},{\"@type\":\"ImageObject\",\"inLanguage\":\"es\",\"@id\":\"https:\\\/\\\/cvinoticias.com\\\/v3\\\/alberto-fernandez-por-ahora-no-hara-cambios-en-su-gabinete\\\/#primaryimage\",\"url\":\"https:\\\/\\\/cvinoticias.com\\\/wp-content\\\/uploads\\\/2021\\\/09\\\/sola_crop1631746743131.png\",\"contentUrl\":\"https:\\\/\\\/cvinoticias.com\\\/wp-content\\\/uploads\\\/2021\\\/09\\\/sola_crop1631746743131.png\",\"width\":817,\"height\":461},{\"@type\":\"BreadcrumbList\",\"@id\":\"https:\\\/\\\/cvinoticias.com\\\/v3\\\/alberto-fernandez-por-ahora-no-hara-cambios-en-su-gabinete\\\/#breadcrumb\",\"itemListElement\":[{\"@type\":\"ListItem\",\"position\":1,\"name\":\"Portada\",\"item\":\"https:\\\/\\\/cvinoticias.com\\\/v3\\\/\"},{\"@type\":\"ListItem\",\"position\":2,\"name\":\"Alberto Fern\u00e1ndez por ahora no har\u00e1 cambios en su Gabinete\"}]},{\"@type\":\"WebSite\",\"@id\":\"https:\\\/\\\/cvinoticias.com\\\/v3\\\/#website\",\"url\":\"https:\\\/\\\/cvinoticias.com\\\/v3\\\/\",\"name\":\"CVI NOTICIAS\",\"description\":\"\",\"publisher\":{\"@id\":\"https:\\\/\\\/cvinoticias.com\\\/v3\\\/#organization\"},\"alternateName\":\"CVI\",\"potentialAction\":[{\"@type\":\"SearchAction\",\"target\":{\"@type\":\"EntryPoint\",\"urlTemplate\":\"https:\\\/\\\/cvinoticias.com\\\/v3\\\/?s={search_term_string}\"},\"query-input\":{\"@type\":\"PropertyValueSpecification\",\"valueRequired\":true,\"valueName\":\"search_term_string\"}}],\"inLanguage\":\"es\"},{\"@type\":\"Organization\",\"@id\":\"https:\\\/\\\/cvinoticias.com\\\/v3\\\/#organization\",\"name\":\"CVI NOTICIAS\",\"url\":\"https:\\\/\\\/cvinoticias.com\\\/v3\\\/\",\"logo\":{\"@type\":\"ImageObject\",\"inLanguage\":\"es\",\"@id\":\"https:\\\/\\\/cvinoticias.com\\\/v3\\\/#\\\/schema\\\/logo\\\/image\\\/\",\"url\":\"https:\\\/\\\/cvinoticias.com\\\/wp-content\\\/uploads\\\/2023\\\/04\\\/cropped-cropped-cropped-cropped-cropped-3-1.png\",\"contentUrl\":\"https:\\\/\\\/cvinoticias.com\\\/wp-content\\\/uploads\\\/2023\\\/04\\\/cropped-cropped-cropped-cropped-cropped-3-1.png\",\"width\":95,\"height\":122,\"caption\":\"CVI NOTICIAS\"},\"image\":{\"@id\":\"https:\\\/\\\/cvinoticias.com\\\/v3\\\/#\\\/schema\\\/logo\\\/image\\\/\"},\"sameAs\":[\"https:\\\/\\\/www.facebook.com\\\/cvinoticias\",\"https:\\\/\\\/www.instagram.com\\\/cvinoticias\\\/\",\"https:\\\/\\\/www.youtube.com\\\/@CVINOTICIAS\"]},{\"@type\":\"Person\",\"@id\":\"https:\\\/\\\/cvinoticias.com\\\/v3\\\/#\\\/schema\\\/person\\\/2db77e3c6bc03c538495d7b2b8be9b66\",\"name\":\"f1000024\",\"image\":{\"@type\":\"ImageObject\",\"inLanguage\":\"es\",\"@id\":\"https:\\\/\\\/secure.gravatar.com\\\/avatar\\\/d4fe7459cfc51ff5129ce1a732bbef5928568b8092d412ef95611616376bbeed?s=96&d=mm&r=g\",\"url\":\"https:\\\/\\\/secure.gravatar.com\\\/avatar\\\/d4fe7459cfc51ff5129ce1a732bbef5928568b8092d412ef95611616376bbeed?s=96&d=mm&r=g\",\"contentUrl\":\"https:\\\/\\\/secure.gravatar.com\\\/avatar\\\/d4fe7459cfc51ff5129ce1a732bbef5928568b8092d412ef95611616376bbeed?s=96&d=mm&r=g\",\"caption\":\"f1000024\"},\"url\":\"https:\\\/\\\/cvinoticias.com\\\/v3\\\/author\\\/f1000024\\\/\"}]}<\/script>\n<!-- \/ Yoast SEO plugin. -->","yoast_head_json":{"title":"Alberto Fern\u00e1ndez por ahora no har\u00e1 cambios en su Gabinete | CVI NOTICIAS","robots":{"index":"index","follow":"follow","max-snippet":"max-snippet:-1","max-image-preview":"max-image-preview:large","max-video-preview":"max-video-preview:-1"},"canonical":"https:\/\/cvinoticias.com\/v3\/alberto-fernandez-por-ahora-no-hara-cambios-en-su-gabinete\/","og_locale":"es_ES","og_type":"article","og_title":"Alberto Fern\u00e1ndez por ahora no har\u00e1 cambios en su Gabinete | CVI NOTICIAS","og_description":"En el Gobierno dicen que las renuncias de los ministros que responden a Cristina Kirchner fueron \u201cmedi\u00e1ticas\u201d y no se recibieron en la Casa Rosada. El Presidente se enter\u00f3 de la ola de dimisiones cuando volv\u00eda de un almuerzo con el intendente Mario Ishii. El presidente Alberto Fern\u00e1ndez decidi\u00f3 resistir la presi\u00f3n que desat\u00f3 el [&hellip;]","og_url":"https:\/\/cvinoticias.com\/v3\/alberto-fernandez-por-ahora-no-hara-cambios-en-su-gabinete\/","og_site_name":"CVI NOTICIAS","article_publisher":"https:\/\/www.facebook.com\/cvinoticias","article_published_time":"2021-09-16T12:00:45+00:00","og_image":[{"width":817,"height":461,"url":"https:\/\/cvinoticias.com\/wp-content\/uploads\/2021\/09\/sola_crop1631746743131.png","type":"image\/png"}],"author":"f1000024","twitter_card":"summary_large_image","twitter_misc":{"Escrito por":"f1000024","Tiempo de lectura":"2 minutos"},"schema":{"@context":"https:\/\/schema.org","@graph":[{"@type":"Article","@id":"https:\/\/cvinoticias.com\/v3\/alberto-fernandez-por-ahora-no-hara-cambios-en-su-gabinete\/#article","isPartOf":{"@id":"https:\/\/cvinoticias.com\/v3\/alberto-fernandez-por-ahora-no-hara-cambios-en-su-gabinete\/"},"author":{"name":"f1000024","@id":"https:\/\/cvinoticias.com\/v3\/#\/schema\/person\/2db77e3c6bc03c538495d7b2b8be9b66"},"headline":"Alberto Fern\u00e1ndez por ahora no har\u00e1 cambios en su Gabinete","datePublished":"2021-09-16T12:00:45+00:00","mainEntityOfPage":{"@id":"https:\/\/cvinoticias.com\/v3\/alberto-fernandez-por-ahora-no-hara-cambios-en-su-gabinete\/"},"wordCount":360,"commentCount":0,"publisher":{"@id":"https:\/\/cvinoticias.com\/v3\/#organization"},"image":{"@id":"https:\/\/cvinoticias.com\/v3\/alberto-fernandez-por-ahora-no-hara-cambios-en-su-gabinete\/#primaryimage"},"thumbnailUrl":"https:\/\/cvinoticias.com\/wp-content\/uploads\/2021\/09\/sola_crop1631746743131.png","articleSection":["Politica"],"inLanguage":"es","potentialAction":[{"@type":"CommentAction","name":"Comment","target":["https:\/\/cvinoticias.com\/v3\/alberto-fernandez-por-ahora-no-hara-cambios-en-su-gabinete\/#respond"]}]},{"@type":"WebPage","@id":"https:\/\/cvinoticias.com\/v3\/alberto-fernandez-por-ahora-no-hara-cambios-en-su-gabinete\/","url":"https:\/\/cvinoticias.com\/v3\/alberto-fernandez-por-ahora-no-hara-cambios-en-su-gabinete\/","name":"Alberto Fern\u00e1ndez por ahora no har\u00e1 cambios en su Gabinete | CVI NOTICIAS","isPartOf":{"@id":"https:\/\/cvinoticias.com\/v3\/#website"},"primaryImageOfPage":{"@id":"https:\/\/cvinoticias.com\/v3\/alberto-fernandez-por-ahora-no-hara-cambios-en-su-gabinete\/#primaryimage"},"image":{"@id":"https:\/\/cvinoticias.com\/v3\/alberto-fernandez-por-ahora-no-hara-cambios-en-su-gabinete\/#primaryimage"},"thumbnailUrl":"https:\/\/cvinoticias.com\/wp-content\/uploads\/2021\/09\/sola_crop1631746743131.png","datePublished":"2021-09-16T12:00:45+00:00","breadcrumb":{"@id":"https:\/\/cvinoticias.com\/v3\/alberto-fernandez-por-ahora-no-hara-cambios-en-su-gabinete\/#breadcrumb"},"inLanguage":"es","potentialAction":[{"@type":"ReadAction","target":["https:\/\/cvinoticias.com\/v3\/alberto-fernandez-por-ahora-no-hara-cambios-en-su-gabinete\/"]}]},{"@type":"ImageObject","inLanguage":"es","@id":"https:\/\/cvinoticias.com\/v3\/alberto-fernandez-por-ahora-no-hara-cambios-en-su-gabinete\/#primaryimage","url":"https:\/\/cvinoticias.com\/wp-content\/uploads\/2021\/09\/sola_crop1631746743131.png","contentUrl":"https:\/\/cvinoticias.com\/wp-content\/uploads\/2021\/09\/sola_crop1631746743131.png","width":817,"height":461},{"@type":"BreadcrumbList","@id":"https:\/\/cvinoticias.com\/v3\/alberto-fernandez-por-ahora-no-hara-cambios-en-su-gabinete\/#breadcrumb","itemListElement":[{"@type":"ListItem","position":1,"name":"Portada","item":"https:\/\/cvinoticias.com\/v3\/"},{"@type":"ListItem","position":2,"name":"Alberto Fern\u00e1ndez por ahora no har\u00e1 cambios en su Gabinete"}]},{"@type":"WebSite","@id":"https:\/\/cvinoticias.com\/v3\/#website","url":"https:\/\/cvinoticias.com\/v3\/","name":"CVI NOTICIAS","description":"","publisher":{"@id":"https:\/\/cvinoticias.com\/v3\/#organization"},"alternateName":"CVI","potentialAction":[{"@type":"SearchAction","target":{"@type":"EntryPoint","urlTemplate":"https:\/\/cvinoticias.com\/v3\/?s={search_term_string}"},"query-input":{"@type":"PropertyValueSpecification","valueRequired":true,"valueName":"search_term_string"}}],"inLanguage":"es"},{"@type":"Organization","@id":"https:\/\/cvinoticias.com\/v3\/#organization","name":"CVI NOTICIAS","url":"https:\/\/cvinoticias.com\/v3\/","logo":{"@type":"ImageObject","inLanguage":"es","@id":"https:\/\/cvinoticias.com\/v3\/#\/schema\/logo\/image\/","url":"https:\/\/cvinoticias.com\/wp-content\/uploads\/2023\/04\/cropped-cropped-cropped-cropped-cropped-3-1.png","contentUrl":"https:\/\/cvinoticias.com\/wp-content\/uploads\/2023\/04\/cropped-cropped-cropped-cropped-cropped-3-1.png","width":95,"height":122,"caption":"CVI NOTICIAS"},"image":{"@id":"https:\/\/cvinoticias.com\/v3\/#\/schema\/logo\/image\/"},"sameAs":["https:\/\/www.facebook.com\/cvinoticias","https:\/\/www.instagram.com\/cvinoticias\/","https:\/\/www.youtube.com\/@CVINOTICIAS"]},{"@type":"Person","@id":"https:\/\/cvinoticias.com\/v3\/#\/schema\/person\/2db77e3c6bc03c538495d7b2b8be9b66","name":"f1000024","image":{"@type":"ImageObject","inLanguage":"es","@id":"https:\/\/secure.gravatar.com\/avatar\/d4fe7459cfc51ff5129ce1a732bbef5928568b8092d412ef95611616376bbeed?s=96&d=mm&r=g","url":"https:\/\/secure.gravatar.com\/avatar\/d4fe7459cfc51ff5129ce1a732bbef5928568b8092d412ef95611616376bbeed?s=96&d=mm&r=g","contentUrl":"https:\/\/secure.gravatar.com\/avatar\/d4fe7459cfc51ff5129ce1a732bbef5928568b8092d412ef95611616376bbeed?s=96&d=mm&r=g","caption":"f1000024"},"url":"https:\/\/cvinoticias.com\/v3\/author\/f1000024\/"}]}},"_links":{"self":[{"href":"https:\/\/cvinoticias.com\/v3\/wp-json\/wp\/v2\/posts\/8559","targetHints":{"allow":["GET"]}}],"collection":[{"href":"https:\/\/cvinoticias.com\/v3\/wp-json\/wp\/v2\/posts"}],"about":[{"href":"https:\/\/cvinoticias.com\/v3\/wp-json\/wp\/v2\/types\/post"}],"author":[{"embeddable":true,"href":"https:\/\/cvinoticias.com\/v3\/wp-json\/wp\/v2\/users\/2"}],"replies":[{"embeddable":true,"href":"https:\/\/cvinoticias.com\/v3\/wp-json\/wp\/v2\/comments?post=8559"}],"version-history":[{"count":1,"href":"https:\/\/cvinoticias.com\/v3\/wp-json\/wp\/v2\/posts\/8559\/revisions"}],"predecessor-version":[{"id":8561,"href":"https:\/\/cvinoticias.com\/v3\/wp-json\/wp\/v2\/posts\/8559\/revisions\/8561"}],"wp:featuredmedia":[{"embeddable":true,"href":"https:\/\/cvinoticias.com\/v3\/wp-json\/wp\/v2\/media\/8560"}],"wp:attachment":[{"href":"https:\/\/cvinoticias.com\/v3\/wp-json\/wp\/v2\/media?parent=8559"}],"wp:term":[{"taxonomy":"category","embeddable":true,"href":"https:\/\/cvinoticias.com\/v3\/wp-json\/wp\/v2\/categories?post=8559"},{"taxonomy":"post_tag","embeddable":true,"href":"https:\/\/cvinoticias.com\/v3\/wp-json\/wp\/v2\/tags?post=8559"}],"curies":[{"name":"wp","href":"https:\/\/api.w.org\/{rel}","templated":true}]}}