{"id":8543,"date":"2021-09-15T18:51:24","date_gmt":"2021-09-15T18:51:24","guid":{"rendered":"https:\/\/cvinoticias.com\/v3\/?p=8543"},"modified":"2021-09-15T18:51:24","modified_gmt":"2021-09-15T18:51:24","slug":"funcionarios-cristinistas-presentan-su-renuncia-para-presionar-cambios-en-el-gabinete","status":"publish","type":"post","link":"https:\/\/cvinoticias.com\/v3\/funcionarios-cristinistas-presentan-su-renuncia-para-presionar-cambios-en-el-gabinete\/","title":{"rendered":"Funcionarios cristinistas presentan su renuncia para presionar cambios en el gabinete"},"content":{"rendered":"\n<p><strong><em>De Pedro, Salvarezza, Soria, Raverta y Volnovich pusieron su cargo 8a disposici\u00f3n de Alberto Fern\u00e1ndez tras la derrota en las PASO.<\/em><\/strong><\/p>\n\n\n\n<p>El\u00a0ministro del Interior, Eduardo \u201cWado\u201d De Pedro, el de Justicia, Mart\u00edn Soria, de Ciencia, Tecnolog\u00eda e Innovaci\u00f3n, Roberto Salvarezza, la titular del PAMI, Luana Volnovich y la de la ANSES, Fernanda Raverta, pusieron hoy a \u201cdisposici\u00f3n\u201d del presidente Alberto Fern\u00e1ndez su renuncia al cargo tras la derrota electoral del pasado domingo.<\/p>\n\n\n\n<p>El cimbronazo que signific\u00f3 la ca\u00edda en las urnas increment\u00f3 las\u00a0presiones de parte del kirchnerismo\u00a0para que el jefe de Estado introduzca\u00a0modificaciones en su Gabinete, con foco en el titular de ministros, Santiago Cafiero, y el ministro de Econom\u00eda, Mart\u00edn Guzm\u00e1n.<\/p>\n\n\n\n<p>De esta forma, la jugada del sector m\u00e1s kirchnerista del Gabinete lleva\u00a0al extremo la tensi\u00f3n interna\u00a0en Balcarce 50.<\/p>\n\n\n\n<p>\u201cMotiva la presente poner a su disposici\u00f3n mi renuncia al cargo de Ministro del Interior de la Naci\u00f3n con el que he sido honrado desde el 10 de diciembre de 2019\u201d, subray\u00f3 De Pedro en una carta al Presidente en la que sostiene: \u201cEscuchando sus palabras del domingo por la noche\u00a0d\u00f3nde plante\u00f3 la necesidad de interpretar el veredicto que ha expresado el pueblo argentino, he considerado que\u00a0la mejor manera de colaborar con esa tarea es poniendo mi renuncia a su disposici\u00f3n. Saludo a Usted muy atentamente\u201d.<\/p>\n\n\n\n<p>El funcionario nacional, muy cercano a la vicepresidenta Cristina Kirchner, pone su dimisi\u00f3n a disposici\u00f3n en\u00a0momentos en que el kirchnerismo presiona a Fern\u00e1ndez para hacer cambios en el Gabinete, algo a lo que hasta ahora\u00a0el Presidente se viene resistiendo.<\/p>\n\n\n\n<p>Las renuncias de los ministros y de las titulares de la Anses y el PAMI se conocieron\u00a0minutos despu\u00e9s de que el Presidente encabezara un acto en Casa Rosada junto a Guzm\u00e1n, a quien simb\u00f3licamente le expres\u00f3 su respaldo.<\/p>\n\n\n\n<p>Lo mismo hizo este martes con Cafiero, quien lo acompa\u00f1\u00f3 y se ubic\u00f3 a su lado en el acto que realiz\u00f3 el Presidente en la localidad bonaerense de Almirante Brown.<\/p>\n\n\n\n<p>La antesala de esta movida estuvo\u00a0en la provincia de Santa Cruz, donde la gobernadora Alicia Kirchner le pidi\u00f3 la renuncia a todo su Gabinete, algo que tambi\u00e9n sucedi\u00f3\u00a0este mi\u00e9rcoles en Buenos Aires, ya que el mandatario\u00a0Axel Kicillof tiene a disposici\u00f3n las dimisiones de todo su equipo.<\/p>\n\n\n\n<figure class=\"wp-block-image size-large is-resized\"><a href=\"https:\/\/cvinoticias.com\/wp-content\/uploads\/2021\/09\/Screenshot_20210915-155035_WhatsApp.jpg\"><img decoding=\"async\" data-src=\"https:\/\/cvinoticias.com\/wp-content\/uploads\/2021\/09\/Screenshot_20210915-155035_WhatsApp-635x1024.jpg\" alt=\"\" class=\"wp-image-8546 lazyload\" width=\"724\" height=\"1168\" data-srcset=\"https:\/\/cvinoticias.com\/wp-content\/uploads\/2021\/09\/Screenshot_20210915-155035_WhatsApp-635x1024.jpg 635w, https:\/\/cvinoticias.com\/wp-content\/uploads\/2021\/09\/Screenshot_20210915-155035_WhatsApp-186x300.jpg 186w, https:\/\/cvinoticias.com\/wp-content\/uploads\/2021\/09\/Screenshot_20210915-155035_WhatsApp-768x1238.jpg 768w, https:\/\/cvinoticias.com\/wp-content\/uploads\/2021\/09\/Screenshot_20210915-155035_WhatsApp.jpg 832w\" data-sizes=\"(max-width: 724px) 100vw, 724px\" src=\"data:image\/svg+xml;base64,PHN2ZyB3aWR0aD0iMSIgaGVpZ2h0PSIxIiB4bWxucz0iaHR0cDovL3d3dy53My5vcmcvMjAwMC9zdmciPjwvc3ZnPg==\" style=\"--smush-placeholder-width: 724px; --smush-placeholder-aspect-ratio: 724\/1168;\" \/><\/a><\/figure>\n\n\n\n<p><strong>Fuente: Agencia de Noticias NA<\/strong><\/p>\n\n\n\n<p><\/p>\n","protected":false},"excerpt":{"rendered":"<p>De Pedro, Salvarezza, Soria, Raverta y Volnovich pusieron su cargo 8a disposici\u00f3n de Alberto Fern\u00e1ndez tras la derrota en las PASO. El\u00a0ministro del Interior, Eduardo \u201cWado\u201d De Pedro, el de Justicia, Mart\u00edn Soria, de Ciencia, Tecnolog\u00eda e Innovaci\u00f3n, Roberto Salvarezza, la titular del PAMI, Luana Volnovich y la de la ANSES, Fernanda Raverta, pusieron hoy [&hellip;]<\/p>\n","protected":false},"author":2,"featured_media":8545,"comment_status":"open","ping_status":"open","sticky":false,"template":"","format":"standard","meta":{"footnotes":""},"categories":[42],"tags":[],"class_list":["post-8543","post","type-post","status-publish","format-standard","has-post-thumbnail","hentry","category-politica"],"yoast_head":"<!-- This site is optimized with the Yoast SEO plugin v27.5 - https:\/\/yoast.com\/product\/yoast-seo-wordpress\/ -->\n<title>Funcionarios cristinistas presentan su renuncia para presionar cambios en el gabinete | CVI NOTICIAS<\/title>\n<meta name=\"robots\" content=\"index, follow, max-snippet:-1, max-image-preview:large, max-video-preview:-1\" \/>\n<link rel=\"canonical\" href=\"https:\/\/cvinoticias.com\/v3\/funcionarios-cristinistas-presentan-su-renuncia-para-presionar-cambios-en-el-gabinete\/\" \/>\n<meta property=\"og:locale\" content=\"es_ES\" \/>\n<meta property=\"og:type\" content=\"article\" \/>\n<meta property=\"og:title\" content=\"Funcionarios cristinistas presentan su renuncia para presionar cambios en el gabinete | CVI NOTICIAS\" \/>\n<meta property=\"og:description\" content=\"De Pedro, Salvarezza, Soria, Raverta y Volnovich pusieron su cargo 8a disposici\u00f3n de Alberto Fern\u00e1ndez tras la derrota en las PASO. El\u00a0ministro del Interior, Eduardo \u201cWado\u201d De Pedro, el de Justicia, Mart\u00edn Soria, de Ciencia, Tecnolog\u00eda e Innovaci\u00f3n, Roberto Salvarezza, la titular del PAMI, Luana Volnovich y la de la ANSES, Fernanda Raverta, pusieron hoy [&hellip;]\" \/>\n<meta property=\"og:url\" content=\"https:\/\/cvinoticias.com\/v3\/funcionarios-cristinistas-presentan-su-renuncia-para-presionar-cambios-en-el-gabinete\/\" \/>\n<meta property=\"og:site_name\" content=\"CVI NOTICIAS\" \/>\n<meta property=\"article:publisher\" content=\"https:\/\/www.facebook.com\/cvinoticias\" \/>\n<meta property=\"article:published_time\" content=\"2021-09-15T18:51:24+00:00\" \/>\n<meta property=\"og:image\" content=\"https:\/\/cvinoticias.com\/wp-content\/uploads\/2021\/09\/wado-1.jpg\" \/>\n\t<meta property=\"og:image:width\" content=\"1000\" \/>\n\t<meta property=\"og:image:height\" content=\"661\" \/>\n\t<meta property=\"og:image:type\" content=\"image\/jpeg\" \/>\n<meta name=\"author\" content=\"f1000024\" \/>\n<meta name=\"twitter:card\" content=\"summary_large_image\" \/>\n<meta name=\"twitter:label1\" content=\"Escrito por\" \/>\n\t<meta name=\"twitter:data1\" content=\"f1000024\" \/>\n\t<meta name=\"twitter:label2\" content=\"Tiempo de lectura\" \/>\n\t<meta name=\"twitter:data2\" content=\"2 minutos\" \/>\n<script type=\"application\/ld+json\" class=\"yoast-schema-graph\">{\"@context\":\"https:\\\/\\\/schema.org\",\"@graph\":[{\"@type\":\"Article\",\"@id\":\"https:\\\/\\\/cvinoticias.com\\\/v3\\\/funcionarios-cristinistas-presentan-su-renuncia-para-presionar-cambios-en-el-gabinete\\\/#article\",\"isPartOf\":{\"@id\":\"https:\\\/\\\/cvinoticias.com\\\/v3\\\/funcionarios-cristinistas-presentan-su-renuncia-para-presionar-cambios-en-el-gabinete\\\/\"},\"author\":{\"name\":\"f1000024\",\"@id\":\"https:\\\/\\\/cvinoticias.com\\\/v3\\\/#\\\/schema\\\/person\\\/2db77e3c6bc03c538495d7b2b8be9b66\"},\"headline\":\"Funcionarios cristinistas presentan su renuncia para presionar cambios en el gabinete\",\"datePublished\":\"2021-09-15T18:51:24+00:00\",\"mainEntityOfPage\":{\"@id\":\"https:\\\/\\\/cvinoticias.com\\\/v3\\\/funcionarios-cristinistas-presentan-su-renuncia-para-presionar-cambios-en-el-gabinete\\\/\"},\"wordCount\":422,\"commentCount\":0,\"publisher\":{\"@id\":\"https:\\\/\\\/cvinoticias.com\\\/v3\\\/#organization\"},\"image\":{\"@id\":\"https:\\\/\\\/cvinoticias.com\\\/v3\\\/funcionarios-cristinistas-presentan-su-renuncia-para-presionar-cambios-en-el-gabinete\\\/#primaryimage\"},\"thumbnailUrl\":\"https:\\\/\\\/cvinoticias.com\\\/wp-content\\\/uploads\\\/2021\\\/09\\\/wado-1.jpg\",\"articleSection\":[\"Politica\"],\"inLanguage\":\"es\",\"potentialAction\":[{\"@type\":\"CommentAction\",\"name\":\"Comment\",\"target\":[\"https:\\\/\\\/cvinoticias.com\\\/v3\\\/funcionarios-cristinistas-presentan-su-renuncia-para-presionar-cambios-en-el-gabinete\\\/#respond\"]}]},{\"@type\":\"WebPage\",\"@id\":\"https:\\\/\\\/cvinoticias.com\\\/v3\\\/funcionarios-cristinistas-presentan-su-renuncia-para-presionar-cambios-en-el-gabinete\\\/\",\"url\":\"https:\\\/\\\/cvinoticias.com\\\/v3\\\/funcionarios-cristinistas-presentan-su-renuncia-para-presionar-cambios-en-el-gabinete\\\/\",\"name\":\"Funcionarios cristinistas presentan su renuncia para presionar cambios en el gabinete | CVI NOTICIAS\",\"isPartOf\":{\"@id\":\"https:\\\/\\\/cvinoticias.com\\\/v3\\\/#website\"},\"primaryImageOfPage\":{\"@id\":\"https:\\\/\\\/cvinoticias.com\\\/v3\\\/funcionarios-cristinistas-presentan-su-renuncia-para-presionar-cambios-en-el-gabinete\\\/#primaryimage\"},\"image\":{\"@id\":\"https:\\\/\\\/cvinoticias.com\\\/v3\\\/funcionarios-cristinistas-presentan-su-renuncia-para-presionar-cambios-en-el-gabinete\\\/#primaryimage\"},\"thumbnailUrl\":\"https:\\\/\\\/cvinoticias.com\\\/wp-content\\\/uploads\\\/2021\\\/09\\\/wado-1.jpg\",\"datePublished\":\"2021-09-15T18:51:24+00:00\",\"breadcrumb\":{\"@id\":\"https:\\\/\\\/cvinoticias.com\\\/v3\\\/funcionarios-cristinistas-presentan-su-renuncia-para-presionar-cambios-en-el-gabinete\\\/#breadcrumb\"},\"inLanguage\":\"es\",\"potentialAction\":[{\"@type\":\"ReadAction\",\"target\":[\"https:\\\/\\\/cvinoticias.com\\\/v3\\\/funcionarios-cristinistas-presentan-su-renuncia-para-presionar-cambios-en-el-gabinete\\\/\"]}]},{\"@type\":\"ImageObject\",\"inLanguage\":\"es\",\"@id\":\"https:\\\/\\\/cvinoticias.com\\\/v3\\\/funcionarios-cristinistas-presentan-su-renuncia-para-presionar-cambios-en-el-gabinete\\\/#primaryimage\",\"url\":\"https:\\\/\\\/cvinoticias.com\\\/wp-content\\\/uploads\\\/2021\\\/09\\\/wado-1.jpg\",\"contentUrl\":\"https:\\\/\\\/cvinoticias.com\\\/wp-content\\\/uploads\\\/2021\\\/09\\\/wado-1.jpg\",\"width\":1000,\"height\":661},{\"@type\":\"BreadcrumbList\",\"@id\":\"https:\\\/\\\/cvinoticias.com\\\/v3\\\/funcionarios-cristinistas-presentan-su-renuncia-para-presionar-cambios-en-el-gabinete\\\/#breadcrumb\",\"itemListElement\":[{\"@type\":\"ListItem\",\"position\":1,\"name\":\"Portada\",\"item\":\"https:\\\/\\\/cvinoticias.com\\\/v3\\\/\"},{\"@type\":\"ListItem\",\"position\":2,\"name\":\"Funcionarios cristinistas presentan su renuncia para presionar cambios en el gabinete\"}]},{\"@type\":\"WebSite\",\"@id\":\"https:\\\/\\\/cvinoticias.com\\\/v3\\\/#website\",\"url\":\"https:\\\/\\\/cvinoticias.com\\\/v3\\\/\",\"name\":\"CVI NOTICIAS\",\"description\":\"\",\"publisher\":{\"@id\":\"https:\\\/\\\/cvinoticias.com\\\/v3\\\/#organization\"},\"alternateName\":\"CVI\",\"potentialAction\":[{\"@type\":\"SearchAction\",\"target\":{\"@type\":\"EntryPoint\",\"urlTemplate\":\"https:\\\/\\\/cvinoticias.com\\\/v3\\\/?s={search_term_string}\"},\"query-input\":{\"@type\":\"PropertyValueSpecification\",\"valueRequired\":true,\"valueName\":\"search_term_string\"}}],\"inLanguage\":\"es\"},{\"@type\":\"Organization\",\"@id\":\"https:\\\/\\\/cvinoticias.com\\\/v3\\\/#organization\",\"name\":\"CVI NOTICIAS\",\"url\":\"https:\\\/\\\/cvinoticias.com\\\/v3\\\/\",\"logo\":{\"@type\":\"ImageObject\",\"inLanguage\":\"es\",\"@id\":\"https:\\\/\\\/cvinoticias.com\\\/v3\\\/#\\\/schema\\\/logo\\\/image\\\/\",\"url\":\"https:\\\/\\\/cvinoticias.com\\\/wp-content\\\/uploads\\\/2023\\\/04\\\/cropped-cropped-cropped-cropped-cropped-3-1.png\",\"contentUrl\":\"https:\\\/\\\/cvinoticias.com\\\/wp-content\\\/uploads\\\/2023\\\/04\\\/cropped-cropped-cropped-cropped-cropped-3-1.png\",\"width\":95,\"height\":122,\"caption\":\"CVI NOTICIAS\"},\"image\":{\"@id\":\"https:\\\/\\\/cvinoticias.com\\\/v3\\\/#\\\/schema\\\/logo\\\/image\\\/\"},\"sameAs\":[\"https:\\\/\\\/www.facebook.com\\\/cvinoticias\",\"https:\\\/\\\/www.instagram.com\\\/cvinoticias\\\/\",\"https:\\\/\\\/www.youtube.com\\\/@CVINOTICIAS\"]},{\"@type\":\"Person\",\"@id\":\"https:\\\/\\\/cvinoticias.com\\\/v3\\\/#\\\/schema\\\/person\\\/2db77e3c6bc03c538495d7b2b8be9b66\",\"name\":\"f1000024\",\"image\":{\"@type\":\"ImageObject\",\"inLanguage\":\"es\",\"@id\":\"https:\\\/\\\/secure.gravatar.com\\\/avatar\\\/d4fe7459cfc51ff5129ce1a732bbef5928568b8092d412ef95611616376bbeed?s=96&d=mm&r=g\",\"url\":\"https:\\\/\\\/secure.gravatar.com\\\/avatar\\\/d4fe7459cfc51ff5129ce1a732bbef5928568b8092d412ef95611616376bbeed?s=96&d=mm&r=g\",\"contentUrl\":\"https:\\\/\\\/secure.gravatar.com\\\/avatar\\\/d4fe7459cfc51ff5129ce1a732bbef5928568b8092d412ef95611616376bbeed?s=96&d=mm&r=g\",\"caption\":\"f1000024\"},\"url\":\"https:\\\/\\\/cvinoticias.com\\\/v3\\\/author\\\/f1000024\\\/\"}]}<\/script>\n<!-- \/ Yoast SEO plugin. -->","yoast_head_json":{"title":"Funcionarios cristinistas presentan su renuncia para presionar cambios en el gabinete | CVI NOTICIAS","robots":{"index":"index","follow":"follow","max-snippet":"max-snippet:-1","max-image-preview":"max-image-preview:large","max-video-preview":"max-video-preview:-1"},"canonical":"https:\/\/cvinoticias.com\/v3\/funcionarios-cristinistas-presentan-su-renuncia-para-presionar-cambios-en-el-gabinete\/","og_locale":"es_ES","og_type":"article","og_title":"Funcionarios cristinistas presentan su renuncia para presionar cambios en el gabinete | CVI NOTICIAS","og_description":"De Pedro, Salvarezza, Soria, Raverta y Volnovich pusieron su cargo 8a disposici\u00f3n de Alberto Fern\u00e1ndez tras la derrota en las PASO. El\u00a0ministro del Interior, Eduardo \u201cWado\u201d De Pedro, el de Justicia, Mart\u00edn Soria, de Ciencia, Tecnolog\u00eda e Innovaci\u00f3n, Roberto Salvarezza, la titular del PAMI, Luana Volnovich y la de la ANSES, Fernanda Raverta, pusieron hoy [&hellip;]","og_url":"https:\/\/cvinoticias.com\/v3\/funcionarios-cristinistas-presentan-su-renuncia-para-presionar-cambios-en-el-gabinete\/","og_site_name":"CVI NOTICIAS","article_publisher":"https:\/\/www.facebook.com\/cvinoticias","article_published_time":"2021-09-15T18:51:24+00:00","og_image":[{"width":1000,"height":661,"url":"https:\/\/cvinoticias.com\/wp-content\/uploads\/2021\/09\/wado-1.jpg","type":"image\/jpeg"}],"author":"f1000024","twitter_card":"summary_large_image","twitter_misc":{"Escrito por":"f1000024","Tiempo de lectura":"2 minutos"},"schema":{"@context":"https:\/\/schema.org","@graph":[{"@type":"Article","@id":"https:\/\/cvinoticias.com\/v3\/funcionarios-cristinistas-presentan-su-renuncia-para-presionar-cambios-en-el-gabinete\/#article","isPartOf":{"@id":"https:\/\/cvinoticias.com\/v3\/funcionarios-cristinistas-presentan-su-renuncia-para-presionar-cambios-en-el-gabinete\/"},"author":{"name":"f1000024","@id":"https:\/\/cvinoticias.com\/v3\/#\/schema\/person\/2db77e3c6bc03c538495d7b2b8be9b66"},"headline":"Funcionarios cristinistas presentan su renuncia para presionar cambios en el gabinete","datePublished":"2021-09-15T18:51:24+00:00","mainEntityOfPage":{"@id":"https:\/\/cvinoticias.com\/v3\/funcionarios-cristinistas-presentan-su-renuncia-para-presionar-cambios-en-el-gabinete\/"},"wordCount":422,"commentCount":0,"publisher":{"@id":"https:\/\/cvinoticias.com\/v3\/#organization"},"image":{"@id":"https:\/\/cvinoticias.com\/v3\/funcionarios-cristinistas-presentan-su-renuncia-para-presionar-cambios-en-el-gabinete\/#primaryimage"},"thumbnailUrl":"https:\/\/cvinoticias.com\/wp-content\/uploads\/2021\/09\/wado-1.jpg","articleSection":["Politica"],"inLanguage":"es","potentialAction":[{"@type":"CommentAction","name":"Comment","target":["https:\/\/cvinoticias.com\/v3\/funcionarios-cristinistas-presentan-su-renuncia-para-presionar-cambios-en-el-gabinete\/#respond"]}]},{"@type":"WebPage","@id":"https:\/\/cvinoticias.com\/v3\/funcionarios-cristinistas-presentan-su-renuncia-para-presionar-cambios-en-el-gabinete\/","url":"https:\/\/cvinoticias.com\/v3\/funcionarios-cristinistas-presentan-su-renuncia-para-presionar-cambios-en-el-gabinete\/","name":"Funcionarios cristinistas presentan su renuncia para presionar cambios en el gabinete | CVI NOTICIAS","isPartOf":{"@id":"https:\/\/cvinoticias.com\/v3\/#website"},"primaryImageOfPage":{"@id":"https:\/\/cvinoticias.com\/v3\/funcionarios-cristinistas-presentan-su-renuncia-para-presionar-cambios-en-el-gabinete\/#primaryimage"},"image":{"@id":"https:\/\/cvinoticias.com\/v3\/funcionarios-cristinistas-presentan-su-renuncia-para-presionar-cambios-en-el-gabinete\/#primaryimage"},"thumbnailUrl":"https:\/\/cvinoticias.com\/wp-content\/uploads\/2021\/09\/wado-1.jpg","datePublished":"2021-09-15T18:51:24+00:00","breadcrumb":{"@id":"https:\/\/cvinoticias.com\/v3\/funcionarios-cristinistas-presentan-su-renuncia-para-presionar-cambios-en-el-gabinete\/#breadcrumb"},"inLanguage":"es","potentialAction":[{"@type":"ReadAction","target":["https:\/\/cvinoticias.com\/v3\/funcionarios-cristinistas-presentan-su-renuncia-para-presionar-cambios-en-el-gabinete\/"]}]},{"@type":"ImageObject","inLanguage":"es","@id":"https:\/\/cvinoticias.com\/v3\/funcionarios-cristinistas-presentan-su-renuncia-para-presionar-cambios-en-el-gabinete\/#primaryimage","url":"https:\/\/cvinoticias.com\/wp-content\/uploads\/2021\/09\/wado-1.jpg","contentUrl":"https:\/\/cvinoticias.com\/wp-content\/uploads\/2021\/09\/wado-1.jpg","width":1000,"height":661},{"@type":"BreadcrumbList","@id":"https:\/\/cvinoticias.com\/v3\/funcionarios-cristinistas-presentan-su-renuncia-para-presionar-cambios-en-el-gabinete\/#breadcrumb","itemListElement":[{"@type":"ListItem","position":1,"name":"Portada","item":"https:\/\/cvinoticias.com\/v3\/"},{"@type":"ListItem","position":2,"name":"Funcionarios cristinistas presentan su renuncia para presionar cambios en el gabinete"}]},{"@type":"WebSite","@id":"https:\/\/cvinoticias.com\/v3\/#website","url":"https:\/\/cvinoticias.com\/v3\/","name":"CVI NOTICIAS","description":"","publisher":{"@id":"https:\/\/cvinoticias.com\/v3\/#organization"},"alternateName":"CVI","potentialAction":[{"@type":"SearchAction","target":{"@type":"EntryPoint","urlTemplate":"https:\/\/cvinoticias.com\/v3\/?s={search_term_string}"},"query-input":{"@type":"PropertyValueSpecification","valueRequired":true,"valueName":"search_term_string"}}],"inLanguage":"es"},{"@type":"Organization","@id":"https:\/\/cvinoticias.com\/v3\/#organization","name":"CVI NOTICIAS","url":"https:\/\/cvinoticias.com\/v3\/","logo":{"@type":"ImageObject","inLanguage":"es","@id":"https:\/\/cvinoticias.com\/v3\/#\/schema\/logo\/image\/","url":"https:\/\/cvinoticias.com\/wp-content\/uploads\/2023\/04\/cropped-cropped-cropped-cropped-cropped-3-1.png","contentUrl":"https:\/\/cvinoticias.com\/wp-content\/uploads\/2023\/04\/cropped-cropped-cropped-cropped-cropped-3-1.png","width":95,"height":122,"caption":"CVI NOTICIAS"},"image":{"@id":"https:\/\/cvinoticias.com\/v3\/#\/schema\/logo\/image\/"},"sameAs":["https:\/\/www.facebook.com\/cvinoticias","https:\/\/www.instagram.com\/cvinoticias\/","https:\/\/www.youtube.com\/@CVINOTICIAS"]},{"@type":"Person","@id":"https:\/\/cvinoticias.com\/v3\/#\/schema\/person\/2db77e3c6bc03c538495d7b2b8be9b66","name":"f1000024","image":{"@type":"ImageObject","inLanguage":"es","@id":"https:\/\/secure.gravatar.com\/avatar\/d4fe7459cfc51ff5129ce1a732bbef5928568b8092d412ef95611616376bbeed?s=96&d=mm&r=g","url":"https:\/\/secure.gravatar.com\/avatar\/d4fe7459cfc51ff5129ce1a732bbef5928568b8092d412ef95611616376bbeed?s=96&d=mm&r=g","contentUrl":"https:\/\/secure.gravatar.com\/avatar\/d4fe7459cfc51ff5129ce1a732bbef5928568b8092d412ef95611616376bbeed?s=96&d=mm&r=g","caption":"f1000024"},"url":"https:\/\/cvinoticias.com\/v3\/author\/f1000024\/"}]}},"_links":{"self":[{"href":"https:\/\/cvinoticias.com\/v3\/wp-json\/wp\/v2\/posts\/8543","targetHints":{"allow":["GET"]}}],"collection":[{"href":"https:\/\/cvinoticias.com\/v3\/wp-json\/wp\/v2\/posts"}],"about":[{"href":"https:\/\/cvinoticias.com\/v3\/wp-json\/wp\/v2\/types\/post"}],"author":[{"embeddable":true,"href":"https:\/\/cvinoticias.com\/v3\/wp-json\/wp\/v2\/users\/2"}],"replies":[{"embeddable":true,"href":"https:\/\/cvinoticias.com\/v3\/wp-json\/wp\/v2\/comments?post=8543"}],"version-history":[{"count":1,"href":"https:\/\/cvinoticias.com\/v3\/wp-json\/wp\/v2\/posts\/8543\/revisions"}],"predecessor-version":[{"id":8547,"href":"https:\/\/cvinoticias.com\/v3\/wp-json\/wp\/v2\/posts\/8543\/revisions\/8547"}],"wp:featuredmedia":[{"embeddable":true,"href":"https:\/\/cvinoticias.com\/v3\/wp-json\/wp\/v2\/media\/8545"}],"wp:attachment":[{"href":"https:\/\/cvinoticias.com\/v3\/wp-json\/wp\/v2\/media?parent=8543"}],"wp:term":[{"taxonomy":"category","embeddable":true,"href":"https:\/\/cvinoticias.com\/v3\/wp-json\/wp\/v2\/categories?post=8543"},{"taxonomy":"post_tag","embeddable":true,"href":"https:\/\/cvinoticias.com\/v3\/wp-json\/wp\/v2\/tags?post=8543"}],"curies":[{"name":"wp","href":"https:\/\/api.w.org\/{rel}","templated":true}]}}