{"id":8533,"date":"2021-09-15T14:51:33","date_gmt":"2021-09-15T14:51:33","guid":{"rendered":"https:\/\/cvinoticias.com\/v3\/?p=8533"},"modified":"2021-09-15T14:51:33","modified_gmt":"2021-09-15T14:51:33","slug":"misiones-ya-esta-en-funcionamiento-el-pasaporte-sanitario-digital-en-alegra-med","status":"publish","type":"post","link":"https:\/\/cvinoticias.com\/v3\/misiones-ya-esta-en-funcionamiento-el-pasaporte-sanitario-digital-en-alegra-med\/","title":{"rendered":"Misiones: Ya est\u00e1 en funcionamiento el pasaporte sanitario digital en Alegra Med"},"content":{"rendered":"\n<p><strong><em>Esta semana se puso en funcionamiento el pasaporte sanitario digital en Alegra Med, que cuenta con la dosis aplicadas contra el coronavirus. Ser\u00e1 solicitado para acceder a diferentes servicios y actividades dentro de la provincia de Misiones.\u00a0<\/em><\/strong><\/p>\n\n\n\n<p>Mediante la aplicaci\u00f3n Alegra Med,\u00a0Misiones ya cuenta con el\u00a0pasaporte sanitario digital: habr\u00e1 que escanear los documentos nacionales de identidad (DNI) y de esa manera las personas que est\u00e9n vacunadas ya contar\u00e1n con el permiso.<\/p>\n\n\n\n<p>La propuesta fue puesta en marcha a partir de la\u00a0exigencia del comprobante de inmunizaci\u00f3n\u00a0que, de la mano con la liberaci\u00f3n de actividades, ser\u00e1 solicitado con mayor frecuencia como ser en viajes, eventos autorizados, etc.<\/p>\n\n\n\n<p>Adem\u00e1s del pasaporte sanitario se incorporara la\u00a0solicitud de turnos en toda la provincia para la realizaci\u00f3n de diferentes estudios. Tambi\u00e9n se sumar\u00e1 el empadronamiento de los pacientes con el c\u00f3digo de barra del DNI.<\/p>\n\n\n\n<p>La credencial cuenta con los\u00a0datos personales de los misioneros\u00a0que soliciten el pasaporte y asimismo de las vacunas que se hayan aplicado, con el c\u00f3digo de lote y las fechas en que.<\/p>\n\n\n\n<p>\u201cLa aplicaci\u00f3n est\u00e1 disponible en el Play Store, donde est\u00e1 el pasaporte sanitario. Una vez que toma los datos fehacientes,\u00a0se cruza con otros sistemas como el del Monitor P\u00fablico de Vacunaci\u00f3n, trae esa informaci\u00f3n y te la muestra en el pasaporte sanitario dentro de la app\u201d, explic\u00f3 Silvina Mart\u00ednez, coordinadora operativa de Alegra MED.<\/p>\n\n\n\n<p>El primer paso que solicitar\u00e1 la aplicaci\u00f3n para la\u00a0generaci\u00f3n del documento ser\u00e1 un escaneo del DNI\u00a0que luego se complementar\u00e1 con los datos del Monitor P\u00fablico de Vacunaci\u00f3n. Cabe destacar que es necesario actualizar la app Alegra Med.<\/p>\n\n\n\n<p>Luego del escaneo, se deber\u00e1n ingresar los datos de contacto y para la creaci\u00f3n de una contrase\u00f1a, la misma que podr\u00e1n continuar utilizando cada vez que sea necesario utilizar la aplicaci\u00f3n.<\/p>\n\n\n\n<p><strong>Misiones tendr\u00e1 pasaporte sanitario digital: paso a paso<\/strong><\/p>\n\n\n\n<p>1- Ingresar a Alegra Med y, en caso de no estar registrados, registrarse en la misma: solicitar\u00e1 escanear el DNI<\/p>\n\n\n\n<p>2- Completar formulario con datos de contacto<\/p>\n\n\n\n<p>3- Chequear correo electr\u00f3nico e ingresar c\u00f3digo de verificaci\u00f3n<\/p>\n\n\n\n<p>4- Crear contrase\u00f1a<\/p>\n","protected":false},"excerpt":{"rendered":"<p>Esta semana se puso en funcionamiento el pasaporte sanitario digital en Alegra Med, que cuenta con la dosis aplicadas contra el coronavirus. Ser\u00e1 solicitado para acceder a diferentes servicios y actividades dentro de la provincia de Misiones.\u00a0 Mediante la aplicaci\u00f3n Alegra Med,\u00a0Misiones ya cuenta con el\u00a0pasaporte sanitario digital: habr\u00e1 que escanear los documentos nacionales de [&hellip;]<\/p>\n","protected":false},"author":2,"featured_media":8534,"comment_status":"open","ping_status":"open","sticky":false,"template":"","format":"standard","meta":{"footnotes":""},"categories":[23],"tags":[],"class_list":["post-8533","post","type-post","status-publish","format-standard","has-post-thumbnail","hentry","category-covid-19"],"yoast_head":"<!-- This site is optimized with the Yoast SEO plugin v27.5 - https:\/\/yoast.com\/product\/yoast-seo-wordpress\/ -->\n<title>Misiones: Ya est\u00e1 en funcionamiento el pasaporte sanitario digital en Alegra Med | CVI NOTICIAS<\/title>\n<meta name=\"robots\" content=\"index, follow, max-snippet:-1, max-image-preview:large, max-video-preview:-1\" \/>\n<link rel=\"canonical\" href=\"https:\/\/cvinoticias.com\/v3\/misiones-ya-esta-en-funcionamiento-el-pasaporte-sanitario-digital-en-alegra-med\/\" \/>\n<meta property=\"og:locale\" content=\"es_ES\" \/>\n<meta property=\"og:type\" content=\"article\" \/>\n<meta property=\"og:title\" content=\"Misiones: Ya est\u00e1 en funcionamiento el pasaporte sanitario digital en Alegra Med | CVI NOTICIAS\" \/>\n<meta property=\"og:description\" content=\"Esta semana se puso en funcionamiento el pasaporte sanitario digital en Alegra Med, que cuenta con la dosis aplicadas contra el coronavirus. Ser\u00e1 solicitado para acceder a diferentes servicios y actividades dentro de la provincia de Misiones.\u00a0 Mediante la aplicaci\u00f3n Alegra Med,\u00a0Misiones ya cuenta con el\u00a0pasaporte sanitario digital: habr\u00e1 que escanear los documentos nacionales de [&hellip;]\" \/>\n<meta property=\"og:url\" content=\"https:\/\/cvinoticias.com\/v3\/misiones-ya-esta-en-funcionamiento-el-pasaporte-sanitario-digital-en-alegra-med\/\" \/>\n<meta property=\"og:site_name\" content=\"CVI NOTICIAS\" \/>\n<meta property=\"article:publisher\" content=\"https:\/\/www.facebook.com\/cvinoticias\" \/>\n<meta property=\"article:published_time\" content=\"2021-09-15T14:51:33+00:00\" \/>\n<meta property=\"og:image\" content=\"https:\/\/cvinoticias.com\/wp-content\/uploads\/2021\/09\/Screenshot_20210915-114840_Facebook.jpg\" \/>\n\t<meta property=\"og:image:width\" content=\"624\" \/>\n\t<meta property=\"og:image:height\" content=\"1146\" \/>\n\t<meta property=\"og:image:type\" content=\"image\/jpeg\" \/>\n<meta name=\"author\" content=\"f1000024\" \/>\n<meta name=\"twitter:card\" content=\"summary_large_image\" \/>\n<meta name=\"twitter:label1\" content=\"Escrito por\" \/>\n\t<meta name=\"twitter:data1\" content=\"f1000024\" \/>\n\t<meta name=\"twitter:label2\" content=\"Tiempo de lectura\" \/>\n\t<meta name=\"twitter:data2\" content=\"2 minutos\" \/>\n<script type=\"application\/ld+json\" class=\"yoast-schema-graph\">{\"@context\":\"https:\\\/\\\/schema.org\",\"@graph\":[{\"@type\":\"Article\",\"@id\":\"https:\\\/\\\/cvinoticias.com\\\/v3\\\/misiones-ya-esta-en-funcionamiento-el-pasaporte-sanitario-digital-en-alegra-med\\\/#article\",\"isPartOf\":{\"@id\":\"https:\\\/\\\/cvinoticias.com\\\/v3\\\/misiones-ya-esta-en-funcionamiento-el-pasaporte-sanitario-digital-en-alegra-med\\\/\"},\"author\":{\"name\":\"f1000024\",\"@id\":\"https:\\\/\\\/cvinoticias.com\\\/v3\\\/#\\\/schema\\\/person\\\/2db77e3c6bc03c538495d7b2b8be9b66\"},\"headline\":\"Misiones: Ya est\u00e1 en funcionamiento el pasaporte sanitario digital en Alegra Med\",\"datePublished\":\"2021-09-15T14:51:33+00:00\",\"mainEntityOfPage\":{\"@id\":\"https:\\\/\\\/cvinoticias.com\\\/v3\\\/misiones-ya-esta-en-funcionamiento-el-pasaporte-sanitario-digital-en-alegra-med\\\/\"},\"wordCount\":389,\"commentCount\":0,\"publisher\":{\"@id\":\"https:\\\/\\\/cvinoticias.com\\\/v3\\\/#organization\"},\"image\":{\"@id\":\"https:\\\/\\\/cvinoticias.com\\\/v3\\\/misiones-ya-esta-en-funcionamiento-el-pasaporte-sanitario-digital-en-alegra-med\\\/#primaryimage\"},\"thumbnailUrl\":\"https:\\\/\\\/cvinoticias.com\\\/wp-content\\\/uploads\\\/2021\\\/09\\\/Screenshot_20210915-114840_Facebook.jpg\",\"articleSection\":[\"Covid-19\"],\"inLanguage\":\"es\",\"potentialAction\":[{\"@type\":\"CommentAction\",\"name\":\"Comment\",\"target\":[\"https:\\\/\\\/cvinoticias.com\\\/v3\\\/misiones-ya-esta-en-funcionamiento-el-pasaporte-sanitario-digital-en-alegra-med\\\/#respond\"]}]},{\"@type\":\"WebPage\",\"@id\":\"https:\\\/\\\/cvinoticias.com\\\/v3\\\/misiones-ya-esta-en-funcionamiento-el-pasaporte-sanitario-digital-en-alegra-med\\\/\",\"url\":\"https:\\\/\\\/cvinoticias.com\\\/v3\\\/misiones-ya-esta-en-funcionamiento-el-pasaporte-sanitario-digital-en-alegra-med\\\/\",\"name\":\"Misiones: Ya est\u00e1 en funcionamiento el pasaporte sanitario digital en Alegra Med | CVI NOTICIAS\",\"isPartOf\":{\"@id\":\"https:\\\/\\\/cvinoticias.com\\\/v3\\\/#website\"},\"primaryImageOfPage\":{\"@id\":\"https:\\\/\\\/cvinoticias.com\\\/v3\\\/misiones-ya-esta-en-funcionamiento-el-pasaporte-sanitario-digital-en-alegra-med\\\/#primaryimage\"},\"image\":{\"@id\":\"https:\\\/\\\/cvinoticias.com\\\/v3\\\/misiones-ya-esta-en-funcionamiento-el-pasaporte-sanitario-digital-en-alegra-med\\\/#primaryimage\"},\"thumbnailUrl\":\"https:\\\/\\\/cvinoticias.com\\\/wp-content\\\/uploads\\\/2021\\\/09\\\/Screenshot_20210915-114840_Facebook.jpg\",\"datePublished\":\"2021-09-15T14:51:33+00:00\",\"breadcrumb\":{\"@id\":\"https:\\\/\\\/cvinoticias.com\\\/v3\\\/misiones-ya-esta-en-funcionamiento-el-pasaporte-sanitario-digital-en-alegra-med\\\/#breadcrumb\"},\"inLanguage\":\"es\",\"potentialAction\":[{\"@type\":\"ReadAction\",\"target\":[\"https:\\\/\\\/cvinoticias.com\\\/v3\\\/misiones-ya-esta-en-funcionamiento-el-pasaporte-sanitario-digital-en-alegra-med\\\/\"]}]},{\"@type\":\"ImageObject\",\"inLanguage\":\"es\",\"@id\":\"https:\\\/\\\/cvinoticias.com\\\/v3\\\/misiones-ya-esta-en-funcionamiento-el-pasaporte-sanitario-digital-en-alegra-med\\\/#primaryimage\",\"url\":\"https:\\\/\\\/cvinoticias.com\\\/wp-content\\\/uploads\\\/2021\\\/09\\\/Screenshot_20210915-114840_Facebook.jpg\",\"contentUrl\":\"https:\\\/\\\/cvinoticias.com\\\/wp-content\\\/uploads\\\/2021\\\/09\\\/Screenshot_20210915-114840_Facebook.jpg\",\"width\":624,\"height\":1146},{\"@type\":\"BreadcrumbList\",\"@id\":\"https:\\\/\\\/cvinoticias.com\\\/v3\\\/misiones-ya-esta-en-funcionamiento-el-pasaporte-sanitario-digital-en-alegra-med\\\/#breadcrumb\",\"itemListElement\":[{\"@type\":\"ListItem\",\"position\":1,\"name\":\"Portada\",\"item\":\"https:\\\/\\\/cvinoticias.com\\\/v3\\\/\"},{\"@type\":\"ListItem\",\"position\":2,\"name\":\"Misiones: Ya est\u00e1 en funcionamiento el pasaporte sanitario digital en Alegra Med\"}]},{\"@type\":\"WebSite\",\"@id\":\"https:\\\/\\\/cvinoticias.com\\\/v3\\\/#website\",\"url\":\"https:\\\/\\\/cvinoticias.com\\\/v3\\\/\",\"name\":\"CVI NOTICIAS\",\"description\":\"\",\"publisher\":{\"@id\":\"https:\\\/\\\/cvinoticias.com\\\/v3\\\/#organization\"},\"alternateName\":\"CVI\",\"potentialAction\":[{\"@type\":\"SearchAction\",\"target\":{\"@type\":\"EntryPoint\",\"urlTemplate\":\"https:\\\/\\\/cvinoticias.com\\\/v3\\\/?s={search_term_string}\"},\"query-input\":{\"@type\":\"PropertyValueSpecification\",\"valueRequired\":true,\"valueName\":\"search_term_string\"}}],\"inLanguage\":\"es\"},{\"@type\":\"Organization\",\"@id\":\"https:\\\/\\\/cvinoticias.com\\\/v3\\\/#organization\",\"name\":\"CVI NOTICIAS\",\"url\":\"https:\\\/\\\/cvinoticias.com\\\/v3\\\/\",\"logo\":{\"@type\":\"ImageObject\",\"inLanguage\":\"es\",\"@id\":\"https:\\\/\\\/cvinoticias.com\\\/v3\\\/#\\\/schema\\\/logo\\\/image\\\/\",\"url\":\"https:\\\/\\\/cvinoticias.com\\\/wp-content\\\/uploads\\\/2023\\\/04\\\/cropped-cropped-cropped-cropped-cropped-3-1.png\",\"contentUrl\":\"https:\\\/\\\/cvinoticias.com\\\/wp-content\\\/uploads\\\/2023\\\/04\\\/cropped-cropped-cropped-cropped-cropped-3-1.png\",\"width\":95,\"height\":122,\"caption\":\"CVI NOTICIAS\"},\"image\":{\"@id\":\"https:\\\/\\\/cvinoticias.com\\\/v3\\\/#\\\/schema\\\/logo\\\/image\\\/\"},\"sameAs\":[\"https:\\\/\\\/www.facebook.com\\\/cvinoticias\",\"https:\\\/\\\/www.instagram.com\\\/cvinoticias\\\/\",\"https:\\\/\\\/www.youtube.com\\\/@CVINOTICIAS\"]},{\"@type\":\"Person\",\"@id\":\"https:\\\/\\\/cvinoticias.com\\\/v3\\\/#\\\/schema\\\/person\\\/2db77e3c6bc03c538495d7b2b8be9b66\",\"name\":\"f1000024\",\"image\":{\"@type\":\"ImageObject\",\"inLanguage\":\"es\",\"@id\":\"https:\\\/\\\/secure.gravatar.com\\\/avatar\\\/d4fe7459cfc51ff5129ce1a732bbef5928568b8092d412ef95611616376bbeed?s=96&d=mm&r=g\",\"url\":\"https:\\\/\\\/secure.gravatar.com\\\/avatar\\\/d4fe7459cfc51ff5129ce1a732bbef5928568b8092d412ef95611616376bbeed?s=96&d=mm&r=g\",\"contentUrl\":\"https:\\\/\\\/secure.gravatar.com\\\/avatar\\\/d4fe7459cfc51ff5129ce1a732bbef5928568b8092d412ef95611616376bbeed?s=96&d=mm&r=g\",\"caption\":\"f1000024\"},\"url\":\"https:\\\/\\\/cvinoticias.com\\\/v3\\\/author\\\/f1000024\\\/\"}]}<\/script>\n<!-- \/ Yoast SEO plugin. -->","yoast_head_json":{"title":"Misiones: Ya est\u00e1 en funcionamiento el pasaporte sanitario digital en Alegra Med | CVI NOTICIAS","robots":{"index":"index","follow":"follow","max-snippet":"max-snippet:-1","max-image-preview":"max-image-preview:large","max-video-preview":"max-video-preview:-1"},"canonical":"https:\/\/cvinoticias.com\/v3\/misiones-ya-esta-en-funcionamiento-el-pasaporte-sanitario-digital-en-alegra-med\/","og_locale":"es_ES","og_type":"article","og_title":"Misiones: Ya est\u00e1 en funcionamiento el pasaporte sanitario digital en Alegra Med | CVI NOTICIAS","og_description":"Esta semana se puso en funcionamiento el pasaporte sanitario digital en Alegra Med, que cuenta con la dosis aplicadas contra el coronavirus. Ser\u00e1 solicitado para acceder a diferentes servicios y actividades dentro de la provincia de Misiones.\u00a0 Mediante la aplicaci\u00f3n Alegra Med,\u00a0Misiones ya cuenta con el\u00a0pasaporte sanitario digital: habr\u00e1 que escanear los documentos nacionales de [&hellip;]","og_url":"https:\/\/cvinoticias.com\/v3\/misiones-ya-esta-en-funcionamiento-el-pasaporte-sanitario-digital-en-alegra-med\/","og_site_name":"CVI NOTICIAS","article_publisher":"https:\/\/www.facebook.com\/cvinoticias","article_published_time":"2021-09-15T14:51:33+00:00","og_image":[{"width":624,"height":1146,"url":"https:\/\/cvinoticias.com\/wp-content\/uploads\/2021\/09\/Screenshot_20210915-114840_Facebook.jpg","type":"image\/jpeg"}],"author":"f1000024","twitter_card":"summary_large_image","twitter_misc":{"Escrito por":"f1000024","Tiempo de lectura":"2 minutos"},"schema":{"@context":"https:\/\/schema.org","@graph":[{"@type":"Article","@id":"https:\/\/cvinoticias.com\/v3\/misiones-ya-esta-en-funcionamiento-el-pasaporte-sanitario-digital-en-alegra-med\/#article","isPartOf":{"@id":"https:\/\/cvinoticias.com\/v3\/misiones-ya-esta-en-funcionamiento-el-pasaporte-sanitario-digital-en-alegra-med\/"},"author":{"name":"f1000024","@id":"https:\/\/cvinoticias.com\/v3\/#\/schema\/person\/2db77e3c6bc03c538495d7b2b8be9b66"},"headline":"Misiones: Ya est\u00e1 en funcionamiento el pasaporte sanitario digital en Alegra Med","datePublished":"2021-09-15T14:51:33+00:00","mainEntityOfPage":{"@id":"https:\/\/cvinoticias.com\/v3\/misiones-ya-esta-en-funcionamiento-el-pasaporte-sanitario-digital-en-alegra-med\/"},"wordCount":389,"commentCount":0,"publisher":{"@id":"https:\/\/cvinoticias.com\/v3\/#organization"},"image":{"@id":"https:\/\/cvinoticias.com\/v3\/misiones-ya-esta-en-funcionamiento-el-pasaporte-sanitario-digital-en-alegra-med\/#primaryimage"},"thumbnailUrl":"https:\/\/cvinoticias.com\/wp-content\/uploads\/2021\/09\/Screenshot_20210915-114840_Facebook.jpg","articleSection":["Covid-19"],"inLanguage":"es","potentialAction":[{"@type":"CommentAction","name":"Comment","target":["https:\/\/cvinoticias.com\/v3\/misiones-ya-esta-en-funcionamiento-el-pasaporte-sanitario-digital-en-alegra-med\/#respond"]}]},{"@type":"WebPage","@id":"https:\/\/cvinoticias.com\/v3\/misiones-ya-esta-en-funcionamiento-el-pasaporte-sanitario-digital-en-alegra-med\/","url":"https:\/\/cvinoticias.com\/v3\/misiones-ya-esta-en-funcionamiento-el-pasaporte-sanitario-digital-en-alegra-med\/","name":"Misiones: Ya est\u00e1 en funcionamiento el pasaporte sanitario digital en Alegra Med | CVI NOTICIAS","isPartOf":{"@id":"https:\/\/cvinoticias.com\/v3\/#website"},"primaryImageOfPage":{"@id":"https:\/\/cvinoticias.com\/v3\/misiones-ya-esta-en-funcionamiento-el-pasaporte-sanitario-digital-en-alegra-med\/#primaryimage"},"image":{"@id":"https:\/\/cvinoticias.com\/v3\/misiones-ya-esta-en-funcionamiento-el-pasaporte-sanitario-digital-en-alegra-med\/#primaryimage"},"thumbnailUrl":"https:\/\/cvinoticias.com\/wp-content\/uploads\/2021\/09\/Screenshot_20210915-114840_Facebook.jpg","datePublished":"2021-09-15T14:51:33+00:00","breadcrumb":{"@id":"https:\/\/cvinoticias.com\/v3\/misiones-ya-esta-en-funcionamiento-el-pasaporte-sanitario-digital-en-alegra-med\/#breadcrumb"},"inLanguage":"es","potentialAction":[{"@type":"ReadAction","target":["https:\/\/cvinoticias.com\/v3\/misiones-ya-esta-en-funcionamiento-el-pasaporte-sanitario-digital-en-alegra-med\/"]}]},{"@type":"ImageObject","inLanguage":"es","@id":"https:\/\/cvinoticias.com\/v3\/misiones-ya-esta-en-funcionamiento-el-pasaporte-sanitario-digital-en-alegra-med\/#primaryimage","url":"https:\/\/cvinoticias.com\/wp-content\/uploads\/2021\/09\/Screenshot_20210915-114840_Facebook.jpg","contentUrl":"https:\/\/cvinoticias.com\/wp-content\/uploads\/2021\/09\/Screenshot_20210915-114840_Facebook.jpg","width":624,"height":1146},{"@type":"BreadcrumbList","@id":"https:\/\/cvinoticias.com\/v3\/misiones-ya-esta-en-funcionamiento-el-pasaporte-sanitario-digital-en-alegra-med\/#breadcrumb","itemListElement":[{"@type":"ListItem","position":1,"name":"Portada","item":"https:\/\/cvinoticias.com\/v3\/"},{"@type":"ListItem","position":2,"name":"Misiones: Ya est\u00e1 en funcionamiento el pasaporte sanitario digital en Alegra Med"}]},{"@type":"WebSite","@id":"https:\/\/cvinoticias.com\/v3\/#website","url":"https:\/\/cvinoticias.com\/v3\/","name":"CVI NOTICIAS","description":"","publisher":{"@id":"https:\/\/cvinoticias.com\/v3\/#organization"},"alternateName":"CVI","potentialAction":[{"@type":"SearchAction","target":{"@type":"EntryPoint","urlTemplate":"https:\/\/cvinoticias.com\/v3\/?s={search_term_string}"},"query-input":{"@type":"PropertyValueSpecification","valueRequired":true,"valueName":"search_term_string"}}],"inLanguage":"es"},{"@type":"Organization","@id":"https:\/\/cvinoticias.com\/v3\/#organization","name":"CVI NOTICIAS","url":"https:\/\/cvinoticias.com\/v3\/","logo":{"@type":"ImageObject","inLanguage":"es","@id":"https:\/\/cvinoticias.com\/v3\/#\/schema\/logo\/image\/","url":"https:\/\/cvinoticias.com\/wp-content\/uploads\/2023\/04\/cropped-cropped-cropped-cropped-cropped-3-1.png","contentUrl":"https:\/\/cvinoticias.com\/wp-content\/uploads\/2023\/04\/cropped-cropped-cropped-cropped-cropped-3-1.png","width":95,"height":122,"caption":"CVI NOTICIAS"},"image":{"@id":"https:\/\/cvinoticias.com\/v3\/#\/schema\/logo\/image\/"},"sameAs":["https:\/\/www.facebook.com\/cvinoticias","https:\/\/www.instagram.com\/cvinoticias\/","https:\/\/www.youtube.com\/@CVINOTICIAS"]},{"@type":"Person","@id":"https:\/\/cvinoticias.com\/v3\/#\/schema\/person\/2db77e3c6bc03c538495d7b2b8be9b66","name":"f1000024","image":{"@type":"ImageObject","inLanguage":"es","@id":"https:\/\/secure.gravatar.com\/avatar\/d4fe7459cfc51ff5129ce1a732bbef5928568b8092d412ef95611616376bbeed?s=96&d=mm&r=g","url":"https:\/\/secure.gravatar.com\/avatar\/d4fe7459cfc51ff5129ce1a732bbef5928568b8092d412ef95611616376bbeed?s=96&d=mm&r=g","contentUrl":"https:\/\/secure.gravatar.com\/avatar\/d4fe7459cfc51ff5129ce1a732bbef5928568b8092d412ef95611616376bbeed?s=96&d=mm&r=g","caption":"f1000024"},"url":"https:\/\/cvinoticias.com\/v3\/author\/f1000024\/"}]}},"_links":{"self":[{"href":"https:\/\/cvinoticias.com\/v3\/wp-json\/wp\/v2\/posts\/8533","targetHints":{"allow":["GET"]}}],"collection":[{"href":"https:\/\/cvinoticias.com\/v3\/wp-json\/wp\/v2\/posts"}],"about":[{"href":"https:\/\/cvinoticias.com\/v3\/wp-json\/wp\/v2\/types\/post"}],"author":[{"embeddable":true,"href":"https:\/\/cvinoticias.com\/v3\/wp-json\/wp\/v2\/users\/2"}],"replies":[{"embeddable":true,"href":"https:\/\/cvinoticias.com\/v3\/wp-json\/wp\/v2\/comments?post=8533"}],"version-history":[{"count":1,"href":"https:\/\/cvinoticias.com\/v3\/wp-json\/wp\/v2\/posts\/8533\/revisions"}],"predecessor-version":[{"id":8535,"href":"https:\/\/cvinoticias.com\/v3\/wp-json\/wp\/v2\/posts\/8533\/revisions\/8535"}],"wp:featuredmedia":[{"embeddable":true,"href":"https:\/\/cvinoticias.com\/v3\/wp-json\/wp\/v2\/media\/8534"}],"wp:attachment":[{"href":"https:\/\/cvinoticias.com\/v3\/wp-json\/wp\/v2\/media?parent=8533"}],"wp:term":[{"taxonomy":"category","embeddable":true,"href":"https:\/\/cvinoticias.com\/v3\/wp-json\/wp\/v2\/categories?post=8533"},{"taxonomy":"post_tag","embeddable":true,"href":"https:\/\/cvinoticias.com\/v3\/wp-json\/wp\/v2\/tags?post=8533"}],"curies":[{"name":"wp","href":"https:\/\/api.w.org\/{rel}","templated":true}]}}