{"id":8521,"date":"2021-09-15T11:03:19","date_gmt":"2021-09-15T11:03:19","guid":{"rendered":"https:\/\/cvinoticias.com\/v3\/?p=8521"},"modified":"2021-09-15T18:58:12","modified_gmt":"2021-09-15T18:58:12","slug":"se-fabricara-en-la-provincia-el-primer-colectivo-electrico-de-la-argentina","status":"publish","type":"post","link":"https:\/\/cvinoticias.com\/v3\/se-fabricara-en-la-provincia-el-primer-colectivo-electrico-de-la-argentina\/","title":{"rendered":"Se fabricar\u00e1 en la Provincia el primer colectivo el\u00e9ctrico de la Argentina"},"content":{"rendered":"\n<p><em><strong>La F\u00e1brica Argentina de NanoSensores IOT (Faniot), present\u00f3 el proyecto para la fabricaci\u00f3n del veh\u00edculo, construido por profesionales misioneros y cuyas primeras unidades podr\u00edan estar listas para el a\u00f1o pr\u00f3ximo.<\/strong><\/em><\/p>\n\n\n\n<p>La F\u00e1brica Argentina de NanoSensores IOT (Faniot), present\u00f3 hoy en Misiones el proyecto para el primer colectivo el\u00e9ctrico fabricado en la Argentina, construido por profesionales misioneros y cuyas primeras unidades podr\u00edan estar listas para el a\u00f1o pr\u00f3ximo.<br><br>La presentaci\u00f3n y firma de la carta de intenci\u00f3n estuvo a cargo del ministro de Educaci\u00f3n, Miguel Sedoff, como integrante del directorio de Fan IOT y Hamelbot por la provincia; Mart\u00edn Bueno, del directorio de FAN IOT y Hugo Koropeski, director de la empresa Crucero del Norte.<br><br>Las unidades tendr\u00e1n una capacidad m\u00e1xima de 24 pasajeros, una autonom\u00eda de 400 kil\u00f3metros y una velocidad m\u00e1xima de 90 kil\u00f3metros por hora. Se instalar\u00e1n estaciones de carga de energ\u00eda el\u00e9ctrica, combinadas con los paneles solares ubicados en el techo de cada bus.<br><br>La empresa Fan IOT se encuentra radicada en el Polo Tic Misiones, de la ciudad de Posadas y se encarga de desarrollar soluciones sustentables de alta tecnolog\u00eda para Ciudades Inteligentes, fomentando el Desarrollo de las Capacidades Locales, insertando colaboradores capacitados en los \u00faltimos avances de innovaci\u00f3n tecnol\u00f3gica para su comercializaci\u00f3n en Argentina y el mundo.<\/p>\n","protected":false},"excerpt":{"rendered":"<p>La F\u00e1brica Argentina de NanoSensores IOT (Faniot), present\u00f3 el proyecto para la fabricaci\u00f3n del veh\u00edculo, construido por profesionales misioneros y cuyas primeras unidades podr\u00edan estar listas para el a\u00f1o pr\u00f3ximo. La F\u00e1brica Argentina de NanoSensores IOT (Faniot), present\u00f3 hoy en Misiones el proyecto para el primer colectivo el\u00e9ctrico fabricado en la Argentina, construido por profesionales [&hellip;]<\/p>\n","protected":false},"author":2,"featured_media":8522,"comment_status":"open","ping_status":"open","sticky":false,"template":"","format":"standard","meta":{"footnotes":""},"categories":[35],"tags":[],"class_list":["post-8521","post","type-post","status-publish","format-standard","has-post-thumbnail","hentry","category-informacion-general"],"yoast_head":"<!-- This site is optimized with the Yoast SEO plugin v27.5 - https:\/\/yoast.com\/product\/yoast-seo-wordpress\/ -->\n<title>Se fabricar\u00e1 en la Provincia el primer colectivo el\u00e9ctrico de la Argentina | CVI NOTICIAS<\/title>\n<meta name=\"robots\" content=\"index, follow, max-snippet:-1, max-image-preview:large, max-video-preview:-1\" \/>\n<link rel=\"canonical\" href=\"https:\/\/cvinoticias.com\/v3\/se-fabricara-en-la-provincia-el-primer-colectivo-electrico-de-la-argentina\/\" \/>\n<meta property=\"og:locale\" content=\"es_ES\" \/>\n<meta property=\"og:type\" content=\"article\" \/>\n<meta property=\"og:title\" content=\"Se fabricar\u00e1 en la Provincia el primer colectivo el\u00e9ctrico de la Argentina | CVI NOTICIAS\" \/>\n<meta property=\"og:description\" content=\"La F\u00e1brica Argentina de NanoSensores IOT (Faniot), present\u00f3 el proyecto para la fabricaci\u00f3n del veh\u00edculo, construido por profesionales misioneros y cuyas primeras unidades podr\u00edan estar listas para el a\u00f1o pr\u00f3ximo. La F\u00e1brica Argentina de NanoSensores IOT (Faniot), present\u00f3 hoy en Misiones el proyecto para el primer colectivo el\u00e9ctrico fabricado en la Argentina, construido por profesionales [&hellip;]\" \/>\n<meta property=\"og:url\" content=\"https:\/\/cvinoticias.com\/v3\/se-fabricara-en-la-provincia-el-primer-colectivo-electrico-de-la-argentina\/\" \/>\n<meta property=\"og:site_name\" content=\"CVI NOTICIAS\" \/>\n<meta property=\"article:publisher\" content=\"https:\/\/www.facebook.com\/cvinoticias\" \/>\n<meta property=\"article:published_time\" content=\"2021-09-15T11:03:19+00:00\" \/>\n<meta property=\"article:modified_time\" content=\"2021-09-15T18:58:12+00:00\" \/>\n<meta property=\"og:image\" content=\"https:\/\/cvinoticias.com\/wp-content\/uploads\/2021\/09\/0000428821.jpg\" \/>\n\t<meta property=\"og:image:width\" content=\"1500\" \/>\n\t<meta property=\"og:image:height\" content=\"870\" \/>\n\t<meta property=\"og:image:type\" content=\"image\/jpeg\" \/>\n<meta name=\"author\" content=\"f1000024\" \/>\n<meta name=\"twitter:card\" content=\"summary_large_image\" \/>\n<meta name=\"twitter:label1\" content=\"Escrito por\" \/>\n\t<meta name=\"twitter:data1\" content=\"f1000024\" \/>\n\t<meta name=\"twitter:label2\" content=\"Tiempo de lectura\" \/>\n\t<meta name=\"twitter:data2\" content=\"1 minuto\" \/>\n<script type=\"application\/ld+json\" class=\"yoast-schema-graph\">{\"@context\":\"https:\\\/\\\/schema.org\",\"@graph\":[{\"@type\":\"Article\",\"@id\":\"https:\\\/\\\/cvinoticias.com\\\/v3\\\/se-fabricara-en-la-provincia-el-primer-colectivo-electrico-de-la-argentina\\\/#article\",\"isPartOf\":{\"@id\":\"https:\\\/\\\/cvinoticias.com\\\/v3\\\/se-fabricara-en-la-provincia-el-primer-colectivo-electrico-de-la-argentina\\\/\"},\"author\":{\"name\":\"f1000024\",\"@id\":\"https:\\\/\\\/cvinoticias.com\\\/v3\\\/#\\\/schema\\\/person\\\/2db77e3c6bc03c538495d7b2b8be9b66\"},\"headline\":\"Se fabricar\u00e1 en la Provincia el primer colectivo el\u00e9ctrico de la Argentina\",\"datePublished\":\"2021-09-15T11:03:19+00:00\",\"dateModified\":\"2021-09-15T18:58:12+00:00\",\"mainEntityOfPage\":{\"@id\":\"https:\\\/\\\/cvinoticias.com\\\/v3\\\/se-fabricara-en-la-provincia-el-primer-colectivo-electrico-de-la-argentina\\\/\"},\"wordCount\":250,\"commentCount\":0,\"publisher\":{\"@id\":\"https:\\\/\\\/cvinoticias.com\\\/v3\\\/#organization\"},\"image\":{\"@id\":\"https:\\\/\\\/cvinoticias.com\\\/v3\\\/se-fabricara-en-la-provincia-el-primer-colectivo-electrico-de-la-argentina\\\/#primaryimage\"},\"thumbnailUrl\":\"https:\\\/\\\/cvinoticias.com\\\/wp-content\\\/uploads\\\/2021\\\/09\\\/0000428821.jpg\",\"articleSection\":[\"Informaci\u00f3n General\"],\"inLanguage\":\"es\",\"potentialAction\":[{\"@type\":\"CommentAction\",\"name\":\"Comment\",\"target\":[\"https:\\\/\\\/cvinoticias.com\\\/v3\\\/se-fabricara-en-la-provincia-el-primer-colectivo-electrico-de-la-argentina\\\/#respond\"]}]},{\"@type\":\"WebPage\",\"@id\":\"https:\\\/\\\/cvinoticias.com\\\/v3\\\/se-fabricara-en-la-provincia-el-primer-colectivo-electrico-de-la-argentina\\\/\",\"url\":\"https:\\\/\\\/cvinoticias.com\\\/v3\\\/se-fabricara-en-la-provincia-el-primer-colectivo-electrico-de-la-argentina\\\/\",\"name\":\"Se fabricar\u00e1 en la Provincia el primer colectivo el\u00e9ctrico de la Argentina | CVI NOTICIAS\",\"isPartOf\":{\"@id\":\"https:\\\/\\\/cvinoticias.com\\\/v3\\\/#website\"},\"primaryImageOfPage\":{\"@id\":\"https:\\\/\\\/cvinoticias.com\\\/v3\\\/se-fabricara-en-la-provincia-el-primer-colectivo-electrico-de-la-argentina\\\/#primaryimage\"},\"image\":{\"@id\":\"https:\\\/\\\/cvinoticias.com\\\/v3\\\/se-fabricara-en-la-provincia-el-primer-colectivo-electrico-de-la-argentina\\\/#primaryimage\"},\"thumbnailUrl\":\"https:\\\/\\\/cvinoticias.com\\\/wp-content\\\/uploads\\\/2021\\\/09\\\/0000428821.jpg\",\"datePublished\":\"2021-09-15T11:03:19+00:00\",\"dateModified\":\"2021-09-15T18:58:12+00:00\",\"breadcrumb\":{\"@id\":\"https:\\\/\\\/cvinoticias.com\\\/v3\\\/se-fabricara-en-la-provincia-el-primer-colectivo-electrico-de-la-argentina\\\/#breadcrumb\"},\"inLanguage\":\"es\",\"potentialAction\":[{\"@type\":\"ReadAction\",\"target\":[\"https:\\\/\\\/cvinoticias.com\\\/v3\\\/se-fabricara-en-la-provincia-el-primer-colectivo-electrico-de-la-argentina\\\/\"]}]},{\"@type\":\"ImageObject\",\"inLanguage\":\"es\",\"@id\":\"https:\\\/\\\/cvinoticias.com\\\/v3\\\/se-fabricara-en-la-provincia-el-primer-colectivo-electrico-de-la-argentina\\\/#primaryimage\",\"url\":\"https:\\\/\\\/cvinoticias.com\\\/wp-content\\\/uploads\\\/2021\\\/09\\\/0000428821.jpg\",\"contentUrl\":\"https:\\\/\\\/cvinoticias.com\\\/wp-content\\\/uploads\\\/2021\\\/09\\\/0000428821.jpg\",\"width\":1500,\"height\":870},{\"@type\":\"BreadcrumbList\",\"@id\":\"https:\\\/\\\/cvinoticias.com\\\/v3\\\/se-fabricara-en-la-provincia-el-primer-colectivo-electrico-de-la-argentina\\\/#breadcrumb\",\"itemListElement\":[{\"@type\":\"ListItem\",\"position\":1,\"name\":\"Portada\",\"item\":\"https:\\\/\\\/cvinoticias.com\\\/v3\\\/\"},{\"@type\":\"ListItem\",\"position\":2,\"name\":\"Se fabricar\u00e1 en la Provincia el primer colectivo el\u00e9ctrico de la Argentina\"}]},{\"@type\":\"WebSite\",\"@id\":\"https:\\\/\\\/cvinoticias.com\\\/v3\\\/#website\",\"url\":\"https:\\\/\\\/cvinoticias.com\\\/v3\\\/\",\"name\":\"CVI NOTICIAS\",\"description\":\"\",\"publisher\":{\"@id\":\"https:\\\/\\\/cvinoticias.com\\\/v3\\\/#organization\"},\"alternateName\":\"CVI\",\"potentialAction\":[{\"@type\":\"SearchAction\",\"target\":{\"@type\":\"EntryPoint\",\"urlTemplate\":\"https:\\\/\\\/cvinoticias.com\\\/v3\\\/?s={search_term_string}\"},\"query-input\":{\"@type\":\"PropertyValueSpecification\",\"valueRequired\":true,\"valueName\":\"search_term_string\"}}],\"inLanguage\":\"es\"},{\"@type\":\"Organization\",\"@id\":\"https:\\\/\\\/cvinoticias.com\\\/v3\\\/#organization\",\"name\":\"CVI NOTICIAS\",\"url\":\"https:\\\/\\\/cvinoticias.com\\\/v3\\\/\",\"logo\":{\"@type\":\"ImageObject\",\"inLanguage\":\"es\",\"@id\":\"https:\\\/\\\/cvinoticias.com\\\/v3\\\/#\\\/schema\\\/logo\\\/image\\\/\",\"url\":\"https:\\\/\\\/cvinoticias.com\\\/wp-content\\\/uploads\\\/2023\\\/04\\\/cropped-cropped-cropped-cropped-cropped-3-1.png\",\"contentUrl\":\"https:\\\/\\\/cvinoticias.com\\\/wp-content\\\/uploads\\\/2023\\\/04\\\/cropped-cropped-cropped-cropped-cropped-3-1.png\",\"width\":95,\"height\":122,\"caption\":\"CVI NOTICIAS\"},\"image\":{\"@id\":\"https:\\\/\\\/cvinoticias.com\\\/v3\\\/#\\\/schema\\\/logo\\\/image\\\/\"},\"sameAs\":[\"https:\\\/\\\/www.facebook.com\\\/cvinoticias\",\"https:\\\/\\\/www.instagram.com\\\/cvinoticias\\\/\",\"https:\\\/\\\/www.youtube.com\\\/@CVINOTICIAS\"]},{\"@type\":\"Person\",\"@id\":\"https:\\\/\\\/cvinoticias.com\\\/v3\\\/#\\\/schema\\\/person\\\/2db77e3c6bc03c538495d7b2b8be9b66\",\"name\":\"f1000024\",\"image\":{\"@type\":\"ImageObject\",\"inLanguage\":\"es\",\"@id\":\"https:\\\/\\\/secure.gravatar.com\\\/avatar\\\/d4fe7459cfc51ff5129ce1a732bbef5928568b8092d412ef95611616376bbeed?s=96&d=mm&r=g\",\"url\":\"https:\\\/\\\/secure.gravatar.com\\\/avatar\\\/d4fe7459cfc51ff5129ce1a732bbef5928568b8092d412ef95611616376bbeed?s=96&d=mm&r=g\",\"contentUrl\":\"https:\\\/\\\/secure.gravatar.com\\\/avatar\\\/d4fe7459cfc51ff5129ce1a732bbef5928568b8092d412ef95611616376bbeed?s=96&d=mm&r=g\",\"caption\":\"f1000024\"},\"url\":\"https:\\\/\\\/cvinoticias.com\\\/v3\\\/author\\\/f1000024\\\/\"}]}<\/script>\n<!-- \/ Yoast SEO plugin. -->","yoast_head_json":{"title":"Se fabricar\u00e1 en la Provincia el primer colectivo el\u00e9ctrico de la Argentina | CVI NOTICIAS","robots":{"index":"index","follow":"follow","max-snippet":"max-snippet:-1","max-image-preview":"max-image-preview:large","max-video-preview":"max-video-preview:-1"},"canonical":"https:\/\/cvinoticias.com\/v3\/se-fabricara-en-la-provincia-el-primer-colectivo-electrico-de-la-argentina\/","og_locale":"es_ES","og_type":"article","og_title":"Se fabricar\u00e1 en la Provincia el primer colectivo el\u00e9ctrico de la Argentina | CVI NOTICIAS","og_description":"La F\u00e1brica Argentina de NanoSensores IOT (Faniot), present\u00f3 el proyecto para la fabricaci\u00f3n del veh\u00edculo, construido por profesionales misioneros y cuyas primeras unidades podr\u00edan estar listas para el a\u00f1o pr\u00f3ximo. La F\u00e1brica Argentina de NanoSensores IOT (Faniot), present\u00f3 hoy en Misiones el proyecto para el primer colectivo el\u00e9ctrico fabricado en la Argentina, construido por profesionales [&hellip;]","og_url":"https:\/\/cvinoticias.com\/v3\/se-fabricara-en-la-provincia-el-primer-colectivo-electrico-de-la-argentina\/","og_site_name":"CVI NOTICIAS","article_publisher":"https:\/\/www.facebook.com\/cvinoticias","article_published_time":"2021-09-15T11:03:19+00:00","article_modified_time":"2021-09-15T18:58:12+00:00","og_image":[{"width":1500,"height":870,"url":"https:\/\/cvinoticias.com\/wp-content\/uploads\/2021\/09\/0000428821.jpg","type":"image\/jpeg"}],"author":"f1000024","twitter_card":"summary_large_image","twitter_misc":{"Escrito por":"f1000024","Tiempo de lectura":"1 minuto"},"schema":{"@context":"https:\/\/schema.org","@graph":[{"@type":"Article","@id":"https:\/\/cvinoticias.com\/v3\/se-fabricara-en-la-provincia-el-primer-colectivo-electrico-de-la-argentina\/#article","isPartOf":{"@id":"https:\/\/cvinoticias.com\/v3\/se-fabricara-en-la-provincia-el-primer-colectivo-electrico-de-la-argentina\/"},"author":{"name":"f1000024","@id":"https:\/\/cvinoticias.com\/v3\/#\/schema\/person\/2db77e3c6bc03c538495d7b2b8be9b66"},"headline":"Se fabricar\u00e1 en la Provincia el primer colectivo el\u00e9ctrico de la Argentina","datePublished":"2021-09-15T11:03:19+00:00","dateModified":"2021-09-15T18:58:12+00:00","mainEntityOfPage":{"@id":"https:\/\/cvinoticias.com\/v3\/se-fabricara-en-la-provincia-el-primer-colectivo-electrico-de-la-argentina\/"},"wordCount":250,"commentCount":0,"publisher":{"@id":"https:\/\/cvinoticias.com\/v3\/#organization"},"image":{"@id":"https:\/\/cvinoticias.com\/v3\/se-fabricara-en-la-provincia-el-primer-colectivo-electrico-de-la-argentina\/#primaryimage"},"thumbnailUrl":"https:\/\/cvinoticias.com\/wp-content\/uploads\/2021\/09\/0000428821.jpg","articleSection":["Informaci\u00f3n General"],"inLanguage":"es","potentialAction":[{"@type":"CommentAction","name":"Comment","target":["https:\/\/cvinoticias.com\/v3\/se-fabricara-en-la-provincia-el-primer-colectivo-electrico-de-la-argentina\/#respond"]}]},{"@type":"WebPage","@id":"https:\/\/cvinoticias.com\/v3\/se-fabricara-en-la-provincia-el-primer-colectivo-electrico-de-la-argentina\/","url":"https:\/\/cvinoticias.com\/v3\/se-fabricara-en-la-provincia-el-primer-colectivo-electrico-de-la-argentina\/","name":"Se fabricar\u00e1 en la Provincia el primer colectivo el\u00e9ctrico de la Argentina | CVI NOTICIAS","isPartOf":{"@id":"https:\/\/cvinoticias.com\/v3\/#website"},"primaryImageOfPage":{"@id":"https:\/\/cvinoticias.com\/v3\/se-fabricara-en-la-provincia-el-primer-colectivo-electrico-de-la-argentina\/#primaryimage"},"image":{"@id":"https:\/\/cvinoticias.com\/v3\/se-fabricara-en-la-provincia-el-primer-colectivo-electrico-de-la-argentina\/#primaryimage"},"thumbnailUrl":"https:\/\/cvinoticias.com\/wp-content\/uploads\/2021\/09\/0000428821.jpg","datePublished":"2021-09-15T11:03:19+00:00","dateModified":"2021-09-15T18:58:12+00:00","breadcrumb":{"@id":"https:\/\/cvinoticias.com\/v3\/se-fabricara-en-la-provincia-el-primer-colectivo-electrico-de-la-argentina\/#breadcrumb"},"inLanguage":"es","potentialAction":[{"@type":"ReadAction","target":["https:\/\/cvinoticias.com\/v3\/se-fabricara-en-la-provincia-el-primer-colectivo-electrico-de-la-argentina\/"]}]},{"@type":"ImageObject","inLanguage":"es","@id":"https:\/\/cvinoticias.com\/v3\/se-fabricara-en-la-provincia-el-primer-colectivo-electrico-de-la-argentina\/#primaryimage","url":"https:\/\/cvinoticias.com\/wp-content\/uploads\/2021\/09\/0000428821.jpg","contentUrl":"https:\/\/cvinoticias.com\/wp-content\/uploads\/2021\/09\/0000428821.jpg","width":1500,"height":870},{"@type":"BreadcrumbList","@id":"https:\/\/cvinoticias.com\/v3\/se-fabricara-en-la-provincia-el-primer-colectivo-electrico-de-la-argentina\/#breadcrumb","itemListElement":[{"@type":"ListItem","position":1,"name":"Portada","item":"https:\/\/cvinoticias.com\/v3\/"},{"@type":"ListItem","position":2,"name":"Se fabricar\u00e1 en la Provincia el primer colectivo el\u00e9ctrico de la Argentina"}]},{"@type":"WebSite","@id":"https:\/\/cvinoticias.com\/v3\/#website","url":"https:\/\/cvinoticias.com\/v3\/","name":"CVI NOTICIAS","description":"","publisher":{"@id":"https:\/\/cvinoticias.com\/v3\/#organization"},"alternateName":"CVI","potentialAction":[{"@type":"SearchAction","target":{"@type":"EntryPoint","urlTemplate":"https:\/\/cvinoticias.com\/v3\/?s={search_term_string}"},"query-input":{"@type":"PropertyValueSpecification","valueRequired":true,"valueName":"search_term_string"}}],"inLanguage":"es"},{"@type":"Organization","@id":"https:\/\/cvinoticias.com\/v3\/#organization","name":"CVI NOTICIAS","url":"https:\/\/cvinoticias.com\/v3\/","logo":{"@type":"ImageObject","inLanguage":"es","@id":"https:\/\/cvinoticias.com\/v3\/#\/schema\/logo\/image\/","url":"https:\/\/cvinoticias.com\/wp-content\/uploads\/2023\/04\/cropped-cropped-cropped-cropped-cropped-3-1.png","contentUrl":"https:\/\/cvinoticias.com\/wp-content\/uploads\/2023\/04\/cropped-cropped-cropped-cropped-cropped-3-1.png","width":95,"height":122,"caption":"CVI NOTICIAS"},"image":{"@id":"https:\/\/cvinoticias.com\/v3\/#\/schema\/logo\/image\/"},"sameAs":["https:\/\/www.facebook.com\/cvinoticias","https:\/\/www.instagram.com\/cvinoticias\/","https:\/\/www.youtube.com\/@CVINOTICIAS"]},{"@type":"Person","@id":"https:\/\/cvinoticias.com\/v3\/#\/schema\/person\/2db77e3c6bc03c538495d7b2b8be9b66","name":"f1000024","image":{"@type":"ImageObject","inLanguage":"es","@id":"https:\/\/secure.gravatar.com\/avatar\/d4fe7459cfc51ff5129ce1a732bbef5928568b8092d412ef95611616376bbeed?s=96&d=mm&r=g","url":"https:\/\/secure.gravatar.com\/avatar\/d4fe7459cfc51ff5129ce1a732bbef5928568b8092d412ef95611616376bbeed?s=96&d=mm&r=g","contentUrl":"https:\/\/secure.gravatar.com\/avatar\/d4fe7459cfc51ff5129ce1a732bbef5928568b8092d412ef95611616376bbeed?s=96&d=mm&r=g","caption":"f1000024"},"url":"https:\/\/cvinoticias.com\/v3\/author\/f1000024\/"}]}},"_links":{"self":[{"href":"https:\/\/cvinoticias.com\/v3\/wp-json\/wp\/v2\/posts\/8521","targetHints":{"allow":["GET"]}}],"collection":[{"href":"https:\/\/cvinoticias.com\/v3\/wp-json\/wp\/v2\/posts"}],"about":[{"href":"https:\/\/cvinoticias.com\/v3\/wp-json\/wp\/v2\/types\/post"}],"author":[{"embeddable":true,"href":"https:\/\/cvinoticias.com\/v3\/wp-json\/wp\/v2\/users\/2"}],"replies":[{"embeddable":true,"href":"https:\/\/cvinoticias.com\/v3\/wp-json\/wp\/v2\/comments?post=8521"}],"version-history":[{"count":2,"href":"https:\/\/cvinoticias.com\/v3\/wp-json\/wp\/v2\/posts\/8521\/revisions"}],"predecessor-version":[{"id":8549,"href":"https:\/\/cvinoticias.com\/v3\/wp-json\/wp\/v2\/posts\/8521\/revisions\/8549"}],"wp:featuredmedia":[{"embeddable":true,"href":"https:\/\/cvinoticias.com\/v3\/wp-json\/wp\/v2\/media\/8522"}],"wp:attachment":[{"href":"https:\/\/cvinoticias.com\/v3\/wp-json\/wp\/v2\/media?parent=8521"}],"wp:term":[{"taxonomy":"category","embeddable":true,"href":"https:\/\/cvinoticias.com\/v3\/wp-json\/wp\/v2\/categories?post=8521"},{"taxonomy":"post_tag","embeddable":true,"href":"https:\/\/cvinoticias.com\/v3\/wp-json\/wp\/v2\/tags?post=8521"}],"curies":[{"name":"wp","href":"https:\/\/api.w.org\/{rel}","templated":true}]}}