{"id":8518,"date":"2021-09-15T05:31:37","date_gmt":"2021-09-15T05:31:37","guid":{"rendered":"https:\/\/cvinoticias.com\/v3\/?p=8518"},"modified":"2021-09-15T05:31:37","modified_gmt":"2021-09-15T05:31:37","slug":"reflexiones-y-evaluacion-de-carlos-rovira-sobre-los-ultimos-comicios-celebrados-en-la-provincia-de-misiones","status":"publish","type":"post","link":"https:\/\/cvinoticias.com\/v3\/reflexiones-y-evaluacion-de-carlos-rovira-sobre-los-ultimos-comicios-celebrados-en-la-provincia-de-misiones\/","title":{"rendered":"Reflexiones y evaluaci\u00f3n de Carlos Rovira sobre los \u00faltimos comicios celebrados en la provincia de Misiones"},"content":{"rendered":"\n<p><strong><em>El Frente Renovador escuch\u00f3 y acatar\u00e1 el mensaje emitido por el pueblo misionero el \u00faltimo domingo en las urnas, como lo ha hecho siempre. Hubo una voz clara que ha manifestado disconformidad con el rumbo del pa\u00eds y ha pedido a los gobernantes que rectifiquen la direcci\u00f3n y que miren mas al interior del pa\u00eds. En eso coincidimos plenamente los misioneros.<\/em><\/strong><\/p>\n\n\n\n<p>El Frente Renovador escuch\u00f3 la voz del pueblo y por eso continuar\u00e1 reclamando la ley de Zona Aduanera Especial, que fue aprobada por el Congreso de la Naci\u00f3n y luego vetada, y que significar\u00e1 generaci\u00f3n de empleo, crecimiento econ\u00f3mico, obras de infraestructura y todo lo que los misioneros necesitan para lograr el desarrollo pleno y su felicidad. Espero que el Presidente nos escuche, corrija su visi\u00f3n y mire a Misiones.<\/p>\n\n\n\n<p>El Gobierno de Misiones no se ha quedado nunca ni se quedar\u00e1 en la queja. Hemos hecho numerosas propuestas y proyectos para mejorar la situaci\u00f3n de nuestra Provincia, pero necesitamos el acompa\u00f1amiento pleno de la Naci\u00f3n.<\/p>\n\n\n\n<p>Ahora nos urgen respuestas y soluciones y en esa tarea est\u00e1 todo el gobierno provincial, encabezado por nuestro gobernador. Ese es el compromiso que tienen todos nuestros candidatos de llevar adelante este reclamo y no quedar solo en la cr\u00edtica, por que tenemos proyectos y los hemos presentado y esa es nuestra militancia por el bien de todos los misioneros.<br><br>Ing. Carlos Eduardo Rovira.<br>Conductor Frente Renovador de la Concordia Misionerista<\/p>\n\n\n\n<p>#PorMisiones<\/p>\n","protected":false},"excerpt":{"rendered":"<p>El Frente Renovador escuch\u00f3 y acatar\u00e1 el mensaje emitido por el pueblo misionero el \u00faltimo domingo en las urnas, como lo ha hecho siempre. Hubo una voz clara que ha manifestado disconformidad con el rumbo del pa\u00eds y ha pedido a los gobernantes que rectifiquen la direcci\u00f3n y que miren mas al interior del pa\u00eds. [&hellip;]<\/p>\n","protected":false},"author":2,"featured_media":8519,"comment_status":"open","ping_status":"open","sticky":false,"template":"","format":"standard","meta":{"footnotes":""},"categories":[42],"tags":[],"class_list":["post-8518","post","type-post","status-publish","format-standard","has-post-thumbnail","hentry","category-politica"],"yoast_head":"<!-- This site is optimized with the Yoast SEO plugin v27.5 - https:\/\/yoast.com\/product\/yoast-seo-wordpress\/ -->\n<title>Reflexiones y evaluaci\u00f3n de Carlos Rovira sobre los \u00faltimos comicios celebrados en la provincia de Misiones | CVI NOTICIAS<\/title>\n<meta name=\"robots\" content=\"index, follow, max-snippet:-1, max-image-preview:large, max-video-preview:-1\" \/>\n<link rel=\"canonical\" href=\"https:\/\/cvinoticias.com\/v3\/reflexiones-y-evaluacion-de-carlos-rovira-sobre-los-ultimos-comicios-celebrados-en-la-provincia-de-misiones\/\" \/>\n<meta property=\"og:locale\" content=\"es_ES\" \/>\n<meta property=\"og:type\" content=\"article\" \/>\n<meta property=\"og:title\" content=\"Reflexiones y evaluaci\u00f3n de Carlos Rovira sobre los \u00faltimos comicios celebrados en la provincia de Misiones | CVI NOTICIAS\" \/>\n<meta property=\"og:description\" content=\"El Frente Renovador escuch\u00f3 y acatar\u00e1 el mensaje emitido por el pueblo misionero el \u00faltimo domingo en las urnas, como lo ha hecho siempre. Hubo una voz clara que ha manifestado disconformidad con el rumbo del pa\u00eds y ha pedido a los gobernantes que rectifiquen la direcci\u00f3n y que miren mas al interior del pa\u00eds. [&hellip;]\" \/>\n<meta property=\"og:url\" content=\"https:\/\/cvinoticias.com\/v3\/reflexiones-y-evaluacion-de-carlos-rovira-sobre-los-ultimos-comicios-celebrados-en-la-provincia-de-misiones\/\" \/>\n<meta property=\"og:site_name\" content=\"CVI NOTICIAS\" \/>\n<meta property=\"article:publisher\" content=\"https:\/\/www.facebook.com\/cvinoticias\" \/>\n<meta property=\"article:published_time\" content=\"2021-09-15T05:31:37+00:00\" \/>\n<meta property=\"og:image\" content=\"https:\/\/cvinoticias.com\/wp-content\/uploads\/2021\/09\/FB_IMG_1631683646404.jpg\" \/>\n\t<meta property=\"og:image:width\" content=\"1079\" \/>\n\t<meta property=\"og:image:height\" content=\"720\" \/>\n\t<meta property=\"og:image:type\" content=\"image\/jpeg\" \/>\n<meta name=\"author\" content=\"f1000024\" \/>\n<meta name=\"twitter:card\" content=\"summary_large_image\" \/>\n<meta name=\"twitter:label1\" content=\"Escrito por\" \/>\n\t<meta name=\"twitter:data1\" content=\"f1000024\" \/>\n\t<meta name=\"twitter:label2\" content=\"Tiempo de lectura\" \/>\n\t<meta name=\"twitter:data2\" content=\"1 minuto\" \/>\n<script type=\"application\/ld+json\" class=\"yoast-schema-graph\">{\"@context\":\"https:\\\/\\\/schema.org\",\"@graph\":[{\"@type\":\"Article\",\"@id\":\"https:\\\/\\\/cvinoticias.com\\\/v3\\\/reflexiones-y-evaluacion-de-carlos-rovira-sobre-los-ultimos-comicios-celebrados-en-la-provincia-de-misiones\\\/#article\",\"isPartOf\":{\"@id\":\"https:\\\/\\\/cvinoticias.com\\\/v3\\\/reflexiones-y-evaluacion-de-carlos-rovira-sobre-los-ultimos-comicios-celebrados-en-la-provincia-de-misiones\\\/\"},\"author\":{\"name\":\"f1000024\",\"@id\":\"https:\\\/\\\/cvinoticias.com\\\/v3\\\/#\\\/schema\\\/person\\\/2db77e3c6bc03c538495d7b2b8be9b66\"},\"headline\":\"Reflexiones y evaluaci\u00f3n de Carlos Rovira sobre los \u00faltimos comicios celebrados en la provincia de Misiones\",\"datePublished\":\"2021-09-15T05:31:37+00:00\",\"mainEntityOfPage\":{\"@id\":\"https:\\\/\\\/cvinoticias.com\\\/v3\\\/reflexiones-y-evaluacion-de-carlos-rovira-sobre-los-ultimos-comicios-celebrados-en-la-provincia-de-misiones\\\/\"},\"wordCount\":267,\"commentCount\":0,\"publisher\":{\"@id\":\"https:\\\/\\\/cvinoticias.com\\\/v3\\\/#organization\"},\"image\":{\"@id\":\"https:\\\/\\\/cvinoticias.com\\\/v3\\\/reflexiones-y-evaluacion-de-carlos-rovira-sobre-los-ultimos-comicios-celebrados-en-la-provincia-de-misiones\\\/#primaryimage\"},\"thumbnailUrl\":\"https:\\\/\\\/cvinoticias.com\\\/wp-content\\\/uploads\\\/2021\\\/09\\\/FB_IMG_1631683646404.jpg\",\"articleSection\":[\"Politica\"],\"inLanguage\":\"es\",\"potentialAction\":[{\"@type\":\"CommentAction\",\"name\":\"Comment\",\"target\":[\"https:\\\/\\\/cvinoticias.com\\\/v3\\\/reflexiones-y-evaluacion-de-carlos-rovira-sobre-los-ultimos-comicios-celebrados-en-la-provincia-de-misiones\\\/#respond\"]}]},{\"@type\":\"WebPage\",\"@id\":\"https:\\\/\\\/cvinoticias.com\\\/v3\\\/reflexiones-y-evaluacion-de-carlos-rovira-sobre-los-ultimos-comicios-celebrados-en-la-provincia-de-misiones\\\/\",\"url\":\"https:\\\/\\\/cvinoticias.com\\\/v3\\\/reflexiones-y-evaluacion-de-carlos-rovira-sobre-los-ultimos-comicios-celebrados-en-la-provincia-de-misiones\\\/\",\"name\":\"Reflexiones y evaluaci\u00f3n de Carlos Rovira sobre los \u00faltimos comicios celebrados en la provincia de Misiones | CVI NOTICIAS\",\"isPartOf\":{\"@id\":\"https:\\\/\\\/cvinoticias.com\\\/v3\\\/#website\"},\"primaryImageOfPage\":{\"@id\":\"https:\\\/\\\/cvinoticias.com\\\/v3\\\/reflexiones-y-evaluacion-de-carlos-rovira-sobre-los-ultimos-comicios-celebrados-en-la-provincia-de-misiones\\\/#primaryimage\"},\"image\":{\"@id\":\"https:\\\/\\\/cvinoticias.com\\\/v3\\\/reflexiones-y-evaluacion-de-carlos-rovira-sobre-los-ultimos-comicios-celebrados-en-la-provincia-de-misiones\\\/#primaryimage\"},\"thumbnailUrl\":\"https:\\\/\\\/cvinoticias.com\\\/wp-content\\\/uploads\\\/2021\\\/09\\\/FB_IMG_1631683646404.jpg\",\"datePublished\":\"2021-09-15T05:31:37+00:00\",\"breadcrumb\":{\"@id\":\"https:\\\/\\\/cvinoticias.com\\\/v3\\\/reflexiones-y-evaluacion-de-carlos-rovira-sobre-los-ultimos-comicios-celebrados-en-la-provincia-de-misiones\\\/#breadcrumb\"},\"inLanguage\":\"es\",\"potentialAction\":[{\"@type\":\"ReadAction\",\"target\":[\"https:\\\/\\\/cvinoticias.com\\\/v3\\\/reflexiones-y-evaluacion-de-carlos-rovira-sobre-los-ultimos-comicios-celebrados-en-la-provincia-de-misiones\\\/\"]}]},{\"@type\":\"ImageObject\",\"inLanguage\":\"es\",\"@id\":\"https:\\\/\\\/cvinoticias.com\\\/v3\\\/reflexiones-y-evaluacion-de-carlos-rovira-sobre-los-ultimos-comicios-celebrados-en-la-provincia-de-misiones\\\/#primaryimage\",\"url\":\"https:\\\/\\\/cvinoticias.com\\\/wp-content\\\/uploads\\\/2021\\\/09\\\/FB_IMG_1631683646404.jpg\",\"contentUrl\":\"https:\\\/\\\/cvinoticias.com\\\/wp-content\\\/uploads\\\/2021\\\/09\\\/FB_IMG_1631683646404.jpg\",\"width\":1079,\"height\":720},{\"@type\":\"BreadcrumbList\",\"@id\":\"https:\\\/\\\/cvinoticias.com\\\/v3\\\/reflexiones-y-evaluacion-de-carlos-rovira-sobre-los-ultimos-comicios-celebrados-en-la-provincia-de-misiones\\\/#breadcrumb\",\"itemListElement\":[{\"@type\":\"ListItem\",\"position\":1,\"name\":\"Portada\",\"item\":\"https:\\\/\\\/cvinoticias.com\\\/v3\\\/\"},{\"@type\":\"ListItem\",\"position\":2,\"name\":\"Reflexiones y evaluaci\u00f3n de Carlos Rovira sobre los \u00faltimos comicios celebrados en la provincia de Misiones\"}]},{\"@type\":\"WebSite\",\"@id\":\"https:\\\/\\\/cvinoticias.com\\\/v3\\\/#website\",\"url\":\"https:\\\/\\\/cvinoticias.com\\\/v3\\\/\",\"name\":\"CVI NOTICIAS\",\"description\":\"\",\"publisher\":{\"@id\":\"https:\\\/\\\/cvinoticias.com\\\/v3\\\/#organization\"},\"alternateName\":\"CVI\",\"potentialAction\":[{\"@type\":\"SearchAction\",\"target\":{\"@type\":\"EntryPoint\",\"urlTemplate\":\"https:\\\/\\\/cvinoticias.com\\\/v3\\\/?s={search_term_string}\"},\"query-input\":{\"@type\":\"PropertyValueSpecification\",\"valueRequired\":true,\"valueName\":\"search_term_string\"}}],\"inLanguage\":\"es\"},{\"@type\":\"Organization\",\"@id\":\"https:\\\/\\\/cvinoticias.com\\\/v3\\\/#organization\",\"name\":\"CVI NOTICIAS\",\"url\":\"https:\\\/\\\/cvinoticias.com\\\/v3\\\/\",\"logo\":{\"@type\":\"ImageObject\",\"inLanguage\":\"es\",\"@id\":\"https:\\\/\\\/cvinoticias.com\\\/v3\\\/#\\\/schema\\\/logo\\\/image\\\/\",\"url\":\"https:\\\/\\\/cvinoticias.com\\\/wp-content\\\/uploads\\\/2023\\\/04\\\/cropped-cropped-cropped-cropped-cropped-3-1.png\",\"contentUrl\":\"https:\\\/\\\/cvinoticias.com\\\/wp-content\\\/uploads\\\/2023\\\/04\\\/cropped-cropped-cropped-cropped-cropped-3-1.png\",\"width\":95,\"height\":122,\"caption\":\"CVI NOTICIAS\"},\"image\":{\"@id\":\"https:\\\/\\\/cvinoticias.com\\\/v3\\\/#\\\/schema\\\/logo\\\/image\\\/\"},\"sameAs\":[\"https:\\\/\\\/www.facebook.com\\\/cvinoticias\",\"https:\\\/\\\/www.instagram.com\\\/cvinoticias\\\/\",\"https:\\\/\\\/www.youtube.com\\\/@CVINOTICIAS\"]},{\"@type\":\"Person\",\"@id\":\"https:\\\/\\\/cvinoticias.com\\\/v3\\\/#\\\/schema\\\/person\\\/2db77e3c6bc03c538495d7b2b8be9b66\",\"name\":\"f1000024\",\"image\":{\"@type\":\"ImageObject\",\"inLanguage\":\"es\",\"@id\":\"https:\\\/\\\/secure.gravatar.com\\\/avatar\\\/d4fe7459cfc51ff5129ce1a732bbef5928568b8092d412ef95611616376bbeed?s=96&d=mm&r=g\",\"url\":\"https:\\\/\\\/secure.gravatar.com\\\/avatar\\\/d4fe7459cfc51ff5129ce1a732bbef5928568b8092d412ef95611616376bbeed?s=96&d=mm&r=g\",\"contentUrl\":\"https:\\\/\\\/secure.gravatar.com\\\/avatar\\\/d4fe7459cfc51ff5129ce1a732bbef5928568b8092d412ef95611616376bbeed?s=96&d=mm&r=g\",\"caption\":\"f1000024\"},\"url\":\"https:\\\/\\\/cvinoticias.com\\\/v3\\\/author\\\/f1000024\\\/\"}]}<\/script>\n<!-- \/ Yoast SEO plugin. -->","yoast_head_json":{"title":"Reflexiones y evaluaci\u00f3n de Carlos Rovira sobre los \u00faltimos comicios celebrados en la provincia de Misiones | CVI NOTICIAS","robots":{"index":"index","follow":"follow","max-snippet":"max-snippet:-1","max-image-preview":"max-image-preview:large","max-video-preview":"max-video-preview:-1"},"canonical":"https:\/\/cvinoticias.com\/v3\/reflexiones-y-evaluacion-de-carlos-rovira-sobre-los-ultimos-comicios-celebrados-en-la-provincia-de-misiones\/","og_locale":"es_ES","og_type":"article","og_title":"Reflexiones y evaluaci\u00f3n de Carlos Rovira sobre los \u00faltimos comicios celebrados en la provincia de Misiones | CVI NOTICIAS","og_description":"El Frente Renovador escuch\u00f3 y acatar\u00e1 el mensaje emitido por el pueblo misionero el \u00faltimo domingo en las urnas, como lo ha hecho siempre. Hubo una voz clara que ha manifestado disconformidad con el rumbo del pa\u00eds y ha pedido a los gobernantes que rectifiquen la direcci\u00f3n y que miren mas al interior del pa\u00eds. [&hellip;]","og_url":"https:\/\/cvinoticias.com\/v3\/reflexiones-y-evaluacion-de-carlos-rovira-sobre-los-ultimos-comicios-celebrados-en-la-provincia-de-misiones\/","og_site_name":"CVI NOTICIAS","article_publisher":"https:\/\/www.facebook.com\/cvinoticias","article_published_time":"2021-09-15T05:31:37+00:00","og_image":[{"width":1079,"height":720,"url":"https:\/\/cvinoticias.com\/wp-content\/uploads\/2021\/09\/FB_IMG_1631683646404.jpg","type":"image\/jpeg"}],"author":"f1000024","twitter_card":"summary_large_image","twitter_misc":{"Escrito por":"f1000024","Tiempo de lectura":"1 minuto"},"schema":{"@context":"https:\/\/schema.org","@graph":[{"@type":"Article","@id":"https:\/\/cvinoticias.com\/v3\/reflexiones-y-evaluacion-de-carlos-rovira-sobre-los-ultimos-comicios-celebrados-en-la-provincia-de-misiones\/#article","isPartOf":{"@id":"https:\/\/cvinoticias.com\/v3\/reflexiones-y-evaluacion-de-carlos-rovira-sobre-los-ultimos-comicios-celebrados-en-la-provincia-de-misiones\/"},"author":{"name":"f1000024","@id":"https:\/\/cvinoticias.com\/v3\/#\/schema\/person\/2db77e3c6bc03c538495d7b2b8be9b66"},"headline":"Reflexiones y evaluaci\u00f3n de Carlos Rovira sobre los \u00faltimos comicios celebrados en la provincia de Misiones","datePublished":"2021-09-15T05:31:37+00:00","mainEntityOfPage":{"@id":"https:\/\/cvinoticias.com\/v3\/reflexiones-y-evaluacion-de-carlos-rovira-sobre-los-ultimos-comicios-celebrados-en-la-provincia-de-misiones\/"},"wordCount":267,"commentCount":0,"publisher":{"@id":"https:\/\/cvinoticias.com\/v3\/#organization"},"image":{"@id":"https:\/\/cvinoticias.com\/v3\/reflexiones-y-evaluacion-de-carlos-rovira-sobre-los-ultimos-comicios-celebrados-en-la-provincia-de-misiones\/#primaryimage"},"thumbnailUrl":"https:\/\/cvinoticias.com\/wp-content\/uploads\/2021\/09\/FB_IMG_1631683646404.jpg","articleSection":["Politica"],"inLanguage":"es","potentialAction":[{"@type":"CommentAction","name":"Comment","target":["https:\/\/cvinoticias.com\/v3\/reflexiones-y-evaluacion-de-carlos-rovira-sobre-los-ultimos-comicios-celebrados-en-la-provincia-de-misiones\/#respond"]}]},{"@type":"WebPage","@id":"https:\/\/cvinoticias.com\/v3\/reflexiones-y-evaluacion-de-carlos-rovira-sobre-los-ultimos-comicios-celebrados-en-la-provincia-de-misiones\/","url":"https:\/\/cvinoticias.com\/v3\/reflexiones-y-evaluacion-de-carlos-rovira-sobre-los-ultimos-comicios-celebrados-en-la-provincia-de-misiones\/","name":"Reflexiones y evaluaci\u00f3n de Carlos Rovira sobre los \u00faltimos comicios celebrados en la provincia de Misiones | CVI NOTICIAS","isPartOf":{"@id":"https:\/\/cvinoticias.com\/v3\/#website"},"primaryImageOfPage":{"@id":"https:\/\/cvinoticias.com\/v3\/reflexiones-y-evaluacion-de-carlos-rovira-sobre-los-ultimos-comicios-celebrados-en-la-provincia-de-misiones\/#primaryimage"},"image":{"@id":"https:\/\/cvinoticias.com\/v3\/reflexiones-y-evaluacion-de-carlos-rovira-sobre-los-ultimos-comicios-celebrados-en-la-provincia-de-misiones\/#primaryimage"},"thumbnailUrl":"https:\/\/cvinoticias.com\/wp-content\/uploads\/2021\/09\/FB_IMG_1631683646404.jpg","datePublished":"2021-09-15T05:31:37+00:00","breadcrumb":{"@id":"https:\/\/cvinoticias.com\/v3\/reflexiones-y-evaluacion-de-carlos-rovira-sobre-los-ultimos-comicios-celebrados-en-la-provincia-de-misiones\/#breadcrumb"},"inLanguage":"es","potentialAction":[{"@type":"ReadAction","target":["https:\/\/cvinoticias.com\/v3\/reflexiones-y-evaluacion-de-carlos-rovira-sobre-los-ultimos-comicios-celebrados-en-la-provincia-de-misiones\/"]}]},{"@type":"ImageObject","inLanguage":"es","@id":"https:\/\/cvinoticias.com\/v3\/reflexiones-y-evaluacion-de-carlos-rovira-sobre-los-ultimos-comicios-celebrados-en-la-provincia-de-misiones\/#primaryimage","url":"https:\/\/cvinoticias.com\/wp-content\/uploads\/2021\/09\/FB_IMG_1631683646404.jpg","contentUrl":"https:\/\/cvinoticias.com\/wp-content\/uploads\/2021\/09\/FB_IMG_1631683646404.jpg","width":1079,"height":720},{"@type":"BreadcrumbList","@id":"https:\/\/cvinoticias.com\/v3\/reflexiones-y-evaluacion-de-carlos-rovira-sobre-los-ultimos-comicios-celebrados-en-la-provincia-de-misiones\/#breadcrumb","itemListElement":[{"@type":"ListItem","position":1,"name":"Portada","item":"https:\/\/cvinoticias.com\/v3\/"},{"@type":"ListItem","position":2,"name":"Reflexiones y evaluaci\u00f3n de Carlos Rovira sobre los \u00faltimos comicios celebrados en la provincia de Misiones"}]},{"@type":"WebSite","@id":"https:\/\/cvinoticias.com\/v3\/#website","url":"https:\/\/cvinoticias.com\/v3\/","name":"CVI NOTICIAS","description":"","publisher":{"@id":"https:\/\/cvinoticias.com\/v3\/#organization"},"alternateName":"CVI","potentialAction":[{"@type":"SearchAction","target":{"@type":"EntryPoint","urlTemplate":"https:\/\/cvinoticias.com\/v3\/?s={search_term_string}"},"query-input":{"@type":"PropertyValueSpecification","valueRequired":true,"valueName":"search_term_string"}}],"inLanguage":"es"},{"@type":"Organization","@id":"https:\/\/cvinoticias.com\/v3\/#organization","name":"CVI NOTICIAS","url":"https:\/\/cvinoticias.com\/v3\/","logo":{"@type":"ImageObject","inLanguage":"es","@id":"https:\/\/cvinoticias.com\/v3\/#\/schema\/logo\/image\/","url":"https:\/\/cvinoticias.com\/wp-content\/uploads\/2023\/04\/cropped-cropped-cropped-cropped-cropped-3-1.png","contentUrl":"https:\/\/cvinoticias.com\/wp-content\/uploads\/2023\/04\/cropped-cropped-cropped-cropped-cropped-3-1.png","width":95,"height":122,"caption":"CVI NOTICIAS"},"image":{"@id":"https:\/\/cvinoticias.com\/v3\/#\/schema\/logo\/image\/"},"sameAs":["https:\/\/www.facebook.com\/cvinoticias","https:\/\/www.instagram.com\/cvinoticias\/","https:\/\/www.youtube.com\/@CVINOTICIAS"]},{"@type":"Person","@id":"https:\/\/cvinoticias.com\/v3\/#\/schema\/person\/2db77e3c6bc03c538495d7b2b8be9b66","name":"f1000024","image":{"@type":"ImageObject","inLanguage":"es","@id":"https:\/\/secure.gravatar.com\/avatar\/d4fe7459cfc51ff5129ce1a732bbef5928568b8092d412ef95611616376bbeed?s=96&d=mm&r=g","url":"https:\/\/secure.gravatar.com\/avatar\/d4fe7459cfc51ff5129ce1a732bbef5928568b8092d412ef95611616376bbeed?s=96&d=mm&r=g","contentUrl":"https:\/\/secure.gravatar.com\/avatar\/d4fe7459cfc51ff5129ce1a732bbef5928568b8092d412ef95611616376bbeed?s=96&d=mm&r=g","caption":"f1000024"},"url":"https:\/\/cvinoticias.com\/v3\/author\/f1000024\/"}]}},"_links":{"self":[{"href":"https:\/\/cvinoticias.com\/v3\/wp-json\/wp\/v2\/posts\/8518","targetHints":{"allow":["GET"]}}],"collection":[{"href":"https:\/\/cvinoticias.com\/v3\/wp-json\/wp\/v2\/posts"}],"about":[{"href":"https:\/\/cvinoticias.com\/v3\/wp-json\/wp\/v2\/types\/post"}],"author":[{"embeddable":true,"href":"https:\/\/cvinoticias.com\/v3\/wp-json\/wp\/v2\/users\/2"}],"replies":[{"embeddable":true,"href":"https:\/\/cvinoticias.com\/v3\/wp-json\/wp\/v2\/comments?post=8518"}],"version-history":[{"count":1,"href":"https:\/\/cvinoticias.com\/v3\/wp-json\/wp\/v2\/posts\/8518\/revisions"}],"predecessor-version":[{"id":8520,"href":"https:\/\/cvinoticias.com\/v3\/wp-json\/wp\/v2\/posts\/8518\/revisions\/8520"}],"wp:featuredmedia":[{"embeddable":true,"href":"https:\/\/cvinoticias.com\/v3\/wp-json\/wp\/v2\/media\/8519"}],"wp:attachment":[{"href":"https:\/\/cvinoticias.com\/v3\/wp-json\/wp\/v2\/media?parent=8518"}],"wp:term":[{"taxonomy":"category","embeddable":true,"href":"https:\/\/cvinoticias.com\/v3\/wp-json\/wp\/v2\/categories?post=8518"},{"taxonomy":"post_tag","embeddable":true,"href":"https:\/\/cvinoticias.com\/v3\/wp-json\/wp\/v2\/tags?post=8518"}],"curies":[{"name":"wp","href":"https:\/\/api.w.org\/{rel}","templated":true}]}}