{"id":8507,"date":"2021-09-14T23:12:01","date_gmt":"2021-09-14T23:12:01","guid":{"rendered":"https:\/\/cvinoticias.com\/v3\/?p=8507"},"modified":"2021-09-14T23:12:01","modified_gmt":"2021-09-14T23:12:01","slug":"el-gobernador-presento-dos-eventos-deportivos-a-realizarse-en-misiones","status":"publish","type":"post","link":"https:\/\/cvinoticias.com\/v3\/el-gobernador-presento-dos-eventos-deportivos-a-realizarse-en-misiones\/","title":{"rendered":"El Gobernador present\u00f3 dos eventos deportivos a realizarse en Misiones"},"content":{"rendered":"\n<p><strong><em>Tras el \u00e9xito del paso del TC por la tierra colorada, la Provincia avanza con nuevos espect\u00e1culos deportivos. Esta tarde, en Sala de Situaci\u00f3n de Casa de Gobierno, el Gobernador encabez\u00f3 el lanzamiento de dos actividades deportivas, una velada box\u00edstica en Posadas y el Campeonato Nacional de Pat\u00edn Art\u00edstico que se realizar\u00e1 en Puerto Iguaz\u00fa.<\/em><\/strong><\/p>\n\n\n\n<p>Esta tarde, en videoconferencias, el gobernador Oscar Herrera Ahuad anunci\u00f3 el lanzamiento de una Velada Box\u00edstica en Posadas y del Campeonato Nacional de Pat\u00edn Art\u00edstico a realizarse en Puerto Iguaz\u00fa. Junto a representantes de los dos deportes, comparti\u00f3 la expectativa que generan estas actividades entre los aficionados y en otros deportes federados en esta vuelta a las competencias nacionales.<\/p>\n\n\n\n<p>En primer lugar, se anunci\u00f3 la noche pugilista, tom\u00f3 la palabra el gobernador Herrera Ahuad para destacar la trayectoria y la pr\u00f3xima participaci\u00f3n de los boxeadores Alejandro Silva y Y\u00e9sica Bopp en el evento y que lo secundaron en el anuncio. \u201cEs un esfuerzo muy importante por parte de los promotores de boxeo, de las empresas que trabajan, nosotros acompa\u00f1amos con el intendente municipal y desde el Gobierno provincial hacemos un peque\u00f1o aporte para que los misioneros puedan tener esta velada tan importante, incluso que se pueda ver en la Argentina y en el resto del mundo\u201d, expres\u00f3. Al mismo tiempo, agradeci\u00f3 a las carteras de Turismo y Deporte por la gesti\u00f3n \u201cpara que esto sea realmente una fiesta del boxeo en nuestra provincia, retomando todas las actividades deportivas y culturales\u201d.<\/p>\n\n\n\n<figure class=\"wp-block-image size-large is-resized\"><a href=\"https:\/\/cvinoticias.com\/wp-content\/uploads\/2021\/09\/FB_IMG_1631660555610.jpg\"><img decoding=\"async\" data-src=\"https:\/\/cvinoticias.com\/wp-content\/uploads\/2021\/09\/FB_IMG_1631660555610-1024x683.jpg\" alt=\"\" class=\"wp-image-8509 lazyload\" width=\"683\" height=\"455\" data-srcset=\"https:\/\/cvinoticias.com\/wp-content\/uploads\/2021\/09\/FB_IMG_1631660555610-1024x683.jpg 1024w, https:\/\/cvinoticias.com\/wp-content\/uploads\/2021\/09\/FB_IMG_1631660555610-300x200.jpg 300w, https:\/\/cvinoticias.com\/wp-content\/uploads\/2021\/09\/FB_IMG_1631660555610-768x512.jpg 768w, https:\/\/cvinoticias.com\/wp-content\/uploads\/2021\/09\/FB_IMG_1631660555610.jpg 1080w\" data-sizes=\"(max-width: 683px) 100vw, 683px\" src=\"data:image\/svg+xml;base64,PHN2ZyB3aWR0aD0iMSIgaGVpZ2h0PSIxIiB4bWxucz0iaHR0cDovL3d3dy53My5vcmcvMjAwMC9zdmciPjwvc3ZnPg==\" style=\"--smush-placeholder-width: 683px; --smush-placeholder-aspect-ratio: 683\/455;\" \/><\/a><\/figure>\n\n\n\n<p>El mandatario aclar\u00f3 que el evento va en consonancia con el \u00e9xito del Turismo Carretera y otras competencias deportivas y que \u201cas\u00ed seguir\u00e1n, semana tras semana, diferentes actividades sociales y culturales que son muy importantes en este tiempo de muchas esperanzas\u201d. Todo enfocado \u201cen que la sociedad vuelva a disfrutar de espect\u00e1culos de estas caracter\u00edsticas\u201d.<\/p>\n\n\n\n<p>A su turno, el intendente Leonardo Stelatto afirm\u00f3 que \u201ces un honor iniciar estas veladas box\u00edsticas en el CePARD donde desde el municipio acompa\u00f1amos en todas las actividades que se van realizando principalmente en la faceta deportiva\u201d y hablo de la importancia que adquieren para que todos los chicos se acerquen a estos deportes. \u201cCreo y creemos que a trav\u00e9s de estos apoyos que podemos brindar, trabajando en equipo el Gobierno de la Provincia y el municipio, podemos lograr buenos resultados\u201d, puntualiz\u00f3 el alcalde.<\/p>\n\n\n\n<p>Por su parte, el ministro de Turismo, Jos\u00e9 Mar\u00eda Arr\u00faa, se\u00f1al\u00f3 que esta actividad \u201ctiene un componente desde la promoci\u00f3n, porque vamos a estar en la vidriera nacional de un canal muy pero muy visto c\u00f3mo TyC Sports que va a tener justamente m\u00e1s de dos horas de transmisi\u00f3n desde Posadas con promoci\u00f3n de turismo de la provincia\u201d.<\/p>\n\n\n\n<p>Durante el lanzamiento se entregaron presentes a los p\u00fagiles Alejandro Silva y Y\u00e9sica Bopp. Entre los asistentes estuvieron adem\u00e1s el ministro de Deportes H\u00e9ctor Corti, y el diputado nacional, Ricardo Wellbach.<\/p>\n\n\n\n<p>NOCHE DE BOXEO EN LA TIERRA COLORADA<\/p>\n\n\n\n<p>La Velada Box\u00edstica que se present\u00f3 tendr\u00e1 lugar el viernes 17 de septiembre en el Centro Provincial de Alto Rendimiento Deportivo (CePARD). Est\u00e1 previsto que en la oportunidad se dispute un encuentro principal entre el campe\u00f3n argentino Super Welter, el misionero Alejandro Silva vs. Maico Sommariva. Por otra parte, el pesaje se efectuar\u00e1 en el Monumento a Andresito de Posadas el jueves a las 16:30.<\/p>\n\n\n\n<figure class=\"wp-block-image size-large\"><a href=\"https:\/\/cvinoticias.com\/wp-content\/uploads\/2021\/09\/FB_IMG_1631660573425.jpg\"><img decoding=\"async\" width=\"1024\" height=\"683\" data-src=\"https:\/\/cvinoticias.com\/wp-content\/uploads\/2021\/09\/FB_IMG_1631660573425-1024x683.jpg\" alt=\"\" class=\"wp-image-8508 lazyload\" data-srcset=\"https:\/\/cvinoticias.com\/wp-content\/uploads\/2021\/09\/FB_IMG_1631660573425-1024x683.jpg 1024w, https:\/\/cvinoticias.com\/wp-content\/uploads\/2021\/09\/FB_IMG_1631660573425-300x200.jpg 300w, https:\/\/cvinoticias.com\/wp-content\/uploads\/2021\/09\/FB_IMG_1631660573425-768x512.jpg 768w, https:\/\/cvinoticias.com\/wp-content\/uploads\/2021\/09\/FB_IMG_1631660573425.jpg 1080w\" data-sizes=\"(max-width: 1024px) 100vw, 1024px\" src=\"data:image\/svg+xml;base64,PHN2ZyB3aWR0aD0iMSIgaGVpZ2h0PSIxIiB4bWxucz0iaHR0cDovL3d3dy53My5vcmcvMjAwMC9zdmciPjwvc3ZnPg==\" style=\"--smush-placeholder-width: 1024px; --smush-placeholder-aspect-ratio: 1024\/683;\" \/><\/a><\/figure>\n\n\n\n<p>Adem\u00e1s, se disputar\u00e1n durante la velada otros combates profesionales entre los que ya se confirmaron los de Wilson S\u00e1nchez vs. Gabriel D\u00edaz y el de Yesica Bopp vs. Juliana Basualdo. A esto, se suman los enfrentamientos entre Neri Mu\u00f1oz vs Agust\u00edn Vergara y el de los locales Guillermo Rub\u00e9n Andino vs Cr\u00edspulo Javier Andino.<\/p>\n\n\n\n<p>Cabe destacar que el acontecimiento ser\u00e1 televisado por el canal deportivo TyC Sports, en su ciclo \u00abBoxeo de Primera\u00bb, que arrancar\u00e1 por TV a las 21hs y por streaming, a trav\u00e9s de TyC Sports Play, a las 19:30 con las preliminares. De manera presencial, como invitados especiales, podr\u00e1n asistir ni\u00f1os y j\u00f3venes deportistas de las distintas escuelas de boxeo de la provincia de Misiones, respetando los protocolos de bioseguridad establecidos por las autoridades sanitarias.<\/p>\n\n\n\n<p>EL CAMPEONATO NACIONAL DE PAT\u00cdN ART\u00cdSTICO \u2013 DIVISIONAL B<\/p>\n\n\n\n<p>Minutos m\u00e1s tarde, autoridades provinciales ofrecieron detalles de la competencia de patinaje a realizarse en Puerto Iguaz\u00fa a finales de octubre. En la oportunidad, el presidente de la Federaci\u00f3n Misionera de Patinaje (FeMiPat) Sergio Raimondi anunci\u00f3 la participaci\u00f3n de m\u00e1s 1500 patinadores de diversos puntos del pa\u00eds y de aproximadamente 60 misioneros. Asimismo, agradeci\u00f3 las gestiones del Gobierno provincial, al municipio anfitri\u00f3n y de organismos afines por hacer posible la realizaci\u00f3n de la competencia.<\/p>\n\n\n\n<p>Adem\u00e1s, tanto el ministro de Turismo Jos\u00e9 Mar\u00eda Arr\u00faa como el ministro de Deportes H\u00e9ctor Javier Corti coincidieron en que el certamen deportivo generar\u00e1 un gran movimiento econ\u00f3mico y tur\u00edstico con generaci\u00f3n de empleo y divisas, al mismo tiempo que dar\u00e1 oportunidad a los visitantes de conocer la oferta tur\u00edstica de Puerto Iguaz\u00fa.<\/p>\n\n\n\n<p>LOS DETALLES DE LA COMPETENCIA DE PAT\u00cdN<\/p>\n\n\n\n<p>La competencia de patinaje art\u00edstico se llevar\u00e1 a cabo en el Polideportivo Municipal de Puerto Iguaz\u00fa. Las modalidades de patinaje que competir\u00e1n son Libre y Figura Obligatoria en las categor\u00edas Infantiles, Cadetes, Junior, Juveniles y Senior. Se espera la presencia de m\u00e1s de 1500 patinadores, damas y caballeros de 8 a 16 a\u00f1os y m\u00e1s. El evento est\u00e1 organizado por la Confederaci\u00f3n Argentina de Patinaje y la FeMiPat.<\/p>\n\n\n\n<p>La competencia para esta categor\u00eda se da luego de que los patinadores de la divisi\u00f3n A disputaran en San Juan, entre el 4 y el 7 de septiembre, el Campeonato Nacional de Patinaje Art\u00edstico espec\u00edfico de su nivel.<\/p>\n\n\n\n<figure class=\"wp-block-image size-large\"><a href=\"https:\/\/cvinoticias.com\/wp-content\/uploads\/2021\/09\/FB_IMG_1631660570540.jpg\"><img decoding=\"async\" width=\"1024\" height=\"683\" data-src=\"https:\/\/cvinoticias.com\/wp-content\/uploads\/2021\/09\/FB_IMG_1631660570540-1024x683.jpg\" alt=\"\" class=\"wp-image-8510 lazyload\" data-srcset=\"https:\/\/cvinoticias.com\/wp-content\/uploads\/2021\/09\/FB_IMG_1631660570540-1024x683.jpg 1024w, https:\/\/cvinoticias.com\/wp-content\/uploads\/2021\/09\/FB_IMG_1631660570540-300x200.jpg 300w, https:\/\/cvinoticias.com\/wp-content\/uploads\/2021\/09\/FB_IMG_1631660570540-768x512.jpg 768w, https:\/\/cvinoticias.com\/wp-content\/uploads\/2021\/09\/FB_IMG_1631660570540.jpg 1080w\" data-sizes=\"(max-width: 1024px) 100vw, 1024px\" src=\"data:image\/svg+xml;base64,PHN2ZyB3aWR0aD0iMSIgaGVpZ2h0PSIxIiB4bWxucz0iaHR0cDovL3d3dy53My5vcmcvMjAwMC9zdmciPjwvc3ZnPg==\" style=\"--smush-placeholder-width: 1024px; --smush-placeholder-aspect-ratio: 1024\/683;\" \/><\/a><\/figure>\n","protected":false},"excerpt":{"rendered":"<p>Tras el \u00e9xito del paso del TC por la tierra colorada, la Provincia avanza con nuevos espect\u00e1culos deportivos. Esta tarde, en Sala de Situaci\u00f3n de Casa de Gobierno, el Gobernador encabez\u00f3 el lanzamiento de dos actividades deportivas, una velada box\u00edstica en Posadas y el Campeonato Nacional de Pat\u00edn Art\u00edstico que se realizar\u00e1 en Puerto Iguaz\u00fa. [&hellip;]<\/p>\n","protected":false},"author":2,"featured_media":8511,"comment_status":"open","ping_status":"open","sticky":false,"template":"","format":"standard","meta":{"footnotes":""},"categories":[35],"tags":[],"class_list":["post-8507","post","type-post","status-publish","format-standard","has-post-thumbnail","hentry","category-informacion-general"],"yoast_head":"<!-- This site is optimized with the Yoast SEO plugin v27.5 - https:\/\/yoast.com\/product\/yoast-seo-wordpress\/ -->\n<title>El Gobernador present\u00f3 dos eventos deportivos a realizarse en Misiones | CVI NOTICIAS<\/title>\n<meta name=\"robots\" content=\"index, follow, max-snippet:-1, max-image-preview:large, max-video-preview:-1\" \/>\n<link rel=\"canonical\" href=\"https:\/\/cvinoticias.com\/v3\/el-gobernador-presento-dos-eventos-deportivos-a-realizarse-en-misiones\/\" \/>\n<meta property=\"og:locale\" content=\"es_ES\" \/>\n<meta property=\"og:type\" content=\"article\" \/>\n<meta property=\"og:title\" content=\"El Gobernador present\u00f3 dos eventos deportivos a realizarse en Misiones | CVI NOTICIAS\" \/>\n<meta property=\"og:description\" content=\"Tras el \u00e9xito del paso del TC por la tierra colorada, la Provincia avanza con nuevos espect\u00e1culos deportivos. Esta tarde, en Sala de Situaci\u00f3n de Casa de Gobierno, el Gobernador encabez\u00f3 el lanzamiento de dos actividades deportivas, una velada box\u00edstica en Posadas y el Campeonato Nacional de Pat\u00edn Art\u00edstico que se realizar\u00e1 en Puerto Iguaz\u00fa. [&hellip;]\" \/>\n<meta property=\"og:url\" content=\"https:\/\/cvinoticias.com\/v3\/el-gobernador-presento-dos-eventos-deportivos-a-realizarse-en-misiones\/\" \/>\n<meta property=\"og:site_name\" content=\"CVI NOTICIAS\" \/>\n<meta property=\"article:publisher\" content=\"https:\/\/www.facebook.com\/cvinoticias\" \/>\n<meta property=\"article:published_time\" content=\"2021-09-14T23:12:01+00:00\" \/>\n<meta property=\"og:image\" content=\"https:\/\/cvinoticias.com\/wp-content\/uploads\/2021\/09\/FB_IMG_1631660552271.jpg\" \/>\n\t<meta property=\"og:image:width\" content=\"1080\" \/>\n\t<meta property=\"og:image:height\" content=\"720\" \/>\n\t<meta property=\"og:image:type\" content=\"image\/jpeg\" \/>\n<meta name=\"author\" content=\"f1000024\" \/>\n<meta name=\"twitter:card\" content=\"summary_large_image\" \/>\n<meta name=\"twitter:label1\" content=\"Escrito por\" \/>\n\t<meta name=\"twitter:data1\" content=\"f1000024\" \/>\n\t<meta name=\"twitter:label2\" content=\"Tiempo de lectura\" \/>\n\t<meta name=\"twitter:data2\" content=\"5 minutos\" \/>\n<script type=\"application\/ld+json\" class=\"yoast-schema-graph\">{\"@context\":\"https:\\\/\\\/schema.org\",\"@graph\":[{\"@type\":\"Article\",\"@id\":\"https:\\\/\\\/cvinoticias.com\\\/v3\\\/el-gobernador-presento-dos-eventos-deportivos-a-realizarse-en-misiones\\\/#article\",\"isPartOf\":{\"@id\":\"https:\\\/\\\/cvinoticias.com\\\/v3\\\/el-gobernador-presento-dos-eventos-deportivos-a-realizarse-en-misiones\\\/\"},\"author\":{\"name\":\"f1000024\",\"@id\":\"https:\\\/\\\/cvinoticias.com\\\/v3\\\/#\\\/schema\\\/person\\\/2db77e3c6bc03c538495d7b2b8be9b66\"},\"headline\":\"El Gobernador present\u00f3 dos eventos deportivos a realizarse en Misiones\",\"datePublished\":\"2021-09-14T23:12:01+00:00\",\"mainEntityOfPage\":{\"@id\":\"https:\\\/\\\/cvinoticias.com\\\/v3\\\/el-gobernador-presento-dos-eventos-deportivos-a-realizarse-en-misiones\\\/\"},\"wordCount\":996,\"commentCount\":0,\"publisher\":{\"@id\":\"https:\\\/\\\/cvinoticias.com\\\/v3\\\/#organization\"},\"image\":{\"@id\":\"https:\\\/\\\/cvinoticias.com\\\/v3\\\/el-gobernador-presento-dos-eventos-deportivos-a-realizarse-en-misiones\\\/#primaryimage\"},\"thumbnailUrl\":\"https:\\\/\\\/cvinoticias.com\\\/wp-content\\\/uploads\\\/2021\\\/09\\\/FB_IMG_1631660552271.jpg\",\"articleSection\":[\"Informaci\u00f3n General\"],\"inLanguage\":\"es\",\"potentialAction\":[{\"@type\":\"CommentAction\",\"name\":\"Comment\",\"target\":[\"https:\\\/\\\/cvinoticias.com\\\/v3\\\/el-gobernador-presento-dos-eventos-deportivos-a-realizarse-en-misiones\\\/#respond\"]}]},{\"@type\":\"WebPage\",\"@id\":\"https:\\\/\\\/cvinoticias.com\\\/v3\\\/el-gobernador-presento-dos-eventos-deportivos-a-realizarse-en-misiones\\\/\",\"url\":\"https:\\\/\\\/cvinoticias.com\\\/v3\\\/el-gobernador-presento-dos-eventos-deportivos-a-realizarse-en-misiones\\\/\",\"name\":\"El Gobernador present\u00f3 dos eventos deportivos a realizarse en Misiones | CVI NOTICIAS\",\"isPartOf\":{\"@id\":\"https:\\\/\\\/cvinoticias.com\\\/v3\\\/#website\"},\"primaryImageOfPage\":{\"@id\":\"https:\\\/\\\/cvinoticias.com\\\/v3\\\/el-gobernador-presento-dos-eventos-deportivos-a-realizarse-en-misiones\\\/#primaryimage\"},\"image\":{\"@id\":\"https:\\\/\\\/cvinoticias.com\\\/v3\\\/el-gobernador-presento-dos-eventos-deportivos-a-realizarse-en-misiones\\\/#primaryimage\"},\"thumbnailUrl\":\"https:\\\/\\\/cvinoticias.com\\\/wp-content\\\/uploads\\\/2021\\\/09\\\/FB_IMG_1631660552271.jpg\",\"datePublished\":\"2021-09-14T23:12:01+00:00\",\"breadcrumb\":{\"@id\":\"https:\\\/\\\/cvinoticias.com\\\/v3\\\/el-gobernador-presento-dos-eventos-deportivos-a-realizarse-en-misiones\\\/#breadcrumb\"},\"inLanguage\":\"es\",\"potentialAction\":[{\"@type\":\"ReadAction\",\"target\":[\"https:\\\/\\\/cvinoticias.com\\\/v3\\\/el-gobernador-presento-dos-eventos-deportivos-a-realizarse-en-misiones\\\/\"]}]},{\"@type\":\"ImageObject\",\"inLanguage\":\"es\",\"@id\":\"https:\\\/\\\/cvinoticias.com\\\/v3\\\/el-gobernador-presento-dos-eventos-deportivos-a-realizarse-en-misiones\\\/#primaryimage\",\"url\":\"https:\\\/\\\/cvinoticias.com\\\/wp-content\\\/uploads\\\/2021\\\/09\\\/FB_IMG_1631660552271.jpg\",\"contentUrl\":\"https:\\\/\\\/cvinoticias.com\\\/wp-content\\\/uploads\\\/2021\\\/09\\\/FB_IMG_1631660552271.jpg\",\"width\":1080,\"height\":720},{\"@type\":\"BreadcrumbList\",\"@id\":\"https:\\\/\\\/cvinoticias.com\\\/v3\\\/el-gobernador-presento-dos-eventos-deportivos-a-realizarse-en-misiones\\\/#breadcrumb\",\"itemListElement\":[{\"@type\":\"ListItem\",\"position\":1,\"name\":\"Portada\",\"item\":\"https:\\\/\\\/cvinoticias.com\\\/v3\\\/\"},{\"@type\":\"ListItem\",\"position\":2,\"name\":\"El Gobernador present\u00f3 dos eventos deportivos a realizarse en Misiones\"}]},{\"@type\":\"WebSite\",\"@id\":\"https:\\\/\\\/cvinoticias.com\\\/v3\\\/#website\",\"url\":\"https:\\\/\\\/cvinoticias.com\\\/v3\\\/\",\"name\":\"CVI NOTICIAS\",\"description\":\"\",\"publisher\":{\"@id\":\"https:\\\/\\\/cvinoticias.com\\\/v3\\\/#organization\"},\"alternateName\":\"CVI\",\"potentialAction\":[{\"@type\":\"SearchAction\",\"target\":{\"@type\":\"EntryPoint\",\"urlTemplate\":\"https:\\\/\\\/cvinoticias.com\\\/v3\\\/?s={search_term_string}\"},\"query-input\":{\"@type\":\"PropertyValueSpecification\",\"valueRequired\":true,\"valueName\":\"search_term_string\"}}],\"inLanguage\":\"es\"},{\"@type\":\"Organization\",\"@id\":\"https:\\\/\\\/cvinoticias.com\\\/v3\\\/#organization\",\"name\":\"CVI NOTICIAS\",\"url\":\"https:\\\/\\\/cvinoticias.com\\\/v3\\\/\",\"logo\":{\"@type\":\"ImageObject\",\"inLanguage\":\"es\",\"@id\":\"https:\\\/\\\/cvinoticias.com\\\/v3\\\/#\\\/schema\\\/logo\\\/image\\\/\",\"url\":\"https:\\\/\\\/cvinoticias.com\\\/wp-content\\\/uploads\\\/2023\\\/04\\\/cropped-cropped-cropped-cropped-cropped-3-1.png\",\"contentUrl\":\"https:\\\/\\\/cvinoticias.com\\\/wp-content\\\/uploads\\\/2023\\\/04\\\/cropped-cropped-cropped-cropped-cropped-3-1.png\",\"width\":95,\"height\":122,\"caption\":\"CVI NOTICIAS\"},\"image\":{\"@id\":\"https:\\\/\\\/cvinoticias.com\\\/v3\\\/#\\\/schema\\\/logo\\\/image\\\/\"},\"sameAs\":[\"https:\\\/\\\/www.facebook.com\\\/cvinoticias\",\"https:\\\/\\\/www.instagram.com\\\/cvinoticias\\\/\",\"https:\\\/\\\/www.youtube.com\\\/@CVINOTICIAS\"]},{\"@type\":\"Person\",\"@id\":\"https:\\\/\\\/cvinoticias.com\\\/v3\\\/#\\\/schema\\\/person\\\/2db77e3c6bc03c538495d7b2b8be9b66\",\"name\":\"f1000024\",\"image\":{\"@type\":\"ImageObject\",\"inLanguage\":\"es\",\"@id\":\"https:\\\/\\\/secure.gravatar.com\\\/avatar\\\/d4fe7459cfc51ff5129ce1a732bbef5928568b8092d412ef95611616376bbeed?s=96&d=mm&r=g\",\"url\":\"https:\\\/\\\/secure.gravatar.com\\\/avatar\\\/d4fe7459cfc51ff5129ce1a732bbef5928568b8092d412ef95611616376bbeed?s=96&d=mm&r=g\",\"contentUrl\":\"https:\\\/\\\/secure.gravatar.com\\\/avatar\\\/d4fe7459cfc51ff5129ce1a732bbef5928568b8092d412ef95611616376bbeed?s=96&d=mm&r=g\",\"caption\":\"f1000024\"},\"url\":\"https:\\\/\\\/cvinoticias.com\\\/v3\\\/author\\\/f1000024\\\/\"}]}<\/script>\n<!-- \/ Yoast SEO plugin. -->","yoast_head_json":{"title":"El Gobernador present\u00f3 dos eventos deportivos a realizarse en Misiones | CVI NOTICIAS","robots":{"index":"index","follow":"follow","max-snippet":"max-snippet:-1","max-image-preview":"max-image-preview:large","max-video-preview":"max-video-preview:-1"},"canonical":"https:\/\/cvinoticias.com\/v3\/el-gobernador-presento-dos-eventos-deportivos-a-realizarse-en-misiones\/","og_locale":"es_ES","og_type":"article","og_title":"El Gobernador present\u00f3 dos eventos deportivos a realizarse en Misiones | CVI NOTICIAS","og_description":"Tras el \u00e9xito del paso del TC por la tierra colorada, la Provincia avanza con nuevos espect\u00e1culos deportivos. Esta tarde, en Sala de Situaci\u00f3n de Casa de Gobierno, el Gobernador encabez\u00f3 el lanzamiento de dos actividades deportivas, una velada box\u00edstica en Posadas y el Campeonato Nacional de Pat\u00edn Art\u00edstico que se realizar\u00e1 en Puerto Iguaz\u00fa. [&hellip;]","og_url":"https:\/\/cvinoticias.com\/v3\/el-gobernador-presento-dos-eventos-deportivos-a-realizarse-en-misiones\/","og_site_name":"CVI NOTICIAS","article_publisher":"https:\/\/www.facebook.com\/cvinoticias","article_published_time":"2021-09-14T23:12:01+00:00","og_image":[{"width":1080,"height":720,"url":"https:\/\/cvinoticias.com\/wp-content\/uploads\/2021\/09\/FB_IMG_1631660552271.jpg","type":"image\/jpeg"}],"author":"f1000024","twitter_card":"summary_large_image","twitter_misc":{"Escrito por":"f1000024","Tiempo de lectura":"5 minutos"},"schema":{"@context":"https:\/\/schema.org","@graph":[{"@type":"Article","@id":"https:\/\/cvinoticias.com\/v3\/el-gobernador-presento-dos-eventos-deportivos-a-realizarse-en-misiones\/#article","isPartOf":{"@id":"https:\/\/cvinoticias.com\/v3\/el-gobernador-presento-dos-eventos-deportivos-a-realizarse-en-misiones\/"},"author":{"name":"f1000024","@id":"https:\/\/cvinoticias.com\/v3\/#\/schema\/person\/2db77e3c6bc03c538495d7b2b8be9b66"},"headline":"El Gobernador present\u00f3 dos eventos deportivos a realizarse en Misiones","datePublished":"2021-09-14T23:12:01+00:00","mainEntityOfPage":{"@id":"https:\/\/cvinoticias.com\/v3\/el-gobernador-presento-dos-eventos-deportivos-a-realizarse-en-misiones\/"},"wordCount":996,"commentCount":0,"publisher":{"@id":"https:\/\/cvinoticias.com\/v3\/#organization"},"image":{"@id":"https:\/\/cvinoticias.com\/v3\/el-gobernador-presento-dos-eventos-deportivos-a-realizarse-en-misiones\/#primaryimage"},"thumbnailUrl":"https:\/\/cvinoticias.com\/wp-content\/uploads\/2021\/09\/FB_IMG_1631660552271.jpg","articleSection":["Informaci\u00f3n General"],"inLanguage":"es","potentialAction":[{"@type":"CommentAction","name":"Comment","target":["https:\/\/cvinoticias.com\/v3\/el-gobernador-presento-dos-eventos-deportivos-a-realizarse-en-misiones\/#respond"]}]},{"@type":"WebPage","@id":"https:\/\/cvinoticias.com\/v3\/el-gobernador-presento-dos-eventos-deportivos-a-realizarse-en-misiones\/","url":"https:\/\/cvinoticias.com\/v3\/el-gobernador-presento-dos-eventos-deportivos-a-realizarse-en-misiones\/","name":"El Gobernador present\u00f3 dos eventos deportivos a realizarse en Misiones | CVI NOTICIAS","isPartOf":{"@id":"https:\/\/cvinoticias.com\/v3\/#website"},"primaryImageOfPage":{"@id":"https:\/\/cvinoticias.com\/v3\/el-gobernador-presento-dos-eventos-deportivos-a-realizarse-en-misiones\/#primaryimage"},"image":{"@id":"https:\/\/cvinoticias.com\/v3\/el-gobernador-presento-dos-eventos-deportivos-a-realizarse-en-misiones\/#primaryimage"},"thumbnailUrl":"https:\/\/cvinoticias.com\/wp-content\/uploads\/2021\/09\/FB_IMG_1631660552271.jpg","datePublished":"2021-09-14T23:12:01+00:00","breadcrumb":{"@id":"https:\/\/cvinoticias.com\/v3\/el-gobernador-presento-dos-eventos-deportivos-a-realizarse-en-misiones\/#breadcrumb"},"inLanguage":"es","potentialAction":[{"@type":"ReadAction","target":["https:\/\/cvinoticias.com\/v3\/el-gobernador-presento-dos-eventos-deportivos-a-realizarse-en-misiones\/"]}]},{"@type":"ImageObject","inLanguage":"es","@id":"https:\/\/cvinoticias.com\/v3\/el-gobernador-presento-dos-eventos-deportivos-a-realizarse-en-misiones\/#primaryimage","url":"https:\/\/cvinoticias.com\/wp-content\/uploads\/2021\/09\/FB_IMG_1631660552271.jpg","contentUrl":"https:\/\/cvinoticias.com\/wp-content\/uploads\/2021\/09\/FB_IMG_1631660552271.jpg","width":1080,"height":720},{"@type":"BreadcrumbList","@id":"https:\/\/cvinoticias.com\/v3\/el-gobernador-presento-dos-eventos-deportivos-a-realizarse-en-misiones\/#breadcrumb","itemListElement":[{"@type":"ListItem","position":1,"name":"Portada","item":"https:\/\/cvinoticias.com\/v3\/"},{"@type":"ListItem","position":2,"name":"El Gobernador present\u00f3 dos eventos deportivos a realizarse en Misiones"}]},{"@type":"WebSite","@id":"https:\/\/cvinoticias.com\/v3\/#website","url":"https:\/\/cvinoticias.com\/v3\/","name":"CVI NOTICIAS","description":"","publisher":{"@id":"https:\/\/cvinoticias.com\/v3\/#organization"},"alternateName":"CVI","potentialAction":[{"@type":"SearchAction","target":{"@type":"EntryPoint","urlTemplate":"https:\/\/cvinoticias.com\/v3\/?s={search_term_string}"},"query-input":{"@type":"PropertyValueSpecification","valueRequired":true,"valueName":"search_term_string"}}],"inLanguage":"es"},{"@type":"Organization","@id":"https:\/\/cvinoticias.com\/v3\/#organization","name":"CVI NOTICIAS","url":"https:\/\/cvinoticias.com\/v3\/","logo":{"@type":"ImageObject","inLanguage":"es","@id":"https:\/\/cvinoticias.com\/v3\/#\/schema\/logo\/image\/","url":"https:\/\/cvinoticias.com\/wp-content\/uploads\/2023\/04\/cropped-cropped-cropped-cropped-cropped-3-1.png","contentUrl":"https:\/\/cvinoticias.com\/wp-content\/uploads\/2023\/04\/cropped-cropped-cropped-cropped-cropped-3-1.png","width":95,"height":122,"caption":"CVI NOTICIAS"},"image":{"@id":"https:\/\/cvinoticias.com\/v3\/#\/schema\/logo\/image\/"},"sameAs":["https:\/\/www.facebook.com\/cvinoticias","https:\/\/www.instagram.com\/cvinoticias\/","https:\/\/www.youtube.com\/@CVINOTICIAS"]},{"@type":"Person","@id":"https:\/\/cvinoticias.com\/v3\/#\/schema\/person\/2db77e3c6bc03c538495d7b2b8be9b66","name":"f1000024","image":{"@type":"ImageObject","inLanguage":"es","@id":"https:\/\/secure.gravatar.com\/avatar\/d4fe7459cfc51ff5129ce1a732bbef5928568b8092d412ef95611616376bbeed?s=96&d=mm&r=g","url":"https:\/\/secure.gravatar.com\/avatar\/d4fe7459cfc51ff5129ce1a732bbef5928568b8092d412ef95611616376bbeed?s=96&d=mm&r=g","contentUrl":"https:\/\/secure.gravatar.com\/avatar\/d4fe7459cfc51ff5129ce1a732bbef5928568b8092d412ef95611616376bbeed?s=96&d=mm&r=g","caption":"f1000024"},"url":"https:\/\/cvinoticias.com\/v3\/author\/f1000024\/"}]}},"_links":{"self":[{"href":"https:\/\/cvinoticias.com\/v3\/wp-json\/wp\/v2\/posts\/8507","targetHints":{"allow":["GET"]}}],"collection":[{"href":"https:\/\/cvinoticias.com\/v3\/wp-json\/wp\/v2\/posts"}],"about":[{"href":"https:\/\/cvinoticias.com\/v3\/wp-json\/wp\/v2\/types\/post"}],"author":[{"embeddable":true,"href":"https:\/\/cvinoticias.com\/v3\/wp-json\/wp\/v2\/users\/2"}],"replies":[{"embeddable":true,"href":"https:\/\/cvinoticias.com\/v3\/wp-json\/wp\/v2\/comments?post=8507"}],"version-history":[{"count":1,"href":"https:\/\/cvinoticias.com\/v3\/wp-json\/wp\/v2\/posts\/8507\/revisions"}],"predecessor-version":[{"id":8512,"href":"https:\/\/cvinoticias.com\/v3\/wp-json\/wp\/v2\/posts\/8507\/revisions\/8512"}],"wp:featuredmedia":[{"embeddable":true,"href":"https:\/\/cvinoticias.com\/v3\/wp-json\/wp\/v2\/media\/8511"}],"wp:attachment":[{"href":"https:\/\/cvinoticias.com\/v3\/wp-json\/wp\/v2\/media?parent=8507"}],"wp:term":[{"taxonomy":"category","embeddable":true,"href":"https:\/\/cvinoticias.com\/v3\/wp-json\/wp\/v2\/categories?post=8507"},{"taxonomy":"post_tag","embeddable":true,"href":"https:\/\/cvinoticias.com\/v3\/wp-json\/wp\/v2\/tags?post=8507"}],"curies":[{"name":"wp","href":"https:\/\/api.w.org\/{rel}","templated":true}]}}