{"id":8502,"date":"2021-09-14T21:49:30","date_gmt":"2021-09-14T21:49:30","guid":{"rendered":"https:\/\/cvinoticias.com\/v3\/?p=8502"},"modified":"2021-09-14T21:49:53","modified_gmt":"2021-09-14T21:49:53","slug":"la-inflacion-anoto-25-en-agosto-es-el-menor-valor-desde-julio-2020-y-la-quinta-baja-consecutiva","status":"publish","type":"post","link":"https:\/\/cvinoticias.com\/v3\/la-inflacion-anoto-25-en-agosto-es-el-menor-valor-desde-julio-2020-y-la-quinta-baja-consecutiva\/","title":{"rendered":"La inflaci\u00f3n anot\u00f3 2,5% en agosto: Es el menor valor desde julio 2020 y la quinta baja consecutiva"},"content":{"rendered":"\n<p><strong><em>La inflaci\u00f3n de agosto se ubic\u00f3 en el 2,5%, el valor m\u00e1s bajo desde julio del a\u00f1o pasado, inform\u00f3 el Indec. El resultado guarda estrecha relaci\u00f3n con la din\u00e1mica del segmento de alimentos y bebidas, que avanz\u00f3 bien por debajo de la media, un 1,5%, tambi\u00e9n el menor incremento desde mediados de 2020.<\/em><\/strong><\/p>\n\n\n\n<p>Los principales aumentos de agosto se verificaron en el rubro de salud, a partir del alza de las cuotas de las prepagas, equipamiento del hogar, prendas de vestir y educaci\u00f3n. En ocho meses, la inflaci\u00f3n acumula un 32,3%, por encima de la meta del 29% que se hab\u00eda puesto el Gobierno para todo el a\u00f1o.<\/p>\n\n\n\n<p>En tanto, la comparaci\u00f3n interanual arroja un alza del 51,4% en los precios, apenas por debajo del 51,8 registrado en julio. Estos n\u00fameros de inflaci\u00f3n, en un contexto socioecon\u00f3mico muy delicado por la acumulaci\u00f3n la crisis en la gesti\u00f3n Cambiemos junto a la pandemia, determinaron el deterioro del poder adquisitivo a lo largo y ancho de la sociedad que explica, en gran parte, el resultado electoral del oficialismo en las elecciones primarias del domingo pasado.<\/p>\n\n\n\n<p>De todas maneras, la pel\u00edcula muestra una lenta reducci\u00f3n de la inflaci\u00f3n que permite al Gobierno mantener cierta expectativa para los meses pr\u00f3ximos en cuanto a que por lo menos frene la ca\u00edda de los ingresos en t\u00e9rminos reales.<\/p>\n\n\n\n<p>Desde el pico del 4,8% en marzo, el alza de los precios anot\u00f3 cinco mermas consecutivas: 4,1% en abril; 3,3 en mayo; 3,2 en junio; 3,0 en julio y 2,5% en agosto.<\/p>\n\n\n\n<ul class=\"wp-block-list\"><li>Alimentos, m\u00e1s contenidos<\/li><\/ul>\n\n\n\n<p>El segmento de alimentos y bebidas subi\u00f3 el mes pasado un 1,5%, el menor valor desde julio de 2020. Hacia el interior de esta categor\u00eda, se destac\u00f3 el alza de las bebidas, por la tracci\u00f3n de las infusiones. En cambio, la carne apenas avanz\u00f3 0,3% y las verduras, tub\u00e9rculos y legumbres registraron bajas. En almac\u00e9n, sobresalieron las subas de leche y l\u00e1cteos y aceites y grasas.<\/p>\n\n\n\n<p>A nivel de productos, el caf\u00e9 molido subi\u00f3 10,6% y la yerba mate, 3,8. La leche en polvo entera creci\u00f3 5,6% y la versi\u00f3n entera en sachet, un 2,1. A su vez, el yogur firme avanz\u00f3 9%; la manteca 3,8 y el queso sardo, 3,4%. El arroz blanco se encareci\u00f3 un 5% y los fideos, un 2%.<\/p>\n\n\n\n<p>En cambio, la carne picada baj\u00f3 3,5 y el asado, un 2,6%. La papa cay\u00f3 4,1 y el tomate, un 11,7%. La naranja lo hizo en un 7,4% y el lim\u00f3n, 4,1.<\/p>\n\n\n\n<ul class=\"wp-block-list\"><li>Salud e indumentaria<\/li><\/ul>\n\n\n\n<p>Uno de los rubros que registr\u00f3 una aceleraci\u00f3n en su tasa de inflaci\u00f3n fue salud, con un 4,2% en lugar del 3,8% de julio, a ra\u00edz de la suba de las cuotas de las prepagas. Seg\u00fan lo aprobado por el Gobierno, las prepagas se encarecieron un 9% el mes pasado y otro 9% en septiembre. Habr\u00e1 una nueva actualizaci\u00f3n del 9% en octubre y luego otra del 9% a partir del 1 de enero de 2022.<\/p>\n\n\n\n<p>En indumentaria, la tasa de aumento pas\u00f3 del 1,2% en julio al 3,4% en agosto, mientras que en el caso de recreaci\u00f3n y cultura, el avance del mes pasado fue del 3,7%, superior al 3,1% de julio. En tanto, la suba de los precios en el rubro de educaci\u00f3n fue del 4,2%, por encima del 2,5% de julio.<\/p>\n\n\n\n<ul class=\"wp-block-list\"><li>Tarifas<\/li><\/ul>\n\n\n\n<p>El rubro de vivienda y servicios b\u00e1sicos subi\u00f3 1,1%, por debajo del incremento del 2,9% de julio. En particular, electricidad, gas y agua cay\u00f3 un 3,8% a ra\u00edz de que se redujo la tarifa de gas en algunas zonas del pa\u00eds por la ampliaci\u00f3n del R\u00e9gimen de Zona Fr\u00eda. En transporte, el alza de 2,4% se explica por el reacomodamiento de precios de algunos servicios a nivel provincial.<\/p>\n\n\n\n<p><strong>Fuente: P\u00e1gina 12<\/strong><\/p>\n","protected":false},"excerpt":{"rendered":"<p>La inflaci\u00f3n de agosto se ubic\u00f3 en el 2,5%, el valor m\u00e1s bajo desde julio del a\u00f1o pasado, inform\u00f3 el Indec. El resultado guarda estrecha relaci\u00f3n con la din\u00e1mica del segmento de alimentos y bebidas, que avanz\u00f3 bien por debajo de la media, un 1,5%, tambi\u00e9n el menor incremento desde mediados de 2020. Los principales [&hellip;]<\/p>\n","protected":false},"author":2,"featured_media":8503,"comment_status":"open","ping_status":"open","sticky":false,"template":"","format":"standard","meta":{"footnotes":""},"categories":[32],"tags":[],"class_list":["post-8502","post","type-post","status-publish","format-standard","has-post-thumbnail","hentry","category-economia"],"yoast_head":"<!-- This site is optimized with the Yoast SEO plugin v27.5 - https:\/\/yoast.com\/product\/yoast-seo-wordpress\/ -->\n<title>La inflaci\u00f3n anot\u00f3 2,5% en agosto: Es el menor valor desde julio 2020 y la quinta baja consecutiva | CVI NOTICIAS<\/title>\n<meta name=\"robots\" content=\"index, follow, max-snippet:-1, max-image-preview:large, max-video-preview:-1\" \/>\n<link rel=\"canonical\" href=\"https:\/\/cvinoticias.com\/v3\/la-inflacion-anoto-25-en-agosto-es-el-menor-valor-desde-julio-2020-y-la-quinta-baja-consecutiva\/\" \/>\n<meta property=\"og:locale\" content=\"es_ES\" \/>\n<meta property=\"og:type\" content=\"article\" \/>\n<meta property=\"og:title\" content=\"La inflaci\u00f3n anot\u00f3 2,5% en agosto: Es el menor valor desde julio 2020 y la quinta baja consecutiva | CVI NOTICIAS\" \/>\n<meta property=\"og:description\" content=\"La inflaci\u00f3n de agosto se ubic\u00f3 en el 2,5%, el valor m\u00e1s bajo desde julio del a\u00f1o pasado, inform\u00f3 el Indec. El resultado guarda estrecha relaci\u00f3n con la din\u00e1mica del segmento de alimentos y bebidas, que avanz\u00f3 bien por debajo de la media, un 1,5%, tambi\u00e9n el menor incremento desde mediados de 2020. Los principales [&hellip;]\" \/>\n<meta property=\"og:url\" content=\"https:\/\/cvinoticias.com\/v3\/la-inflacion-anoto-25-en-agosto-es-el-menor-valor-desde-julio-2020-y-la-quinta-baja-consecutiva\/\" \/>\n<meta property=\"og:site_name\" content=\"CVI NOTICIAS\" \/>\n<meta property=\"article:publisher\" content=\"https:\/\/www.facebook.com\/cvinoticias\" \/>\n<meta property=\"article:published_time\" content=\"2021-09-14T21:49:30+00:00\" \/>\n<meta property=\"article:modified_time\" content=\"2021-09-14T21:49:53+00:00\" \/>\n<meta property=\"og:image\" content=\"https:\/\/cvinoticias.com\/wp-content\/uploads\/2021\/09\/images-10.jpeg\" \/>\n\t<meta property=\"og:image:width\" content=\"300\" \/>\n\t<meta property=\"og:image:height\" content=\"168\" \/>\n\t<meta property=\"og:image:type\" content=\"image\/jpeg\" \/>\n<meta name=\"author\" content=\"f1000024\" \/>\n<meta name=\"twitter:card\" content=\"summary_large_image\" \/>\n<meta name=\"twitter:label1\" content=\"Escrito por\" \/>\n\t<meta name=\"twitter:data1\" content=\"f1000024\" \/>\n\t<meta name=\"twitter:label2\" content=\"Tiempo de lectura\" \/>\n\t<meta name=\"twitter:data2\" content=\"3 minutos\" \/>\n<script type=\"application\/ld+json\" class=\"yoast-schema-graph\">{\"@context\":\"https:\\\/\\\/schema.org\",\"@graph\":[{\"@type\":\"Article\",\"@id\":\"https:\\\/\\\/cvinoticias.com\\\/v3\\\/la-inflacion-anoto-25-en-agosto-es-el-menor-valor-desde-julio-2020-y-la-quinta-baja-consecutiva\\\/#article\",\"isPartOf\":{\"@id\":\"https:\\\/\\\/cvinoticias.com\\\/v3\\\/la-inflacion-anoto-25-en-agosto-es-el-menor-valor-desde-julio-2020-y-la-quinta-baja-consecutiva\\\/\"},\"author\":{\"name\":\"f1000024\",\"@id\":\"https:\\\/\\\/cvinoticias.com\\\/v3\\\/#\\\/schema\\\/person\\\/2db77e3c6bc03c538495d7b2b8be9b66\"},\"headline\":\"La inflaci\u00f3n anot\u00f3 2,5% en agosto: Es el menor valor desde julio 2020 y la quinta baja consecutiva\",\"datePublished\":\"2021-09-14T21:49:30+00:00\",\"dateModified\":\"2021-09-14T21:49:53+00:00\",\"mainEntityOfPage\":{\"@id\":\"https:\\\/\\\/cvinoticias.com\\\/v3\\\/la-inflacion-anoto-25-en-agosto-es-el-menor-valor-desde-julio-2020-y-la-quinta-baja-consecutiva\\\/\"},\"wordCount\":632,\"commentCount\":0,\"publisher\":{\"@id\":\"https:\\\/\\\/cvinoticias.com\\\/v3\\\/#organization\"},\"image\":{\"@id\":\"https:\\\/\\\/cvinoticias.com\\\/v3\\\/la-inflacion-anoto-25-en-agosto-es-el-menor-valor-desde-julio-2020-y-la-quinta-baja-consecutiva\\\/#primaryimage\"},\"thumbnailUrl\":\"https:\\\/\\\/cvinoticias.com\\\/wp-content\\\/uploads\\\/2021\\\/09\\\/images-10.jpeg\",\"articleSection\":[\"Econom\u00eda\"],\"inLanguage\":\"es\",\"potentialAction\":[{\"@type\":\"CommentAction\",\"name\":\"Comment\",\"target\":[\"https:\\\/\\\/cvinoticias.com\\\/v3\\\/la-inflacion-anoto-25-en-agosto-es-el-menor-valor-desde-julio-2020-y-la-quinta-baja-consecutiva\\\/#respond\"]}]},{\"@type\":\"WebPage\",\"@id\":\"https:\\\/\\\/cvinoticias.com\\\/v3\\\/la-inflacion-anoto-25-en-agosto-es-el-menor-valor-desde-julio-2020-y-la-quinta-baja-consecutiva\\\/\",\"url\":\"https:\\\/\\\/cvinoticias.com\\\/v3\\\/la-inflacion-anoto-25-en-agosto-es-el-menor-valor-desde-julio-2020-y-la-quinta-baja-consecutiva\\\/\",\"name\":\"La inflaci\u00f3n anot\u00f3 2,5% en agosto: Es el menor valor desde julio 2020 y la quinta baja consecutiva | CVI NOTICIAS\",\"isPartOf\":{\"@id\":\"https:\\\/\\\/cvinoticias.com\\\/v3\\\/#website\"},\"primaryImageOfPage\":{\"@id\":\"https:\\\/\\\/cvinoticias.com\\\/v3\\\/la-inflacion-anoto-25-en-agosto-es-el-menor-valor-desde-julio-2020-y-la-quinta-baja-consecutiva\\\/#primaryimage\"},\"image\":{\"@id\":\"https:\\\/\\\/cvinoticias.com\\\/v3\\\/la-inflacion-anoto-25-en-agosto-es-el-menor-valor-desde-julio-2020-y-la-quinta-baja-consecutiva\\\/#primaryimage\"},\"thumbnailUrl\":\"https:\\\/\\\/cvinoticias.com\\\/wp-content\\\/uploads\\\/2021\\\/09\\\/images-10.jpeg\",\"datePublished\":\"2021-09-14T21:49:30+00:00\",\"dateModified\":\"2021-09-14T21:49:53+00:00\",\"breadcrumb\":{\"@id\":\"https:\\\/\\\/cvinoticias.com\\\/v3\\\/la-inflacion-anoto-25-en-agosto-es-el-menor-valor-desde-julio-2020-y-la-quinta-baja-consecutiva\\\/#breadcrumb\"},\"inLanguage\":\"es\",\"potentialAction\":[{\"@type\":\"ReadAction\",\"target\":[\"https:\\\/\\\/cvinoticias.com\\\/v3\\\/la-inflacion-anoto-25-en-agosto-es-el-menor-valor-desde-julio-2020-y-la-quinta-baja-consecutiva\\\/\"]}]},{\"@type\":\"ImageObject\",\"inLanguage\":\"es\",\"@id\":\"https:\\\/\\\/cvinoticias.com\\\/v3\\\/la-inflacion-anoto-25-en-agosto-es-el-menor-valor-desde-julio-2020-y-la-quinta-baja-consecutiva\\\/#primaryimage\",\"url\":\"https:\\\/\\\/cvinoticias.com\\\/wp-content\\\/uploads\\\/2021\\\/09\\\/images-10.jpeg\",\"contentUrl\":\"https:\\\/\\\/cvinoticias.com\\\/wp-content\\\/uploads\\\/2021\\\/09\\\/images-10.jpeg\",\"width\":300,\"height\":168},{\"@type\":\"BreadcrumbList\",\"@id\":\"https:\\\/\\\/cvinoticias.com\\\/v3\\\/la-inflacion-anoto-25-en-agosto-es-el-menor-valor-desde-julio-2020-y-la-quinta-baja-consecutiva\\\/#breadcrumb\",\"itemListElement\":[{\"@type\":\"ListItem\",\"position\":1,\"name\":\"Portada\",\"item\":\"https:\\\/\\\/cvinoticias.com\\\/v3\\\/\"},{\"@type\":\"ListItem\",\"position\":2,\"name\":\"La inflaci\u00f3n anot\u00f3 2,5% en agosto: Es el menor valor desde julio 2020 y la quinta baja consecutiva\"}]},{\"@type\":\"WebSite\",\"@id\":\"https:\\\/\\\/cvinoticias.com\\\/v3\\\/#website\",\"url\":\"https:\\\/\\\/cvinoticias.com\\\/v3\\\/\",\"name\":\"CVI NOTICIAS\",\"description\":\"\",\"publisher\":{\"@id\":\"https:\\\/\\\/cvinoticias.com\\\/v3\\\/#organization\"},\"alternateName\":\"CVI\",\"potentialAction\":[{\"@type\":\"SearchAction\",\"target\":{\"@type\":\"EntryPoint\",\"urlTemplate\":\"https:\\\/\\\/cvinoticias.com\\\/v3\\\/?s={search_term_string}\"},\"query-input\":{\"@type\":\"PropertyValueSpecification\",\"valueRequired\":true,\"valueName\":\"search_term_string\"}}],\"inLanguage\":\"es\"},{\"@type\":\"Organization\",\"@id\":\"https:\\\/\\\/cvinoticias.com\\\/v3\\\/#organization\",\"name\":\"CVI NOTICIAS\",\"url\":\"https:\\\/\\\/cvinoticias.com\\\/v3\\\/\",\"logo\":{\"@type\":\"ImageObject\",\"inLanguage\":\"es\",\"@id\":\"https:\\\/\\\/cvinoticias.com\\\/v3\\\/#\\\/schema\\\/logo\\\/image\\\/\",\"url\":\"https:\\\/\\\/cvinoticias.com\\\/wp-content\\\/uploads\\\/2023\\\/04\\\/cropped-cropped-cropped-cropped-cropped-3-1.png\",\"contentUrl\":\"https:\\\/\\\/cvinoticias.com\\\/wp-content\\\/uploads\\\/2023\\\/04\\\/cropped-cropped-cropped-cropped-cropped-3-1.png\",\"width\":95,\"height\":122,\"caption\":\"CVI NOTICIAS\"},\"image\":{\"@id\":\"https:\\\/\\\/cvinoticias.com\\\/v3\\\/#\\\/schema\\\/logo\\\/image\\\/\"},\"sameAs\":[\"https:\\\/\\\/www.facebook.com\\\/cvinoticias\",\"https:\\\/\\\/www.instagram.com\\\/cvinoticias\\\/\",\"https:\\\/\\\/www.youtube.com\\\/@CVINOTICIAS\"]},{\"@type\":\"Person\",\"@id\":\"https:\\\/\\\/cvinoticias.com\\\/v3\\\/#\\\/schema\\\/person\\\/2db77e3c6bc03c538495d7b2b8be9b66\",\"name\":\"f1000024\",\"image\":{\"@type\":\"ImageObject\",\"inLanguage\":\"es\",\"@id\":\"https:\\\/\\\/secure.gravatar.com\\\/avatar\\\/d4fe7459cfc51ff5129ce1a732bbef5928568b8092d412ef95611616376bbeed?s=96&d=mm&r=g\",\"url\":\"https:\\\/\\\/secure.gravatar.com\\\/avatar\\\/d4fe7459cfc51ff5129ce1a732bbef5928568b8092d412ef95611616376bbeed?s=96&d=mm&r=g\",\"contentUrl\":\"https:\\\/\\\/secure.gravatar.com\\\/avatar\\\/d4fe7459cfc51ff5129ce1a732bbef5928568b8092d412ef95611616376bbeed?s=96&d=mm&r=g\",\"caption\":\"f1000024\"},\"url\":\"https:\\\/\\\/cvinoticias.com\\\/v3\\\/author\\\/f1000024\\\/\"}]}<\/script>\n<!-- \/ Yoast SEO plugin. -->","yoast_head_json":{"title":"La inflaci\u00f3n anot\u00f3 2,5% en agosto: Es el menor valor desde julio 2020 y la quinta baja consecutiva | CVI NOTICIAS","robots":{"index":"index","follow":"follow","max-snippet":"max-snippet:-1","max-image-preview":"max-image-preview:large","max-video-preview":"max-video-preview:-1"},"canonical":"https:\/\/cvinoticias.com\/v3\/la-inflacion-anoto-25-en-agosto-es-el-menor-valor-desde-julio-2020-y-la-quinta-baja-consecutiva\/","og_locale":"es_ES","og_type":"article","og_title":"La inflaci\u00f3n anot\u00f3 2,5% en agosto: Es el menor valor desde julio 2020 y la quinta baja consecutiva | CVI NOTICIAS","og_description":"La inflaci\u00f3n de agosto se ubic\u00f3 en el 2,5%, el valor m\u00e1s bajo desde julio del a\u00f1o pasado, inform\u00f3 el Indec. El resultado guarda estrecha relaci\u00f3n con la din\u00e1mica del segmento de alimentos y bebidas, que avanz\u00f3 bien por debajo de la media, un 1,5%, tambi\u00e9n el menor incremento desde mediados de 2020. Los principales [&hellip;]","og_url":"https:\/\/cvinoticias.com\/v3\/la-inflacion-anoto-25-en-agosto-es-el-menor-valor-desde-julio-2020-y-la-quinta-baja-consecutiva\/","og_site_name":"CVI NOTICIAS","article_publisher":"https:\/\/www.facebook.com\/cvinoticias","article_published_time":"2021-09-14T21:49:30+00:00","article_modified_time":"2021-09-14T21:49:53+00:00","og_image":[{"width":300,"height":168,"url":"https:\/\/cvinoticias.com\/wp-content\/uploads\/2021\/09\/images-10.jpeg","type":"image\/jpeg"}],"author":"f1000024","twitter_card":"summary_large_image","twitter_misc":{"Escrito por":"f1000024","Tiempo de lectura":"3 minutos"},"schema":{"@context":"https:\/\/schema.org","@graph":[{"@type":"Article","@id":"https:\/\/cvinoticias.com\/v3\/la-inflacion-anoto-25-en-agosto-es-el-menor-valor-desde-julio-2020-y-la-quinta-baja-consecutiva\/#article","isPartOf":{"@id":"https:\/\/cvinoticias.com\/v3\/la-inflacion-anoto-25-en-agosto-es-el-menor-valor-desde-julio-2020-y-la-quinta-baja-consecutiva\/"},"author":{"name":"f1000024","@id":"https:\/\/cvinoticias.com\/v3\/#\/schema\/person\/2db77e3c6bc03c538495d7b2b8be9b66"},"headline":"La inflaci\u00f3n anot\u00f3 2,5% en agosto: Es el menor valor desde julio 2020 y la quinta baja consecutiva","datePublished":"2021-09-14T21:49:30+00:00","dateModified":"2021-09-14T21:49:53+00:00","mainEntityOfPage":{"@id":"https:\/\/cvinoticias.com\/v3\/la-inflacion-anoto-25-en-agosto-es-el-menor-valor-desde-julio-2020-y-la-quinta-baja-consecutiva\/"},"wordCount":632,"commentCount":0,"publisher":{"@id":"https:\/\/cvinoticias.com\/v3\/#organization"},"image":{"@id":"https:\/\/cvinoticias.com\/v3\/la-inflacion-anoto-25-en-agosto-es-el-menor-valor-desde-julio-2020-y-la-quinta-baja-consecutiva\/#primaryimage"},"thumbnailUrl":"https:\/\/cvinoticias.com\/wp-content\/uploads\/2021\/09\/images-10.jpeg","articleSection":["Econom\u00eda"],"inLanguage":"es","potentialAction":[{"@type":"CommentAction","name":"Comment","target":["https:\/\/cvinoticias.com\/v3\/la-inflacion-anoto-25-en-agosto-es-el-menor-valor-desde-julio-2020-y-la-quinta-baja-consecutiva\/#respond"]}]},{"@type":"WebPage","@id":"https:\/\/cvinoticias.com\/v3\/la-inflacion-anoto-25-en-agosto-es-el-menor-valor-desde-julio-2020-y-la-quinta-baja-consecutiva\/","url":"https:\/\/cvinoticias.com\/v3\/la-inflacion-anoto-25-en-agosto-es-el-menor-valor-desde-julio-2020-y-la-quinta-baja-consecutiva\/","name":"La inflaci\u00f3n anot\u00f3 2,5% en agosto: Es el menor valor desde julio 2020 y la quinta baja consecutiva | CVI NOTICIAS","isPartOf":{"@id":"https:\/\/cvinoticias.com\/v3\/#website"},"primaryImageOfPage":{"@id":"https:\/\/cvinoticias.com\/v3\/la-inflacion-anoto-25-en-agosto-es-el-menor-valor-desde-julio-2020-y-la-quinta-baja-consecutiva\/#primaryimage"},"image":{"@id":"https:\/\/cvinoticias.com\/v3\/la-inflacion-anoto-25-en-agosto-es-el-menor-valor-desde-julio-2020-y-la-quinta-baja-consecutiva\/#primaryimage"},"thumbnailUrl":"https:\/\/cvinoticias.com\/wp-content\/uploads\/2021\/09\/images-10.jpeg","datePublished":"2021-09-14T21:49:30+00:00","dateModified":"2021-09-14T21:49:53+00:00","breadcrumb":{"@id":"https:\/\/cvinoticias.com\/v3\/la-inflacion-anoto-25-en-agosto-es-el-menor-valor-desde-julio-2020-y-la-quinta-baja-consecutiva\/#breadcrumb"},"inLanguage":"es","potentialAction":[{"@type":"ReadAction","target":["https:\/\/cvinoticias.com\/v3\/la-inflacion-anoto-25-en-agosto-es-el-menor-valor-desde-julio-2020-y-la-quinta-baja-consecutiva\/"]}]},{"@type":"ImageObject","inLanguage":"es","@id":"https:\/\/cvinoticias.com\/v3\/la-inflacion-anoto-25-en-agosto-es-el-menor-valor-desde-julio-2020-y-la-quinta-baja-consecutiva\/#primaryimage","url":"https:\/\/cvinoticias.com\/wp-content\/uploads\/2021\/09\/images-10.jpeg","contentUrl":"https:\/\/cvinoticias.com\/wp-content\/uploads\/2021\/09\/images-10.jpeg","width":300,"height":168},{"@type":"BreadcrumbList","@id":"https:\/\/cvinoticias.com\/v3\/la-inflacion-anoto-25-en-agosto-es-el-menor-valor-desde-julio-2020-y-la-quinta-baja-consecutiva\/#breadcrumb","itemListElement":[{"@type":"ListItem","position":1,"name":"Portada","item":"https:\/\/cvinoticias.com\/v3\/"},{"@type":"ListItem","position":2,"name":"La inflaci\u00f3n anot\u00f3 2,5% en agosto: Es el menor valor desde julio 2020 y la quinta baja consecutiva"}]},{"@type":"WebSite","@id":"https:\/\/cvinoticias.com\/v3\/#website","url":"https:\/\/cvinoticias.com\/v3\/","name":"CVI NOTICIAS","description":"","publisher":{"@id":"https:\/\/cvinoticias.com\/v3\/#organization"},"alternateName":"CVI","potentialAction":[{"@type":"SearchAction","target":{"@type":"EntryPoint","urlTemplate":"https:\/\/cvinoticias.com\/v3\/?s={search_term_string}"},"query-input":{"@type":"PropertyValueSpecification","valueRequired":true,"valueName":"search_term_string"}}],"inLanguage":"es"},{"@type":"Organization","@id":"https:\/\/cvinoticias.com\/v3\/#organization","name":"CVI NOTICIAS","url":"https:\/\/cvinoticias.com\/v3\/","logo":{"@type":"ImageObject","inLanguage":"es","@id":"https:\/\/cvinoticias.com\/v3\/#\/schema\/logo\/image\/","url":"https:\/\/cvinoticias.com\/wp-content\/uploads\/2023\/04\/cropped-cropped-cropped-cropped-cropped-3-1.png","contentUrl":"https:\/\/cvinoticias.com\/wp-content\/uploads\/2023\/04\/cropped-cropped-cropped-cropped-cropped-3-1.png","width":95,"height":122,"caption":"CVI NOTICIAS"},"image":{"@id":"https:\/\/cvinoticias.com\/v3\/#\/schema\/logo\/image\/"},"sameAs":["https:\/\/www.facebook.com\/cvinoticias","https:\/\/www.instagram.com\/cvinoticias\/","https:\/\/www.youtube.com\/@CVINOTICIAS"]},{"@type":"Person","@id":"https:\/\/cvinoticias.com\/v3\/#\/schema\/person\/2db77e3c6bc03c538495d7b2b8be9b66","name":"f1000024","image":{"@type":"ImageObject","inLanguage":"es","@id":"https:\/\/secure.gravatar.com\/avatar\/d4fe7459cfc51ff5129ce1a732bbef5928568b8092d412ef95611616376bbeed?s=96&d=mm&r=g","url":"https:\/\/secure.gravatar.com\/avatar\/d4fe7459cfc51ff5129ce1a732bbef5928568b8092d412ef95611616376bbeed?s=96&d=mm&r=g","contentUrl":"https:\/\/secure.gravatar.com\/avatar\/d4fe7459cfc51ff5129ce1a732bbef5928568b8092d412ef95611616376bbeed?s=96&d=mm&r=g","caption":"f1000024"},"url":"https:\/\/cvinoticias.com\/v3\/author\/f1000024\/"}]}},"_links":{"self":[{"href":"https:\/\/cvinoticias.com\/v3\/wp-json\/wp\/v2\/posts\/8502","targetHints":{"allow":["GET"]}}],"collection":[{"href":"https:\/\/cvinoticias.com\/v3\/wp-json\/wp\/v2\/posts"}],"about":[{"href":"https:\/\/cvinoticias.com\/v3\/wp-json\/wp\/v2\/types\/post"}],"author":[{"embeddable":true,"href":"https:\/\/cvinoticias.com\/v3\/wp-json\/wp\/v2\/users\/2"}],"replies":[{"embeddable":true,"href":"https:\/\/cvinoticias.com\/v3\/wp-json\/wp\/v2\/comments?post=8502"}],"version-history":[{"count":3,"href":"https:\/\/cvinoticias.com\/v3\/wp-json\/wp\/v2\/posts\/8502\/revisions"}],"predecessor-version":[{"id":8506,"href":"https:\/\/cvinoticias.com\/v3\/wp-json\/wp\/v2\/posts\/8502\/revisions\/8506"}],"wp:featuredmedia":[{"embeddable":true,"href":"https:\/\/cvinoticias.com\/v3\/wp-json\/wp\/v2\/media\/8503"}],"wp:attachment":[{"href":"https:\/\/cvinoticias.com\/v3\/wp-json\/wp\/v2\/media?parent=8502"}],"wp:term":[{"taxonomy":"category","embeddable":true,"href":"https:\/\/cvinoticias.com\/v3\/wp-json\/wp\/v2\/categories?post=8502"},{"taxonomy":"post_tag","embeddable":true,"href":"https:\/\/cvinoticias.com\/v3\/wp-json\/wp\/v2\/tags?post=8502"}],"curies":[{"name":"wp","href":"https:\/\/api.w.org\/{rel}","templated":true}]}}