{"id":8496,"date":"2021-09-14T21:23:39","date_gmt":"2021-09-14T21:23:39","guid":{"rendered":"https:\/\/cvinoticias.com\/v3\/?p=8496"},"modified":"2021-09-14T21:23:39","modified_gmt":"2021-09-14T21:23:39","slug":"bono-de-6-000-de-anses-y-un-ife-4-las-medidas-que-anunciara-fernandez","status":"publish","type":"post","link":"https:\/\/cvinoticias.com\/v3\/bono-de-6-000-de-anses-y-un-ife-4-las-medidas-que-anunciara-fernandez\/","title":{"rendered":"Bono de $6.000 de Anses y un IFE 4: las medidas que anunciar\u00e1 Fern\u00e1ndez"},"content":{"rendered":"\n<p><strong><em>Luego de la derrota electoral del Frente de Todos en las PASO 2021, el presidente de la Naci\u00f3n anunciar\u00e1 el jueves una serie de medidas econ\u00f3micas.<\/em><\/strong><\/p>\n\n\n\n<p>Tras la derrota electoral del Frente de Todos en las Primarias Abiertas, Simult\u00e1neas y Obligatorias (PASO) del pasado domingo 12 de septiembre, el presidente de la Naci\u00f3n, Alberto Fern\u00e1ndez, comunic\u00f3 que anunciar\u00e1 el jueves una serie de medidas econ\u00f3micas con la intenci\u00f3n de mejorar el poder adquisitivo de la poblaci\u00f3n e incentivar el consumo.<\/p>\n\n\n\n<p>Alberto Fern\u00e1ndez anunciar\u00e1 este jueves las siguientes medidas econ\u00f3micas:<\/p>\n\n\n\n<ul class=\"wp-block-list\"><li>Una suba del Salario M\u00ednimo, Vital y M\u00f3vil (SMVM) del 10%.<\/li><li>El pago de un bono por \u00fanica vez de $6000 destinado a jubilados y pensionados que cobren hasta dos haberes m\u00ednimos.<\/li><li>Oficializar\u00e1 el esperado cuarto Ingreso Familiar de Emergencia (IFE 4) para los sectores m\u00e1s vulnerables de la econom\u00eda.<\/li><li>Habr\u00e1 ampliaciones en el Plan Te sumo, del Ministerio de Trabajo, que apunta a la capacitaci\u00f3n profesional y laboral de j\u00f3venes de entre 18 y 24 a\u00f1os, as\u00ed como en el portal de Empleo, donde se cruzan ofertas y b\u00fasquedas laborales, pero sin l\u00edmite de edad.<\/li><li>Se analiza la posibilidad de extender cr\u00e9ditos productivos en b\u00fasqueda de la reactivaci\u00f3n del sector.<\/li><\/ul>\n\n\n\n<p>El aumento del 10% en el SMVM se sumar\u00e1 al 35% que ya avanz\u00f3 en lo que va del a\u00f1o ese salario de referencia y llevar\u00e1 el aumento global para este a\u00f1o al 45%.<\/p>\n\n\n\n<p>Para el 30 de septiembre tambi\u00e9n est\u00e1 previsto el Consejo Nacional del Empleo, la Productividad y el Salario M\u00ednimo, Vital y M\u00f3vil. Empujado por la escalada inflacionaria, el Gobierno hab\u00eda oficializado en julio pasado el aumento del salario m\u00ednimo a $29.160, monto que comenz\u00f3 a regir a partir de este mes, pero que ser\u00e1 actualizado con estas nuevas medidas.<\/p>\n\n\n\n<p>Alberto Fern\u00e1ndez anunciar\u00e1 la implementaci\u00f3n de una nueva ronda del Ingreso Familiar de Emergencia (IFE), ser\u00eda la cuarta vez que se paga este aporte nacido al calor de las restricciones impuestas por la pandemia de coronavirus Covid-19.<\/p>\n\n\n\n<p>\u00abSer\u00e1 un IFE m\u00e1s acotado y pensado para los sectores m\u00e1s postergados y m\u00e1s afectados por la inflaci\u00f3n, la falta de empleo y la pobreza\u00bb, explicaron fuentes cercanas al Gobierno.<\/p>\n\n\n\n<p>Adem\u00e1s de la derrota electoral de las PASO, lo cierto es que el Gobierno encabezado por Fern\u00e1ndez busca con estas medidas anticiparse al dato de pobreza en el primer semestre del a\u00f1o que dar\u00e1 a conocer el INDEC el pr\u00f3ximo 30 de septiembre y que todas las proyecciones ya anticipan una suba con respecto al semestre anterior y por el cual entre el 42% y el 43% estar\u00eda alcanzado por la pobreza.<\/p>\n\n\n\n<p><\/p>\n","protected":false},"excerpt":{"rendered":"<p>Luego de la derrota electoral del Frente de Todos en las PASO 2021, el presidente de la Naci\u00f3n anunciar\u00e1 el jueves una serie de medidas econ\u00f3micas. Tras la derrota electoral del Frente de Todos en las Primarias Abiertas, Simult\u00e1neas y Obligatorias (PASO) del pasado domingo 12 de septiembre, el presidente de la Naci\u00f3n, Alberto Fern\u00e1ndez, [&hellip;]<\/p>\n","protected":false},"author":2,"featured_media":8497,"comment_status":"open","ping_status":"open","sticky":false,"template":"","format":"standard","meta":{"footnotes":""},"categories":[39],"tags":[],"class_list":["post-8496","post","type-post","status-publish","format-standard","has-post-thumbnail","hentry","category-nacionales"],"yoast_head":"<!-- This site is optimized with the Yoast SEO plugin v27.5 - https:\/\/yoast.com\/product\/yoast-seo-wordpress\/ -->\n<title>Bono de $6.000 de Anses y un IFE 4: las medidas que anunciar\u00e1 Fern\u00e1ndez | CVI NOTICIAS<\/title>\n<meta name=\"robots\" content=\"index, follow, max-snippet:-1, max-image-preview:large, max-video-preview:-1\" \/>\n<link rel=\"canonical\" href=\"https:\/\/cvinoticias.com\/v3\/bono-de-6-000-de-anses-y-un-ife-4-las-medidas-que-anunciara-fernandez\/\" \/>\n<meta property=\"og:locale\" content=\"es_ES\" \/>\n<meta property=\"og:type\" content=\"article\" \/>\n<meta property=\"og:title\" content=\"Bono de $6.000 de Anses y un IFE 4: las medidas que anunciar\u00e1 Fern\u00e1ndez | CVI NOTICIAS\" \/>\n<meta property=\"og:description\" content=\"Luego de la derrota electoral del Frente de Todos en las PASO 2021, el presidente de la Naci\u00f3n anunciar\u00e1 el jueves una serie de medidas econ\u00f3micas. Tras la derrota electoral del Frente de Todos en las Primarias Abiertas, Simult\u00e1neas y Obligatorias (PASO) del pasado domingo 12 de septiembre, el presidente de la Naci\u00f3n, Alberto Fern\u00e1ndez, [&hellip;]\" \/>\n<meta property=\"og:url\" content=\"https:\/\/cvinoticias.com\/v3\/bono-de-6-000-de-anses-y-un-ife-4-las-medidas-que-anunciara-fernandez\/\" \/>\n<meta property=\"og:site_name\" content=\"CVI NOTICIAS\" \/>\n<meta property=\"article:publisher\" content=\"https:\/\/www.facebook.com\/cvinoticias\" \/>\n<meta property=\"article:published_time\" content=\"2021-09-14T21:23:39+00:00\" \/>\n<meta property=\"og:image\" content=\"https:\/\/cvinoticias.com\/wp-content\/uploads\/2021\/09\/alberto-fernandez_862x485.jpg\" \/>\n\t<meta property=\"og:image:width\" content=\"862\" \/>\n\t<meta property=\"og:image:height\" content=\"485\" \/>\n\t<meta property=\"og:image:type\" content=\"image\/jpeg\" \/>\n<meta name=\"author\" content=\"f1000024\" \/>\n<meta name=\"twitter:card\" content=\"summary_large_image\" \/>\n<meta name=\"twitter:label1\" content=\"Escrito por\" \/>\n\t<meta name=\"twitter:data1\" content=\"f1000024\" \/>\n\t<meta name=\"twitter:label2\" content=\"Tiempo de lectura\" \/>\n\t<meta name=\"twitter:data2\" content=\"2 minutos\" \/>\n<script type=\"application\/ld+json\" class=\"yoast-schema-graph\">{\"@context\":\"https:\\\/\\\/schema.org\",\"@graph\":[{\"@type\":\"Article\",\"@id\":\"https:\\\/\\\/cvinoticias.com\\\/v3\\\/bono-de-6-000-de-anses-y-un-ife-4-las-medidas-que-anunciara-fernandez\\\/#article\",\"isPartOf\":{\"@id\":\"https:\\\/\\\/cvinoticias.com\\\/v3\\\/bono-de-6-000-de-anses-y-un-ife-4-las-medidas-que-anunciara-fernandez\\\/\"},\"author\":{\"name\":\"f1000024\",\"@id\":\"https:\\\/\\\/cvinoticias.com\\\/v3\\\/#\\\/schema\\\/person\\\/2db77e3c6bc03c538495d7b2b8be9b66\"},\"headline\":\"Bono de $6.000 de Anses y un IFE 4: las medidas que anunciar\u00e1 Fern\u00e1ndez\",\"datePublished\":\"2021-09-14T21:23:39+00:00\",\"mainEntityOfPage\":{\"@id\":\"https:\\\/\\\/cvinoticias.com\\\/v3\\\/bono-de-6-000-de-anses-y-un-ife-4-las-medidas-que-anunciara-fernandez\\\/\"},\"wordCount\":472,\"commentCount\":0,\"publisher\":{\"@id\":\"https:\\\/\\\/cvinoticias.com\\\/v3\\\/#organization\"},\"image\":{\"@id\":\"https:\\\/\\\/cvinoticias.com\\\/v3\\\/bono-de-6-000-de-anses-y-un-ife-4-las-medidas-que-anunciara-fernandez\\\/#primaryimage\"},\"thumbnailUrl\":\"https:\\\/\\\/cvinoticias.com\\\/wp-content\\\/uploads\\\/2021\\\/09\\\/alberto-fernandez_862x485.jpg\",\"articleSection\":[\"Nacionales\"],\"inLanguage\":\"es\",\"potentialAction\":[{\"@type\":\"CommentAction\",\"name\":\"Comment\",\"target\":[\"https:\\\/\\\/cvinoticias.com\\\/v3\\\/bono-de-6-000-de-anses-y-un-ife-4-las-medidas-que-anunciara-fernandez\\\/#respond\"]}]},{\"@type\":\"WebPage\",\"@id\":\"https:\\\/\\\/cvinoticias.com\\\/v3\\\/bono-de-6-000-de-anses-y-un-ife-4-las-medidas-que-anunciara-fernandez\\\/\",\"url\":\"https:\\\/\\\/cvinoticias.com\\\/v3\\\/bono-de-6-000-de-anses-y-un-ife-4-las-medidas-que-anunciara-fernandez\\\/\",\"name\":\"Bono de $6.000 de Anses y un IFE 4: las medidas que anunciar\u00e1 Fern\u00e1ndez | CVI NOTICIAS\",\"isPartOf\":{\"@id\":\"https:\\\/\\\/cvinoticias.com\\\/v3\\\/#website\"},\"primaryImageOfPage\":{\"@id\":\"https:\\\/\\\/cvinoticias.com\\\/v3\\\/bono-de-6-000-de-anses-y-un-ife-4-las-medidas-que-anunciara-fernandez\\\/#primaryimage\"},\"image\":{\"@id\":\"https:\\\/\\\/cvinoticias.com\\\/v3\\\/bono-de-6-000-de-anses-y-un-ife-4-las-medidas-que-anunciara-fernandez\\\/#primaryimage\"},\"thumbnailUrl\":\"https:\\\/\\\/cvinoticias.com\\\/wp-content\\\/uploads\\\/2021\\\/09\\\/alberto-fernandez_862x485.jpg\",\"datePublished\":\"2021-09-14T21:23:39+00:00\",\"breadcrumb\":{\"@id\":\"https:\\\/\\\/cvinoticias.com\\\/v3\\\/bono-de-6-000-de-anses-y-un-ife-4-las-medidas-que-anunciara-fernandez\\\/#breadcrumb\"},\"inLanguage\":\"es\",\"potentialAction\":[{\"@type\":\"ReadAction\",\"target\":[\"https:\\\/\\\/cvinoticias.com\\\/v3\\\/bono-de-6-000-de-anses-y-un-ife-4-las-medidas-que-anunciara-fernandez\\\/\"]}]},{\"@type\":\"ImageObject\",\"inLanguage\":\"es\",\"@id\":\"https:\\\/\\\/cvinoticias.com\\\/v3\\\/bono-de-6-000-de-anses-y-un-ife-4-las-medidas-que-anunciara-fernandez\\\/#primaryimage\",\"url\":\"https:\\\/\\\/cvinoticias.com\\\/wp-content\\\/uploads\\\/2021\\\/09\\\/alberto-fernandez_862x485.jpg\",\"contentUrl\":\"https:\\\/\\\/cvinoticias.com\\\/wp-content\\\/uploads\\\/2021\\\/09\\\/alberto-fernandez_862x485.jpg\",\"width\":862,\"height\":485},{\"@type\":\"BreadcrumbList\",\"@id\":\"https:\\\/\\\/cvinoticias.com\\\/v3\\\/bono-de-6-000-de-anses-y-un-ife-4-las-medidas-que-anunciara-fernandez\\\/#breadcrumb\",\"itemListElement\":[{\"@type\":\"ListItem\",\"position\":1,\"name\":\"Portada\",\"item\":\"https:\\\/\\\/cvinoticias.com\\\/v3\\\/\"},{\"@type\":\"ListItem\",\"position\":2,\"name\":\"Bono de $6.000 de Anses y un IFE 4: las medidas que anunciar\u00e1 Fern\u00e1ndez\"}]},{\"@type\":\"WebSite\",\"@id\":\"https:\\\/\\\/cvinoticias.com\\\/v3\\\/#website\",\"url\":\"https:\\\/\\\/cvinoticias.com\\\/v3\\\/\",\"name\":\"CVI NOTICIAS\",\"description\":\"\",\"publisher\":{\"@id\":\"https:\\\/\\\/cvinoticias.com\\\/v3\\\/#organization\"},\"alternateName\":\"CVI\",\"potentialAction\":[{\"@type\":\"SearchAction\",\"target\":{\"@type\":\"EntryPoint\",\"urlTemplate\":\"https:\\\/\\\/cvinoticias.com\\\/v3\\\/?s={search_term_string}\"},\"query-input\":{\"@type\":\"PropertyValueSpecification\",\"valueRequired\":true,\"valueName\":\"search_term_string\"}}],\"inLanguage\":\"es\"},{\"@type\":\"Organization\",\"@id\":\"https:\\\/\\\/cvinoticias.com\\\/v3\\\/#organization\",\"name\":\"CVI NOTICIAS\",\"url\":\"https:\\\/\\\/cvinoticias.com\\\/v3\\\/\",\"logo\":{\"@type\":\"ImageObject\",\"inLanguage\":\"es\",\"@id\":\"https:\\\/\\\/cvinoticias.com\\\/v3\\\/#\\\/schema\\\/logo\\\/image\\\/\",\"url\":\"https:\\\/\\\/cvinoticias.com\\\/wp-content\\\/uploads\\\/2023\\\/04\\\/cropped-cropped-cropped-cropped-cropped-3-1.png\",\"contentUrl\":\"https:\\\/\\\/cvinoticias.com\\\/wp-content\\\/uploads\\\/2023\\\/04\\\/cropped-cropped-cropped-cropped-cropped-3-1.png\",\"width\":95,\"height\":122,\"caption\":\"CVI NOTICIAS\"},\"image\":{\"@id\":\"https:\\\/\\\/cvinoticias.com\\\/v3\\\/#\\\/schema\\\/logo\\\/image\\\/\"},\"sameAs\":[\"https:\\\/\\\/www.facebook.com\\\/cvinoticias\",\"https:\\\/\\\/www.instagram.com\\\/cvinoticias\\\/\",\"https:\\\/\\\/www.youtube.com\\\/@CVINOTICIAS\"]},{\"@type\":\"Person\",\"@id\":\"https:\\\/\\\/cvinoticias.com\\\/v3\\\/#\\\/schema\\\/person\\\/2db77e3c6bc03c538495d7b2b8be9b66\",\"name\":\"f1000024\",\"image\":{\"@type\":\"ImageObject\",\"inLanguage\":\"es\",\"@id\":\"https:\\\/\\\/secure.gravatar.com\\\/avatar\\\/d4fe7459cfc51ff5129ce1a732bbef5928568b8092d412ef95611616376bbeed?s=96&d=mm&r=g\",\"url\":\"https:\\\/\\\/secure.gravatar.com\\\/avatar\\\/d4fe7459cfc51ff5129ce1a732bbef5928568b8092d412ef95611616376bbeed?s=96&d=mm&r=g\",\"contentUrl\":\"https:\\\/\\\/secure.gravatar.com\\\/avatar\\\/d4fe7459cfc51ff5129ce1a732bbef5928568b8092d412ef95611616376bbeed?s=96&d=mm&r=g\",\"caption\":\"f1000024\"},\"url\":\"https:\\\/\\\/cvinoticias.com\\\/v3\\\/author\\\/f1000024\\\/\"}]}<\/script>\n<!-- \/ Yoast SEO plugin. -->","yoast_head_json":{"title":"Bono de $6.000 de Anses y un IFE 4: las medidas que anunciar\u00e1 Fern\u00e1ndez | CVI NOTICIAS","robots":{"index":"index","follow":"follow","max-snippet":"max-snippet:-1","max-image-preview":"max-image-preview:large","max-video-preview":"max-video-preview:-1"},"canonical":"https:\/\/cvinoticias.com\/v3\/bono-de-6-000-de-anses-y-un-ife-4-las-medidas-que-anunciara-fernandez\/","og_locale":"es_ES","og_type":"article","og_title":"Bono de $6.000 de Anses y un IFE 4: las medidas que anunciar\u00e1 Fern\u00e1ndez | CVI NOTICIAS","og_description":"Luego de la derrota electoral del Frente de Todos en las PASO 2021, el presidente de la Naci\u00f3n anunciar\u00e1 el jueves una serie de medidas econ\u00f3micas. Tras la derrota electoral del Frente de Todos en las Primarias Abiertas, Simult\u00e1neas y Obligatorias (PASO) del pasado domingo 12 de septiembre, el presidente de la Naci\u00f3n, Alberto Fern\u00e1ndez, [&hellip;]","og_url":"https:\/\/cvinoticias.com\/v3\/bono-de-6-000-de-anses-y-un-ife-4-las-medidas-que-anunciara-fernandez\/","og_site_name":"CVI NOTICIAS","article_publisher":"https:\/\/www.facebook.com\/cvinoticias","article_published_time":"2021-09-14T21:23:39+00:00","og_image":[{"width":862,"height":485,"url":"https:\/\/cvinoticias.com\/wp-content\/uploads\/2021\/09\/alberto-fernandez_862x485.jpg","type":"image\/jpeg"}],"author":"f1000024","twitter_card":"summary_large_image","twitter_misc":{"Escrito por":"f1000024","Tiempo de lectura":"2 minutos"},"schema":{"@context":"https:\/\/schema.org","@graph":[{"@type":"Article","@id":"https:\/\/cvinoticias.com\/v3\/bono-de-6-000-de-anses-y-un-ife-4-las-medidas-que-anunciara-fernandez\/#article","isPartOf":{"@id":"https:\/\/cvinoticias.com\/v3\/bono-de-6-000-de-anses-y-un-ife-4-las-medidas-que-anunciara-fernandez\/"},"author":{"name":"f1000024","@id":"https:\/\/cvinoticias.com\/v3\/#\/schema\/person\/2db77e3c6bc03c538495d7b2b8be9b66"},"headline":"Bono de $6.000 de Anses y un IFE 4: las medidas que anunciar\u00e1 Fern\u00e1ndez","datePublished":"2021-09-14T21:23:39+00:00","mainEntityOfPage":{"@id":"https:\/\/cvinoticias.com\/v3\/bono-de-6-000-de-anses-y-un-ife-4-las-medidas-que-anunciara-fernandez\/"},"wordCount":472,"commentCount":0,"publisher":{"@id":"https:\/\/cvinoticias.com\/v3\/#organization"},"image":{"@id":"https:\/\/cvinoticias.com\/v3\/bono-de-6-000-de-anses-y-un-ife-4-las-medidas-que-anunciara-fernandez\/#primaryimage"},"thumbnailUrl":"https:\/\/cvinoticias.com\/wp-content\/uploads\/2021\/09\/alberto-fernandez_862x485.jpg","articleSection":["Nacionales"],"inLanguage":"es","potentialAction":[{"@type":"CommentAction","name":"Comment","target":["https:\/\/cvinoticias.com\/v3\/bono-de-6-000-de-anses-y-un-ife-4-las-medidas-que-anunciara-fernandez\/#respond"]}]},{"@type":"WebPage","@id":"https:\/\/cvinoticias.com\/v3\/bono-de-6-000-de-anses-y-un-ife-4-las-medidas-que-anunciara-fernandez\/","url":"https:\/\/cvinoticias.com\/v3\/bono-de-6-000-de-anses-y-un-ife-4-las-medidas-que-anunciara-fernandez\/","name":"Bono de $6.000 de Anses y un IFE 4: las medidas que anunciar\u00e1 Fern\u00e1ndez | CVI NOTICIAS","isPartOf":{"@id":"https:\/\/cvinoticias.com\/v3\/#website"},"primaryImageOfPage":{"@id":"https:\/\/cvinoticias.com\/v3\/bono-de-6-000-de-anses-y-un-ife-4-las-medidas-que-anunciara-fernandez\/#primaryimage"},"image":{"@id":"https:\/\/cvinoticias.com\/v3\/bono-de-6-000-de-anses-y-un-ife-4-las-medidas-que-anunciara-fernandez\/#primaryimage"},"thumbnailUrl":"https:\/\/cvinoticias.com\/wp-content\/uploads\/2021\/09\/alberto-fernandez_862x485.jpg","datePublished":"2021-09-14T21:23:39+00:00","breadcrumb":{"@id":"https:\/\/cvinoticias.com\/v3\/bono-de-6-000-de-anses-y-un-ife-4-las-medidas-que-anunciara-fernandez\/#breadcrumb"},"inLanguage":"es","potentialAction":[{"@type":"ReadAction","target":["https:\/\/cvinoticias.com\/v3\/bono-de-6-000-de-anses-y-un-ife-4-las-medidas-que-anunciara-fernandez\/"]}]},{"@type":"ImageObject","inLanguage":"es","@id":"https:\/\/cvinoticias.com\/v3\/bono-de-6-000-de-anses-y-un-ife-4-las-medidas-que-anunciara-fernandez\/#primaryimage","url":"https:\/\/cvinoticias.com\/wp-content\/uploads\/2021\/09\/alberto-fernandez_862x485.jpg","contentUrl":"https:\/\/cvinoticias.com\/wp-content\/uploads\/2021\/09\/alberto-fernandez_862x485.jpg","width":862,"height":485},{"@type":"BreadcrumbList","@id":"https:\/\/cvinoticias.com\/v3\/bono-de-6-000-de-anses-y-un-ife-4-las-medidas-que-anunciara-fernandez\/#breadcrumb","itemListElement":[{"@type":"ListItem","position":1,"name":"Portada","item":"https:\/\/cvinoticias.com\/v3\/"},{"@type":"ListItem","position":2,"name":"Bono de $6.000 de Anses y un IFE 4: las medidas que anunciar\u00e1 Fern\u00e1ndez"}]},{"@type":"WebSite","@id":"https:\/\/cvinoticias.com\/v3\/#website","url":"https:\/\/cvinoticias.com\/v3\/","name":"CVI NOTICIAS","description":"","publisher":{"@id":"https:\/\/cvinoticias.com\/v3\/#organization"},"alternateName":"CVI","potentialAction":[{"@type":"SearchAction","target":{"@type":"EntryPoint","urlTemplate":"https:\/\/cvinoticias.com\/v3\/?s={search_term_string}"},"query-input":{"@type":"PropertyValueSpecification","valueRequired":true,"valueName":"search_term_string"}}],"inLanguage":"es"},{"@type":"Organization","@id":"https:\/\/cvinoticias.com\/v3\/#organization","name":"CVI NOTICIAS","url":"https:\/\/cvinoticias.com\/v3\/","logo":{"@type":"ImageObject","inLanguage":"es","@id":"https:\/\/cvinoticias.com\/v3\/#\/schema\/logo\/image\/","url":"https:\/\/cvinoticias.com\/wp-content\/uploads\/2023\/04\/cropped-cropped-cropped-cropped-cropped-3-1.png","contentUrl":"https:\/\/cvinoticias.com\/wp-content\/uploads\/2023\/04\/cropped-cropped-cropped-cropped-cropped-3-1.png","width":95,"height":122,"caption":"CVI NOTICIAS"},"image":{"@id":"https:\/\/cvinoticias.com\/v3\/#\/schema\/logo\/image\/"},"sameAs":["https:\/\/www.facebook.com\/cvinoticias","https:\/\/www.instagram.com\/cvinoticias\/","https:\/\/www.youtube.com\/@CVINOTICIAS"]},{"@type":"Person","@id":"https:\/\/cvinoticias.com\/v3\/#\/schema\/person\/2db77e3c6bc03c538495d7b2b8be9b66","name":"f1000024","image":{"@type":"ImageObject","inLanguage":"es","@id":"https:\/\/secure.gravatar.com\/avatar\/d4fe7459cfc51ff5129ce1a732bbef5928568b8092d412ef95611616376bbeed?s=96&d=mm&r=g","url":"https:\/\/secure.gravatar.com\/avatar\/d4fe7459cfc51ff5129ce1a732bbef5928568b8092d412ef95611616376bbeed?s=96&d=mm&r=g","contentUrl":"https:\/\/secure.gravatar.com\/avatar\/d4fe7459cfc51ff5129ce1a732bbef5928568b8092d412ef95611616376bbeed?s=96&d=mm&r=g","caption":"f1000024"},"url":"https:\/\/cvinoticias.com\/v3\/author\/f1000024\/"}]}},"_links":{"self":[{"href":"https:\/\/cvinoticias.com\/v3\/wp-json\/wp\/v2\/posts\/8496","targetHints":{"allow":["GET"]}}],"collection":[{"href":"https:\/\/cvinoticias.com\/v3\/wp-json\/wp\/v2\/posts"}],"about":[{"href":"https:\/\/cvinoticias.com\/v3\/wp-json\/wp\/v2\/types\/post"}],"author":[{"embeddable":true,"href":"https:\/\/cvinoticias.com\/v3\/wp-json\/wp\/v2\/users\/2"}],"replies":[{"embeddable":true,"href":"https:\/\/cvinoticias.com\/v3\/wp-json\/wp\/v2\/comments?post=8496"}],"version-history":[{"count":1,"href":"https:\/\/cvinoticias.com\/v3\/wp-json\/wp\/v2\/posts\/8496\/revisions"}],"predecessor-version":[{"id":8498,"href":"https:\/\/cvinoticias.com\/v3\/wp-json\/wp\/v2\/posts\/8496\/revisions\/8498"}],"wp:featuredmedia":[{"embeddable":true,"href":"https:\/\/cvinoticias.com\/v3\/wp-json\/wp\/v2\/media\/8497"}],"wp:attachment":[{"href":"https:\/\/cvinoticias.com\/v3\/wp-json\/wp\/v2\/media?parent=8496"}],"wp:term":[{"taxonomy":"category","embeddable":true,"href":"https:\/\/cvinoticias.com\/v3\/wp-json\/wp\/v2\/categories?post=8496"},{"taxonomy":"post_tag","embeddable":true,"href":"https:\/\/cvinoticias.com\/v3\/wp-json\/wp\/v2\/tags?post=8496"}],"curies":[{"name":"wp","href":"https:\/\/api.w.org\/{rel}","templated":true}]}}