{"id":8484,"date":"2021-09-14T19:26:01","date_gmt":"2021-09-14T19:26:01","guid":{"rendered":"https:\/\/cvinoticias.com\/v3\/?p=8484"},"modified":"2021-09-14T19:26:01","modified_gmt":"2021-09-14T19:26:01","slug":"el-gobierno-nacional-acordo-47-de-aumento-para-docentes-y-no-docentes-universitarios","status":"publish","type":"post","link":"https:\/\/cvinoticias.com\/v3\/el-gobierno-nacional-acordo-47-de-aumento-para-docentes-y-no-docentes-universitarios\/","title":{"rendered":"El Gobierno nacional acord\u00f3 47% de aumento para docentes y no docentes universitarios"},"content":{"rendered":"\n<p><strong><em>El ministro de Educaci\u00f3n de la Naci\u00f3n, encabez\u00f3 una nueva mesa paritaria de seguimiento para docentes, junto con el secretario de Pol\u00edticas Universitarias, Jaime Perczyk, y los representantes de los sindicatos CONADU, CONADU HIST\u00d3RICA, FEDUN, FAGDUT, UDA y CTERA.<\/em><\/strong><\/p>\n\n\n\n<p>El ministro de Educaci\u00f3n de la Naci\u00f3n, Nicol\u00e1s Trotta, encabez\u00f3 una nueva mesa paritaria de seguimiento para docentes, junto con el secretario de Pol\u00edticas Universitarias, Jaime Perczyk, y los representantes de los sindicatos CONADU, CONADU HIST\u00d3RICA, FEDUN, FAGDUT, UDA y CTERA.<\/p>\n\n\n\n<p>Tras la reuni\u00f3n se resolvi\u00f3 -por unanimidad de todos los sindicatos- incorporar al acuerdo paritario cerrado en mayo del 2021 para las y los docentes universitarios, el aumento salarial del 12% se aplicar\u00e1 sobre los salarios de marzo de 2021, con la siguiente distribuci\u00f3n: un 6% en septiembre; un 2% en octubre de 2021, totalizando el incremento para dicho mes un 7%; y un 4% en enero de 2022.<\/p>\n\n\n\n<p>Adem\u00e1s, a los docentes universitarios se suma el bono por conectividad, que hasta el momento era de $1000, se duplicar\u00e1 durante los meses de octubre, noviembre y diciembre, pasando a ser de $2000 y se sostendr\u00e1 durante los meses de enero, febrero y marzo de 2022.<\/p>\n\n\n\n<p>D\u00edas atr\u00e1s, el mismo acuerdo fue celebrado por el gremio no docente FATUN, con el cu\u00e1l tambi\u00e9n se acord\u00f3 un bono de $6.000 por el d\u00eda del no docente, el cu\u00e1l se abonar\u00e1 en dos cuotas con los salarios de octubre y noviembre.<\/p>\n\n\n\n<p>Asimismo, las partes acuerdan realizar una nueva mesa de seguimiento durante la segunda quincena de diciembre de 2021.<\/p>\n\n\n\n<p>El ministro de Educaci\u00f3n nacional expres\u00f3: \u201cHoy continuamos el proceso de recomposici\u00f3n de los salarios universitarios, en el marco de la situaci\u00f3n compleja de los \u00faltimos a\u00f1os. Tenemos que robustecer el salario a partir de la paritaria y desplegar las pol\u00edticas econ\u00f3micas que nos permitan contener la inflaci\u00f3n, porque comprendemos y valoramos enormemente el compromiso del sistema universitario y de sus organizaciones\u201d.<\/p>\n\n\n\n<p>Por su parte, el secretario de Pol\u00edticas Universitarias, Jaime Perczyk, afirm\u00f3: \u201cArgentina tiene m\u00faltiples necesidades y nuestra pol\u00edtica es organizarlas. Para nuestro gobierno el salario de los trabajadores es una prioridad\u201d, y continu\u00f3: \u201cHoy estamos en una mesa de revisi\u00f3n salarial a la cual nosotros queremos honrar para recomponer el salario de las y los docentes y no docentes universitarios\u201d.<\/p>\n\n\n\n<p><br>El 12 de agosto pasado el titular de la cartera educativa mantuvo un encuentro con los sindicatos docentes y no docentes universitarios tras la decisi\u00f3n de adelantar la mesa de seguimiento acordada para septiembre, con el objetivo de dialogar con los gremios, analizar la situaci\u00f3n actual de las universidades e iniciar la negociaci\u00f3n de un nuevo acuerdo paritario que reafirme el compromiso del gobierno con las trabajadoras y los trabajadores.<\/p>\n\n\n\n<p>En mayo de este a\u00f1o el Ministerio de Educaci\u00f3n hab\u00eda acordado un 8 por ciento retroactivo desde abril, 6% en junio, 4% en agosto, 5% en octubre, 7% en diciembre y 5% en febrero. Por lo tanto, con esta nueva firma el salario docente y no docente universitario se elevar\u00e1 un 47% cumpliendo con el compromiso del presidente, Alberto Fern\u00e1ndez, de ganarle a la inflaci\u00f3n que est\u00e1 proyectada en un 45%.<\/p>\n\n\n\n<p>Participaron de la reuni\u00f3n de forma presencial: Cesar Albornoz, subsecretario de Pol\u00edticas Universitarias; Leandro Quiroga, subsecretario de Fortalecimiento de Trayectorias Estudiantiles; Daniel Hugo L\u00f3pez, director Nacional de Calidad Universitaria; y de forma virtual; el presidente del CIN, Rodolfo Tecchi y los siguientes miembros paritarios: Andr\u00e9s Sabella, Julio C. Mazzotta, Franco Bartolacci, Hugo Santos Rojas, Victor Mori\u00f1igo, Sandra Torlucci y Dario Kusinsky, representantes del CIN.<\/p>\n\n\n\n<p>Por parte de los gremios participaron, Daniel Ricci, Jos\u00e9 Horacio Reversat, Mario Sequeiras y Miguel Briscas (FEDUN); Norberto Cabanas y Julio Alberto Condori Barrios (UDA); Carlos de Feo, Gast\u00f3n Navarta, Andrea Ozamiz, Ayel\u00e9n D\u00edaz y Octavio Miloni (CONADU); Norberto Emilio Heyaca, Ricardo Omar Mozzi y Jos\u00e9 Gabriele (FAGDUT); Marcelo Creta y Jos\u00e9 Scarano (CTERA); Luis Tiscornia, Claudia Baigorria y Antonio Rossell\u00f3 (CONADU HIST\u00d3RICA).<\/p>\n\n\n\n<p>Por su parte, los miembros de FATUN: Walter Merkis, Susana Ramos, Jorge Anr\u00f3 y Daniel Villa; hab\u00edan firmado el mismo acuerdo paritario el 2 de septiembre y el bono el 8 del mismo mes.<\/p>\n\n\n\n<p><\/p>\n\n\n\n<p><\/p>\n\n\n\n<p><strong>Fuente: MOL<\/strong><\/p>\n","protected":false},"excerpt":{"rendered":"<p>El ministro de Educaci\u00f3n de la Naci\u00f3n, encabez\u00f3 una nueva mesa paritaria de seguimiento para docentes, junto con el secretario de Pol\u00edticas Universitarias, Jaime Perczyk, y los representantes de los sindicatos CONADU, CONADU HIST\u00d3RICA, FEDUN, FAGDUT, UDA y CTERA. El ministro de Educaci\u00f3n de la Naci\u00f3n, Nicol\u00e1s Trotta, encabez\u00f3 una nueva mesa paritaria de seguimiento [&hellip;]<\/p>\n","protected":false},"author":2,"featured_media":8485,"comment_status":"open","ping_status":"open","sticky":false,"template":"","format":"standard","meta":{"footnotes":""},"categories":[35],"tags":[],"class_list":["post-8484","post","type-post","status-publish","format-standard","has-post-thumbnail","hentry","category-informacion-general"],"yoast_head":"<!-- This site is optimized with the Yoast SEO plugin v27.5 - https:\/\/yoast.com\/product\/yoast-seo-wordpress\/ -->\n<title>El Gobierno nacional acord\u00f3 47% de aumento para docentes y no docentes universitarios | CVI NOTICIAS<\/title>\n<meta name=\"robots\" content=\"index, follow, max-snippet:-1, max-image-preview:large, max-video-preview:-1\" \/>\n<link rel=\"canonical\" href=\"https:\/\/cvinoticias.com\/v3\/el-gobierno-nacional-acordo-47-de-aumento-para-docentes-y-no-docentes-universitarios\/\" \/>\n<meta property=\"og:locale\" content=\"es_ES\" \/>\n<meta property=\"og:type\" content=\"article\" \/>\n<meta property=\"og:title\" content=\"El Gobierno nacional acord\u00f3 47% de aumento para docentes y no docentes universitarios | CVI NOTICIAS\" \/>\n<meta property=\"og:description\" content=\"El ministro de Educaci\u00f3n de la Naci\u00f3n, encabez\u00f3 una nueva mesa paritaria de seguimiento para docentes, junto con el secretario de Pol\u00edticas Universitarias, Jaime Perczyk, y los representantes de los sindicatos CONADU, CONADU HIST\u00d3RICA, FEDUN, FAGDUT, UDA y CTERA. El ministro de Educaci\u00f3n de la Naci\u00f3n, Nicol\u00e1s Trotta, encabez\u00f3 una nueva mesa paritaria de seguimiento [&hellip;]\" \/>\n<meta property=\"og:url\" content=\"https:\/\/cvinoticias.com\/v3\/el-gobierno-nacional-acordo-47-de-aumento-para-docentes-y-no-docentes-universitarios\/\" \/>\n<meta property=\"og:site_name\" content=\"CVI NOTICIAS\" \/>\n<meta property=\"article:publisher\" content=\"https:\/\/www.facebook.com\/cvinoticias\" \/>\n<meta property=\"article:published_time\" content=\"2021-09-14T19:26:01+00:00\" \/>\n<meta property=\"og:image\" content=\"https:\/\/cvinoticias.com\/wp-content\/uploads\/2021\/09\/images-6.jpeg\" \/>\n\t<meta property=\"og:image:width\" content=\"275\" \/>\n\t<meta property=\"og:image:height\" content=\"183\" \/>\n\t<meta property=\"og:image:type\" content=\"image\/jpeg\" \/>\n<meta name=\"author\" content=\"f1000024\" \/>\n<meta name=\"twitter:card\" content=\"summary_large_image\" \/>\n<meta name=\"twitter:label1\" content=\"Escrito por\" \/>\n\t<meta name=\"twitter:data1\" content=\"f1000024\" \/>\n\t<meta name=\"twitter:label2\" content=\"Tiempo de lectura\" \/>\n\t<meta name=\"twitter:data2\" content=\"4 minutos\" \/>\n<script type=\"application\/ld+json\" class=\"yoast-schema-graph\">{\"@context\":\"https:\\\/\\\/schema.org\",\"@graph\":[{\"@type\":\"Article\",\"@id\":\"https:\\\/\\\/cvinoticias.com\\\/v3\\\/el-gobierno-nacional-acordo-47-de-aumento-para-docentes-y-no-docentes-universitarios\\\/#article\",\"isPartOf\":{\"@id\":\"https:\\\/\\\/cvinoticias.com\\\/v3\\\/el-gobierno-nacional-acordo-47-de-aumento-para-docentes-y-no-docentes-universitarios\\\/\"},\"author\":{\"name\":\"f1000024\",\"@id\":\"https:\\\/\\\/cvinoticias.com\\\/v3\\\/#\\\/schema\\\/person\\\/2db77e3c6bc03c538495d7b2b8be9b66\"},\"headline\":\"El Gobierno nacional acord\u00f3 47% de aumento para docentes y no docentes universitarios\",\"datePublished\":\"2021-09-14T19:26:01+00:00\",\"mainEntityOfPage\":{\"@id\":\"https:\\\/\\\/cvinoticias.com\\\/v3\\\/el-gobierno-nacional-acordo-47-de-aumento-para-docentes-y-no-docentes-universitarios\\\/\"},\"wordCount\":716,\"commentCount\":0,\"publisher\":{\"@id\":\"https:\\\/\\\/cvinoticias.com\\\/v3\\\/#organization\"},\"image\":{\"@id\":\"https:\\\/\\\/cvinoticias.com\\\/v3\\\/el-gobierno-nacional-acordo-47-de-aumento-para-docentes-y-no-docentes-universitarios\\\/#primaryimage\"},\"thumbnailUrl\":\"https:\\\/\\\/cvinoticias.com\\\/wp-content\\\/uploads\\\/2021\\\/09\\\/images-6.jpeg\",\"articleSection\":[\"Informaci\u00f3n General\"],\"inLanguage\":\"es\",\"potentialAction\":[{\"@type\":\"CommentAction\",\"name\":\"Comment\",\"target\":[\"https:\\\/\\\/cvinoticias.com\\\/v3\\\/el-gobierno-nacional-acordo-47-de-aumento-para-docentes-y-no-docentes-universitarios\\\/#respond\"]}]},{\"@type\":\"WebPage\",\"@id\":\"https:\\\/\\\/cvinoticias.com\\\/v3\\\/el-gobierno-nacional-acordo-47-de-aumento-para-docentes-y-no-docentes-universitarios\\\/\",\"url\":\"https:\\\/\\\/cvinoticias.com\\\/v3\\\/el-gobierno-nacional-acordo-47-de-aumento-para-docentes-y-no-docentes-universitarios\\\/\",\"name\":\"El Gobierno nacional acord\u00f3 47% de aumento para docentes y no docentes universitarios | CVI NOTICIAS\",\"isPartOf\":{\"@id\":\"https:\\\/\\\/cvinoticias.com\\\/v3\\\/#website\"},\"primaryImageOfPage\":{\"@id\":\"https:\\\/\\\/cvinoticias.com\\\/v3\\\/el-gobierno-nacional-acordo-47-de-aumento-para-docentes-y-no-docentes-universitarios\\\/#primaryimage\"},\"image\":{\"@id\":\"https:\\\/\\\/cvinoticias.com\\\/v3\\\/el-gobierno-nacional-acordo-47-de-aumento-para-docentes-y-no-docentes-universitarios\\\/#primaryimage\"},\"thumbnailUrl\":\"https:\\\/\\\/cvinoticias.com\\\/wp-content\\\/uploads\\\/2021\\\/09\\\/images-6.jpeg\",\"datePublished\":\"2021-09-14T19:26:01+00:00\",\"breadcrumb\":{\"@id\":\"https:\\\/\\\/cvinoticias.com\\\/v3\\\/el-gobierno-nacional-acordo-47-de-aumento-para-docentes-y-no-docentes-universitarios\\\/#breadcrumb\"},\"inLanguage\":\"es\",\"potentialAction\":[{\"@type\":\"ReadAction\",\"target\":[\"https:\\\/\\\/cvinoticias.com\\\/v3\\\/el-gobierno-nacional-acordo-47-de-aumento-para-docentes-y-no-docentes-universitarios\\\/\"]}]},{\"@type\":\"ImageObject\",\"inLanguage\":\"es\",\"@id\":\"https:\\\/\\\/cvinoticias.com\\\/v3\\\/el-gobierno-nacional-acordo-47-de-aumento-para-docentes-y-no-docentes-universitarios\\\/#primaryimage\",\"url\":\"https:\\\/\\\/cvinoticias.com\\\/wp-content\\\/uploads\\\/2021\\\/09\\\/images-6.jpeg\",\"contentUrl\":\"https:\\\/\\\/cvinoticias.com\\\/wp-content\\\/uploads\\\/2021\\\/09\\\/images-6.jpeg\",\"width\":275,\"height\":183},{\"@type\":\"BreadcrumbList\",\"@id\":\"https:\\\/\\\/cvinoticias.com\\\/v3\\\/el-gobierno-nacional-acordo-47-de-aumento-para-docentes-y-no-docentes-universitarios\\\/#breadcrumb\",\"itemListElement\":[{\"@type\":\"ListItem\",\"position\":1,\"name\":\"Portada\",\"item\":\"https:\\\/\\\/cvinoticias.com\\\/v3\\\/\"},{\"@type\":\"ListItem\",\"position\":2,\"name\":\"El Gobierno nacional acord\u00f3 47% de aumento para docentes y no docentes universitarios\"}]},{\"@type\":\"WebSite\",\"@id\":\"https:\\\/\\\/cvinoticias.com\\\/v3\\\/#website\",\"url\":\"https:\\\/\\\/cvinoticias.com\\\/v3\\\/\",\"name\":\"CVI NOTICIAS\",\"description\":\"\",\"publisher\":{\"@id\":\"https:\\\/\\\/cvinoticias.com\\\/v3\\\/#organization\"},\"alternateName\":\"CVI\",\"potentialAction\":[{\"@type\":\"SearchAction\",\"target\":{\"@type\":\"EntryPoint\",\"urlTemplate\":\"https:\\\/\\\/cvinoticias.com\\\/v3\\\/?s={search_term_string}\"},\"query-input\":{\"@type\":\"PropertyValueSpecification\",\"valueRequired\":true,\"valueName\":\"search_term_string\"}}],\"inLanguage\":\"es\"},{\"@type\":\"Organization\",\"@id\":\"https:\\\/\\\/cvinoticias.com\\\/v3\\\/#organization\",\"name\":\"CVI NOTICIAS\",\"url\":\"https:\\\/\\\/cvinoticias.com\\\/v3\\\/\",\"logo\":{\"@type\":\"ImageObject\",\"inLanguage\":\"es\",\"@id\":\"https:\\\/\\\/cvinoticias.com\\\/v3\\\/#\\\/schema\\\/logo\\\/image\\\/\",\"url\":\"https:\\\/\\\/cvinoticias.com\\\/wp-content\\\/uploads\\\/2023\\\/04\\\/cropped-cropped-cropped-cropped-cropped-3-1.png\",\"contentUrl\":\"https:\\\/\\\/cvinoticias.com\\\/wp-content\\\/uploads\\\/2023\\\/04\\\/cropped-cropped-cropped-cropped-cropped-3-1.png\",\"width\":95,\"height\":122,\"caption\":\"CVI NOTICIAS\"},\"image\":{\"@id\":\"https:\\\/\\\/cvinoticias.com\\\/v3\\\/#\\\/schema\\\/logo\\\/image\\\/\"},\"sameAs\":[\"https:\\\/\\\/www.facebook.com\\\/cvinoticias\",\"https:\\\/\\\/www.instagram.com\\\/cvinoticias\\\/\",\"https:\\\/\\\/www.youtube.com\\\/@CVINOTICIAS\"]},{\"@type\":\"Person\",\"@id\":\"https:\\\/\\\/cvinoticias.com\\\/v3\\\/#\\\/schema\\\/person\\\/2db77e3c6bc03c538495d7b2b8be9b66\",\"name\":\"f1000024\",\"image\":{\"@type\":\"ImageObject\",\"inLanguage\":\"es\",\"@id\":\"https:\\\/\\\/secure.gravatar.com\\\/avatar\\\/d4fe7459cfc51ff5129ce1a732bbef5928568b8092d412ef95611616376bbeed?s=96&d=mm&r=g\",\"url\":\"https:\\\/\\\/secure.gravatar.com\\\/avatar\\\/d4fe7459cfc51ff5129ce1a732bbef5928568b8092d412ef95611616376bbeed?s=96&d=mm&r=g\",\"contentUrl\":\"https:\\\/\\\/secure.gravatar.com\\\/avatar\\\/d4fe7459cfc51ff5129ce1a732bbef5928568b8092d412ef95611616376bbeed?s=96&d=mm&r=g\",\"caption\":\"f1000024\"},\"url\":\"https:\\\/\\\/cvinoticias.com\\\/v3\\\/author\\\/f1000024\\\/\"}]}<\/script>\n<!-- \/ Yoast SEO plugin. -->","yoast_head_json":{"title":"El Gobierno nacional acord\u00f3 47% de aumento para docentes y no docentes universitarios | CVI NOTICIAS","robots":{"index":"index","follow":"follow","max-snippet":"max-snippet:-1","max-image-preview":"max-image-preview:large","max-video-preview":"max-video-preview:-1"},"canonical":"https:\/\/cvinoticias.com\/v3\/el-gobierno-nacional-acordo-47-de-aumento-para-docentes-y-no-docentes-universitarios\/","og_locale":"es_ES","og_type":"article","og_title":"El Gobierno nacional acord\u00f3 47% de aumento para docentes y no docentes universitarios | CVI NOTICIAS","og_description":"El ministro de Educaci\u00f3n de la Naci\u00f3n, encabez\u00f3 una nueva mesa paritaria de seguimiento para docentes, junto con el secretario de Pol\u00edticas Universitarias, Jaime Perczyk, y los representantes de los sindicatos CONADU, CONADU HIST\u00d3RICA, FEDUN, FAGDUT, UDA y CTERA. El ministro de Educaci\u00f3n de la Naci\u00f3n, Nicol\u00e1s Trotta, encabez\u00f3 una nueva mesa paritaria de seguimiento [&hellip;]","og_url":"https:\/\/cvinoticias.com\/v3\/el-gobierno-nacional-acordo-47-de-aumento-para-docentes-y-no-docentes-universitarios\/","og_site_name":"CVI NOTICIAS","article_publisher":"https:\/\/www.facebook.com\/cvinoticias","article_published_time":"2021-09-14T19:26:01+00:00","og_image":[{"width":275,"height":183,"url":"https:\/\/cvinoticias.com\/wp-content\/uploads\/2021\/09\/images-6.jpeg","type":"image\/jpeg"}],"author":"f1000024","twitter_card":"summary_large_image","twitter_misc":{"Escrito por":"f1000024","Tiempo de lectura":"4 minutos"},"schema":{"@context":"https:\/\/schema.org","@graph":[{"@type":"Article","@id":"https:\/\/cvinoticias.com\/v3\/el-gobierno-nacional-acordo-47-de-aumento-para-docentes-y-no-docentes-universitarios\/#article","isPartOf":{"@id":"https:\/\/cvinoticias.com\/v3\/el-gobierno-nacional-acordo-47-de-aumento-para-docentes-y-no-docentes-universitarios\/"},"author":{"name":"f1000024","@id":"https:\/\/cvinoticias.com\/v3\/#\/schema\/person\/2db77e3c6bc03c538495d7b2b8be9b66"},"headline":"El Gobierno nacional acord\u00f3 47% de aumento para docentes y no docentes universitarios","datePublished":"2021-09-14T19:26:01+00:00","mainEntityOfPage":{"@id":"https:\/\/cvinoticias.com\/v3\/el-gobierno-nacional-acordo-47-de-aumento-para-docentes-y-no-docentes-universitarios\/"},"wordCount":716,"commentCount":0,"publisher":{"@id":"https:\/\/cvinoticias.com\/v3\/#organization"},"image":{"@id":"https:\/\/cvinoticias.com\/v3\/el-gobierno-nacional-acordo-47-de-aumento-para-docentes-y-no-docentes-universitarios\/#primaryimage"},"thumbnailUrl":"https:\/\/cvinoticias.com\/wp-content\/uploads\/2021\/09\/images-6.jpeg","articleSection":["Informaci\u00f3n General"],"inLanguage":"es","potentialAction":[{"@type":"CommentAction","name":"Comment","target":["https:\/\/cvinoticias.com\/v3\/el-gobierno-nacional-acordo-47-de-aumento-para-docentes-y-no-docentes-universitarios\/#respond"]}]},{"@type":"WebPage","@id":"https:\/\/cvinoticias.com\/v3\/el-gobierno-nacional-acordo-47-de-aumento-para-docentes-y-no-docentes-universitarios\/","url":"https:\/\/cvinoticias.com\/v3\/el-gobierno-nacional-acordo-47-de-aumento-para-docentes-y-no-docentes-universitarios\/","name":"El Gobierno nacional acord\u00f3 47% de aumento para docentes y no docentes universitarios | CVI NOTICIAS","isPartOf":{"@id":"https:\/\/cvinoticias.com\/v3\/#website"},"primaryImageOfPage":{"@id":"https:\/\/cvinoticias.com\/v3\/el-gobierno-nacional-acordo-47-de-aumento-para-docentes-y-no-docentes-universitarios\/#primaryimage"},"image":{"@id":"https:\/\/cvinoticias.com\/v3\/el-gobierno-nacional-acordo-47-de-aumento-para-docentes-y-no-docentes-universitarios\/#primaryimage"},"thumbnailUrl":"https:\/\/cvinoticias.com\/wp-content\/uploads\/2021\/09\/images-6.jpeg","datePublished":"2021-09-14T19:26:01+00:00","breadcrumb":{"@id":"https:\/\/cvinoticias.com\/v3\/el-gobierno-nacional-acordo-47-de-aumento-para-docentes-y-no-docentes-universitarios\/#breadcrumb"},"inLanguage":"es","potentialAction":[{"@type":"ReadAction","target":["https:\/\/cvinoticias.com\/v3\/el-gobierno-nacional-acordo-47-de-aumento-para-docentes-y-no-docentes-universitarios\/"]}]},{"@type":"ImageObject","inLanguage":"es","@id":"https:\/\/cvinoticias.com\/v3\/el-gobierno-nacional-acordo-47-de-aumento-para-docentes-y-no-docentes-universitarios\/#primaryimage","url":"https:\/\/cvinoticias.com\/wp-content\/uploads\/2021\/09\/images-6.jpeg","contentUrl":"https:\/\/cvinoticias.com\/wp-content\/uploads\/2021\/09\/images-6.jpeg","width":275,"height":183},{"@type":"BreadcrumbList","@id":"https:\/\/cvinoticias.com\/v3\/el-gobierno-nacional-acordo-47-de-aumento-para-docentes-y-no-docentes-universitarios\/#breadcrumb","itemListElement":[{"@type":"ListItem","position":1,"name":"Portada","item":"https:\/\/cvinoticias.com\/v3\/"},{"@type":"ListItem","position":2,"name":"El Gobierno nacional acord\u00f3 47% de aumento para docentes y no docentes universitarios"}]},{"@type":"WebSite","@id":"https:\/\/cvinoticias.com\/v3\/#website","url":"https:\/\/cvinoticias.com\/v3\/","name":"CVI NOTICIAS","description":"","publisher":{"@id":"https:\/\/cvinoticias.com\/v3\/#organization"},"alternateName":"CVI","potentialAction":[{"@type":"SearchAction","target":{"@type":"EntryPoint","urlTemplate":"https:\/\/cvinoticias.com\/v3\/?s={search_term_string}"},"query-input":{"@type":"PropertyValueSpecification","valueRequired":true,"valueName":"search_term_string"}}],"inLanguage":"es"},{"@type":"Organization","@id":"https:\/\/cvinoticias.com\/v3\/#organization","name":"CVI NOTICIAS","url":"https:\/\/cvinoticias.com\/v3\/","logo":{"@type":"ImageObject","inLanguage":"es","@id":"https:\/\/cvinoticias.com\/v3\/#\/schema\/logo\/image\/","url":"https:\/\/cvinoticias.com\/wp-content\/uploads\/2023\/04\/cropped-cropped-cropped-cropped-cropped-3-1.png","contentUrl":"https:\/\/cvinoticias.com\/wp-content\/uploads\/2023\/04\/cropped-cropped-cropped-cropped-cropped-3-1.png","width":95,"height":122,"caption":"CVI NOTICIAS"},"image":{"@id":"https:\/\/cvinoticias.com\/v3\/#\/schema\/logo\/image\/"},"sameAs":["https:\/\/www.facebook.com\/cvinoticias","https:\/\/www.instagram.com\/cvinoticias\/","https:\/\/www.youtube.com\/@CVINOTICIAS"]},{"@type":"Person","@id":"https:\/\/cvinoticias.com\/v3\/#\/schema\/person\/2db77e3c6bc03c538495d7b2b8be9b66","name":"f1000024","image":{"@type":"ImageObject","inLanguage":"es","@id":"https:\/\/secure.gravatar.com\/avatar\/d4fe7459cfc51ff5129ce1a732bbef5928568b8092d412ef95611616376bbeed?s=96&d=mm&r=g","url":"https:\/\/secure.gravatar.com\/avatar\/d4fe7459cfc51ff5129ce1a732bbef5928568b8092d412ef95611616376bbeed?s=96&d=mm&r=g","contentUrl":"https:\/\/secure.gravatar.com\/avatar\/d4fe7459cfc51ff5129ce1a732bbef5928568b8092d412ef95611616376bbeed?s=96&d=mm&r=g","caption":"f1000024"},"url":"https:\/\/cvinoticias.com\/v3\/author\/f1000024\/"}]}},"_links":{"self":[{"href":"https:\/\/cvinoticias.com\/v3\/wp-json\/wp\/v2\/posts\/8484","targetHints":{"allow":["GET"]}}],"collection":[{"href":"https:\/\/cvinoticias.com\/v3\/wp-json\/wp\/v2\/posts"}],"about":[{"href":"https:\/\/cvinoticias.com\/v3\/wp-json\/wp\/v2\/types\/post"}],"author":[{"embeddable":true,"href":"https:\/\/cvinoticias.com\/v3\/wp-json\/wp\/v2\/users\/2"}],"replies":[{"embeddable":true,"href":"https:\/\/cvinoticias.com\/v3\/wp-json\/wp\/v2\/comments?post=8484"}],"version-history":[{"count":1,"href":"https:\/\/cvinoticias.com\/v3\/wp-json\/wp\/v2\/posts\/8484\/revisions"}],"predecessor-version":[{"id":8486,"href":"https:\/\/cvinoticias.com\/v3\/wp-json\/wp\/v2\/posts\/8484\/revisions\/8486"}],"wp:featuredmedia":[{"embeddable":true,"href":"https:\/\/cvinoticias.com\/v3\/wp-json\/wp\/v2\/media\/8485"}],"wp:attachment":[{"href":"https:\/\/cvinoticias.com\/v3\/wp-json\/wp\/v2\/media?parent=8484"}],"wp:term":[{"taxonomy":"category","embeddable":true,"href":"https:\/\/cvinoticias.com\/v3\/wp-json\/wp\/v2\/categories?post=8484"},{"taxonomy":"post_tag","embeddable":true,"href":"https:\/\/cvinoticias.com\/v3\/wp-json\/wp\/v2\/tags?post=8484"}],"curies":[{"name":"wp","href":"https:\/\/api.w.org\/{rel}","templated":true}]}}