{"id":8466,"date":"2021-09-13T21:05:59","date_gmt":"2021-09-13T21:05:59","guid":{"rendered":"https:\/\/cvinoticias.com\/v3\/?p=8466"},"modified":"2021-09-13T21:05:59","modified_gmt":"2021-09-13T21:05:59","slug":"fiestas-seguras-en-iguazu-recordamos-el-protocolo-vigente","status":"publish","type":"post","link":"https:\/\/cvinoticias.com\/v3\/fiestas-seguras-en-iguazu-recordamos-el-protocolo-vigente\/","title":{"rendered":"Fiestas Seguras en Iguaz\u00fa recordamos el protocolo vigente"},"content":{"rendered":"\n<p><strong><em>La Municipalidad a trav\u00e9s de la Direcci\u00f3n de Seguridad Ciudadana, mediante la Resoluci\u00f3n N\u00b0 2303 Del Gobierno Provincial, informa que seguimos adheridos al protocolo de actuaci\u00f3n sanitaria para fiestas Seguras y Organizaciones de Eventos Culturales.<\/em><\/strong><\/p>\n\n\n\n<p>Seg\u00fan Resoluci\u00f3n N\u00b0 2303 se debe:<\/p>\n\n\n\n<ul class=\"wp-block-list\"><li>Informar con una antelaci\u00f3n a 7 d\u00edas los eventos que se realicen.<\/li><li>Informar fecha, lugar y horarios del evento.<\/li><li>Informar Nombre, Apellido, DNI y tel\u00e9fono de contacto del\/los organizador\/es.<\/li><li>Cantidad de invitados.<\/li><li>Capacidad hasta el 90% de la capacidad ocupacional del sal\u00f3n, no superando las 100 personas.<\/li><li>Contar con planilla con los datos de los invitados, trabajadores y organizadores del evento, etc.<\/li><\/ul>\n\n\n\n<p>Para m\u00e1s informaci\u00f3n y consultas, contactar a Seguridad Ciudadana en el mail y tel\u00e9fono en placa.<\/p>\n\n\n\n<p>El Gobierno Municipal, Seguridad Ciudadana junto con las fuerzas policiales llevamos adelante en coordinaci\u00f3n con los productores y\/o organizadores de fiestas masivas el procedimiento de control y fiscalizaci\u00f3n la organizaci\u00f3n y el desarrollo de eventos.<\/p>\n\n\n\n<p><\/p>\n\n\n\n<p><strong>Prensa Municipal<\/strong><\/p>\n","protected":false},"excerpt":{"rendered":"<p>La Municipalidad a trav\u00e9s de la Direcci\u00f3n de Seguridad Ciudadana, mediante la Resoluci\u00f3n N\u00b0 2303 Del Gobierno Provincial, informa que seguimos adheridos al protocolo de actuaci\u00f3n sanitaria para fiestas Seguras y Organizaciones de Eventos Culturales. Seg\u00fan Resoluci\u00f3n N\u00b0 2303 se debe: Informar con una antelaci\u00f3n a 7 d\u00edas los eventos que se realicen. Informar fecha, [&hellip;]<\/p>\n","protected":false},"author":2,"featured_media":8467,"comment_status":"open","ping_status":"open","sticky":false,"template":"","format":"standard","meta":{"footnotes":""},"categories":[34,29],"tags":[],"class_list":["post-8466","post","type-post","status-publish","format-standard","has-post-thumbnail","hentry","category-espectaculos","category-locales"],"yoast_head":"<!-- This site is optimized with the Yoast SEO plugin v27.4 - https:\/\/yoast.com\/product\/yoast-seo-wordpress\/ -->\n<title>Fiestas Seguras en Iguaz\u00fa recordamos el protocolo vigente | CVI NOTICIAS<\/title>\n<meta name=\"robots\" content=\"index, follow, max-snippet:-1, max-image-preview:large, max-video-preview:-1\" \/>\n<link rel=\"canonical\" href=\"https:\/\/cvinoticias.com\/v3\/fiestas-seguras-en-iguazu-recordamos-el-protocolo-vigente\/\" \/>\n<meta property=\"og:locale\" content=\"es_ES\" \/>\n<meta property=\"og:type\" content=\"article\" \/>\n<meta property=\"og:title\" content=\"Fiestas Seguras en Iguaz\u00fa recordamos el protocolo vigente | CVI NOTICIAS\" \/>\n<meta property=\"og:description\" content=\"La Municipalidad a trav\u00e9s de la Direcci\u00f3n de Seguridad Ciudadana, mediante la Resoluci\u00f3n N\u00b0 2303 Del Gobierno Provincial, informa que seguimos adheridos al protocolo de actuaci\u00f3n sanitaria para fiestas Seguras y Organizaciones de Eventos Culturales. Seg\u00fan Resoluci\u00f3n N\u00b0 2303 se debe: Informar con una antelaci\u00f3n a 7 d\u00edas los eventos que se realicen. Informar fecha, [&hellip;]\" \/>\n<meta property=\"og:url\" content=\"https:\/\/cvinoticias.com\/v3\/fiestas-seguras-en-iguazu-recordamos-el-protocolo-vigente\/\" \/>\n<meta property=\"og:site_name\" content=\"CVI NOTICIAS\" \/>\n<meta property=\"article:publisher\" content=\"https:\/\/www.facebook.com\/cvinoticias\" \/>\n<meta property=\"article:published_time\" content=\"2021-09-13T21:05:59+00:00\" \/>\n<meta property=\"og:image\" content=\"https:\/\/cvinoticias.com\/wp-content\/uploads\/2021\/09\/FB_IMG_1631566612797.jpg\" \/>\n\t<meta property=\"og:image:width\" content=\"940\" \/>\n\t<meta property=\"og:image:height\" content=\"827\" \/>\n\t<meta property=\"og:image:type\" content=\"image\/jpeg\" \/>\n<meta name=\"author\" content=\"f1000024\" \/>\n<meta name=\"twitter:card\" content=\"summary_large_image\" \/>\n<meta name=\"twitter:label1\" content=\"Escrito por\" \/>\n\t<meta name=\"twitter:data1\" content=\"f1000024\" \/>\n\t<meta name=\"twitter:label2\" content=\"Tiempo de lectura\" \/>\n\t<meta name=\"twitter:data2\" content=\"1 minuto\" \/>\n<script type=\"application\/ld+json\" class=\"yoast-schema-graph\">{\"@context\":\"https:\\\/\\\/schema.org\",\"@graph\":[{\"@type\":\"Article\",\"@id\":\"https:\\\/\\\/cvinoticias.com\\\/v3\\\/fiestas-seguras-en-iguazu-recordamos-el-protocolo-vigente\\\/#article\",\"isPartOf\":{\"@id\":\"https:\\\/\\\/cvinoticias.com\\\/v3\\\/fiestas-seguras-en-iguazu-recordamos-el-protocolo-vigente\\\/\"},\"author\":{\"name\":\"f1000024\",\"@id\":\"https:\\\/\\\/cvinoticias.com\\\/v3\\\/#\\\/schema\\\/person\\\/2db77e3c6bc03c538495d7b2b8be9b66\"},\"headline\":\"Fiestas Seguras en Iguaz\u00fa recordamos el protocolo vigente\",\"datePublished\":\"2021-09-13T21:05:59+00:00\",\"mainEntityOfPage\":{\"@id\":\"https:\\\/\\\/cvinoticias.com\\\/v3\\\/fiestas-seguras-en-iguazu-recordamos-el-protocolo-vigente\\\/\"},\"wordCount\":178,\"commentCount\":0,\"publisher\":{\"@id\":\"https:\\\/\\\/cvinoticias.com\\\/v3\\\/#organization\"},\"image\":{\"@id\":\"https:\\\/\\\/cvinoticias.com\\\/v3\\\/fiestas-seguras-en-iguazu-recordamos-el-protocolo-vigente\\\/#primaryimage\"},\"thumbnailUrl\":\"https:\\\/\\\/cvinoticias.com\\\/wp-content\\\/uploads\\\/2021\\\/09\\\/FB_IMG_1631566612797.jpg\",\"articleSection\":[\"Espect\u00e1culos\",\"Locales\"],\"inLanguage\":\"es\",\"potentialAction\":[{\"@type\":\"CommentAction\",\"name\":\"Comment\",\"target\":[\"https:\\\/\\\/cvinoticias.com\\\/v3\\\/fiestas-seguras-en-iguazu-recordamos-el-protocolo-vigente\\\/#respond\"]}]},{\"@type\":\"WebPage\",\"@id\":\"https:\\\/\\\/cvinoticias.com\\\/v3\\\/fiestas-seguras-en-iguazu-recordamos-el-protocolo-vigente\\\/\",\"url\":\"https:\\\/\\\/cvinoticias.com\\\/v3\\\/fiestas-seguras-en-iguazu-recordamos-el-protocolo-vigente\\\/\",\"name\":\"Fiestas Seguras en Iguaz\u00fa recordamos el protocolo vigente | CVI NOTICIAS\",\"isPartOf\":{\"@id\":\"https:\\\/\\\/cvinoticias.com\\\/v3\\\/#website\"},\"primaryImageOfPage\":{\"@id\":\"https:\\\/\\\/cvinoticias.com\\\/v3\\\/fiestas-seguras-en-iguazu-recordamos-el-protocolo-vigente\\\/#primaryimage\"},\"image\":{\"@id\":\"https:\\\/\\\/cvinoticias.com\\\/v3\\\/fiestas-seguras-en-iguazu-recordamos-el-protocolo-vigente\\\/#primaryimage\"},\"thumbnailUrl\":\"https:\\\/\\\/cvinoticias.com\\\/wp-content\\\/uploads\\\/2021\\\/09\\\/FB_IMG_1631566612797.jpg\",\"datePublished\":\"2021-09-13T21:05:59+00:00\",\"breadcrumb\":{\"@id\":\"https:\\\/\\\/cvinoticias.com\\\/v3\\\/fiestas-seguras-en-iguazu-recordamos-el-protocolo-vigente\\\/#breadcrumb\"},\"inLanguage\":\"es\",\"potentialAction\":[{\"@type\":\"ReadAction\",\"target\":[\"https:\\\/\\\/cvinoticias.com\\\/v3\\\/fiestas-seguras-en-iguazu-recordamos-el-protocolo-vigente\\\/\"]}]},{\"@type\":\"ImageObject\",\"inLanguage\":\"es\",\"@id\":\"https:\\\/\\\/cvinoticias.com\\\/v3\\\/fiestas-seguras-en-iguazu-recordamos-el-protocolo-vigente\\\/#primaryimage\",\"url\":\"https:\\\/\\\/cvinoticias.com\\\/wp-content\\\/uploads\\\/2021\\\/09\\\/FB_IMG_1631566612797.jpg\",\"contentUrl\":\"https:\\\/\\\/cvinoticias.com\\\/wp-content\\\/uploads\\\/2021\\\/09\\\/FB_IMG_1631566612797.jpg\",\"width\":940,\"height\":827},{\"@type\":\"BreadcrumbList\",\"@id\":\"https:\\\/\\\/cvinoticias.com\\\/v3\\\/fiestas-seguras-en-iguazu-recordamos-el-protocolo-vigente\\\/#breadcrumb\",\"itemListElement\":[{\"@type\":\"ListItem\",\"position\":1,\"name\":\"Portada\",\"item\":\"https:\\\/\\\/cvinoticias.com\\\/v3\\\/\"},{\"@type\":\"ListItem\",\"position\":2,\"name\":\"Fiestas Seguras en Iguaz\u00fa recordamos el protocolo vigente\"}]},{\"@type\":\"WebSite\",\"@id\":\"https:\\\/\\\/cvinoticias.com\\\/v3\\\/#website\",\"url\":\"https:\\\/\\\/cvinoticias.com\\\/v3\\\/\",\"name\":\"CVI NOTICIAS\",\"description\":\"\",\"publisher\":{\"@id\":\"https:\\\/\\\/cvinoticias.com\\\/v3\\\/#organization\"},\"alternateName\":\"CVI\",\"potentialAction\":[{\"@type\":\"SearchAction\",\"target\":{\"@type\":\"EntryPoint\",\"urlTemplate\":\"https:\\\/\\\/cvinoticias.com\\\/v3\\\/?s={search_term_string}\"},\"query-input\":{\"@type\":\"PropertyValueSpecification\",\"valueRequired\":true,\"valueName\":\"search_term_string\"}}],\"inLanguage\":\"es\"},{\"@type\":\"Organization\",\"@id\":\"https:\\\/\\\/cvinoticias.com\\\/v3\\\/#organization\",\"name\":\"CVI NOTICIAS\",\"url\":\"https:\\\/\\\/cvinoticias.com\\\/v3\\\/\",\"logo\":{\"@type\":\"ImageObject\",\"inLanguage\":\"es\",\"@id\":\"https:\\\/\\\/cvinoticias.com\\\/v3\\\/#\\\/schema\\\/logo\\\/image\\\/\",\"url\":\"https:\\\/\\\/cvinoticias.com\\\/wp-content\\\/uploads\\\/2023\\\/04\\\/cropped-cropped-cropped-cropped-cropped-3-1.png\",\"contentUrl\":\"https:\\\/\\\/cvinoticias.com\\\/wp-content\\\/uploads\\\/2023\\\/04\\\/cropped-cropped-cropped-cropped-cropped-3-1.png\",\"width\":95,\"height\":122,\"caption\":\"CVI NOTICIAS\"},\"image\":{\"@id\":\"https:\\\/\\\/cvinoticias.com\\\/v3\\\/#\\\/schema\\\/logo\\\/image\\\/\"},\"sameAs\":[\"https:\\\/\\\/www.facebook.com\\\/cvinoticias\",\"https:\\\/\\\/www.instagram.com\\\/cvinoticias\\\/\",\"https:\\\/\\\/www.youtube.com\\\/@CVINOTICIAS\"]},{\"@type\":\"Person\",\"@id\":\"https:\\\/\\\/cvinoticias.com\\\/v3\\\/#\\\/schema\\\/person\\\/2db77e3c6bc03c538495d7b2b8be9b66\",\"name\":\"f1000024\",\"image\":{\"@type\":\"ImageObject\",\"inLanguage\":\"es\",\"@id\":\"https:\\\/\\\/secure.gravatar.com\\\/avatar\\\/d4fe7459cfc51ff5129ce1a732bbef5928568b8092d412ef95611616376bbeed?s=96&d=mm&r=g\",\"url\":\"https:\\\/\\\/secure.gravatar.com\\\/avatar\\\/d4fe7459cfc51ff5129ce1a732bbef5928568b8092d412ef95611616376bbeed?s=96&d=mm&r=g\",\"contentUrl\":\"https:\\\/\\\/secure.gravatar.com\\\/avatar\\\/d4fe7459cfc51ff5129ce1a732bbef5928568b8092d412ef95611616376bbeed?s=96&d=mm&r=g\",\"caption\":\"f1000024\"},\"url\":\"https:\\\/\\\/cvinoticias.com\\\/v3\\\/author\\\/f1000024\\\/\"}]}<\/script>\n<!-- \/ Yoast SEO plugin. -->","yoast_head_json":{"title":"Fiestas Seguras en Iguaz\u00fa recordamos el protocolo vigente | CVI NOTICIAS","robots":{"index":"index","follow":"follow","max-snippet":"max-snippet:-1","max-image-preview":"max-image-preview:large","max-video-preview":"max-video-preview:-1"},"canonical":"https:\/\/cvinoticias.com\/v3\/fiestas-seguras-en-iguazu-recordamos-el-protocolo-vigente\/","og_locale":"es_ES","og_type":"article","og_title":"Fiestas Seguras en Iguaz\u00fa recordamos el protocolo vigente | CVI NOTICIAS","og_description":"La Municipalidad a trav\u00e9s de la Direcci\u00f3n de Seguridad Ciudadana, mediante la Resoluci\u00f3n N\u00b0 2303 Del Gobierno Provincial, informa que seguimos adheridos al protocolo de actuaci\u00f3n sanitaria para fiestas Seguras y Organizaciones de Eventos Culturales. Seg\u00fan Resoluci\u00f3n N\u00b0 2303 se debe: Informar con una antelaci\u00f3n a 7 d\u00edas los eventos que se realicen. Informar fecha, [&hellip;]","og_url":"https:\/\/cvinoticias.com\/v3\/fiestas-seguras-en-iguazu-recordamos-el-protocolo-vigente\/","og_site_name":"CVI NOTICIAS","article_publisher":"https:\/\/www.facebook.com\/cvinoticias","article_published_time":"2021-09-13T21:05:59+00:00","og_image":[{"width":940,"height":827,"url":"https:\/\/cvinoticias.com\/wp-content\/uploads\/2021\/09\/FB_IMG_1631566612797.jpg","type":"image\/jpeg"}],"author":"f1000024","twitter_card":"summary_large_image","twitter_misc":{"Escrito por":"f1000024","Tiempo de lectura":"1 minuto"},"schema":{"@context":"https:\/\/schema.org","@graph":[{"@type":"Article","@id":"https:\/\/cvinoticias.com\/v3\/fiestas-seguras-en-iguazu-recordamos-el-protocolo-vigente\/#article","isPartOf":{"@id":"https:\/\/cvinoticias.com\/v3\/fiestas-seguras-en-iguazu-recordamos-el-protocolo-vigente\/"},"author":{"name":"f1000024","@id":"https:\/\/cvinoticias.com\/v3\/#\/schema\/person\/2db77e3c6bc03c538495d7b2b8be9b66"},"headline":"Fiestas Seguras en Iguaz\u00fa recordamos el protocolo vigente","datePublished":"2021-09-13T21:05:59+00:00","mainEntityOfPage":{"@id":"https:\/\/cvinoticias.com\/v3\/fiestas-seguras-en-iguazu-recordamos-el-protocolo-vigente\/"},"wordCount":178,"commentCount":0,"publisher":{"@id":"https:\/\/cvinoticias.com\/v3\/#organization"},"image":{"@id":"https:\/\/cvinoticias.com\/v3\/fiestas-seguras-en-iguazu-recordamos-el-protocolo-vigente\/#primaryimage"},"thumbnailUrl":"https:\/\/cvinoticias.com\/wp-content\/uploads\/2021\/09\/FB_IMG_1631566612797.jpg","articleSection":["Espect\u00e1culos","Locales"],"inLanguage":"es","potentialAction":[{"@type":"CommentAction","name":"Comment","target":["https:\/\/cvinoticias.com\/v3\/fiestas-seguras-en-iguazu-recordamos-el-protocolo-vigente\/#respond"]}]},{"@type":"WebPage","@id":"https:\/\/cvinoticias.com\/v3\/fiestas-seguras-en-iguazu-recordamos-el-protocolo-vigente\/","url":"https:\/\/cvinoticias.com\/v3\/fiestas-seguras-en-iguazu-recordamos-el-protocolo-vigente\/","name":"Fiestas Seguras en Iguaz\u00fa recordamos el protocolo vigente | CVI NOTICIAS","isPartOf":{"@id":"https:\/\/cvinoticias.com\/v3\/#website"},"primaryImageOfPage":{"@id":"https:\/\/cvinoticias.com\/v3\/fiestas-seguras-en-iguazu-recordamos-el-protocolo-vigente\/#primaryimage"},"image":{"@id":"https:\/\/cvinoticias.com\/v3\/fiestas-seguras-en-iguazu-recordamos-el-protocolo-vigente\/#primaryimage"},"thumbnailUrl":"https:\/\/cvinoticias.com\/wp-content\/uploads\/2021\/09\/FB_IMG_1631566612797.jpg","datePublished":"2021-09-13T21:05:59+00:00","breadcrumb":{"@id":"https:\/\/cvinoticias.com\/v3\/fiestas-seguras-en-iguazu-recordamos-el-protocolo-vigente\/#breadcrumb"},"inLanguage":"es","potentialAction":[{"@type":"ReadAction","target":["https:\/\/cvinoticias.com\/v3\/fiestas-seguras-en-iguazu-recordamos-el-protocolo-vigente\/"]}]},{"@type":"ImageObject","inLanguage":"es","@id":"https:\/\/cvinoticias.com\/v3\/fiestas-seguras-en-iguazu-recordamos-el-protocolo-vigente\/#primaryimage","url":"https:\/\/cvinoticias.com\/wp-content\/uploads\/2021\/09\/FB_IMG_1631566612797.jpg","contentUrl":"https:\/\/cvinoticias.com\/wp-content\/uploads\/2021\/09\/FB_IMG_1631566612797.jpg","width":940,"height":827},{"@type":"BreadcrumbList","@id":"https:\/\/cvinoticias.com\/v3\/fiestas-seguras-en-iguazu-recordamos-el-protocolo-vigente\/#breadcrumb","itemListElement":[{"@type":"ListItem","position":1,"name":"Portada","item":"https:\/\/cvinoticias.com\/v3\/"},{"@type":"ListItem","position":2,"name":"Fiestas Seguras en Iguaz\u00fa recordamos el protocolo vigente"}]},{"@type":"WebSite","@id":"https:\/\/cvinoticias.com\/v3\/#website","url":"https:\/\/cvinoticias.com\/v3\/","name":"CVI NOTICIAS","description":"","publisher":{"@id":"https:\/\/cvinoticias.com\/v3\/#organization"},"alternateName":"CVI","potentialAction":[{"@type":"SearchAction","target":{"@type":"EntryPoint","urlTemplate":"https:\/\/cvinoticias.com\/v3\/?s={search_term_string}"},"query-input":{"@type":"PropertyValueSpecification","valueRequired":true,"valueName":"search_term_string"}}],"inLanguage":"es"},{"@type":"Organization","@id":"https:\/\/cvinoticias.com\/v3\/#organization","name":"CVI NOTICIAS","url":"https:\/\/cvinoticias.com\/v3\/","logo":{"@type":"ImageObject","inLanguage":"es","@id":"https:\/\/cvinoticias.com\/v3\/#\/schema\/logo\/image\/","url":"https:\/\/cvinoticias.com\/wp-content\/uploads\/2023\/04\/cropped-cropped-cropped-cropped-cropped-3-1.png","contentUrl":"https:\/\/cvinoticias.com\/wp-content\/uploads\/2023\/04\/cropped-cropped-cropped-cropped-cropped-3-1.png","width":95,"height":122,"caption":"CVI NOTICIAS"},"image":{"@id":"https:\/\/cvinoticias.com\/v3\/#\/schema\/logo\/image\/"},"sameAs":["https:\/\/www.facebook.com\/cvinoticias","https:\/\/www.instagram.com\/cvinoticias\/","https:\/\/www.youtube.com\/@CVINOTICIAS"]},{"@type":"Person","@id":"https:\/\/cvinoticias.com\/v3\/#\/schema\/person\/2db77e3c6bc03c538495d7b2b8be9b66","name":"f1000024","image":{"@type":"ImageObject","inLanguage":"es","@id":"https:\/\/secure.gravatar.com\/avatar\/d4fe7459cfc51ff5129ce1a732bbef5928568b8092d412ef95611616376bbeed?s=96&d=mm&r=g","url":"https:\/\/secure.gravatar.com\/avatar\/d4fe7459cfc51ff5129ce1a732bbef5928568b8092d412ef95611616376bbeed?s=96&d=mm&r=g","contentUrl":"https:\/\/secure.gravatar.com\/avatar\/d4fe7459cfc51ff5129ce1a732bbef5928568b8092d412ef95611616376bbeed?s=96&d=mm&r=g","caption":"f1000024"},"url":"https:\/\/cvinoticias.com\/v3\/author\/f1000024\/"}]}},"_links":{"self":[{"href":"https:\/\/cvinoticias.com\/v3\/wp-json\/wp\/v2\/posts\/8466","targetHints":{"allow":["GET"]}}],"collection":[{"href":"https:\/\/cvinoticias.com\/v3\/wp-json\/wp\/v2\/posts"}],"about":[{"href":"https:\/\/cvinoticias.com\/v3\/wp-json\/wp\/v2\/types\/post"}],"author":[{"embeddable":true,"href":"https:\/\/cvinoticias.com\/v3\/wp-json\/wp\/v2\/users\/2"}],"replies":[{"embeddable":true,"href":"https:\/\/cvinoticias.com\/v3\/wp-json\/wp\/v2\/comments?post=8466"}],"version-history":[{"count":1,"href":"https:\/\/cvinoticias.com\/v3\/wp-json\/wp\/v2\/posts\/8466\/revisions"}],"predecessor-version":[{"id":8468,"href":"https:\/\/cvinoticias.com\/v3\/wp-json\/wp\/v2\/posts\/8466\/revisions\/8468"}],"wp:featuredmedia":[{"embeddable":true,"href":"https:\/\/cvinoticias.com\/v3\/wp-json\/wp\/v2\/media\/8467"}],"wp:attachment":[{"href":"https:\/\/cvinoticias.com\/v3\/wp-json\/wp\/v2\/media?parent=8466"}],"wp:term":[{"taxonomy":"category","embeddable":true,"href":"https:\/\/cvinoticias.com\/v3\/wp-json\/wp\/v2\/categories?post=8466"},{"taxonomy":"post_tag","embeddable":true,"href":"https:\/\/cvinoticias.com\/v3\/wp-json\/wp\/v2\/tags?post=8466"}],"curies":[{"name":"wp","href":"https:\/\/api.w.org\/{rel}","templated":true}]}}