{"id":8462,"date":"2021-09-13T18:18:06","date_gmt":"2021-09-13T18:18:06","guid":{"rendered":"https:\/\/cvinoticias.com\/v3\/?p=8462"},"modified":"2021-09-13T18:18:06","modified_gmt":"2021-09-13T18:18:06","slug":"carlos-fernandez-hoy-comienza-otra-campana","status":"publish","type":"post","link":"https:\/\/cvinoticias.com\/v3\/carlos-fernandez-hoy-comienza-otra-campana\/","title":{"rendered":"Carlos Fern\u00e1ndez: \u201cHoy comienza otra campa\u00f1a\u201d"},"content":{"rendered":"\n<p><strong><em>El candidato a diputado nacional por el Frente Renovador, Carlos Fern\u00e1ndez, analiz\u00f3 el proceso electoral de este domingo y se\u00f1al\u00f3 que desde este lunes comienza \u201cotra etapa de la campa\u00f1a en la provincia\u201d.<\/em><\/strong><\/p>\n\n\n\n<p>\u201cEstoy muy contento y feliz porque la gente pudo concurrir a las urnas a emitir su voto, algo que celebramos los que defendemos la democracia\u201d, dijo el m\u00e9dico que este domingo tuvo el mayor porcentaje de votos en las PASO.<\/p>\n\n\n\n<p>Sobre los resultados aclar\u00f3 que en este acto eleccionario nacional no existe la ley de Lemas como en la provincia, es por eso que no se suman los votos de todos los candidatos de cada frente \u201ccomo lo est\u00e1n mostrando desde algunos sectores\u201d.<\/p>\n\n\n\n<p>En esta l\u00ednea explic\u00f3 que esto \u201ces una competencia interna donde cada candidato sac\u00f3 una cierta cantidad de votos. Por eso no es correcto sumar los votos de los frentes y presentarlos como un todo. Hoy lo leg\u00edtimo son los m\u00e1s de 197 mil de la Renovaci\u00f3n, los 70 mil del primer candidato de Juntos por el Cambio y los 40 mil del primero del Frente de Todos\u201d<\/p>\n\n\n\n<p>\u201cEs en noviembre donde se decide el camino y destino de Misiones. Es all\u00ed donde hacemos base hoy, en hacer entender que nuestro espacio no pertenece a ning\u00fan frente nacional, que es un proyecto misionerista\u201d, expres\u00f3.<\/p>\n\n\n\n<p>Se\u00f1al\u00f3 que el escenario nacional est\u00e1 marcado por la grieta y asegur\u00f3 que en este contexto \u201cMisiones no est\u00e1 involucrado\u201d.<\/p>\n\n\n\n<p>\u201cQuiero que la pol\u00edtica nos permita, con los dem\u00e1s competidores, una maduraci\u00f3n donde podamos lograr objetivos claros para la defensa de los intereses de Misiones en el Congreso. Creo que hay que dejar los egos y trabajar por la tierra colorada, porque es lo que esperan nuestros ciudadanos. Lucharemos por la igualdad de oportunidades\u201d, se\u00f1al\u00f3.<\/p>\n\n\n\n<p>Por \u00faltimo, agradeci\u00f3 a todo el personal de salud, seguridad y autoridades de mesas \u201cque nos cuidaron e hicieron que el proceso eleccionario se lleve a cabo de la mejor manera. Adem\u00e1s, a la militancia que meti\u00f3 todo de s\u00ed\u201d.<\/p>\n\n\n\n<p><\/p>\n\n\n\n<p>RC<\/p>\n","protected":false},"excerpt":{"rendered":"<p>El candidato a diputado nacional por el Frente Renovador, Carlos Fern\u00e1ndez, analiz\u00f3 el proceso electoral de este domingo y se\u00f1al\u00f3 que desde este lunes comienza \u201cotra etapa de la campa\u00f1a en la provincia\u201d. \u201cEstoy muy contento y feliz porque la gente pudo concurrir a las urnas a emitir su voto, algo que celebramos los que [&hellip;]<\/p>\n","protected":false},"author":2,"featured_media":8463,"comment_status":"open","ping_status":"open","sticky":false,"template":"","format":"standard","meta":{"footnotes":""},"categories":[42],"tags":[],"class_list":["post-8462","post","type-post","status-publish","format-standard","has-post-thumbnail","hentry","category-politica"],"yoast_head":"<!-- This site is optimized with the Yoast SEO plugin v27.5 - https:\/\/yoast.com\/product\/yoast-seo-wordpress\/ -->\n<title>Carlos Fern\u00e1ndez: \u201cHoy comienza otra campa\u00f1a\u201d | CVI NOTICIAS<\/title>\n<meta name=\"robots\" content=\"index, follow, max-snippet:-1, max-image-preview:large, max-video-preview:-1\" \/>\n<link rel=\"canonical\" href=\"https:\/\/cvinoticias.com\/v3\/carlos-fernandez-hoy-comienza-otra-campana\/\" \/>\n<meta property=\"og:locale\" content=\"es_ES\" \/>\n<meta property=\"og:type\" content=\"article\" \/>\n<meta property=\"og:title\" content=\"Carlos Fern\u00e1ndez: \u201cHoy comienza otra campa\u00f1a\u201d | CVI NOTICIAS\" \/>\n<meta property=\"og:description\" content=\"El candidato a diputado nacional por el Frente Renovador, Carlos Fern\u00e1ndez, analiz\u00f3 el proceso electoral de este domingo y se\u00f1al\u00f3 que desde este lunes comienza \u201cotra etapa de la campa\u00f1a en la provincia\u201d. \u201cEstoy muy contento y feliz porque la gente pudo concurrir a las urnas a emitir su voto, algo que celebramos los que [&hellip;]\" \/>\n<meta property=\"og:url\" content=\"https:\/\/cvinoticias.com\/v3\/carlos-fernandez-hoy-comienza-otra-campana\/\" \/>\n<meta property=\"og:site_name\" content=\"CVI NOTICIAS\" \/>\n<meta property=\"article:publisher\" content=\"https:\/\/www.facebook.com\/cvinoticias\" \/>\n<meta property=\"article:published_time\" content=\"2021-09-13T18:18:06+00:00\" \/>\n<meta property=\"og:image\" content=\"https:\/\/cvinoticias.com\/wp-content\/uploads\/2021\/09\/Screenshot_20210912-212341_Chrome.jpg\" \/>\n\t<meta property=\"og:image:width\" content=\"711\" \/>\n\t<meta property=\"og:image:height\" content=\"986\" \/>\n\t<meta property=\"og:image:type\" content=\"image\/jpeg\" \/>\n<meta name=\"author\" content=\"f1000024\" \/>\n<meta name=\"twitter:card\" content=\"summary_large_image\" \/>\n<meta name=\"twitter:label1\" content=\"Escrito por\" \/>\n\t<meta name=\"twitter:data1\" content=\"f1000024\" \/>\n\t<meta name=\"twitter:label2\" content=\"Tiempo de lectura\" \/>\n\t<meta name=\"twitter:data2\" content=\"2 minutos\" \/>\n<script type=\"application\/ld+json\" class=\"yoast-schema-graph\">{\"@context\":\"https:\\\/\\\/schema.org\",\"@graph\":[{\"@type\":\"Article\",\"@id\":\"https:\\\/\\\/cvinoticias.com\\\/v3\\\/carlos-fernandez-hoy-comienza-otra-campana\\\/#article\",\"isPartOf\":{\"@id\":\"https:\\\/\\\/cvinoticias.com\\\/v3\\\/carlos-fernandez-hoy-comienza-otra-campana\\\/\"},\"author\":{\"name\":\"f1000024\",\"@id\":\"https:\\\/\\\/cvinoticias.com\\\/v3\\\/#\\\/schema\\\/person\\\/2db77e3c6bc03c538495d7b2b8be9b66\"},\"headline\":\"Carlos Fern\u00e1ndez: \u201cHoy comienza otra campa\u00f1a\u201d\",\"datePublished\":\"2021-09-13T18:18:06+00:00\",\"mainEntityOfPage\":{\"@id\":\"https:\\\/\\\/cvinoticias.com\\\/v3\\\/carlos-fernandez-hoy-comienza-otra-campana\\\/\"},\"wordCount\":357,\"commentCount\":0,\"publisher\":{\"@id\":\"https:\\\/\\\/cvinoticias.com\\\/v3\\\/#organization\"},\"image\":{\"@id\":\"https:\\\/\\\/cvinoticias.com\\\/v3\\\/carlos-fernandez-hoy-comienza-otra-campana\\\/#primaryimage\"},\"thumbnailUrl\":\"https:\\\/\\\/cvinoticias.com\\\/wp-content\\\/uploads\\\/2021\\\/09\\\/Screenshot_20210912-212341_Chrome.jpg\",\"articleSection\":[\"Politica\"],\"inLanguage\":\"es\",\"potentialAction\":[{\"@type\":\"CommentAction\",\"name\":\"Comment\",\"target\":[\"https:\\\/\\\/cvinoticias.com\\\/v3\\\/carlos-fernandez-hoy-comienza-otra-campana\\\/#respond\"]}]},{\"@type\":\"WebPage\",\"@id\":\"https:\\\/\\\/cvinoticias.com\\\/v3\\\/carlos-fernandez-hoy-comienza-otra-campana\\\/\",\"url\":\"https:\\\/\\\/cvinoticias.com\\\/v3\\\/carlos-fernandez-hoy-comienza-otra-campana\\\/\",\"name\":\"Carlos Fern\u00e1ndez: \u201cHoy comienza otra campa\u00f1a\u201d | CVI NOTICIAS\",\"isPartOf\":{\"@id\":\"https:\\\/\\\/cvinoticias.com\\\/v3\\\/#website\"},\"primaryImageOfPage\":{\"@id\":\"https:\\\/\\\/cvinoticias.com\\\/v3\\\/carlos-fernandez-hoy-comienza-otra-campana\\\/#primaryimage\"},\"image\":{\"@id\":\"https:\\\/\\\/cvinoticias.com\\\/v3\\\/carlos-fernandez-hoy-comienza-otra-campana\\\/#primaryimage\"},\"thumbnailUrl\":\"https:\\\/\\\/cvinoticias.com\\\/wp-content\\\/uploads\\\/2021\\\/09\\\/Screenshot_20210912-212341_Chrome.jpg\",\"datePublished\":\"2021-09-13T18:18:06+00:00\",\"breadcrumb\":{\"@id\":\"https:\\\/\\\/cvinoticias.com\\\/v3\\\/carlos-fernandez-hoy-comienza-otra-campana\\\/#breadcrumb\"},\"inLanguage\":\"es\",\"potentialAction\":[{\"@type\":\"ReadAction\",\"target\":[\"https:\\\/\\\/cvinoticias.com\\\/v3\\\/carlos-fernandez-hoy-comienza-otra-campana\\\/\"]}]},{\"@type\":\"ImageObject\",\"inLanguage\":\"es\",\"@id\":\"https:\\\/\\\/cvinoticias.com\\\/v3\\\/carlos-fernandez-hoy-comienza-otra-campana\\\/#primaryimage\",\"url\":\"https:\\\/\\\/cvinoticias.com\\\/wp-content\\\/uploads\\\/2021\\\/09\\\/Screenshot_20210912-212341_Chrome.jpg\",\"contentUrl\":\"https:\\\/\\\/cvinoticias.com\\\/wp-content\\\/uploads\\\/2021\\\/09\\\/Screenshot_20210912-212341_Chrome.jpg\",\"width\":711,\"height\":986},{\"@type\":\"BreadcrumbList\",\"@id\":\"https:\\\/\\\/cvinoticias.com\\\/v3\\\/carlos-fernandez-hoy-comienza-otra-campana\\\/#breadcrumb\",\"itemListElement\":[{\"@type\":\"ListItem\",\"position\":1,\"name\":\"Portada\",\"item\":\"https:\\\/\\\/cvinoticias.com\\\/v3\\\/\"},{\"@type\":\"ListItem\",\"position\":2,\"name\":\"Carlos Fern\u00e1ndez: \u201cHoy comienza otra campa\u00f1a\u201d\"}]},{\"@type\":\"WebSite\",\"@id\":\"https:\\\/\\\/cvinoticias.com\\\/v3\\\/#website\",\"url\":\"https:\\\/\\\/cvinoticias.com\\\/v3\\\/\",\"name\":\"CVI NOTICIAS\",\"description\":\"\",\"publisher\":{\"@id\":\"https:\\\/\\\/cvinoticias.com\\\/v3\\\/#organization\"},\"alternateName\":\"CVI\",\"potentialAction\":[{\"@type\":\"SearchAction\",\"target\":{\"@type\":\"EntryPoint\",\"urlTemplate\":\"https:\\\/\\\/cvinoticias.com\\\/v3\\\/?s={search_term_string}\"},\"query-input\":{\"@type\":\"PropertyValueSpecification\",\"valueRequired\":true,\"valueName\":\"search_term_string\"}}],\"inLanguage\":\"es\"},{\"@type\":\"Organization\",\"@id\":\"https:\\\/\\\/cvinoticias.com\\\/v3\\\/#organization\",\"name\":\"CVI NOTICIAS\",\"url\":\"https:\\\/\\\/cvinoticias.com\\\/v3\\\/\",\"logo\":{\"@type\":\"ImageObject\",\"inLanguage\":\"es\",\"@id\":\"https:\\\/\\\/cvinoticias.com\\\/v3\\\/#\\\/schema\\\/logo\\\/image\\\/\",\"url\":\"https:\\\/\\\/cvinoticias.com\\\/wp-content\\\/uploads\\\/2023\\\/04\\\/cropped-cropped-cropped-cropped-cropped-3-1.png\",\"contentUrl\":\"https:\\\/\\\/cvinoticias.com\\\/wp-content\\\/uploads\\\/2023\\\/04\\\/cropped-cropped-cropped-cropped-cropped-3-1.png\",\"width\":95,\"height\":122,\"caption\":\"CVI NOTICIAS\"},\"image\":{\"@id\":\"https:\\\/\\\/cvinoticias.com\\\/v3\\\/#\\\/schema\\\/logo\\\/image\\\/\"},\"sameAs\":[\"https:\\\/\\\/www.facebook.com\\\/cvinoticias\",\"https:\\\/\\\/www.instagram.com\\\/cvinoticias\\\/\",\"https:\\\/\\\/www.youtube.com\\\/@CVINOTICIAS\"]},{\"@type\":\"Person\",\"@id\":\"https:\\\/\\\/cvinoticias.com\\\/v3\\\/#\\\/schema\\\/person\\\/2db77e3c6bc03c538495d7b2b8be9b66\",\"name\":\"f1000024\",\"image\":{\"@type\":\"ImageObject\",\"inLanguage\":\"es\",\"@id\":\"https:\\\/\\\/secure.gravatar.com\\\/avatar\\\/d4fe7459cfc51ff5129ce1a732bbef5928568b8092d412ef95611616376bbeed?s=96&d=mm&r=g\",\"url\":\"https:\\\/\\\/secure.gravatar.com\\\/avatar\\\/d4fe7459cfc51ff5129ce1a732bbef5928568b8092d412ef95611616376bbeed?s=96&d=mm&r=g\",\"contentUrl\":\"https:\\\/\\\/secure.gravatar.com\\\/avatar\\\/d4fe7459cfc51ff5129ce1a732bbef5928568b8092d412ef95611616376bbeed?s=96&d=mm&r=g\",\"caption\":\"f1000024\"},\"url\":\"https:\\\/\\\/cvinoticias.com\\\/v3\\\/author\\\/f1000024\\\/\"}]}<\/script>\n<!-- \/ Yoast SEO plugin. -->","yoast_head_json":{"title":"Carlos Fern\u00e1ndez: \u201cHoy comienza otra campa\u00f1a\u201d | CVI NOTICIAS","robots":{"index":"index","follow":"follow","max-snippet":"max-snippet:-1","max-image-preview":"max-image-preview:large","max-video-preview":"max-video-preview:-1"},"canonical":"https:\/\/cvinoticias.com\/v3\/carlos-fernandez-hoy-comienza-otra-campana\/","og_locale":"es_ES","og_type":"article","og_title":"Carlos Fern\u00e1ndez: \u201cHoy comienza otra campa\u00f1a\u201d | CVI NOTICIAS","og_description":"El candidato a diputado nacional por el Frente Renovador, Carlos Fern\u00e1ndez, analiz\u00f3 el proceso electoral de este domingo y se\u00f1al\u00f3 que desde este lunes comienza \u201cotra etapa de la campa\u00f1a en la provincia\u201d. \u201cEstoy muy contento y feliz porque la gente pudo concurrir a las urnas a emitir su voto, algo que celebramos los que [&hellip;]","og_url":"https:\/\/cvinoticias.com\/v3\/carlos-fernandez-hoy-comienza-otra-campana\/","og_site_name":"CVI NOTICIAS","article_publisher":"https:\/\/www.facebook.com\/cvinoticias","article_published_time":"2021-09-13T18:18:06+00:00","og_image":[{"width":711,"height":986,"url":"https:\/\/cvinoticias.com\/wp-content\/uploads\/2021\/09\/Screenshot_20210912-212341_Chrome.jpg","type":"image\/jpeg"}],"author":"f1000024","twitter_card":"summary_large_image","twitter_misc":{"Escrito por":"f1000024","Tiempo de lectura":"2 minutos"},"schema":{"@context":"https:\/\/schema.org","@graph":[{"@type":"Article","@id":"https:\/\/cvinoticias.com\/v3\/carlos-fernandez-hoy-comienza-otra-campana\/#article","isPartOf":{"@id":"https:\/\/cvinoticias.com\/v3\/carlos-fernandez-hoy-comienza-otra-campana\/"},"author":{"name":"f1000024","@id":"https:\/\/cvinoticias.com\/v3\/#\/schema\/person\/2db77e3c6bc03c538495d7b2b8be9b66"},"headline":"Carlos Fern\u00e1ndez: \u201cHoy comienza otra campa\u00f1a\u201d","datePublished":"2021-09-13T18:18:06+00:00","mainEntityOfPage":{"@id":"https:\/\/cvinoticias.com\/v3\/carlos-fernandez-hoy-comienza-otra-campana\/"},"wordCount":357,"commentCount":0,"publisher":{"@id":"https:\/\/cvinoticias.com\/v3\/#organization"},"image":{"@id":"https:\/\/cvinoticias.com\/v3\/carlos-fernandez-hoy-comienza-otra-campana\/#primaryimage"},"thumbnailUrl":"https:\/\/cvinoticias.com\/wp-content\/uploads\/2021\/09\/Screenshot_20210912-212341_Chrome.jpg","articleSection":["Politica"],"inLanguage":"es","potentialAction":[{"@type":"CommentAction","name":"Comment","target":["https:\/\/cvinoticias.com\/v3\/carlos-fernandez-hoy-comienza-otra-campana\/#respond"]}]},{"@type":"WebPage","@id":"https:\/\/cvinoticias.com\/v3\/carlos-fernandez-hoy-comienza-otra-campana\/","url":"https:\/\/cvinoticias.com\/v3\/carlos-fernandez-hoy-comienza-otra-campana\/","name":"Carlos Fern\u00e1ndez: \u201cHoy comienza otra campa\u00f1a\u201d | CVI NOTICIAS","isPartOf":{"@id":"https:\/\/cvinoticias.com\/v3\/#website"},"primaryImageOfPage":{"@id":"https:\/\/cvinoticias.com\/v3\/carlos-fernandez-hoy-comienza-otra-campana\/#primaryimage"},"image":{"@id":"https:\/\/cvinoticias.com\/v3\/carlos-fernandez-hoy-comienza-otra-campana\/#primaryimage"},"thumbnailUrl":"https:\/\/cvinoticias.com\/wp-content\/uploads\/2021\/09\/Screenshot_20210912-212341_Chrome.jpg","datePublished":"2021-09-13T18:18:06+00:00","breadcrumb":{"@id":"https:\/\/cvinoticias.com\/v3\/carlos-fernandez-hoy-comienza-otra-campana\/#breadcrumb"},"inLanguage":"es","potentialAction":[{"@type":"ReadAction","target":["https:\/\/cvinoticias.com\/v3\/carlos-fernandez-hoy-comienza-otra-campana\/"]}]},{"@type":"ImageObject","inLanguage":"es","@id":"https:\/\/cvinoticias.com\/v3\/carlos-fernandez-hoy-comienza-otra-campana\/#primaryimage","url":"https:\/\/cvinoticias.com\/wp-content\/uploads\/2021\/09\/Screenshot_20210912-212341_Chrome.jpg","contentUrl":"https:\/\/cvinoticias.com\/wp-content\/uploads\/2021\/09\/Screenshot_20210912-212341_Chrome.jpg","width":711,"height":986},{"@type":"BreadcrumbList","@id":"https:\/\/cvinoticias.com\/v3\/carlos-fernandez-hoy-comienza-otra-campana\/#breadcrumb","itemListElement":[{"@type":"ListItem","position":1,"name":"Portada","item":"https:\/\/cvinoticias.com\/v3\/"},{"@type":"ListItem","position":2,"name":"Carlos Fern\u00e1ndez: \u201cHoy comienza otra campa\u00f1a\u201d"}]},{"@type":"WebSite","@id":"https:\/\/cvinoticias.com\/v3\/#website","url":"https:\/\/cvinoticias.com\/v3\/","name":"CVI NOTICIAS","description":"","publisher":{"@id":"https:\/\/cvinoticias.com\/v3\/#organization"},"alternateName":"CVI","potentialAction":[{"@type":"SearchAction","target":{"@type":"EntryPoint","urlTemplate":"https:\/\/cvinoticias.com\/v3\/?s={search_term_string}"},"query-input":{"@type":"PropertyValueSpecification","valueRequired":true,"valueName":"search_term_string"}}],"inLanguage":"es"},{"@type":"Organization","@id":"https:\/\/cvinoticias.com\/v3\/#organization","name":"CVI NOTICIAS","url":"https:\/\/cvinoticias.com\/v3\/","logo":{"@type":"ImageObject","inLanguage":"es","@id":"https:\/\/cvinoticias.com\/v3\/#\/schema\/logo\/image\/","url":"https:\/\/cvinoticias.com\/wp-content\/uploads\/2023\/04\/cropped-cropped-cropped-cropped-cropped-3-1.png","contentUrl":"https:\/\/cvinoticias.com\/wp-content\/uploads\/2023\/04\/cropped-cropped-cropped-cropped-cropped-3-1.png","width":95,"height":122,"caption":"CVI NOTICIAS"},"image":{"@id":"https:\/\/cvinoticias.com\/v3\/#\/schema\/logo\/image\/"},"sameAs":["https:\/\/www.facebook.com\/cvinoticias","https:\/\/www.instagram.com\/cvinoticias\/","https:\/\/www.youtube.com\/@CVINOTICIAS"]},{"@type":"Person","@id":"https:\/\/cvinoticias.com\/v3\/#\/schema\/person\/2db77e3c6bc03c538495d7b2b8be9b66","name":"f1000024","image":{"@type":"ImageObject","inLanguage":"es","@id":"https:\/\/secure.gravatar.com\/avatar\/d4fe7459cfc51ff5129ce1a732bbef5928568b8092d412ef95611616376bbeed?s=96&d=mm&r=g","url":"https:\/\/secure.gravatar.com\/avatar\/d4fe7459cfc51ff5129ce1a732bbef5928568b8092d412ef95611616376bbeed?s=96&d=mm&r=g","contentUrl":"https:\/\/secure.gravatar.com\/avatar\/d4fe7459cfc51ff5129ce1a732bbef5928568b8092d412ef95611616376bbeed?s=96&d=mm&r=g","caption":"f1000024"},"url":"https:\/\/cvinoticias.com\/v3\/author\/f1000024\/"}]}},"_links":{"self":[{"href":"https:\/\/cvinoticias.com\/v3\/wp-json\/wp\/v2\/posts\/8462","targetHints":{"allow":["GET"]}}],"collection":[{"href":"https:\/\/cvinoticias.com\/v3\/wp-json\/wp\/v2\/posts"}],"about":[{"href":"https:\/\/cvinoticias.com\/v3\/wp-json\/wp\/v2\/types\/post"}],"author":[{"embeddable":true,"href":"https:\/\/cvinoticias.com\/v3\/wp-json\/wp\/v2\/users\/2"}],"replies":[{"embeddable":true,"href":"https:\/\/cvinoticias.com\/v3\/wp-json\/wp\/v2\/comments?post=8462"}],"version-history":[{"count":1,"href":"https:\/\/cvinoticias.com\/v3\/wp-json\/wp\/v2\/posts\/8462\/revisions"}],"predecessor-version":[{"id":8464,"href":"https:\/\/cvinoticias.com\/v3\/wp-json\/wp\/v2\/posts\/8462\/revisions\/8464"}],"wp:featuredmedia":[{"embeddable":true,"href":"https:\/\/cvinoticias.com\/v3\/wp-json\/wp\/v2\/media\/8463"}],"wp:attachment":[{"href":"https:\/\/cvinoticias.com\/v3\/wp-json\/wp\/v2\/media?parent=8462"}],"wp:term":[{"taxonomy":"category","embeddable":true,"href":"https:\/\/cvinoticias.com\/v3\/wp-json\/wp\/v2\/categories?post=8462"},{"taxonomy":"post_tag","embeddable":true,"href":"https:\/\/cvinoticias.com\/v3\/wp-json\/wp\/v2\/tags?post=8462"}],"curies":[{"name":"wp","href":"https:\/\/api.w.org\/{rel}","templated":true}]}}