{"id":845,"date":"2020-12-18T02:35:27","date_gmt":"2020-12-18T02:35:27","guid":{"rendered":"https:\/\/cvinoticias.com\/v3\/?p=845"},"modified":"2020-12-18T02:35:27","modified_gmt":"2020-12-18T02:35:27","slug":"misiones-participo-del-encuentro-por-los-cinco-anos-del-acuerdo-de-paris","status":"publish","type":"post","link":"https:\/\/cvinoticias.com\/v3\/misiones-participo-del-encuentro-por-los-cinco-anos-del-acuerdo-de-paris\/","title":{"rendered":"Misiones particip\u00f3 del encuentro por los cinco a\u00f1os del Acuerdo de Par\u00eds"},"content":{"rendered":"\n<p><strong><em>A trav\u00e9s de una conferencia virtual y por invitaci\u00f3n de la Embajada de Francia, Misiones fue la \u00fanica provincia argentina invitada a participar del encuentro por los cinco a\u00f1os del hist\u00f3rico acuerdo que logr\u00f3 un pacto de acci\u00f3n clim\u00e1tica.<\/em><\/strong><\/p>\n\n\n\n<p>La presencia del Gobierno de Misiones fue a trav\u00e9s del Ministerio de Cambio Clim\u00e1tico, con la participaci\u00f3n del secretario de Estado, Patricio Lombardi, quien disert\u00f3 junto a representantes de la Uni\u00f3n Europea como Alemania, Italia, Gran Breta\u00f1a y Francia.<\/p>\n\n\n\n<p>Durante su intervenci\u00f3n, Lombardi se refiri\u00f3 a los desaf\u00edos para el siglo XXI en materia ambiental y se\u00f1al\u00f3: \u201cLa ONU nos dice que en dos semanas m\u00e1s empezar\u00e1 la d\u00e9cada de la restauraci\u00f3n de los ecosistemas, esto es fundamental para alcanzar los Objetivos de Desarrollo Sostenible (ODS). Principalmente los relativos al cambio clim\u00e1tico, la seguridad alimentaria, el agua y la conservaci\u00f3n de la biodiversidad\u201d, remarc\u00f3. En este sentido, el funcionario explic\u00f3 la realidad de la provincia y subray\u00f3 que Misiones apuesta a la preservaci\u00f3n de su bosque atl\u00e1ntico y su biodiversidad.<\/p>\n\n\n\n<p>En la misma l\u00ednea, el ministro explic\u00f3 que los estados subnacionales y los municipios son fundamentales ya que son los intendentes y gobernadores quienes conocen y saben c\u00f3mo cuidar sus territorios. \u201cEl cambio es de abajo hacia arriba, son ellos quienes saben c\u00f3mo emprender acciones clim\u00e1ticas positivas. Hoy, Argentina es el pa\u00eds con el remanente continuo de mayor superficie de bosque atl\u00e1ntico y eso es gracias al enorme esfuerzo del pueblo misionero\u201d, puntualiz\u00f3.<\/p>\n\n\n\n<p>El Acuerdo de Par\u00eds es el primer acuerdo universal y jur\u00eddicamente vinculante sobre el cambio clim\u00e1tico, adoptado en la Conferencia sobre el Clima de Par\u00eds (COP21) en diciembre de 2015. A cinco a\u00f1os de su r\u00fabrica, Misiones form\u00f3 parte del evento que se realiz\u00f3 de manera virtual y fue auspiciado por Naciones Unidas, el Gobierno de Francia y la comunidad europea. \u201cMisiones, que es la segunda provincia m\u00e1s chica en extensi\u00f3n territorial, conserva el 52% de toda la biodiversidad disponible en Argentina, por eso tenemos la necesidad de ser vanguardia en materia de protecci\u00f3n ambiental creando la primera Secretar\u00eda de Estado de Cambio Clim\u00e1tico de Misiones y de toda Am\u00e9rica Latina\u00bb, finaliz\u00f3 Lombardi.<\/p>\n","protected":false},"excerpt":{"rendered":"<p>A trav\u00e9s de una conferencia virtual y por invitaci\u00f3n de la Embajada de Francia, Misiones fue la \u00fanica provincia argentina invitada a participar del encuentro por los cinco a\u00f1os del hist\u00f3rico acuerdo que logr\u00f3 un pacto de acci\u00f3n clim\u00e1tica. La presencia del Gobierno de Misiones fue a trav\u00e9s del Ministerio de Cambio Clim\u00e1tico, con la [&hellip;]<\/p>\n","protected":false},"author":2,"featured_media":847,"comment_status":"open","ping_status":"open","sticky":false,"template":"","format":"standard","meta":{"footnotes":""},"categories":[38],"tags":[264],"class_list":["post-845","post","type-post","status-publish","format-standard","has-post-thumbnail","hentry","category-medio-ambiente","tag-cambios-climaticos"],"yoast_head":"<!-- This site is optimized with the Yoast SEO plugin v27.5 - https:\/\/yoast.com\/product\/yoast-seo-wordpress\/ -->\n<title>Misiones particip\u00f3 del encuentro por los cinco a\u00f1os del Acuerdo de Par\u00eds | CVI NOTICIAS<\/title>\n<meta name=\"robots\" content=\"index, follow, max-snippet:-1, max-image-preview:large, max-video-preview:-1\" \/>\n<link rel=\"canonical\" href=\"https:\/\/cvinoticias.com\/v3\/misiones-participo-del-encuentro-por-los-cinco-anos-del-acuerdo-de-paris\/\" \/>\n<meta property=\"og:locale\" content=\"es_ES\" \/>\n<meta property=\"og:type\" content=\"article\" \/>\n<meta property=\"og:title\" content=\"Misiones particip\u00f3 del encuentro por los cinco a\u00f1os del Acuerdo de Par\u00eds | CVI NOTICIAS\" \/>\n<meta property=\"og:description\" content=\"A trav\u00e9s de una conferencia virtual y por invitaci\u00f3n de la Embajada de Francia, Misiones fue la \u00fanica provincia argentina invitada a participar del encuentro por los cinco a\u00f1os del hist\u00f3rico acuerdo que logr\u00f3 un pacto de acci\u00f3n clim\u00e1tica. La presencia del Gobierno de Misiones fue a trav\u00e9s del Ministerio de Cambio Clim\u00e1tico, con la [&hellip;]\" \/>\n<meta property=\"og:url\" content=\"https:\/\/cvinoticias.com\/v3\/misiones-participo-del-encuentro-por-los-cinco-anos-del-acuerdo-de-paris\/\" \/>\n<meta property=\"og:site_name\" content=\"CVI NOTICIAS\" \/>\n<meta property=\"article:publisher\" content=\"https:\/\/www.facebook.com\/cvinoticias\" \/>\n<meta property=\"article:published_time\" content=\"2020-12-18T02:35:27+00:00\" \/>\n<meta property=\"og:image\" content=\"https:\/\/cvinoticias.com\/wp-content\/uploads\/2020\/12\/IMG_20201217_233005-1.png\" \/>\n\t<meta property=\"og:image:width\" content=\"956\" \/>\n\t<meta property=\"og:image:height\" content=\"473\" \/>\n\t<meta property=\"og:image:type\" content=\"image\/png\" \/>\n<meta name=\"author\" content=\"f1000024\" \/>\n<meta name=\"twitter:card\" content=\"summary_large_image\" \/>\n<meta name=\"twitter:label1\" content=\"Escrito por\" \/>\n\t<meta name=\"twitter:data1\" content=\"f1000024\" \/>\n\t<meta name=\"twitter:label2\" content=\"Tiempo de lectura\" \/>\n\t<meta name=\"twitter:data2\" content=\"2 minutos\" \/>\n<script type=\"application\/ld+json\" class=\"yoast-schema-graph\">{\"@context\":\"https:\\\/\\\/schema.org\",\"@graph\":[{\"@type\":\"Article\",\"@id\":\"https:\\\/\\\/cvinoticias.com\\\/v3\\\/misiones-participo-del-encuentro-por-los-cinco-anos-del-acuerdo-de-paris\\\/#article\",\"isPartOf\":{\"@id\":\"https:\\\/\\\/cvinoticias.com\\\/v3\\\/misiones-participo-del-encuentro-por-los-cinco-anos-del-acuerdo-de-paris\\\/\"},\"author\":{\"name\":\"f1000024\",\"@id\":\"https:\\\/\\\/cvinoticias.com\\\/v3\\\/#\\\/schema\\\/person\\\/2db77e3c6bc03c538495d7b2b8be9b66\"},\"headline\":\"Misiones particip\u00f3 del encuentro por los cinco a\u00f1os del Acuerdo de Par\u00eds\",\"datePublished\":\"2020-12-18T02:35:27+00:00\",\"mainEntityOfPage\":{\"@id\":\"https:\\\/\\\/cvinoticias.com\\\/v3\\\/misiones-participo-del-encuentro-por-los-cinco-anos-del-acuerdo-de-paris\\\/\"},\"wordCount\":406,\"commentCount\":0,\"publisher\":{\"@id\":\"https:\\\/\\\/cvinoticias.com\\\/v3\\\/#organization\"},\"image\":{\"@id\":\"https:\\\/\\\/cvinoticias.com\\\/v3\\\/misiones-participo-del-encuentro-por-los-cinco-anos-del-acuerdo-de-paris\\\/#primaryimage\"},\"thumbnailUrl\":\"https:\\\/\\\/cvinoticias.com\\\/wp-content\\\/uploads\\\/2020\\\/12\\\/IMG_20201217_233005-1.png\",\"keywords\":[\"Cambios clim\u00e1ticos\"],\"articleSection\":[\"Medio Ambiente\"],\"inLanguage\":\"es\",\"potentialAction\":[{\"@type\":\"CommentAction\",\"name\":\"Comment\",\"target\":[\"https:\\\/\\\/cvinoticias.com\\\/v3\\\/misiones-participo-del-encuentro-por-los-cinco-anos-del-acuerdo-de-paris\\\/#respond\"]}]},{\"@type\":\"WebPage\",\"@id\":\"https:\\\/\\\/cvinoticias.com\\\/v3\\\/misiones-participo-del-encuentro-por-los-cinco-anos-del-acuerdo-de-paris\\\/\",\"url\":\"https:\\\/\\\/cvinoticias.com\\\/v3\\\/misiones-participo-del-encuentro-por-los-cinco-anos-del-acuerdo-de-paris\\\/\",\"name\":\"Misiones particip\u00f3 del encuentro por los cinco a\u00f1os del Acuerdo de Par\u00eds | CVI NOTICIAS\",\"isPartOf\":{\"@id\":\"https:\\\/\\\/cvinoticias.com\\\/v3\\\/#website\"},\"primaryImageOfPage\":{\"@id\":\"https:\\\/\\\/cvinoticias.com\\\/v3\\\/misiones-participo-del-encuentro-por-los-cinco-anos-del-acuerdo-de-paris\\\/#primaryimage\"},\"image\":{\"@id\":\"https:\\\/\\\/cvinoticias.com\\\/v3\\\/misiones-participo-del-encuentro-por-los-cinco-anos-del-acuerdo-de-paris\\\/#primaryimage\"},\"thumbnailUrl\":\"https:\\\/\\\/cvinoticias.com\\\/wp-content\\\/uploads\\\/2020\\\/12\\\/IMG_20201217_233005-1.png\",\"datePublished\":\"2020-12-18T02:35:27+00:00\",\"breadcrumb\":{\"@id\":\"https:\\\/\\\/cvinoticias.com\\\/v3\\\/misiones-participo-del-encuentro-por-los-cinco-anos-del-acuerdo-de-paris\\\/#breadcrumb\"},\"inLanguage\":\"es\",\"potentialAction\":[{\"@type\":\"ReadAction\",\"target\":[\"https:\\\/\\\/cvinoticias.com\\\/v3\\\/misiones-participo-del-encuentro-por-los-cinco-anos-del-acuerdo-de-paris\\\/\"]}]},{\"@type\":\"ImageObject\",\"inLanguage\":\"es\",\"@id\":\"https:\\\/\\\/cvinoticias.com\\\/v3\\\/misiones-participo-del-encuentro-por-los-cinco-anos-del-acuerdo-de-paris\\\/#primaryimage\",\"url\":\"https:\\\/\\\/cvinoticias.com\\\/wp-content\\\/uploads\\\/2020\\\/12\\\/IMG_20201217_233005-1.png\",\"contentUrl\":\"https:\\\/\\\/cvinoticias.com\\\/wp-content\\\/uploads\\\/2020\\\/12\\\/IMG_20201217_233005-1.png\",\"width\":956,\"height\":473},{\"@type\":\"BreadcrumbList\",\"@id\":\"https:\\\/\\\/cvinoticias.com\\\/v3\\\/misiones-participo-del-encuentro-por-los-cinco-anos-del-acuerdo-de-paris\\\/#breadcrumb\",\"itemListElement\":[{\"@type\":\"ListItem\",\"position\":1,\"name\":\"Portada\",\"item\":\"https:\\\/\\\/cvinoticias.com\\\/v3\\\/\"},{\"@type\":\"ListItem\",\"position\":2,\"name\":\"Misiones particip\u00f3 del encuentro por los cinco a\u00f1os del Acuerdo de Par\u00eds\"}]},{\"@type\":\"WebSite\",\"@id\":\"https:\\\/\\\/cvinoticias.com\\\/v3\\\/#website\",\"url\":\"https:\\\/\\\/cvinoticias.com\\\/v3\\\/\",\"name\":\"CVI NOTICIAS\",\"description\":\"\",\"publisher\":{\"@id\":\"https:\\\/\\\/cvinoticias.com\\\/v3\\\/#organization\"},\"alternateName\":\"CVI\",\"potentialAction\":[{\"@type\":\"SearchAction\",\"target\":{\"@type\":\"EntryPoint\",\"urlTemplate\":\"https:\\\/\\\/cvinoticias.com\\\/v3\\\/?s={search_term_string}\"},\"query-input\":{\"@type\":\"PropertyValueSpecification\",\"valueRequired\":true,\"valueName\":\"search_term_string\"}}],\"inLanguage\":\"es\"},{\"@type\":\"Organization\",\"@id\":\"https:\\\/\\\/cvinoticias.com\\\/v3\\\/#organization\",\"name\":\"CVI NOTICIAS\",\"url\":\"https:\\\/\\\/cvinoticias.com\\\/v3\\\/\",\"logo\":{\"@type\":\"ImageObject\",\"inLanguage\":\"es\",\"@id\":\"https:\\\/\\\/cvinoticias.com\\\/v3\\\/#\\\/schema\\\/logo\\\/image\\\/\",\"url\":\"https:\\\/\\\/cvinoticias.com\\\/wp-content\\\/uploads\\\/2023\\\/04\\\/cropped-cropped-cropped-cropped-cropped-3-1.png\",\"contentUrl\":\"https:\\\/\\\/cvinoticias.com\\\/wp-content\\\/uploads\\\/2023\\\/04\\\/cropped-cropped-cropped-cropped-cropped-3-1.png\",\"width\":95,\"height\":122,\"caption\":\"CVI NOTICIAS\"},\"image\":{\"@id\":\"https:\\\/\\\/cvinoticias.com\\\/v3\\\/#\\\/schema\\\/logo\\\/image\\\/\"},\"sameAs\":[\"https:\\\/\\\/www.facebook.com\\\/cvinoticias\",\"https:\\\/\\\/www.instagram.com\\\/cvinoticias\\\/\",\"https:\\\/\\\/www.youtube.com\\\/@CVINOTICIAS\"]},{\"@type\":\"Person\",\"@id\":\"https:\\\/\\\/cvinoticias.com\\\/v3\\\/#\\\/schema\\\/person\\\/2db77e3c6bc03c538495d7b2b8be9b66\",\"name\":\"f1000024\",\"image\":{\"@type\":\"ImageObject\",\"inLanguage\":\"es\",\"@id\":\"https:\\\/\\\/secure.gravatar.com\\\/avatar\\\/d4fe7459cfc51ff5129ce1a732bbef5928568b8092d412ef95611616376bbeed?s=96&d=mm&r=g\",\"url\":\"https:\\\/\\\/secure.gravatar.com\\\/avatar\\\/d4fe7459cfc51ff5129ce1a732bbef5928568b8092d412ef95611616376bbeed?s=96&d=mm&r=g\",\"contentUrl\":\"https:\\\/\\\/secure.gravatar.com\\\/avatar\\\/d4fe7459cfc51ff5129ce1a732bbef5928568b8092d412ef95611616376bbeed?s=96&d=mm&r=g\",\"caption\":\"f1000024\"},\"url\":\"https:\\\/\\\/cvinoticias.com\\\/v3\\\/author\\\/f1000024\\\/\"}]}<\/script>\n<!-- \/ Yoast SEO plugin. -->","yoast_head_json":{"title":"Misiones particip\u00f3 del encuentro por los cinco a\u00f1os del Acuerdo de Par\u00eds | CVI NOTICIAS","robots":{"index":"index","follow":"follow","max-snippet":"max-snippet:-1","max-image-preview":"max-image-preview:large","max-video-preview":"max-video-preview:-1"},"canonical":"https:\/\/cvinoticias.com\/v3\/misiones-participo-del-encuentro-por-los-cinco-anos-del-acuerdo-de-paris\/","og_locale":"es_ES","og_type":"article","og_title":"Misiones particip\u00f3 del encuentro por los cinco a\u00f1os del Acuerdo de Par\u00eds | CVI NOTICIAS","og_description":"A trav\u00e9s de una conferencia virtual y por invitaci\u00f3n de la Embajada de Francia, Misiones fue la \u00fanica provincia argentina invitada a participar del encuentro por los cinco a\u00f1os del hist\u00f3rico acuerdo que logr\u00f3 un pacto de acci\u00f3n clim\u00e1tica. La presencia del Gobierno de Misiones fue a trav\u00e9s del Ministerio de Cambio Clim\u00e1tico, con la [&hellip;]","og_url":"https:\/\/cvinoticias.com\/v3\/misiones-participo-del-encuentro-por-los-cinco-anos-del-acuerdo-de-paris\/","og_site_name":"CVI NOTICIAS","article_publisher":"https:\/\/www.facebook.com\/cvinoticias","article_published_time":"2020-12-18T02:35:27+00:00","og_image":[{"width":956,"height":473,"url":"https:\/\/cvinoticias.com\/wp-content\/uploads\/2020\/12\/IMG_20201217_233005-1.png","type":"image\/png"}],"author":"f1000024","twitter_card":"summary_large_image","twitter_misc":{"Escrito por":"f1000024","Tiempo de lectura":"2 minutos"},"schema":{"@context":"https:\/\/schema.org","@graph":[{"@type":"Article","@id":"https:\/\/cvinoticias.com\/v3\/misiones-participo-del-encuentro-por-los-cinco-anos-del-acuerdo-de-paris\/#article","isPartOf":{"@id":"https:\/\/cvinoticias.com\/v3\/misiones-participo-del-encuentro-por-los-cinco-anos-del-acuerdo-de-paris\/"},"author":{"name":"f1000024","@id":"https:\/\/cvinoticias.com\/v3\/#\/schema\/person\/2db77e3c6bc03c538495d7b2b8be9b66"},"headline":"Misiones particip\u00f3 del encuentro por los cinco a\u00f1os del Acuerdo de Par\u00eds","datePublished":"2020-12-18T02:35:27+00:00","mainEntityOfPage":{"@id":"https:\/\/cvinoticias.com\/v3\/misiones-participo-del-encuentro-por-los-cinco-anos-del-acuerdo-de-paris\/"},"wordCount":406,"commentCount":0,"publisher":{"@id":"https:\/\/cvinoticias.com\/v3\/#organization"},"image":{"@id":"https:\/\/cvinoticias.com\/v3\/misiones-participo-del-encuentro-por-los-cinco-anos-del-acuerdo-de-paris\/#primaryimage"},"thumbnailUrl":"https:\/\/cvinoticias.com\/wp-content\/uploads\/2020\/12\/IMG_20201217_233005-1.png","keywords":["Cambios clim\u00e1ticos"],"articleSection":["Medio Ambiente"],"inLanguage":"es","potentialAction":[{"@type":"CommentAction","name":"Comment","target":["https:\/\/cvinoticias.com\/v3\/misiones-participo-del-encuentro-por-los-cinco-anos-del-acuerdo-de-paris\/#respond"]}]},{"@type":"WebPage","@id":"https:\/\/cvinoticias.com\/v3\/misiones-participo-del-encuentro-por-los-cinco-anos-del-acuerdo-de-paris\/","url":"https:\/\/cvinoticias.com\/v3\/misiones-participo-del-encuentro-por-los-cinco-anos-del-acuerdo-de-paris\/","name":"Misiones particip\u00f3 del encuentro por los cinco a\u00f1os del Acuerdo de Par\u00eds | CVI NOTICIAS","isPartOf":{"@id":"https:\/\/cvinoticias.com\/v3\/#website"},"primaryImageOfPage":{"@id":"https:\/\/cvinoticias.com\/v3\/misiones-participo-del-encuentro-por-los-cinco-anos-del-acuerdo-de-paris\/#primaryimage"},"image":{"@id":"https:\/\/cvinoticias.com\/v3\/misiones-participo-del-encuentro-por-los-cinco-anos-del-acuerdo-de-paris\/#primaryimage"},"thumbnailUrl":"https:\/\/cvinoticias.com\/wp-content\/uploads\/2020\/12\/IMG_20201217_233005-1.png","datePublished":"2020-12-18T02:35:27+00:00","breadcrumb":{"@id":"https:\/\/cvinoticias.com\/v3\/misiones-participo-del-encuentro-por-los-cinco-anos-del-acuerdo-de-paris\/#breadcrumb"},"inLanguage":"es","potentialAction":[{"@type":"ReadAction","target":["https:\/\/cvinoticias.com\/v3\/misiones-participo-del-encuentro-por-los-cinco-anos-del-acuerdo-de-paris\/"]}]},{"@type":"ImageObject","inLanguage":"es","@id":"https:\/\/cvinoticias.com\/v3\/misiones-participo-del-encuentro-por-los-cinco-anos-del-acuerdo-de-paris\/#primaryimage","url":"https:\/\/cvinoticias.com\/wp-content\/uploads\/2020\/12\/IMG_20201217_233005-1.png","contentUrl":"https:\/\/cvinoticias.com\/wp-content\/uploads\/2020\/12\/IMG_20201217_233005-1.png","width":956,"height":473},{"@type":"BreadcrumbList","@id":"https:\/\/cvinoticias.com\/v3\/misiones-participo-del-encuentro-por-los-cinco-anos-del-acuerdo-de-paris\/#breadcrumb","itemListElement":[{"@type":"ListItem","position":1,"name":"Portada","item":"https:\/\/cvinoticias.com\/v3\/"},{"@type":"ListItem","position":2,"name":"Misiones particip\u00f3 del encuentro por los cinco a\u00f1os del Acuerdo de Par\u00eds"}]},{"@type":"WebSite","@id":"https:\/\/cvinoticias.com\/v3\/#website","url":"https:\/\/cvinoticias.com\/v3\/","name":"CVI NOTICIAS","description":"","publisher":{"@id":"https:\/\/cvinoticias.com\/v3\/#organization"},"alternateName":"CVI","potentialAction":[{"@type":"SearchAction","target":{"@type":"EntryPoint","urlTemplate":"https:\/\/cvinoticias.com\/v3\/?s={search_term_string}"},"query-input":{"@type":"PropertyValueSpecification","valueRequired":true,"valueName":"search_term_string"}}],"inLanguage":"es"},{"@type":"Organization","@id":"https:\/\/cvinoticias.com\/v3\/#organization","name":"CVI NOTICIAS","url":"https:\/\/cvinoticias.com\/v3\/","logo":{"@type":"ImageObject","inLanguage":"es","@id":"https:\/\/cvinoticias.com\/v3\/#\/schema\/logo\/image\/","url":"https:\/\/cvinoticias.com\/wp-content\/uploads\/2023\/04\/cropped-cropped-cropped-cropped-cropped-3-1.png","contentUrl":"https:\/\/cvinoticias.com\/wp-content\/uploads\/2023\/04\/cropped-cropped-cropped-cropped-cropped-3-1.png","width":95,"height":122,"caption":"CVI NOTICIAS"},"image":{"@id":"https:\/\/cvinoticias.com\/v3\/#\/schema\/logo\/image\/"},"sameAs":["https:\/\/www.facebook.com\/cvinoticias","https:\/\/www.instagram.com\/cvinoticias\/","https:\/\/www.youtube.com\/@CVINOTICIAS"]},{"@type":"Person","@id":"https:\/\/cvinoticias.com\/v3\/#\/schema\/person\/2db77e3c6bc03c538495d7b2b8be9b66","name":"f1000024","image":{"@type":"ImageObject","inLanguage":"es","@id":"https:\/\/secure.gravatar.com\/avatar\/d4fe7459cfc51ff5129ce1a732bbef5928568b8092d412ef95611616376bbeed?s=96&d=mm&r=g","url":"https:\/\/secure.gravatar.com\/avatar\/d4fe7459cfc51ff5129ce1a732bbef5928568b8092d412ef95611616376bbeed?s=96&d=mm&r=g","contentUrl":"https:\/\/secure.gravatar.com\/avatar\/d4fe7459cfc51ff5129ce1a732bbef5928568b8092d412ef95611616376bbeed?s=96&d=mm&r=g","caption":"f1000024"},"url":"https:\/\/cvinoticias.com\/v3\/author\/f1000024\/"}]}},"_links":{"self":[{"href":"https:\/\/cvinoticias.com\/v3\/wp-json\/wp\/v2\/posts\/845","targetHints":{"allow":["GET"]}}],"collection":[{"href":"https:\/\/cvinoticias.com\/v3\/wp-json\/wp\/v2\/posts"}],"about":[{"href":"https:\/\/cvinoticias.com\/v3\/wp-json\/wp\/v2\/types\/post"}],"author":[{"embeddable":true,"href":"https:\/\/cvinoticias.com\/v3\/wp-json\/wp\/v2\/users\/2"}],"replies":[{"embeddable":true,"href":"https:\/\/cvinoticias.com\/v3\/wp-json\/wp\/v2\/comments?post=845"}],"version-history":[{"count":1,"href":"https:\/\/cvinoticias.com\/v3\/wp-json\/wp\/v2\/posts\/845\/revisions"}],"predecessor-version":[{"id":848,"href":"https:\/\/cvinoticias.com\/v3\/wp-json\/wp\/v2\/posts\/845\/revisions\/848"}],"wp:featuredmedia":[{"embeddable":true,"href":"https:\/\/cvinoticias.com\/v3\/wp-json\/wp\/v2\/media\/847"}],"wp:attachment":[{"href":"https:\/\/cvinoticias.com\/v3\/wp-json\/wp\/v2\/media?parent=845"}],"wp:term":[{"taxonomy":"category","embeddable":true,"href":"https:\/\/cvinoticias.com\/v3\/wp-json\/wp\/v2\/categories?post=845"},{"taxonomy":"post_tag","embeddable":true,"href":"https:\/\/cvinoticias.com\/v3\/wp-json\/wp\/v2\/tags?post=845"}],"curies":[{"name":"wp","href":"https:\/\/api.w.org\/{rel}","templated":true}]}}