{"id":8402,"date":"2021-09-11T03:11:11","date_gmt":"2021-09-11T03:11:11","guid":{"rendered":"https:\/\/cvinoticias.com\/v3\/?p=8402"},"modified":"2021-09-11T03:11:11","modified_gmt":"2021-09-11T03:11:11","slug":"detuvieron-a-un-joven-involucrado-en-un-raid-delictivo-en-puerto-iguazu","status":"publish","type":"post","link":"https:\/\/cvinoticias.com\/v3\/detuvieron-a-un-joven-involucrado-en-un-raid-delictivo-en-puerto-iguazu\/","title":{"rendered":"Detuvieron a un joven involucrado en un raid delictivo en Puerto Iguaz\u00fa"},"content":{"rendered":"\n<p><strong><em>El apresado tiene 26 a\u00f1os y fue detenido esta tarde por efectivos de la divisi\u00f3n Investigaciones de la Unidad Regional V. Est\u00e1 acusado de haber ingresado y sustra\u00eddo elementos de al menos tres locales comerciales en horas de la madrugada.<\/em><\/strong><\/p>\n\n\n\n<p>La investigaci\u00f3n comenz\u00f3 esta ma\u00f1ana cuando se acercaron a sede policial tres comerciantes, denunciando que ingresaron a sus locales y se robaron mercader\u00eda, objetos de valor y dinero en efectivo. Tambi\u00e9n aportaron las filmaciones en donde se ve a un joven arrojando un objeto contundente para romper los cristales y as\u00ed ingresar a los lugares.<\/p>\n\n\n\n<p>Tras cotejar exhaustivamente los registros f\u00edlmicos se logr\u00f3 identificar al sospechoso. Con esta informaci\u00f3n, se despleg\u00f3 un operativo de b\u00fasqueda por las zonas donde ocurrieron los il\u00edcitos. Fue de esta forma que, en el barrio San Lucas, se identific\u00f3 al sospechoso por las vestimentas que llevaba e inmediatamente fue detenido.<\/p>\n\n\n\n<p>Finalmente fue alojado en sede policial a disposici\u00f3n del Juzgado de Instrucci\u00f3n N\u00ba3 de Puerto Iguaz\u00fa. Se contin\u00faa con la investigaci\u00f3n con el objetivo de recuperar los elementos robados.<\/p>\n","protected":false},"excerpt":{"rendered":"<p>El apresado tiene 26 a\u00f1os y fue detenido esta tarde por efectivos de la divisi\u00f3n Investigaciones de la Unidad Regional V. Est\u00e1 acusado de haber ingresado y sustra\u00eddo elementos de al menos tres locales comerciales en horas de la madrugada. La investigaci\u00f3n comenz\u00f3 esta ma\u00f1ana cuando se acercaron a sede policial tres comerciantes, denunciando que [&hellip;]<\/p>\n","protected":false},"author":2,"featured_media":8403,"comment_status":"open","ping_status":"open","sticky":false,"template":"","format":"standard","meta":{"footnotes":""},"categories":[41],"tags":[],"class_list":["post-8402","post","type-post","status-publish","format-standard","has-post-thumbnail","hentry","category-policiales"],"yoast_head":"<!-- This site is optimized with the Yoast SEO plugin v27.5 - https:\/\/yoast.com\/product\/yoast-seo-wordpress\/ -->\n<title>Detuvieron a un joven involucrado en un raid delictivo en Puerto Iguaz\u00fa | CVI NOTICIAS<\/title>\n<meta name=\"robots\" content=\"index, follow, max-snippet:-1, max-image-preview:large, max-video-preview:-1\" \/>\n<link rel=\"canonical\" href=\"https:\/\/cvinoticias.com\/v3\/detuvieron-a-un-joven-involucrado-en-un-raid-delictivo-en-puerto-iguazu\/\" \/>\n<meta property=\"og:locale\" content=\"es_ES\" \/>\n<meta property=\"og:type\" content=\"article\" \/>\n<meta property=\"og:title\" content=\"Detuvieron a un joven involucrado en un raid delictivo en Puerto Iguaz\u00fa | CVI NOTICIAS\" \/>\n<meta property=\"og:description\" content=\"El apresado tiene 26 a\u00f1os y fue detenido esta tarde por efectivos de la divisi\u00f3n Investigaciones de la Unidad Regional V. Est\u00e1 acusado de haber ingresado y sustra\u00eddo elementos de al menos tres locales comerciales en horas de la madrugada. La investigaci\u00f3n comenz\u00f3 esta ma\u00f1ana cuando se acercaron a sede policial tres comerciantes, denunciando que [&hellip;]\" \/>\n<meta property=\"og:url\" content=\"https:\/\/cvinoticias.com\/v3\/detuvieron-a-un-joven-involucrado-en-un-raid-delictivo-en-puerto-iguazu\/\" \/>\n<meta property=\"og:site_name\" content=\"CVI NOTICIAS\" \/>\n<meta property=\"article:publisher\" content=\"https:\/\/www.facebook.com\/cvinoticias\" \/>\n<meta property=\"article:published_time\" content=\"2021-09-11T03:11:11+00:00\" \/>\n<meta property=\"og:image\" content=\"https:\/\/cvinoticias.com\/wp-content\/uploads\/2021\/09\/FB_IMG_1631329373419.jpg\" \/>\n\t<meta property=\"og:image:width\" content=\"838\" \/>\n\t<meta property=\"og:image:height\" content=\"950\" \/>\n\t<meta property=\"og:image:type\" content=\"image\/jpeg\" \/>\n<meta name=\"author\" content=\"f1000024\" \/>\n<meta name=\"twitter:card\" content=\"summary_large_image\" \/>\n<meta name=\"twitter:label1\" content=\"Escrito por\" \/>\n\t<meta name=\"twitter:data1\" content=\"f1000024\" \/>\n\t<meta name=\"twitter:label2\" content=\"Tiempo de lectura\" \/>\n\t<meta name=\"twitter:data2\" content=\"1 minuto\" \/>\n<script type=\"application\/ld+json\" class=\"yoast-schema-graph\">{\"@context\":\"https:\\\/\\\/schema.org\",\"@graph\":[{\"@type\":\"Article\",\"@id\":\"https:\\\/\\\/cvinoticias.com\\\/v3\\\/detuvieron-a-un-joven-involucrado-en-un-raid-delictivo-en-puerto-iguazu\\\/#article\",\"isPartOf\":{\"@id\":\"https:\\\/\\\/cvinoticias.com\\\/v3\\\/detuvieron-a-un-joven-involucrado-en-un-raid-delictivo-en-puerto-iguazu\\\/\"},\"author\":{\"name\":\"f1000024\",\"@id\":\"https:\\\/\\\/cvinoticias.com\\\/v3\\\/#\\\/schema\\\/person\\\/2db77e3c6bc03c538495d7b2b8be9b66\"},\"headline\":\"Detuvieron a un joven involucrado en un raid delictivo en Puerto Iguaz\u00fa\",\"datePublished\":\"2021-09-11T03:11:11+00:00\",\"mainEntityOfPage\":{\"@id\":\"https:\\\/\\\/cvinoticias.com\\\/v3\\\/detuvieron-a-un-joven-involucrado-en-un-raid-delictivo-en-puerto-iguazu\\\/\"},\"wordCount\":200,\"commentCount\":0,\"publisher\":{\"@id\":\"https:\\\/\\\/cvinoticias.com\\\/v3\\\/#organization\"},\"image\":{\"@id\":\"https:\\\/\\\/cvinoticias.com\\\/v3\\\/detuvieron-a-un-joven-involucrado-en-un-raid-delictivo-en-puerto-iguazu\\\/#primaryimage\"},\"thumbnailUrl\":\"https:\\\/\\\/cvinoticias.com\\\/wp-content\\\/uploads\\\/2021\\\/09\\\/FB_IMG_1631329373419.jpg\",\"articleSection\":[\"Policiales\"],\"inLanguage\":\"es\",\"potentialAction\":[{\"@type\":\"CommentAction\",\"name\":\"Comment\",\"target\":[\"https:\\\/\\\/cvinoticias.com\\\/v3\\\/detuvieron-a-un-joven-involucrado-en-un-raid-delictivo-en-puerto-iguazu\\\/#respond\"]}]},{\"@type\":\"WebPage\",\"@id\":\"https:\\\/\\\/cvinoticias.com\\\/v3\\\/detuvieron-a-un-joven-involucrado-en-un-raid-delictivo-en-puerto-iguazu\\\/\",\"url\":\"https:\\\/\\\/cvinoticias.com\\\/v3\\\/detuvieron-a-un-joven-involucrado-en-un-raid-delictivo-en-puerto-iguazu\\\/\",\"name\":\"Detuvieron a un joven involucrado en un raid delictivo en Puerto Iguaz\u00fa | CVI NOTICIAS\",\"isPartOf\":{\"@id\":\"https:\\\/\\\/cvinoticias.com\\\/v3\\\/#website\"},\"primaryImageOfPage\":{\"@id\":\"https:\\\/\\\/cvinoticias.com\\\/v3\\\/detuvieron-a-un-joven-involucrado-en-un-raid-delictivo-en-puerto-iguazu\\\/#primaryimage\"},\"image\":{\"@id\":\"https:\\\/\\\/cvinoticias.com\\\/v3\\\/detuvieron-a-un-joven-involucrado-en-un-raid-delictivo-en-puerto-iguazu\\\/#primaryimage\"},\"thumbnailUrl\":\"https:\\\/\\\/cvinoticias.com\\\/wp-content\\\/uploads\\\/2021\\\/09\\\/FB_IMG_1631329373419.jpg\",\"datePublished\":\"2021-09-11T03:11:11+00:00\",\"breadcrumb\":{\"@id\":\"https:\\\/\\\/cvinoticias.com\\\/v3\\\/detuvieron-a-un-joven-involucrado-en-un-raid-delictivo-en-puerto-iguazu\\\/#breadcrumb\"},\"inLanguage\":\"es\",\"potentialAction\":[{\"@type\":\"ReadAction\",\"target\":[\"https:\\\/\\\/cvinoticias.com\\\/v3\\\/detuvieron-a-un-joven-involucrado-en-un-raid-delictivo-en-puerto-iguazu\\\/\"]}]},{\"@type\":\"ImageObject\",\"inLanguage\":\"es\",\"@id\":\"https:\\\/\\\/cvinoticias.com\\\/v3\\\/detuvieron-a-un-joven-involucrado-en-un-raid-delictivo-en-puerto-iguazu\\\/#primaryimage\",\"url\":\"https:\\\/\\\/cvinoticias.com\\\/wp-content\\\/uploads\\\/2021\\\/09\\\/FB_IMG_1631329373419.jpg\",\"contentUrl\":\"https:\\\/\\\/cvinoticias.com\\\/wp-content\\\/uploads\\\/2021\\\/09\\\/FB_IMG_1631329373419.jpg\",\"width\":838,\"height\":950},{\"@type\":\"BreadcrumbList\",\"@id\":\"https:\\\/\\\/cvinoticias.com\\\/v3\\\/detuvieron-a-un-joven-involucrado-en-un-raid-delictivo-en-puerto-iguazu\\\/#breadcrumb\",\"itemListElement\":[{\"@type\":\"ListItem\",\"position\":1,\"name\":\"Portada\",\"item\":\"https:\\\/\\\/cvinoticias.com\\\/v3\\\/\"},{\"@type\":\"ListItem\",\"position\":2,\"name\":\"Detuvieron a un joven involucrado en un raid delictivo en Puerto Iguaz\u00fa\"}]},{\"@type\":\"WebSite\",\"@id\":\"https:\\\/\\\/cvinoticias.com\\\/v3\\\/#website\",\"url\":\"https:\\\/\\\/cvinoticias.com\\\/v3\\\/\",\"name\":\"CVI NOTICIAS\",\"description\":\"\",\"publisher\":{\"@id\":\"https:\\\/\\\/cvinoticias.com\\\/v3\\\/#organization\"},\"alternateName\":\"CVI\",\"potentialAction\":[{\"@type\":\"SearchAction\",\"target\":{\"@type\":\"EntryPoint\",\"urlTemplate\":\"https:\\\/\\\/cvinoticias.com\\\/v3\\\/?s={search_term_string}\"},\"query-input\":{\"@type\":\"PropertyValueSpecification\",\"valueRequired\":true,\"valueName\":\"search_term_string\"}}],\"inLanguage\":\"es\"},{\"@type\":\"Organization\",\"@id\":\"https:\\\/\\\/cvinoticias.com\\\/v3\\\/#organization\",\"name\":\"CVI NOTICIAS\",\"url\":\"https:\\\/\\\/cvinoticias.com\\\/v3\\\/\",\"logo\":{\"@type\":\"ImageObject\",\"inLanguage\":\"es\",\"@id\":\"https:\\\/\\\/cvinoticias.com\\\/v3\\\/#\\\/schema\\\/logo\\\/image\\\/\",\"url\":\"https:\\\/\\\/cvinoticias.com\\\/wp-content\\\/uploads\\\/2023\\\/04\\\/cropped-cropped-cropped-cropped-cropped-3-1.png\",\"contentUrl\":\"https:\\\/\\\/cvinoticias.com\\\/wp-content\\\/uploads\\\/2023\\\/04\\\/cropped-cropped-cropped-cropped-cropped-3-1.png\",\"width\":95,\"height\":122,\"caption\":\"CVI NOTICIAS\"},\"image\":{\"@id\":\"https:\\\/\\\/cvinoticias.com\\\/v3\\\/#\\\/schema\\\/logo\\\/image\\\/\"},\"sameAs\":[\"https:\\\/\\\/www.facebook.com\\\/cvinoticias\",\"https:\\\/\\\/www.instagram.com\\\/cvinoticias\\\/\",\"https:\\\/\\\/www.youtube.com\\\/@CVINOTICIAS\"]},{\"@type\":\"Person\",\"@id\":\"https:\\\/\\\/cvinoticias.com\\\/v3\\\/#\\\/schema\\\/person\\\/2db77e3c6bc03c538495d7b2b8be9b66\",\"name\":\"f1000024\",\"image\":{\"@type\":\"ImageObject\",\"inLanguage\":\"es\",\"@id\":\"https:\\\/\\\/secure.gravatar.com\\\/avatar\\\/d4fe7459cfc51ff5129ce1a732bbef5928568b8092d412ef95611616376bbeed?s=96&d=mm&r=g\",\"url\":\"https:\\\/\\\/secure.gravatar.com\\\/avatar\\\/d4fe7459cfc51ff5129ce1a732bbef5928568b8092d412ef95611616376bbeed?s=96&d=mm&r=g\",\"contentUrl\":\"https:\\\/\\\/secure.gravatar.com\\\/avatar\\\/d4fe7459cfc51ff5129ce1a732bbef5928568b8092d412ef95611616376bbeed?s=96&d=mm&r=g\",\"caption\":\"f1000024\"},\"url\":\"https:\\\/\\\/cvinoticias.com\\\/v3\\\/author\\\/f1000024\\\/\"}]}<\/script>\n<!-- \/ Yoast SEO plugin. -->","yoast_head_json":{"title":"Detuvieron a un joven involucrado en un raid delictivo en Puerto Iguaz\u00fa | CVI NOTICIAS","robots":{"index":"index","follow":"follow","max-snippet":"max-snippet:-1","max-image-preview":"max-image-preview:large","max-video-preview":"max-video-preview:-1"},"canonical":"https:\/\/cvinoticias.com\/v3\/detuvieron-a-un-joven-involucrado-en-un-raid-delictivo-en-puerto-iguazu\/","og_locale":"es_ES","og_type":"article","og_title":"Detuvieron a un joven involucrado en un raid delictivo en Puerto Iguaz\u00fa | CVI NOTICIAS","og_description":"El apresado tiene 26 a\u00f1os y fue detenido esta tarde por efectivos de la divisi\u00f3n Investigaciones de la Unidad Regional V. Est\u00e1 acusado de haber ingresado y sustra\u00eddo elementos de al menos tres locales comerciales en horas de la madrugada. La investigaci\u00f3n comenz\u00f3 esta ma\u00f1ana cuando se acercaron a sede policial tres comerciantes, denunciando que [&hellip;]","og_url":"https:\/\/cvinoticias.com\/v3\/detuvieron-a-un-joven-involucrado-en-un-raid-delictivo-en-puerto-iguazu\/","og_site_name":"CVI NOTICIAS","article_publisher":"https:\/\/www.facebook.com\/cvinoticias","article_published_time":"2021-09-11T03:11:11+00:00","og_image":[{"width":838,"height":950,"url":"https:\/\/cvinoticias.com\/wp-content\/uploads\/2021\/09\/FB_IMG_1631329373419.jpg","type":"image\/jpeg"}],"author":"f1000024","twitter_card":"summary_large_image","twitter_misc":{"Escrito por":"f1000024","Tiempo de lectura":"1 minuto"},"schema":{"@context":"https:\/\/schema.org","@graph":[{"@type":"Article","@id":"https:\/\/cvinoticias.com\/v3\/detuvieron-a-un-joven-involucrado-en-un-raid-delictivo-en-puerto-iguazu\/#article","isPartOf":{"@id":"https:\/\/cvinoticias.com\/v3\/detuvieron-a-un-joven-involucrado-en-un-raid-delictivo-en-puerto-iguazu\/"},"author":{"name":"f1000024","@id":"https:\/\/cvinoticias.com\/v3\/#\/schema\/person\/2db77e3c6bc03c538495d7b2b8be9b66"},"headline":"Detuvieron a un joven involucrado en un raid delictivo en Puerto Iguaz\u00fa","datePublished":"2021-09-11T03:11:11+00:00","mainEntityOfPage":{"@id":"https:\/\/cvinoticias.com\/v3\/detuvieron-a-un-joven-involucrado-en-un-raid-delictivo-en-puerto-iguazu\/"},"wordCount":200,"commentCount":0,"publisher":{"@id":"https:\/\/cvinoticias.com\/v3\/#organization"},"image":{"@id":"https:\/\/cvinoticias.com\/v3\/detuvieron-a-un-joven-involucrado-en-un-raid-delictivo-en-puerto-iguazu\/#primaryimage"},"thumbnailUrl":"https:\/\/cvinoticias.com\/wp-content\/uploads\/2021\/09\/FB_IMG_1631329373419.jpg","articleSection":["Policiales"],"inLanguage":"es","potentialAction":[{"@type":"CommentAction","name":"Comment","target":["https:\/\/cvinoticias.com\/v3\/detuvieron-a-un-joven-involucrado-en-un-raid-delictivo-en-puerto-iguazu\/#respond"]}]},{"@type":"WebPage","@id":"https:\/\/cvinoticias.com\/v3\/detuvieron-a-un-joven-involucrado-en-un-raid-delictivo-en-puerto-iguazu\/","url":"https:\/\/cvinoticias.com\/v3\/detuvieron-a-un-joven-involucrado-en-un-raid-delictivo-en-puerto-iguazu\/","name":"Detuvieron a un joven involucrado en un raid delictivo en Puerto Iguaz\u00fa | CVI NOTICIAS","isPartOf":{"@id":"https:\/\/cvinoticias.com\/v3\/#website"},"primaryImageOfPage":{"@id":"https:\/\/cvinoticias.com\/v3\/detuvieron-a-un-joven-involucrado-en-un-raid-delictivo-en-puerto-iguazu\/#primaryimage"},"image":{"@id":"https:\/\/cvinoticias.com\/v3\/detuvieron-a-un-joven-involucrado-en-un-raid-delictivo-en-puerto-iguazu\/#primaryimage"},"thumbnailUrl":"https:\/\/cvinoticias.com\/wp-content\/uploads\/2021\/09\/FB_IMG_1631329373419.jpg","datePublished":"2021-09-11T03:11:11+00:00","breadcrumb":{"@id":"https:\/\/cvinoticias.com\/v3\/detuvieron-a-un-joven-involucrado-en-un-raid-delictivo-en-puerto-iguazu\/#breadcrumb"},"inLanguage":"es","potentialAction":[{"@type":"ReadAction","target":["https:\/\/cvinoticias.com\/v3\/detuvieron-a-un-joven-involucrado-en-un-raid-delictivo-en-puerto-iguazu\/"]}]},{"@type":"ImageObject","inLanguage":"es","@id":"https:\/\/cvinoticias.com\/v3\/detuvieron-a-un-joven-involucrado-en-un-raid-delictivo-en-puerto-iguazu\/#primaryimage","url":"https:\/\/cvinoticias.com\/wp-content\/uploads\/2021\/09\/FB_IMG_1631329373419.jpg","contentUrl":"https:\/\/cvinoticias.com\/wp-content\/uploads\/2021\/09\/FB_IMG_1631329373419.jpg","width":838,"height":950},{"@type":"BreadcrumbList","@id":"https:\/\/cvinoticias.com\/v3\/detuvieron-a-un-joven-involucrado-en-un-raid-delictivo-en-puerto-iguazu\/#breadcrumb","itemListElement":[{"@type":"ListItem","position":1,"name":"Portada","item":"https:\/\/cvinoticias.com\/v3\/"},{"@type":"ListItem","position":2,"name":"Detuvieron a un joven involucrado en un raid delictivo en Puerto Iguaz\u00fa"}]},{"@type":"WebSite","@id":"https:\/\/cvinoticias.com\/v3\/#website","url":"https:\/\/cvinoticias.com\/v3\/","name":"CVI NOTICIAS","description":"","publisher":{"@id":"https:\/\/cvinoticias.com\/v3\/#organization"},"alternateName":"CVI","potentialAction":[{"@type":"SearchAction","target":{"@type":"EntryPoint","urlTemplate":"https:\/\/cvinoticias.com\/v3\/?s={search_term_string}"},"query-input":{"@type":"PropertyValueSpecification","valueRequired":true,"valueName":"search_term_string"}}],"inLanguage":"es"},{"@type":"Organization","@id":"https:\/\/cvinoticias.com\/v3\/#organization","name":"CVI NOTICIAS","url":"https:\/\/cvinoticias.com\/v3\/","logo":{"@type":"ImageObject","inLanguage":"es","@id":"https:\/\/cvinoticias.com\/v3\/#\/schema\/logo\/image\/","url":"https:\/\/cvinoticias.com\/wp-content\/uploads\/2023\/04\/cropped-cropped-cropped-cropped-cropped-3-1.png","contentUrl":"https:\/\/cvinoticias.com\/wp-content\/uploads\/2023\/04\/cropped-cropped-cropped-cropped-cropped-3-1.png","width":95,"height":122,"caption":"CVI NOTICIAS"},"image":{"@id":"https:\/\/cvinoticias.com\/v3\/#\/schema\/logo\/image\/"},"sameAs":["https:\/\/www.facebook.com\/cvinoticias","https:\/\/www.instagram.com\/cvinoticias\/","https:\/\/www.youtube.com\/@CVINOTICIAS"]},{"@type":"Person","@id":"https:\/\/cvinoticias.com\/v3\/#\/schema\/person\/2db77e3c6bc03c538495d7b2b8be9b66","name":"f1000024","image":{"@type":"ImageObject","inLanguage":"es","@id":"https:\/\/secure.gravatar.com\/avatar\/d4fe7459cfc51ff5129ce1a732bbef5928568b8092d412ef95611616376bbeed?s=96&d=mm&r=g","url":"https:\/\/secure.gravatar.com\/avatar\/d4fe7459cfc51ff5129ce1a732bbef5928568b8092d412ef95611616376bbeed?s=96&d=mm&r=g","contentUrl":"https:\/\/secure.gravatar.com\/avatar\/d4fe7459cfc51ff5129ce1a732bbef5928568b8092d412ef95611616376bbeed?s=96&d=mm&r=g","caption":"f1000024"},"url":"https:\/\/cvinoticias.com\/v3\/author\/f1000024\/"}]}},"_links":{"self":[{"href":"https:\/\/cvinoticias.com\/v3\/wp-json\/wp\/v2\/posts\/8402","targetHints":{"allow":["GET"]}}],"collection":[{"href":"https:\/\/cvinoticias.com\/v3\/wp-json\/wp\/v2\/posts"}],"about":[{"href":"https:\/\/cvinoticias.com\/v3\/wp-json\/wp\/v2\/types\/post"}],"author":[{"embeddable":true,"href":"https:\/\/cvinoticias.com\/v3\/wp-json\/wp\/v2\/users\/2"}],"replies":[{"embeddable":true,"href":"https:\/\/cvinoticias.com\/v3\/wp-json\/wp\/v2\/comments?post=8402"}],"version-history":[{"count":1,"href":"https:\/\/cvinoticias.com\/v3\/wp-json\/wp\/v2\/posts\/8402\/revisions"}],"predecessor-version":[{"id":8404,"href":"https:\/\/cvinoticias.com\/v3\/wp-json\/wp\/v2\/posts\/8402\/revisions\/8404"}],"wp:featuredmedia":[{"embeddable":true,"href":"https:\/\/cvinoticias.com\/v3\/wp-json\/wp\/v2\/media\/8403"}],"wp:attachment":[{"href":"https:\/\/cvinoticias.com\/v3\/wp-json\/wp\/v2\/media?parent=8402"}],"wp:term":[{"taxonomy":"category","embeddable":true,"href":"https:\/\/cvinoticias.com\/v3\/wp-json\/wp\/v2\/categories?post=8402"},{"taxonomy":"post_tag","embeddable":true,"href":"https:\/\/cvinoticias.com\/v3\/wp-json\/wp\/v2\/tags?post=8402"}],"curies":[{"name":"wp","href":"https:\/\/api.w.org\/{rel}","templated":true}]}}