{"id":8379,"date":"2021-09-10T12:09:29","date_gmt":"2021-09-10T12:09:29","guid":{"rendered":"https:\/\/cvinoticias.com\/v3\/?p=8379"},"modified":"2021-09-10T12:09:29","modified_gmt":"2021-09-10T12:09:29","slug":"dia-mundial-de-prevencion-del-suicidio-para-informarse-y-reflexionar","status":"publish","type":"post","link":"https:\/\/cvinoticias.com\/v3\/dia-mundial-de-prevencion-del-suicidio-para-informarse-y-reflexionar\/","title":{"rendered":"D\u00eda mundial de prevenci\u00f3n del suicidio. Para informarse y reflexionar"},"content":{"rendered":"\n<p><em>El 10 de septiembre de cada a\u00f1o, establecido por la OMS, se conmemora el D\u00eda Mundial para la Prevenci\u00f3n del Suicidio. Con esto se intenta fomentar en todo el mundo compromisos y medidas pr\u00e1cticas para prevenir los suicidios.<\/em><\/p>\n\n\n\n<p>Cada d\u00eda hay en promedio casi 3000 personas que ponen fin a su vida, y al menos 20 personas intentan suicidarse por cada una que lo consigue.<br>El problema (seg\u00fan la OMS)<\/p>\n\n\n\n<p>Cada a\u00f1o se suicidan casi un mill\u00f3n de personas, lo que supone una tasa de mortalidad \u00abglobal\u00bb de 16 por 100 000, o una muerte cada 40 segundos.<\/p>\n\n\n\n<p>En los \u00faltimos 45 a\u00f1os las tasas de suicidio han aumentado en un 60% a nivel mundial. El suicidio es una de las tres primeras causas de defunci\u00f3n entre las personas de 15 a 44 a\u00f1os en algunos pa\u00edses, y la segunda causa en el grupo de 10 a 24 a\u00f1os; y estas cifras no incluyen los tentativas de suicidio, que son hasta 20 veces m\u00e1s frecuentes que los casos de suicidio consumado.<\/p>\n\n\n\n<p>Se estima que a nivel mundial el suicidio supuso el 1,8% de la carga global de morbilidad en 1998, y que en 2020 representar\u00e1 el 2,4% en los pa\u00edses con econom\u00edas de mercado y en los antiguos pa\u00edses socialistas.<\/p>\n\n\n\n<p>Aunque tradicionalmente las mayores tasas de suicidio se han registrado entre los varones de edad avanzada, las tasas entre los j\u00f3venes han ido en aumento hasta el punto de que ahora estos son el grupo de mayor riesgo en un tercio de los pa\u00edses, tanto en el mundo desarrollado como en el mundo en desarrollo.<\/p>\n\n\n\n<p>Los trastornos mentales (especialmente la depresi\u00f3n y los trastornos por consumo de alcohol) son un importante factor de riesgo de suicidio en Europa y Am\u00e9rica del Norte; en los pa\u00edses asi\u00e1ticos, sin embargo, tiene especial importancia la conducta impulsiva. El suicidio es un problema complejo, en el que intervienen factores psicol\u00f3gicos, sociales, biol\u00f3gicos, culturales y ambientales.<\/p>\n\n\n\n<p><strong>Intervenciones eficaces<\/strong><\/p>\n\n\n\n<p>Las estrategias que contemplan la restricci\u00f3n del acceso a m\u00e9todos comunes de suicidio, por ejemplo armas de fuego y sustancias t\u00f3xicas como plaguicidas, han demostrado ser eficaces para reducir las tasas de suicidio, no obstante lo cual se deben adoptar enfoques multisectoriales con muchos niveles de intervenci\u00f3n y actividades.<\/p>\n\n\n\n<p>Los datos disponibles demuestran de forma contundente que la prevenci\u00f3n y el tratamiento adecuados de la depresi\u00f3n y del abuso de alcohol y de sustancias reducen las tasas de suicidio, al igual que el contacto de seguimiento con quienes han intentado suicidarse.<\/p>\n\n\n\n<p><strong>Desaf\u00edos y obst\u00e1culos<\/strong><\/p>\n\n\n\n<p>A nivel mundial, la prevenci\u00f3n del suicidio es una necesidad que no se ha abordado de forma adecuada debido b\u00e1sicamente a la falta de sensibilizaci\u00f3n sobre la importancia de ese problema y al tab\u00fa que lo rodea e impide que se hable abiertamente de ello. De hecho, solo unos cuantos pa\u00edses han incluido la prevenci\u00f3n del suicidio entre sus prioridades.<\/p>\n\n\n\n<p>La fiabilidad de los sistemas de certificaci\u00f3n y notificaci\u00f3n de los suicidios requiere importantes mejoras.<\/p>\n\n\n\n<p>Es evidente que la prevenci\u00f3n del suicidio requiere tambi\u00e9n la intervenci\u00f3n de sectores distintos del de la salud y exige un enfoque innovador, integral y multisectorial, con la participaci\u00f3n tanto del sector de la salud como de otros sectores, como por ejemplo los de la educaci\u00f3n, el mundo laboral, la polic\u00eda, la justicia, la religi\u00f3n, el derecho, la pol\u00edtica y los medios de comunicaci\u00f3n.<\/p>\n","protected":false},"excerpt":{"rendered":"<p>El 10 de septiembre de cada a\u00f1o, establecido por la OMS, se conmemora el D\u00eda Mundial para la Prevenci\u00f3n del Suicidio. Con esto se intenta fomentar en todo el mundo compromisos y medidas pr\u00e1cticas para prevenir los suicidios. Cada d\u00eda hay en promedio casi 3000 personas que ponen fin a su vida, y al menos [&hellip;]<\/p>\n","protected":false},"author":2,"featured_media":8380,"comment_status":"open","ping_status":"open","sticky":false,"template":"","format":"standard","meta":{"footnotes":""},"categories":[35],"tags":[],"class_list":["post-8379","post","type-post","status-publish","format-standard","has-post-thumbnail","hentry","category-informacion-general"],"yoast_head":"<!-- This site is optimized with the Yoast SEO plugin v27.5 - https:\/\/yoast.com\/product\/yoast-seo-wordpress\/ -->\n<title>D\u00eda mundial de prevenci\u00f3n del suicidio. Para informarse y reflexionar | CVI NOTICIAS<\/title>\n<meta name=\"robots\" content=\"index, follow, max-snippet:-1, max-image-preview:large, max-video-preview:-1\" \/>\n<link rel=\"canonical\" href=\"https:\/\/cvinoticias.com\/v3\/dia-mundial-de-prevencion-del-suicidio-para-informarse-y-reflexionar\/\" \/>\n<meta property=\"og:locale\" content=\"es_ES\" \/>\n<meta property=\"og:type\" content=\"article\" \/>\n<meta property=\"og:title\" content=\"D\u00eda mundial de prevenci\u00f3n del suicidio. Para informarse y reflexionar | CVI NOTICIAS\" \/>\n<meta property=\"og:description\" content=\"El 10 de septiembre de cada a\u00f1o, establecido por la OMS, se conmemora el D\u00eda Mundial para la Prevenci\u00f3n del Suicidio. Con esto se intenta fomentar en todo el mundo compromisos y medidas pr\u00e1cticas para prevenir los suicidios. Cada d\u00eda hay en promedio casi 3000 personas que ponen fin a su vida, y al menos [&hellip;]\" \/>\n<meta property=\"og:url\" content=\"https:\/\/cvinoticias.com\/v3\/dia-mundial-de-prevencion-del-suicidio-para-informarse-y-reflexionar\/\" \/>\n<meta property=\"og:site_name\" content=\"CVI NOTICIAS\" \/>\n<meta property=\"article:publisher\" content=\"https:\/\/www.facebook.com\/cvinoticias\" \/>\n<meta property=\"article:published_time\" content=\"2021-09-10T12:09:29+00:00\" \/>\n<meta property=\"og:image\" content=\"https:\/\/cvinoticias.com\/wp-content\/uploads\/2021\/09\/chibi-dres2-20-700x489-1.jpg\" \/>\n\t<meta property=\"og:image:width\" content=\"700\" \/>\n\t<meta property=\"og:image:height\" content=\"489\" \/>\n\t<meta property=\"og:image:type\" content=\"image\/jpeg\" \/>\n<meta name=\"author\" content=\"f1000024\" \/>\n<meta name=\"twitter:card\" content=\"summary_large_image\" \/>\n<meta name=\"twitter:label1\" content=\"Escrito por\" \/>\n\t<meta name=\"twitter:data1\" content=\"f1000024\" \/>\n\t<meta name=\"twitter:label2\" content=\"Tiempo de lectura\" \/>\n\t<meta name=\"twitter:data2\" content=\"3 minutos\" \/>\n<script type=\"application\/ld+json\" class=\"yoast-schema-graph\">{\"@context\":\"https:\\\/\\\/schema.org\",\"@graph\":[{\"@type\":\"Article\",\"@id\":\"https:\\\/\\\/cvinoticias.com\\\/v3\\\/dia-mundial-de-prevencion-del-suicidio-para-informarse-y-reflexionar\\\/#article\",\"isPartOf\":{\"@id\":\"https:\\\/\\\/cvinoticias.com\\\/v3\\\/dia-mundial-de-prevencion-del-suicidio-para-informarse-y-reflexionar\\\/\"},\"author\":{\"name\":\"f1000024\",\"@id\":\"https:\\\/\\\/cvinoticias.com\\\/v3\\\/#\\\/schema\\\/person\\\/2db77e3c6bc03c538495d7b2b8be9b66\"},\"headline\":\"D\u00eda mundial de prevenci\u00f3n del suicidio. Para informarse y reflexionar\",\"datePublished\":\"2021-09-10T12:09:29+00:00\",\"mainEntityOfPage\":{\"@id\":\"https:\\\/\\\/cvinoticias.com\\\/v3\\\/dia-mundial-de-prevencion-del-suicidio-para-informarse-y-reflexionar\\\/\"},\"wordCount\":599,\"commentCount\":0,\"publisher\":{\"@id\":\"https:\\\/\\\/cvinoticias.com\\\/v3\\\/#organization\"},\"image\":{\"@id\":\"https:\\\/\\\/cvinoticias.com\\\/v3\\\/dia-mundial-de-prevencion-del-suicidio-para-informarse-y-reflexionar\\\/#primaryimage\"},\"thumbnailUrl\":\"https:\\\/\\\/cvinoticias.com\\\/wp-content\\\/uploads\\\/2021\\\/09\\\/chibi-dres2-20-700x489-1.jpg\",\"articleSection\":[\"Informaci\u00f3n General\"],\"inLanguage\":\"es\",\"potentialAction\":[{\"@type\":\"CommentAction\",\"name\":\"Comment\",\"target\":[\"https:\\\/\\\/cvinoticias.com\\\/v3\\\/dia-mundial-de-prevencion-del-suicidio-para-informarse-y-reflexionar\\\/#respond\"]}]},{\"@type\":\"WebPage\",\"@id\":\"https:\\\/\\\/cvinoticias.com\\\/v3\\\/dia-mundial-de-prevencion-del-suicidio-para-informarse-y-reflexionar\\\/\",\"url\":\"https:\\\/\\\/cvinoticias.com\\\/v3\\\/dia-mundial-de-prevencion-del-suicidio-para-informarse-y-reflexionar\\\/\",\"name\":\"D\u00eda mundial de prevenci\u00f3n del suicidio. Para informarse y reflexionar | CVI NOTICIAS\",\"isPartOf\":{\"@id\":\"https:\\\/\\\/cvinoticias.com\\\/v3\\\/#website\"},\"primaryImageOfPage\":{\"@id\":\"https:\\\/\\\/cvinoticias.com\\\/v3\\\/dia-mundial-de-prevencion-del-suicidio-para-informarse-y-reflexionar\\\/#primaryimage\"},\"image\":{\"@id\":\"https:\\\/\\\/cvinoticias.com\\\/v3\\\/dia-mundial-de-prevencion-del-suicidio-para-informarse-y-reflexionar\\\/#primaryimage\"},\"thumbnailUrl\":\"https:\\\/\\\/cvinoticias.com\\\/wp-content\\\/uploads\\\/2021\\\/09\\\/chibi-dres2-20-700x489-1.jpg\",\"datePublished\":\"2021-09-10T12:09:29+00:00\",\"breadcrumb\":{\"@id\":\"https:\\\/\\\/cvinoticias.com\\\/v3\\\/dia-mundial-de-prevencion-del-suicidio-para-informarse-y-reflexionar\\\/#breadcrumb\"},\"inLanguage\":\"es\",\"potentialAction\":[{\"@type\":\"ReadAction\",\"target\":[\"https:\\\/\\\/cvinoticias.com\\\/v3\\\/dia-mundial-de-prevencion-del-suicidio-para-informarse-y-reflexionar\\\/\"]}]},{\"@type\":\"ImageObject\",\"inLanguage\":\"es\",\"@id\":\"https:\\\/\\\/cvinoticias.com\\\/v3\\\/dia-mundial-de-prevencion-del-suicidio-para-informarse-y-reflexionar\\\/#primaryimage\",\"url\":\"https:\\\/\\\/cvinoticias.com\\\/wp-content\\\/uploads\\\/2021\\\/09\\\/chibi-dres2-20-700x489-1.jpg\",\"contentUrl\":\"https:\\\/\\\/cvinoticias.com\\\/wp-content\\\/uploads\\\/2021\\\/09\\\/chibi-dres2-20-700x489-1.jpg\",\"width\":700,\"height\":489},{\"@type\":\"BreadcrumbList\",\"@id\":\"https:\\\/\\\/cvinoticias.com\\\/v3\\\/dia-mundial-de-prevencion-del-suicidio-para-informarse-y-reflexionar\\\/#breadcrumb\",\"itemListElement\":[{\"@type\":\"ListItem\",\"position\":1,\"name\":\"Portada\",\"item\":\"https:\\\/\\\/cvinoticias.com\\\/v3\\\/\"},{\"@type\":\"ListItem\",\"position\":2,\"name\":\"D\u00eda mundial de prevenci\u00f3n del suicidio. Para informarse y reflexionar\"}]},{\"@type\":\"WebSite\",\"@id\":\"https:\\\/\\\/cvinoticias.com\\\/v3\\\/#website\",\"url\":\"https:\\\/\\\/cvinoticias.com\\\/v3\\\/\",\"name\":\"CVI NOTICIAS\",\"description\":\"\",\"publisher\":{\"@id\":\"https:\\\/\\\/cvinoticias.com\\\/v3\\\/#organization\"},\"alternateName\":\"CVI\",\"potentialAction\":[{\"@type\":\"SearchAction\",\"target\":{\"@type\":\"EntryPoint\",\"urlTemplate\":\"https:\\\/\\\/cvinoticias.com\\\/v3\\\/?s={search_term_string}\"},\"query-input\":{\"@type\":\"PropertyValueSpecification\",\"valueRequired\":true,\"valueName\":\"search_term_string\"}}],\"inLanguage\":\"es\"},{\"@type\":\"Organization\",\"@id\":\"https:\\\/\\\/cvinoticias.com\\\/v3\\\/#organization\",\"name\":\"CVI NOTICIAS\",\"url\":\"https:\\\/\\\/cvinoticias.com\\\/v3\\\/\",\"logo\":{\"@type\":\"ImageObject\",\"inLanguage\":\"es\",\"@id\":\"https:\\\/\\\/cvinoticias.com\\\/v3\\\/#\\\/schema\\\/logo\\\/image\\\/\",\"url\":\"https:\\\/\\\/cvinoticias.com\\\/wp-content\\\/uploads\\\/2023\\\/04\\\/cropped-cropped-cropped-cropped-cropped-3-1.png\",\"contentUrl\":\"https:\\\/\\\/cvinoticias.com\\\/wp-content\\\/uploads\\\/2023\\\/04\\\/cropped-cropped-cropped-cropped-cropped-3-1.png\",\"width\":95,\"height\":122,\"caption\":\"CVI NOTICIAS\"},\"image\":{\"@id\":\"https:\\\/\\\/cvinoticias.com\\\/v3\\\/#\\\/schema\\\/logo\\\/image\\\/\"},\"sameAs\":[\"https:\\\/\\\/www.facebook.com\\\/cvinoticias\",\"https:\\\/\\\/www.instagram.com\\\/cvinoticias\\\/\",\"https:\\\/\\\/www.youtube.com\\\/@CVINOTICIAS\"]},{\"@type\":\"Person\",\"@id\":\"https:\\\/\\\/cvinoticias.com\\\/v3\\\/#\\\/schema\\\/person\\\/2db77e3c6bc03c538495d7b2b8be9b66\",\"name\":\"f1000024\",\"image\":{\"@type\":\"ImageObject\",\"inLanguage\":\"es\",\"@id\":\"https:\\\/\\\/secure.gravatar.com\\\/avatar\\\/d4fe7459cfc51ff5129ce1a732bbef5928568b8092d412ef95611616376bbeed?s=96&d=mm&r=g\",\"url\":\"https:\\\/\\\/secure.gravatar.com\\\/avatar\\\/d4fe7459cfc51ff5129ce1a732bbef5928568b8092d412ef95611616376bbeed?s=96&d=mm&r=g\",\"contentUrl\":\"https:\\\/\\\/secure.gravatar.com\\\/avatar\\\/d4fe7459cfc51ff5129ce1a732bbef5928568b8092d412ef95611616376bbeed?s=96&d=mm&r=g\",\"caption\":\"f1000024\"},\"url\":\"https:\\\/\\\/cvinoticias.com\\\/v3\\\/author\\\/f1000024\\\/\"}]}<\/script>\n<!-- \/ Yoast SEO plugin. -->","yoast_head_json":{"title":"D\u00eda mundial de prevenci\u00f3n del suicidio. Para informarse y reflexionar | CVI NOTICIAS","robots":{"index":"index","follow":"follow","max-snippet":"max-snippet:-1","max-image-preview":"max-image-preview:large","max-video-preview":"max-video-preview:-1"},"canonical":"https:\/\/cvinoticias.com\/v3\/dia-mundial-de-prevencion-del-suicidio-para-informarse-y-reflexionar\/","og_locale":"es_ES","og_type":"article","og_title":"D\u00eda mundial de prevenci\u00f3n del suicidio. Para informarse y reflexionar | CVI NOTICIAS","og_description":"El 10 de septiembre de cada a\u00f1o, establecido por la OMS, se conmemora el D\u00eda Mundial para la Prevenci\u00f3n del Suicidio. Con esto se intenta fomentar en todo el mundo compromisos y medidas pr\u00e1cticas para prevenir los suicidios. Cada d\u00eda hay en promedio casi 3000 personas que ponen fin a su vida, y al menos [&hellip;]","og_url":"https:\/\/cvinoticias.com\/v3\/dia-mundial-de-prevencion-del-suicidio-para-informarse-y-reflexionar\/","og_site_name":"CVI NOTICIAS","article_publisher":"https:\/\/www.facebook.com\/cvinoticias","article_published_time":"2021-09-10T12:09:29+00:00","og_image":[{"width":700,"height":489,"url":"https:\/\/cvinoticias.com\/wp-content\/uploads\/2021\/09\/chibi-dres2-20-700x489-1.jpg","type":"image\/jpeg"}],"author":"f1000024","twitter_card":"summary_large_image","twitter_misc":{"Escrito por":"f1000024","Tiempo de lectura":"3 minutos"},"schema":{"@context":"https:\/\/schema.org","@graph":[{"@type":"Article","@id":"https:\/\/cvinoticias.com\/v3\/dia-mundial-de-prevencion-del-suicidio-para-informarse-y-reflexionar\/#article","isPartOf":{"@id":"https:\/\/cvinoticias.com\/v3\/dia-mundial-de-prevencion-del-suicidio-para-informarse-y-reflexionar\/"},"author":{"name":"f1000024","@id":"https:\/\/cvinoticias.com\/v3\/#\/schema\/person\/2db77e3c6bc03c538495d7b2b8be9b66"},"headline":"D\u00eda mundial de prevenci\u00f3n del suicidio. Para informarse y reflexionar","datePublished":"2021-09-10T12:09:29+00:00","mainEntityOfPage":{"@id":"https:\/\/cvinoticias.com\/v3\/dia-mundial-de-prevencion-del-suicidio-para-informarse-y-reflexionar\/"},"wordCount":599,"commentCount":0,"publisher":{"@id":"https:\/\/cvinoticias.com\/v3\/#organization"},"image":{"@id":"https:\/\/cvinoticias.com\/v3\/dia-mundial-de-prevencion-del-suicidio-para-informarse-y-reflexionar\/#primaryimage"},"thumbnailUrl":"https:\/\/cvinoticias.com\/wp-content\/uploads\/2021\/09\/chibi-dres2-20-700x489-1.jpg","articleSection":["Informaci\u00f3n General"],"inLanguage":"es","potentialAction":[{"@type":"CommentAction","name":"Comment","target":["https:\/\/cvinoticias.com\/v3\/dia-mundial-de-prevencion-del-suicidio-para-informarse-y-reflexionar\/#respond"]}]},{"@type":"WebPage","@id":"https:\/\/cvinoticias.com\/v3\/dia-mundial-de-prevencion-del-suicidio-para-informarse-y-reflexionar\/","url":"https:\/\/cvinoticias.com\/v3\/dia-mundial-de-prevencion-del-suicidio-para-informarse-y-reflexionar\/","name":"D\u00eda mundial de prevenci\u00f3n del suicidio. Para informarse y reflexionar | CVI NOTICIAS","isPartOf":{"@id":"https:\/\/cvinoticias.com\/v3\/#website"},"primaryImageOfPage":{"@id":"https:\/\/cvinoticias.com\/v3\/dia-mundial-de-prevencion-del-suicidio-para-informarse-y-reflexionar\/#primaryimage"},"image":{"@id":"https:\/\/cvinoticias.com\/v3\/dia-mundial-de-prevencion-del-suicidio-para-informarse-y-reflexionar\/#primaryimage"},"thumbnailUrl":"https:\/\/cvinoticias.com\/wp-content\/uploads\/2021\/09\/chibi-dres2-20-700x489-1.jpg","datePublished":"2021-09-10T12:09:29+00:00","breadcrumb":{"@id":"https:\/\/cvinoticias.com\/v3\/dia-mundial-de-prevencion-del-suicidio-para-informarse-y-reflexionar\/#breadcrumb"},"inLanguage":"es","potentialAction":[{"@type":"ReadAction","target":["https:\/\/cvinoticias.com\/v3\/dia-mundial-de-prevencion-del-suicidio-para-informarse-y-reflexionar\/"]}]},{"@type":"ImageObject","inLanguage":"es","@id":"https:\/\/cvinoticias.com\/v3\/dia-mundial-de-prevencion-del-suicidio-para-informarse-y-reflexionar\/#primaryimage","url":"https:\/\/cvinoticias.com\/wp-content\/uploads\/2021\/09\/chibi-dres2-20-700x489-1.jpg","contentUrl":"https:\/\/cvinoticias.com\/wp-content\/uploads\/2021\/09\/chibi-dres2-20-700x489-1.jpg","width":700,"height":489},{"@type":"BreadcrumbList","@id":"https:\/\/cvinoticias.com\/v3\/dia-mundial-de-prevencion-del-suicidio-para-informarse-y-reflexionar\/#breadcrumb","itemListElement":[{"@type":"ListItem","position":1,"name":"Portada","item":"https:\/\/cvinoticias.com\/v3\/"},{"@type":"ListItem","position":2,"name":"D\u00eda mundial de prevenci\u00f3n del suicidio. Para informarse y reflexionar"}]},{"@type":"WebSite","@id":"https:\/\/cvinoticias.com\/v3\/#website","url":"https:\/\/cvinoticias.com\/v3\/","name":"CVI NOTICIAS","description":"","publisher":{"@id":"https:\/\/cvinoticias.com\/v3\/#organization"},"alternateName":"CVI","potentialAction":[{"@type":"SearchAction","target":{"@type":"EntryPoint","urlTemplate":"https:\/\/cvinoticias.com\/v3\/?s={search_term_string}"},"query-input":{"@type":"PropertyValueSpecification","valueRequired":true,"valueName":"search_term_string"}}],"inLanguage":"es"},{"@type":"Organization","@id":"https:\/\/cvinoticias.com\/v3\/#organization","name":"CVI NOTICIAS","url":"https:\/\/cvinoticias.com\/v3\/","logo":{"@type":"ImageObject","inLanguage":"es","@id":"https:\/\/cvinoticias.com\/v3\/#\/schema\/logo\/image\/","url":"https:\/\/cvinoticias.com\/wp-content\/uploads\/2023\/04\/cropped-cropped-cropped-cropped-cropped-3-1.png","contentUrl":"https:\/\/cvinoticias.com\/wp-content\/uploads\/2023\/04\/cropped-cropped-cropped-cropped-cropped-3-1.png","width":95,"height":122,"caption":"CVI NOTICIAS"},"image":{"@id":"https:\/\/cvinoticias.com\/v3\/#\/schema\/logo\/image\/"},"sameAs":["https:\/\/www.facebook.com\/cvinoticias","https:\/\/www.instagram.com\/cvinoticias\/","https:\/\/www.youtube.com\/@CVINOTICIAS"]},{"@type":"Person","@id":"https:\/\/cvinoticias.com\/v3\/#\/schema\/person\/2db77e3c6bc03c538495d7b2b8be9b66","name":"f1000024","image":{"@type":"ImageObject","inLanguage":"es","@id":"https:\/\/secure.gravatar.com\/avatar\/d4fe7459cfc51ff5129ce1a732bbef5928568b8092d412ef95611616376bbeed?s=96&d=mm&r=g","url":"https:\/\/secure.gravatar.com\/avatar\/d4fe7459cfc51ff5129ce1a732bbef5928568b8092d412ef95611616376bbeed?s=96&d=mm&r=g","contentUrl":"https:\/\/secure.gravatar.com\/avatar\/d4fe7459cfc51ff5129ce1a732bbef5928568b8092d412ef95611616376bbeed?s=96&d=mm&r=g","caption":"f1000024"},"url":"https:\/\/cvinoticias.com\/v3\/author\/f1000024\/"}]}},"_links":{"self":[{"href":"https:\/\/cvinoticias.com\/v3\/wp-json\/wp\/v2\/posts\/8379","targetHints":{"allow":["GET"]}}],"collection":[{"href":"https:\/\/cvinoticias.com\/v3\/wp-json\/wp\/v2\/posts"}],"about":[{"href":"https:\/\/cvinoticias.com\/v3\/wp-json\/wp\/v2\/types\/post"}],"author":[{"embeddable":true,"href":"https:\/\/cvinoticias.com\/v3\/wp-json\/wp\/v2\/users\/2"}],"replies":[{"embeddable":true,"href":"https:\/\/cvinoticias.com\/v3\/wp-json\/wp\/v2\/comments?post=8379"}],"version-history":[{"count":1,"href":"https:\/\/cvinoticias.com\/v3\/wp-json\/wp\/v2\/posts\/8379\/revisions"}],"predecessor-version":[{"id":8381,"href":"https:\/\/cvinoticias.com\/v3\/wp-json\/wp\/v2\/posts\/8379\/revisions\/8381"}],"wp:featuredmedia":[{"embeddable":true,"href":"https:\/\/cvinoticias.com\/v3\/wp-json\/wp\/v2\/media\/8380"}],"wp:attachment":[{"href":"https:\/\/cvinoticias.com\/v3\/wp-json\/wp\/v2\/media?parent=8379"}],"wp:term":[{"taxonomy":"category","embeddable":true,"href":"https:\/\/cvinoticias.com\/v3\/wp-json\/wp\/v2\/categories?post=8379"},{"taxonomy":"post_tag","embeddable":true,"href":"https:\/\/cvinoticias.com\/v3\/wp-json\/wp\/v2\/tags?post=8379"}],"curies":[{"name":"wp","href":"https:\/\/api.w.org\/{rel}","templated":true}]}}