{"id":8372,"date":"2021-09-10T11:12:25","date_gmt":"2021-09-10T11:12:25","guid":{"rendered":"https:\/\/cvinoticias.com\/v3\/?p=8372"},"modified":"2021-09-10T11:24:00","modified_gmt":"2021-09-10T11:24:00","slug":"herrera-ahuad-el-presidente-en-iguazu-me-dijo-que-si-al-corredor-turistico-y-ahora-quiere-hacernos-retroceder-con-ingresos-de-repatriados","status":"publish","type":"post","link":"https:\/\/cvinoticias.com\/v3\/herrera-ahuad-el-presidente-en-iguazu-me-dijo-que-si-al-corredor-turistico-y-ahora-quiere-hacernos-retroceder-con-ingresos-de-repatriados\/","title":{"rendered":"Herrera Ahuad: \u201cEl presidente en Iguaz\u00fa me dijo que s\u00ed al corredor tur\u00edstico y ahora quiere hacernos retroceder con ingresos de repatriados\u201d"},"content":{"rendered":"\n<p><strong><em>El gobernador misionero utiliz\u00f3 la frase, \u201cnos quiere hacer volver al jard\u00edn cuando ya hicimos primer grado y ahora queremos pasar a segundo\u201d, en relaci\u00f3n a la insistencia de la provincia para habilitar un ducto a modo de prueba piloto entre Foz de Iguaz\u00fa y Puerto Iguaz\u00fa. \u201cLos repatriados ya pasaron por la provincia cuando no se sab\u00eda nada de la pandemia y no hab\u00eda vacunas\u201d.<\/em><\/strong><\/p>\n\n\n\n<p><strong>\u201cEl presidente de la Naci\u00f3n le dijo s\u00ed al gobernador cuando estuvo en Iguaz\u00fa y el ministro de Turismo de la Naci\u00f3n le dijo si al gobernador tambi\u00e9n\u201d<\/strong>, record\u00f3 en declaraciones a un medio radial provincial.<\/p>\n\n\n\n<p>El jefe del Poder Ejecutivo provincial record\u00f3 que \u201cen los \u00faltimos d\u00edas lo volv\u00ed a hablar con autoridades nacionales. Lo que&nbsp;hemos solicitado con protocolos es el&nbsp;corredor tur\u00edstico Foz de Iguaz\u00fa-Puerto Iguaz\u00fa, claramente establecido, con las pautas que corresponden para ser focalizado como una prueba piloto.&nbsp;La respuesta de la Naci\u00f3n fue vamos a iniciar esto como una apertura humanitaria, para repatriados. Mi respuesta fue que nosotros no vamos a volver a la escuela, ya hicimos primer grado nosotros, no queremos volver al jard\u00edn, queremos pasar a segundo grado&nbsp;y digo eso porque el ejercicio de fronteras para repatriados, Misiones lo hizo el primer d\u00eda de pandemia que hubo en el mundo\u201d.<\/p>\n\n\n\n<p>Insisti\u00f3 en repasar que&nbsp;\u201cm\u00e1s de 40 mil argentinos entraron por el puente Tancredo Neves cuando no se sab\u00eda nada de la pandemia y no hab\u00eda vacunas.&nbsp;Y los misioneros hicimos un corredor sanitario en Puerto Iguaz\u00fa para toda la Argentina y no hubo ninguna persona que se haya enfermado.&nbsp;Ya hicimos jard\u00edn de infantes y primer grado, ya tenemos esa experiencia para que nos vengan a decir que probemos comenzar con esto. Yo no voy a probar comenzar con nada de eso, yo quiero la segunda instancia que es la instancia superadora\u201d.<\/p>\n\n\n\n<p>Defendi\u00f3 las inversiones en Puerto Iguaz\u00fa, \u201cporque&nbsp;el gobierno de Misiones hizo una inversi\u00f3n fenomenal en salud, en diagn\u00f3stico de an\u00e1lisis cl\u00ednicos. Puerto Iguaz\u00fa est\u00e1 a la altura de los otros establecimientos de la Argentina para la detecci\u00f3n de cepas. En Iguaz\u00fa hay monitoreo permanente de las cepas que circulan. \u00bfQu\u00e9 m\u00e1s garant\u00edas tenemos que dar?\u201d.<\/p>\n\n\n\n<h2 class=\"wp-block-heading\"><strong>La campa\u00f1a por los diputados renovadores<\/strong><\/h2>\n\n\n\n<p>En otro tramo de la entrevista radial, Oscar Herrera Ahuad repiti\u00f3 que \u201cen un a\u00f1o y medio que llevo de gesti\u00f3n no tuve ning\u00fan llamado de ning\u00fan diputado nacional de otro espacio pol\u00edtico que me haya preguntado en qu\u00e9 me puede ayudar\u201d.<\/p>\n\n\n\n<p>\u201cTodos levantaron la mano cuando se defin\u00eda la zona aduanera, pero cuando la vetaron nadie sali\u00f3 a decir que eso va en contra de nuestra provincia.&nbsp;Esos son los diputados que conforman el arco nacional de un partido pol\u00edtico nacional y&nbsp;ac\u00e1 en Misiones se quedaron callados. No hubo solidaridad\u201d,&nbsp;remarc\u00f3.<\/p>\n\n\n\n<p>Se\u00f1al\u00f3 que \u201cPosadas creci\u00f3 much\u00edsimo desde el d\u00eda 1 de la pandemia, porque no se par\u00f3 nunca la actividad y por el cierre del puente con Paraguay por cuestiones sanitarias.&nbsp;A mi me dijeron de todo, los hermanos paraguayos, porque yo prioric\u00e9 la cuesti\u00f3n sanitaria por sobre todas las cosas y econ\u00f3micas en Posadas. Ahora yo le pido a los posade\u00f1os que me den la herramienta para sostener eso y es un diputado nacional que sea Renovador para que me ayude a m\u00ed\u201d.<\/p>\n\n\n\n<h2 class=\"wp-block-heading\"><strong>Cierre de campa\u00f1a en Tecn\u00f3polis<\/strong><\/h2>\n\n\n\n<p>Con relaci\u00f3n al acto de cierre de campa\u00f1a que convoc\u00f3 el presidente Alberto Fern\u00e1ndez para este jueves en Tecn\u00f3polis, Herrera Ahuad fue categ\u00f3rico: \u201cYo me quedo en mi provincia trabajando por los misioneros como tiene que ser, porque formo parte de un espacio pol\u00edtico provincial&nbsp;que, si bien tiene relaciones institucionales correctas con los otros espacios pol\u00edticos y con la Naci\u00f3n, tengo que defender los intereses de los misioneros. Y por eso me quedo ac\u00e1,&nbsp;no estoy para sacarme una foto en otro lugar cuando hay necesidades en mi provincia y tantas cosas por cumplir\u201d.<\/p>\n\n\n\n<p>No mencion\u00f3 con nombre y apellido a los precandidatos que juegan en Misiones y que viralizaron im\u00e1genes de apoyo de dirigentes nacionales, pero sent\u00f3 su postura sobre esos comportamientos. \u201cVi que otros candidatos a diputados nacionales se sacaron fotos o mostraron videos de otros gobernadores, de otros dirigentes nacionales que no conocen Misiones. Que no saben ni d\u00f3nde queda Iguaz\u00fa porque cuando tuvieron que decirlo, mencionaron a Foz. Y ahora aparecen en los carteles queriendo defender los intereses de los misioneros\u201d.<\/p>\n\n\n\n<h2 class=\"wp-block-heading\"><strong>Fortalecer el bloque misionerista<\/strong><\/h2>\n\n\n\n<p>Herrera Ahuad explic\u00f3 la importancia de tener un bloque s\u00f3lido en el Congreso de la Naci\u00f3n.&nbsp;\u201cQuiero que el misionero entienda que si hay 4 diputados renovadores que conformen un bloque, hay muchas cosas que hoy pasan de lado y que nosotros la tendr\u00edamos en la provincia porque nos mirar\u00edan\u201d.<\/p>\n\n\n\n<p>\u201cEn muchas provincias, el fortalecimiento de las estructuras provinciales por sobre los partidos tradicionales es muy fuerte y muy importante y&nbsp;en el escenario nacional se juega quien apoya m\u00e1s al presidente y quien se pone m\u00e1s en contra del presidente, no quien lo ayuda al gobernador de Misiones.&nbsp;En las propuestas de campa\u00f1a de los otros candidatos, cuentan con qui\u00e9n est\u00e1n a nivel nacional y no con los misioneros.&nbsp;Yo les pido que voten por los que est\u00e1n en la provincia\u201d,&nbsp;subray\u00f3.<\/p>\n\n\n\n<p>El m\u00e9dico a cargo del Poder Ejecutivo en Misiones celebr\u00f3 que \u201cayer fue el primer d\u00eda del a\u00f1o que el Madariaga no tiene pacientes con Covid activo internado. El F\u00e1tima tiene 2 o 3, el Favaloro ninguno. En la provincia hay s\u00f3lo 17 pacientes en este momento internados\u201d.<\/p>\n\n\n\n<p>Y por \u00faltimo anticip\u00f3 que \u201cya hemos armado la estrategia de trabajo para volver a incluir dentro del presupuesto nacional la zona aduanera especial, una zona impositiva diferencial para la provincia de Misiones. Vamos a seguir insistiendo en el presupuesto nacional, para&nbsp;estar en el dragado y balizamiento de la hidrov\u00eda, en los planes de fomento y todos los planes que hacen a las peque\u00f1as y medianas empresas de Misiones. Vamos a insistir con el art\u00edculo 10 de la ley pyme&nbsp;y diferentes cuestiones que hacen al sector productivo y exportador de la provincia\u201d.<\/p>\n\n\n\n<p><\/p>\n\n\n\n<p><strong>Fuente: MOL<\/strong><\/p>\n","protected":false},"excerpt":{"rendered":"<p>El gobernador misionero utiliz\u00f3 la frase, \u201cnos quiere hacer volver al jard\u00edn cuando ya hicimos primer grado y ahora queremos pasar a segundo\u201d, en relaci\u00f3n a la insistencia de la provincia para habilitar un ducto a modo de prueba piloto entre Foz de Iguaz\u00fa y Puerto Iguaz\u00fa. \u201cLos repatriados ya pasaron por la provincia cuando [&hellip;]<\/p>\n","protected":false},"author":2,"featured_media":8373,"comment_status":"open","ping_status":"open","sticky":false,"template":"","format":"standard","meta":{"footnotes":""},"categories":[43],"tags":[],"class_list":["post-8372","post","type-post","status-publish","format-standard","has-post-thumbnail","hentry","category-provinciales"],"yoast_head":"<!-- This site is optimized with the Yoast SEO plugin v27.5 - https:\/\/yoast.com\/product\/yoast-seo-wordpress\/ -->\n<title>Herrera Ahuad: \u201cEl presidente en Iguaz\u00fa me dijo que s\u00ed al corredor tur\u00edstico y ahora quiere hacernos retroceder con ingresos de repatriados\u201d | CVI NOTICIAS<\/title>\n<meta name=\"robots\" content=\"index, follow, max-snippet:-1, max-image-preview:large, max-video-preview:-1\" \/>\n<link rel=\"canonical\" href=\"https:\/\/cvinoticias.com\/v3\/herrera-ahuad-el-presidente-en-iguazu-me-dijo-que-si-al-corredor-turistico-y-ahora-quiere-hacernos-retroceder-con-ingresos-de-repatriados\/\" \/>\n<meta property=\"og:locale\" content=\"es_ES\" \/>\n<meta property=\"og:type\" content=\"article\" \/>\n<meta property=\"og:title\" content=\"Herrera Ahuad: \u201cEl presidente en Iguaz\u00fa me dijo que s\u00ed al corredor tur\u00edstico y ahora quiere hacernos retroceder con ingresos de repatriados\u201d | CVI NOTICIAS\" \/>\n<meta property=\"og:description\" content=\"El gobernador misionero utiliz\u00f3 la frase, \u201cnos quiere hacer volver al jard\u00edn cuando ya hicimos primer grado y ahora queremos pasar a segundo\u201d, en relaci\u00f3n a la insistencia de la provincia para habilitar un ducto a modo de prueba piloto entre Foz de Iguaz\u00fa y Puerto Iguaz\u00fa. \u201cLos repatriados ya pasaron por la provincia cuando [&hellip;]\" \/>\n<meta property=\"og:url\" content=\"https:\/\/cvinoticias.com\/v3\/herrera-ahuad-el-presidente-en-iguazu-me-dijo-que-si-al-corredor-turistico-y-ahora-quiere-hacernos-retroceder-con-ingresos-de-repatriados\/\" \/>\n<meta property=\"og:site_name\" content=\"CVI NOTICIAS\" \/>\n<meta property=\"article:publisher\" content=\"https:\/\/www.facebook.com\/cvinoticias\" \/>\n<meta property=\"article:published_time\" content=\"2021-09-10T11:12:25+00:00\" \/>\n<meta property=\"article:modified_time\" content=\"2021-09-10T11:24:00+00:00\" \/>\n<meta property=\"og:image\" content=\"https:\/\/cvinoticias.com\/wp-content\/uploads\/2021\/09\/Screenshot_20210910-081038_Facebook.jpg\" \/>\n\t<meta property=\"og:image:width\" content=\"912\" \/>\n\t<meta property=\"og:image:height\" content=\"504\" \/>\n\t<meta property=\"og:image:type\" content=\"image\/jpeg\" \/>\n<meta name=\"author\" content=\"f1000024\" \/>\n<meta name=\"twitter:card\" content=\"summary_large_image\" \/>\n<meta name=\"twitter:label1\" content=\"Escrito por\" \/>\n\t<meta name=\"twitter:data1\" content=\"f1000024\" \/>\n\t<meta name=\"twitter:label2\" content=\"Tiempo de lectura\" \/>\n\t<meta name=\"twitter:data2\" content=\"5 minutos\" \/>\n<script type=\"application\/ld+json\" class=\"yoast-schema-graph\">{\"@context\":\"https:\\\/\\\/schema.org\",\"@graph\":[{\"@type\":\"Article\",\"@id\":\"https:\\\/\\\/cvinoticias.com\\\/v3\\\/herrera-ahuad-el-presidente-en-iguazu-me-dijo-que-si-al-corredor-turistico-y-ahora-quiere-hacernos-retroceder-con-ingresos-de-repatriados\\\/#article\",\"isPartOf\":{\"@id\":\"https:\\\/\\\/cvinoticias.com\\\/v3\\\/herrera-ahuad-el-presidente-en-iguazu-me-dijo-que-si-al-corredor-turistico-y-ahora-quiere-hacernos-retroceder-con-ingresos-de-repatriados\\\/\"},\"author\":{\"name\":\"f1000024\",\"@id\":\"https:\\\/\\\/cvinoticias.com\\\/v3\\\/#\\\/schema\\\/person\\\/2db77e3c6bc03c538495d7b2b8be9b66\"},\"headline\":\"Herrera Ahuad: \u201cEl presidente en Iguaz\u00fa me dijo que s\u00ed al corredor tur\u00edstico y ahora quiere hacernos retroceder con ingresos de repatriados\u201d\",\"datePublished\":\"2021-09-10T11:12:25+00:00\",\"dateModified\":\"2021-09-10T11:24:00+00:00\",\"mainEntityOfPage\":{\"@id\":\"https:\\\/\\\/cvinoticias.com\\\/v3\\\/herrera-ahuad-el-presidente-en-iguazu-me-dijo-que-si-al-corredor-turistico-y-ahora-quiere-hacernos-retroceder-con-ingresos-de-repatriados\\\/\"},\"wordCount\":1113,\"commentCount\":0,\"publisher\":{\"@id\":\"https:\\\/\\\/cvinoticias.com\\\/v3\\\/#organization\"},\"image\":{\"@id\":\"https:\\\/\\\/cvinoticias.com\\\/v3\\\/herrera-ahuad-el-presidente-en-iguazu-me-dijo-que-si-al-corredor-turistico-y-ahora-quiere-hacernos-retroceder-con-ingresos-de-repatriados\\\/#primaryimage\"},\"thumbnailUrl\":\"https:\\\/\\\/cvinoticias.com\\\/wp-content\\\/uploads\\\/2021\\\/09\\\/Screenshot_20210910-081038_Facebook.jpg\",\"articleSection\":[\"Provinciales\"],\"inLanguage\":\"es\",\"potentialAction\":[{\"@type\":\"CommentAction\",\"name\":\"Comment\",\"target\":[\"https:\\\/\\\/cvinoticias.com\\\/v3\\\/herrera-ahuad-el-presidente-en-iguazu-me-dijo-que-si-al-corredor-turistico-y-ahora-quiere-hacernos-retroceder-con-ingresos-de-repatriados\\\/#respond\"]}]},{\"@type\":\"WebPage\",\"@id\":\"https:\\\/\\\/cvinoticias.com\\\/v3\\\/herrera-ahuad-el-presidente-en-iguazu-me-dijo-que-si-al-corredor-turistico-y-ahora-quiere-hacernos-retroceder-con-ingresos-de-repatriados\\\/\",\"url\":\"https:\\\/\\\/cvinoticias.com\\\/v3\\\/herrera-ahuad-el-presidente-en-iguazu-me-dijo-que-si-al-corredor-turistico-y-ahora-quiere-hacernos-retroceder-con-ingresos-de-repatriados\\\/\",\"name\":\"Herrera Ahuad: \u201cEl presidente en Iguaz\u00fa me dijo que s\u00ed al corredor tur\u00edstico y ahora quiere hacernos retroceder con ingresos de repatriados\u201d | CVI NOTICIAS\",\"isPartOf\":{\"@id\":\"https:\\\/\\\/cvinoticias.com\\\/v3\\\/#website\"},\"primaryImageOfPage\":{\"@id\":\"https:\\\/\\\/cvinoticias.com\\\/v3\\\/herrera-ahuad-el-presidente-en-iguazu-me-dijo-que-si-al-corredor-turistico-y-ahora-quiere-hacernos-retroceder-con-ingresos-de-repatriados\\\/#primaryimage\"},\"image\":{\"@id\":\"https:\\\/\\\/cvinoticias.com\\\/v3\\\/herrera-ahuad-el-presidente-en-iguazu-me-dijo-que-si-al-corredor-turistico-y-ahora-quiere-hacernos-retroceder-con-ingresos-de-repatriados\\\/#primaryimage\"},\"thumbnailUrl\":\"https:\\\/\\\/cvinoticias.com\\\/wp-content\\\/uploads\\\/2021\\\/09\\\/Screenshot_20210910-081038_Facebook.jpg\",\"datePublished\":\"2021-09-10T11:12:25+00:00\",\"dateModified\":\"2021-09-10T11:24:00+00:00\",\"breadcrumb\":{\"@id\":\"https:\\\/\\\/cvinoticias.com\\\/v3\\\/herrera-ahuad-el-presidente-en-iguazu-me-dijo-que-si-al-corredor-turistico-y-ahora-quiere-hacernos-retroceder-con-ingresos-de-repatriados\\\/#breadcrumb\"},\"inLanguage\":\"es\",\"potentialAction\":[{\"@type\":\"ReadAction\",\"target\":[\"https:\\\/\\\/cvinoticias.com\\\/v3\\\/herrera-ahuad-el-presidente-en-iguazu-me-dijo-que-si-al-corredor-turistico-y-ahora-quiere-hacernos-retroceder-con-ingresos-de-repatriados\\\/\"]}]},{\"@type\":\"ImageObject\",\"inLanguage\":\"es\",\"@id\":\"https:\\\/\\\/cvinoticias.com\\\/v3\\\/herrera-ahuad-el-presidente-en-iguazu-me-dijo-que-si-al-corredor-turistico-y-ahora-quiere-hacernos-retroceder-con-ingresos-de-repatriados\\\/#primaryimage\",\"url\":\"https:\\\/\\\/cvinoticias.com\\\/wp-content\\\/uploads\\\/2021\\\/09\\\/Screenshot_20210910-081038_Facebook.jpg\",\"contentUrl\":\"https:\\\/\\\/cvinoticias.com\\\/wp-content\\\/uploads\\\/2021\\\/09\\\/Screenshot_20210910-081038_Facebook.jpg\",\"width\":912,\"height\":504},{\"@type\":\"BreadcrumbList\",\"@id\":\"https:\\\/\\\/cvinoticias.com\\\/v3\\\/herrera-ahuad-el-presidente-en-iguazu-me-dijo-que-si-al-corredor-turistico-y-ahora-quiere-hacernos-retroceder-con-ingresos-de-repatriados\\\/#breadcrumb\",\"itemListElement\":[{\"@type\":\"ListItem\",\"position\":1,\"name\":\"Portada\",\"item\":\"https:\\\/\\\/cvinoticias.com\\\/v3\\\/\"},{\"@type\":\"ListItem\",\"position\":2,\"name\":\"Herrera Ahuad: \u201cEl presidente en Iguaz\u00fa me dijo que s\u00ed al corredor tur\u00edstico y ahora quiere hacernos retroceder con ingresos de repatriados\u201d\"}]},{\"@type\":\"WebSite\",\"@id\":\"https:\\\/\\\/cvinoticias.com\\\/v3\\\/#website\",\"url\":\"https:\\\/\\\/cvinoticias.com\\\/v3\\\/\",\"name\":\"CVI NOTICIAS\",\"description\":\"\",\"publisher\":{\"@id\":\"https:\\\/\\\/cvinoticias.com\\\/v3\\\/#organization\"},\"alternateName\":\"CVI\",\"potentialAction\":[{\"@type\":\"SearchAction\",\"target\":{\"@type\":\"EntryPoint\",\"urlTemplate\":\"https:\\\/\\\/cvinoticias.com\\\/v3\\\/?s={search_term_string}\"},\"query-input\":{\"@type\":\"PropertyValueSpecification\",\"valueRequired\":true,\"valueName\":\"search_term_string\"}}],\"inLanguage\":\"es\"},{\"@type\":\"Organization\",\"@id\":\"https:\\\/\\\/cvinoticias.com\\\/v3\\\/#organization\",\"name\":\"CVI NOTICIAS\",\"url\":\"https:\\\/\\\/cvinoticias.com\\\/v3\\\/\",\"logo\":{\"@type\":\"ImageObject\",\"inLanguage\":\"es\",\"@id\":\"https:\\\/\\\/cvinoticias.com\\\/v3\\\/#\\\/schema\\\/logo\\\/image\\\/\",\"url\":\"https:\\\/\\\/cvinoticias.com\\\/wp-content\\\/uploads\\\/2023\\\/04\\\/cropped-cropped-cropped-cropped-cropped-3-1.png\",\"contentUrl\":\"https:\\\/\\\/cvinoticias.com\\\/wp-content\\\/uploads\\\/2023\\\/04\\\/cropped-cropped-cropped-cropped-cropped-3-1.png\",\"width\":95,\"height\":122,\"caption\":\"CVI NOTICIAS\"},\"image\":{\"@id\":\"https:\\\/\\\/cvinoticias.com\\\/v3\\\/#\\\/schema\\\/logo\\\/image\\\/\"},\"sameAs\":[\"https:\\\/\\\/www.facebook.com\\\/cvinoticias\",\"https:\\\/\\\/www.instagram.com\\\/cvinoticias\\\/\",\"https:\\\/\\\/www.youtube.com\\\/@CVINOTICIAS\"]},{\"@type\":\"Person\",\"@id\":\"https:\\\/\\\/cvinoticias.com\\\/v3\\\/#\\\/schema\\\/person\\\/2db77e3c6bc03c538495d7b2b8be9b66\",\"name\":\"f1000024\",\"image\":{\"@type\":\"ImageObject\",\"inLanguage\":\"es\",\"@id\":\"https:\\\/\\\/secure.gravatar.com\\\/avatar\\\/d4fe7459cfc51ff5129ce1a732bbef5928568b8092d412ef95611616376bbeed?s=96&d=mm&r=g\",\"url\":\"https:\\\/\\\/secure.gravatar.com\\\/avatar\\\/d4fe7459cfc51ff5129ce1a732bbef5928568b8092d412ef95611616376bbeed?s=96&d=mm&r=g\",\"contentUrl\":\"https:\\\/\\\/secure.gravatar.com\\\/avatar\\\/d4fe7459cfc51ff5129ce1a732bbef5928568b8092d412ef95611616376bbeed?s=96&d=mm&r=g\",\"caption\":\"f1000024\"},\"url\":\"https:\\\/\\\/cvinoticias.com\\\/v3\\\/author\\\/f1000024\\\/\"}]}<\/script>\n<!-- \/ Yoast SEO plugin. -->","yoast_head_json":{"title":"Herrera Ahuad: \u201cEl presidente en Iguaz\u00fa me dijo que s\u00ed al corredor tur\u00edstico y ahora quiere hacernos retroceder con ingresos de repatriados\u201d | CVI NOTICIAS","robots":{"index":"index","follow":"follow","max-snippet":"max-snippet:-1","max-image-preview":"max-image-preview:large","max-video-preview":"max-video-preview:-1"},"canonical":"https:\/\/cvinoticias.com\/v3\/herrera-ahuad-el-presidente-en-iguazu-me-dijo-que-si-al-corredor-turistico-y-ahora-quiere-hacernos-retroceder-con-ingresos-de-repatriados\/","og_locale":"es_ES","og_type":"article","og_title":"Herrera Ahuad: \u201cEl presidente en Iguaz\u00fa me dijo que s\u00ed al corredor tur\u00edstico y ahora quiere hacernos retroceder con ingresos de repatriados\u201d | CVI NOTICIAS","og_description":"El gobernador misionero utiliz\u00f3 la frase, \u201cnos quiere hacer volver al jard\u00edn cuando ya hicimos primer grado y ahora queremos pasar a segundo\u201d, en relaci\u00f3n a la insistencia de la provincia para habilitar un ducto a modo de prueba piloto entre Foz de Iguaz\u00fa y Puerto Iguaz\u00fa. \u201cLos repatriados ya pasaron por la provincia cuando [&hellip;]","og_url":"https:\/\/cvinoticias.com\/v3\/herrera-ahuad-el-presidente-en-iguazu-me-dijo-que-si-al-corredor-turistico-y-ahora-quiere-hacernos-retroceder-con-ingresos-de-repatriados\/","og_site_name":"CVI NOTICIAS","article_publisher":"https:\/\/www.facebook.com\/cvinoticias","article_published_time":"2021-09-10T11:12:25+00:00","article_modified_time":"2021-09-10T11:24:00+00:00","og_image":[{"width":912,"height":504,"url":"https:\/\/cvinoticias.com\/wp-content\/uploads\/2021\/09\/Screenshot_20210910-081038_Facebook.jpg","type":"image\/jpeg"}],"author":"f1000024","twitter_card":"summary_large_image","twitter_misc":{"Escrito por":"f1000024","Tiempo de lectura":"5 minutos"},"schema":{"@context":"https:\/\/schema.org","@graph":[{"@type":"Article","@id":"https:\/\/cvinoticias.com\/v3\/herrera-ahuad-el-presidente-en-iguazu-me-dijo-que-si-al-corredor-turistico-y-ahora-quiere-hacernos-retroceder-con-ingresos-de-repatriados\/#article","isPartOf":{"@id":"https:\/\/cvinoticias.com\/v3\/herrera-ahuad-el-presidente-en-iguazu-me-dijo-que-si-al-corredor-turistico-y-ahora-quiere-hacernos-retroceder-con-ingresos-de-repatriados\/"},"author":{"name":"f1000024","@id":"https:\/\/cvinoticias.com\/v3\/#\/schema\/person\/2db77e3c6bc03c538495d7b2b8be9b66"},"headline":"Herrera Ahuad: \u201cEl presidente en Iguaz\u00fa me dijo que s\u00ed al corredor tur\u00edstico y ahora quiere hacernos retroceder con ingresos de repatriados\u201d","datePublished":"2021-09-10T11:12:25+00:00","dateModified":"2021-09-10T11:24:00+00:00","mainEntityOfPage":{"@id":"https:\/\/cvinoticias.com\/v3\/herrera-ahuad-el-presidente-en-iguazu-me-dijo-que-si-al-corredor-turistico-y-ahora-quiere-hacernos-retroceder-con-ingresos-de-repatriados\/"},"wordCount":1113,"commentCount":0,"publisher":{"@id":"https:\/\/cvinoticias.com\/v3\/#organization"},"image":{"@id":"https:\/\/cvinoticias.com\/v3\/herrera-ahuad-el-presidente-en-iguazu-me-dijo-que-si-al-corredor-turistico-y-ahora-quiere-hacernos-retroceder-con-ingresos-de-repatriados\/#primaryimage"},"thumbnailUrl":"https:\/\/cvinoticias.com\/wp-content\/uploads\/2021\/09\/Screenshot_20210910-081038_Facebook.jpg","articleSection":["Provinciales"],"inLanguage":"es","potentialAction":[{"@type":"CommentAction","name":"Comment","target":["https:\/\/cvinoticias.com\/v3\/herrera-ahuad-el-presidente-en-iguazu-me-dijo-que-si-al-corredor-turistico-y-ahora-quiere-hacernos-retroceder-con-ingresos-de-repatriados\/#respond"]}]},{"@type":"WebPage","@id":"https:\/\/cvinoticias.com\/v3\/herrera-ahuad-el-presidente-en-iguazu-me-dijo-que-si-al-corredor-turistico-y-ahora-quiere-hacernos-retroceder-con-ingresos-de-repatriados\/","url":"https:\/\/cvinoticias.com\/v3\/herrera-ahuad-el-presidente-en-iguazu-me-dijo-que-si-al-corredor-turistico-y-ahora-quiere-hacernos-retroceder-con-ingresos-de-repatriados\/","name":"Herrera Ahuad: \u201cEl presidente en Iguaz\u00fa me dijo que s\u00ed al corredor tur\u00edstico y ahora quiere hacernos retroceder con ingresos de repatriados\u201d | CVI NOTICIAS","isPartOf":{"@id":"https:\/\/cvinoticias.com\/v3\/#website"},"primaryImageOfPage":{"@id":"https:\/\/cvinoticias.com\/v3\/herrera-ahuad-el-presidente-en-iguazu-me-dijo-que-si-al-corredor-turistico-y-ahora-quiere-hacernos-retroceder-con-ingresos-de-repatriados\/#primaryimage"},"image":{"@id":"https:\/\/cvinoticias.com\/v3\/herrera-ahuad-el-presidente-en-iguazu-me-dijo-que-si-al-corredor-turistico-y-ahora-quiere-hacernos-retroceder-con-ingresos-de-repatriados\/#primaryimage"},"thumbnailUrl":"https:\/\/cvinoticias.com\/wp-content\/uploads\/2021\/09\/Screenshot_20210910-081038_Facebook.jpg","datePublished":"2021-09-10T11:12:25+00:00","dateModified":"2021-09-10T11:24:00+00:00","breadcrumb":{"@id":"https:\/\/cvinoticias.com\/v3\/herrera-ahuad-el-presidente-en-iguazu-me-dijo-que-si-al-corredor-turistico-y-ahora-quiere-hacernos-retroceder-con-ingresos-de-repatriados\/#breadcrumb"},"inLanguage":"es","potentialAction":[{"@type":"ReadAction","target":["https:\/\/cvinoticias.com\/v3\/herrera-ahuad-el-presidente-en-iguazu-me-dijo-que-si-al-corredor-turistico-y-ahora-quiere-hacernos-retroceder-con-ingresos-de-repatriados\/"]}]},{"@type":"ImageObject","inLanguage":"es","@id":"https:\/\/cvinoticias.com\/v3\/herrera-ahuad-el-presidente-en-iguazu-me-dijo-que-si-al-corredor-turistico-y-ahora-quiere-hacernos-retroceder-con-ingresos-de-repatriados\/#primaryimage","url":"https:\/\/cvinoticias.com\/wp-content\/uploads\/2021\/09\/Screenshot_20210910-081038_Facebook.jpg","contentUrl":"https:\/\/cvinoticias.com\/wp-content\/uploads\/2021\/09\/Screenshot_20210910-081038_Facebook.jpg","width":912,"height":504},{"@type":"BreadcrumbList","@id":"https:\/\/cvinoticias.com\/v3\/herrera-ahuad-el-presidente-en-iguazu-me-dijo-que-si-al-corredor-turistico-y-ahora-quiere-hacernos-retroceder-con-ingresos-de-repatriados\/#breadcrumb","itemListElement":[{"@type":"ListItem","position":1,"name":"Portada","item":"https:\/\/cvinoticias.com\/v3\/"},{"@type":"ListItem","position":2,"name":"Herrera Ahuad: \u201cEl presidente en Iguaz\u00fa me dijo que s\u00ed al corredor tur\u00edstico y ahora quiere hacernos retroceder con ingresos de repatriados\u201d"}]},{"@type":"WebSite","@id":"https:\/\/cvinoticias.com\/v3\/#website","url":"https:\/\/cvinoticias.com\/v3\/","name":"CVI NOTICIAS","description":"","publisher":{"@id":"https:\/\/cvinoticias.com\/v3\/#organization"},"alternateName":"CVI","potentialAction":[{"@type":"SearchAction","target":{"@type":"EntryPoint","urlTemplate":"https:\/\/cvinoticias.com\/v3\/?s={search_term_string}"},"query-input":{"@type":"PropertyValueSpecification","valueRequired":true,"valueName":"search_term_string"}}],"inLanguage":"es"},{"@type":"Organization","@id":"https:\/\/cvinoticias.com\/v3\/#organization","name":"CVI NOTICIAS","url":"https:\/\/cvinoticias.com\/v3\/","logo":{"@type":"ImageObject","inLanguage":"es","@id":"https:\/\/cvinoticias.com\/v3\/#\/schema\/logo\/image\/","url":"https:\/\/cvinoticias.com\/wp-content\/uploads\/2023\/04\/cropped-cropped-cropped-cropped-cropped-3-1.png","contentUrl":"https:\/\/cvinoticias.com\/wp-content\/uploads\/2023\/04\/cropped-cropped-cropped-cropped-cropped-3-1.png","width":95,"height":122,"caption":"CVI NOTICIAS"},"image":{"@id":"https:\/\/cvinoticias.com\/v3\/#\/schema\/logo\/image\/"},"sameAs":["https:\/\/www.facebook.com\/cvinoticias","https:\/\/www.instagram.com\/cvinoticias\/","https:\/\/www.youtube.com\/@CVINOTICIAS"]},{"@type":"Person","@id":"https:\/\/cvinoticias.com\/v3\/#\/schema\/person\/2db77e3c6bc03c538495d7b2b8be9b66","name":"f1000024","image":{"@type":"ImageObject","inLanguage":"es","@id":"https:\/\/secure.gravatar.com\/avatar\/d4fe7459cfc51ff5129ce1a732bbef5928568b8092d412ef95611616376bbeed?s=96&d=mm&r=g","url":"https:\/\/secure.gravatar.com\/avatar\/d4fe7459cfc51ff5129ce1a732bbef5928568b8092d412ef95611616376bbeed?s=96&d=mm&r=g","contentUrl":"https:\/\/secure.gravatar.com\/avatar\/d4fe7459cfc51ff5129ce1a732bbef5928568b8092d412ef95611616376bbeed?s=96&d=mm&r=g","caption":"f1000024"},"url":"https:\/\/cvinoticias.com\/v3\/author\/f1000024\/"}]}},"_links":{"self":[{"href":"https:\/\/cvinoticias.com\/v3\/wp-json\/wp\/v2\/posts\/8372","targetHints":{"allow":["GET"]}}],"collection":[{"href":"https:\/\/cvinoticias.com\/v3\/wp-json\/wp\/v2\/posts"}],"about":[{"href":"https:\/\/cvinoticias.com\/v3\/wp-json\/wp\/v2\/types\/post"}],"author":[{"embeddable":true,"href":"https:\/\/cvinoticias.com\/v3\/wp-json\/wp\/v2\/users\/2"}],"replies":[{"embeddable":true,"href":"https:\/\/cvinoticias.com\/v3\/wp-json\/wp\/v2\/comments?post=8372"}],"version-history":[{"count":2,"href":"https:\/\/cvinoticias.com\/v3\/wp-json\/wp\/v2\/posts\/8372\/revisions"}],"predecessor-version":[{"id":8375,"href":"https:\/\/cvinoticias.com\/v3\/wp-json\/wp\/v2\/posts\/8372\/revisions\/8375"}],"wp:featuredmedia":[{"embeddable":true,"href":"https:\/\/cvinoticias.com\/v3\/wp-json\/wp\/v2\/media\/8373"}],"wp:attachment":[{"href":"https:\/\/cvinoticias.com\/v3\/wp-json\/wp\/v2\/media?parent=8372"}],"wp:term":[{"taxonomy":"category","embeddable":true,"href":"https:\/\/cvinoticias.com\/v3\/wp-json\/wp\/v2\/categories?post=8372"},{"taxonomy":"post_tag","embeddable":true,"href":"https:\/\/cvinoticias.com\/v3\/wp-json\/wp\/v2\/tags?post=8372"}],"curies":[{"name":"wp","href":"https:\/\/api.w.org\/{rel}","templated":true}]}}