{"id":8369,"date":"2021-09-10T02:31:32","date_gmt":"2021-09-10T02:31:32","guid":{"rendered":"https:\/\/cvinoticias.com\/v3\/?p=8369"},"modified":"2021-09-10T02:31:32","modified_gmt":"2021-09-10T02:31:32","slug":"lionel-messi-rompio-en-llanto-y-festejo-la-copa-america-con-los-hinchas-sufri-mucho-y-hoy-estoy-muy-feliz","status":"publish","type":"post","link":"https:\/\/cvinoticias.com\/v3\/lionel-messi-rompio-en-llanto-y-festejo-la-copa-america-con-los-hinchas-sufri-mucho-y-hoy-estoy-muy-feliz\/","title":{"rendered":"Lionel Messi rompi\u00f3 en llanto y festej\u00f3 la Copa Am\u00e9rica con los hinchas: \u201cSufr\u00ed mucho y hoy estoy muy feliz\u201d"},"content":{"rendered":"\n<h2 class=\"wp-block-heading\">El 10 meti\u00f3 tres tantos en la goleada ante Bolivia, por las Eliminatorias. Tras el partido celebr\u00f3 junto a sus compa\u00f1eros y las 21.000 personas que fueron hasta la cancha de River.<\/h2>\n\n\n\n<p>\u201cTen\u00eda muchas ganas de poder disfrutarlo. Esper\u00e9 mucho tiempo esto, lo busqu\u00e9 y lo so\u00f1\u00e9. Es un momento \u00fanico por c\u00f3mo se dio, despu\u00e9s de tanto esperar\u201d, dijo\u00a0Lionel Messi.\u00a0Fue un desahogo, una alegr\u00eda. Envuelto en l\u00e1grimas, el 10 celebr\u00f3 la Copa Am\u00e9rica junto a sus compa\u00f1eros y 21.000 hinchas en el Monumental.<\/p>\n\n\n\n<p>Tambi\u00e9n dijo: \u201cNo hab\u00eda mejor manera de poder celebrar que estar ac\u00e1. Est\u00e1 mi mam\u00e1, mis hermanos en la tribuna&#8230; Ellos sufrieron mucho y hoy est\u00e1n ac\u00e1 celebrando.\u00a0Estoy muy feliz\u201d. Tras la nota que le dio a\u00a0<em>TyC Sports<\/em>\u00a0se fue con los jugadores argentinos y fue abrazado por varios de ellos, como Leandro Paredes y \u00c1ngel Di Mar\u00eda.<\/p>\n\n\n\n<p>En una noche hist\u00f3rica en el estadio Monumental de N\u00fa\u00f1ez,\u00a0Messi abri\u00f3 el marcador con un golazo a los 13 minutos\u00a0y en la segunda parte, a los 18?, ampli\u00f3 el resultado con una buena definici\u00f3n con la pierna derecha y a los 43\u2032 cerr\u00f3 su cuenta personal con un gran remate luego de un rebote que captur\u00f3 en el \u00e1rea.<\/p>\n\n\n\n<p>El capit\u00e1n Albiceleste, que ya\u00a0super\u00f3 al brasile\u00f1o Pel\u00e9 en la tabla de goleadores hist\u00f3ricos de los seleccionados sudamericanos con 79 tantos, fue nuevamente figura del equipo de Lionel Scaloni y tambi\u00e9n determinante para un nuevo triunfo del campe\u00f3n de Am\u00e9rica en la fecha 10 de las Eliminatorias sudamericanas para el Mundial de Qatar 2022.<\/p>\n","protected":false},"excerpt":{"rendered":"<p>El 10 meti\u00f3 tres tantos en la goleada ante Bolivia, por las Eliminatorias. Tras el partido celebr\u00f3 junto a sus compa\u00f1eros y las 21.000 personas que fueron hasta la cancha de River. \u201cTen\u00eda muchas ganas de poder disfrutarlo. Esper\u00e9 mucho tiempo esto, lo busqu\u00e9 y lo so\u00f1\u00e9. Es un momento \u00fanico por c\u00f3mo se dio, [&hellip;]<\/p>\n","protected":false},"author":2,"featured_media":8370,"comment_status":"open","ping_status":"open","sticky":false,"template":"","format":"standard","meta":{"footnotes":""},"categories":[24],"tags":[],"class_list":["post-8369","post","type-post","status-publish","format-standard","has-post-thumbnail","hentry","category-deportes"],"yoast_head":"<!-- This site is optimized with the Yoast SEO plugin v27.5 - https:\/\/yoast.com\/product\/yoast-seo-wordpress\/ -->\n<title>Lionel Messi rompi\u00f3 en llanto y festej\u00f3 la Copa Am\u00e9rica con los hinchas: \u201cSufr\u00ed mucho y hoy estoy muy feliz\u201d | CVI NOTICIAS<\/title>\n<meta name=\"robots\" content=\"index, follow, max-snippet:-1, max-image-preview:large, max-video-preview:-1\" \/>\n<link rel=\"canonical\" href=\"https:\/\/cvinoticias.com\/v3\/lionel-messi-rompio-en-llanto-y-festejo-la-copa-america-con-los-hinchas-sufri-mucho-y-hoy-estoy-muy-feliz\/\" \/>\n<meta property=\"og:locale\" content=\"es_ES\" \/>\n<meta property=\"og:type\" content=\"article\" \/>\n<meta property=\"og:title\" content=\"Lionel Messi rompi\u00f3 en llanto y festej\u00f3 la Copa Am\u00e9rica con los hinchas: \u201cSufr\u00ed mucho y hoy estoy muy feliz\u201d | CVI NOTICIAS\" \/>\n<meta property=\"og:description\" content=\"El 10 meti\u00f3 tres tantos en la goleada ante Bolivia, por las Eliminatorias. Tras el partido celebr\u00f3 junto a sus compa\u00f1eros y las 21.000 personas que fueron hasta la cancha de River. \u201cTen\u00eda muchas ganas de poder disfrutarlo. Esper\u00e9 mucho tiempo esto, lo busqu\u00e9 y lo so\u00f1\u00e9. Es un momento \u00fanico por c\u00f3mo se dio, [&hellip;]\" \/>\n<meta property=\"og:url\" content=\"https:\/\/cvinoticias.com\/v3\/lionel-messi-rompio-en-llanto-y-festejo-la-copa-america-con-los-hinchas-sufri-mucho-y-hoy-estoy-muy-feliz\/\" \/>\n<meta property=\"og:site_name\" content=\"CVI NOTICIAS\" \/>\n<meta property=\"article:publisher\" content=\"https:\/\/www.facebook.com\/cvinoticias\" \/>\n<meta property=\"article:published_time\" content=\"2021-09-10T02:31:32+00:00\" \/>\n<meta property=\"og:image\" content=\"https:\/\/cvinoticias.com\/wp-content\/uploads\/2021\/09\/lionel-messi-consiguio-hat-trick.jpg\" \/>\n\t<meta property=\"og:image:width\" content=\"958\" \/>\n\t<meta property=\"og:image:height\" content=\"596\" \/>\n\t<meta property=\"og:image:type\" content=\"image\/jpeg\" \/>\n<meta name=\"author\" content=\"f1000024\" \/>\n<meta name=\"twitter:card\" content=\"summary_large_image\" \/>\n<meta name=\"twitter:label1\" content=\"Escrito por\" \/>\n\t<meta name=\"twitter:data1\" content=\"f1000024\" \/>\n\t<meta name=\"twitter:label2\" content=\"Tiempo de lectura\" \/>\n\t<meta name=\"twitter:data2\" content=\"1 minuto\" \/>\n<script type=\"application\/ld+json\" class=\"yoast-schema-graph\">{\"@context\":\"https:\\\/\\\/schema.org\",\"@graph\":[{\"@type\":\"Article\",\"@id\":\"https:\\\/\\\/cvinoticias.com\\\/v3\\\/lionel-messi-rompio-en-llanto-y-festejo-la-copa-america-con-los-hinchas-sufri-mucho-y-hoy-estoy-muy-feliz\\\/#article\",\"isPartOf\":{\"@id\":\"https:\\\/\\\/cvinoticias.com\\\/v3\\\/lionel-messi-rompio-en-llanto-y-festejo-la-copa-america-con-los-hinchas-sufri-mucho-y-hoy-estoy-muy-feliz\\\/\"},\"author\":{\"name\":\"f1000024\",\"@id\":\"https:\\\/\\\/cvinoticias.com\\\/v3\\\/#\\\/schema\\\/person\\\/2db77e3c6bc03c538495d7b2b8be9b66\"},\"headline\":\"Lionel Messi rompi\u00f3 en llanto y festej\u00f3 la Copa Am\u00e9rica con los hinchas: \u201cSufr\u00ed mucho y hoy estoy muy feliz\u201d\",\"datePublished\":\"2021-09-10T02:31:32+00:00\",\"mainEntityOfPage\":{\"@id\":\"https:\\\/\\\/cvinoticias.com\\\/v3\\\/lionel-messi-rompio-en-llanto-y-festejo-la-copa-america-con-los-hinchas-sufri-mucho-y-hoy-estoy-muy-feliz\\\/\"},\"wordCount\":294,\"commentCount\":0,\"publisher\":{\"@id\":\"https:\\\/\\\/cvinoticias.com\\\/v3\\\/#organization\"},\"image\":{\"@id\":\"https:\\\/\\\/cvinoticias.com\\\/v3\\\/lionel-messi-rompio-en-llanto-y-festejo-la-copa-america-con-los-hinchas-sufri-mucho-y-hoy-estoy-muy-feliz\\\/#primaryimage\"},\"thumbnailUrl\":\"https:\\\/\\\/cvinoticias.com\\\/wp-content\\\/uploads\\\/2021\\\/09\\\/lionel-messi-consiguio-hat-trick.jpg\",\"articleSection\":[\"Deportes\"],\"inLanguage\":\"es\",\"potentialAction\":[{\"@type\":\"CommentAction\",\"name\":\"Comment\",\"target\":[\"https:\\\/\\\/cvinoticias.com\\\/v3\\\/lionel-messi-rompio-en-llanto-y-festejo-la-copa-america-con-los-hinchas-sufri-mucho-y-hoy-estoy-muy-feliz\\\/#respond\"]}]},{\"@type\":\"WebPage\",\"@id\":\"https:\\\/\\\/cvinoticias.com\\\/v3\\\/lionel-messi-rompio-en-llanto-y-festejo-la-copa-america-con-los-hinchas-sufri-mucho-y-hoy-estoy-muy-feliz\\\/\",\"url\":\"https:\\\/\\\/cvinoticias.com\\\/v3\\\/lionel-messi-rompio-en-llanto-y-festejo-la-copa-america-con-los-hinchas-sufri-mucho-y-hoy-estoy-muy-feliz\\\/\",\"name\":\"Lionel Messi rompi\u00f3 en llanto y festej\u00f3 la Copa Am\u00e9rica con los hinchas: \u201cSufr\u00ed mucho y hoy estoy muy feliz\u201d | CVI NOTICIAS\",\"isPartOf\":{\"@id\":\"https:\\\/\\\/cvinoticias.com\\\/v3\\\/#website\"},\"primaryImageOfPage\":{\"@id\":\"https:\\\/\\\/cvinoticias.com\\\/v3\\\/lionel-messi-rompio-en-llanto-y-festejo-la-copa-america-con-los-hinchas-sufri-mucho-y-hoy-estoy-muy-feliz\\\/#primaryimage\"},\"image\":{\"@id\":\"https:\\\/\\\/cvinoticias.com\\\/v3\\\/lionel-messi-rompio-en-llanto-y-festejo-la-copa-america-con-los-hinchas-sufri-mucho-y-hoy-estoy-muy-feliz\\\/#primaryimage\"},\"thumbnailUrl\":\"https:\\\/\\\/cvinoticias.com\\\/wp-content\\\/uploads\\\/2021\\\/09\\\/lionel-messi-consiguio-hat-trick.jpg\",\"datePublished\":\"2021-09-10T02:31:32+00:00\",\"breadcrumb\":{\"@id\":\"https:\\\/\\\/cvinoticias.com\\\/v3\\\/lionel-messi-rompio-en-llanto-y-festejo-la-copa-america-con-los-hinchas-sufri-mucho-y-hoy-estoy-muy-feliz\\\/#breadcrumb\"},\"inLanguage\":\"es\",\"potentialAction\":[{\"@type\":\"ReadAction\",\"target\":[\"https:\\\/\\\/cvinoticias.com\\\/v3\\\/lionel-messi-rompio-en-llanto-y-festejo-la-copa-america-con-los-hinchas-sufri-mucho-y-hoy-estoy-muy-feliz\\\/\"]}]},{\"@type\":\"ImageObject\",\"inLanguage\":\"es\",\"@id\":\"https:\\\/\\\/cvinoticias.com\\\/v3\\\/lionel-messi-rompio-en-llanto-y-festejo-la-copa-america-con-los-hinchas-sufri-mucho-y-hoy-estoy-muy-feliz\\\/#primaryimage\",\"url\":\"https:\\\/\\\/cvinoticias.com\\\/wp-content\\\/uploads\\\/2021\\\/09\\\/lionel-messi-consiguio-hat-trick.jpg\",\"contentUrl\":\"https:\\\/\\\/cvinoticias.com\\\/wp-content\\\/uploads\\\/2021\\\/09\\\/lionel-messi-consiguio-hat-trick.jpg\",\"width\":958,\"height\":596},{\"@type\":\"BreadcrumbList\",\"@id\":\"https:\\\/\\\/cvinoticias.com\\\/v3\\\/lionel-messi-rompio-en-llanto-y-festejo-la-copa-america-con-los-hinchas-sufri-mucho-y-hoy-estoy-muy-feliz\\\/#breadcrumb\",\"itemListElement\":[{\"@type\":\"ListItem\",\"position\":1,\"name\":\"Portada\",\"item\":\"https:\\\/\\\/cvinoticias.com\\\/v3\\\/\"},{\"@type\":\"ListItem\",\"position\":2,\"name\":\"Lionel Messi rompi\u00f3 en llanto y festej\u00f3 la Copa Am\u00e9rica con los hinchas: \u201cSufr\u00ed mucho y hoy estoy muy feliz\u201d\"}]},{\"@type\":\"WebSite\",\"@id\":\"https:\\\/\\\/cvinoticias.com\\\/v3\\\/#website\",\"url\":\"https:\\\/\\\/cvinoticias.com\\\/v3\\\/\",\"name\":\"CVI NOTICIAS\",\"description\":\"\",\"publisher\":{\"@id\":\"https:\\\/\\\/cvinoticias.com\\\/v3\\\/#organization\"},\"alternateName\":\"CVI\",\"potentialAction\":[{\"@type\":\"SearchAction\",\"target\":{\"@type\":\"EntryPoint\",\"urlTemplate\":\"https:\\\/\\\/cvinoticias.com\\\/v3\\\/?s={search_term_string}\"},\"query-input\":{\"@type\":\"PropertyValueSpecification\",\"valueRequired\":true,\"valueName\":\"search_term_string\"}}],\"inLanguage\":\"es\"},{\"@type\":\"Organization\",\"@id\":\"https:\\\/\\\/cvinoticias.com\\\/v3\\\/#organization\",\"name\":\"CVI NOTICIAS\",\"url\":\"https:\\\/\\\/cvinoticias.com\\\/v3\\\/\",\"logo\":{\"@type\":\"ImageObject\",\"inLanguage\":\"es\",\"@id\":\"https:\\\/\\\/cvinoticias.com\\\/v3\\\/#\\\/schema\\\/logo\\\/image\\\/\",\"url\":\"https:\\\/\\\/cvinoticias.com\\\/wp-content\\\/uploads\\\/2023\\\/04\\\/cropped-cropped-cropped-cropped-cropped-3-1.png\",\"contentUrl\":\"https:\\\/\\\/cvinoticias.com\\\/wp-content\\\/uploads\\\/2023\\\/04\\\/cropped-cropped-cropped-cropped-cropped-3-1.png\",\"width\":95,\"height\":122,\"caption\":\"CVI NOTICIAS\"},\"image\":{\"@id\":\"https:\\\/\\\/cvinoticias.com\\\/v3\\\/#\\\/schema\\\/logo\\\/image\\\/\"},\"sameAs\":[\"https:\\\/\\\/www.facebook.com\\\/cvinoticias\",\"https:\\\/\\\/www.instagram.com\\\/cvinoticias\\\/\",\"https:\\\/\\\/www.youtube.com\\\/@CVINOTICIAS\"]},{\"@type\":\"Person\",\"@id\":\"https:\\\/\\\/cvinoticias.com\\\/v3\\\/#\\\/schema\\\/person\\\/2db77e3c6bc03c538495d7b2b8be9b66\",\"name\":\"f1000024\",\"image\":{\"@type\":\"ImageObject\",\"inLanguage\":\"es\",\"@id\":\"https:\\\/\\\/secure.gravatar.com\\\/avatar\\\/d4fe7459cfc51ff5129ce1a732bbef5928568b8092d412ef95611616376bbeed?s=96&d=mm&r=g\",\"url\":\"https:\\\/\\\/secure.gravatar.com\\\/avatar\\\/d4fe7459cfc51ff5129ce1a732bbef5928568b8092d412ef95611616376bbeed?s=96&d=mm&r=g\",\"contentUrl\":\"https:\\\/\\\/secure.gravatar.com\\\/avatar\\\/d4fe7459cfc51ff5129ce1a732bbef5928568b8092d412ef95611616376bbeed?s=96&d=mm&r=g\",\"caption\":\"f1000024\"},\"url\":\"https:\\\/\\\/cvinoticias.com\\\/v3\\\/author\\\/f1000024\\\/\"}]}<\/script>\n<!-- \/ Yoast SEO plugin. -->","yoast_head_json":{"title":"Lionel Messi rompi\u00f3 en llanto y festej\u00f3 la Copa Am\u00e9rica con los hinchas: \u201cSufr\u00ed mucho y hoy estoy muy feliz\u201d | CVI NOTICIAS","robots":{"index":"index","follow":"follow","max-snippet":"max-snippet:-1","max-image-preview":"max-image-preview:large","max-video-preview":"max-video-preview:-1"},"canonical":"https:\/\/cvinoticias.com\/v3\/lionel-messi-rompio-en-llanto-y-festejo-la-copa-america-con-los-hinchas-sufri-mucho-y-hoy-estoy-muy-feliz\/","og_locale":"es_ES","og_type":"article","og_title":"Lionel Messi rompi\u00f3 en llanto y festej\u00f3 la Copa Am\u00e9rica con los hinchas: \u201cSufr\u00ed mucho y hoy estoy muy feliz\u201d | CVI NOTICIAS","og_description":"El 10 meti\u00f3 tres tantos en la goleada ante Bolivia, por las Eliminatorias. Tras el partido celebr\u00f3 junto a sus compa\u00f1eros y las 21.000 personas que fueron hasta la cancha de River. \u201cTen\u00eda muchas ganas de poder disfrutarlo. Esper\u00e9 mucho tiempo esto, lo busqu\u00e9 y lo so\u00f1\u00e9. Es un momento \u00fanico por c\u00f3mo se dio, [&hellip;]","og_url":"https:\/\/cvinoticias.com\/v3\/lionel-messi-rompio-en-llanto-y-festejo-la-copa-america-con-los-hinchas-sufri-mucho-y-hoy-estoy-muy-feliz\/","og_site_name":"CVI NOTICIAS","article_publisher":"https:\/\/www.facebook.com\/cvinoticias","article_published_time":"2021-09-10T02:31:32+00:00","og_image":[{"width":958,"height":596,"url":"https:\/\/cvinoticias.com\/wp-content\/uploads\/2021\/09\/lionel-messi-consiguio-hat-trick.jpg","type":"image\/jpeg"}],"author":"f1000024","twitter_card":"summary_large_image","twitter_misc":{"Escrito por":"f1000024","Tiempo de lectura":"1 minuto"},"schema":{"@context":"https:\/\/schema.org","@graph":[{"@type":"Article","@id":"https:\/\/cvinoticias.com\/v3\/lionel-messi-rompio-en-llanto-y-festejo-la-copa-america-con-los-hinchas-sufri-mucho-y-hoy-estoy-muy-feliz\/#article","isPartOf":{"@id":"https:\/\/cvinoticias.com\/v3\/lionel-messi-rompio-en-llanto-y-festejo-la-copa-america-con-los-hinchas-sufri-mucho-y-hoy-estoy-muy-feliz\/"},"author":{"name":"f1000024","@id":"https:\/\/cvinoticias.com\/v3\/#\/schema\/person\/2db77e3c6bc03c538495d7b2b8be9b66"},"headline":"Lionel Messi rompi\u00f3 en llanto y festej\u00f3 la Copa Am\u00e9rica con los hinchas: \u201cSufr\u00ed mucho y hoy estoy muy feliz\u201d","datePublished":"2021-09-10T02:31:32+00:00","mainEntityOfPage":{"@id":"https:\/\/cvinoticias.com\/v3\/lionel-messi-rompio-en-llanto-y-festejo-la-copa-america-con-los-hinchas-sufri-mucho-y-hoy-estoy-muy-feliz\/"},"wordCount":294,"commentCount":0,"publisher":{"@id":"https:\/\/cvinoticias.com\/v3\/#organization"},"image":{"@id":"https:\/\/cvinoticias.com\/v3\/lionel-messi-rompio-en-llanto-y-festejo-la-copa-america-con-los-hinchas-sufri-mucho-y-hoy-estoy-muy-feliz\/#primaryimage"},"thumbnailUrl":"https:\/\/cvinoticias.com\/wp-content\/uploads\/2021\/09\/lionel-messi-consiguio-hat-trick.jpg","articleSection":["Deportes"],"inLanguage":"es","potentialAction":[{"@type":"CommentAction","name":"Comment","target":["https:\/\/cvinoticias.com\/v3\/lionel-messi-rompio-en-llanto-y-festejo-la-copa-america-con-los-hinchas-sufri-mucho-y-hoy-estoy-muy-feliz\/#respond"]}]},{"@type":"WebPage","@id":"https:\/\/cvinoticias.com\/v3\/lionel-messi-rompio-en-llanto-y-festejo-la-copa-america-con-los-hinchas-sufri-mucho-y-hoy-estoy-muy-feliz\/","url":"https:\/\/cvinoticias.com\/v3\/lionel-messi-rompio-en-llanto-y-festejo-la-copa-america-con-los-hinchas-sufri-mucho-y-hoy-estoy-muy-feliz\/","name":"Lionel Messi rompi\u00f3 en llanto y festej\u00f3 la Copa Am\u00e9rica con los hinchas: \u201cSufr\u00ed mucho y hoy estoy muy feliz\u201d | CVI NOTICIAS","isPartOf":{"@id":"https:\/\/cvinoticias.com\/v3\/#website"},"primaryImageOfPage":{"@id":"https:\/\/cvinoticias.com\/v3\/lionel-messi-rompio-en-llanto-y-festejo-la-copa-america-con-los-hinchas-sufri-mucho-y-hoy-estoy-muy-feliz\/#primaryimage"},"image":{"@id":"https:\/\/cvinoticias.com\/v3\/lionel-messi-rompio-en-llanto-y-festejo-la-copa-america-con-los-hinchas-sufri-mucho-y-hoy-estoy-muy-feliz\/#primaryimage"},"thumbnailUrl":"https:\/\/cvinoticias.com\/wp-content\/uploads\/2021\/09\/lionel-messi-consiguio-hat-trick.jpg","datePublished":"2021-09-10T02:31:32+00:00","breadcrumb":{"@id":"https:\/\/cvinoticias.com\/v3\/lionel-messi-rompio-en-llanto-y-festejo-la-copa-america-con-los-hinchas-sufri-mucho-y-hoy-estoy-muy-feliz\/#breadcrumb"},"inLanguage":"es","potentialAction":[{"@type":"ReadAction","target":["https:\/\/cvinoticias.com\/v3\/lionel-messi-rompio-en-llanto-y-festejo-la-copa-america-con-los-hinchas-sufri-mucho-y-hoy-estoy-muy-feliz\/"]}]},{"@type":"ImageObject","inLanguage":"es","@id":"https:\/\/cvinoticias.com\/v3\/lionel-messi-rompio-en-llanto-y-festejo-la-copa-america-con-los-hinchas-sufri-mucho-y-hoy-estoy-muy-feliz\/#primaryimage","url":"https:\/\/cvinoticias.com\/wp-content\/uploads\/2021\/09\/lionel-messi-consiguio-hat-trick.jpg","contentUrl":"https:\/\/cvinoticias.com\/wp-content\/uploads\/2021\/09\/lionel-messi-consiguio-hat-trick.jpg","width":958,"height":596},{"@type":"BreadcrumbList","@id":"https:\/\/cvinoticias.com\/v3\/lionel-messi-rompio-en-llanto-y-festejo-la-copa-america-con-los-hinchas-sufri-mucho-y-hoy-estoy-muy-feliz\/#breadcrumb","itemListElement":[{"@type":"ListItem","position":1,"name":"Portada","item":"https:\/\/cvinoticias.com\/v3\/"},{"@type":"ListItem","position":2,"name":"Lionel Messi rompi\u00f3 en llanto y festej\u00f3 la Copa Am\u00e9rica con los hinchas: \u201cSufr\u00ed mucho y hoy estoy muy feliz\u201d"}]},{"@type":"WebSite","@id":"https:\/\/cvinoticias.com\/v3\/#website","url":"https:\/\/cvinoticias.com\/v3\/","name":"CVI NOTICIAS","description":"","publisher":{"@id":"https:\/\/cvinoticias.com\/v3\/#organization"},"alternateName":"CVI","potentialAction":[{"@type":"SearchAction","target":{"@type":"EntryPoint","urlTemplate":"https:\/\/cvinoticias.com\/v3\/?s={search_term_string}"},"query-input":{"@type":"PropertyValueSpecification","valueRequired":true,"valueName":"search_term_string"}}],"inLanguage":"es"},{"@type":"Organization","@id":"https:\/\/cvinoticias.com\/v3\/#organization","name":"CVI NOTICIAS","url":"https:\/\/cvinoticias.com\/v3\/","logo":{"@type":"ImageObject","inLanguage":"es","@id":"https:\/\/cvinoticias.com\/v3\/#\/schema\/logo\/image\/","url":"https:\/\/cvinoticias.com\/wp-content\/uploads\/2023\/04\/cropped-cropped-cropped-cropped-cropped-3-1.png","contentUrl":"https:\/\/cvinoticias.com\/wp-content\/uploads\/2023\/04\/cropped-cropped-cropped-cropped-cropped-3-1.png","width":95,"height":122,"caption":"CVI NOTICIAS"},"image":{"@id":"https:\/\/cvinoticias.com\/v3\/#\/schema\/logo\/image\/"},"sameAs":["https:\/\/www.facebook.com\/cvinoticias","https:\/\/www.instagram.com\/cvinoticias\/","https:\/\/www.youtube.com\/@CVINOTICIAS"]},{"@type":"Person","@id":"https:\/\/cvinoticias.com\/v3\/#\/schema\/person\/2db77e3c6bc03c538495d7b2b8be9b66","name":"f1000024","image":{"@type":"ImageObject","inLanguage":"es","@id":"https:\/\/secure.gravatar.com\/avatar\/d4fe7459cfc51ff5129ce1a732bbef5928568b8092d412ef95611616376bbeed?s=96&d=mm&r=g","url":"https:\/\/secure.gravatar.com\/avatar\/d4fe7459cfc51ff5129ce1a732bbef5928568b8092d412ef95611616376bbeed?s=96&d=mm&r=g","contentUrl":"https:\/\/secure.gravatar.com\/avatar\/d4fe7459cfc51ff5129ce1a732bbef5928568b8092d412ef95611616376bbeed?s=96&d=mm&r=g","caption":"f1000024"},"url":"https:\/\/cvinoticias.com\/v3\/author\/f1000024\/"}]}},"_links":{"self":[{"href":"https:\/\/cvinoticias.com\/v3\/wp-json\/wp\/v2\/posts\/8369","targetHints":{"allow":["GET"]}}],"collection":[{"href":"https:\/\/cvinoticias.com\/v3\/wp-json\/wp\/v2\/posts"}],"about":[{"href":"https:\/\/cvinoticias.com\/v3\/wp-json\/wp\/v2\/types\/post"}],"author":[{"embeddable":true,"href":"https:\/\/cvinoticias.com\/v3\/wp-json\/wp\/v2\/users\/2"}],"replies":[{"embeddable":true,"href":"https:\/\/cvinoticias.com\/v3\/wp-json\/wp\/v2\/comments?post=8369"}],"version-history":[{"count":1,"href":"https:\/\/cvinoticias.com\/v3\/wp-json\/wp\/v2\/posts\/8369\/revisions"}],"predecessor-version":[{"id":8371,"href":"https:\/\/cvinoticias.com\/v3\/wp-json\/wp\/v2\/posts\/8369\/revisions\/8371"}],"wp:featuredmedia":[{"embeddable":true,"href":"https:\/\/cvinoticias.com\/v3\/wp-json\/wp\/v2\/media\/8370"}],"wp:attachment":[{"href":"https:\/\/cvinoticias.com\/v3\/wp-json\/wp\/v2\/media?parent=8369"}],"wp:term":[{"taxonomy":"category","embeddable":true,"href":"https:\/\/cvinoticias.com\/v3\/wp-json\/wp\/v2\/categories?post=8369"},{"taxonomy":"post_tag","embeddable":true,"href":"https:\/\/cvinoticias.com\/v3\/wp-json\/wp\/v2\/tags?post=8369"}],"curies":[{"name":"wp","href":"https:\/\/api.w.org\/{rel}","templated":true}]}}