{"id":8336,"date":"2021-09-09T00:59:32","date_gmt":"2021-09-09T00:59:32","guid":{"rendered":"https:\/\/cvinoticias.com\/v3\/?p=8336"},"modified":"2021-09-09T00:59:32","modified_gmt":"2021-09-09T00:59:32","slug":"comerciante-fue-asesinado-luego-de-discutir-con-un-cliente","status":"publish","type":"post","link":"https:\/\/cvinoticias.com\/v3\/comerciante-fue-asesinado-luego-de-discutir-con-un-cliente\/","title":{"rendered":"Comerciante fue asesinado luego de discutir con un cliente"},"content":{"rendered":"\n<p><em><strong>Seg\u00fan el relato de la hija, la v\u00edctima fatal hab\u00eda tenido un altercado con un joven en su comercio, quien luego le dispar\u00f3 con arma de fuego.<\/strong><\/em><\/p>\n\n\n\n<p>El hecho ocurri\u00f3 esta tarde en el barrio Cancha Carreras. La v\u00edctima fue identificada como Francisco \u00c1vila de 50 a\u00f1os, quien muri\u00f3 a causa del disparo de un arma de fuego, ejecutado por un cliente que se dio a la fuga con su c\u00f3mplice.<br><br>Efectivos de la Comisar\u00eda local conocieron el hecho por medio de vecinos que alertaron lo sucedido e inmediatamente se dirigieron al lugar junto a integrantes de la Comisar\u00eda de Bernardo de Irigoyen, divisiones Comando Radioel\u00e9ctrico local, Investigaciones y Polic\u00eda Cient\u00edfica de la Unidad Regional XII.<br><br>Una vez all\u00ed, constataron mediante dichos de su hija y un joven que Francisco fue a atender el kiosco familiar y luego de discutir con un cliente, este \u00faltimo sac\u00f3 un arma de fuego, le dispar\u00f3 a la altura del abdomen y se dio a la fuga con otro sujeto.<br><br>R\u00e1pidamente, se diligenciaron las actuaciones correspondientes para trasladar al lesionado al hospital local donde minutos despu\u00e9s, falleci\u00f3 a causa de shock hipovol\u00e9mico por herida de arma de fuego, solicit\u00e1ndose autopsia.<br><br>Por estas horas, diferentes dependencias del citado comando regional realizan amplios rastrillajes para capturar a los sospechosos e incautar el arma utilizada para el hecho. Interviene en el caso el Juzgado de Instrucci\u00f3n N\u00b01 de San Pedro.<\/p>\n\n\n\n<p><\/p>\n\n\n\n<p><strong>AH<\/strong><\/p>\n","protected":false},"excerpt":{"rendered":"<p>Seg\u00fan el relato de la hija, la v\u00edctima fatal hab\u00eda tenido un altercado con un joven en su comercio, quien luego le dispar\u00f3 con arma de fuego. El hecho ocurri\u00f3 esta tarde en el barrio Cancha Carreras. La v\u00edctima fue identificada como Francisco \u00c1vila de 50 a\u00f1os, quien muri\u00f3 a causa del disparo de un [&hellip;]<\/p>\n","protected":false},"author":2,"featured_media":8337,"comment_status":"open","ping_status":"open","sticky":false,"template":"","format":"standard","meta":{"footnotes":""},"categories":[41],"tags":[],"class_list":["post-8336","post","type-post","status-publish","format-standard","has-post-thumbnail","hentry","category-policiales"],"yoast_head":"<!-- This site is optimized with the Yoast SEO plugin v27.4 - https:\/\/yoast.com\/product\/yoast-seo-wordpress\/ -->\n<title>Comerciante fue asesinado luego de discutir con un cliente | CVI NOTICIAS<\/title>\n<meta name=\"robots\" content=\"index, follow, max-snippet:-1, max-image-preview:large, max-video-preview:-1\" \/>\n<link rel=\"canonical\" href=\"https:\/\/cvinoticias.com\/v3\/comerciante-fue-asesinado-luego-de-discutir-con-un-cliente\/\" \/>\n<meta property=\"og:locale\" content=\"es_ES\" \/>\n<meta property=\"og:type\" content=\"article\" \/>\n<meta property=\"og:title\" content=\"Comerciante fue asesinado luego de discutir con un cliente | CVI NOTICIAS\" \/>\n<meta property=\"og:description\" content=\"Seg\u00fan el relato de la hija, la v\u00edctima fatal hab\u00eda tenido un altercado con un joven en su comercio, quien luego le dispar\u00f3 con arma de fuego. El hecho ocurri\u00f3 esta tarde en el barrio Cancha Carreras. La v\u00edctima fue identificada como Francisco \u00c1vila de 50 a\u00f1os, quien muri\u00f3 a causa del disparo de un [&hellip;]\" \/>\n<meta property=\"og:url\" content=\"https:\/\/cvinoticias.com\/v3\/comerciante-fue-asesinado-luego-de-discutir-con-un-cliente\/\" \/>\n<meta property=\"og:site_name\" content=\"CVI NOTICIAS\" \/>\n<meta property=\"article:publisher\" content=\"https:\/\/www.facebook.com\/cvinoticias\" \/>\n<meta property=\"article:published_time\" content=\"2021-09-09T00:59:32+00:00\" \/>\n<meta property=\"og:image\" content=\"https:\/\/cvinoticias.com\/wp-content\/uploads\/2021\/09\/WhatsApp-Image-2021-09-08-at-19.35.20-1-730x411-1.jpeg\" \/>\n\t<meta property=\"og:image:width\" content=\"730\" \/>\n\t<meta property=\"og:image:height\" content=\"411\" \/>\n\t<meta property=\"og:image:type\" content=\"image\/jpeg\" \/>\n<meta name=\"author\" content=\"f1000024\" \/>\n<meta name=\"twitter:card\" content=\"summary_large_image\" \/>\n<meta name=\"twitter:label1\" content=\"Escrito por\" \/>\n\t<meta name=\"twitter:data1\" content=\"f1000024\" \/>\n\t<meta name=\"twitter:label2\" content=\"Tiempo de lectura\" \/>\n\t<meta name=\"twitter:data2\" content=\"1 minuto\" \/>\n<script type=\"application\/ld+json\" class=\"yoast-schema-graph\">{\"@context\":\"https:\\\/\\\/schema.org\",\"@graph\":[{\"@type\":\"Article\",\"@id\":\"https:\\\/\\\/cvinoticias.com\\\/v3\\\/comerciante-fue-asesinado-luego-de-discutir-con-un-cliente\\\/#article\",\"isPartOf\":{\"@id\":\"https:\\\/\\\/cvinoticias.com\\\/v3\\\/comerciante-fue-asesinado-luego-de-discutir-con-un-cliente\\\/\"},\"author\":{\"name\":\"f1000024\",\"@id\":\"https:\\\/\\\/cvinoticias.com\\\/v3\\\/#\\\/schema\\\/person\\\/2db77e3c6bc03c538495d7b2b8be9b66\"},\"headline\":\"Comerciante fue asesinado luego de discutir con un cliente\",\"datePublished\":\"2021-09-09T00:59:32+00:00\",\"mainEntityOfPage\":{\"@id\":\"https:\\\/\\\/cvinoticias.com\\\/v3\\\/comerciante-fue-asesinado-luego-de-discutir-con-un-cliente\\\/\"},\"wordCount\":258,\"commentCount\":0,\"publisher\":{\"@id\":\"https:\\\/\\\/cvinoticias.com\\\/v3\\\/#organization\"},\"image\":{\"@id\":\"https:\\\/\\\/cvinoticias.com\\\/v3\\\/comerciante-fue-asesinado-luego-de-discutir-con-un-cliente\\\/#primaryimage\"},\"thumbnailUrl\":\"https:\\\/\\\/cvinoticias.com\\\/wp-content\\\/uploads\\\/2021\\\/09\\\/WhatsApp-Image-2021-09-08-at-19.35.20-1-730x411-1.jpeg\",\"articleSection\":[\"Policiales\"],\"inLanguage\":\"es\",\"potentialAction\":[{\"@type\":\"CommentAction\",\"name\":\"Comment\",\"target\":[\"https:\\\/\\\/cvinoticias.com\\\/v3\\\/comerciante-fue-asesinado-luego-de-discutir-con-un-cliente\\\/#respond\"]}]},{\"@type\":\"WebPage\",\"@id\":\"https:\\\/\\\/cvinoticias.com\\\/v3\\\/comerciante-fue-asesinado-luego-de-discutir-con-un-cliente\\\/\",\"url\":\"https:\\\/\\\/cvinoticias.com\\\/v3\\\/comerciante-fue-asesinado-luego-de-discutir-con-un-cliente\\\/\",\"name\":\"Comerciante fue asesinado luego de discutir con un cliente | CVI NOTICIAS\",\"isPartOf\":{\"@id\":\"https:\\\/\\\/cvinoticias.com\\\/v3\\\/#website\"},\"primaryImageOfPage\":{\"@id\":\"https:\\\/\\\/cvinoticias.com\\\/v3\\\/comerciante-fue-asesinado-luego-de-discutir-con-un-cliente\\\/#primaryimage\"},\"image\":{\"@id\":\"https:\\\/\\\/cvinoticias.com\\\/v3\\\/comerciante-fue-asesinado-luego-de-discutir-con-un-cliente\\\/#primaryimage\"},\"thumbnailUrl\":\"https:\\\/\\\/cvinoticias.com\\\/wp-content\\\/uploads\\\/2021\\\/09\\\/WhatsApp-Image-2021-09-08-at-19.35.20-1-730x411-1.jpeg\",\"datePublished\":\"2021-09-09T00:59:32+00:00\",\"breadcrumb\":{\"@id\":\"https:\\\/\\\/cvinoticias.com\\\/v3\\\/comerciante-fue-asesinado-luego-de-discutir-con-un-cliente\\\/#breadcrumb\"},\"inLanguage\":\"es\",\"potentialAction\":[{\"@type\":\"ReadAction\",\"target\":[\"https:\\\/\\\/cvinoticias.com\\\/v3\\\/comerciante-fue-asesinado-luego-de-discutir-con-un-cliente\\\/\"]}]},{\"@type\":\"ImageObject\",\"inLanguage\":\"es\",\"@id\":\"https:\\\/\\\/cvinoticias.com\\\/v3\\\/comerciante-fue-asesinado-luego-de-discutir-con-un-cliente\\\/#primaryimage\",\"url\":\"https:\\\/\\\/cvinoticias.com\\\/wp-content\\\/uploads\\\/2021\\\/09\\\/WhatsApp-Image-2021-09-08-at-19.35.20-1-730x411-1.jpeg\",\"contentUrl\":\"https:\\\/\\\/cvinoticias.com\\\/wp-content\\\/uploads\\\/2021\\\/09\\\/WhatsApp-Image-2021-09-08-at-19.35.20-1-730x411-1.jpeg\",\"width\":730,\"height\":411},{\"@type\":\"BreadcrumbList\",\"@id\":\"https:\\\/\\\/cvinoticias.com\\\/v3\\\/comerciante-fue-asesinado-luego-de-discutir-con-un-cliente\\\/#breadcrumb\",\"itemListElement\":[{\"@type\":\"ListItem\",\"position\":1,\"name\":\"Portada\",\"item\":\"https:\\\/\\\/cvinoticias.com\\\/v3\\\/\"},{\"@type\":\"ListItem\",\"position\":2,\"name\":\"Comerciante fue asesinado luego de discutir con un cliente\"}]},{\"@type\":\"WebSite\",\"@id\":\"https:\\\/\\\/cvinoticias.com\\\/v3\\\/#website\",\"url\":\"https:\\\/\\\/cvinoticias.com\\\/v3\\\/\",\"name\":\"CVI NOTICIAS\",\"description\":\"\",\"publisher\":{\"@id\":\"https:\\\/\\\/cvinoticias.com\\\/v3\\\/#organization\"},\"alternateName\":\"CVI\",\"potentialAction\":[{\"@type\":\"SearchAction\",\"target\":{\"@type\":\"EntryPoint\",\"urlTemplate\":\"https:\\\/\\\/cvinoticias.com\\\/v3\\\/?s={search_term_string}\"},\"query-input\":{\"@type\":\"PropertyValueSpecification\",\"valueRequired\":true,\"valueName\":\"search_term_string\"}}],\"inLanguage\":\"es\"},{\"@type\":\"Organization\",\"@id\":\"https:\\\/\\\/cvinoticias.com\\\/v3\\\/#organization\",\"name\":\"CVI NOTICIAS\",\"url\":\"https:\\\/\\\/cvinoticias.com\\\/v3\\\/\",\"logo\":{\"@type\":\"ImageObject\",\"inLanguage\":\"es\",\"@id\":\"https:\\\/\\\/cvinoticias.com\\\/v3\\\/#\\\/schema\\\/logo\\\/image\\\/\",\"url\":\"https:\\\/\\\/cvinoticias.com\\\/wp-content\\\/uploads\\\/2023\\\/04\\\/cropped-cropped-cropped-cropped-cropped-3-1.png\",\"contentUrl\":\"https:\\\/\\\/cvinoticias.com\\\/wp-content\\\/uploads\\\/2023\\\/04\\\/cropped-cropped-cropped-cropped-cropped-3-1.png\",\"width\":95,\"height\":122,\"caption\":\"CVI NOTICIAS\"},\"image\":{\"@id\":\"https:\\\/\\\/cvinoticias.com\\\/v3\\\/#\\\/schema\\\/logo\\\/image\\\/\"},\"sameAs\":[\"https:\\\/\\\/www.facebook.com\\\/cvinoticias\",\"https:\\\/\\\/www.instagram.com\\\/cvinoticias\\\/\",\"https:\\\/\\\/www.youtube.com\\\/@CVINOTICIAS\"]},{\"@type\":\"Person\",\"@id\":\"https:\\\/\\\/cvinoticias.com\\\/v3\\\/#\\\/schema\\\/person\\\/2db77e3c6bc03c538495d7b2b8be9b66\",\"name\":\"f1000024\",\"image\":{\"@type\":\"ImageObject\",\"inLanguage\":\"es\",\"@id\":\"https:\\\/\\\/secure.gravatar.com\\\/avatar\\\/d4fe7459cfc51ff5129ce1a732bbef5928568b8092d412ef95611616376bbeed?s=96&d=mm&r=g\",\"url\":\"https:\\\/\\\/secure.gravatar.com\\\/avatar\\\/d4fe7459cfc51ff5129ce1a732bbef5928568b8092d412ef95611616376bbeed?s=96&d=mm&r=g\",\"contentUrl\":\"https:\\\/\\\/secure.gravatar.com\\\/avatar\\\/d4fe7459cfc51ff5129ce1a732bbef5928568b8092d412ef95611616376bbeed?s=96&d=mm&r=g\",\"caption\":\"f1000024\"},\"url\":\"https:\\\/\\\/cvinoticias.com\\\/v3\\\/author\\\/f1000024\\\/\"}]}<\/script>\n<!-- \/ Yoast SEO plugin. -->","yoast_head_json":{"title":"Comerciante fue asesinado luego de discutir con un cliente | CVI NOTICIAS","robots":{"index":"index","follow":"follow","max-snippet":"max-snippet:-1","max-image-preview":"max-image-preview:large","max-video-preview":"max-video-preview:-1"},"canonical":"https:\/\/cvinoticias.com\/v3\/comerciante-fue-asesinado-luego-de-discutir-con-un-cliente\/","og_locale":"es_ES","og_type":"article","og_title":"Comerciante fue asesinado luego de discutir con un cliente | CVI NOTICIAS","og_description":"Seg\u00fan el relato de la hija, la v\u00edctima fatal hab\u00eda tenido un altercado con un joven en su comercio, quien luego le dispar\u00f3 con arma de fuego. El hecho ocurri\u00f3 esta tarde en el barrio Cancha Carreras. La v\u00edctima fue identificada como Francisco \u00c1vila de 50 a\u00f1os, quien muri\u00f3 a causa del disparo de un [&hellip;]","og_url":"https:\/\/cvinoticias.com\/v3\/comerciante-fue-asesinado-luego-de-discutir-con-un-cliente\/","og_site_name":"CVI NOTICIAS","article_publisher":"https:\/\/www.facebook.com\/cvinoticias","article_published_time":"2021-09-09T00:59:32+00:00","og_image":[{"width":730,"height":411,"url":"https:\/\/cvinoticias.com\/wp-content\/uploads\/2021\/09\/WhatsApp-Image-2021-09-08-at-19.35.20-1-730x411-1.jpeg","type":"image\/jpeg"}],"author":"f1000024","twitter_card":"summary_large_image","twitter_misc":{"Escrito por":"f1000024","Tiempo de lectura":"1 minuto"},"schema":{"@context":"https:\/\/schema.org","@graph":[{"@type":"Article","@id":"https:\/\/cvinoticias.com\/v3\/comerciante-fue-asesinado-luego-de-discutir-con-un-cliente\/#article","isPartOf":{"@id":"https:\/\/cvinoticias.com\/v3\/comerciante-fue-asesinado-luego-de-discutir-con-un-cliente\/"},"author":{"name":"f1000024","@id":"https:\/\/cvinoticias.com\/v3\/#\/schema\/person\/2db77e3c6bc03c538495d7b2b8be9b66"},"headline":"Comerciante fue asesinado luego de discutir con un cliente","datePublished":"2021-09-09T00:59:32+00:00","mainEntityOfPage":{"@id":"https:\/\/cvinoticias.com\/v3\/comerciante-fue-asesinado-luego-de-discutir-con-un-cliente\/"},"wordCount":258,"commentCount":0,"publisher":{"@id":"https:\/\/cvinoticias.com\/v3\/#organization"},"image":{"@id":"https:\/\/cvinoticias.com\/v3\/comerciante-fue-asesinado-luego-de-discutir-con-un-cliente\/#primaryimage"},"thumbnailUrl":"https:\/\/cvinoticias.com\/wp-content\/uploads\/2021\/09\/WhatsApp-Image-2021-09-08-at-19.35.20-1-730x411-1.jpeg","articleSection":["Policiales"],"inLanguage":"es","potentialAction":[{"@type":"CommentAction","name":"Comment","target":["https:\/\/cvinoticias.com\/v3\/comerciante-fue-asesinado-luego-de-discutir-con-un-cliente\/#respond"]}]},{"@type":"WebPage","@id":"https:\/\/cvinoticias.com\/v3\/comerciante-fue-asesinado-luego-de-discutir-con-un-cliente\/","url":"https:\/\/cvinoticias.com\/v3\/comerciante-fue-asesinado-luego-de-discutir-con-un-cliente\/","name":"Comerciante fue asesinado luego de discutir con un cliente | CVI NOTICIAS","isPartOf":{"@id":"https:\/\/cvinoticias.com\/v3\/#website"},"primaryImageOfPage":{"@id":"https:\/\/cvinoticias.com\/v3\/comerciante-fue-asesinado-luego-de-discutir-con-un-cliente\/#primaryimage"},"image":{"@id":"https:\/\/cvinoticias.com\/v3\/comerciante-fue-asesinado-luego-de-discutir-con-un-cliente\/#primaryimage"},"thumbnailUrl":"https:\/\/cvinoticias.com\/wp-content\/uploads\/2021\/09\/WhatsApp-Image-2021-09-08-at-19.35.20-1-730x411-1.jpeg","datePublished":"2021-09-09T00:59:32+00:00","breadcrumb":{"@id":"https:\/\/cvinoticias.com\/v3\/comerciante-fue-asesinado-luego-de-discutir-con-un-cliente\/#breadcrumb"},"inLanguage":"es","potentialAction":[{"@type":"ReadAction","target":["https:\/\/cvinoticias.com\/v3\/comerciante-fue-asesinado-luego-de-discutir-con-un-cliente\/"]}]},{"@type":"ImageObject","inLanguage":"es","@id":"https:\/\/cvinoticias.com\/v3\/comerciante-fue-asesinado-luego-de-discutir-con-un-cliente\/#primaryimage","url":"https:\/\/cvinoticias.com\/wp-content\/uploads\/2021\/09\/WhatsApp-Image-2021-09-08-at-19.35.20-1-730x411-1.jpeg","contentUrl":"https:\/\/cvinoticias.com\/wp-content\/uploads\/2021\/09\/WhatsApp-Image-2021-09-08-at-19.35.20-1-730x411-1.jpeg","width":730,"height":411},{"@type":"BreadcrumbList","@id":"https:\/\/cvinoticias.com\/v3\/comerciante-fue-asesinado-luego-de-discutir-con-un-cliente\/#breadcrumb","itemListElement":[{"@type":"ListItem","position":1,"name":"Portada","item":"https:\/\/cvinoticias.com\/v3\/"},{"@type":"ListItem","position":2,"name":"Comerciante fue asesinado luego de discutir con un cliente"}]},{"@type":"WebSite","@id":"https:\/\/cvinoticias.com\/v3\/#website","url":"https:\/\/cvinoticias.com\/v3\/","name":"CVI NOTICIAS","description":"","publisher":{"@id":"https:\/\/cvinoticias.com\/v3\/#organization"},"alternateName":"CVI","potentialAction":[{"@type":"SearchAction","target":{"@type":"EntryPoint","urlTemplate":"https:\/\/cvinoticias.com\/v3\/?s={search_term_string}"},"query-input":{"@type":"PropertyValueSpecification","valueRequired":true,"valueName":"search_term_string"}}],"inLanguage":"es"},{"@type":"Organization","@id":"https:\/\/cvinoticias.com\/v3\/#organization","name":"CVI NOTICIAS","url":"https:\/\/cvinoticias.com\/v3\/","logo":{"@type":"ImageObject","inLanguage":"es","@id":"https:\/\/cvinoticias.com\/v3\/#\/schema\/logo\/image\/","url":"https:\/\/cvinoticias.com\/wp-content\/uploads\/2023\/04\/cropped-cropped-cropped-cropped-cropped-3-1.png","contentUrl":"https:\/\/cvinoticias.com\/wp-content\/uploads\/2023\/04\/cropped-cropped-cropped-cropped-cropped-3-1.png","width":95,"height":122,"caption":"CVI NOTICIAS"},"image":{"@id":"https:\/\/cvinoticias.com\/v3\/#\/schema\/logo\/image\/"},"sameAs":["https:\/\/www.facebook.com\/cvinoticias","https:\/\/www.instagram.com\/cvinoticias\/","https:\/\/www.youtube.com\/@CVINOTICIAS"]},{"@type":"Person","@id":"https:\/\/cvinoticias.com\/v3\/#\/schema\/person\/2db77e3c6bc03c538495d7b2b8be9b66","name":"f1000024","image":{"@type":"ImageObject","inLanguage":"es","@id":"https:\/\/secure.gravatar.com\/avatar\/d4fe7459cfc51ff5129ce1a732bbef5928568b8092d412ef95611616376bbeed?s=96&d=mm&r=g","url":"https:\/\/secure.gravatar.com\/avatar\/d4fe7459cfc51ff5129ce1a732bbef5928568b8092d412ef95611616376bbeed?s=96&d=mm&r=g","contentUrl":"https:\/\/secure.gravatar.com\/avatar\/d4fe7459cfc51ff5129ce1a732bbef5928568b8092d412ef95611616376bbeed?s=96&d=mm&r=g","caption":"f1000024"},"url":"https:\/\/cvinoticias.com\/v3\/author\/f1000024\/"}]}},"_links":{"self":[{"href":"https:\/\/cvinoticias.com\/v3\/wp-json\/wp\/v2\/posts\/8336","targetHints":{"allow":["GET"]}}],"collection":[{"href":"https:\/\/cvinoticias.com\/v3\/wp-json\/wp\/v2\/posts"}],"about":[{"href":"https:\/\/cvinoticias.com\/v3\/wp-json\/wp\/v2\/types\/post"}],"author":[{"embeddable":true,"href":"https:\/\/cvinoticias.com\/v3\/wp-json\/wp\/v2\/users\/2"}],"replies":[{"embeddable":true,"href":"https:\/\/cvinoticias.com\/v3\/wp-json\/wp\/v2\/comments?post=8336"}],"version-history":[{"count":1,"href":"https:\/\/cvinoticias.com\/v3\/wp-json\/wp\/v2\/posts\/8336\/revisions"}],"predecessor-version":[{"id":8338,"href":"https:\/\/cvinoticias.com\/v3\/wp-json\/wp\/v2\/posts\/8336\/revisions\/8338"}],"wp:featuredmedia":[{"embeddable":true,"href":"https:\/\/cvinoticias.com\/v3\/wp-json\/wp\/v2\/media\/8337"}],"wp:attachment":[{"href":"https:\/\/cvinoticias.com\/v3\/wp-json\/wp\/v2\/media?parent=8336"}],"wp:term":[{"taxonomy":"category","embeddable":true,"href":"https:\/\/cvinoticias.com\/v3\/wp-json\/wp\/v2\/categories?post=8336"},{"taxonomy":"post_tag","embeddable":true,"href":"https:\/\/cvinoticias.com\/v3\/wp-json\/wp\/v2\/tags?post=8336"}],"curies":[{"name":"wp","href":"https:\/\/api.w.org\/{rel}","templated":true}]}}