{"id":8330,"date":"2021-09-08T21:19:37","date_gmt":"2021-09-08T21:19:37","guid":{"rendered":"https:\/\/cvinoticias.com\/v3\/?p=8330"},"modified":"2021-09-08T21:19:37","modified_gmt":"2021-09-08T21:19:37","slug":"un-hombre-violo-a-un-nene-de-3-anos-que-estaba-perdido-en-buenos-aires","status":"publish","type":"post","link":"https:\/\/cvinoticias.com\/v3\/un-hombre-violo-a-un-nene-de-3-anos-que-estaba-perdido-en-buenos-aires\/","title":{"rendered":"Un hombre viol\u00f3 a un nene de 3 a\u00f1os que estaba perdido en Buenos Aires"},"content":{"rendered":"\n<p><strong><em>Un nene de 3 a\u00f1os que se encontraba perdido en el partido bonaerense de San Miguel fue abusado el pasado s\u00e1bado 4 de septiembre por un hombre, identificado como Jos\u00e9 Gonz\u00e1lez. Una c\u00e1mara de seguridad de un supermercado de la zona registr\u00f3 el ataque sexual.<\/em><\/strong><\/p>\n\n\n\n<p>Los videos recopilados por la polic\u00eda muestran el momento en el que un hombre de 60 a\u00f1os se lleva al menor y lo somete sexualmente en medio de la calle. El sospechoso fue identificado y detenido por la Polic\u00eda Municipal de San Miguel.<\/p>\n\n\n\n<p>El ni\u00f1o se perdi\u00f3 cuando su mam\u00e1 del nene fue hasta el kiosco del barrio y, sin que lo advirtiera, el menor sali\u00f3 de la casa a buscarla. Apenas cinco minutos despu\u00e9s, cuando la mujer regres\u00f3 a su casa, se dio cuenta que el ni\u00f1o no estaba y enseguida iniciaron una b\u00fasqueda.<\/p>\n\n\n\n<p>Seg\u00fan fuentes policiales, un vecino encontr\u00f3 al peque\u00f1o llorando a unas cuadras y lo consol\u00f3 hasta que finalmente llegaron sus pap\u00e1s. La madre percibi\u00f3 que algo hab\u00eda pasado y a la ma\u00f1ana siguiente fue hasta un supermercado cercano y pregunt\u00f3 si pod\u00eda mirar las filmaciones de las c\u00e1maras de seguridad.<\/p>\n\n\n\n<p>Las im\u00e1genes mostraban al hombre llevando en brazos a su hijo y atac\u00e1ndolo sexualmente. En otros videos se ve adem\u00e1s c\u00f3mo el nene corr\u00eda sin rumbo y cruzaba la calle despu\u00e9s de haber sido v\u00edctima del ataque sexual. La investigaci\u00f3n del fiscal Mariano Becerra y la polic\u00eda de San Miguel permiti\u00f3 identificar y atrapar al acusado.<\/p>\n\n\n\n<p>En la casa de abusador se encontraron las mismas prendas de vestir que llevaba puestas al momento de cometer el abuso: una campera de cuero negra, un jean azul, un cintur\u00f3n marr\u00f3n y zapatos oscuros.<\/p>\n\n\n\n<p>El nene se perdi\u00f3 cuando su madre fue a un supermercado a comprar una gaseosa. El criminal liber\u00f3 al ni\u00f1o, quien fue rescatado por vecinos. Luego, una investigaci\u00f3n del fiscal Mariano Becerra y la polic\u00eda de San Miguel permiti\u00f3 identificar y atrapar al acusado.<\/p>\n\n\n\n<p>Gonz\u00e1lez enfrenta cargos de hasta 10 a\u00f1os de prisi\u00f3n.<\/p>\n","protected":false},"excerpt":{"rendered":"<p>Un nene de 3 a\u00f1os que se encontraba perdido en el partido bonaerense de San Miguel fue abusado el pasado s\u00e1bado 4 de septiembre por un hombre, identificado como Jos\u00e9 Gonz\u00e1lez. Una c\u00e1mara de seguridad de un supermercado de la zona registr\u00f3 el ataque sexual. Los videos recopilados por la polic\u00eda muestran el momento en [&hellip;]<\/p>\n","protected":false},"author":2,"featured_media":8331,"comment_status":"open","ping_status":"open","sticky":false,"template":"","format":"standard","meta":{"footnotes":""},"categories":[39],"tags":[],"class_list":["post-8330","post","type-post","status-publish","format-standard","has-post-thumbnail","hentry","category-nacionales"],"yoast_head":"<!-- This site is optimized with the Yoast SEO plugin v27.5 - https:\/\/yoast.com\/product\/yoast-seo-wordpress\/ -->\n<title>Un hombre viol\u00f3 a un nene de 3 a\u00f1os que estaba perdido en Buenos Aires | CVI NOTICIAS<\/title>\n<meta name=\"robots\" content=\"index, follow, max-snippet:-1, max-image-preview:large, max-video-preview:-1\" \/>\n<link rel=\"canonical\" href=\"https:\/\/cvinoticias.com\/v3\/un-hombre-violo-a-un-nene-de-3-anos-que-estaba-perdido-en-buenos-aires\/\" \/>\n<meta property=\"og:locale\" content=\"es_ES\" \/>\n<meta property=\"og:type\" content=\"article\" \/>\n<meta property=\"og:title\" content=\"Un hombre viol\u00f3 a un nene de 3 a\u00f1os que estaba perdido en Buenos Aires | CVI NOTICIAS\" \/>\n<meta property=\"og:description\" content=\"Un nene de 3 a\u00f1os que se encontraba perdido en el partido bonaerense de San Miguel fue abusado el pasado s\u00e1bado 4 de septiembre por un hombre, identificado como Jos\u00e9 Gonz\u00e1lez. Una c\u00e1mara de seguridad de un supermercado de la zona registr\u00f3 el ataque sexual. Los videos recopilados por la polic\u00eda muestran el momento en [&hellip;]\" \/>\n<meta property=\"og:url\" content=\"https:\/\/cvinoticias.com\/v3\/un-hombre-violo-a-un-nene-de-3-anos-que-estaba-perdido-en-buenos-aires\/\" \/>\n<meta property=\"og:site_name\" content=\"CVI NOTICIAS\" \/>\n<meta property=\"article:publisher\" content=\"https:\/\/www.facebook.com\/cvinoticias\" \/>\n<meta property=\"article:published_time\" content=\"2021-09-08T21:19:37+00:00\" \/>\n<meta property=\"og:image\" content=\"https:\/\/cvinoticias.com\/wp-content\/uploads\/2021\/09\/Violacion-a-nene.jpg\" \/>\n\t<meta property=\"og:image:width\" content=\"730\" \/>\n\t<meta property=\"og:image:height\" content=\"410\" \/>\n\t<meta property=\"og:image:type\" content=\"image\/jpeg\" \/>\n<meta name=\"author\" content=\"f1000024\" \/>\n<meta name=\"twitter:card\" content=\"summary_large_image\" \/>\n<meta name=\"twitter:label1\" content=\"Escrito por\" \/>\n\t<meta name=\"twitter:data1\" content=\"f1000024\" \/>\n\t<meta name=\"twitter:label2\" content=\"Tiempo de lectura\" \/>\n\t<meta name=\"twitter:data2\" content=\"2 minutos\" \/>\n<script type=\"application\/ld+json\" class=\"yoast-schema-graph\">{\"@context\":\"https:\\\/\\\/schema.org\",\"@graph\":[{\"@type\":\"Article\",\"@id\":\"https:\\\/\\\/cvinoticias.com\\\/v3\\\/un-hombre-violo-a-un-nene-de-3-anos-que-estaba-perdido-en-buenos-aires\\\/#article\",\"isPartOf\":{\"@id\":\"https:\\\/\\\/cvinoticias.com\\\/v3\\\/un-hombre-violo-a-un-nene-de-3-anos-que-estaba-perdido-en-buenos-aires\\\/\"},\"author\":{\"name\":\"f1000024\",\"@id\":\"https:\\\/\\\/cvinoticias.com\\\/v3\\\/#\\\/schema\\\/person\\\/2db77e3c6bc03c538495d7b2b8be9b66\"},\"headline\":\"Un hombre viol\u00f3 a un nene de 3 a\u00f1os que estaba perdido en Buenos Aires\",\"datePublished\":\"2021-09-08T21:19:37+00:00\",\"mainEntityOfPage\":{\"@id\":\"https:\\\/\\\/cvinoticias.com\\\/v3\\\/un-hombre-violo-a-un-nene-de-3-anos-que-estaba-perdido-en-buenos-aires\\\/\"},\"wordCount\":380,\"commentCount\":0,\"publisher\":{\"@id\":\"https:\\\/\\\/cvinoticias.com\\\/v3\\\/#organization\"},\"image\":{\"@id\":\"https:\\\/\\\/cvinoticias.com\\\/v3\\\/un-hombre-violo-a-un-nene-de-3-anos-que-estaba-perdido-en-buenos-aires\\\/#primaryimage\"},\"thumbnailUrl\":\"https:\\\/\\\/cvinoticias.com\\\/wp-content\\\/uploads\\\/2021\\\/09\\\/Violacion-a-nene.jpg\",\"articleSection\":[\"Nacionales\"],\"inLanguage\":\"es\",\"potentialAction\":[{\"@type\":\"CommentAction\",\"name\":\"Comment\",\"target\":[\"https:\\\/\\\/cvinoticias.com\\\/v3\\\/un-hombre-violo-a-un-nene-de-3-anos-que-estaba-perdido-en-buenos-aires\\\/#respond\"]}]},{\"@type\":\"WebPage\",\"@id\":\"https:\\\/\\\/cvinoticias.com\\\/v3\\\/un-hombre-violo-a-un-nene-de-3-anos-que-estaba-perdido-en-buenos-aires\\\/\",\"url\":\"https:\\\/\\\/cvinoticias.com\\\/v3\\\/un-hombre-violo-a-un-nene-de-3-anos-que-estaba-perdido-en-buenos-aires\\\/\",\"name\":\"Un hombre viol\u00f3 a un nene de 3 a\u00f1os que estaba perdido en Buenos Aires | CVI NOTICIAS\",\"isPartOf\":{\"@id\":\"https:\\\/\\\/cvinoticias.com\\\/v3\\\/#website\"},\"primaryImageOfPage\":{\"@id\":\"https:\\\/\\\/cvinoticias.com\\\/v3\\\/un-hombre-violo-a-un-nene-de-3-anos-que-estaba-perdido-en-buenos-aires\\\/#primaryimage\"},\"image\":{\"@id\":\"https:\\\/\\\/cvinoticias.com\\\/v3\\\/un-hombre-violo-a-un-nene-de-3-anos-que-estaba-perdido-en-buenos-aires\\\/#primaryimage\"},\"thumbnailUrl\":\"https:\\\/\\\/cvinoticias.com\\\/wp-content\\\/uploads\\\/2021\\\/09\\\/Violacion-a-nene.jpg\",\"datePublished\":\"2021-09-08T21:19:37+00:00\",\"breadcrumb\":{\"@id\":\"https:\\\/\\\/cvinoticias.com\\\/v3\\\/un-hombre-violo-a-un-nene-de-3-anos-que-estaba-perdido-en-buenos-aires\\\/#breadcrumb\"},\"inLanguage\":\"es\",\"potentialAction\":[{\"@type\":\"ReadAction\",\"target\":[\"https:\\\/\\\/cvinoticias.com\\\/v3\\\/un-hombre-violo-a-un-nene-de-3-anos-que-estaba-perdido-en-buenos-aires\\\/\"]}]},{\"@type\":\"ImageObject\",\"inLanguage\":\"es\",\"@id\":\"https:\\\/\\\/cvinoticias.com\\\/v3\\\/un-hombre-violo-a-un-nene-de-3-anos-que-estaba-perdido-en-buenos-aires\\\/#primaryimage\",\"url\":\"https:\\\/\\\/cvinoticias.com\\\/wp-content\\\/uploads\\\/2021\\\/09\\\/Violacion-a-nene.jpg\",\"contentUrl\":\"https:\\\/\\\/cvinoticias.com\\\/wp-content\\\/uploads\\\/2021\\\/09\\\/Violacion-a-nene.jpg\",\"width\":730,\"height\":410},{\"@type\":\"BreadcrumbList\",\"@id\":\"https:\\\/\\\/cvinoticias.com\\\/v3\\\/un-hombre-violo-a-un-nene-de-3-anos-que-estaba-perdido-en-buenos-aires\\\/#breadcrumb\",\"itemListElement\":[{\"@type\":\"ListItem\",\"position\":1,\"name\":\"Portada\",\"item\":\"https:\\\/\\\/cvinoticias.com\\\/v3\\\/\"},{\"@type\":\"ListItem\",\"position\":2,\"name\":\"Un hombre viol\u00f3 a un nene de 3 a\u00f1os que estaba perdido en Buenos Aires\"}]},{\"@type\":\"WebSite\",\"@id\":\"https:\\\/\\\/cvinoticias.com\\\/v3\\\/#website\",\"url\":\"https:\\\/\\\/cvinoticias.com\\\/v3\\\/\",\"name\":\"CVI NOTICIAS\",\"description\":\"\",\"publisher\":{\"@id\":\"https:\\\/\\\/cvinoticias.com\\\/v3\\\/#organization\"},\"alternateName\":\"CVI\",\"potentialAction\":[{\"@type\":\"SearchAction\",\"target\":{\"@type\":\"EntryPoint\",\"urlTemplate\":\"https:\\\/\\\/cvinoticias.com\\\/v3\\\/?s={search_term_string}\"},\"query-input\":{\"@type\":\"PropertyValueSpecification\",\"valueRequired\":true,\"valueName\":\"search_term_string\"}}],\"inLanguage\":\"es\"},{\"@type\":\"Organization\",\"@id\":\"https:\\\/\\\/cvinoticias.com\\\/v3\\\/#organization\",\"name\":\"CVI NOTICIAS\",\"url\":\"https:\\\/\\\/cvinoticias.com\\\/v3\\\/\",\"logo\":{\"@type\":\"ImageObject\",\"inLanguage\":\"es\",\"@id\":\"https:\\\/\\\/cvinoticias.com\\\/v3\\\/#\\\/schema\\\/logo\\\/image\\\/\",\"url\":\"https:\\\/\\\/cvinoticias.com\\\/wp-content\\\/uploads\\\/2023\\\/04\\\/cropped-cropped-cropped-cropped-cropped-3-1.png\",\"contentUrl\":\"https:\\\/\\\/cvinoticias.com\\\/wp-content\\\/uploads\\\/2023\\\/04\\\/cropped-cropped-cropped-cropped-cropped-3-1.png\",\"width\":95,\"height\":122,\"caption\":\"CVI NOTICIAS\"},\"image\":{\"@id\":\"https:\\\/\\\/cvinoticias.com\\\/v3\\\/#\\\/schema\\\/logo\\\/image\\\/\"},\"sameAs\":[\"https:\\\/\\\/www.facebook.com\\\/cvinoticias\",\"https:\\\/\\\/www.instagram.com\\\/cvinoticias\\\/\",\"https:\\\/\\\/www.youtube.com\\\/@CVINOTICIAS\"]},{\"@type\":\"Person\",\"@id\":\"https:\\\/\\\/cvinoticias.com\\\/v3\\\/#\\\/schema\\\/person\\\/2db77e3c6bc03c538495d7b2b8be9b66\",\"name\":\"f1000024\",\"image\":{\"@type\":\"ImageObject\",\"inLanguage\":\"es\",\"@id\":\"https:\\\/\\\/secure.gravatar.com\\\/avatar\\\/d4fe7459cfc51ff5129ce1a732bbef5928568b8092d412ef95611616376bbeed?s=96&d=mm&r=g\",\"url\":\"https:\\\/\\\/secure.gravatar.com\\\/avatar\\\/d4fe7459cfc51ff5129ce1a732bbef5928568b8092d412ef95611616376bbeed?s=96&d=mm&r=g\",\"contentUrl\":\"https:\\\/\\\/secure.gravatar.com\\\/avatar\\\/d4fe7459cfc51ff5129ce1a732bbef5928568b8092d412ef95611616376bbeed?s=96&d=mm&r=g\",\"caption\":\"f1000024\"},\"url\":\"https:\\\/\\\/cvinoticias.com\\\/v3\\\/author\\\/f1000024\\\/\"}]}<\/script>\n<!-- \/ Yoast SEO plugin. -->","yoast_head_json":{"title":"Un hombre viol\u00f3 a un nene de 3 a\u00f1os que estaba perdido en Buenos Aires | CVI NOTICIAS","robots":{"index":"index","follow":"follow","max-snippet":"max-snippet:-1","max-image-preview":"max-image-preview:large","max-video-preview":"max-video-preview:-1"},"canonical":"https:\/\/cvinoticias.com\/v3\/un-hombre-violo-a-un-nene-de-3-anos-que-estaba-perdido-en-buenos-aires\/","og_locale":"es_ES","og_type":"article","og_title":"Un hombre viol\u00f3 a un nene de 3 a\u00f1os que estaba perdido en Buenos Aires | CVI NOTICIAS","og_description":"Un nene de 3 a\u00f1os que se encontraba perdido en el partido bonaerense de San Miguel fue abusado el pasado s\u00e1bado 4 de septiembre por un hombre, identificado como Jos\u00e9 Gonz\u00e1lez. Una c\u00e1mara de seguridad de un supermercado de la zona registr\u00f3 el ataque sexual. Los videos recopilados por la polic\u00eda muestran el momento en [&hellip;]","og_url":"https:\/\/cvinoticias.com\/v3\/un-hombre-violo-a-un-nene-de-3-anos-que-estaba-perdido-en-buenos-aires\/","og_site_name":"CVI NOTICIAS","article_publisher":"https:\/\/www.facebook.com\/cvinoticias","article_published_time":"2021-09-08T21:19:37+00:00","og_image":[{"width":730,"height":410,"url":"https:\/\/cvinoticias.com\/wp-content\/uploads\/2021\/09\/Violacion-a-nene.jpg","type":"image\/jpeg"}],"author":"f1000024","twitter_card":"summary_large_image","twitter_misc":{"Escrito por":"f1000024","Tiempo de lectura":"2 minutos"},"schema":{"@context":"https:\/\/schema.org","@graph":[{"@type":"Article","@id":"https:\/\/cvinoticias.com\/v3\/un-hombre-violo-a-un-nene-de-3-anos-que-estaba-perdido-en-buenos-aires\/#article","isPartOf":{"@id":"https:\/\/cvinoticias.com\/v3\/un-hombre-violo-a-un-nene-de-3-anos-que-estaba-perdido-en-buenos-aires\/"},"author":{"name":"f1000024","@id":"https:\/\/cvinoticias.com\/v3\/#\/schema\/person\/2db77e3c6bc03c538495d7b2b8be9b66"},"headline":"Un hombre viol\u00f3 a un nene de 3 a\u00f1os que estaba perdido en Buenos Aires","datePublished":"2021-09-08T21:19:37+00:00","mainEntityOfPage":{"@id":"https:\/\/cvinoticias.com\/v3\/un-hombre-violo-a-un-nene-de-3-anos-que-estaba-perdido-en-buenos-aires\/"},"wordCount":380,"commentCount":0,"publisher":{"@id":"https:\/\/cvinoticias.com\/v3\/#organization"},"image":{"@id":"https:\/\/cvinoticias.com\/v3\/un-hombre-violo-a-un-nene-de-3-anos-que-estaba-perdido-en-buenos-aires\/#primaryimage"},"thumbnailUrl":"https:\/\/cvinoticias.com\/wp-content\/uploads\/2021\/09\/Violacion-a-nene.jpg","articleSection":["Nacionales"],"inLanguage":"es","potentialAction":[{"@type":"CommentAction","name":"Comment","target":["https:\/\/cvinoticias.com\/v3\/un-hombre-violo-a-un-nene-de-3-anos-que-estaba-perdido-en-buenos-aires\/#respond"]}]},{"@type":"WebPage","@id":"https:\/\/cvinoticias.com\/v3\/un-hombre-violo-a-un-nene-de-3-anos-que-estaba-perdido-en-buenos-aires\/","url":"https:\/\/cvinoticias.com\/v3\/un-hombre-violo-a-un-nene-de-3-anos-que-estaba-perdido-en-buenos-aires\/","name":"Un hombre viol\u00f3 a un nene de 3 a\u00f1os que estaba perdido en Buenos Aires | CVI NOTICIAS","isPartOf":{"@id":"https:\/\/cvinoticias.com\/v3\/#website"},"primaryImageOfPage":{"@id":"https:\/\/cvinoticias.com\/v3\/un-hombre-violo-a-un-nene-de-3-anos-que-estaba-perdido-en-buenos-aires\/#primaryimage"},"image":{"@id":"https:\/\/cvinoticias.com\/v3\/un-hombre-violo-a-un-nene-de-3-anos-que-estaba-perdido-en-buenos-aires\/#primaryimage"},"thumbnailUrl":"https:\/\/cvinoticias.com\/wp-content\/uploads\/2021\/09\/Violacion-a-nene.jpg","datePublished":"2021-09-08T21:19:37+00:00","breadcrumb":{"@id":"https:\/\/cvinoticias.com\/v3\/un-hombre-violo-a-un-nene-de-3-anos-que-estaba-perdido-en-buenos-aires\/#breadcrumb"},"inLanguage":"es","potentialAction":[{"@type":"ReadAction","target":["https:\/\/cvinoticias.com\/v3\/un-hombre-violo-a-un-nene-de-3-anos-que-estaba-perdido-en-buenos-aires\/"]}]},{"@type":"ImageObject","inLanguage":"es","@id":"https:\/\/cvinoticias.com\/v3\/un-hombre-violo-a-un-nene-de-3-anos-que-estaba-perdido-en-buenos-aires\/#primaryimage","url":"https:\/\/cvinoticias.com\/wp-content\/uploads\/2021\/09\/Violacion-a-nene.jpg","contentUrl":"https:\/\/cvinoticias.com\/wp-content\/uploads\/2021\/09\/Violacion-a-nene.jpg","width":730,"height":410},{"@type":"BreadcrumbList","@id":"https:\/\/cvinoticias.com\/v3\/un-hombre-violo-a-un-nene-de-3-anos-que-estaba-perdido-en-buenos-aires\/#breadcrumb","itemListElement":[{"@type":"ListItem","position":1,"name":"Portada","item":"https:\/\/cvinoticias.com\/v3\/"},{"@type":"ListItem","position":2,"name":"Un hombre viol\u00f3 a un nene de 3 a\u00f1os que estaba perdido en Buenos Aires"}]},{"@type":"WebSite","@id":"https:\/\/cvinoticias.com\/v3\/#website","url":"https:\/\/cvinoticias.com\/v3\/","name":"CVI NOTICIAS","description":"","publisher":{"@id":"https:\/\/cvinoticias.com\/v3\/#organization"},"alternateName":"CVI","potentialAction":[{"@type":"SearchAction","target":{"@type":"EntryPoint","urlTemplate":"https:\/\/cvinoticias.com\/v3\/?s={search_term_string}"},"query-input":{"@type":"PropertyValueSpecification","valueRequired":true,"valueName":"search_term_string"}}],"inLanguage":"es"},{"@type":"Organization","@id":"https:\/\/cvinoticias.com\/v3\/#organization","name":"CVI NOTICIAS","url":"https:\/\/cvinoticias.com\/v3\/","logo":{"@type":"ImageObject","inLanguage":"es","@id":"https:\/\/cvinoticias.com\/v3\/#\/schema\/logo\/image\/","url":"https:\/\/cvinoticias.com\/wp-content\/uploads\/2023\/04\/cropped-cropped-cropped-cropped-cropped-3-1.png","contentUrl":"https:\/\/cvinoticias.com\/wp-content\/uploads\/2023\/04\/cropped-cropped-cropped-cropped-cropped-3-1.png","width":95,"height":122,"caption":"CVI NOTICIAS"},"image":{"@id":"https:\/\/cvinoticias.com\/v3\/#\/schema\/logo\/image\/"},"sameAs":["https:\/\/www.facebook.com\/cvinoticias","https:\/\/www.instagram.com\/cvinoticias\/","https:\/\/www.youtube.com\/@CVINOTICIAS"]},{"@type":"Person","@id":"https:\/\/cvinoticias.com\/v3\/#\/schema\/person\/2db77e3c6bc03c538495d7b2b8be9b66","name":"f1000024","image":{"@type":"ImageObject","inLanguage":"es","@id":"https:\/\/secure.gravatar.com\/avatar\/d4fe7459cfc51ff5129ce1a732bbef5928568b8092d412ef95611616376bbeed?s=96&d=mm&r=g","url":"https:\/\/secure.gravatar.com\/avatar\/d4fe7459cfc51ff5129ce1a732bbef5928568b8092d412ef95611616376bbeed?s=96&d=mm&r=g","contentUrl":"https:\/\/secure.gravatar.com\/avatar\/d4fe7459cfc51ff5129ce1a732bbef5928568b8092d412ef95611616376bbeed?s=96&d=mm&r=g","caption":"f1000024"},"url":"https:\/\/cvinoticias.com\/v3\/author\/f1000024\/"}]}},"_links":{"self":[{"href":"https:\/\/cvinoticias.com\/v3\/wp-json\/wp\/v2\/posts\/8330","targetHints":{"allow":["GET"]}}],"collection":[{"href":"https:\/\/cvinoticias.com\/v3\/wp-json\/wp\/v2\/posts"}],"about":[{"href":"https:\/\/cvinoticias.com\/v3\/wp-json\/wp\/v2\/types\/post"}],"author":[{"embeddable":true,"href":"https:\/\/cvinoticias.com\/v3\/wp-json\/wp\/v2\/users\/2"}],"replies":[{"embeddable":true,"href":"https:\/\/cvinoticias.com\/v3\/wp-json\/wp\/v2\/comments?post=8330"}],"version-history":[{"count":1,"href":"https:\/\/cvinoticias.com\/v3\/wp-json\/wp\/v2\/posts\/8330\/revisions"}],"predecessor-version":[{"id":8332,"href":"https:\/\/cvinoticias.com\/v3\/wp-json\/wp\/v2\/posts\/8330\/revisions\/8332"}],"wp:featuredmedia":[{"embeddable":true,"href":"https:\/\/cvinoticias.com\/v3\/wp-json\/wp\/v2\/media\/8331"}],"wp:attachment":[{"href":"https:\/\/cvinoticias.com\/v3\/wp-json\/wp\/v2\/media?parent=8330"}],"wp:term":[{"taxonomy":"category","embeddable":true,"href":"https:\/\/cvinoticias.com\/v3\/wp-json\/wp\/v2\/categories?post=8330"},{"taxonomy":"post_tag","embeddable":true,"href":"https:\/\/cvinoticias.com\/v3\/wp-json\/wp\/v2\/tags?post=8330"}],"curies":[{"name":"wp","href":"https:\/\/api.w.org\/{rel}","templated":true}]}}