{"id":8312,"date":"2021-09-07T18:55:26","date_gmt":"2021-09-07T18:55:26","guid":{"rendered":"https:\/\/cvinoticias.com\/v3\/?p=8312"},"modified":"2021-09-07T18:55:26","modified_gmt":"2021-09-07T18:55:26","slug":"las-paso-en-misiones-iniciaron-la-distribucion-de-las-2-760-urnas","status":"publish","type":"post","link":"https:\/\/cvinoticias.com\/v3\/las-paso-en-misiones-iniciaron-la-distribucion-de-las-2-760-urnas\/","title":{"rendered":"Las PASO en Misiones: Iniciaron la distribuci\u00f3n de las 2.760 urnas"},"content":{"rendered":"\n<p><strong><em>459 ser\u00e1n los locales de votaci\u00f3n que estar\u00e1n distribuidos en los municipios de la provincia, con el fin de que voten un total de 948.703 electores misioneros habilitados en el padr\u00f3n.<\/em><\/strong><\/p>\n\n\n\n<p>Comenz\u00f3 en las \u00faltimas horas el movimiento de las urnas para lo que ser\u00e1n las pr\u00f3ximas elecciones primarias abiertas, simult\u00e1neas y obligatorias (Paso) del domingo 12 de septiembre.<br><br>El encargado del operativo de seguridad es el Comando Electoral que realiza el reparto del material desde el Parque del Conocimiento hacia los 459 centros de votaci\u00f3n.<br><br>416 urnas ser\u00e1n entregadas por ruta 12 hasta Eldorado, incluyendo Candelaria, Santa Ana, San Ignacio, Santo Pip\u00f3, Gobernador Roca, Jard\u00edn Am\u00e9rica, Capiov\u00ed, Montecarlo, Puerto Piray y Puerto Rico adem\u00e1s de los municipios aleda\u00f1os; el segundo saldr\u00e1 hoy con destino a Esperanza, Wanda, Libertad, Iguaz\u00fa y Andresito; el tercer cami\u00f3n llevar\u00e1 el material electoral por ruta 14, a las localidades de San Pedro, Irigoyen, Dos de Mayo, San Vicente, El Soberbio y Arist\u00f3bulo del Valle; el cuarto cami\u00f3n repartir\u00e1 las urnas en Alem, San Javier, Concepci\u00f3n de la Sierra, Ap\u00f3stoles, Cerro Azul y San Jos\u00e9; mientras que el quinto cami\u00f3n recorrer\u00e1 las zonas de Ober\u00e1, Campo Viera, Campo Grande y Alba Posse. La ciudad capital ser\u00e1 la \u00faltima donde se desplegar\u00e1 el operativo.<br><br>En esta oportunidad, ser\u00e1n 2.760 las mesas y 459 los locales de votaci\u00f3n que estar\u00e1n distribuidos en los municipios de la provincia, con el fin de que voten un total de 948.703 electores misioneros habilitados en el padr\u00f3n. El horario de elecciones ser\u00e1 de 8 a 18, ya que no se dispuso desde la C\u00e1mara Nacional Electoral (CNE) una ampliaci\u00f3n horaria. Al mismo tiempo, se estableci\u00f3 que entre las 10.30 y las 12.30 los grupos catalogados de riesgo como tambi\u00e9n las personas mayores de 60 a\u00f1os tendr\u00e1n prioridad para ejercer el voto en ese horario.<\/p>\n","protected":false},"excerpt":{"rendered":"<p>459 ser\u00e1n los locales de votaci\u00f3n que estar\u00e1n distribuidos en los municipios de la provincia, con el fin de que voten un total de 948.703 electores misioneros habilitados en el padr\u00f3n. Comenz\u00f3 en las \u00faltimas horas el movimiento de las urnas para lo que ser\u00e1n las pr\u00f3ximas elecciones primarias abiertas, simult\u00e1neas y obligatorias (Paso) del [&hellip;]<\/p>\n","protected":false},"author":2,"featured_media":8313,"comment_status":"open","ping_status":"open","sticky":false,"template":"","format":"standard","meta":{"footnotes":""},"categories":[42],"tags":[],"class_list":["post-8312","post","type-post","status-publish","format-standard","has-post-thumbnail","hentry","category-politica"],"yoast_head":"<!-- This site is optimized with the Yoast SEO plugin v27.5 - https:\/\/yoast.com\/product\/yoast-seo-wordpress\/ -->\n<title>Las PASO en Misiones: Iniciaron la distribuci\u00f3n de las 2.760 urnas | CVI NOTICIAS<\/title>\n<meta name=\"robots\" content=\"index, follow, max-snippet:-1, max-image-preview:large, max-video-preview:-1\" \/>\n<link rel=\"canonical\" href=\"https:\/\/cvinoticias.com\/v3\/las-paso-en-misiones-iniciaron-la-distribucion-de-las-2-760-urnas\/\" \/>\n<meta property=\"og:locale\" content=\"es_ES\" \/>\n<meta property=\"og:type\" content=\"article\" \/>\n<meta property=\"og:title\" content=\"Las PASO en Misiones: Iniciaron la distribuci\u00f3n de las 2.760 urnas | CVI NOTICIAS\" \/>\n<meta property=\"og:description\" content=\"459 ser\u00e1n los locales de votaci\u00f3n que estar\u00e1n distribuidos en los municipios de la provincia, con el fin de que voten un total de 948.703 electores misioneros habilitados en el padr\u00f3n. Comenz\u00f3 en las \u00faltimas horas el movimiento de las urnas para lo que ser\u00e1n las pr\u00f3ximas elecciones primarias abiertas, simult\u00e1neas y obligatorias (Paso) del [&hellip;]\" \/>\n<meta property=\"og:url\" content=\"https:\/\/cvinoticias.com\/v3\/las-paso-en-misiones-iniciaron-la-distribucion-de-las-2-760-urnas\/\" \/>\n<meta property=\"og:site_name\" content=\"CVI NOTICIAS\" \/>\n<meta property=\"article:publisher\" content=\"https:\/\/www.facebook.com\/cvinoticias\" \/>\n<meta property=\"article:published_time\" content=\"2021-09-07T18:55:26+00:00\" \/>\n<meta property=\"og:image\" content=\"https:\/\/cvinoticias.com\/wp-content\/uploads\/2021\/09\/f17dfeTrasladoUrnas.jpg\" \/>\n\t<meta property=\"og:image:width\" content=\"1200\" \/>\n\t<meta property=\"og:image:height\" content=\"800\" \/>\n\t<meta property=\"og:image:type\" content=\"image\/jpeg\" \/>\n<meta name=\"author\" content=\"f1000024\" \/>\n<meta name=\"twitter:card\" content=\"summary_large_image\" \/>\n<meta name=\"twitter:label1\" content=\"Escrito por\" \/>\n\t<meta name=\"twitter:data1\" content=\"f1000024\" \/>\n\t<meta name=\"twitter:label2\" content=\"Tiempo de lectura\" \/>\n\t<meta name=\"twitter:data2\" content=\"2 minutos\" \/>\n<script type=\"application\/ld+json\" class=\"yoast-schema-graph\">{\"@context\":\"https:\\\/\\\/schema.org\",\"@graph\":[{\"@type\":\"Article\",\"@id\":\"https:\\\/\\\/cvinoticias.com\\\/v3\\\/las-paso-en-misiones-iniciaron-la-distribucion-de-las-2-760-urnas\\\/#article\",\"isPartOf\":{\"@id\":\"https:\\\/\\\/cvinoticias.com\\\/v3\\\/las-paso-en-misiones-iniciaron-la-distribucion-de-las-2-760-urnas\\\/\"},\"author\":{\"name\":\"f1000024\",\"@id\":\"https:\\\/\\\/cvinoticias.com\\\/v3\\\/#\\\/schema\\\/person\\\/2db77e3c6bc03c538495d7b2b8be9b66\"},\"headline\":\"Las PASO en Misiones: Iniciaron la distribuci\u00f3n de las 2.760 urnas\",\"datePublished\":\"2021-09-07T18:55:26+00:00\",\"mainEntityOfPage\":{\"@id\":\"https:\\\/\\\/cvinoticias.com\\\/v3\\\/las-paso-en-misiones-iniciaron-la-distribucion-de-las-2-760-urnas\\\/\"},\"wordCount\":327,\"commentCount\":0,\"publisher\":{\"@id\":\"https:\\\/\\\/cvinoticias.com\\\/v3\\\/#organization\"},\"image\":{\"@id\":\"https:\\\/\\\/cvinoticias.com\\\/v3\\\/las-paso-en-misiones-iniciaron-la-distribucion-de-las-2-760-urnas\\\/#primaryimage\"},\"thumbnailUrl\":\"https:\\\/\\\/cvinoticias.com\\\/wp-content\\\/uploads\\\/2021\\\/09\\\/f17dfeTrasladoUrnas.jpg\",\"articleSection\":[\"Politica\"],\"inLanguage\":\"es\",\"potentialAction\":[{\"@type\":\"CommentAction\",\"name\":\"Comment\",\"target\":[\"https:\\\/\\\/cvinoticias.com\\\/v3\\\/las-paso-en-misiones-iniciaron-la-distribucion-de-las-2-760-urnas\\\/#respond\"]}]},{\"@type\":\"WebPage\",\"@id\":\"https:\\\/\\\/cvinoticias.com\\\/v3\\\/las-paso-en-misiones-iniciaron-la-distribucion-de-las-2-760-urnas\\\/\",\"url\":\"https:\\\/\\\/cvinoticias.com\\\/v3\\\/las-paso-en-misiones-iniciaron-la-distribucion-de-las-2-760-urnas\\\/\",\"name\":\"Las PASO en Misiones: Iniciaron la distribuci\u00f3n de las 2.760 urnas | CVI NOTICIAS\",\"isPartOf\":{\"@id\":\"https:\\\/\\\/cvinoticias.com\\\/v3\\\/#website\"},\"primaryImageOfPage\":{\"@id\":\"https:\\\/\\\/cvinoticias.com\\\/v3\\\/las-paso-en-misiones-iniciaron-la-distribucion-de-las-2-760-urnas\\\/#primaryimage\"},\"image\":{\"@id\":\"https:\\\/\\\/cvinoticias.com\\\/v3\\\/las-paso-en-misiones-iniciaron-la-distribucion-de-las-2-760-urnas\\\/#primaryimage\"},\"thumbnailUrl\":\"https:\\\/\\\/cvinoticias.com\\\/wp-content\\\/uploads\\\/2021\\\/09\\\/f17dfeTrasladoUrnas.jpg\",\"datePublished\":\"2021-09-07T18:55:26+00:00\",\"breadcrumb\":{\"@id\":\"https:\\\/\\\/cvinoticias.com\\\/v3\\\/las-paso-en-misiones-iniciaron-la-distribucion-de-las-2-760-urnas\\\/#breadcrumb\"},\"inLanguage\":\"es\",\"potentialAction\":[{\"@type\":\"ReadAction\",\"target\":[\"https:\\\/\\\/cvinoticias.com\\\/v3\\\/las-paso-en-misiones-iniciaron-la-distribucion-de-las-2-760-urnas\\\/\"]}]},{\"@type\":\"ImageObject\",\"inLanguage\":\"es\",\"@id\":\"https:\\\/\\\/cvinoticias.com\\\/v3\\\/las-paso-en-misiones-iniciaron-la-distribucion-de-las-2-760-urnas\\\/#primaryimage\",\"url\":\"https:\\\/\\\/cvinoticias.com\\\/wp-content\\\/uploads\\\/2021\\\/09\\\/f17dfeTrasladoUrnas.jpg\",\"contentUrl\":\"https:\\\/\\\/cvinoticias.com\\\/wp-content\\\/uploads\\\/2021\\\/09\\\/f17dfeTrasladoUrnas.jpg\",\"width\":1200,\"height\":800},{\"@type\":\"BreadcrumbList\",\"@id\":\"https:\\\/\\\/cvinoticias.com\\\/v3\\\/las-paso-en-misiones-iniciaron-la-distribucion-de-las-2-760-urnas\\\/#breadcrumb\",\"itemListElement\":[{\"@type\":\"ListItem\",\"position\":1,\"name\":\"Portada\",\"item\":\"https:\\\/\\\/cvinoticias.com\\\/v3\\\/\"},{\"@type\":\"ListItem\",\"position\":2,\"name\":\"Las PASO en Misiones: Iniciaron la distribuci\u00f3n de las 2.760 urnas\"}]},{\"@type\":\"WebSite\",\"@id\":\"https:\\\/\\\/cvinoticias.com\\\/v3\\\/#website\",\"url\":\"https:\\\/\\\/cvinoticias.com\\\/v3\\\/\",\"name\":\"CVI NOTICIAS\",\"description\":\"\",\"publisher\":{\"@id\":\"https:\\\/\\\/cvinoticias.com\\\/v3\\\/#organization\"},\"alternateName\":\"CVI\",\"potentialAction\":[{\"@type\":\"SearchAction\",\"target\":{\"@type\":\"EntryPoint\",\"urlTemplate\":\"https:\\\/\\\/cvinoticias.com\\\/v3\\\/?s={search_term_string}\"},\"query-input\":{\"@type\":\"PropertyValueSpecification\",\"valueRequired\":true,\"valueName\":\"search_term_string\"}}],\"inLanguage\":\"es\"},{\"@type\":\"Organization\",\"@id\":\"https:\\\/\\\/cvinoticias.com\\\/v3\\\/#organization\",\"name\":\"CVI NOTICIAS\",\"url\":\"https:\\\/\\\/cvinoticias.com\\\/v3\\\/\",\"logo\":{\"@type\":\"ImageObject\",\"inLanguage\":\"es\",\"@id\":\"https:\\\/\\\/cvinoticias.com\\\/v3\\\/#\\\/schema\\\/logo\\\/image\\\/\",\"url\":\"https:\\\/\\\/cvinoticias.com\\\/wp-content\\\/uploads\\\/2023\\\/04\\\/cropped-cropped-cropped-cropped-cropped-3-1.png\",\"contentUrl\":\"https:\\\/\\\/cvinoticias.com\\\/wp-content\\\/uploads\\\/2023\\\/04\\\/cropped-cropped-cropped-cropped-cropped-3-1.png\",\"width\":95,\"height\":122,\"caption\":\"CVI NOTICIAS\"},\"image\":{\"@id\":\"https:\\\/\\\/cvinoticias.com\\\/v3\\\/#\\\/schema\\\/logo\\\/image\\\/\"},\"sameAs\":[\"https:\\\/\\\/www.facebook.com\\\/cvinoticias\",\"https:\\\/\\\/www.instagram.com\\\/cvinoticias\\\/\",\"https:\\\/\\\/www.youtube.com\\\/@CVINOTICIAS\"]},{\"@type\":\"Person\",\"@id\":\"https:\\\/\\\/cvinoticias.com\\\/v3\\\/#\\\/schema\\\/person\\\/2db77e3c6bc03c538495d7b2b8be9b66\",\"name\":\"f1000024\",\"image\":{\"@type\":\"ImageObject\",\"inLanguage\":\"es\",\"@id\":\"https:\\\/\\\/secure.gravatar.com\\\/avatar\\\/d4fe7459cfc51ff5129ce1a732bbef5928568b8092d412ef95611616376bbeed?s=96&d=mm&r=g\",\"url\":\"https:\\\/\\\/secure.gravatar.com\\\/avatar\\\/d4fe7459cfc51ff5129ce1a732bbef5928568b8092d412ef95611616376bbeed?s=96&d=mm&r=g\",\"contentUrl\":\"https:\\\/\\\/secure.gravatar.com\\\/avatar\\\/d4fe7459cfc51ff5129ce1a732bbef5928568b8092d412ef95611616376bbeed?s=96&d=mm&r=g\",\"caption\":\"f1000024\"},\"url\":\"https:\\\/\\\/cvinoticias.com\\\/v3\\\/author\\\/f1000024\\\/\"}]}<\/script>\n<!-- \/ Yoast SEO plugin. -->","yoast_head_json":{"title":"Las PASO en Misiones: Iniciaron la distribuci\u00f3n de las 2.760 urnas | CVI NOTICIAS","robots":{"index":"index","follow":"follow","max-snippet":"max-snippet:-1","max-image-preview":"max-image-preview:large","max-video-preview":"max-video-preview:-1"},"canonical":"https:\/\/cvinoticias.com\/v3\/las-paso-en-misiones-iniciaron-la-distribucion-de-las-2-760-urnas\/","og_locale":"es_ES","og_type":"article","og_title":"Las PASO en Misiones: Iniciaron la distribuci\u00f3n de las 2.760 urnas | CVI NOTICIAS","og_description":"459 ser\u00e1n los locales de votaci\u00f3n que estar\u00e1n distribuidos en los municipios de la provincia, con el fin de que voten un total de 948.703 electores misioneros habilitados en el padr\u00f3n. Comenz\u00f3 en las \u00faltimas horas el movimiento de las urnas para lo que ser\u00e1n las pr\u00f3ximas elecciones primarias abiertas, simult\u00e1neas y obligatorias (Paso) del [&hellip;]","og_url":"https:\/\/cvinoticias.com\/v3\/las-paso-en-misiones-iniciaron-la-distribucion-de-las-2-760-urnas\/","og_site_name":"CVI NOTICIAS","article_publisher":"https:\/\/www.facebook.com\/cvinoticias","article_published_time":"2021-09-07T18:55:26+00:00","og_image":[{"width":1200,"height":800,"url":"https:\/\/cvinoticias.com\/wp-content\/uploads\/2021\/09\/f17dfeTrasladoUrnas.jpg","type":"image\/jpeg"}],"author":"f1000024","twitter_card":"summary_large_image","twitter_misc":{"Escrito por":"f1000024","Tiempo de lectura":"2 minutos"},"schema":{"@context":"https:\/\/schema.org","@graph":[{"@type":"Article","@id":"https:\/\/cvinoticias.com\/v3\/las-paso-en-misiones-iniciaron-la-distribucion-de-las-2-760-urnas\/#article","isPartOf":{"@id":"https:\/\/cvinoticias.com\/v3\/las-paso-en-misiones-iniciaron-la-distribucion-de-las-2-760-urnas\/"},"author":{"name":"f1000024","@id":"https:\/\/cvinoticias.com\/v3\/#\/schema\/person\/2db77e3c6bc03c538495d7b2b8be9b66"},"headline":"Las PASO en Misiones: Iniciaron la distribuci\u00f3n de las 2.760 urnas","datePublished":"2021-09-07T18:55:26+00:00","mainEntityOfPage":{"@id":"https:\/\/cvinoticias.com\/v3\/las-paso-en-misiones-iniciaron-la-distribucion-de-las-2-760-urnas\/"},"wordCount":327,"commentCount":0,"publisher":{"@id":"https:\/\/cvinoticias.com\/v3\/#organization"},"image":{"@id":"https:\/\/cvinoticias.com\/v3\/las-paso-en-misiones-iniciaron-la-distribucion-de-las-2-760-urnas\/#primaryimage"},"thumbnailUrl":"https:\/\/cvinoticias.com\/wp-content\/uploads\/2021\/09\/f17dfeTrasladoUrnas.jpg","articleSection":["Politica"],"inLanguage":"es","potentialAction":[{"@type":"CommentAction","name":"Comment","target":["https:\/\/cvinoticias.com\/v3\/las-paso-en-misiones-iniciaron-la-distribucion-de-las-2-760-urnas\/#respond"]}]},{"@type":"WebPage","@id":"https:\/\/cvinoticias.com\/v3\/las-paso-en-misiones-iniciaron-la-distribucion-de-las-2-760-urnas\/","url":"https:\/\/cvinoticias.com\/v3\/las-paso-en-misiones-iniciaron-la-distribucion-de-las-2-760-urnas\/","name":"Las PASO en Misiones: Iniciaron la distribuci\u00f3n de las 2.760 urnas | CVI NOTICIAS","isPartOf":{"@id":"https:\/\/cvinoticias.com\/v3\/#website"},"primaryImageOfPage":{"@id":"https:\/\/cvinoticias.com\/v3\/las-paso-en-misiones-iniciaron-la-distribucion-de-las-2-760-urnas\/#primaryimage"},"image":{"@id":"https:\/\/cvinoticias.com\/v3\/las-paso-en-misiones-iniciaron-la-distribucion-de-las-2-760-urnas\/#primaryimage"},"thumbnailUrl":"https:\/\/cvinoticias.com\/wp-content\/uploads\/2021\/09\/f17dfeTrasladoUrnas.jpg","datePublished":"2021-09-07T18:55:26+00:00","breadcrumb":{"@id":"https:\/\/cvinoticias.com\/v3\/las-paso-en-misiones-iniciaron-la-distribucion-de-las-2-760-urnas\/#breadcrumb"},"inLanguage":"es","potentialAction":[{"@type":"ReadAction","target":["https:\/\/cvinoticias.com\/v3\/las-paso-en-misiones-iniciaron-la-distribucion-de-las-2-760-urnas\/"]}]},{"@type":"ImageObject","inLanguage":"es","@id":"https:\/\/cvinoticias.com\/v3\/las-paso-en-misiones-iniciaron-la-distribucion-de-las-2-760-urnas\/#primaryimage","url":"https:\/\/cvinoticias.com\/wp-content\/uploads\/2021\/09\/f17dfeTrasladoUrnas.jpg","contentUrl":"https:\/\/cvinoticias.com\/wp-content\/uploads\/2021\/09\/f17dfeTrasladoUrnas.jpg","width":1200,"height":800},{"@type":"BreadcrumbList","@id":"https:\/\/cvinoticias.com\/v3\/las-paso-en-misiones-iniciaron-la-distribucion-de-las-2-760-urnas\/#breadcrumb","itemListElement":[{"@type":"ListItem","position":1,"name":"Portada","item":"https:\/\/cvinoticias.com\/v3\/"},{"@type":"ListItem","position":2,"name":"Las PASO en Misiones: Iniciaron la distribuci\u00f3n de las 2.760 urnas"}]},{"@type":"WebSite","@id":"https:\/\/cvinoticias.com\/v3\/#website","url":"https:\/\/cvinoticias.com\/v3\/","name":"CVI NOTICIAS","description":"","publisher":{"@id":"https:\/\/cvinoticias.com\/v3\/#organization"},"alternateName":"CVI","potentialAction":[{"@type":"SearchAction","target":{"@type":"EntryPoint","urlTemplate":"https:\/\/cvinoticias.com\/v3\/?s={search_term_string}"},"query-input":{"@type":"PropertyValueSpecification","valueRequired":true,"valueName":"search_term_string"}}],"inLanguage":"es"},{"@type":"Organization","@id":"https:\/\/cvinoticias.com\/v3\/#organization","name":"CVI NOTICIAS","url":"https:\/\/cvinoticias.com\/v3\/","logo":{"@type":"ImageObject","inLanguage":"es","@id":"https:\/\/cvinoticias.com\/v3\/#\/schema\/logo\/image\/","url":"https:\/\/cvinoticias.com\/wp-content\/uploads\/2023\/04\/cropped-cropped-cropped-cropped-cropped-3-1.png","contentUrl":"https:\/\/cvinoticias.com\/wp-content\/uploads\/2023\/04\/cropped-cropped-cropped-cropped-cropped-3-1.png","width":95,"height":122,"caption":"CVI NOTICIAS"},"image":{"@id":"https:\/\/cvinoticias.com\/v3\/#\/schema\/logo\/image\/"},"sameAs":["https:\/\/www.facebook.com\/cvinoticias","https:\/\/www.instagram.com\/cvinoticias\/","https:\/\/www.youtube.com\/@CVINOTICIAS"]},{"@type":"Person","@id":"https:\/\/cvinoticias.com\/v3\/#\/schema\/person\/2db77e3c6bc03c538495d7b2b8be9b66","name":"f1000024","image":{"@type":"ImageObject","inLanguage":"es","@id":"https:\/\/secure.gravatar.com\/avatar\/d4fe7459cfc51ff5129ce1a732bbef5928568b8092d412ef95611616376bbeed?s=96&d=mm&r=g","url":"https:\/\/secure.gravatar.com\/avatar\/d4fe7459cfc51ff5129ce1a732bbef5928568b8092d412ef95611616376bbeed?s=96&d=mm&r=g","contentUrl":"https:\/\/secure.gravatar.com\/avatar\/d4fe7459cfc51ff5129ce1a732bbef5928568b8092d412ef95611616376bbeed?s=96&d=mm&r=g","caption":"f1000024"},"url":"https:\/\/cvinoticias.com\/v3\/author\/f1000024\/"}]}},"_links":{"self":[{"href":"https:\/\/cvinoticias.com\/v3\/wp-json\/wp\/v2\/posts\/8312","targetHints":{"allow":["GET"]}}],"collection":[{"href":"https:\/\/cvinoticias.com\/v3\/wp-json\/wp\/v2\/posts"}],"about":[{"href":"https:\/\/cvinoticias.com\/v3\/wp-json\/wp\/v2\/types\/post"}],"author":[{"embeddable":true,"href":"https:\/\/cvinoticias.com\/v3\/wp-json\/wp\/v2\/users\/2"}],"replies":[{"embeddable":true,"href":"https:\/\/cvinoticias.com\/v3\/wp-json\/wp\/v2\/comments?post=8312"}],"version-history":[{"count":1,"href":"https:\/\/cvinoticias.com\/v3\/wp-json\/wp\/v2\/posts\/8312\/revisions"}],"predecessor-version":[{"id":8314,"href":"https:\/\/cvinoticias.com\/v3\/wp-json\/wp\/v2\/posts\/8312\/revisions\/8314"}],"wp:featuredmedia":[{"embeddable":true,"href":"https:\/\/cvinoticias.com\/v3\/wp-json\/wp\/v2\/media\/8313"}],"wp:attachment":[{"href":"https:\/\/cvinoticias.com\/v3\/wp-json\/wp\/v2\/media?parent=8312"}],"wp:term":[{"taxonomy":"category","embeddable":true,"href":"https:\/\/cvinoticias.com\/v3\/wp-json\/wp\/v2\/categories?post=8312"},{"taxonomy":"post_tag","embeddable":true,"href":"https:\/\/cvinoticias.com\/v3\/wp-json\/wp\/v2\/tags?post=8312"}],"curies":[{"name":"wp","href":"https:\/\/api.w.org\/{rel}","templated":true}]}}