{"id":8279,"date":"2021-09-07T01:03:01","date_gmt":"2021-09-07T01:03:01","guid":{"rendered":"https:\/\/cvinoticias.com\/v3\/?p=8279"},"modified":"2021-09-07T01:03:01","modified_gmt":"2021-09-07T01:03:01","slug":"pedro-puerta-y-pichetto-recorrieron-la-ciudad-de-obera","status":"publish","type":"post","link":"https:\/\/cvinoticias.com\/v3\/pedro-puerta-y-pichetto-recorrieron-la-ciudad-de-obera\/","title":{"rendered":"Pedro Puerta y Pichetto recorrieron la ciudad de Ober\u00e1"},"content":{"rendered":"\n<p><strong><em>Pedro Puerta, precandidato a diputado nacional por la lista \u201cJuntos\u201d y Miguel \u00c1ngel Pichetto ex senador y uno de los principales referentes nacionales de Juntos por el Cambio, recorrieron la ciudad de Ober\u00e1 para charlar con vecinos y hablar con medios locales.<\/em><\/strong><\/p>\n\n\n\n<p>Miguel \u00c1ngel Pichetto aterriz\u00f3 hoy en la ciudad de Ober\u00e1 para apoyar la precandidatura de Pedro Puerta en la interna de Juntos por el Cambio en las elecciones P.A.S.O. de este domingo. Puerta y Pichetto recorrieron el centro para hablar con comerciantes y vecinos acerca de la situaci\u00f3n que vive la ciudad en materia de trabajo, seguridad e impuestos adem\u00e1s de conversar con diferentes medios locales sobre la coyuntura nacional y provincial.<\/p>\n\n\n\n<p>\u201cEsta elecci\u00f3n es fundamental para luchar por las reformas estructurales que necesita nuestro pa\u00eds\u201d subray\u00f3 Pichetto. Y agrega \u201cEn esta elecci\u00f3n no est\u00e1 en juego el misionerismo, que se vot\u00f3 en junio, sino que se trata de juzgar la gesti\u00f3n de un gobierno nacional que no tiene rumbo ni plan econ\u00f3mico\u201d.<\/p>\n\n\n\n<figure class=\"wp-block-image size-large\"><a href=\"https:\/\/cvinoticias.com\/wp-content\/uploads\/2021\/09\/IMG-20210906-WA0077.jpg\"><img decoding=\"async\" width=\"1024\" height=\"682\" data-src=\"https:\/\/cvinoticias.com\/wp-content\/uploads\/2021\/09\/IMG-20210906-WA0077-1024x682.jpg\" alt=\"\" class=\"wp-image-8281 lazyload\" data-srcset=\"https:\/\/cvinoticias.com\/wp-content\/uploads\/2021\/09\/IMG-20210906-WA0077-1024x682.jpg 1024w, https:\/\/cvinoticias.com\/wp-content\/uploads\/2021\/09\/IMG-20210906-WA0077-300x200.jpg 300w, https:\/\/cvinoticias.com\/wp-content\/uploads\/2021\/09\/IMG-20210906-WA0077-768x512.jpg 768w, https:\/\/cvinoticias.com\/wp-content\/uploads\/2021\/09\/IMG-20210906-WA0077.jpg 1280w\" data-sizes=\"(max-width: 1024px) 100vw, 1024px\" src=\"data:image\/svg+xml;base64,PHN2ZyB3aWR0aD0iMSIgaGVpZ2h0PSIxIiB4bWxucz0iaHR0cDovL3d3dy53My5vcmcvMjAwMC9zdmciPjwvc3ZnPg==\" style=\"--smush-placeholder-width: 1024px; --smush-placeholder-aspect-ratio: 1024\/682;\" \/><\/a><\/figure>\n\n\n\n<p>En la misma l\u00ednea Pedro agreg\u00f3 \u201cAl gobierno nacional no le interesa lo que sucede en la provincia de Misiones. Necesitamos diputados dispuestos a poner a la provincia en el centro de la escena, con ideas y propuestas concretas\u201d. \u201cSoy el \u00fanico candidato que est\u00e1 discutiendo propuestas, que plantea una discusi\u00f3n seria sobre el futuro de nuestra provincia. Necesitamos saltar la grieta y la discusi\u00f3n ideol\u00f3gica para pensar en c\u00f3mo mejorarle la vida a la gente.\u201d sostiene Pedro.<\/p>\n\n\n\n<p>Haciendo foco en la pandemia y sus consecuencias Pichetto dijo \u201cque no se explica la decisi\u00f3n arbitraria del gobierno nacional de haber mantenido las escuelas cerradas y haber afectado a millones de chicos durante la pandemia\u201d adem\u00e1s de resaltar que \u201cen ciudades como Iguaz\u00fa, el cierre de fronteras impidi\u00f3 el trabajo de miles de personas que ve\u00edan del lado brasilero un comercio e industria con m\u00ednimas restricciones\u201d.<\/p>\n\n\n\n<p>En tal sentido Pedro hizo foco en que \u201cla econom\u00eda hoy no se ve afectada solamente por la pandemia sino por una excesiva carga del estado en materia de impuestos\u201d e incluye \u201cEn Misiones el claro ejemplo de esto es la aduana paralela, un sistema abusivo que est\u00e1 destinado directamente a recaudar m\u00e1s para el Estado y quitarle competitividad al productor y emprendedor misionero\u201d.<\/p>\n\n\n\n<figure class=\"wp-block-image size-large\"><a href=\"https:\/\/cvinoticias.com\/wp-content\/uploads\/2021\/09\/IMG-20210906-WA0076.jpg\"><img decoding=\"async\" width=\"1024\" height=\"682\" data-src=\"https:\/\/cvinoticias.com\/wp-content\/uploads\/2021\/09\/IMG-20210906-WA0076-1024x682.jpg\" alt=\"\" class=\"wp-image-8282 lazyload\" data-srcset=\"https:\/\/cvinoticias.com\/wp-content\/uploads\/2021\/09\/IMG-20210906-WA0076-1024x682.jpg 1024w, https:\/\/cvinoticias.com\/wp-content\/uploads\/2021\/09\/IMG-20210906-WA0076-300x200.jpg 300w, https:\/\/cvinoticias.com\/wp-content\/uploads\/2021\/09\/IMG-20210906-WA0076-768x512.jpg 768w, https:\/\/cvinoticias.com\/wp-content\/uploads\/2021\/09\/IMG-20210906-WA0076.jpg 1280w\" data-sizes=\"(max-width: 1024px) 100vw, 1024px\" src=\"data:image\/svg+xml;base64,PHN2ZyB3aWR0aD0iMSIgaGVpZ2h0PSIxIiB4bWxucz0iaHR0cDovL3d3dy53My5vcmcvMjAwMC9zdmciPjwvc3ZnPg==\" style=\"--smush-placeholder-width: 1024px; --smush-placeholder-aspect-ratio: 1024\/682;\" \/><\/a><\/figure>\n\n\n\n<p>La agenda continuar\u00e1 el d\u00eda martes en la ciudad de Posadas, con visitas a medios de comunicaci\u00f3n y recorridas en diferentes barrios de la ciudad.<\/p>\n","protected":false},"excerpt":{"rendered":"<p>Pedro Puerta, precandidato a diputado nacional por la lista \u201cJuntos\u201d y Miguel \u00c1ngel Pichetto ex senador y uno de los principales referentes nacionales de Juntos por el Cambio, recorrieron la ciudad de Ober\u00e1 para charlar con vecinos y hablar con medios locales. Miguel \u00c1ngel Pichetto aterriz\u00f3 hoy en la ciudad de Ober\u00e1 para apoyar la [&hellip;]<\/p>\n","protected":false},"author":2,"featured_media":8280,"comment_status":"open","ping_status":"open","sticky":false,"template":"","format":"standard","meta":{"footnotes":""},"categories":[42],"tags":[],"class_list":["post-8279","post","type-post","status-publish","format-standard","has-post-thumbnail","hentry","category-politica"],"yoast_head":"<!-- This site is optimized with the Yoast SEO plugin v27.5 - https:\/\/yoast.com\/product\/yoast-seo-wordpress\/ -->\n<title>Pedro Puerta y Pichetto recorrieron la ciudad de Ober\u00e1 | CVI NOTICIAS<\/title>\n<meta name=\"robots\" content=\"index, follow, max-snippet:-1, max-image-preview:large, max-video-preview:-1\" \/>\n<link rel=\"canonical\" href=\"https:\/\/cvinoticias.com\/v3\/pedro-puerta-y-pichetto-recorrieron-la-ciudad-de-obera\/\" \/>\n<meta property=\"og:locale\" content=\"es_ES\" \/>\n<meta property=\"og:type\" content=\"article\" \/>\n<meta property=\"og:title\" content=\"Pedro Puerta y Pichetto recorrieron la ciudad de Ober\u00e1 | CVI NOTICIAS\" \/>\n<meta property=\"og:description\" content=\"Pedro Puerta, precandidato a diputado nacional por la lista \u201cJuntos\u201d y Miguel \u00c1ngel Pichetto ex senador y uno de los principales referentes nacionales de Juntos por el Cambio, recorrieron la ciudad de Ober\u00e1 para charlar con vecinos y hablar con medios locales. Miguel \u00c1ngel Pichetto aterriz\u00f3 hoy en la ciudad de Ober\u00e1 para apoyar la [&hellip;]\" \/>\n<meta property=\"og:url\" content=\"https:\/\/cvinoticias.com\/v3\/pedro-puerta-y-pichetto-recorrieron-la-ciudad-de-obera\/\" \/>\n<meta property=\"og:site_name\" content=\"CVI NOTICIAS\" \/>\n<meta property=\"article:publisher\" content=\"https:\/\/www.facebook.com\/cvinoticias\" \/>\n<meta property=\"article:published_time\" content=\"2021-09-07T01:03:01+00:00\" \/>\n<meta property=\"og:image\" content=\"https:\/\/cvinoticias.com\/wp-content\/uploads\/2021\/09\/IMG-20210906-WA0078.jpg\" \/>\n\t<meta property=\"og:image:width\" content=\"1280\" \/>\n\t<meta property=\"og:image:height\" content=\"853\" \/>\n\t<meta property=\"og:image:type\" content=\"image\/jpeg\" \/>\n<meta name=\"author\" content=\"f1000024\" \/>\n<meta name=\"twitter:card\" content=\"summary_large_image\" \/>\n<meta name=\"twitter:label1\" content=\"Escrito por\" \/>\n\t<meta name=\"twitter:data1\" content=\"f1000024\" \/>\n\t<meta name=\"twitter:label2\" content=\"Tiempo de lectura\" \/>\n\t<meta name=\"twitter:data2\" content=\"2 minutos\" \/>\n<script type=\"application\/ld+json\" class=\"yoast-schema-graph\">{\"@context\":\"https:\\\/\\\/schema.org\",\"@graph\":[{\"@type\":\"Article\",\"@id\":\"https:\\\/\\\/cvinoticias.com\\\/v3\\\/pedro-puerta-y-pichetto-recorrieron-la-ciudad-de-obera\\\/#article\",\"isPartOf\":{\"@id\":\"https:\\\/\\\/cvinoticias.com\\\/v3\\\/pedro-puerta-y-pichetto-recorrieron-la-ciudad-de-obera\\\/\"},\"author\":{\"name\":\"f1000024\",\"@id\":\"https:\\\/\\\/cvinoticias.com\\\/v3\\\/#\\\/schema\\\/person\\\/2db77e3c6bc03c538495d7b2b8be9b66\"},\"headline\":\"Pedro Puerta y Pichetto recorrieron la ciudad de Ober\u00e1\",\"datePublished\":\"2021-09-07T01:03:01+00:00\",\"mainEntityOfPage\":{\"@id\":\"https:\\\/\\\/cvinoticias.com\\\/v3\\\/pedro-puerta-y-pichetto-recorrieron-la-ciudad-de-obera\\\/\"},\"wordCount\":431,\"commentCount\":0,\"publisher\":{\"@id\":\"https:\\\/\\\/cvinoticias.com\\\/v3\\\/#organization\"},\"image\":{\"@id\":\"https:\\\/\\\/cvinoticias.com\\\/v3\\\/pedro-puerta-y-pichetto-recorrieron-la-ciudad-de-obera\\\/#primaryimage\"},\"thumbnailUrl\":\"https:\\\/\\\/cvinoticias.com\\\/wp-content\\\/uploads\\\/2021\\\/09\\\/IMG-20210906-WA0078.jpg\",\"articleSection\":[\"Politica\"],\"inLanguage\":\"es\",\"potentialAction\":[{\"@type\":\"CommentAction\",\"name\":\"Comment\",\"target\":[\"https:\\\/\\\/cvinoticias.com\\\/v3\\\/pedro-puerta-y-pichetto-recorrieron-la-ciudad-de-obera\\\/#respond\"]}]},{\"@type\":\"WebPage\",\"@id\":\"https:\\\/\\\/cvinoticias.com\\\/v3\\\/pedro-puerta-y-pichetto-recorrieron-la-ciudad-de-obera\\\/\",\"url\":\"https:\\\/\\\/cvinoticias.com\\\/v3\\\/pedro-puerta-y-pichetto-recorrieron-la-ciudad-de-obera\\\/\",\"name\":\"Pedro Puerta y Pichetto recorrieron la ciudad de Ober\u00e1 | CVI NOTICIAS\",\"isPartOf\":{\"@id\":\"https:\\\/\\\/cvinoticias.com\\\/v3\\\/#website\"},\"primaryImageOfPage\":{\"@id\":\"https:\\\/\\\/cvinoticias.com\\\/v3\\\/pedro-puerta-y-pichetto-recorrieron-la-ciudad-de-obera\\\/#primaryimage\"},\"image\":{\"@id\":\"https:\\\/\\\/cvinoticias.com\\\/v3\\\/pedro-puerta-y-pichetto-recorrieron-la-ciudad-de-obera\\\/#primaryimage\"},\"thumbnailUrl\":\"https:\\\/\\\/cvinoticias.com\\\/wp-content\\\/uploads\\\/2021\\\/09\\\/IMG-20210906-WA0078.jpg\",\"datePublished\":\"2021-09-07T01:03:01+00:00\",\"breadcrumb\":{\"@id\":\"https:\\\/\\\/cvinoticias.com\\\/v3\\\/pedro-puerta-y-pichetto-recorrieron-la-ciudad-de-obera\\\/#breadcrumb\"},\"inLanguage\":\"es\",\"potentialAction\":[{\"@type\":\"ReadAction\",\"target\":[\"https:\\\/\\\/cvinoticias.com\\\/v3\\\/pedro-puerta-y-pichetto-recorrieron-la-ciudad-de-obera\\\/\"]}]},{\"@type\":\"ImageObject\",\"inLanguage\":\"es\",\"@id\":\"https:\\\/\\\/cvinoticias.com\\\/v3\\\/pedro-puerta-y-pichetto-recorrieron-la-ciudad-de-obera\\\/#primaryimage\",\"url\":\"https:\\\/\\\/cvinoticias.com\\\/wp-content\\\/uploads\\\/2021\\\/09\\\/IMG-20210906-WA0078.jpg\",\"contentUrl\":\"https:\\\/\\\/cvinoticias.com\\\/wp-content\\\/uploads\\\/2021\\\/09\\\/IMG-20210906-WA0078.jpg\",\"width\":1280,\"height\":853},{\"@type\":\"BreadcrumbList\",\"@id\":\"https:\\\/\\\/cvinoticias.com\\\/v3\\\/pedro-puerta-y-pichetto-recorrieron-la-ciudad-de-obera\\\/#breadcrumb\",\"itemListElement\":[{\"@type\":\"ListItem\",\"position\":1,\"name\":\"Portada\",\"item\":\"https:\\\/\\\/cvinoticias.com\\\/v3\\\/\"},{\"@type\":\"ListItem\",\"position\":2,\"name\":\"Pedro Puerta y Pichetto recorrieron la ciudad de Ober\u00e1\"}]},{\"@type\":\"WebSite\",\"@id\":\"https:\\\/\\\/cvinoticias.com\\\/v3\\\/#website\",\"url\":\"https:\\\/\\\/cvinoticias.com\\\/v3\\\/\",\"name\":\"CVI NOTICIAS\",\"description\":\"\",\"publisher\":{\"@id\":\"https:\\\/\\\/cvinoticias.com\\\/v3\\\/#organization\"},\"alternateName\":\"CVI\",\"potentialAction\":[{\"@type\":\"SearchAction\",\"target\":{\"@type\":\"EntryPoint\",\"urlTemplate\":\"https:\\\/\\\/cvinoticias.com\\\/v3\\\/?s={search_term_string}\"},\"query-input\":{\"@type\":\"PropertyValueSpecification\",\"valueRequired\":true,\"valueName\":\"search_term_string\"}}],\"inLanguage\":\"es\"},{\"@type\":\"Organization\",\"@id\":\"https:\\\/\\\/cvinoticias.com\\\/v3\\\/#organization\",\"name\":\"CVI NOTICIAS\",\"url\":\"https:\\\/\\\/cvinoticias.com\\\/v3\\\/\",\"logo\":{\"@type\":\"ImageObject\",\"inLanguage\":\"es\",\"@id\":\"https:\\\/\\\/cvinoticias.com\\\/v3\\\/#\\\/schema\\\/logo\\\/image\\\/\",\"url\":\"https:\\\/\\\/cvinoticias.com\\\/wp-content\\\/uploads\\\/2023\\\/04\\\/cropped-cropped-cropped-cropped-cropped-3-1.png\",\"contentUrl\":\"https:\\\/\\\/cvinoticias.com\\\/wp-content\\\/uploads\\\/2023\\\/04\\\/cropped-cropped-cropped-cropped-cropped-3-1.png\",\"width\":95,\"height\":122,\"caption\":\"CVI NOTICIAS\"},\"image\":{\"@id\":\"https:\\\/\\\/cvinoticias.com\\\/v3\\\/#\\\/schema\\\/logo\\\/image\\\/\"},\"sameAs\":[\"https:\\\/\\\/www.facebook.com\\\/cvinoticias\",\"https:\\\/\\\/www.instagram.com\\\/cvinoticias\\\/\",\"https:\\\/\\\/www.youtube.com\\\/@CVINOTICIAS\"]},{\"@type\":\"Person\",\"@id\":\"https:\\\/\\\/cvinoticias.com\\\/v3\\\/#\\\/schema\\\/person\\\/2db77e3c6bc03c538495d7b2b8be9b66\",\"name\":\"f1000024\",\"image\":{\"@type\":\"ImageObject\",\"inLanguage\":\"es\",\"@id\":\"https:\\\/\\\/secure.gravatar.com\\\/avatar\\\/d4fe7459cfc51ff5129ce1a732bbef5928568b8092d412ef95611616376bbeed?s=96&d=mm&r=g\",\"url\":\"https:\\\/\\\/secure.gravatar.com\\\/avatar\\\/d4fe7459cfc51ff5129ce1a732bbef5928568b8092d412ef95611616376bbeed?s=96&d=mm&r=g\",\"contentUrl\":\"https:\\\/\\\/secure.gravatar.com\\\/avatar\\\/d4fe7459cfc51ff5129ce1a732bbef5928568b8092d412ef95611616376bbeed?s=96&d=mm&r=g\",\"caption\":\"f1000024\"},\"url\":\"https:\\\/\\\/cvinoticias.com\\\/v3\\\/author\\\/f1000024\\\/\"}]}<\/script>\n<!-- \/ Yoast SEO plugin. -->","yoast_head_json":{"title":"Pedro Puerta y Pichetto recorrieron la ciudad de Ober\u00e1 | CVI NOTICIAS","robots":{"index":"index","follow":"follow","max-snippet":"max-snippet:-1","max-image-preview":"max-image-preview:large","max-video-preview":"max-video-preview:-1"},"canonical":"https:\/\/cvinoticias.com\/v3\/pedro-puerta-y-pichetto-recorrieron-la-ciudad-de-obera\/","og_locale":"es_ES","og_type":"article","og_title":"Pedro Puerta y Pichetto recorrieron la ciudad de Ober\u00e1 | CVI NOTICIAS","og_description":"Pedro Puerta, precandidato a diputado nacional por la lista \u201cJuntos\u201d y Miguel \u00c1ngel Pichetto ex senador y uno de los principales referentes nacionales de Juntos por el Cambio, recorrieron la ciudad de Ober\u00e1 para charlar con vecinos y hablar con medios locales. Miguel \u00c1ngel Pichetto aterriz\u00f3 hoy en la ciudad de Ober\u00e1 para apoyar la [&hellip;]","og_url":"https:\/\/cvinoticias.com\/v3\/pedro-puerta-y-pichetto-recorrieron-la-ciudad-de-obera\/","og_site_name":"CVI NOTICIAS","article_publisher":"https:\/\/www.facebook.com\/cvinoticias","article_published_time":"2021-09-07T01:03:01+00:00","og_image":[{"width":1280,"height":853,"url":"https:\/\/cvinoticias.com\/wp-content\/uploads\/2021\/09\/IMG-20210906-WA0078.jpg","type":"image\/jpeg"}],"author":"f1000024","twitter_card":"summary_large_image","twitter_misc":{"Escrito por":"f1000024","Tiempo de lectura":"2 minutos"},"schema":{"@context":"https:\/\/schema.org","@graph":[{"@type":"Article","@id":"https:\/\/cvinoticias.com\/v3\/pedro-puerta-y-pichetto-recorrieron-la-ciudad-de-obera\/#article","isPartOf":{"@id":"https:\/\/cvinoticias.com\/v3\/pedro-puerta-y-pichetto-recorrieron-la-ciudad-de-obera\/"},"author":{"name":"f1000024","@id":"https:\/\/cvinoticias.com\/v3\/#\/schema\/person\/2db77e3c6bc03c538495d7b2b8be9b66"},"headline":"Pedro Puerta y Pichetto recorrieron la ciudad de Ober\u00e1","datePublished":"2021-09-07T01:03:01+00:00","mainEntityOfPage":{"@id":"https:\/\/cvinoticias.com\/v3\/pedro-puerta-y-pichetto-recorrieron-la-ciudad-de-obera\/"},"wordCount":431,"commentCount":0,"publisher":{"@id":"https:\/\/cvinoticias.com\/v3\/#organization"},"image":{"@id":"https:\/\/cvinoticias.com\/v3\/pedro-puerta-y-pichetto-recorrieron-la-ciudad-de-obera\/#primaryimage"},"thumbnailUrl":"https:\/\/cvinoticias.com\/wp-content\/uploads\/2021\/09\/IMG-20210906-WA0078.jpg","articleSection":["Politica"],"inLanguage":"es","potentialAction":[{"@type":"CommentAction","name":"Comment","target":["https:\/\/cvinoticias.com\/v3\/pedro-puerta-y-pichetto-recorrieron-la-ciudad-de-obera\/#respond"]}]},{"@type":"WebPage","@id":"https:\/\/cvinoticias.com\/v3\/pedro-puerta-y-pichetto-recorrieron-la-ciudad-de-obera\/","url":"https:\/\/cvinoticias.com\/v3\/pedro-puerta-y-pichetto-recorrieron-la-ciudad-de-obera\/","name":"Pedro Puerta y Pichetto recorrieron la ciudad de Ober\u00e1 | CVI NOTICIAS","isPartOf":{"@id":"https:\/\/cvinoticias.com\/v3\/#website"},"primaryImageOfPage":{"@id":"https:\/\/cvinoticias.com\/v3\/pedro-puerta-y-pichetto-recorrieron-la-ciudad-de-obera\/#primaryimage"},"image":{"@id":"https:\/\/cvinoticias.com\/v3\/pedro-puerta-y-pichetto-recorrieron-la-ciudad-de-obera\/#primaryimage"},"thumbnailUrl":"https:\/\/cvinoticias.com\/wp-content\/uploads\/2021\/09\/IMG-20210906-WA0078.jpg","datePublished":"2021-09-07T01:03:01+00:00","breadcrumb":{"@id":"https:\/\/cvinoticias.com\/v3\/pedro-puerta-y-pichetto-recorrieron-la-ciudad-de-obera\/#breadcrumb"},"inLanguage":"es","potentialAction":[{"@type":"ReadAction","target":["https:\/\/cvinoticias.com\/v3\/pedro-puerta-y-pichetto-recorrieron-la-ciudad-de-obera\/"]}]},{"@type":"ImageObject","inLanguage":"es","@id":"https:\/\/cvinoticias.com\/v3\/pedro-puerta-y-pichetto-recorrieron-la-ciudad-de-obera\/#primaryimage","url":"https:\/\/cvinoticias.com\/wp-content\/uploads\/2021\/09\/IMG-20210906-WA0078.jpg","contentUrl":"https:\/\/cvinoticias.com\/wp-content\/uploads\/2021\/09\/IMG-20210906-WA0078.jpg","width":1280,"height":853},{"@type":"BreadcrumbList","@id":"https:\/\/cvinoticias.com\/v3\/pedro-puerta-y-pichetto-recorrieron-la-ciudad-de-obera\/#breadcrumb","itemListElement":[{"@type":"ListItem","position":1,"name":"Portada","item":"https:\/\/cvinoticias.com\/v3\/"},{"@type":"ListItem","position":2,"name":"Pedro Puerta y Pichetto recorrieron la ciudad de Ober\u00e1"}]},{"@type":"WebSite","@id":"https:\/\/cvinoticias.com\/v3\/#website","url":"https:\/\/cvinoticias.com\/v3\/","name":"CVI NOTICIAS","description":"","publisher":{"@id":"https:\/\/cvinoticias.com\/v3\/#organization"},"alternateName":"CVI","potentialAction":[{"@type":"SearchAction","target":{"@type":"EntryPoint","urlTemplate":"https:\/\/cvinoticias.com\/v3\/?s={search_term_string}"},"query-input":{"@type":"PropertyValueSpecification","valueRequired":true,"valueName":"search_term_string"}}],"inLanguage":"es"},{"@type":"Organization","@id":"https:\/\/cvinoticias.com\/v3\/#organization","name":"CVI NOTICIAS","url":"https:\/\/cvinoticias.com\/v3\/","logo":{"@type":"ImageObject","inLanguage":"es","@id":"https:\/\/cvinoticias.com\/v3\/#\/schema\/logo\/image\/","url":"https:\/\/cvinoticias.com\/wp-content\/uploads\/2023\/04\/cropped-cropped-cropped-cropped-cropped-3-1.png","contentUrl":"https:\/\/cvinoticias.com\/wp-content\/uploads\/2023\/04\/cropped-cropped-cropped-cropped-cropped-3-1.png","width":95,"height":122,"caption":"CVI NOTICIAS"},"image":{"@id":"https:\/\/cvinoticias.com\/v3\/#\/schema\/logo\/image\/"},"sameAs":["https:\/\/www.facebook.com\/cvinoticias","https:\/\/www.instagram.com\/cvinoticias\/","https:\/\/www.youtube.com\/@CVINOTICIAS"]},{"@type":"Person","@id":"https:\/\/cvinoticias.com\/v3\/#\/schema\/person\/2db77e3c6bc03c538495d7b2b8be9b66","name":"f1000024","image":{"@type":"ImageObject","inLanguage":"es","@id":"https:\/\/secure.gravatar.com\/avatar\/d4fe7459cfc51ff5129ce1a732bbef5928568b8092d412ef95611616376bbeed?s=96&d=mm&r=g","url":"https:\/\/secure.gravatar.com\/avatar\/d4fe7459cfc51ff5129ce1a732bbef5928568b8092d412ef95611616376bbeed?s=96&d=mm&r=g","contentUrl":"https:\/\/secure.gravatar.com\/avatar\/d4fe7459cfc51ff5129ce1a732bbef5928568b8092d412ef95611616376bbeed?s=96&d=mm&r=g","caption":"f1000024"},"url":"https:\/\/cvinoticias.com\/v3\/author\/f1000024\/"}]}},"_links":{"self":[{"href":"https:\/\/cvinoticias.com\/v3\/wp-json\/wp\/v2\/posts\/8279","targetHints":{"allow":["GET"]}}],"collection":[{"href":"https:\/\/cvinoticias.com\/v3\/wp-json\/wp\/v2\/posts"}],"about":[{"href":"https:\/\/cvinoticias.com\/v3\/wp-json\/wp\/v2\/types\/post"}],"author":[{"embeddable":true,"href":"https:\/\/cvinoticias.com\/v3\/wp-json\/wp\/v2\/users\/2"}],"replies":[{"embeddable":true,"href":"https:\/\/cvinoticias.com\/v3\/wp-json\/wp\/v2\/comments?post=8279"}],"version-history":[{"count":1,"href":"https:\/\/cvinoticias.com\/v3\/wp-json\/wp\/v2\/posts\/8279\/revisions"}],"predecessor-version":[{"id":8283,"href":"https:\/\/cvinoticias.com\/v3\/wp-json\/wp\/v2\/posts\/8279\/revisions\/8283"}],"wp:featuredmedia":[{"embeddable":true,"href":"https:\/\/cvinoticias.com\/v3\/wp-json\/wp\/v2\/media\/8280"}],"wp:attachment":[{"href":"https:\/\/cvinoticias.com\/v3\/wp-json\/wp\/v2\/media?parent=8279"}],"wp:term":[{"taxonomy":"category","embeddable":true,"href":"https:\/\/cvinoticias.com\/v3\/wp-json\/wp\/v2\/categories?post=8279"},{"taxonomy":"post_tag","embeddable":true,"href":"https:\/\/cvinoticias.com\/v3\/wp-json\/wp\/v2\/tags?post=8279"}],"curies":[{"name":"wp","href":"https:\/\/api.w.org\/{rel}","templated":true}]}}