{"id":8268,"date":"2021-09-06T15:17:34","date_gmt":"2021-09-06T15:17:34","guid":{"rendered":"https:\/\/cvinoticias.com\/v3\/?p=8268"},"modified":"2021-09-06T15:17:34","modified_gmt":"2021-09-06T15:17:34","slug":"dr-carlos-fernandez-vamos-a-discutir-las-asimetrias-que-afectan-al-pueblo-misionero-para-mejorar-la-calidad-de-vida-de-nuestros-ciudadanos","status":"publish","type":"post","link":"https:\/\/cvinoticias.com\/v3\/dr-carlos-fernandez-vamos-a-discutir-las-asimetrias-que-afectan-al-pueblo-misionero-para-mejorar-la-calidad-de-vida-de-nuestros-ciudadanos\/","title":{"rendered":"Dr. Carlos Fern\u00e1ndez: \u00abVamos a discutir las asimetr\u00edas que afectan al pueblo Misionero, para mejorar la calidad de vida de nuestros ciudadanos\u00bb"},"content":{"rendered":"\n<p><strong><em>El 12 de septiembre en Argentina se celebran las elecciones Primarias Simultaneas y Obligatorias (PASO), en las cuales se van a elegir candidatos que van a disputar las elecciones generales para renovar la mitad de la C\u00e1mara de Diputados y un tercio del Senado de la Naci\u00f3n.<\/em><\/strong><\/p>\n\n\n\n<p>El 14 noviembre de 2021 los Argentinos van a elegir 127 diputados y diputadas en todo el pa\u00eds y 24 senadores y senadoras en 8 provincias.<\/p>\n\n\n\n<p>En la recta final hacia las elecciones, el Dr. Carlos Fern\u00e1ndez candidato a Diputado por el Frente Renovador de la Concordia envi\u00f3 un mensaje al pueblo Misionero.<\/p>\n\n\n\n<p>\u00abEl mensaje que venimos transmitiendo en este proyecto Misionerista, que incluye a todos los ciudadanos misioneros, de trabajar codo a codo para que a todas las familias misioneras le vaya un poquito mejor en esto que debemos discutir con el Estado Nacional que son las asimetr\u00edas que tiene nuestra provincia con el gobierno Federal, igualitario pero que todav\u00eda las posibilidades nuestras no llegan a colmar las satisfacciones y las necesidades de todos nosotros\u00bb.<\/p>\n\n\n\n<p>\u00abJuntos debemos trabajar para dar vuelta esta realidad que tenemos y ser escuchados en la C\u00e1mara de Diputados de la Naci\u00f3n\u00bb<\/p>\n\n\n\n<p>En un encuentro en la cual estuvieron varios referentes entre ellos, el Dr. Oscar Alarc\u00f3n, Ministro de Salud de la Provincia de Misiones y el Dr. Carlos Fern\u00e1ndez, llevando un mensaje y solicitando el acompa\u00f1amiento de todos los dirigentes renovadores ex candidatos a intendente, candidatos a concejales.<\/p>\n\n\n\n<p>\u00abLa provincia sigue trabajando para mejorar la calidad de vida de los Misioneros en un proyecto que nos involucra a todos, el Misionerismo vela por el cuidado y bienestar de la ciudadan\u00eda, porque siempre el objetivo fue priorizar a la poblaci\u00f3n Misionera, de esto se trata el proyecto que viene llevando adelante el Frente Renovador\u00bb, concluy\u00f3.<\/p>\n\n\n\n<p><strong>ANG<\/strong><\/p>\n","protected":false},"excerpt":{"rendered":"<p>El 12 de septiembre en Argentina se celebran las elecciones Primarias Simultaneas y Obligatorias (PASO), en las cuales se van a elegir candidatos que van a disputar las elecciones generales para renovar la mitad de la C\u00e1mara de Diputados y un tercio del Senado de la Naci\u00f3n. El 14 noviembre de 2021 los Argentinos van [&hellip;]<\/p>\n","protected":false},"author":2,"featured_media":8269,"comment_status":"open","ping_status":"open","sticky":false,"template":"","format":"standard","meta":{"footnotes":""},"categories":[42],"tags":[],"class_list":["post-8268","post","type-post","status-publish","format-standard","has-post-thumbnail","hentry","category-politica"],"yoast_head":"<!-- This site is optimized with the Yoast SEO plugin v27.5 - https:\/\/yoast.com\/product\/yoast-seo-wordpress\/ -->\n<title>Dr. Carlos Fern\u00e1ndez: &quot;Vamos a discutir las asimetr\u00edas que afectan al pueblo Misionero, para mejorar la calidad de vida de nuestros ciudadanos&quot; | CVI NOTICIAS<\/title>\n<meta name=\"robots\" content=\"index, follow, max-snippet:-1, max-image-preview:large, max-video-preview:-1\" \/>\n<link rel=\"canonical\" href=\"https:\/\/cvinoticias.com\/v3\/dr-carlos-fernandez-vamos-a-discutir-las-asimetrias-que-afectan-al-pueblo-misionero-para-mejorar-la-calidad-de-vida-de-nuestros-ciudadanos\/\" \/>\n<meta property=\"og:locale\" content=\"es_ES\" \/>\n<meta property=\"og:type\" content=\"article\" \/>\n<meta property=\"og:title\" content=\"Dr. Carlos Fern\u00e1ndez: &quot;Vamos a discutir las asimetr\u00edas que afectan al pueblo Misionero, para mejorar la calidad de vida de nuestros ciudadanos&quot; | CVI NOTICIAS\" \/>\n<meta property=\"og:description\" content=\"El 12 de septiembre en Argentina se celebran las elecciones Primarias Simultaneas y Obligatorias (PASO), en las cuales se van a elegir candidatos que van a disputar las elecciones generales para renovar la mitad de la C\u00e1mara de Diputados y un tercio del Senado de la Naci\u00f3n. El 14 noviembre de 2021 los Argentinos van [&hellip;]\" \/>\n<meta property=\"og:url\" content=\"https:\/\/cvinoticias.com\/v3\/dr-carlos-fernandez-vamos-a-discutir-las-asimetrias-que-afectan-al-pueblo-misionero-para-mejorar-la-calidad-de-vida-de-nuestros-ciudadanos\/\" \/>\n<meta property=\"og:site_name\" content=\"CVI NOTICIAS\" \/>\n<meta property=\"article:publisher\" content=\"https:\/\/www.facebook.com\/cvinoticias\" \/>\n<meta property=\"article:published_time\" content=\"2021-09-06T15:17:34+00:00\" \/>\n<meta property=\"og:image\" content=\"https:\/\/cvinoticias.com\/wp-content\/uploads\/2021\/09\/WhatsApp-Image-2021-08-26-at-09.24.16-1000x600-1.jpeg\" \/>\n\t<meta property=\"og:image:width\" content=\"1000\" \/>\n\t<meta property=\"og:image:height\" content=\"600\" \/>\n\t<meta property=\"og:image:type\" content=\"image\/jpeg\" \/>\n<meta name=\"author\" content=\"f1000024\" \/>\n<meta name=\"twitter:card\" content=\"summary_large_image\" \/>\n<meta name=\"twitter:label1\" content=\"Escrito por\" \/>\n\t<meta name=\"twitter:data1\" content=\"f1000024\" \/>\n\t<meta name=\"twitter:label2\" content=\"Tiempo de lectura\" \/>\n\t<meta name=\"twitter:data2\" content=\"2 minutos\" \/>\n<script type=\"application\/ld+json\" class=\"yoast-schema-graph\">{\"@context\":\"https:\\\/\\\/schema.org\",\"@graph\":[{\"@type\":\"Article\",\"@id\":\"https:\\\/\\\/cvinoticias.com\\\/v3\\\/dr-carlos-fernandez-vamos-a-discutir-las-asimetrias-que-afectan-al-pueblo-misionero-para-mejorar-la-calidad-de-vida-de-nuestros-ciudadanos\\\/#article\",\"isPartOf\":{\"@id\":\"https:\\\/\\\/cvinoticias.com\\\/v3\\\/dr-carlos-fernandez-vamos-a-discutir-las-asimetrias-que-afectan-al-pueblo-misionero-para-mejorar-la-calidad-de-vida-de-nuestros-ciudadanos\\\/\"},\"author\":{\"name\":\"f1000024\",\"@id\":\"https:\\\/\\\/cvinoticias.com\\\/v3\\\/#\\\/schema\\\/person\\\/2db77e3c6bc03c538495d7b2b8be9b66\"},\"headline\":\"Dr. Carlos Fern\u00e1ndez: \u00abVamos a discutir las asimetr\u00edas que afectan al pueblo Misionero, para mejorar la calidad de vida de nuestros ciudadanos\u00bb\",\"datePublished\":\"2021-09-06T15:17:34+00:00\",\"mainEntityOfPage\":{\"@id\":\"https:\\\/\\\/cvinoticias.com\\\/v3\\\/dr-carlos-fernandez-vamos-a-discutir-las-asimetrias-que-afectan-al-pueblo-misionero-para-mejorar-la-calidad-de-vida-de-nuestros-ciudadanos\\\/\"},\"wordCount\":329,\"commentCount\":0,\"publisher\":{\"@id\":\"https:\\\/\\\/cvinoticias.com\\\/v3\\\/#organization\"},\"image\":{\"@id\":\"https:\\\/\\\/cvinoticias.com\\\/v3\\\/dr-carlos-fernandez-vamos-a-discutir-las-asimetrias-que-afectan-al-pueblo-misionero-para-mejorar-la-calidad-de-vida-de-nuestros-ciudadanos\\\/#primaryimage\"},\"thumbnailUrl\":\"https:\\\/\\\/cvinoticias.com\\\/wp-content\\\/uploads\\\/2021\\\/09\\\/WhatsApp-Image-2021-08-26-at-09.24.16-1000x600-1.jpeg\",\"articleSection\":[\"Politica\"],\"inLanguage\":\"es\",\"potentialAction\":[{\"@type\":\"CommentAction\",\"name\":\"Comment\",\"target\":[\"https:\\\/\\\/cvinoticias.com\\\/v3\\\/dr-carlos-fernandez-vamos-a-discutir-las-asimetrias-que-afectan-al-pueblo-misionero-para-mejorar-la-calidad-de-vida-de-nuestros-ciudadanos\\\/#respond\"]}]},{\"@type\":\"WebPage\",\"@id\":\"https:\\\/\\\/cvinoticias.com\\\/v3\\\/dr-carlos-fernandez-vamos-a-discutir-las-asimetrias-que-afectan-al-pueblo-misionero-para-mejorar-la-calidad-de-vida-de-nuestros-ciudadanos\\\/\",\"url\":\"https:\\\/\\\/cvinoticias.com\\\/v3\\\/dr-carlos-fernandez-vamos-a-discutir-las-asimetrias-que-afectan-al-pueblo-misionero-para-mejorar-la-calidad-de-vida-de-nuestros-ciudadanos\\\/\",\"name\":\"Dr. Carlos Fern\u00e1ndez: \\\"Vamos a discutir las asimetr\u00edas que afectan al pueblo Misionero, para mejorar la calidad de vida de nuestros ciudadanos\\\" | CVI NOTICIAS\",\"isPartOf\":{\"@id\":\"https:\\\/\\\/cvinoticias.com\\\/v3\\\/#website\"},\"primaryImageOfPage\":{\"@id\":\"https:\\\/\\\/cvinoticias.com\\\/v3\\\/dr-carlos-fernandez-vamos-a-discutir-las-asimetrias-que-afectan-al-pueblo-misionero-para-mejorar-la-calidad-de-vida-de-nuestros-ciudadanos\\\/#primaryimage\"},\"image\":{\"@id\":\"https:\\\/\\\/cvinoticias.com\\\/v3\\\/dr-carlos-fernandez-vamos-a-discutir-las-asimetrias-que-afectan-al-pueblo-misionero-para-mejorar-la-calidad-de-vida-de-nuestros-ciudadanos\\\/#primaryimage\"},\"thumbnailUrl\":\"https:\\\/\\\/cvinoticias.com\\\/wp-content\\\/uploads\\\/2021\\\/09\\\/WhatsApp-Image-2021-08-26-at-09.24.16-1000x600-1.jpeg\",\"datePublished\":\"2021-09-06T15:17:34+00:00\",\"breadcrumb\":{\"@id\":\"https:\\\/\\\/cvinoticias.com\\\/v3\\\/dr-carlos-fernandez-vamos-a-discutir-las-asimetrias-que-afectan-al-pueblo-misionero-para-mejorar-la-calidad-de-vida-de-nuestros-ciudadanos\\\/#breadcrumb\"},\"inLanguage\":\"es\",\"potentialAction\":[{\"@type\":\"ReadAction\",\"target\":[\"https:\\\/\\\/cvinoticias.com\\\/v3\\\/dr-carlos-fernandez-vamos-a-discutir-las-asimetrias-que-afectan-al-pueblo-misionero-para-mejorar-la-calidad-de-vida-de-nuestros-ciudadanos\\\/\"]}]},{\"@type\":\"ImageObject\",\"inLanguage\":\"es\",\"@id\":\"https:\\\/\\\/cvinoticias.com\\\/v3\\\/dr-carlos-fernandez-vamos-a-discutir-las-asimetrias-que-afectan-al-pueblo-misionero-para-mejorar-la-calidad-de-vida-de-nuestros-ciudadanos\\\/#primaryimage\",\"url\":\"https:\\\/\\\/cvinoticias.com\\\/wp-content\\\/uploads\\\/2021\\\/09\\\/WhatsApp-Image-2021-08-26-at-09.24.16-1000x600-1.jpeg\",\"contentUrl\":\"https:\\\/\\\/cvinoticias.com\\\/wp-content\\\/uploads\\\/2021\\\/09\\\/WhatsApp-Image-2021-08-26-at-09.24.16-1000x600-1.jpeg\",\"width\":1000,\"height\":600},{\"@type\":\"BreadcrumbList\",\"@id\":\"https:\\\/\\\/cvinoticias.com\\\/v3\\\/dr-carlos-fernandez-vamos-a-discutir-las-asimetrias-que-afectan-al-pueblo-misionero-para-mejorar-la-calidad-de-vida-de-nuestros-ciudadanos\\\/#breadcrumb\",\"itemListElement\":[{\"@type\":\"ListItem\",\"position\":1,\"name\":\"Portada\",\"item\":\"https:\\\/\\\/cvinoticias.com\\\/v3\\\/\"},{\"@type\":\"ListItem\",\"position\":2,\"name\":\"Dr. Carlos Fern\u00e1ndez: \u00abVamos a discutir las asimetr\u00edas que afectan al pueblo Misionero, para mejorar la calidad de vida de nuestros ciudadanos\u00bb\"}]},{\"@type\":\"WebSite\",\"@id\":\"https:\\\/\\\/cvinoticias.com\\\/v3\\\/#website\",\"url\":\"https:\\\/\\\/cvinoticias.com\\\/v3\\\/\",\"name\":\"CVI NOTICIAS\",\"description\":\"\",\"publisher\":{\"@id\":\"https:\\\/\\\/cvinoticias.com\\\/v3\\\/#organization\"},\"alternateName\":\"CVI\",\"potentialAction\":[{\"@type\":\"SearchAction\",\"target\":{\"@type\":\"EntryPoint\",\"urlTemplate\":\"https:\\\/\\\/cvinoticias.com\\\/v3\\\/?s={search_term_string}\"},\"query-input\":{\"@type\":\"PropertyValueSpecification\",\"valueRequired\":true,\"valueName\":\"search_term_string\"}}],\"inLanguage\":\"es\"},{\"@type\":\"Organization\",\"@id\":\"https:\\\/\\\/cvinoticias.com\\\/v3\\\/#organization\",\"name\":\"CVI NOTICIAS\",\"url\":\"https:\\\/\\\/cvinoticias.com\\\/v3\\\/\",\"logo\":{\"@type\":\"ImageObject\",\"inLanguage\":\"es\",\"@id\":\"https:\\\/\\\/cvinoticias.com\\\/v3\\\/#\\\/schema\\\/logo\\\/image\\\/\",\"url\":\"https:\\\/\\\/cvinoticias.com\\\/wp-content\\\/uploads\\\/2023\\\/04\\\/cropped-cropped-cropped-cropped-cropped-3-1.png\",\"contentUrl\":\"https:\\\/\\\/cvinoticias.com\\\/wp-content\\\/uploads\\\/2023\\\/04\\\/cropped-cropped-cropped-cropped-cropped-3-1.png\",\"width\":95,\"height\":122,\"caption\":\"CVI NOTICIAS\"},\"image\":{\"@id\":\"https:\\\/\\\/cvinoticias.com\\\/v3\\\/#\\\/schema\\\/logo\\\/image\\\/\"},\"sameAs\":[\"https:\\\/\\\/www.facebook.com\\\/cvinoticias\",\"https:\\\/\\\/www.instagram.com\\\/cvinoticias\\\/\",\"https:\\\/\\\/www.youtube.com\\\/@CVINOTICIAS\"]},{\"@type\":\"Person\",\"@id\":\"https:\\\/\\\/cvinoticias.com\\\/v3\\\/#\\\/schema\\\/person\\\/2db77e3c6bc03c538495d7b2b8be9b66\",\"name\":\"f1000024\",\"image\":{\"@type\":\"ImageObject\",\"inLanguage\":\"es\",\"@id\":\"https:\\\/\\\/secure.gravatar.com\\\/avatar\\\/d4fe7459cfc51ff5129ce1a732bbef5928568b8092d412ef95611616376bbeed?s=96&d=mm&r=g\",\"url\":\"https:\\\/\\\/secure.gravatar.com\\\/avatar\\\/d4fe7459cfc51ff5129ce1a732bbef5928568b8092d412ef95611616376bbeed?s=96&d=mm&r=g\",\"contentUrl\":\"https:\\\/\\\/secure.gravatar.com\\\/avatar\\\/d4fe7459cfc51ff5129ce1a732bbef5928568b8092d412ef95611616376bbeed?s=96&d=mm&r=g\",\"caption\":\"f1000024\"},\"url\":\"https:\\\/\\\/cvinoticias.com\\\/v3\\\/author\\\/f1000024\\\/\"}]}<\/script>\n<!-- \/ Yoast SEO plugin. -->","yoast_head_json":{"title":"Dr. Carlos Fern\u00e1ndez: \"Vamos a discutir las asimetr\u00edas que afectan al pueblo Misionero, para mejorar la calidad de vida de nuestros ciudadanos\" | CVI NOTICIAS","robots":{"index":"index","follow":"follow","max-snippet":"max-snippet:-1","max-image-preview":"max-image-preview:large","max-video-preview":"max-video-preview:-1"},"canonical":"https:\/\/cvinoticias.com\/v3\/dr-carlos-fernandez-vamos-a-discutir-las-asimetrias-que-afectan-al-pueblo-misionero-para-mejorar-la-calidad-de-vida-de-nuestros-ciudadanos\/","og_locale":"es_ES","og_type":"article","og_title":"Dr. Carlos Fern\u00e1ndez: \"Vamos a discutir las asimetr\u00edas que afectan al pueblo Misionero, para mejorar la calidad de vida de nuestros ciudadanos\" | CVI NOTICIAS","og_description":"El 12 de septiembre en Argentina se celebran las elecciones Primarias Simultaneas y Obligatorias (PASO), en las cuales se van a elegir candidatos que van a disputar las elecciones generales para renovar la mitad de la C\u00e1mara de Diputados y un tercio del Senado de la Naci\u00f3n. El 14 noviembre de 2021 los Argentinos van [&hellip;]","og_url":"https:\/\/cvinoticias.com\/v3\/dr-carlos-fernandez-vamos-a-discutir-las-asimetrias-que-afectan-al-pueblo-misionero-para-mejorar-la-calidad-de-vida-de-nuestros-ciudadanos\/","og_site_name":"CVI NOTICIAS","article_publisher":"https:\/\/www.facebook.com\/cvinoticias","article_published_time":"2021-09-06T15:17:34+00:00","og_image":[{"width":1000,"height":600,"url":"https:\/\/cvinoticias.com\/wp-content\/uploads\/2021\/09\/WhatsApp-Image-2021-08-26-at-09.24.16-1000x600-1.jpeg","type":"image\/jpeg"}],"author":"f1000024","twitter_card":"summary_large_image","twitter_misc":{"Escrito por":"f1000024","Tiempo de lectura":"2 minutos"},"schema":{"@context":"https:\/\/schema.org","@graph":[{"@type":"Article","@id":"https:\/\/cvinoticias.com\/v3\/dr-carlos-fernandez-vamos-a-discutir-las-asimetrias-que-afectan-al-pueblo-misionero-para-mejorar-la-calidad-de-vida-de-nuestros-ciudadanos\/#article","isPartOf":{"@id":"https:\/\/cvinoticias.com\/v3\/dr-carlos-fernandez-vamos-a-discutir-las-asimetrias-que-afectan-al-pueblo-misionero-para-mejorar-la-calidad-de-vida-de-nuestros-ciudadanos\/"},"author":{"name":"f1000024","@id":"https:\/\/cvinoticias.com\/v3\/#\/schema\/person\/2db77e3c6bc03c538495d7b2b8be9b66"},"headline":"Dr. Carlos Fern\u00e1ndez: \u00abVamos a discutir las asimetr\u00edas que afectan al pueblo Misionero, para mejorar la calidad de vida de nuestros ciudadanos\u00bb","datePublished":"2021-09-06T15:17:34+00:00","mainEntityOfPage":{"@id":"https:\/\/cvinoticias.com\/v3\/dr-carlos-fernandez-vamos-a-discutir-las-asimetrias-que-afectan-al-pueblo-misionero-para-mejorar-la-calidad-de-vida-de-nuestros-ciudadanos\/"},"wordCount":329,"commentCount":0,"publisher":{"@id":"https:\/\/cvinoticias.com\/v3\/#organization"},"image":{"@id":"https:\/\/cvinoticias.com\/v3\/dr-carlos-fernandez-vamos-a-discutir-las-asimetrias-que-afectan-al-pueblo-misionero-para-mejorar-la-calidad-de-vida-de-nuestros-ciudadanos\/#primaryimage"},"thumbnailUrl":"https:\/\/cvinoticias.com\/wp-content\/uploads\/2021\/09\/WhatsApp-Image-2021-08-26-at-09.24.16-1000x600-1.jpeg","articleSection":["Politica"],"inLanguage":"es","potentialAction":[{"@type":"CommentAction","name":"Comment","target":["https:\/\/cvinoticias.com\/v3\/dr-carlos-fernandez-vamos-a-discutir-las-asimetrias-que-afectan-al-pueblo-misionero-para-mejorar-la-calidad-de-vida-de-nuestros-ciudadanos\/#respond"]}]},{"@type":"WebPage","@id":"https:\/\/cvinoticias.com\/v3\/dr-carlos-fernandez-vamos-a-discutir-las-asimetrias-que-afectan-al-pueblo-misionero-para-mejorar-la-calidad-de-vida-de-nuestros-ciudadanos\/","url":"https:\/\/cvinoticias.com\/v3\/dr-carlos-fernandez-vamos-a-discutir-las-asimetrias-que-afectan-al-pueblo-misionero-para-mejorar-la-calidad-de-vida-de-nuestros-ciudadanos\/","name":"Dr. Carlos Fern\u00e1ndez: \"Vamos a discutir las asimetr\u00edas que afectan al pueblo Misionero, para mejorar la calidad de vida de nuestros ciudadanos\" | CVI NOTICIAS","isPartOf":{"@id":"https:\/\/cvinoticias.com\/v3\/#website"},"primaryImageOfPage":{"@id":"https:\/\/cvinoticias.com\/v3\/dr-carlos-fernandez-vamos-a-discutir-las-asimetrias-que-afectan-al-pueblo-misionero-para-mejorar-la-calidad-de-vida-de-nuestros-ciudadanos\/#primaryimage"},"image":{"@id":"https:\/\/cvinoticias.com\/v3\/dr-carlos-fernandez-vamos-a-discutir-las-asimetrias-que-afectan-al-pueblo-misionero-para-mejorar-la-calidad-de-vida-de-nuestros-ciudadanos\/#primaryimage"},"thumbnailUrl":"https:\/\/cvinoticias.com\/wp-content\/uploads\/2021\/09\/WhatsApp-Image-2021-08-26-at-09.24.16-1000x600-1.jpeg","datePublished":"2021-09-06T15:17:34+00:00","breadcrumb":{"@id":"https:\/\/cvinoticias.com\/v3\/dr-carlos-fernandez-vamos-a-discutir-las-asimetrias-que-afectan-al-pueblo-misionero-para-mejorar-la-calidad-de-vida-de-nuestros-ciudadanos\/#breadcrumb"},"inLanguage":"es","potentialAction":[{"@type":"ReadAction","target":["https:\/\/cvinoticias.com\/v3\/dr-carlos-fernandez-vamos-a-discutir-las-asimetrias-que-afectan-al-pueblo-misionero-para-mejorar-la-calidad-de-vida-de-nuestros-ciudadanos\/"]}]},{"@type":"ImageObject","inLanguage":"es","@id":"https:\/\/cvinoticias.com\/v3\/dr-carlos-fernandez-vamos-a-discutir-las-asimetrias-que-afectan-al-pueblo-misionero-para-mejorar-la-calidad-de-vida-de-nuestros-ciudadanos\/#primaryimage","url":"https:\/\/cvinoticias.com\/wp-content\/uploads\/2021\/09\/WhatsApp-Image-2021-08-26-at-09.24.16-1000x600-1.jpeg","contentUrl":"https:\/\/cvinoticias.com\/wp-content\/uploads\/2021\/09\/WhatsApp-Image-2021-08-26-at-09.24.16-1000x600-1.jpeg","width":1000,"height":600},{"@type":"BreadcrumbList","@id":"https:\/\/cvinoticias.com\/v3\/dr-carlos-fernandez-vamos-a-discutir-las-asimetrias-que-afectan-al-pueblo-misionero-para-mejorar-la-calidad-de-vida-de-nuestros-ciudadanos\/#breadcrumb","itemListElement":[{"@type":"ListItem","position":1,"name":"Portada","item":"https:\/\/cvinoticias.com\/v3\/"},{"@type":"ListItem","position":2,"name":"Dr. Carlos Fern\u00e1ndez: \u00abVamos a discutir las asimetr\u00edas que afectan al pueblo Misionero, para mejorar la calidad de vida de nuestros ciudadanos\u00bb"}]},{"@type":"WebSite","@id":"https:\/\/cvinoticias.com\/v3\/#website","url":"https:\/\/cvinoticias.com\/v3\/","name":"CVI NOTICIAS","description":"","publisher":{"@id":"https:\/\/cvinoticias.com\/v3\/#organization"},"alternateName":"CVI","potentialAction":[{"@type":"SearchAction","target":{"@type":"EntryPoint","urlTemplate":"https:\/\/cvinoticias.com\/v3\/?s={search_term_string}"},"query-input":{"@type":"PropertyValueSpecification","valueRequired":true,"valueName":"search_term_string"}}],"inLanguage":"es"},{"@type":"Organization","@id":"https:\/\/cvinoticias.com\/v3\/#organization","name":"CVI NOTICIAS","url":"https:\/\/cvinoticias.com\/v3\/","logo":{"@type":"ImageObject","inLanguage":"es","@id":"https:\/\/cvinoticias.com\/v3\/#\/schema\/logo\/image\/","url":"https:\/\/cvinoticias.com\/wp-content\/uploads\/2023\/04\/cropped-cropped-cropped-cropped-cropped-3-1.png","contentUrl":"https:\/\/cvinoticias.com\/wp-content\/uploads\/2023\/04\/cropped-cropped-cropped-cropped-cropped-3-1.png","width":95,"height":122,"caption":"CVI NOTICIAS"},"image":{"@id":"https:\/\/cvinoticias.com\/v3\/#\/schema\/logo\/image\/"},"sameAs":["https:\/\/www.facebook.com\/cvinoticias","https:\/\/www.instagram.com\/cvinoticias\/","https:\/\/www.youtube.com\/@CVINOTICIAS"]},{"@type":"Person","@id":"https:\/\/cvinoticias.com\/v3\/#\/schema\/person\/2db77e3c6bc03c538495d7b2b8be9b66","name":"f1000024","image":{"@type":"ImageObject","inLanguage":"es","@id":"https:\/\/secure.gravatar.com\/avatar\/d4fe7459cfc51ff5129ce1a732bbef5928568b8092d412ef95611616376bbeed?s=96&d=mm&r=g","url":"https:\/\/secure.gravatar.com\/avatar\/d4fe7459cfc51ff5129ce1a732bbef5928568b8092d412ef95611616376bbeed?s=96&d=mm&r=g","contentUrl":"https:\/\/secure.gravatar.com\/avatar\/d4fe7459cfc51ff5129ce1a732bbef5928568b8092d412ef95611616376bbeed?s=96&d=mm&r=g","caption":"f1000024"},"url":"https:\/\/cvinoticias.com\/v3\/author\/f1000024\/"}]}},"_links":{"self":[{"href":"https:\/\/cvinoticias.com\/v3\/wp-json\/wp\/v2\/posts\/8268","targetHints":{"allow":["GET"]}}],"collection":[{"href":"https:\/\/cvinoticias.com\/v3\/wp-json\/wp\/v2\/posts"}],"about":[{"href":"https:\/\/cvinoticias.com\/v3\/wp-json\/wp\/v2\/types\/post"}],"author":[{"embeddable":true,"href":"https:\/\/cvinoticias.com\/v3\/wp-json\/wp\/v2\/users\/2"}],"replies":[{"embeddable":true,"href":"https:\/\/cvinoticias.com\/v3\/wp-json\/wp\/v2\/comments?post=8268"}],"version-history":[{"count":1,"href":"https:\/\/cvinoticias.com\/v3\/wp-json\/wp\/v2\/posts\/8268\/revisions"}],"predecessor-version":[{"id":8270,"href":"https:\/\/cvinoticias.com\/v3\/wp-json\/wp\/v2\/posts\/8268\/revisions\/8270"}],"wp:featuredmedia":[{"embeddable":true,"href":"https:\/\/cvinoticias.com\/v3\/wp-json\/wp\/v2\/media\/8269"}],"wp:attachment":[{"href":"https:\/\/cvinoticias.com\/v3\/wp-json\/wp\/v2\/media?parent=8268"}],"wp:term":[{"taxonomy":"category","embeddable":true,"href":"https:\/\/cvinoticias.com\/v3\/wp-json\/wp\/v2\/categories?post=8268"},{"taxonomy":"post_tag","embeddable":true,"href":"https:\/\/cvinoticias.com\/v3\/wp-json\/wp\/v2\/tags?post=8268"}],"curies":[{"name":"wp","href":"https:\/\/api.w.org\/{rel}","templated":true}]}}