{"id":8251,"date":"2021-09-06T11:22:02","date_gmt":"2021-09-06T11:22:02","guid":{"rendered":"https:\/\/cvinoticias.com\/v3\/?p=8251"},"modified":"2021-09-06T11:22:02","modified_gmt":"2021-09-06T11:22:02","slug":"dos-hermanas-investigan-el-homicidio-de-un-hombre-de-43-anos","status":"publish","type":"post","link":"https:\/\/cvinoticias.com\/v3\/dos-hermanas-investigan-el-homicidio-de-un-hombre-de-43-anos\/","title":{"rendered":"Dos Hermanas: Investigan el homicidio de un hombre de 43 a\u00f1os"},"content":{"rendered":"\n<p><strong><em>Aproximadamente a las 19:40 horas del domingo, se tom\u00f3 conocimiento que en una vivienda del Paraje Laguna Azul, un hombre se encontraba sin vida. Al llegar al lugar, efectivos de la comisar\u00eda local constataron que Roberto Juan Vargas de 43 a\u00f1os no ten\u00eda signos vitales.<\/em><\/strong><\/p>\n\n\n\n<p>Seg\u00fan los datos obtenidos en el lugar del hecho, la v\u00edctima se encontraba junto a un hombre de 31 y una mujer de 21 a\u00f1os y en un momento, ingres\u00f3 al inmueble de manera sorpresiva un sujeto que tras decir unas palabras en portugu\u00e9s, le efectu\u00f3 un disparo con una escopeta a Roberto, que cay\u00f3 al suelo. Tambi\u00e9n intent\u00f3 herir con un machete al hombre de 31, quien logr\u00f3 escapar. El acusado luego de escuchar el pedido de auxilio de la mujer se dio a la fuga.<\/p>\n\n\n\n<p>Efectivos de la Polic\u00eda Cient\u00edfica realizaron las pericias de rigor. Integrantes de distintas dependencias de la Unidad Regional XII trabajan intensamente para aprehender al acusado.<\/p>\n\n\n\n<p>Interviene el Juzgado de Instrucci\u00f3n N\u00ba 1 de San Pedro.<\/p>\n\n\n\n<p><\/p>\n","protected":false},"excerpt":{"rendered":"<p>Aproximadamente a las 19:40 horas del domingo, se tom\u00f3 conocimiento que en una vivienda del Paraje Laguna Azul, un hombre se encontraba sin vida. Al llegar al lugar, efectivos de la comisar\u00eda local constataron que Roberto Juan Vargas de 43 a\u00f1os no ten\u00eda signos vitales. Seg\u00fan los datos obtenidos en el lugar del hecho, la [&hellip;]<\/p>\n","protected":false},"author":2,"featured_media":8252,"comment_status":"open","ping_status":"open","sticky":false,"template":"","format":"standard","meta":{"footnotes":""},"categories":[41],"tags":[],"class_list":["post-8251","post","type-post","status-publish","format-standard","has-post-thumbnail","hentry","category-policiales"],"yoast_head":"<!-- This site is optimized with the Yoast SEO plugin v27.4 - https:\/\/yoast.com\/product\/yoast-seo-wordpress\/ -->\n<title>Dos Hermanas: Investigan el homicidio de un hombre de 43 a\u00f1os | CVI NOTICIAS<\/title>\n<meta name=\"robots\" content=\"index, follow, max-snippet:-1, max-image-preview:large, max-video-preview:-1\" \/>\n<link rel=\"canonical\" href=\"https:\/\/cvinoticias.com\/v3\/dos-hermanas-investigan-el-homicidio-de-un-hombre-de-43-anos\/\" \/>\n<meta property=\"og:locale\" content=\"es_ES\" \/>\n<meta property=\"og:type\" content=\"article\" \/>\n<meta property=\"og:title\" content=\"Dos Hermanas: Investigan el homicidio de un hombre de 43 a\u00f1os | CVI NOTICIAS\" \/>\n<meta property=\"og:description\" content=\"Aproximadamente a las 19:40 horas del domingo, se tom\u00f3 conocimiento que en una vivienda del Paraje Laguna Azul, un hombre se encontraba sin vida. Al llegar al lugar, efectivos de la comisar\u00eda local constataron que Roberto Juan Vargas de 43 a\u00f1os no ten\u00eda signos vitales. Seg\u00fan los datos obtenidos en el lugar del hecho, la [&hellip;]\" \/>\n<meta property=\"og:url\" content=\"https:\/\/cvinoticias.com\/v3\/dos-hermanas-investigan-el-homicidio-de-un-hombre-de-43-anos\/\" \/>\n<meta property=\"og:site_name\" content=\"CVI NOTICIAS\" \/>\n<meta property=\"article:publisher\" content=\"https:\/\/www.facebook.com\/cvinoticias\" \/>\n<meta property=\"article:published_time\" content=\"2021-09-06T11:22:02+00:00\" \/>\n<meta property=\"og:image\" content=\"https:\/\/cvinoticias.com\/wp-content\/uploads\/2021\/09\/IMG-20210906-WA0003.jpg\" \/>\n\t<meta property=\"og:image:width\" content=\"816\" \/>\n\t<meta property=\"og:image:height\" content=\"459\" \/>\n\t<meta property=\"og:image:type\" content=\"image\/jpeg\" \/>\n<meta name=\"author\" content=\"f1000024\" \/>\n<meta name=\"twitter:card\" content=\"summary_large_image\" \/>\n<meta name=\"twitter:label1\" content=\"Escrito por\" \/>\n\t<meta name=\"twitter:data1\" content=\"f1000024\" \/>\n\t<meta name=\"twitter:label2\" content=\"Tiempo de lectura\" \/>\n\t<meta name=\"twitter:data2\" content=\"1 minuto\" \/>\n<script type=\"application\/ld+json\" class=\"yoast-schema-graph\">{\"@context\":\"https:\\\/\\\/schema.org\",\"@graph\":[{\"@type\":\"Article\",\"@id\":\"https:\\\/\\\/cvinoticias.com\\\/v3\\\/dos-hermanas-investigan-el-homicidio-de-un-hombre-de-43-anos\\\/#article\",\"isPartOf\":{\"@id\":\"https:\\\/\\\/cvinoticias.com\\\/v3\\\/dos-hermanas-investigan-el-homicidio-de-un-hombre-de-43-anos\\\/\"},\"author\":{\"name\":\"f1000024\",\"@id\":\"https:\\\/\\\/cvinoticias.com\\\/v3\\\/#\\\/schema\\\/person\\\/2db77e3c6bc03c538495d7b2b8be9b66\"},\"headline\":\"Dos Hermanas: Investigan el homicidio de un hombre de 43 a\u00f1os\",\"datePublished\":\"2021-09-06T11:22:02+00:00\",\"mainEntityOfPage\":{\"@id\":\"https:\\\/\\\/cvinoticias.com\\\/v3\\\/dos-hermanas-investigan-el-homicidio-de-un-hombre-de-43-anos\\\/\"},\"wordCount\":183,\"commentCount\":0,\"publisher\":{\"@id\":\"https:\\\/\\\/cvinoticias.com\\\/v3\\\/#organization\"},\"image\":{\"@id\":\"https:\\\/\\\/cvinoticias.com\\\/v3\\\/dos-hermanas-investigan-el-homicidio-de-un-hombre-de-43-anos\\\/#primaryimage\"},\"thumbnailUrl\":\"https:\\\/\\\/cvinoticias.com\\\/wp-content\\\/uploads\\\/2021\\\/09\\\/IMG-20210906-WA0003.jpg\",\"articleSection\":[\"Policiales\"],\"inLanguage\":\"es\",\"potentialAction\":[{\"@type\":\"CommentAction\",\"name\":\"Comment\",\"target\":[\"https:\\\/\\\/cvinoticias.com\\\/v3\\\/dos-hermanas-investigan-el-homicidio-de-un-hombre-de-43-anos\\\/#respond\"]}]},{\"@type\":\"WebPage\",\"@id\":\"https:\\\/\\\/cvinoticias.com\\\/v3\\\/dos-hermanas-investigan-el-homicidio-de-un-hombre-de-43-anos\\\/\",\"url\":\"https:\\\/\\\/cvinoticias.com\\\/v3\\\/dos-hermanas-investigan-el-homicidio-de-un-hombre-de-43-anos\\\/\",\"name\":\"Dos Hermanas: Investigan el homicidio de un hombre de 43 a\u00f1os | CVI NOTICIAS\",\"isPartOf\":{\"@id\":\"https:\\\/\\\/cvinoticias.com\\\/v3\\\/#website\"},\"primaryImageOfPage\":{\"@id\":\"https:\\\/\\\/cvinoticias.com\\\/v3\\\/dos-hermanas-investigan-el-homicidio-de-un-hombre-de-43-anos\\\/#primaryimage\"},\"image\":{\"@id\":\"https:\\\/\\\/cvinoticias.com\\\/v3\\\/dos-hermanas-investigan-el-homicidio-de-un-hombre-de-43-anos\\\/#primaryimage\"},\"thumbnailUrl\":\"https:\\\/\\\/cvinoticias.com\\\/wp-content\\\/uploads\\\/2021\\\/09\\\/IMG-20210906-WA0003.jpg\",\"datePublished\":\"2021-09-06T11:22:02+00:00\",\"breadcrumb\":{\"@id\":\"https:\\\/\\\/cvinoticias.com\\\/v3\\\/dos-hermanas-investigan-el-homicidio-de-un-hombre-de-43-anos\\\/#breadcrumb\"},\"inLanguage\":\"es\",\"potentialAction\":[{\"@type\":\"ReadAction\",\"target\":[\"https:\\\/\\\/cvinoticias.com\\\/v3\\\/dos-hermanas-investigan-el-homicidio-de-un-hombre-de-43-anos\\\/\"]}]},{\"@type\":\"ImageObject\",\"inLanguage\":\"es\",\"@id\":\"https:\\\/\\\/cvinoticias.com\\\/v3\\\/dos-hermanas-investigan-el-homicidio-de-un-hombre-de-43-anos\\\/#primaryimage\",\"url\":\"https:\\\/\\\/cvinoticias.com\\\/wp-content\\\/uploads\\\/2021\\\/09\\\/IMG-20210906-WA0003.jpg\",\"contentUrl\":\"https:\\\/\\\/cvinoticias.com\\\/wp-content\\\/uploads\\\/2021\\\/09\\\/IMG-20210906-WA0003.jpg\",\"width\":816,\"height\":459},{\"@type\":\"BreadcrumbList\",\"@id\":\"https:\\\/\\\/cvinoticias.com\\\/v3\\\/dos-hermanas-investigan-el-homicidio-de-un-hombre-de-43-anos\\\/#breadcrumb\",\"itemListElement\":[{\"@type\":\"ListItem\",\"position\":1,\"name\":\"Portada\",\"item\":\"https:\\\/\\\/cvinoticias.com\\\/v3\\\/\"},{\"@type\":\"ListItem\",\"position\":2,\"name\":\"Dos Hermanas: Investigan el homicidio de un hombre de 43 a\u00f1os\"}]},{\"@type\":\"WebSite\",\"@id\":\"https:\\\/\\\/cvinoticias.com\\\/v3\\\/#website\",\"url\":\"https:\\\/\\\/cvinoticias.com\\\/v3\\\/\",\"name\":\"CVI NOTICIAS\",\"description\":\"\",\"publisher\":{\"@id\":\"https:\\\/\\\/cvinoticias.com\\\/v3\\\/#organization\"},\"alternateName\":\"CVI\",\"potentialAction\":[{\"@type\":\"SearchAction\",\"target\":{\"@type\":\"EntryPoint\",\"urlTemplate\":\"https:\\\/\\\/cvinoticias.com\\\/v3\\\/?s={search_term_string}\"},\"query-input\":{\"@type\":\"PropertyValueSpecification\",\"valueRequired\":true,\"valueName\":\"search_term_string\"}}],\"inLanguage\":\"es\"},{\"@type\":\"Organization\",\"@id\":\"https:\\\/\\\/cvinoticias.com\\\/v3\\\/#organization\",\"name\":\"CVI NOTICIAS\",\"url\":\"https:\\\/\\\/cvinoticias.com\\\/v3\\\/\",\"logo\":{\"@type\":\"ImageObject\",\"inLanguage\":\"es\",\"@id\":\"https:\\\/\\\/cvinoticias.com\\\/v3\\\/#\\\/schema\\\/logo\\\/image\\\/\",\"url\":\"https:\\\/\\\/cvinoticias.com\\\/wp-content\\\/uploads\\\/2023\\\/04\\\/cropped-cropped-cropped-cropped-cropped-3-1.png\",\"contentUrl\":\"https:\\\/\\\/cvinoticias.com\\\/wp-content\\\/uploads\\\/2023\\\/04\\\/cropped-cropped-cropped-cropped-cropped-3-1.png\",\"width\":95,\"height\":122,\"caption\":\"CVI NOTICIAS\"},\"image\":{\"@id\":\"https:\\\/\\\/cvinoticias.com\\\/v3\\\/#\\\/schema\\\/logo\\\/image\\\/\"},\"sameAs\":[\"https:\\\/\\\/www.facebook.com\\\/cvinoticias\",\"https:\\\/\\\/www.instagram.com\\\/cvinoticias\\\/\",\"https:\\\/\\\/www.youtube.com\\\/@CVINOTICIAS\"]},{\"@type\":\"Person\",\"@id\":\"https:\\\/\\\/cvinoticias.com\\\/v3\\\/#\\\/schema\\\/person\\\/2db77e3c6bc03c538495d7b2b8be9b66\",\"name\":\"f1000024\",\"image\":{\"@type\":\"ImageObject\",\"inLanguage\":\"es\",\"@id\":\"https:\\\/\\\/secure.gravatar.com\\\/avatar\\\/d4fe7459cfc51ff5129ce1a732bbef5928568b8092d412ef95611616376bbeed?s=96&d=mm&r=g\",\"url\":\"https:\\\/\\\/secure.gravatar.com\\\/avatar\\\/d4fe7459cfc51ff5129ce1a732bbef5928568b8092d412ef95611616376bbeed?s=96&d=mm&r=g\",\"contentUrl\":\"https:\\\/\\\/secure.gravatar.com\\\/avatar\\\/d4fe7459cfc51ff5129ce1a732bbef5928568b8092d412ef95611616376bbeed?s=96&d=mm&r=g\",\"caption\":\"f1000024\"},\"url\":\"https:\\\/\\\/cvinoticias.com\\\/v3\\\/author\\\/f1000024\\\/\"}]}<\/script>\n<!-- \/ Yoast SEO plugin. -->","yoast_head_json":{"title":"Dos Hermanas: Investigan el homicidio de un hombre de 43 a\u00f1os | CVI NOTICIAS","robots":{"index":"index","follow":"follow","max-snippet":"max-snippet:-1","max-image-preview":"max-image-preview:large","max-video-preview":"max-video-preview:-1"},"canonical":"https:\/\/cvinoticias.com\/v3\/dos-hermanas-investigan-el-homicidio-de-un-hombre-de-43-anos\/","og_locale":"es_ES","og_type":"article","og_title":"Dos Hermanas: Investigan el homicidio de un hombre de 43 a\u00f1os | CVI NOTICIAS","og_description":"Aproximadamente a las 19:40 horas del domingo, se tom\u00f3 conocimiento que en una vivienda del Paraje Laguna Azul, un hombre se encontraba sin vida. Al llegar al lugar, efectivos de la comisar\u00eda local constataron que Roberto Juan Vargas de 43 a\u00f1os no ten\u00eda signos vitales. Seg\u00fan los datos obtenidos en el lugar del hecho, la [&hellip;]","og_url":"https:\/\/cvinoticias.com\/v3\/dos-hermanas-investigan-el-homicidio-de-un-hombre-de-43-anos\/","og_site_name":"CVI NOTICIAS","article_publisher":"https:\/\/www.facebook.com\/cvinoticias","article_published_time":"2021-09-06T11:22:02+00:00","og_image":[{"width":816,"height":459,"url":"https:\/\/cvinoticias.com\/wp-content\/uploads\/2021\/09\/IMG-20210906-WA0003.jpg","type":"image\/jpeg"}],"author":"f1000024","twitter_card":"summary_large_image","twitter_misc":{"Escrito por":"f1000024","Tiempo de lectura":"1 minuto"},"schema":{"@context":"https:\/\/schema.org","@graph":[{"@type":"Article","@id":"https:\/\/cvinoticias.com\/v3\/dos-hermanas-investigan-el-homicidio-de-un-hombre-de-43-anos\/#article","isPartOf":{"@id":"https:\/\/cvinoticias.com\/v3\/dos-hermanas-investigan-el-homicidio-de-un-hombre-de-43-anos\/"},"author":{"name":"f1000024","@id":"https:\/\/cvinoticias.com\/v3\/#\/schema\/person\/2db77e3c6bc03c538495d7b2b8be9b66"},"headline":"Dos Hermanas: Investigan el homicidio de un hombre de 43 a\u00f1os","datePublished":"2021-09-06T11:22:02+00:00","mainEntityOfPage":{"@id":"https:\/\/cvinoticias.com\/v3\/dos-hermanas-investigan-el-homicidio-de-un-hombre-de-43-anos\/"},"wordCount":183,"commentCount":0,"publisher":{"@id":"https:\/\/cvinoticias.com\/v3\/#organization"},"image":{"@id":"https:\/\/cvinoticias.com\/v3\/dos-hermanas-investigan-el-homicidio-de-un-hombre-de-43-anos\/#primaryimage"},"thumbnailUrl":"https:\/\/cvinoticias.com\/wp-content\/uploads\/2021\/09\/IMG-20210906-WA0003.jpg","articleSection":["Policiales"],"inLanguage":"es","potentialAction":[{"@type":"CommentAction","name":"Comment","target":["https:\/\/cvinoticias.com\/v3\/dos-hermanas-investigan-el-homicidio-de-un-hombre-de-43-anos\/#respond"]}]},{"@type":"WebPage","@id":"https:\/\/cvinoticias.com\/v3\/dos-hermanas-investigan-el-homicidio-de-un-hombre-de-43-anos\/","url":"https:\/\/cvinoticias.com\/v3\/dos-hermanas-investigan-el-homicidio-de-un-hombre-de-43-anos\/","name":"Dos Hermanas: Investigan el homicidio de un hombre de 43 a\u00f1os | CVI NOTICIAS","isPartOf":{"@id":"https:\/\/cvinoticias.com\/v3\/#website"},"primaryImageOfPage":{"@id":"https:\/\/cvinoticias.com\/v3\/dos-hermanas-investigan-el-homicidio-de-un-hombre-de-43-anos\/#primaryimage"},"image":{"@id":"https:\/\/cvinoticias.com\/v3\/dos-hermanas-investigan-el-homicidio-de-un-hombre-de-43-anos\/#primaryimage"},"thumbnailUrl":"https:\/\/cvinoticias.com\/wp-content\/uploads\/2021\/09\/IMG-20210906-WA0003.jpg","datePublished":"2021-09-06T11:22:02+00:00","breadcrumb":{"@id":"https:\/\/cvinoticias.com\/v3\/dos-hermanas-investigan-el-homicidio-de-un-hombre-de-43-anos\/#breadcrumb"},"inLanguage":"es","potentialAction":[{"@type":"ReadAction","target":["https:\/\/cvinoticias.com\/v3\/dos-hermanas-investigan-el-homicidio-de-un-hombre-de-43-anos\/"]}]},{"@type":"ImageObject","inLanguage":"es","@id":"https:\/\/cvinoticias.com\/v3\/dos-hermanas-investigan-el-homicidio-de-un-hombre-de-43-anos\/#primaryimage","url":"https:\/\/cvinoticias.com\/wp-content\/uploads\/2021\/09\/IMG-20210906-WA0003.jpg","contentUrl":"https:\/\/cvinoticias.com\/wp-content\/uploads\/2021\/09\/IMG-20210906-WA0003.jpg","width":816,"height":459},{"@type":"BreadcrumbList","@id":"https:\/\/cvinoticias.com\/v3\/dos-hermanas-investigan-el-homicidio-de-un-hombre-de-43-anos\/#breadcrumb","itemListElement":[{"@type":"ListItem","position":1,"name":"Portada","item":"https:\/\/cvinoticias.com\/v3\/"},{"@type":"ListItem","position":2,"name":"Dos Hermanas: Investigan el homicidio de un hombre de 43 a\u00f1os"}]},{"@type":"WebSite","@id":"https:\/\/cvinoticias.com\/v3\/#website","url":"https:\/\/cvinoticias.com\/v3\/","name":"CVI NOTICIAS","description":"","publisher":{"@id":"https:\/\/cvinoticias.com\/v3\/#organization"},"alternateName":"CVI","potentialAction":[{"@type":"SearchAction","target":{"@type":"EntryPoint","urlTemplate":"https:\/\/cvinoticias.com\/v3\/?s={search_term_string}"},"query-input":{"@type":"PropertyValueSpecification","valueRequired":true,"valueName":"search_term_string"}}],"inLanguage":"es"},{"@type":"Organization","@id":"https:\/\/cvinoticias.com\/v3\/#organization","name":"CVI NOTICIAS","url":"https:\/\/cvinoticias.com\/v3\/","logo":{"@type":"ImageObject","inLanguage":"es","@id":"https:\/\/cvinoticias.com\/v3\/#\/schema\/logo\/image\/","url":"https:\/\/cvinoticias.com\/wp-content\/uploads\/2023\/04\/cropped-cropped-cropped-cropped-cropped-3-1.png","contentUrl":"https:\/\/cvinoticias.com\/wp-content\/uploads\/2023\/04\/cropped-cropped-cropped-cropped-cropped-3-1.png","width":95,"height":122,"caption":"CVI NOTICIAS"},"image":{"@id":"https:\/\/cvinoticias.com\/v3\/#\/schema\/logo\/image\/"},"sameAs":["https:\/\/www.facebook.com\/cvinoticias","https:\/\/www.instagram.com\/cvinoticias\/","https:\/\/www.youtube.com\/@CVINOTICIAS"]},{"@type":"Person","@id":"https:\/\/cvinoticias.com\/v3\/#\/schema\/person\/2db77e3c6bc03c538495d7b2b8be9b66","name":"f1000024","image":{"@type":"ImageObject","inLanguage":"es","@id":"https:\/\/secure.gravatar.com\/avatar\/d4fe7459cfc51ff5129ce1a732bbef5928568b8092d412ef95611616376bbeed?s=96&d=mm&r=g","url":"https:\/\/secure.gravatar.com\/avatar\/d4fe7459cfc51ff5129ce1a732bbef5928568b8092d412ef95611616376bbeed?s=96&d=mm&r=g","contentUrl":"https:\/\/secure.gravatar.com\/avatar\/d4fe7459cfc51ff5129ce1a732bbef5928568b8092d412ef95611616376bbeed?s=96&d=mm&r=g","caption":"f1000024"},"url":"https:\/\/cvinoticias.com\/v3\/author\/f1000024\/"}]}},"_links":{"self":[{"href":"https:\/\/cvinoticias.com\/v3\/wp-json\/wp\/v2\/posts\/8251","targetHints":{"allow":["GET"]}}],"collection":[{"href":"https:\/\/cvinoticias.com\/v3\/wp-json\/wp\/v2\/posts"}],"about":[{"href":"https:\/\/cvinoticias.com\/v3\/wp-json\/wp\/v2\/types\/post"}],"author":[{"embeddable":true,"href":"https:\/\/cvinoticias.com\/v3\/wp-json\/wp\/v2\/users\/2"}],"replies":[{"embeddable":true,"href":"https:\/\/cvinoticias.com\/v3\/wp-json\/wp\/v2\/comments?post=8251"}],"version-history":[{"count":1,"href":"https:\/\/cvinoticias.com\/v3\/wp-json\/wp\/v2\/posts\/8251\/revisions"}],"predecessor-version":[{"id":8253,"href":"https:\/\/cvinoticias.com\/v3\/wp-json\/wp\/v2\/posts\/8251\/revisions\/8253"}],"wp:featuredmedia":[{"embeddable":true,"href":"https:\/\/cvinoticias.com\/v3\/wp-json\/wp\/v2\/media\/8252"}],"wp:attachment":[{"href":"https:\/\/cvinoticias.com\/v3\/wp-json\/wp\/v2\/media?parent=8251"}],"wp:term":[{"taxonomy":"category","embeddable":true,"href":"https:\/\/cvinoticias.com\/v3\/wp-json\/wp\/v2\/categories?post=8251"},{"taxonomy":"post_tag","embeddable":true,"href":"https:\/\/cvinoticias.com\/v3\/wp-json\/wp\/v2\/tags?post=8251"}],"curies":[{"name":"wp","href":"https:\/\/api.w.org\/{rel}","templated":true}]}}