{"id":8240,"date":"2021-09-06T04:52:57","date_gmt":"2021-09-06T04:52:57","guid":{"rendered":"https:\/\/cvinoticias.com\/v3\/?p=8240"},"modified":"2021-09-06T04:52:57","modified_gmt":"2021-09-06T04:52:57","slug":"en-misiones-hay-mas-trabajadores-de-la-economia-popular-que-empleo-privado-registrado","status":"publish","type":"post","link":"https:\/\/cvinoticias.com\/v3\/en-misiones-hay-mas-trabajadores-de-la-economia-popular-que-empleo-privado-registrado\/","title":{"rendered":"En Misiones hay m\u00e1s trabajadores de la Econom\u00eda Popular que empleo privado registrado"},"content":{"rendered":"\n<p><em><strong>Un informe del Ministerio de Desarrollo Social de la Naci\u00f3n, presentado el pasado 30 de agosto por el ministro Juan Zabaleta en Villa Lugano, detall\u00f3 que Misiones tiene registrados 113.540 trabajadores y trabajadoras de la Econom\u00eda Popular, y s\u00f3lo 106.191 personas empleadas asalariadas en el sector privado.<\/strong><\/em><\/p>\n\n\n\n<p>El informe presentado contiene informaci\u00f3n sobre el Registro Nacional de Trabajadores\/as de la Econom\u00eda Popular (ReNaTEP), y se\u00f1ala que en los \u00faltimos 6 meses se registraron 736.670 personas, un 35,2% m\u00e1s de las 2.093.850 personas que hab\u00edan registradas desde julio de 2020.<\/p>\n\n\n\n<p>El ministro de Desarrollo Social de la Naci\u00f3n, \u201cJuanchi\u201d Zabaleta, present\u00f3 junto a algunos de sus funcionarios subalternos un informe respecto del ReNaTEP, en donde se pudo observar caracter\u00edsticas sobre las 2.830.520 personas que se hab\u00edan inscripto hasta el 11 de agosto, desde que se lanz\u00f3 el empadronamiento en julio de 2020. Este trabajo tambi\u00e9n arrojo la sorprendente noticia de que en 7 provincias del pa\u00eds el n\u00famero de trabajadores\/as de la econom\u00eda popular registradas es mayor que el empleo privado registrado.<\/p>\n\n\n\n<p>El Registro fue creado por una resoluci\u00f3n del predecesor de Zabaleta en Desarrollo Social, Daniel Arroyo. El por entonces ministro concedi\u00f3 uno de los pedidos de los representantes del primer sindicato de trabajadores de la econom\u00eda popular, la UTEP (Uni\u00f3n de Trabajadores\/as de la Econom\u00eda Popular).<\/p>\n\n\n\n<p>As\u00ed, dio cuerpo a la estrategia que llevar\u00eda adelante su Ministerio para contener a un gran grupo de trabajadores\/as que se consideran \u201cexcluidos\u201d del sistema capitalista, por lo general personas de barrios populares que son el \u00faltimo eslab\u00f3n de la pir\u00e1mide social. Se caen de la base.<\/p>\n\n\n\n<p>Desde entonces, desde julio de 2020, se han registrado m\u00e1s de 2,8 millones de personas. Dentro de \u00e9stas hay una salvedad imposible de obviar. Muchas de ellas (aunque resulta dif\u00edcil dilucidar qu\u00e9 porcentaje) llegan a este registro de la mano de organizaciones sociales, bajo el manto de las cu\u00e1les organizan Unidades Productivas Populares, realizan trabajos \u201cinformales\u201d, y tienen acceso al monotributo social y un Salario Social Complementario. Sin embargo, el dise\u00f1o del ReNaTEP allan\u00f3 el camino para que personas que no forman parte de estas estructuras puedan acceder por su cuenta al registro y a los beneficios.<\/p>\n\n\n\n<p>Este registro permite comparar c\u00f3mo se componen las dos formas de empleo privado en Argentina, el empleo formal privado d\u00f3nde hab\u00eda 6.548.716 personas al 11 de agosto, y el sector de las econom\u00edas populares inscriptas al ReNaTEP:<\/p>\n\n\n\n<p>De este mismo informe se desprende la realidad de que hay 7 provincias del pa\u00eds donde se repite una realidad cruda. Esta modalidad de empleo \u201cde los m\u00e1rgenes\u201d ha llegado a emplear m\u00e1s personas que la actividad privada formal. Catamarca, Chaco, Formosa, Jujuy, Misiones, Salta y Santiago del Estero revelan esta inefable realidad, de la cual la centralidad de las campa\u00f1as electorales ha alcanzado con poco eco.<\/p>\n\n\n\n<p><strong>La econom\u00eda popular<\/strong><\/p>\n\n\n\n<p>En Argentina, desde 2011 existe una organizaci\u00f3n de la econom\u00eda social que se volvi\u00f3 central en el mapa del empleo nacional, la Confederaci\u00f3n de Trabajadores\/as de la Econom\u00eda Popular. En los inicios del segundo mandato de Cristina Fern\u00e1ndez de Kirchner como presidenta de la Naci\u00f3n, y producto de la alta informalidad (de hasta un tercio de la PEA, seg\u00fan qui\u00e9n denunciaba) que se observaba en el mercado de trabajo nacional, un conjunto de organizaciones sociales se agrupaba para encontrar identidad sindical para los sectores postergados a los que representaban.<\/p>\n\n\n\n<p><em>\u201cA los m\u00e1s pobres se les hab\u00eda robado la identidad de trabajadores\/as. Incluso nosotros hab\u00edamos ca\u00eddo en esa trampa, organizaciones sociales que se llamaban a s\u00ed \u2018movimientos de desocupados\u2019\u201d contaba el dirigente del MTE, Juan Grabois, en una charla para militantes. \u201cComo si las compa\u00f1eras, en sus casas y en sus barrios, desarrollando tareas de cuidado no estuviesen trabajando\u201d, concluy\u00f3.<\/em><\/p>\n\n\n\n<p>Una vez que CFK autoriz\u00f3 la personer\u00eda social y no gremial de la CTEP, a la salida de su segundo mandato presidencial, el conjunto de organizaciones continu\u00f3 motorizando la inclusi\u00f3n de su sector en la agenda de pol\u00edticas sociales de la Argentina. En la presidencia de Mauricio Macri, el rol de la econom\u00eda popular se increment\u00f3 a partir de la Ley de Emergencia Social (donde se reconoce a estos trabajadores), y la inclusi\u00f3n del Salario Social Complementario como una herramienta de compensaci\u00f3n estatal (de medio Salario M\u00ednimo, Vital y M\u00f3vil) para completar los ingresos de un trabajador\/a que realiza tareas no remuneradas o informales.<\/p>\n\n\n\n<p>Sin embargo, tambi\u00e9n reflexionaba Grabois, el SSC no constituye un Salario Universal ni la soluci\u00f3n a la precariedad de origen de estas actividades productivas, pero s\u00ed \u201cforma parte de un proceso de organizaci\u00f3n pol\u00edtico sindical de los excluidos\u201d. Contaba, en su \u00faltima visita a la tierra colorada, que estas organizaciones (que lograron en 2019 el reconocimiento sindical mediante la UTEP) proponen al Estado un modelo de organizaci\u00f3n planificada de estas actividades productivas.<\/p>\n\n\n\n<p>Exigen que el debate sobre c\u00f3mo integrarse ellos al marco de derechos laborales y seguridad social que se garantizan a los asalariados formales es urgente. Y que un camino, el que proponen desde este sector, es que el Estado proponga planificar c\u00f3mo estas personas ca\u00eddas del marco del sistema puedan volver a \u00e9l realizando tareas en sus propios barrios. Colaborando con la educaci\u00f3n o la salud de su comunidad en bachilleres populares o brigadas de salud, realizando las tareas de limpieza ciudadana (que hoy ya est\u00e1n haciendo, y funciona como caso testigo), gestionando los cuidados comunitarios para las familias que necesitan un lugar para que sus ni\u00f1os\/as est\u00e9n a resguardo mientras los adultos trabajan.<\/p>\n\n\n\n<p>Es un debate que atraviesa al mundo y que habr\u00e1 que dar en la tierra colorada, porque los excluidos de hoy han superado a ese \u201cej\u00e9rcito de reserva\u201d del capitalismo que suele ser sostenido en los m\u00e1rgenes para el abaratamiento de la fuerza laboral, incluso en procesos virtuosos de industrializaci\u00f3n.<\/p>\n\n\n\n<p>Cartoneras, pescadoras, manteras y puesteras de ferias, vendedores ambulantes, peque\u00f1as agricultoras de los cordones periurbanos de las ciudades. En femenino, porque la pobreza tiene cara de mujer; 2.830.520 personas que subsisten en la mayor de las derivas que ofrece la vida moderna.<\/p>\n","protected":false},"excerpt":{"rendered":"<p>Un informe del Ministerio de Desarrollo Social de la Naci\u00f3n, presentado el pasado 30 de agosto por el ministro Juan Zabaleta en Villa Lugano, detall\u00f3 que Misiones tiene registrados 113.540 trabajadores y trabajadoras de la Econom\u00eda Popular, y s\u00f3lo 106.191 personas empleadas asalariadas en el sector privado. El informe presentado contiene informaci\u00f3n sobre el Registro [&hellip;]<\/p>\n","protected":false},"author":2,"featured_media":8241,"comment_status":"open","ping_status":"open","sticky":false,"template":"","format":"standard","meta":{"footnotes":""},"categories":[35],"tags":[],"class_list":["post-8240","post","type-post","status-publish","format-standard","has-post-thumbnail","hentry","category-informacion-general"],"yoast_head":"<!-- This site is optimized with the Yoast SEO plugin v27.5 - https:\/\/yoast.com\/product\/yoast-seo-wordpress\/ -->\n<title>En Misiones hay m\u00e1s trabajadores de la Econom\u00eda Popular que empleo privado registrado | CVI NOTICIAS<\/title>\n<meta name=\"robots\" content=\"index, follow, max-snippet:-1, max-image-preview:large, max-video-preview:-1\" \/>\n<link rel=\"canonical\" href=\"https:\/\/cvinoticias.com\/v3\/en-misiones-hay-mas-trabajadores-de-la-economia-popular-que-empleo-privado-registrado\/\" \/>\n<meta property=\"og:locale\" content=\"es_ES\" \/>\n<meta property=\"og:type\" content=\"article\" \/>\n<meta property=\"og:title\" content=\"En Misiones hay m\u00e1s trabajadores de la Econom\u00eda Popular que empleo privado registrado | CVI NOTICIAS\" \/>\n<meta property=\"og:description\" content=\"Un informe del Ministerio de Desarrollo Social de la Naci\u00f3n, presentado el pasado 30 de agosto por el ministro Juan Zabaleta en Villa Lugano, detall\u00f3 que Misiones tiene registrados 113.540 trabajadores y trabajadoras de la Econom\u00eda Popular, y s\u00f3lo 106.191 personas empleadas asalariadas en el sector privado. El informe presentado contiene informaci\u00f3n sobre el Registro [&hellip;]\" \/>\n<meta property=\"og:url\" content=\"https:\/\/cvinoticias.com\/v3\/en-misiones-hay-mas-trabajadores-de-la-economia-popular-que-empleo-privado-registrado\/\" \/>\n<meta property=\"og:site_name\" content=\"CVI NOTICIAS\" \/>\n<meta property=\"article:publisher\" content=\"https:\/\/www.facebook.com\/cvinoticias\" \/>\n<meta property=\"article:published_time\" content=\"2021-09-06T04:52:57+00:00\" \/>\n<meta property=\"og:image\" content=\"https:\/\/cvinoticias.com\/wp-content\/uploads\/2021\/09\/Screenshot_20210906-015218_Facebook.jpg\" \/>\n\t<meta property=\"og:image:width\" content=\"879\" \/>\n\t<meta property=\"og:image:height\" content=\"1412\" \/>\n\t<meta property=\"og:image:type\" content=\"image\/jpeg\" \/>\n<meta name=\"author\" content=\"f1000024\" \/>\n<meta name=\"twitter:card\" content=\"summary_large_image\" \/>\n<meta name=\"twitter:label1\" content=\"Escrito por\" \/>\n\t<meta name=\"twitter:data1\" content=\"f1000024\" \/>\n\t<meta name=\"twitter:label2\" content=\"Tiempo de lectura\" \/>\n\t<meta name=\"twitter:data2\" content=\"5 minutos\" \/>\n<script type=\"application\/ld+json\" class=\"yoast-schema-graph\">{\"@context\":\"https:\\\/\\\/schema.org\",\"@graph\":[{\"@type\":\"Article\",\"@id\":\"https:\\\/\\\/cvinoticias.com\\\/v3\\\/en-misiones-hay-mas-trabajadores-de-la-economia-popular-que-empleo-privado-registrado\\\/#article\",\"isPartOf\":{\"@id\":\"https:\\\/\\\/cvinoticias.com\\\/v3\\\/en-misiones-hay-mas-trabajadores-de-la-economia-popular-que-empleo-privado-registrado\\\/\"},\"author\":{\"name\":\"f1000024\",\"@id\":\"https:\\\/\\\/cvinoticias.com\\\/v3\\\/#\\\/schema\\\/person\\\/2db77e3c6bc03c538495d7b2b8be9b66\"},\"headline\":\"En Misiones hay m\u00e1s trabajadores de la Econom\u00eda Popular que empleo privado registrado\",\"datePublished\":\"2021-09-06T04:52:57+00:00\",\"mainEntityOfPage\":{\"@id\":\"https:\\\/\\\/cvinoticias.com\\\/v3\\\/en-misiones-hay-mas-trabajadores-de-la-economia-popular-que-empleo-privado-registrado\\\/\"},\"wordCount\":1074,\"commentCount\":0,\"publisher\":{\"@id\":\"https:\\\/\\\/cvinoticias.com\\\/v3\\\/#organization\"},\"image\":{\"@id\":\"https:\\\/\\\/cvinoticias.com\\\/v3\\\/en-misiones-hay-mas-trabajadores-de-la-economia-popular-que-empleo-privado-registrado\\\/#primaryimage\"},\"thumbnailUrl\":\"https:\\\/\\\/cvinoticias.com\\\/wp-content\\\/uploads\\\/2021\\\/09\\\/Screenshot_20210906-015218_Facebook.jpg\",\"articleSection\":[\"Informaci\u00f3n General\"],\"inLanguage\":\"es\",\"potentialAction\":[{\"@type\":\"CommentAction\",\"name\":\"Comment\",\"target\":[\"https:\\\/\\\/cvinoticias.com\\\/v3\\\/en-misiones-hay-mas-trabajadores-de-la-economia-popular-que-empleo-privado-registrado\\\/#respond\"]}]},{\"@type\":\"WebPage\",\"@id\":\"https:\\\/\\\/cvinoticias.com\\\/v3\\\/en-misiones-hay-mas-trabajadores-de-la-economia-popular-que-empleo-privado-registrado\\\/\",\"url\":\"https:\\\/\\\/cvinoticias.com\\\/v3\\\/en-misiones-hay-mas-trabajadores-de-la-economia-popular-que-empleo-privado-registrado\\\/\",\"name\":\"En Misiones hay m\u00e1s trabajadores de la Econom\u00eda Popular que empleo privado registrado | CVI NOTICIAS\",\"isPartOf\":{\"@id\":\"https:\\\/\\\/cvinoticias.com\\\/v3\\\/#website\"},\"primaryImageOfPage\":{\"@id\":\"https:\\\/\\\/cvinoticias.com\\\/v3\\\/en-misiones-hay-mas-trabajadores-de-la-economia-popular-que-empleo-privado-registrado\\\/#primaryimage\"},\"image\":{\"@id\":\"https:\\\/\\\/cvinoticias.com\\\/v3\\\/en-misiones-hay-mas-trabajadores-de-la-economia-popular-que-empleo-privado-registrado\\\/#primaryimage\"},\"thumbnailUrl\":\"https:\\\/\\\/cvinoticias.com\\\/wp-content\\\/uploads\\\/2021\\\/09\\\/Screenshot_20210906-015218_Facebook.jpg\",\"datePublished\":\"2021-09-06T04:52:57+00:00\",\"breadcrumb\":{\"@id\":\"https:\\\/\\\/cvinoticias.com\\\/v3\\\/en-misiones-hay-mas-trabajadores-de-la-economia-popular-que-empleo-privado-registrado\\\/#breadcrumb\"},\"inLanguage\":\"es\",\"potentialAction\":[{\"@type\":\"ReadAction\",\"target\":[\"https:\\\/\\\/cvinoticias.com\\\/v3\\\/en-misiones-hay-mas-trabajadores-de-la-economia-popular-que-empleo-privado-registrado\\\/\"]}]},{\"@type\":\"ImageObject\",\"inLanguage\":\"es\",\"@id\":\"https:\\\/\\\/cvinoticias.com\\\/v3\\\/en-misiones-hay-mas-trabajadores-de-la-economia-popular-que-empleo-privado-registrado\\\/#primaryimage\",\"url\":\"https:\\\/\\\/cvinoticias.com\\\/wp-content\\\/uploads\\\/2021\\\/09\\\/Screenshot_20210906-015218_Facebook.jpg\",\"contentUrl\":\"https:\\\/\\\/cvinoticias.com\\\/wp-content\\\/uploads\\\/2021\\\/09\\\/Screenshot_20210906-015218_Facebook.jpg\",\"width\":879,\"height\":1412},{\"@type\":\"BreadcrumbList\",\"@id\":\"https:\\\/\\\/cvinoticias.com\\\/v3\\\/en-misiones-hay-mas-trabajadores-de-la-economia-popular-que-empleo-privado-registrado\\\/#breadcrumb\",\"itemListElement\":[{\"@type\":\"ListItem\",\"position\":1,\"name\":\"Portada\",\"item\":\"https:\\\/\\\/cvinoticias.com\\\/v3\\\/\"},{\"@type\":\"ListItem\",\"position\":2,\"name\":\"En Misiones hay m\u00e1s trabajadores de la Econom\u00eda Popular que empleo privado registrado\"}]},{\"@type\":\"WebSite\",\"@id\":\"https:\\\/\\\/cvinoticias.com\\\/v3\\\/#website\",\"url\":\"https:\\\/\\\/cvinoticias.com\\\/v3\\\/\",\"name\":\"CVI NOTICIAS\",\"description\":\"\",\"publisher\":{\"@id\":\"https:\\\/\\\/cvinoticias.com\\\/v3\\\/#organization\"},\"alternateName\":\"CVI\",\"potentialAction\":[{\"@type\":\"SearchAction\",\"target\":{\"@type\":\"EntryPoint\",\"urlTemplate\":\"https:\\\/\\\/cvinoticias.com\\\/v3\\\/?s={search_term_string}\"},\"query-input\":{\"@type\":\"PropertyValueSpecification\",\"valueRequired\":true,\"valueName\":\"search_term_string\"}}],\"inLanguage\":\"es\"},{\"@type\":\"Organization\",\"@id\":\"https:\\\/\\\/cvinoticias.com\\\/v3\\\/#organization\",\"name\":\"CVI NOTICIAS\",\"url\":\"https:\\\/\\\/cvinoticias.com\\\/v3\\\/\",\"logo\":{\"@type\":\"ImageObject\",\"inLanguage\":\"es\",\"@id\":\"https:\\\/\\\/cvinoticias.com\\\/v3\\\/#\\\/schema\\\/logo\\\/image\\\/\",\"url\":\"https:\\\/\\\/cvinoticias.com\\\/wp-content\\\/uploads\\\/2023\\\/04\\\/cropped-cropped-cropped-cropped-cropped-3-1.png\",\"contentUrl\":\"https:\\\/\\\/cvinoticias.com\\\/wp-content\\\/uploads\\\/2023\\\/04\\\/cropped-cropped-cropped-cropped-cropped-3-1.png\",\"width\":95,\"height\":122,\"caption\":\"CVI NOTICIAS\"},\"image\":{\"@id\":\"https:\\\/\\\/cvinoticias.com\\\/v3\\\/#\\\/schema\\\/logo\\\/image\\\/\"},\"sameAs\":[\"https:\\\/\\\/www.facebook.com\\\/cvinoticias\",\"https:\\\/\\\/www.instagram.com\\\/cvinoticias\\\/\",\"https:\\\/\\\/www.youtube.com\\\/@CVINOTICIAS\"]},{\"@type\":\"Person\",\"@id\":\"https:\\\/\\\/cvinoticias.com\\\/v3\\\/#\\\/schema\\\/person\\\/2db77e3c6bc03c538495d7b2b8be9b66\",\"name\":\"f1000024\",\"image\":{\"@type\":\"ImageObject\",\"inLanguage\":\"es\",\"@id\":\"https:\\\/\\\/secure.gravatar.com\\\/avatar\\\/d4fe7459cfc51ff5129ce1a732bbef5928568b8092d412ef95611616376bbeed?s=96&d=mm&r=g\",\"url\":\"https:\\\/\\\/secure.gravatar.com\\\/avatar\\\/d4fe7459cfc51ff5129ce1a732bbef5928568b8092d412ef95611616376bbeed?s=96&d=mm&r=g\",\"contentUrl\":\"https:\\\/\\\/secure.gravatar.com\\\/avatar\\\/d4fe7459cfc51ff5129ce1a732bbef5928568b8092d412ef95611616376bbeed?s=96&d=mm&r=g\",\"caption\":\"f1000024\"},\"url\":\"https:\\\/\\\/cvinoticias.com\\\/v3\\\/author\\\/f1000024\\\/\"}]}<\/script>\n<!-- \/ Yoast SEO plugin. -->","yoast_head_json":{"title":"En Misiones hay m\u00e1s trabajadores de la Econom\u00eda Popular que empleo privado registrado | CVI NOTICIAS","robots":{"index":"index","follow":"follow","max-snippet":"max-snippet:-1","max-image-preview":"max-image-preview:large","max-video-preview":"max-video-preview:-1"},"canonical":"https:\/\/cvinoticias.com\/v3\/en-misiones-hay-mas-trabajadores-de-la-economia-popular-que-empleo-privado-registrado\/","og_locale":"es_ES","og_type":"article","og_title":"En Misiones hay m\u00e1s trabajadores de la Econom\u00eda Popular que empleo privado registrado | CVI NOTICIAS","og_description":"Un informe del Ministerio de Desarrollo Social de la Naci\u00f3n, presentado el pasado 30 de agosto por el ministro Juan Zabaleta en Villa Lugano, detall\u00f3 que Misiones tiene registrados 113.540 trabajadores y trabajadoras de la Econom\u00eda Popular, y s\u00f3lo 106.191 personas empleadas asalariadas en el sector privado. El informe presentado contiene informaci\u00f3n sobre el Registro [&hellip;]","og_url":"https:\/\/cvinoticias.com\/v3\/en-misiones-hay-mas-trabajadores-de-la-economia-popular-que-empleo-privado-registrado\/","og_site_name":"CVI NOTICIAS","article_publisher":"https:\/\/www.facebook.com\/cvinoticias","article_published_time":"2021-09-06T04:52:57+00:00","og_image":[{"width":879,"height":1412,"url":"https:\/\/cvinoticias.com\/wp-content\/uploads\/2021\/09\/Screenshot_20210906-015218_Facebook.jpg","type":"image\/jpeg"}],"author":"f1000024","twitter_card":"summary_large_image","twitter_misc":{"Escrito por":"f1000024","Tiempo de lectura":"5 minutos"},"schema":{"@context":"https:\/\/schema.org","@graph":[{"@type":"Article","@id":"https:\/\/cvinoticias.com\/v3\/en-misiones-hay-mas-trabajadores-de-la-economia-popular-que-empleo-privado-registrado\/#article","isPartOf":{"@id":"https:\/\/cvinoticias.com\/v3\/en-misiones-hay-mas-trabajadores-de-la-economia-popular-que-empleo-privado-registrado\/"},"author":{"name":"f1000024","@id":"https:\/\/cvinoticias.com\/v3\/#\/schema\/person\/2db77e3c6bc03c538495d7b2b8be9b66"},"headline":"En Misiones hay m\u00e1s trabajadores de la Econom\u00eda Popular que empleo privado registrado","datePublished":"2021-09-06T04:52:57+00:00","mainEntityOfPage":{"@id":"https:\/\/cvinoticias.com\/v3\/en-misiones-hay-mas-trabajadores-de-la-economia-popular-que-empleo-privado-registrado\/"},"wordCount":1074,"commentCount":0,"publisher":{"@id":"https:\/\/cvinoticias.com\/v3\/#organization"},"image":{"@id":"https:\/\/cvinoticias.com\/v3\/en-misiones-hay-mas-trabajadores-de-la-economia-popular-que-empleo-privado-registrado\/#primaryimage"},"thumbnailUrl":"https:\/\/cvinoticias.com\/wp-content\/uploads\/2021\/09\/Screenshot_20210906-015218_Facebook.jpg","articleSection":["Informaci\u00f3n General"],"inLanguage":"es","potentialAction":[{"@type":"CommentAction","name":"Comment","target":["https:\/\/cvinoticias.com\/v3\/en-misiones-hay-mas-trabajadores-de-la-economia-popular-que-empleo-privado-registrado\/#respond"]}]},{"@type":"WebPage","@id":"https:\/\/cvinoticias.com\/v3\/en-misiones-hay-mas-trabajadores-de-la-economia-popular-que-empleo-privado-registrado\/","url":"https:\/\/cvinoticias.com\/v3\/en-misiones-hay-mas-trabajadores-de-la-economia-popular-que-empleo-privado-registrado\/","name":"En Misiones hay m\u00e1s trabajadores de la Econom\u00eda Popular que empleo privado registrado | CVI NOTICIAS","isPartOf":{"@id":"https:\/\/cvinoticias.com\/v3\/#website"},"primaryImageOfPage":{"@id":"https:\/\/cvinoticias.com\/v3\/en-misiones-hay-mas-trabajadores-de-la-economia-popular-que-empleo-privado-registrado\/#primaryimage"},"image":{"@id":"https:\/\/cvinoticias.com\/v3\/en-misiones-hay-mas-trabajadores-de-la-economia-popular-que-empleo-privado-registrado\/#primaryimage"},"thumbnailUrl":"https:\/\/cvinoticias.com\/wp-content\/uploads\/2021\/09\/Screenshot_20210906-015218_Facebook.jpg","datePublished":"2021-09-06T04:52:57+00:00","breadcrumb":{"@id":"https:\/\/cvinoticias.com\/v3\/en-misiones-hay-mas-trabajadores-de-la-economia-popular-que-empleo-privado-registrado\/#breadcrumb"},"inLanguage":"es","potentialAction":[{"@type":"ReadAction","target":["https:\/\/cvinoticias.com\/v3\/en-misiones-hay-mas-trabajadores-de-la-economia-popular-que-empleo-privado-registrado\/"]}]},{"@type":"ImageObject","inLanguage":"es","@id":"https:\/\/cvinoticias.com\/v3\/en-misiones-hay-mas-trabajadores-de-la-economia-popular-que-empleo-privado-registrado\/#primaryimage","url":"https:\/\/cvinoticias.com\/wp-content\/uploads\/2021\/09\/Screenshot_20210906-015218_Facebook.jpg","contentUrl":"https:\/\/cvinoticias.com\/wp-content\/uploads\/2021\/09\/Screenshot_20210906-015218_Facebook.jpg","width":879,"height":1412},{"@type":"BreadcrumbList","@id":"https:\/\/cvinoticias.com\/v3\/en-misiones-hay-mas-trabajadores-de-la-economia-popular-que-empleo-privado-registrado\/#breadcrumb","itemListElement":[{"@type":"ListItem","position":1,"name":"Portada","item":"https:\/\/cvinoticias.com\/v3\/"},{"@type":"ListItem","position":2,"name":"En Misiones hay m\u00e1s trabajadores de la Econom\u00eda Popular que empleo privado registrado"}]},{"@type":"WebSite","@id":"https:\/\/cvinoticias.com\/v3\/#website","url":"https:\/\/cvinoticias.com\/v3\/","name":"CVI NOTICIAS","description":"","publisher":{"@id":"https:\/\/cvinoticias.com\/v3\/#organization"},"alternateName":"CVI","potentialAction":[{"@type":"SearchAction","target":{"@type":"EntryPoint","urlTemplate":"https:\/\/cvinoticias.com\/v3\/?s={search_term_string}"},"query-input":{"@type":"PropertyValueSpecification","valueRequired":true,"valueName":"search_term_string"}}],"inLanguage":"es"},{"@type":"Organization","@id":"https:\/\/cvinoticias.com\/v3\/#organization","name":"CVI NOTICIAS","url":"https:\/\/cvinoticias.com\/v3\/","logo":{"@type":"ImageObject","inLanguage":"es","@id":"https:\/\/cvinoticias.com\/v3\/#\/schema\/logo\/image\/","url":"https:\/\/cvinoticias.com\/wp-content\/uploads\/2023\/04\/cropped-cropped-cropped-cropped-cropped-3-1.png","contentUrl":"https:\/\/cvinoticias.com\/wp-content\/uploads\/2023\/04\/cropped-cropped-cropped-cropped-cropped-3-1.png","width":95,"height":122,"caption":"CVI NOTICIAS"},"image":{"@id":"https:\/\/cvinoticias.com\/v3\/#\/schema\/logo\/image\/"},"sameAs":["https:\/\/www.facebook.com\/cvinoticias","https:\/\/www.instagram.com\/cvinoticias\/","https:\/\/www.youtube.com\/@CVINOTICIAS"]},{"@type":"Person","@id":"https:\/\/cvinoticias.com\/v3\/#\/schema\/person\/2db77e3c6bc03c538495d7b2b8be9b66","name":"f1000024","image":{"@type":"ImageObject","inLanguage":"es","@id":"https:\/\/secure.gravatar.com\/avatar\/d4fe7459cfc51ff5129ce1a732bbef5928568b8092d412ef95611616376bbeed?s=96&d=mm&r=g","url":"https:\/\/secure.gravatar.com\/avatar\/d4fe7459cfc51ff5129ce1a732bbef5928568b8092d412ef95611616376bbeed?s=96&d=mm&r=g","contentUrl":"https:\/\/secure.gravatar.com\/avatar\/d4fe7459cfc51ff5129ce1a732bbef5928568b8092d412ef95611616376bbeed?s=96&d=mm&r=g","caption":"f1000024"},"url":"https:\/\/cvinoticias.com\/v3\/author\/f1000024\/"}]}},"_links":{"self":[{"href":"https:\/\/cvinoticias.com\/v3\/wp-json\/wp\/v2\/posts\/8240","targetHints":{"allow":["GET"]}}],"collection":[{"href":"https:\/\/cvinoticias.com\/v3\/wp-json\/wp\/v2\/posts"}],"about":[{"href":"https:\/\/cvinoticias.com\/v3\/wp-json\/wp\/v2\/types\/post"}],"author":[{"embeddable":true,"href":"https:\/\/cvinoticias.com\/v3\/wp-json\/wp\/v2\/users\/2"}],"replies":[{"embeddable":true,"href":"https:\/\/cvinoticias.com\/v3\/wp-json\/wp\/v2\/comments?post=8240"}],"version-history":[{"count":1,"href":"https:\/\/cvinoticias.com\/v3\/wp-json\/wp\/v2\/posts\/8240\/revisions"}],"predecessor-version":[{"id":8242,"href":"https:\/\/cvinoticias.com\/v3\/wp-json\/wp\/v2\/posts\/8240\/revisions\/8242"}],"wp:featuredmedia":[{"embeddable":true,"href":"https:\/\/cvinoticias.com\/v3\/wp-json\/wp\/v2\/media\/8241"}],"wp:attachment":[{"href":"https:\/\/cvinoticias.com\/v3\/wp-json\/wp\/v2\/media?parent=8240"}],"wp:term":[{"taxonomy":"category","embeddable":true,"href":"https:\/\/cvinoticias.com\/v3\/wp-json\/wp\/v2\/categories?post=8240"},{"taxonomy":"post_tag","embeddable":true,"href":"https:\/\/cvinoticias.com\/v3\/wp-json\/wp\/v2\/tags?post=8240"}],"curies":[{"name":"wp","href":"https:\/\/api.w.org\/{rel}","templated":true}]}}