{"id":8195,"date":"2021-09-03T04:44:32","date_gmt":"2021-09-03T04:44:32","guid":{"rendered":"https:\/\/cvinoticias.com\/v3\/?p=8195"},"modified":"2021-09-03T04:44:32","modified_gmt":"2021-09-03T04:44:32","slug":"argentina-sera-anfitriona-de-la-cumbre-latinoamericana-sobre-cambio-climatico","status":"publish","type":"post","link":"https:\/\/cvinoticias.com\/v3\/argentina-sera-anfitriona-de-la-cumbre-latinoamericana-sobre-cambio-climatico\/","title":{"rendered":"Argentina ser\u00e1 anfitriona de la Cumbre Latinoamericana sobre Cambio Clim\u00e1tico"},"content":{"rendered":"\n<p><strong><em>El Gobierno inform\u00f3 que la Argentina ser\u00e1 el pa\u00eds anfitri\u00f3n de una Cumbre Latinoamericana sobre Cambio Clim\u00e1tico la pr\u00f3xima semana, como paso previo a la Conferencia de las Naciones Unidas sobre el Cambio Clim\u00e1tico (COP 25) que tendr\u00e1 lugar a fin de a\u00f1o.<\/em><\/strong><\/p>\n\n\n\n<p>El evento, denominado \u00abDi\u00e1logo de alto nivel sobre acci\u00f3n clim\u00e1tica en las Am\u00e9ricas\u00bb, contar\u00e1 con la participaci\u00f3n del presidente Alberto Fern\u00e1ndez y se llevar\u00e1 a cabo el 8 de septiembre a partir de las 10:00 hora argentina, se desarrollar\u00e1 en tres segmentos y ser\u00e1 transmitido en vivo.<\/p>\n\n\n\n<p>Junto a la Argentina, coorganizan el encuentro los pa\u00edses de Barbados, Chile, Colombia, Costa Rica, Panam\u00e1 y Rep\u00fablica Dominicana.<\/p>\n\n\n\n<p>La cumbre, de la que participar\u00e1n presidentes y funcionarios de distintos pa\u00edses de la regi\u00f3n, se da en momentos en que parte de las conversaciones entre el Gobierno y la administraci\u00f3n estadounidense de Joe Biden pasa por la cuesti\u00f3n clim\u00e1tica.<\/p>\n\n\n\n<p>De hecho, la idea del encuentro surgi\u00f3 durante la \u00faltima reuni\u00f3n que mantuvo el Presidente con John Kerry, enviado especial de Biden para Cambio Clim\u00e1tico, con quien dialog\u00f3 sobre la necesidad de organizar una cumbre a nivel regional, seg\u00fan indic\u00f3 la Casa Rosada.<\/p>\n\n\n\n<p>Por esa raz\u00f3n, Kerry participar\u00e1 de la cumbre junto a Fern\u00e1ndez; el secretario General de las Naciones Unidas, Ant\u00f3nio Guterres, y la ministra de Medio Ambiente de Chile y presidenta de la COP 25, Carolina Schmidt.<\/p>\n\n\n\n<p>Entre los jefes de Estado, se encontrar\u00e1n la primera ministra de Barbados, Mia Amor Mottley, y los presidentes de Colombia, Iv\u00e1n Duque M\u00e1rquez; de Costa Rica, Carlos \u00c1lvarez Quesada; de Panam\u00e1, Laurentino Cortizo, y de Rep\u00fablica Dominicana, Luis Abinader.<\/p>\n\n\n\n<p>El tema del cambio clim\u00e1tico es, junto a la negociaci\u00f3n con el Fondo Monetario Internacional (FMI), uno de los principales \u00edtems de la agenda bilateral con los Estados Unidos desde que Biden asumi\u00f3 al frente de la Casa Blanca.<\/p>\n\n\n\n<p>En ese contexto, el pasado 14 de julio Fern\u00e1ndez recibi\u00f3 una carta de su par de Estados Unidos, quien le agradeci\u00f3 al argentino su participaci\u00f3n en la Cumbre de L\u00edderes sobre el Clima que se desarroll\u00f3 el 23 de abril y le pidi\u00f3 \u00abcontinuar trabajando juntos\u00bb.<\/p>\n\n\n\n<p>Biden destac\u00f3 la contribuci\u00f3n de la Argentina para implementar m\u00e1s recursos renovables, reducir emisiones de gas metano y terminar con la deforestaci\u00f3n ilegal, de acuerdo a los par\u00e1metros establecidos en el Acuerdo de Par\u00eds.<\/p>\n\n\n\n<p>\u00abQuiero reafirmarle que los Estados Unidos est\u00e1n comprometidos con esta labor y con los pasos necesarios para cumplir con nuestra promesa. Le agradezco que haya anunciado que Argentina fortalecer\u00e1 su contribuci\u00f3n nacional conforme al Acuerdo de Par\u00eds, implementar\u00e1 m\u00e1s recursos renovables, reducir\u00e1 emisiones de gas metano y terminar\u00e1 con la deforestaci\u00f3n ilegal\u00bb, agreg\u00f3.<\/p>\n","protected":false},"excerpt":{"rendered":"<p>El Gobierno inform\u00f3 que la Argentina ser\u00e1 el pa\u00eds anfitri\u00f3n de una Cumbre Latinoamericana sobre Cambio Clim\u00e1tico la pr\u00f3xima semana, como paso previo a la Conferencia de las Naciones Unidas sobre el Cambio Clim\u00e1tico (COP 25) que tendr\u00e1 lugar a fin de a\u00f1o. El evento, denominado \u00abDi\u00e1logo de alto nivel sobre acci\u00f3n clim\u00e1tica en las [&hellip;]<\/p>\n","protected":false},"author":2,"featured_media":8196,"comment_status":"open","ping_status":"open","sticky":false,"template":"","format":"standard","meta":{"footnotes":""},"categories":[42],"tags":[],"class_list":["post-8195","post","type-post","status-publish","format-standard","has-post-thumbnail","hentry","category-politica"],"yoast_head":"<!-- This site is optimized with the Yoast SEO plugin v27.4 - https:\/\/yoast.com\/product\/yoast-seo-wordpress\/ -->\n<title>Argentina ser\u00e1 anfitriona de la Cumbre Latinoamericana sobre Cambio Clim\u00e1tico | CVI NOTICIAS<\/title>\n<meta name=\"robots\" content=\"index, follow, max-snippet:-1, max-image-preview:large, max-video-preview:-1\" \/>\n<link rel=\"canonical\" href=\"https:\/\/cvinoticias.com\/v3\/argentina-sera-anfitriona-de-la-cumbre-latinoamericana-sobre-cambio-climatico\/\" \/>\n<meta property=\"og:locale\" content=\"es_ES\" \/>\n<meta property=\"og:type\" content=\"article\" \/>\n<meta property=\"og:title\" content=\"Argentina ser\u00e1 anfitriona de la Cumbre Latinoamericana sobre Cambio Clim\u00e1tico | CVI NOTICIAS\" \/>\n<meta property=\"og:description\" content=\"El Gobierno inform\u00f3 que la Argentina ser\u00e1 el pa\u00eds anfitri\u00f3n de una Cumbre Latinoamericana sobre Cambio Clim\u00e1tico la pr\u00f3xima semana, como paso previo a la Conferencia de las Naciones Unidas sobre el Cambio Clim\u00e1tico (COP 25) que tendr\u00e1 lugar a fin de a\u00f1o. El evento, denominado \u00abDi\u00e1logo de alto nivel sobre acci\u00f3n clim\u00e1tica en las [&hellip;]\" \/>\n<meta property=\"og:url\" content=\"https:\/\/cvinoticias.com\/v3\/argentina-sera-anfitriona-de-la-cumbre-latinoamericana-sobre-cambio-climatico\/\" \/>\n<meta property=\"og:site_name\" content=\"CVI NOTICIAS\" \/>\n<meta property=\"article:publisher\" content=\"https:\/\/www.facebook.com\/cvinoticias\" \/>\n<meta property=\"article:published_time\" content=\"2021-09-03T04:44:32+00:00\" \/>\n<meta property=\"og:image\" content=\"https:\/\/cvinoticias.com\/wp-content\/uploads\/2021\/09\/484596.jpg\" \/>\n\t<meta property=\"og:image:width\" content=\"849\" \/>\n\t<meta property=\"og:image:height\" content=\"509\" \/>\n\t<meta property=\"og:image:type\" content=\"image\/jpeg\" \/>\n<meta name=\"author\" content=\"f1000024\" \/>\n<meta name=\"twitter:card\" content=\"summary_large_image\" \/>\n<meta name=\"twitter:label1\" content=\"Escrito por\" \/>\n\t<meta name=\"twitter:data1\" content=\"f1000024\" \/>\n\t<meta name=\"twitter:label2\" content=\"Tiempo de lectura\" \/>\n\t<meta name=\"twitter:data2\" content=\"2 minutos\" \/>\n<script type=\"application\/ld+json\" class=\"yoast-schema-graph\">{\"@context\":\"https:\\\/\\\/schema.org\",\"@graph\":[{\"@type\":\"Article\",\"@id\":\"https:\\\/\\\/cvinoticias.com\\\/v3\\\/argentina-sera-anfitriona-de-la-cumbre-latinoamericana-sobre-cambio-climatico\\\/#article\",\"isPartOf\":{\"@id\":\"https:\\\/\\\/cvinoticias.com\\\/v3\\\/argentina-sera-anfitriona-de-la-cumbre-latinoamericana-sobre-cambio-climatico\\\/\"},\"author\":{\"name\":\"f1000024\",\"@id\":\"https:\\\/\\\/cvinoticias.com\\\/v3\\\/#\\\/schema\\\/person\\\/2db77e3c6bc03c538495d7b2b8be9b66\"},\"headline\":\"Argentina ser\u00e1 anfitriona de la Cumbre Latinoamericana sobre Cambio Clim\u00e1tico\",\"datePublished\":\"2021-09-03T04:44:32+00:00\",\"mainEntityOfPage\":{\"@id\":\"https:\\\/\\\/cvinoticias.com\\\/v3\\\/argentina-sera-anfitriona-de-la-cumbre-latinoamericana-sobre-cambio-climatico\\\/\"},\"wordCount\":489,\"commentCount\":0,\"publisher\":{\"@id\":\"https:\\\/\\\/cvinoticias.com\\\/v3\\\/#organization\"},\"image\":{\"@id\":\"https:\\\/\\\/cvinoticias.com\\\/v3\\\/argentina-sera-anfitriona-de-la-cumbre-latinoamericana-sobre-cambio-climatico\\\/#primaryimage\"},\"thumbnailUrl\":\"https:\\\/\\\/cvinoticias.com\\\/wp-content\\\/uploads\\\/2021\\\/09\\\/484596.jpg\",\"articleSection\":[\"Politica\"],\"inLanguage\":\"es\",\"potentialAction\":[{\"@type\":\"CommentAction\",\"name\":\"Comment\",\"target\":[\"https:\\\/\\\/cvinoticias.com\\\/v3\\\/argentina-sera-anfitriona-de-la-cumbre-latinoamericana-sobre-cambio-climatico\\\/#respond\"]}]},{\"@type\":\"WebPage\",\"@id\":\"https:\\\/\\\/cvinoticias.com\\\/v3\\\/argentina-sera-anfitriona-de-la-cumbre-latinoamericana-sobre-cambio-climatico\\\/\",\"url\":\"https:\\\/\\\/cvinoticias.com\\\/v3\\\/argentina-sera-anfitriona-de-la-cumbre-latinoamericana-sobre-cambio-climatico\\\/\",\"name\":\"Argentina ser\u00e1 anfitriona de la Cumbre Latinoamericana sobre Cambio Clim\u00e1tico | CVI NOTICIAS\",\"isPartOf\":{\"@id\":\"https:\\\/\\\/cvinoticias.com\\\/v3\\\/#website\"},\"primaryImageOfPage\":{\"@id\":\"https:\\\/\\\/cvinoticias.com\\\/v3\\\/argentina-sera-anfitriona-de-la-cumbre-latinoamericana-sobre-cambio-climatico\\\/#primaryimage\"},\"image\":{\"@id\":\"https:\\\/\\\/cvinoticias.com\\\/v3\\\/argentina-sera-anfitriona-de-la-cumbre-latinoamericana-sobre-cambio-climatico\\\/#primaryimage\"},\"thumbnailUrl\":\"https:\\\/\\\/cvinoticias.com\\\/wp-content\\\/uploads\\\/2021\\\/09\\\/484596.jpg\",\"datePublished\":\"2021-09-03T04:44:32+00:00\",\"breadcrumb\":{\"@id\":\"https:\\\/\\\/cvinoticias.com\\\/v3\\\/argentina-sera-anfitriona-de-la-cumbre-latinoamericana-sobre-cambio-climatico\\\/#breadcrumb\"},\"inLanguage\":\"es\",\"potentialAction\":[{\"@type\":\"ReadAction\",\"target\":[\"https:\\\/\\\/cvinoticias.com\\\/v3\\\/argentina-sera-anfitriona-de-la-cumbre-latinoamericana-sobre-cambio-climatico\\\/\"]}]},{\"@type\":\"ImageObject\",\"inLanguage\":\"es\",\"@id\":\"https:\\\/\\\/cvinoticias.com\\\/v3\\\/argentina-sera-anfitriona-de-la-cumbre-latinoamericana-sobre-cambio-climatico\\\/#primaryimage\",\"url\":\"https:\\\/\\\/cvinoticias.com\\\/wp-content\\\/uploads\\\/2021\\\/09\\\/484596.jpg\",\"contentUrl\":\"https:\\\/\\\/cvinoticias.com\\\/wp-content\\\/uploads\\\/2021\\\/09\\\/484596.jpg\",\"width\":849,\"height\":509},{\"@type\":\"BreadcrumbList\",\"@id\":\"https:\\\/\\\/cvinoticias.com\\\/v3\\\/argentina-sera-anfitriona-de-la-cumbre-latinoamericana-sobre-cambio-climatico\\\/#breadcrumb\",\"itemListElement\":[{\"@type\":\"ListItem\",\"position\":1,\"name\":\"Portada\",\"item\":\"https:\\\/\\\/cvinoticias.com\\\/v3\\\/\"},{\"@type\":\"ListItem\",\"position\":2,\"name\":\"Argentina ser\u00e1 anfitriona de la Cumbre Latinoamericana sobre Cambio Clim\u00e1tico\"}]},{\"@type\":\"WebSite\",\"@id\":\"https:\\\/\\\/cvinoticias.com\\\/v3\\\/#website\",\"url\":\"https:\\\/\\\/cvinoticias.com\\\/v3\\\/\",\"name\":\"CVI NOTICIAS\",\"description\":\"\",\"publisher\":{\"@id\":\"https:\\\/\\\/cvinoticias.com\\\/v3\\\/#organization\"},\"alternateName\":\"CVI\",\"potentialAction\":[{\"@type\":\"SearchAction\",\"target\":{\"@type\":\"EntryPoint\",\"urlTemplate\":\"https:\\\/\\\/cvinoticias.com\\\/v3\\\/?s={search_term_string}\"},\"query-input\":{\"@type\":\"PropertyValueSpecification\",\"valueRequired\":true,\"valueName\":\"search_term_string\"}}],\"inLanguage\":\"es\"},{\"@type\":\"Organization\",\"@id\":\"https:\\\/\\\/cvinoticias.com\\\/v3\\\/#organization\",\"name\":\"CVI NOTICIAS\",\"url\":\"https:\\\/\\\/cvinoticias.com\\\/v3\\\/\",\"logo\":{\"@type\":\"ImageObject\",\"inLanguage\":\"es\",\"@id\":\"https:\\\/\\\/cvinoticias.com\\\/v3\\\/#\\\/schema\\\/logo\\\/image\\\/\",\"url\":\"https:\\\/\\\/cvinoticias.com\\\/wp-content\\\/uploads\\\/2023\\\/04\\\/cropped-cropped-cropped-cropped-cropped-3-1.png\",\"contentUrl\":\"https:\\\/\\\/cvinoticias.com\\\/wp-content\\\/uploads\\\/2023\\\/04\\\/cropped-cropped-cropped-cropped-cropped-3-1.png\",\"width\":95,\"height\":122,\"caption\":\"CVI NOTICIAS\"},\"image\":{\"@id\":\"https:\\\/\\\/cvinoticias.com\\\/v3\\\/#\\\/schema\\\/logo\\\/image\\\/\"},\"sameAs\":[\"https:\\\/\\\/www.facebook.com\\\/cvinoticias\",\"https:\\\/\\\/www.instagram.com\\\/cvinoticias\\\/\",\"https:\\\/\\\/www.youtube.com\\\/@CVINOTICIAS\"]},{\"@type\":\"Person\",\"@id\":\"https:\\\/\\\/cvinoticias.com\\\/v3\\\/#\\\/schema\\\/person\\\/2db77e3c6bc03c538495d7b2b8be9b66\",\"name\":\"f1000024\",\"image\":{\"@type\":\"ImageObject\",\"inLanguage\":\"es\",\"@id\":\"https:\\\/\\\/secure.gravatar.com\\\/avatar\\\/d4fe7459cfc51ff5129ce1a732bbef5928568b8092d412ef95611616376bbeed?s=96&d=mm&r=g\",\"url\":\"https:\\\/\\\/secure.gravatar.com\\\/avatar\\\/d4fe7459cfc51ff5129ce1a732bbef5928568b8092d412ef95611616376bbeed?s=96&d=mm&r=g\",\"contentUrl\":\"https:\\\/\\\/secure.gravatar.com\\\/avatar\\\/d4fe7459cfc51ff5129ce1a732bbef5928568b8092d412ef95611616376bbeed?s=96&d=mm&r=g\",\"caption\":\"f1000024\"},\"url\":\"https:\\\/\\\/cvinoticias.com\\\/v3\\\/author\\\/f1000024\\\/\"}]}<\/script>\n<!-- \/ Yoast SEO plugin. -->","yoast_head_json":{"title":"Argentina ser\u00e1 anfitriona de la Cumbre Latinoamericana sobre Cambio Clim\u00e1tico | CVI NOTICIAS","robots":{"index":"index","follow":"follow","max-snippet":"max-snippet:-1","max-image-preview":"max-image-preview:large","max-video-preview":"max-video-preview:-1"},"canonical":"https:\/\/cvinoticias.com\/v3\/argentina-sera-anfitriona-de-la-cumbre-latinoamericana-sobre-cambio-climatico\/","og_locale":"es_ES","og_type":"article","og_title":"Argentina ser\u00e1 anfitriona de la Cumbre Latinoamericana sobre Cambio Clim\u00e1tico | CVI NOTICIAS","og_description":"El Gobierno inform\u00f3 que la Argentina ser\u00e1 el pa\u00eds anfitri\u00f3n de una Cumbre Latinoamericana sobre Cambio Clim\u00e1tico la pr\u00f3xima semana, como paso previo a la Conferencia de las Naciones Unidas sobre el Cambio Clim\u00e1tico (COP 25) que tendr\u00e1 lugar a fin de a\u00f1o. El evento, denominado \u00abDi\u00e1logo de alto nivel sobre acci\u00f3n clim\u00e1tica en las [&hellip;]","og_url":"https:\/\/cvinoticias.com\/v3\/argentina-sera-anfitriona-de-la-cumbre-latinoamericana-sobre-cambio-climatico\/","og_site_name":"CVI NOTICIAS","article_publisher":"https:\/\/www.facebook.com\/cvinoticias","article_published_time":"2021-09-03T04:44:32+00:00","og_image":[{"width":849,"height":509,"url":"https:\/\/cvinoticias.com\/wp-content\/uploads\/2021\/09\/484596.jpg","type":"image\/jpeg"}],"author":"f1000024","twitter_card":"summary_large_image","twitter_misc":{"Escrito por":"f1000024","Tiempo de lectura":"2 minutos"},"schema":{"@context":"https:\/\/schema.org","@graph":[{"@type":"Article","@id":"https:\/\/cvinoticias.com\/v3\/argentina-sera-anfitriona-de-la-cumbre-latinoamericana-sobre-cambio-climatico\/#article","isPartOf":{"@id":"https:\/\/cvinoticias.com\/v3\/argentina-sera-anfitriona-de-la-cumbre-latinoamericana-sobre-cambio-climatico\/"},"author":{"name":"f1000024","@id":"https:\/\/cvinoticias.com\/v3\/#\/schema\/person\/2db77e3c6bc03c538495d7b2b8be9b66"},"headline":"Argentina ser\u00e1 anfitriona de la Cumbre Latinoamericana sobre Cambio Clim\u00e1tico","datePublished":"2021-09-03T04:44:32+00:00","mainEntityOfPage":{"@id":"https:\/\/cvinoticias.com\/v3\/argentina-sera-anfitriona-de-la-cumbre-latinoamericana-sobre-cambio-climatico\/"},"wordCount":489,"commentCount":0,"publisher":{"@id":"https:\/\/cvinoticias.com\/v3\/#organization"},"image":{"@id":"https:\/\/cvinoticias.com\/v3\/argentina-sera-anfitriona-de-la-cumbre-latinoamericana-sobre-cambio-climatico\/#primaryimage"},"thumbnailUrl":"https:\/\/cvinoticias.com\/wp-content\/uploads\/2021\/09\/484596.jpg","articleSection":["Politica"],"inLanguage":"es","potentialAction":[{"@type":"CommentAction","name":"Comment","target":["https:\/\/cvinoticias.com\/v3\/argentina-sera-anfitriona-de-la-cumbre-latinoamericana-sobre-cambio-climatico\/#respond"]}]},{"@type":"WebPage","@id":"https:\/\/cvinoticias.com\/v3\/argentina-sera-anfitriona-de-la-cumbre-latinoamericana-sobre-cambio-climatico\/","url":"https:\/\/cvinoticias.com\/v3\/argentina-sera-anfitriona-de-la-cumbre-latinoamericana-sobre-cambio-climatico\/","name":"Argentina ser\u00e1 anfitriona de la Cumbre Latinoamericana sobre Cambio Clim\u00e1tico | CVI NOTICIAS","isPartOf":{"@id":"https:\/\/cvinoticias.com\/v3\/#website"},"primaryImageOfPage":{"@id":"https:\/\/cvinoticias.com\/v3\/argentina-sera-anfitriona-de-la-cumbre-latinoamericana-sobre-cambio-climatico\/#primaryimage"},"image":{"@id":"https:\/\/cvinoticias.com\/v3\/argentina-sera-anfitriona-de-la-cumbre-latinoamericana-sobre-cambio-climatico\/#primaryimage"},"thumbnailUrl":"https:\/\/cvinoticias.com\/wp-content\/uploads\/2021\/09\/484596.jpg","datePublished":"2021-09-03T04:44:32+00:00","breadcrumb":{"@id":"https:\/\/cvinoticias.com\/v3\/argentina-sera-anfitriona-de-la-cumbre-latinoamericana-sobre-cambio-climatico\/#breadcrumb"},"inLanguage":"es","potentialAction":[{"@type":"ReadAction","target":["https:\/\/cvinoticias.com\/v3\/argentina-sera-anfitriona-de-la-cumbre-latinoamericana-sobre-cambio-climatico\/"]}]},{"@type":"ImageObject","inLanguage":"es","@id":"https:\/\/cvinoticias.com\/v3\/argentina-sera-anfitriona-de-la-cumbre-latinoamericana-sobre-cambio-climatico\/#primaryimage","url":"https:\/\/cvinoticias.com\/wp-content\/uploads\/2021\/09\/484596.jpg","contentUrl":"https:\/\/cvinoticias.com\/wp-content\/uploads\/2021\/09\/484596.jpg","width":849,"height":509},{"@type":"BreadcrumbList","@id":"https:\/\/cvinoticias.com\/v3\/argentina-sera-anfitriona-de-la-cumbre-latinoamericana-sobre-cambio-climatico\/#breadcrumb","itemListElement":[{"@type":"ListItem","position":1,"name":"Portada","item":"https:\/\/cvinoticias.com\/v3\/"},{"@type":"ListItem","position":2,"name":"Argentina ser\u00e1 anfitriona de la Cumbre Latinoamericana sobre Cambio Clim\u00e1tico"}]},{"@type":"WebSite","@id":"https:\/\/cvinoticias.com\/v3\/#website","url":"https:\/\/cvinoticias.com\/v3\/","name":"CVI NOTICIAS","description":"","publisher":{"@id":"https:\/\/cvinoticias.com\/v3\/#organization"},"alternateName":"CVI","potentialAction":[{"@type":"SearchAction","target":{"@type":"EntryPoint","urlTemplate":"https:\/\/cvinoticias.com\/v3\/?s={search_term_string}"},"query-input":{"@type":"PropertyValueSpecification","valueRequired":true,"valueName":"search_term_string"}}],"inLanguage":"es"},{"@type":"Organization","@id":"https:\/\/cvinoticias.com\/v3\/#organization","name":"CVI NOTICIAS","url":"https:\/\/cvinoticias.com\/v3\/","logo":{"@type":"ImageObject","inLanguage":"es","@id":"https:\/\/cvinoticias.com\/v3\/#\/schema\/logo\/image\/","url":"https:\/\/cvinoticias.com\/wp-content\/uploads\/2023\/04\/cropped-cropped-cropped-cropped-cropped-3-1.png","contentUrl":"https:\/\/cvinoticias.com\/wp-content\/uploads\/2023\/04\/cropped-cropped-cropped-cropped-cropped-3-1.png","width":95,"height":122,"caption":"CVI NOTICIAS"},"image":{"@id":"https:\/\/cvinoticias.com\/v3\/#\/schema\/logo\/image\/"},"sameAs":["https:\/\/www.facebook.com\/cvinoticias","https:\/\/www.instagram.com\/cvinoticias\/","https:\/\/www.youtube.com\/@CVINOTICIAS"]},{"@type":"Person","@id":"https:\/\/cvinoticias.com\/v3\/#\/schema\/person\/2db77e3c6bc03c538495d7b2b8be9b66","name":"f1000024","image":{"@type":"ImageObject","inLanguage":"es","@id":"https:\/\/secure.gravatar.com\/avatar\/d4fe7459cfc51ff5129ce1a732bbef5928568b8092d412ef95611616376bbeed?s=96&d=mm&r=g","url":"https:\/\/secure.gravatar.com\/avatar\/d4fe7459cfc51ff5129ce1a732bbef5928568b8092d412ef95611616376bbeed?s=96&d=mm&r=g","contentUrl":"https:\/\/secure.gravatar.com\/avatar\/d4fe7459cfc51ff5129ce1a732bbef5928568b8092d412ef95611616376bbeed?s=96&d=mm&r=g","caption":"f1000024"},"url":"https:\/\/cvinoticias.com\/v3\/author\/f1000024\/"}]}},"_links":{"self":[{"href":"https:\/\/cvinoticias.com\/v3\/wp-json\/wp\/v2\/posts\/8195","targetHints":{"allow":["GET"]}}],"collection":[{"href":"https:\/\/cvinoticias.com\/v3\/wp-json\/wp\/v2\/posts"}],"about":[{"href":"https:\/\/cvinoticias.com\/v3\/wp-json\/wp\/v2\/types\/post"}],"author":[{"embeddable":true,"href":"https:\/\/cvinoticias.com\/v3\/wp-json\/wp\/v2\/users\/2"}],"replies":[{"embeddable":true,"href":"https:\/\/cvinoticias.com\/v3\/wp-json\/wp\/v2\/comments?post=8195"}],"version-history":[{"count":1,"href":"https:\/\/cvinoticias.com\/v3\/wp-json\/wp\/v2\/posts\/8195\/revisions"}],"predecessor-version":[{"id":8197,"href":"https:\/\/cvinoticias.com\/v3\/wp-json\/wp\/v2\/posts\/8195\/revisions\/8197"}],"wp:featuredmedia":[{"embeddable":true,"href":"https:\/\/cvinoticias.com\/v3\/wp-json\/wp\/v2\/media\/8196"}],"wp:attachment":[{"href":"https:\/\/cvinoticias.com\/v3\/wp-json\/wp\/v2\/media?parent=8195"}],"wp:term":[{"taxonomy":"category","embeddable":true,"href":"https:\/\/cvinoticias.com\/v3\/wp-json\/wp\/v2\/categories?post=8195"},{"taxonomy":"post_tag","embeddable":true,"href":"https:\/\/cvinoticias.com\/v3\/wp-json\/wp\/v2\/tags?post=8195"}],"curies":[{"name":"wp","href":"https:\/\/api.w.org\/{rel}","templated":true}]}}