{"id":8186,"date":"2021-09-03T01:04:11","date_gmt":"2021-09-03T01:04:11","guid":{"rendered":"https:\/\/cvinoticias.com\/v3\/?p=8186"},"modified":"2021-09-03T01:04:11","modified_gmt":"2021-09-03T01:04:11","slug":"bundziak-comienza-a-disputar-la-copa-de-oro-del-tc-mouras-en-la-plata","status":"publish","type":"post","link":"https:\/\/cvinoticias.com\/v3\/bundziak-comienza-a-disputar-la-copa-de-oro-del-tc-mouras-en-la-plata\/","title":{"rendered":"Bundziak comienza a disputar la Copa de Oro del TC Mouras en La Plata"},"content":{"rendered":"\n<p><em><strong>El piloto de Puerto Iguaz\u00fa Rudito Bundziak (Ford) correr\u00e1 el fin de semana la 12\u00b0 fecha del TC Mouras, que se disputar\u00e1 en el Aut\u00f3dromo Roberto Jos\u00e9 Mouras de La Plata y que marcar\u00e1 el inicio de la Copa de Oro, que lo tiene como uno de los 12 clasificados<\/strong><\/em>.<\/p>\n\n\n\n<p>Bundziak termin\u00f3 cuarto en la Etapa Regular con 314 unidades y comenzar\u00e1 la Copa de Oro R\u00edo Uruguay Seguros en la quinta posici\u00f3n y con 8 unidades, producto de su victoria lograda en la tercera fecha.<\/p>\n\n\n\n<p>Los 12 clasificados a la Copa de Oro son: Jerem\u00edas Olmedo (31 puntos), Tob\u00edas Mart\u00ednez (16), Diego Azar, Marcos Quijada, Rudito Bundziak, Lucas Vicino y Rodrigo Lug\u00f3n comienzan con 8 unidades; Lucas Valle, Luciano Cotignola, Juan Pablo Pilo, Gabriel Gandulia y Alfonso Domenech tambi\u00e9n avanzaron a la Copa, pero a\u00fan deben ganar una competencia para pelear por el t\u00edtulo.<\/p>\n\n\n\n<p>\u201cEstamos con muchas ganas y muchas expectativas. Comienza la pelea directa por el campeonato. Fue un principio de a\u00f1o muy bueno para nosotros que ya tenemos la victoria. Ahora es empezar de nuevo, tenemos que sacar el m\u00e1ximo del auto y estar al 110 por ciento para pelear el t\u00edtulo. Son cinco fechas donde hay que sumar la mayor cantidad de puntos. Tenemos que ponernos firme y salir a pelear por todo\u201d, explic\u00f3 Bundziak.<\/p>\n\n\n\n<p>\u201cTenemos rivales que arrancan mejor que nosotros porque sumaron m\u00e1s victorias, por eso tenemos que salir a descontar en estas dos primeras fechas, porque las \u00faltimas tres posiblemente salgamos de La Plata y ah\u00ed vamos a tener una ventaja por conocer los trazados. Las expectativas son buenas y dejar todo en la pista\u201d, agreg\u00f3 Rudito.<\/p>\n\n\n\n<p>Bundziak agradeci\u00f3 a los sponsor Municipalidad de Puerto Iguaz\u00fa, Manantial de Oro, Tienda Urbana, El Pan de la abuela, Syncom, Yerba Mate Andresito, R\u00edo Uruguay Seguros (RUS), Su\u00e1rez y Asociados, Ama lubricantes, Taller de Revisi\u00f3n T\u00e9cnica Al Control S.A. Revisi\u00f3n T\u00e9cnica SIT, Pinturer\u00eda Atilio, Aserradero San Antonio, Nick Detailing, Electro Misiones \u2013 Neored y al Quilmes Plas.<\/p>\n\n\n\n<p>La actividad de la 12\u00b0 fecha comenzar\u00e1 ma\u00f1ana con dos tandas de entrenamientos. Ma\u00f1ana habr\u00e1 un tercer entrenamiento (por Deportv) y luego ser\u00e1 el turno de la clasificaci\u00f3n que se podr\u00e1 ver por la TV P\u00fablica desde las 15.<\/p>\n\n\n\n<p>El domingo desde las 9.35 se disputar\u00e1n las series que se podr\u00e1n ver por DeporTV. Mientras que la final ir\u00e1 desde las 13.05 y se podr\u00e1 ver por la pantalla de la TV P\u00fablica.<\/p>\n\n\n\n<p><strong>Viernes<\/strong><br>11.20 a 11.50 hs. 1er. Entrenamiento TC Mouras Grupo B<br>11.55 a 12.25 hs. 1er. Entrenamiento TC Mouras Grupo A<br>14.20 a 14.50 hs. 2do. Entrenamiento TC Mouras Grupo B<br>14.55 a 15.25 hs. 2do. Entrenamiento TC Mouras Grupo A<\/p>\n\n\n\n<p><strong>S\u00e1bado<\/strong><br>HORARIO DE TV 10:00 A 11:00 HORAS (DEPORTV)<br>10.30 a 10.50 hs. Entrenamiento TC Mouras, Grupo B<br>10.55 a 11.15 hs. Entrenamiento TC Mouras, Grupo A<\/p>\n\n\n\n<p><strong>HORARIO DE TV 14.00 A 16.00 HORAS (DEPORTV)<\/strong><br>15.10 a 15.18 hs. Clasificaci\u00f3n TC Mouras 3* Tercio<br>15.21 a 15.29 hs. Clasificacion TC Mouras 1* Tercio<br>15.32 a 15.40 hs. Clasificacion TC Mouras 2* Tercio<br>(El 1* Tercio estar\u00e1 compuesto por los integrantes de la Copa)<\/p>\n\n\n\n<p><strong>Domingo<\/strong><br>HORARIO DE TV 09:00 A 11:00 HORAS (DEPORTV)<br>10: 1ra. Serie TC Mouras a 4 vueltas<br>10.25: 2da. Serie TC Mouras a 4 vueltas<br>HORARIO DE TV 11:00 A 14:00 HORAS (TV PUBLICA)<br>13.10: FINAL TC Mouras a 16 vueltas o 30\u2019<\/p>\n","protected":false},"excerpt":{"rendered":"<p>El piloto de Puerto Iguaz\u00fa Rudito Bundziak (Ford) correr\u00e1 el fin de semana la 12\u00b0 fecha del TC Mouras, que se disputar\u00e1 en el Aut\u00f3dromo Roberto Jos\u00e9 Mouras de La Plata y que marcar\u00e1 el inicio de la Copa de Oro, que lo tiene como uno de los 12 clasificados. Bundziak termin\u00f3 cuarto en la [&hellip;]<\/p>\n","protected":false},"author":2,"featured_media":8187,"comment_status":"open","ping_status":"open","sticky":false,"template":"","format":"standard","meta":{"footnotes":""},"categories":[24],"tags":[],"class_list":["post-8186","post","type-post","status-publish","format-standard","has-post-thumbnail","hentry","category-deportes"],"yoast_head":"<!-- This site is optimized with the Yoast SEO plugin v27.4 - https:\/\/yoast.com\/product\/yoast-seo-wordpress\/ -->\n<title>Bundziak comienza a disputar la Copa de Oro del TC Mouras en La Plata | CVI NOTICIAS<\/title>\n<meta name=\"robots\" content=\"index, follow, max-snippet:-1, max-image-preview:large, max-video-preview:-1\" \/>\n<link rel=\"canonical\" href=\"https:\/\/cvinoticias.com\/v3\/bundziak-comienza-a-disputar-la-copa-de-oro-del-tc-mouras-en-la-plata\/\" \/>\n<meta property=\"og:locale\" content=\"es_ES\" \/>\n<meta property=\"og:type\" content=\"article\" \/>\n<meta property=\"og:title\" content=\"Bundziak comienza a disputar la Copa de Oro del TC Mouras en La Plata | CVI NOTICIAS\" \/>\n<meta property=\"og:description\" content=\"El piloto de Puerto Iguaz\u00fa Rudito Bundziak (Ford) correr\u00e1 el fin de semana la 12\u00b0 fecha del TC Mouras, que se disputar\u00e1 en el Aut\u00f3dromo Roberto Jos\u00e9 Mouras de La Plata y que marcar\u00e1 el inicio de la Copa de Oro, que lo tiene como uno de los 12 clasificados. Bundziak termin\u00f3 cuarto en la [&hellip;]\" \/>\n<meta property=\"og:url\" content=\"https:\/\/cvinoticias.com\/v3\/bundziak-comienza-a-disputar-la-copa-de-oro-del-tc-mouras-en-la-plata\/\" \/>\n<meta property=\"og:site_name\" content=\"CVI NOTICIAS\" \/>\n<meta property=\"article:publisher\" content=\"https:\/\/www.facebook.com\/cvinoticias\" \/>\n<meta property=\"article:published_time\" content=\"2021-09-03T01:04:11+00:00\" \/>\n<meta property=\"og:image\" content=\"https:\/\/cvinoticias.com\/wp-content\/uploads\/2021\/09\/FB_IMG_1630630876586.jpg\" \/>\n\t<meta property=\"og:image:width\" content=\"1080\" \/>\n\t<meta property=\"og:image:height\" content=\"810\" \/>\n\t<meta property=\"og:image:type\" content=\"image\/jpeg\" \/>\n<meta name=\"author\" content=\"f1000024\" \/>\n<meta name=\"twitter:card\" content=\"summary_large_image\" \/>\n<meta name=\"twitter:label1\" content=\"Escrito por\" \/>\n\t<meta name=\"twitter:data1\" content=\"f1000024\" \/>\n\t<meta name=\"twitter:label2\" content=\"Tiempo de lectura\" \/>\n\t<meta name=\"twitter:data2\" content=\"3 minutos\" \/>\n<script type=\"application\/ld+json\" class=\"yoast-schema-graph\">{\"@context\":\"https:\\\/\\\/schema.org\",\"@graph\":[{\"@type\":\"Article\",\"@id\":\"https:\\\/\\\/cvinoticias.com\\\/v3\\\/bundziak-comienza-a-disputar-la-copa-de-oro-del-tc-mouras-en-la-plata\\\/#article\",\"isPartOf\":{\"@id\":\"https:\\\/\\\/cvinoticias.com\\\/v3\\\/bundziak-comienza-a-disputar-la-copa-de-oro-del-tc-mouras-en-la-plata\\\/\"},\"author\":{\"name\":\"f1000024\",\"@id\":\"https:\\\/\\\/cvinoticias.com\\\/v3\\\/#\\\/schema\\\/person\\\/2db77e3c6bc03c538495d7b2b8be9b66\"},\"headline\":\"Bundziak comienza a disputar la Copa de Oro del TC Mouras en La Plata\",\"datePublished\":\"2021-09-03T01:04:11+00:00\",\"mainEntityOfPage\":{\"@id\":\"https:\\\/\\\/cvinoticias.com\\\/v3\\\/bundziak-comienza-a-disputar-la-copa-de-oro-del-tc-mouras-en-la-plata\\\/\"},\"wordCount\":554,\"commentCount\":0,\"publisher\":{\"@id\":\"https:\\\/\\\/cvinoticias.com\\\/v3\\\/#organization\"},\"image\":{\"@id\":\"https:\\\/\\\/cvinoticias.com\\\/v3\\\/bundziak-comienza-a-disputar-la-copa-de-oro-del-tc-mouras-en-la-plata\\\/#primaryimage\"},\"thumbnailUrl\":\"https:\\\/\\\/cvinoticias.com\\\/wp-content\\\/uploads\\\/2021\\\/09\\\/FB_IMG_1630630876586.jpg\",\"articleSection\":[\"Deportes\"],\"inLanguage\":\"es\",\"potentialAction\":[{\"@type\":\"CommentAction\",\"name\":\"Comment\",\"target\":[\"https:\\\/\\\/cvinoticias.com\\\/v3\\\/bundziak-comienza-a-disputar-la-copa-de-oro-del-tc-mouras-en-la-plata\\\/#respond\"]}]},{\"@type\":\"WebPage\",\"@id\":\"https:\\\/\\\/cvinoticias.com\\\/v3\\\/bundziak-comienza-a-disputar-la-copa-de-oro-del-tc-mouras-en-la-plata\\\/\",\"url\":\"https:\\\/\\\/cvinoticias.com\\\/v3\\\/bundziak-comienza-a-disputar-la-copa-de-oro-del-tc-mouras-en-la-plata\\\/\",\"name\":\"Bundziak comienza a disputar la Copa de Oro del TC Mouras en La Plata | CVI NOTICIAS\",\"isPartOf\":{\"@id\":\"https:\\\/\\\/cvinoticias.com\\\/v3\\\/#website\"},\"primaryImageOfPage\":{\"@id\":\"https:\\\/\\\/cvinoticias.com\\\/v3\\\/bundziak-comienza-a-disputar-la-copa-de-oro-del-tc-mouras-en-la-plata\\\/#primaryimage\"},\"image\":{\"@id\":\"https:\\\/\\\/cvinoticias.com\\\/v3\\\/bundziak-comienza-a-disputar-la-copa-de-oro-del-tc-mouras-en-la-plata\\\/#primaryimage\"},\"thumbnailUrl\":\"https:\\\/\\\/cvinoticias.com\\\/wp-content\\\/uploads\\\/2021\\\/09\\\/FB_IMG_1630630876586.jpg\",\"datePublished\":\"2021-09-03T01:04:11+00:00\",\"breadcrumb\":{\"@id\":\"https:\\\/\\\/cvinoticias.com\\\/v3\\\/bundziak-comienza-a-disputar-la-copa-de-oro-del-tc-mouras-en-la-plata\\\/#breadcrumb\"},\"inLanguage\":\"es\",\"potentialAction\":[{\"@type\":\"ReadAction\",\"target\":[\"https:\\\/\\\/cvinoticias.com\\\/v3\\\/bundziak-comienza-a-disputar-la-copa-de-oro-del-tc-mouras-en-la-plata\\\/\"]}]},{\"@type\":\"ImageObject\",\"inLanguage\":\"es\",\"@id\":\"https:\\\/\\\/cvinoticias.com\\\/v3\\\/bundziak-comienza-a-disputar-la-copa-de-oro-del-tc-mouras-en-la-plata\\\/#primaryimage\",\"url\":\"https:\\\/\\\/cvinoticias.com\\\/wp-content\\\/uploads\\\/2021\\\/09\\\/FB_IMG_1630630876586.jpg\",\"contentUrl\":\"https:\\\/\\\/cvinoticias.com\\\/wp-content\\\/uploads\\\/2021\\\/09\\\/FB_IMG_1630630876586.jpg\",\"width\":1080,\"height\":810},{\"@type\":\"BreadcrumbList\",\"@id\":\"https:\\\/\\\/cvinoticias.com\\\/v3\\\/bundziak-comienza-a-disputar-la-copa-de-oro-del-tc-mouras-en-la-plata\\\/#breadcrumb\",\"itemListElement\":[{\"@type\":\"ListItem\",\"position\":1,\"name\":\"Portada\",\"item\":\"https:\\\/\\\/cvinoticias.com\\\/v3\\\/\"},{\"@type\":\"ListItem\",\"position\":2,\"name\":\"Bundziak comienza a disputar la Copa de Oro del TC Mouras en La Plata\"}]},{\"@type\":\"WebSite\",\"@id\":\"https:\\\/\\\/cvinoticias.com\\\/v3\\\/#website\",\"url\":\"https:\\\/\\\/cvinoticias.com\\\/v3\\\/\",\"name\":\"CVI NOTICIAS\",\"description\":\"\",\"publisher\":{\"@id\":\"https:\\\/\\\/cvinoticias.com\\\/v3\\\/#organization\"},\"alternateName\":\"CVI\",\"potentialAction\":[{\"@type\":\"SearchAction\",\"target\":{\"@type\":\"EntryPoint\",\"urlTemplate\":\"https:\\\/\\\/cvinoticias.com\\\/v3\\\/?s={search_term_string}\"},\"query-input\":{\"@type\":\"PropertyValueSpecification\",\"valueRequired\":true,\"valueName\":\"search_term_string\"}}],\"inLanguage\":\"es\"},{\"@type\":\"Organization\",\"@id\":\"https:\\\/\\\/cvinoticias.com\\\/v3\\\/#organization\",\"name\":\"CVI NOTICIAS\",\"url\":\"https:\\\/\\\/cvinoticias.com\\\/v3\\\/\",\"logo\":{\"@type\":\"ImageObject\",\"inLanguage\":\"es\",\"@id\":\"https:\\\/\\\/cvinoticias.com\\\/v3\\\/#\\\/schema\\\/logo\\\/image\\\/\",\"url\":\"https:\\\/\\\/cvinoticias.com\\\/wp-content\\\/uploads\\\/2023\\\/04\\\/cropped-cropped-cropped-cropped-cropped-3-1.png\",\"contentUrl\":\"https:\\\/\\\/cvinoticias.com\\\/wp-content\\\/uploads\\\/2023\\\/04\\\/cropped-cropped-cropped-cropped-cropped-3-1.png\",\"width\":95,\"height\":122,\"caption\":\"CVI NOTICIAS\"},\"image\":{\"@id\":\"https:\\\/\\\/cvinoticias.com\\\/v3\\\/#\\\/schema\\\/logo\\\/image\\\/\"},\"sameAs\":[\"https:\\\/\\\/www.facebook.com\\\/cvinoticias\",\"https:\\\/\\\/www.instagram.com\\\/cvinoticias\\\/\",\"https:\\\/\\\/www.youtube.com\\\/@CVINOTICIAS\"]},{\"@type\":\"Person\",\"@id\":\"https:\\\/\\\/cvinoticias.com\\\/v3\\\/#\\\/schema\\\/person\\\/2db77e3c6bc03c538495d7b2b8be9b66\",\"name\":\"f1000024\",\"image\":{\"@type\":\"ImageObject\",\"inLanguage\":\"es\",\"@id\":\"https:\\\/\\\/secure.gravatar.com\\\/avatar\\\/d4fe7459cfc51ff5129ce1a732bbef5928568b8092d412ef95611616376bbeed?s=96&d=mm&r=g\",\"url\":\"https:\\\/\\\/secure.gravatar.com\\\/avatar\\\/d4fe7459cfc51ff5129ce1a732bbef5928568b8092d412ef95611616376bbeed?s=96&d=mm&r=g\",\"contentUrl\":\"https:\\\/\\\/secure.gravatar.com\\\/avatar\\\/d4fe7459cfc51ff5129ce1a732bbef5928568b8092d412ef95611616376bbeed?s=96&d=mm&r=g\",\"caption\":\"f1000024\"},\"url\":\"https:\\\/\\\/cvinoticias.com\\\/v3\\\/author\\\/f1000024\\\/\"}]}<\/script>\n<!-- \/ Yoast SEO plugin. -->","yoast_head_json":{"title":"Bundziak comienza a disputar la Copa de Oro del TC Mouras en La Plata | CVI NOTICIAS","robots":{"index":"index","follow":"follow","max-snippet":"max-snippet:-1","max-image-preview":"max-image-preview:large","max-video-preview":"max-video-preview:-1"},"canonical":"https:\/\/cvinoticias.com\/v3\/bundziak-comienza-a-disputar-la-copa-de-oro-del-tc-mouras-en-la-plata\/","og_locale":"es_ES","og_type":"article","og_title":"Bundziak comienza a disputar la Copa de Oro del TC Mouras en La Plata | CVI NOTICIAS","og_description":"El piloto de Puerto Iguaz\u00fa Rudito Bundziak (Ford) correr\u00e1 el fin de semana la 12\u00b0 fecha del TC Mouras, que se disputar\u00e1 en el Aut\u00f3dromo Roberto Jos\u00e9 Mouras de La Plata y que marcar\u00e1 el inicio de la Copa de Oro, que lo tiene como uno de los 12 clasificados. Bundziak termin\u00f3 cuarto en la [&hellip;]","og_url":"https:\/\/cvinoticias.com\/v3\/bundziak-comienza-a-disputar-la-copa-de-oro-del-tc-mouras-en-la-plata\/","og_site_name":"CVI NOTICIAS","article_publisher":"https:\/\/www.facebook.com\/cvinoticias","article_published_time":"2021-09-03T01:04:11+00:00","og_image":[{"width":1080,"height":810,"url":"https:\/\/cvinoticias.com\/wp-content\/uploads\/2021\/09\/FB_IMG_1630630876586.jpg","type":"image\/jpeg"}],"author":"f1000024","twitter_card":"summary_large_image","twitter_misc":{"Escrito por":"f1000024","Tiempo de lectura":"3 minutos"},"schema":{"@context":"https:\/\/schema.org","@graph":[{"@type":"Article","@id":"https:\/\/cvinoticias.com\/v3\/bundziak-comienza-a-disputar-la-copa-de-oro-del-tc-mouras-en-la-plata\/#article","isPartOf":{"@id":"https:\/\/cvinoticias.com\/v3\/bundziak-comienza-a-disputar-la-copa-de-oro-del-tc-mouras-en-la-plata\/"},"author":{"name":"f1000024","@id":"https:\/\/cvinoticias.com\/v3\/#\/schema\/person\/2db77e3c6bc03c538495d7b2b8be9b66"},"headline":"Bundziak comienza a disputar la Copa de Oro del TC Mouras en La Plata","datePublished":"2021-09-03T01:04:11+00:00","mainEntityOfPage":{"@id":"https:\/\/cvinoticias.com\/v3\/bundziak-comienza-a-disputar-la-copa-de-oro-del-tc-mouras-en-la-plata\/"},"wordCount":554,"commentCount":0,"publisher":{"@id":"https:\/\/cvinoticias.com\/v3\/#organization"},"image":{"@id":"https:\/\/cvinoticias.com\/v3\/bundziak-comienza-a-disputar-la-copa-de-oro-del-tc-mouras-en-la-plata\/#primaryimage"},"thumbnailUrl":"https:\/\/cvinoticias.com\/wp-content\/uploads\/2021\/09\/FB_IMG_1630630876586.jpg","articleSection":["Deportes"],"inLanguage":"es","potentialAction":[{"@type":"CommentAction","name":"Comment","target":["https:\/\/cvinoticias.com\/v3\/bundziak-comienza-a-disputar-la-copa-de-oro-del-tc-mouras-en-la-plata\/#respond"]}]},{"@type":"WebPage","@id":"https:\/\/cvinoticias.com\/v3\/bundziak-comienza-a-disputar-la-copa-de-oro-del-tc-mouras-en-la-plata\/","url":"https:\/\/cvinoticias.com\/v3\/bundziak-comienza-a-disputar-la-copa-de-oro-del-tc-mouras-en-la-plata\/","name":"Bundziak comienza a disputar la Copa de Oro del TC Mouras en La Plata | CVI NOTICIAS","isPartOf":{"@id":"https:\/\/cvinoticias.com\/v3\/#website"},"primaryImageOfPage":{"@id":"https:\/\/cvinoticias.com\/v3\/bundziak-comienza-a-disputar-la-copa-de-oro-del-tc-mouras-en-la-plata\/#primaryimage"},"image":{"@id":"https:\/\/cvinoticias.com\/v3\/bundziak-comienza-a-disputar-la-copa-de-oro-del-tc-mouras-en-la-plata\/#primaryimage"},"thumbnailUrl":"https:\/\/cvinoticias.com\/wp-content\/uploads\/2021\/09\/FB_IMG_1630630876586.jpg","datePublished":"2021-09-03T01:04:11+00:00","breadcrumb":{"@id":"https:\/\/cvinoticias.com\/v3\/bundziak-comienza-a-disputar-la-copa-de-oro-del-tc-mouras-en-la-plata\/#breadcrumb"},"inLanguage":"es","potentialAction":[{"@type":"ReadAction","target":["https:\/\/cvinoticias.com\/v3\/bundziak-comienza-a-disputar-la-copa-de-oro-del-tc-mouras-en-la-plata\/"]}]},{"@type":"ImageObject","inLanguage":"es","@id":"https:\/\/cvinoticias.com\/v3\/bundziak-comienza-a-disputar-la-copa-de-oro-del-tc-mouras-en-la-plata\/#primaryimage","url":"https:\/\/cvinoticias.com\/wp-content\/uploads\/2021\/09\/FB_IMG_1630630876586.jpg","contentUrl":"https:\/\/cvinoticias.com\/wp-content\/uploads\/2021\/09\/FB_IMG_1630630876586.jpg","width":1080,"height":810},{"@type":"BreadcrumbList","@id":"https:\/\/cvinoticias.com\/v3\/bundziak-comienza-a-disputar-la-copa-de-oro-del-tc-mouras-en-la-plata\/#breadcrumb","itemListElement":[{"@type":"ListItem","position":1,"name":"Portada","item":"https:\/\/cvinoticias.com\/v3\/"},{"@type":"ListItem","position":2,"name":"Bundziak comienza a disputar la Copa de Oro del TC Mouras en La Plata"}]},{"@type":"WebSite","@id":"https:\/\/cvinoticias.com\/v3\/#website","url":"https:\/\/cvinoticias.com\/v3\/","name":"CVI NOTICIAS","description":"","publisher":{"@id":"https:\/\/cvinoticias.com\/v3\/#organization"},"alternateName":"CVI","potentialAction":[{"@type":"SearchAction","target":{"@type":"EntryPoint","urlTemplate":"https:\/\/cvinoticias.com\/v3\/?s={search_term_string}"},"query-input":{"@type":"PropertyValueSpecification","valueRequired":true,"valueName":"search_term_string"}}],"inLanguage":"es"},{"@type":"Organization","@id":"https:\/\/cvinoticias.com\/v3\/#organization","name":"CVI NOTICIAS","url":"https:\/\/cvinoticias.com\/v3\/","logo":{"@type":"ImageObject","inLanguage":"es","@id":"https:\/\/cvinoticias.com\/v3\/#\/schema\/logo\/image\/","url":"https:\/\/cvinoticias.com\/wp-content\/uploads\/2023\/04\/cropped-cropped-cropped-cropped-cropped-3-1.png","contentUrl":"https:\/\/cvinoticias.com\/wp-content\/uploads\/2023\/04\/cropped-cropped-cropped-cropped-cropped-3-1.png","width":95,"height":122,"caption":"CVI NOTICIAS"},"image":{"@id":"https:\/\/cvinoticias.com\/v3\/#\/schema\/logo\/image\/"},"sameAs":["https:\/\/www.facebook.com\/cvinoticias","https:\/\/www.instagram.com\/cvinoticias\/","https:\/\/www.youtube.com\/@CVINOTICIAS"]},{"@type":"Person","@id":"https:\/\/cvinoticias.com\/v3\/#\/schema\/person\/2db77e3c6bc03c538495d7b2b8be9b66","name":"f1000024","image":{"@type":"ImageObject","inLanguage":"es","@id":"https:\/\/secure.gravatar.com\/avatar\/d4fe7459cfc51ff5129ce1a732bbef5928568b8092d412ef95611616376bbeed?s=96&d=mm&r=g","url":"https:\/\/secure.gravatar.com\/avatar\/d4fe7459cfc51ff5129ce1a732bbef5928568b8092d412ef95611616376bbeed?s=96&d=mm&r=g","contentUrl":"https:\/\/secure.gravatar.com\/avatar\/d4fe7459cfc51ff5129ce1a732bbef5928568b8092d412ef95611616376bbeed?s=96&d=mm&r=g","caption":"f1000024"},"url":"https:\/\/cvinoticias.com\/v3\/author\/f1000024\/"}]}},"_links":{"self":[{"href":"https:\/\/cvinoticias.com\/v3\/wp-json\/wp\/v2\/posts\/8186","targetHints":{"allow":["GET"]}}],"collection":[{"href":"https:\/\/cvinoticias.com\/v3\/wp-json\/wp\/v2\/posts"}],"about":[{"href":"https:\/\/cvinoticias.com\/v3\/wp-json\/wp\/v2\/types\/post"}],"author":[{"embeddable":true,"href":"https:\/\/cvinoticias.com\/v3\/wp-json\/wp\/v2\/users\/2"}],"replies":[{"embeddable":true,"href":"https:\/\/cvinoticias.com\/v3\/wp-json\/wp\/v2\/comments?post=8186"}],"version-history":[{"count":1,"href":"https:\/\/cvinoticias.com\/v3\/wp-json\/wp\/v2\/posts\/8186\/revisions"}],"predecessor-version":[{"id":8188,"href":"https:\/\/cvinoticias.com\/v3\/wp-json\/wp\/v2\/posts\/8186\/revisions\/8188"}],"wp:featuredmedia":[{"embeddable":true,"href":"https:\/\/cvinoticias.com\/v3\/wp-json\/wp\/v2\/media\/8187"}],"wp:attachment":[{"href":"https:\/\/cvinoticias.com\/v3\/wp-json\/wp\/v2\/media?parent=8186"}],"wp:term":[{"taxonomy":"category","embeddable":true,"href":"https:\/\/cvinoticias.com\/v3\/wp-json\/wp\/v2\/categories?post=8186"},{"taxonomy":"post_tag","embeddable":true,"href":"https:\/\/cvinoticias.com\/v3\/wp-json\/wp\/v2\/tags?post=8186"}],"curies":[{"name":"wp","href":"https:\/\/api.w.org\/{rel}","templated":true}]}}