{"id":8095,"date":"2021-08-30T23:30:18","date_gmt":"2021-08-30T23:30:18","guid":{"rendered":"https:\/\/cvinoticias.com\/v3\/?p=8095"},"modified":"2021-08-30T23:32:03","modified_gmt":"2021-08-30T23:32:03","slug":"campana-creativa-pedro-puerta-y-su-bicicleta","status":"publish","type":"post","link":"https:\/\/cvinoticias.com\/v3\/campana-creativa-pedro-puerta-y-su-bicicleta\/","title":{"rendered":"Campa\u00f1a creativa: Pedro Puerta y su bicicleta."},"content":{"rendered":"\n<p><strong><em>En \u00e9pocas de elecciones las campa\u00f1as suelen generar escenas creativas o disparatadas. En el af\u00e1n por comunicar sus propuestas, los candidatos recurren a todos los medios que tienen a su alcance, redes sociales, medios, spots, actos, caminatas, etc<\/em><\/strong>.<\/p>\n\n\n\n<p>As\u00ed es el caso de Pedro Puerta, precandidato por la lista Juntos, que desde un inicio se mostr\u00f3 con una impronta joven y empez\u00f3 a ganar terreno en estas elecciones. Pedro empez\u00f3 esta campa\u00f1a con una \u201cbicicleteada\u201d con j\u00f3venes, en una escena que se repiti\u00f3 varias veces a lo largo de estas semanas. En Ober\u00e1, Irigoyen, Iguaz\u00fa y dem\u00e1s localidades se observ\u00f3 al precandidato llegando en bicicleta a encuentros con vecinos, conferencia de medios y recorridas.<\/p>\n\n\n\n<p>Al preguntarle por la escena pintoresca Pedro respondi\u00f3 \u201ces un medio de transporte que no da\u00f1a al planeta, te permite estar mucho m\u00e1s en contacto con la gente y hace bien a la salud\u201d. Tanto es as\u00ed que en su \u00faltimo spot la bicicleta y su casco son protagonistas. \u201cA la gente le pareci\u00f3 simp\u00e1tico mi casco y empezaron a firmarlo de manera espont\u00e1nea, ah\u00ed se nos ocurri\u00f3 la idea del videito.\u201d Y agrega \u201cLa pol\u00edtica tradicional del acto, los comit\u00e9s partidarios y la burocracia est\u00e1 muy alejada de lo que le pasa al misionero. La bicicleta es un transporte pero tambi\u00e9n un s\u00edmbolo, del trabajador misionero y lo j\u00f3venes\u201d.<\/p>\n\n\n\n<p>Con una campa\u00f1a enfocada principalmente en una agenda joven, Pedro Puerta contin\u00faa en un ascenso constante, sumando apoyos en distintos puntos de la provincia. Consultado por esto el joven precandidato se mostr\u00f3 cauto, pero confiado \u201clas muestras de cari\u00f1o se sienten y te llenan el alma, pero hay que meterle ficha hasta el \u00faltimo d\u00eda\u201d.<\/p>\n","protected":false},"excerpt":{"rendered":"<p>En \u00e9pocas de elecciones las campa\u00f1as suelen generar escenas creativas o disparatadas. En el af\u00e1n por comunicar sus propuestas, los candidatos recurren a todos los medios que tienen a su alcance, redes sociales, medios, spots, actos, caminatas, etc. As\u00ed es el caso de Pedro Puerta, precandidato por la lista Juntos, que desde un inicio se [&hellip;]<\/p>\n","protected":false},"author":2,"featured_media":8098,"comment_status":"open","ping_status":"open","sticky":false,"template":"","format":"standard","meta":{"footnotes":""},"categories":[42],"tags":[],"class_list":["post-8095","post","type-post","status-publish","format-standard","has-post-thumbnail","hentry","category-politica"],"yoast_head":"<!-- This site is optimized with the Yoast SEO plugin v27.4 - https:\/\/yoast.com\/product\/yoast-seo-wordpress\/ -->\n<title>Campa\u00f1a creativa: Pedro Puerta y su bicicleta. | CVI NOTICIAS<\/title>\n<meta name=\"robots\" content=\"index, follow, max-snippet:-1, max-image-preview:large, max-video-preview:-1\" \/>\n<link rel=\"canonical\" href=\"https:\/\/cvinoticias.com\/v3\/campana-creativa-pedro-puerta-y-su-bicicleta\/\" \/>\n<meta property=\"og:locale\" content=\"es_ES\" \/>\n<meta property=\"og:type\" content=\"article\" \/>\n<meta property=\"og:title\" content=\"Campa\u00f1a creativa: Pedro Puerta y su bicicleta. | CVI NOTICIAS\" \/>\n<meta property=\"og:description\" content=\"En \u00e9pocas de elecciones las campa\u00f1as suelen generar escenas creativas o disparatadas. En el af\u00e1n por comunicar sus propuestas, los candidatos recurren a todos los medios que tienen a su alcance, redes sociales, medios, spots, actos, caminatas, etc. As\u00ed es el caso de Pedro Puerta, precandidato por la lista Juntos, que desde un inicio se [&hellip;]\" \/>\n<meta property=\"og:url\" content=\"https:\/\/cvinoticias.com\/v3\/campana-creativa-pedro-puerta-y-su-bicicleta\/\" \/>\n<meta property=\"og:site_name\" content=\"CVI NOTICIAS\" \/>\n<meta property=\"article:publisher\" content=\"https:\/\/www.facebook.com\/cvinoticias\" \/>\n<meta property=\"article:published_time\" content=\"2021-08-30T23:30:18+00:00\" \/>\n<meta property=\"article:modified_time\" content=\"2021-08-30T23:32:03+00:00\" \/>\n<meta property=\"og:image\" content=\"https:\/\/cvinoticias.com\/wp-content\/uploads\/2021\/08\/FB_IMG_1630366265035.jpg\" \/>\n\t<meta property=\"og:image:width\" content=\"960\" \/>\n\t<meta property=\"og:image:height\" content=\"640\" \/>\n\t<meta property=\"og:image:type\" content=\"image\/jpeg\" \/>\n<meta name=\"author\" content=\"f1000024\" \/>\n<meta name=\"twitter:card\" content=\"summary_large_image\" \/>\n<meta name=\"twitter:label1\" content=\"Escrito por\" \/>\n\t<meta name=\"twitter:data1\" content=\"f1000024\" \/>\n\t<meta name=\"twitter:label2\" content=\"Tiempo de lectura\" \/>\n\t<meta name=\"twitter:data2\" content=\"1 minuto\" \/>\n<script type=\"application\/ld+json\" class=\"yoast-schema-graph\">{\"@context\":\"https:\\\/\\\/schema.org\",\"@graph\":[{\"@type\":\"Article\",\"@id\":\"https:\\\/\\\/cvinoticias.com\\\/v3\\\/campana-creativa-pedro-puerta-y-su-bicicleta\\\/#article\",\"isPartOf\":{\"@id\":\"https:\\\/\\\/cvinoticias.com\\\/v3\\\/campana-creativa-pedro-puerta-y-su-bicicleta\\\/\"},\"author\":{\"name\":\"f1000024\",\"@id\":\"https:\\\/\\\/cvinoticias.com\\\/v3\\\/#\\\/schema\\\/person\\\/2db77e3c6bc03c538495d7b2b8be9b66\"},\"headline\":\"Campa\u00f1a creativa: Pedro Puerta y su bicicleta.\",\"datePublished\":\"2021-08-30T23:30:18+00:00\",\"dateModified\":\"2021-08-30T23:32:03+00:00\",\"mainEntityOfPage\":{\"@id\":\"https:\\\/\\\/cvinoticias.com\\\/v3\\\/campana-creativa-pedro-puerta-y-su-bicicleta\\\/\"},\"wordCount\":305,\"commentCount\":0,\"publisher\":{\"@id\":\"https:\\\/\\\/cvinoticias.com\\\/v3\\\/#organization\"},\"image\":{\"@id\":\"https:\\\/\\\/cvinoticias.com\\\/v3\\\/campana-creativa-pedro-puerta-y-su-bicicleta\\\/#primaryimage\"},\"thumbnailUrl\":\"https:\\\/\\\/cvinoticias.com\\\/wp-content\\\/uploads\\\/2021\\\/08\\\/FB_IMG_1630366265035.jpg\",\"articleSection\":[\"Politica\"],\"inLanguage\":\"es\",\"potentialAction\":[{\"@type\":\"CommentAction\",\"name\":\"Comment\",\"target\":[\"https:\\\/\\\/cvinoticias.com\\\/v3\\\/campana-creativa-pedro-puerta-y-su-bicicleta\\\/#respond\"]}]},{\"@type\":\"WebPage\",\"@id\":\"https:\\\/\\\/cvinoticias.com\\\/v3\\\/campana-creativa-pedro-puerta-y-su-bicicleta\\\/\",\"url\":\"https:\\\/\\\/cvinoticias.com\\\/v3\\\/campana-creativa-pedro-puerta-y-su-bicicleta\\\/\",\"name\":\"Campa\u00f1a creativa: Pedro Puerta y su bicicleta. | CVI NOTICIAS\",\"isPartOf\":{\"@id\":\"https:\\\/\\\/cvinoticias.com\\\/v3\\\/#website\"},\"primaryImageOfPage\":{\"@id\":\"https:\\\/\\\/cvinoticias.com\\\/v3\\\/campana-creativa-pedro-puerta-y-su-bicicleta\\\/#primaryimage\"},\"image\":{\"@id\":\"https:\\\/\\\/cvinoticias.com\\\/v3\\\/campana-creativa-pedro-puerta-y-su-bicicleta\\\/#primaryimage\"},\"thumbnailUrl\":\"https:\\\/\\\/cvinoticias.com\\\/wp-content\\\/uploads\\\/2021\\\/08\\\/FB_IMG_1630366265035.jpg\",\"datePublished\":\"2021-08-30T23:30:18+00:00\",\"dateModified\":\"2021-08-30T23:32:03+00:00\",\"breadcrumb\":{\"@id\":\"https:\\\/\\\/cvinoticias.com\\\/v3\\\/campana-creativa-pedro-puerta-y-su-bicicleta\\\/#breadcrumb\"},\"inLanguage\":\"es\",\"potentialAction\":[{\"@type\":\"ReadAction\",\"target\":[\"https:\\\/\\\/cvinoticias.com\\\/v3\\\/campana-creativa-pedro-puerta-y-su-bicicleta\\\/\"]}]},{\"@type\":\"ImageObject\",\"inLanguage\":\"es\",\"@id\":\"https:\\\/\\\/cvinoticias.com\\\/v3\\\/campana-creativa-pedro-puerta-y-su-bicicleta\\\/#primaryimage\",\"url\":\"https:\\\/\\\/cvinoticias.com\\\/wp-content\\\/uploads\\\/2021\\\/08\\\/FB_IMG_1630366265035.jpg\",\"contentUrl\":\"https:\\\/\\\/cvinoticias.com\\\/wp-content\\\/uploads\\\/2021\\\/08\\\/FB_IMG_1630366265035.jpg\",\"width\":960,\"height\":640},{\"@type\":\"BreadcrumbList\",\"@id\":\"https:\\\/\\\/cvinoticias.com\\\/v3\\\/campana-creativa-pedro-puerta-y-su-bicicleta\\\/#breadcrumb\",\"itemListElement\":[{\"@type\":\"ListItem\",\"position\":1,\"name\":\"Portada\",\"item\":\"https:\\\/\\\/cvinoticias.com\\\/v3\\\/\"},{\"@type\":\"ListItem\",\"position\":2,\"name\":\"Campa\u00f1a creativa: Pedro Puerta y su bicicleta.\"}]},{\"@type\":\"WebSite\",\"@id\":\"https:\\\/\\\/cvinoticias.com\\\/v3\\\/#website\",\"url\":\"https:\\\/\\\/cvinoticias.com\\\/v3\\\/\",\"name\":\"CVI NOTICIAS\",\"description\":\"\",\"publisher\":{\"@id\":\"https:\\\/\\\/cvinoticias.com\\\/v3\\\/#organization\"},\"alternateName\":\"CVI\",\"potentialAction\":[{\"@type\":\"SearchAction\",\"target\":{\"@type\":\"EntryPoint\",\"urlTemplate\":\"https:\\\/\\\/cvinoticias.com\\\/v3\\\/?s={search_term_string}\"},\"query-input\":{\"@type\":\"PropertyValueSpecification\",\"valueRequired\":true,\"valueName\":\"search_term_string\"}}],\"inLanguage\":\"es\"},{\"@type\":\"Organization\",\"@id\":\"https:\\\/\\\/cvinoticias.com\\\/v3\\\/#organization\",\"name\":\"CVI NOTICIAS\",\"url\":\"https:\\\/\\\/cvinoticias.com\\\/v3\\\/\",\"logo\":{\"@type\":\"ImageObject\",\"inLanguage\":\"es\",\"@id\":\"https:\\\/\\\/cvinoticias.com\\\/v3\\\/#\\\/schema\\\/logo\\\/image\\\/\",\"url\":\"https:\\\/\\\/cvinoticias.com\\\/wp-content\\\/uploads\\\/2023\\\/04\\\/cropped-cropped-cropped-cropped-cropped-3-1.png\",\"contentUrl\":\"https:\\\/\\\/cvinoticias.com\\\/wp-content\\\/uploads\\\/2023\\\/04\\\/cropped-cropped-cropped-cropped-cropped-3-1.png\",\"width\":95,\"height\":122,\"caption\":\"CVI NOTICIAS\"},\"image\":{\"@id\":\"https:\\\/\\\/cvinoticias.com\\\/v3\\\/#\\\/schema\\\/logo\\\/image\\\/\"},\"sameAs\":[\"https:\\\/\\\/www.facebook.com\\\/cvinoticias\",\"https:\\\/\\\/www.instagram.com\\\/cvinoticias\\\/\",\"https:\\\/\\\/www.youtube.com\\\/@CVINOTICIAS\"]},{\"@type\":\"Person\",\"@id\":\"https:\\\/\\\/cvinoticias.com\\\/v3\\\/#\\\/schema\\\/person\\\/2db77e3c6bc03c538495d7b2b8be9b66\",\"name\":\"f1000024\",\"image\":{\"@type\":\"ImageObject\",\"inLanguage\":\"es\",\"@id\":\"https:\\\/\\\/secure.gravatar.com\\\/avatar\\\/d4fe7459cfc51ff5129ce1a732bbef5928568b8092d412ef95611616376bbeed?s=96&d=mm&r=g\",\"url\":\"https:\\\/\\\/secure.gravatar.com\\\/avatar\\\/d4fe7459cfc51ff5129ce1a732bbef5928568b8092d412ef95611616376bbeed?s=96&d=mm&r=g\",\"contentUrl\":\"https:\\\/\\\/secure.gravatar.com\\\/avatar\\\/d4fe7459cfc51ff5129ce1a732bbef5928568b8092d412ef95611616376bbeed?s=96&d=mm&r=g\",\"caption\":\"f1000024\"},\"url\":\"https:\\\/\\\/cvinoticias.com\\\/v3\\\/author\\\/f1000024\\\/\"}]}<\/script>\n<!-- \/ Yoast SEO plugin. -->","yoast_head_json":{"title":"Campa\u00f1a creativa: Pedro Puerta y su bicicleta. | CVI NOTICIAS","robots":{"index":"index","follow":"follow","max-snippet":"max-snippet:-1","max-image-preview":"max-image-preview:large","max-video-preview":"max-video-preview:-1"},"canonical":"https:\/\/cvinoticias.com\/v3\/campana-creativa-pedro-puerta-y-su-bicicleta\/","og_locale":"es_ES","og_type":"article","og_title":"Campa\u00f1a creativa: Pedro Puerta y su bicicleta. | CVI NOTICIAS","og_description":"En \u00e9pocas de elecciones las campa\u00f1as suelen generar escenas creativas o disparatadas. En el af\u00e1n por comunicar sus propuestas, los candidatos recurren a todos los medios que tienen a su alcance, redes sociales, medios, spots, actos, caminatas, etc. As\u00ed es el caso de Pedro Puerta, precandidato por la lista Juntos, que desde un inicio se [&hellip;]","og_url":"https:\/\/cvinoticias.com\/v3\/campana-creativa-pedro-puerta-y-su-bicicleta\/","og_site_name":"CVI NOTICIAS","article_publisher":"https:\/\/www.facebook.com\/cvinoticias","article_published_time":"2021-08-30T23:30:18+00:00","article_modified_time":"2021-08-30T23:32:03+00:00","og_image":[{"width":960,"height":640,"url":"https:\/\/cvinoticias.com\/wp-content\/uploads\/2021\/08\/FB_IMG_1630366265035.jpg","type":"image\/jpeg"}],"author":"f1000024","twitter_card":"summary_large_image","twitter_misc":{"Escrito por":"f1000024","Tiempo de lectura":"1 minuto"},"schema":{"@context":"https:\/\/schema.org","@graph":[{"@type":"Article","@id":"https:\/\/cvinoticias.com\/v3\/campana-creativa-pedro-puerta-y-su-bicicleta\/#article","isPartOf":{"@id":"https:\/\/cvinoticias.com\/v3\/campana-creativa-pedro-puerta-y-su-bicicleta\/"},"author":{"name":"f1000024","@id":"https:\/\/cvinoticias.com\/v3\/#\/schema\/person\/2db77e3c6bc03c538495d7b2b8be9b66"},"headline":"Campa\u00f1a creativa: Pedro Puerta y su bicicleta.","datePublished":"2021-08-30T23:30:18+00:00","dateModified":"2021-08-30T23:32:03+00:00","mainEntityOfPage":{"@id":"https:\/\/cvinoticias.com\/v3\/campana-creativa-pedro-puerta-y-su-bicicleta\/"},"wordCount":305,"commentCount":0,"publisher":{"@id":"https:\/\/cvinoticias.com\/v3\/#organization"},"image":{"@id":"https:\/\/cvinoticias.com\/v3\/campana-creativa-pedro-puerta-y-su-bicicleta\/#primaryimage"},"thumbnailUrl":"https:\/\/cvinoticias.com\/wp-content\/uploads\/2021\/08\/FB_IMG_1630366265035.jpg","articleSection":["Politica"],"inLanguage":"es","potentialAction":[{"@type":"CommentAction","name":"Comment","target":["https:\/\/cvinoticias.com\/v3\/campana-creativa-pedro-puerta-y-su-bicicleta\/#respond"]}]},{"@type":"WebPage","@id":"https:\/\/cvinoticias.com\/v3\/campana-creativa-pedro-puerta-y-su-bicicleta\/","url":"https:\/\/cvinoticias.com\/v3\/campana-creativa-pedro-puerta-y-su-bicicleta\/","name":"Campa\u00f1a creativa: Pedro Puerta y su bicicleta. | CVI NOTICIAS","isPartOf":{"@id":"https:\/\/cvinoticias.com\/v3\/#website"},"primaryImageOfPage":{"@id":"https:\/\/cvinoticias.com\/v3\/campana-creativa-pedro-puerta-y-su-bicicleta\/#primaryimage"},"image":{"@id":"https:\/\/cvinoticias.com\/v3\/campana-creativa-pedro-puerta-y-su-bicicleta\/#primaryimage"},"thumbnailUrl":"https:\/\/cvinoticias.com\/wp-content\/uploads\/2021\/08\/FB_IMG_1630366265035.jpg","datePublished":"2021-08-30T23:30:18+00:00","dateModified":"2021-08-30T23:32:03+00:00","breadcrumb":{"@id":"https:\/\/cvinoticias.com\/v3\/campana-creativa-pedro-puerta-y-su-bicicleta\/#breadcrumb"},"inLanguage":"es","potentialAction":[{"@type":"ReadAction","target":["https:\/\/cvinoticias.com\/v3\/campana-creativa-pedro-puerta-y-su-bicicleta\/"]}]},{"@type":"ImageObject","inLanguage":"es","@id":"https:\/\/cvinoticias.com\/v3\/campana-creativa-pedro-puerta-y-su-bicicleta\/#primaryimage","url":"https:\/\/cvinoticias.com\/wp-content\/uploads\/2021\/08\/FB_IMG_1630366265035.jpg","contentUrl":"https:\/\/cvinoticias.com\/wp-content\/uploads\/2021\/08\/FB_IMG_1630366265035.jpg","width":960,"height":640},{"@type":"BreadcrumbList","@id":"https:\/\/cvinoticias.com\/v3\/campana-creativa-pedro-puerta-y-su-bicicleta\/#breadcrumb","itemListElement":[{"@type":"ListItem","position":1,"name":"Portada","item":"https:\/\/cvinoticias.com\/v3\/"},{"@type":"ListItem","position":2,"name":"Campa\u00f1a creativa: Pedro Puerta y su bicicleta."}]},{"@type":"WebSite","@id":"https:\/\/cvinoticias.com\/v3\/#website","url":"https:\/\/cvinoticias.com\/v3\/","name":"CVI NOTICIAS","description":"","publisher":{"@id":"https:\/\/cvinoticias.com\/v3\/#organization"},"alternateName":"CVI","potentialAction":[{"@type":"SearchAction","target":{"@type":"EntryPoint","urlTemplate":"https:\/\/cvinoticias.com\/v3\/?s={search_term_string}"},"query-input":{"@type":"PropertyValueSpecification","valueRequired":true,"valueName":"search_term_string"}}],"inLanguage":"es"},{"@type":"Organization","@id":"https:\/\/cvinoticias.com\/v3\/#organization","name":"CVI NOTICIAS","url":"https:\/\/cvinoticias.com\/v3\/","logo":{"@type":"ImageObject","inLanguage":"es","@id":"https:\/\/cvinoticias.com\/v3\/#\/schema\/logo\/image\/","url":"https:\/\/cvinoticias.com\/wp-content\/uploads\/2023\/04\/cropped-cropped-cropped-cropped-cropped-3-1.png","contentUrl":"https:\/\/cvinoticias.com\/wp-content\/uploads\/2023\/04\/cropped-cropped-cropped-cropped-cropped-3-1.png","width":95,"height":122,"caption":"CVI NOTICIAS"},"image":{"@id":"https:\/\/cvinoticias.com\/v3\/#\/schema\/logo\/image\/"},"sameAs":["https:\/\/www.facebook.com\/cvinoticias","https:\/\/www.instagram.com\/cvinoticias\/","https:\/\/www.youtube.com\/@CVINOTICIAS"]},{"@type":"Person","@id":"https:\/\/cvinoticias.com\/v3\/#\/schema\/person\/2db77e3c6bc03c538495d7b2b8be9b66","name":"f1000024","image":{"@type":"ImageObject","inLanguage":"es","@id":"https:\/\/secure.gravatar.com\/avatar\/d4fe7459cfc51ff5129ce1a732bbef5928568b8092d412ef95611616376bbeed?s=96&d=mm&r=g","url":"https:\/\/secure.gravatar.com\/avatar\/d4fe7459cfc51ff5129ce1a732bbef5928568b8092d412ef95611616376bbeed?s=96&d=mm&r=g","contentUrl":"https:\/\/secure.gravatar.com\/avatar\/d4fe7459cfc51ff5129ce1a732bbef5928568b8092d412ef95611616376bbeed?s=96&d=mm&r=g","caption":"f1000024"},"url":"https:\/\/cvinoticias.com\/v3\/author\/f1000024\/"}]}},"_links":{"self":[{"href":"https:\/\/cvinoticias.com\/v3\/wp-json\/wp\/v2\/posts\/8095","targetHints":{"allow":["GET"]}}],"collection":[{"href":"https:\/\/cvinoticias.com\/v3\/wp-json\/wp\/v2\/posts"}],"about":[{"href":"https:\/\/cvinoticias.com\/v3\/wp-json\/wp\/v2\/types\/post"}],"author":[{"embeddable":true,"href":"https:\/\/cvinoticias.com\/v3\/wp-json\/wp\/v2\/users\/2"}],"replies":[{"embeddable":true,"href":"https:\/\/cvinoticias.com\/v3\/wp-json\/wp\/v2\/comments?post=8095"}],"version-history":[{"count":1,"href":"https:\/\/cvinoticias.com\/v3\/wp-json\/wp\/v2\/posts\/8095\/revisions"}],"predecessor-version":[{"id":8097,"href":"https:\/\/cvinoticias.com\/v3\/wp-json\/wp\/v2\/posts\/8095\/revisions\/8097"}],"wp:featuredmedia":[{"embeddable":true,"href":"https:\/\/cvinoticias.com\/v3\/wp-json\/wp\/v2\/media\/8098"}],"wp:attachment":[{"href":"https:\/\/cvinoticias.com\/v3\/wp-json\/wp\/v2\/media?parent=8095"}],"wp:term":[{"taxonomy":"category","embeddable":true,"href":"https:\/\/cvinoticias.com\/v3\/wp-json\/wp\/v2\/categories?post=8095"},{"taxonomy":"post_tag","embeddable":true,"href":"https:\/\/cvinoticias.com\/v3\/wp-json\/wp\/v2\/tags?post=8095"}],"curies":[{"name":"wp","href":"https:\/\/api.w.org\/{rel}","templated":true}]}}