{"id":8079,"date":"2021-08-30T10:11:51","date_gmt":"2021-08-30T10:11:51","guid":{"rendered":"https:\/\/cvinoticias.com\/v3\/?p=8079"},"modified":"2021-08-30T10:11:51","modified_gmt":"2021-08-30T10:11:51","slug":"los-padres-de-un-nene-de-8-anos-decidieron-donar-sus-organos","status":"publish","type":"post","link":"https:\/\/cvinoticias.com\/v3\/los-padres-de-un-nene-de-8-anos-decidieron-donar-sus-organos\/","title":{"rendered":"Los padres de un nene de 8 a\u00f1os decidieron donar sus \u00f3rganos"},"content":{"rendered":"\n<p><em><strong>Un ni\u00f1o de tan s\u00f3lo ocho a\u00f1os se transform\u00f3 ayer en el d\u00e9cimo octavo donante de \u00f3rganos en lo que va de este a\u00f1o en Misiones. El complejo operativo comenz\u00f3 el viernes cuando el equipo de procuraci\u00f3n del Centro \u00danico Coordinador de Ablaci\u00f3n e Implantes de Misiones (CUCAIMIS) logr\u00f3 la autorizaci\u00f3n no s\u00f3lo de la Justicia de Menores sino tambi\u00e9n de la familia del peque\u00f1o.<\/strong><\/em><\/p>\n\n\n\n<p>Seg\u00fan fuentes extraoficiales, el ni\u00f1o fue derivado el jueves al Hospital de Pediatr\u00eda de Posadas luego de haber recibido un balazo en su cabeza en un accidente dom\u00e9stico.<\/p>\n\n\n\n<p><strong>Una decisi\u00f3n que cambiar\u00e1 la vida de otros ni\u00f1os<\/strong><\/p>\n\n\n\n<p>Gracias a este inmenso gesto de amor por parte de su familia, cuatro pacientes pedi\u00e1tricos en lista de espera podr\u00e1n salvar sus vidas o mejorarla en forma sustantiva. Se ablacionaron ayer coraz\u00f3n, ambos ri\u00f1ones, h\u00edgado y c\u00f3rneas.<\/p>\n\n\n\n<p>Seg\u00fan pudo confirmar el diario Primera Edici\u00f3n uno de los ri\u00f1ones qued\u00f3 en la provincia para ser destinado a un paciente misionero. Los otros \u00f3rganos fueron distribuidos a distintos puntos del pa\u00eds, entre ellos el Hospital Garrahan.<\/p>\n\n\n\n<p><strong>Poco frecuente<\/strong><\/p>\n\n\n\n<p>La ablaci\u00f3n m\u00faltiple de \u00f3rganos en pacientes pedi\u00e1tricos es menos frecuente que la de adultos. Hace once a\u00f1os, en abril de 2010, tambi\u00e9n el Hospital de Pediatr\u00eda de Posadas fue el escenario de una ablaci\u00f3n de un ni\u00f1o de 8 a\u00f1os. En esa ocasi\u00f3n, se procuraron h\u00edgado, ri\u00f1ones y c\u00f3rneas que fueron destinados a ni\u00f1os en lista de espera del INCUCAI.<\/p>\n\n\n\n<p>En di\u00e1logo con Primera Edici\u00f3n, el director del CUCAIMIS, el m\u00e9dico Luis Esquivel, record\u00f3 que en 2000, hace 21 a\u00f1os, tambi\u00e9n particip\u00f3 de un operativo similar en Misiones.<\/p>\n\n\n\n<p>La octava provincia en cantidad de donantes<\/p>\n\n\n\n<p>Seg\u00fan datos del Instituto Nacional Central \u00danico Coordinador de Ablaci\u00f3n e Implante, esta es la ablaci\u00f3n de \u00f3rgano n\u00famero 18 en lo que va del a\u00f1o en Misiones y la n\u00famero 22 desde agosto del a\u00f1o pasado.<\/p>\n\n\n\n<p>Misiones es la octava provincia en cantidad de donantes de \u00f3rganos, despu\u00e9s de Buenos Aires, C\u00f3rdoba, Santa Fe, Capital Federal, Corrientes, Mendoza y Tucum\u00e1n.<\/p>\n\n\n\n<p>\u201cCreemos que este a\u00f1o lograremos alcanzar el rango de procuraci\u00f3n que tuvimos en los a\u00f1os anteriores\u201d, anticip\u00f3 el director del CUCAIMIS.<\/p>\n\n\n\n<p><strong>Cuando todos se unen por una meta<\/strong><\/p>\n\n\n\n<p>Esquivel destac\u00f3 \u201cla acci\u00f3n de la familia del donante y la predisposici\u00f3n de todos los actores que formaron parte del operativo de procuraci\u00f3n y ablaci\u00f3n: desde los m\u00e9dicos, la trabajadora social, asistentes, personal de seguridad, la Red Central de Traslado, al personal aeroportuario que abre el aeropuerto a cualquier hora cada vez que ocurre un operativo de procuraci\u00f3n, a la polic\u00eda que colabor\u00f3 y a una jueza de Eldorado que agiliz\u00f3 las autorizaciones correspondientes\u201d.<\/p>\n\n\n\n<p>Seg\u00fan detall\u00f3, el operativo de procuraci\u00f3n comenz\u00f3 el viernes al mediod\u00eda y termin\u00f3 el s\u00e1bado a la siesta. Reiter\u00f3 la importancia de la decisi\u00f3n de la familia, \u201cfue muy significativa la decisi\u00f3n de la familia del donante, que eligi\u00f3 este gesto tan humano en un momento familiar tan tr\u00e1gico\u201d, remarc\u00f3.<\/p>\n\n\n\n<p><strong>Un largo camino por recorrer<\/strong><\/p>\n\n\n\n<p>En la actualidad, seg\u00fan datos del INCUCAI, en el pa\u00eds hay 6.944 pacientes en lista de espera para recibir un trasplante de \u00f3rgano, de los cuales 121 son misioneros.<\/p>\n\n\n\n<p>De los misioneros que est\u00e1n en lista de espera, 92 necesitan un trasplante renal, 2 un trasplante renopancre\u00e1tico, 24 de h\u00edgado y 3 de pulm\u00f3n. En el pa\u00eds, 4.964 personas esperan un trasplante renal, 1.371 hepatointestinal, 146 renopancre\u00e1tico, 117 coraz\u00f3n, 29 hetaporrenal, 7 pancre\u00e1tico, 6 hepatointestinal, 5 cardiopulmonar y 2 cardiorrenal.<\/p>\n\n\n\n<p><\/p>\n\n\n\n<p><\/p>\n\n\n\n<p><strong>Fuente: Primera Edici\u00f3n<\/strong><\/p>\n","protected":false},"excerpt":{"rendered":"<p>Un ni\u00f1o de tan s\u00f3lo ocho a\u00f1os se transform\u00f3 ayer en el d\u00e9cimo octavo donante de \u00f3rganos en lo que va de este a\u00f1o en Misiones. El complejo operativo comenz\u00f3 el viernes cuando el equipo de procuraci\u00f3n del Centro \u00danico Coordinador de Ablaci\u00f3n e Implantes de Misiones (CUCAIMIS) logr\u00f3 la autorizaci\u00f3n no s\u00f3lo de la [&hellip;]<\/p>\n","protected":false},"author":2,"featured_media":8080,"comment_status":"open","ping_status":"open","sticky":false,"template":"","format":"standard","meta":{"footnotes":""},"categories":[22],"tags":[],"class_list":["post-8079","post","type-post","status-publish","format-standard","has-post-thumbnail","hentry","category-salud"],"yoast_head":"<!-- This site is optimized with the Yoast SEO plugin v27.4 - https:\/\/yoast.com\/product\/yoast-seo-wordpress\/ -->\n<title>Los padres de un nene de 8 a\u00f1os decidieron donar sus \u00f3rganos | CVI NOTICIAS<\/title>\n<meta name=\"robots\" content=\"index, follow, max-snippet:-1, max-image-preview:large, max-video-preview:-1\" \/>\n<link rel=\"canonical\" href=\"https:\/\/cvinoticias.com\/v3\/los-padres-de-un-nene-de-8-anos-decidieron-donar-sus-organos\/\" \/>\n<meta property=\"og:locale\" content=\"es_ES\" \/>\n<meta property=\"og:type\" content=\"article\" \/>\n<meta property=\"og:title\" content=\"Los padres de un nene de 8 a\u00f1os decidieron donar sus \u00f3rganos | CVI NOTICIAS\" \/>\n<meta property=\"og:description\" content=\"Un ni\u00f1o de tan s\u00f3lo ocho a\u00f1os se transform\u00f3 ayer en el d\u00e9cimo octavo donante de \u00f3rganos en lo que va de este a\u00f1o en Misiones. El complejo operativo comenz\u00f3 el viernes cuando el equipo de procuraci\u00f3n del Centro \u00danico Coordinador de Ablaci\u00f3n e Implantes de Misiones (CUCAIMIS) logr\u00f3 la autorizaci\u00f3n no s\u00f3lo de la [&hellip;]\" \/>\n<meta property=\"og:url\" content=\"https:\/\/cvinoticias.com\/v3\/los-padres-de-un-nene-de-8-anos-decidieron-donar-sus-organos\/\" \/>\n<meta property=\"og:site_name\" content=\"CVI NOTICIAS\" \/>\n<meta property=\"article:publisher\" content=\"https:\/\/www.facebook.com\/cvinoticias\" \/>\n<meta property=\"article:published_time\" content=\"2021-08-30T10:11:51+00:00\" \/>\n<meta property=\"og:image\" content=\"https:\/\/cvinoticias.com\/wp-content\/uploads\/2021\/08\/69666-un-joven-de-20-anios-dono-sus-organos-y-ayudo-a-salvar-8-vidas.jpg\" \/>\n\t<meta property=\"og:image:width\" content=\"973\" \/>\n\t<meta property=\"og:image:height\" content=\"650\" \/>\n\t<meta property=\"og:image:type\" content=\"image\/jpeg\" \/>\n<meta name=\"author\" content=\"f1000024\" \/>\n<meta name=\"twitter:card\" content=\"summary_large_image\" \/>\n<meta name=\"twitter:label1\" content=\"Escrito por\" \/>\n\t<meta name=\"twitter:data1\" content=\"f1000024\" \/>\n\t<meta name=\"twitter:label2\" content=\"Tiempo de lectura\" \/>\n\t<meta name=\"twitter:data2\" content=\"3 minutos\" \/>\n<script type=\"application\/ld+json\" class=\"yoast-schema-graph\">{\"@context\":\"https:\\\/\\\/schema.org\",\"@graph\":[{\"@type\":\"Article\",\"@id\":\"https:\\\/\\\/cvinoticias.com\\\/v3\\\/los-padres-de-un-nene-de-8-anos-decidieron-donar-sus-organos\\\/#article\",\"isPartOf\":{\"@id\":\"https:\\\/\\\/cvinoticias.com\\\/v3\\\/los-padres-de-un-nene-de-8-anos-decidieron-donar-sus-organos\\\/\"},\"author\":{\"name\":\"f1000024\",\"@id\":\"https:\\\/\\\/cvinoticias.com\\\/v3\\\/#\\\/schema\\\/person\\\/2db77e3c6bc03c538495d7b2b8be9b66\"},\"headline\":\"Los padres de un nene de 8 a\u00f1os decidieron donar sus \u00f3rganos\",\"datePublished\":\"2021-08-30T10:11:51+00:00\",\"mainEntityOfPage\":{\"@id\":\"https:\\\/\\\/cvinoticias.com\\\/v3\\\/los-padres-de-un-nene-de-8-anos-decidieron-donar-sus-organos\\\/\"},\"wordCount\":650,\"commentCount\":0,\"publisher\":{\"@id\":\"https:\\\/\\\/cvinoticias.com\\\/v3\\\/#organization\"},\"image\":{\"@id\":\"https:\\\/\\\/cvinoticias.com\\\/v3\\\/los-padres-de-un-nene-de-8-anos-decidieron-donar-sus-organos\\\/#primaryimage\"},\"thumbnailUrl\":\"https:\\\/\\\/cvinoticias.com\\\/wp-content\\\/uploads\\\/2021\\\/08\\\/69666-un-joven-de-20-anios-dono-sus-organos-y-ayudo-a-salvar-8-vidas.jpg\",\"articleSection\":[\"Salud\"],\"inLanguage\":\"es\",\"potentialAction\":[{\"@type\":\"CommentAction\",\"name\":\"Comment\",\"target\":[\"https:\\\/\\\/cvinoticias.com\\\/v3\\\/los-padres-de-un-nene-de-8-anos-decidieron-donar-sus-organos\\\/#respond\"]}]},{\"@type\":\"WebPage\",\"@id\":\"https:\\\/\\\/cvinoticias.com\\\/v3\\\/los-padres-de-un-nene-de-8-anos-decidieron-donar-sus-organos\\\/\",\"url\":\"https:\\\/\\\/cvinoticias.com\\\/v3\\\/los-padres-de-un-nene-de-8-anos-decidieron-donar-sus-organos\\\/\",\"name\":\"Los padres de un nene de 8 a\u00f1os decidieron donar sus \u00f3rganos | CVI NOTICIAS\",\"isPartOf\":{\"@id\":\"https:\\\/\\\/cvinoticias.com\\\/v3\\\/#website\"},\"primaryImageOfPage\":{\"@id\":\"https:\\\/\\\/cvinoticias.com\\\/v3\\\/los-padres-de-un-nene-de-8-anos-decidieron-donar-sus-organos\\\/#primaryimage\"},\"image\":{\"@id\":\"https:\\\/\\\/cvinoticias.com\\\/v3\\\/los-padres-de-un-nene-de-8-anos-decidieron-donar-sus-organos\\\/#primaryimage\"},\"thumbnailUrl\":\"https:\\\/\\\/cvinoticias.com\\\/wp-content\\\/uploads\\\/2021\\\/08\\\/69666-un-joven-de-20-anios-dono-sus-organos-y-ayudo-a-salvar-8-vidas.jpg\",\"datePublished\":\"2021-08-30T10:11:51+00:00\",\"breadcrumb\":{\"@id\":\"https:\\\/\\\/cvinoticias.com\\\/v3\\\/los-padres-de-un-nene-de-8-anos-decidieron-donar-sus-organos\\\/#breadcrumb\"},\"inLanguage\":\"es\",\"potentialAction\":[{\"@type\":\"ReadAction\",\"target\":[\"https:\\\/\\\/cvinoticias.com\\\/v3\\\/los-padres-de-un-nene-de-8-anos-decidieron-donar-sus-organos\\\/\"]}]},{\"@type\":\"ImageObject\",\"inLanguage\":\"es\",\"@id\":\"https:\\\/\\\/cvinoticias.com\\\/v3\\\/los-padres-de-un-nene-de-8-anos-decidieron-donar-sus-organos\\\/#primaryimage\",\"url\":\"https:\\\/\\\/cvinoticias.com\\\/wp-content\\\/uploads\\\/2021\\\/08\\\/69666-un-joven-de-20-anios-dono-sus-organos-y-ayudo-a-salvar-8-vidas.jpg\",\"contentUrl\":\"https:\\\/\\\/cvinoticias.com\\\/wp-content\\\/uploads\\\/2021\\\/08\\\/69666-un-joven-de-20-anios-dono-sus-organos-y-ayudo-a-salvar-8-vidas.jpg\",\"width\":973,\"height\":650},{\"@type\":\"BreadcrumbList\",\"@id\":\"https:\\\/\\\/cvinoticias.com\\\/v3\\\/los-padres-de-un-nene-de-8-anos-decidieron-donar-sus-organos\\\/#breadcrumb\",\"itemListElement\":[{\"@type\":\"ListItem\",\"position\":1,\"name\":\"Portada\",\"item\":\"https:\\\/\\\/cvinoticias.com\\\/v3\\\/\"},{\"@type\":\"ListItem\",\"position\":2,\"name\":\"Los padres de un nene de 8 a\u00f1os decidieron donar sus \u00f3rganos\"}]},{\"@type\":\"WebSite\",\"@id\":\"https:\\\/\\\/cvinoticias.com\\\/v3\\\/#website\",\"url\":\"https:\\\/\\\/cvinoticias.com\\\/v3\\\/\",\"name\":\"CVI NOTICIAS\",\"description\":\"\",\"publisher\":{\"@id\":\"https:\\\/\\\/cvinoticias.com\\\/v3\\\/#organization\"},\"alternateName\":\"CVI\",\"potentialAction\":[{\"@type\":\"SearchAction\",\"target\":{\"@type\":\"EntryPoint\",\"urlTemplate\":\"https:\\\/\\\/cvinoticias.com\\\/v3\\\/?s={search_term_string}\"},\"query-input\":{\"@type\":\"PropertyValueSpecification\",\"valueRequired\":true,\"valueName\":\"search_term_string\"}}],\"inLanguage\":\"es\"},{\"@type\":\"Organization\",\"@id\":\"https:\\\/\\\/cvinoticias.com\\\/v3\\\/#organization\",\"name\":\"CVI NOTICIAS\",\"url\":\"https:\\\/\\\/cvinoticias.com\\\/v3\\\/\",\"logo\":{\"@type\":\"ImageObject\",\"inLanguage\":\"es\",\"@id\":\"https:\\\/\\\/cvinoticias.com\\\/v3\\\/#\\\/schema\\\/logo\\\/image\\\/\",\"url\":\"https:\\\/\\\/cvinoticias.com\\\/wp-content\\\/uploads\\\/2023\\\/04\\\/cropped-cropped-cropped-cropped-cropped-3-1.png\",\"contentUrl\":\"https:\\\/\\\/cvinoticias.com\\\/wp-content\\\/uploads\\\/2023\\\/04\\\/cropped-cropped-cropped-cropped-cropped-3-1.png\",\"width\":95,\"height\":122,\"caption\":\"CVI NOTICIAS\"},\"image\":{\"@id\":\"https:\\\/\\\/cvinoticias.com\\\/v3\\\/#\\\/schema\\\/logo\\\/image\\\/\"},\"sameAs\":[\"https:\\\/\\\/www.facebook.com\\\/cvinoticias\",\"https:\\\/\\\/www.instagram.com\\\/cvinoticias\\\/\",\"https:\\\/\\\/www.youtube.com\\\/@CVINOTICIAS\"]},{\"@type\":\"Person\",\"@id\":\"https:\\\/\\\/cvinoticias.com\\\/v3\\\/#\\\/schema\\\/person\\\/2db77e3c6bc03c538495d7b2b8be9b66\",\"name\":\"f1000024\",\"image\":{\"@type\":\"ImageObject\",\"inLanguage\":\"es\",\"@id\":\"https:\\\/\\\/secure.gravatar.com\\\/avatar\\\/d4fe7459cfc51ff5129ce1a732bbef5928568b8092d412ef95611616376bbeed?s=96&d=mm&r=g\",\"url\":\"https:\\\/\\\/secure.gravatar.com\\\/avatar\\\/d4fe7459cfc51ff5129ce1a732bbef5928568b8092d412ef95611616376bbeed?s=96&d=mm&r=g\",\"contentUrl\":\"https:\\\/\\\/secure.gravatar.com\\\/avatar\\\/d4fe7459cfc51ff5129ce1a732bbef5928568b8092d412ef95611616376bbeed?s=96&d=mm&r=g\",\"caption\":\"f1000024\"},\"url\":\"https:\\\/\\\/cvinoticias.com\\\/v3\\\/author\\\/f1000024\\\/\"}]}<\/script>\n<!-- \/ Yoast SEO plugin. -->","yoast_head_json":{"title":"Los padres de un nene de 8 a\u00f1os decidieron donar sus \u00f3rganos | CVI NOTICIAS","robots":{"index":"index","follow":"follow","max-snippet":"max-snippet:-1","max-image-preview":"max-image-preview:large","max-video-preview":"max-video-preview:-1"},"canonical":"https:\/\/cvinoticias.com\/v3\/los-padres-de-un-nene-de-8-anos-decidieron-donar-sus-organos\/","og_locale":"es_ES","og_type":"article","og_title":"Los padres de un nene de 8 a\u00f1os decidieron donar sus \u00f3rganos | CVI NOTICIAS","og_description":"Un ni\u00f1o de tan s\u00f3lo ocho a\u00f1os se transform\u00f3 ayer en el d\u00e9cimo octavo donante de \u00f3rganos en lo que va de este a\u00f1o en Misiones. El complejo operativo comenz\u00f3 el viernes cuando el equipo de procuraci\u00f3n del Centro \u00danico Coordinador de Ablaci\u00f3n e Implantes de Misiones (CUCAIMIS) logr\u00f3 la autorizaci\u00f3n no s\u00f3lo de la [&hellip;]","og_url":"https:\/\/cvinoticias.com\/v3\/los-padres-de-un-nene-de-8-anos-decidieron-donar-sus-organos\/","og_site_name":"CVI NOTICIAS","article_publisher":"https:\/\/www.facebook.com\/cvinoticias","article_published_time":"2021-08-30T10:11:51+00:00","og_image":[{"width":973,"height":650,"url":"https:\/\/cvinoticias.com\/wp-content\/uploads\/2021\/08\/69666-un-joven-de-20-anios-dono-sus-organos-y-ayudo-a-salvar-8-vidas.jpg","type":"image\/jpeg"}],"author":"f1000024","twitter_card":"summary_large_image","twitter_misc":{"Escrito por":"f1000024","Tiempo de lectura":"3 minutos"},"schema":{"@context":"https:\/\/schema.org","@graph":[{"@type":"Article","@id":"https:\/\/cvinoticias.com\/v3\/los-padres-de-un-nene-de-8-anos-decidieron-donar-sus-organos\/#article","isPartOf":{"@id":"https:\/\/cvinoticias.com\/v3\/los-padres-de-un-nene-de-8-anos-decidieron-donar-sus-organos\/"},"author":{"name":"f1000024","@id":"https:\/\/cvinoticias.com\/v3\/#\/schema\/person\/2db77e3c6bc03c538495d7b2b8be9b66"},"headline":"Los padres de un nene de 8 a\u00f1os decidieron donar sus \u00f3rganos","datePublished":"2021-08-30T10:11:51+00:00","mainEntityOfPage":{"@id":"https:\/\/cvinoticias.com\/v3\/los-padres-de-un-nene-de-8-anos-decidieron-donar-sus-organos\/"},"wordCount":650,"commentCount":0,"publisher":{"@id":"https:\/\/cvinoticias.com\/v3\/#organization"},"image":{"@id":"https:\/\/cvinoticias.com\/v3\/los-padres-de-un-nene-de-8-anos-decidieron-donar-sus-organos\/#primaryimage"},"thumbnailUrl":"https:\/\/cvinoticias.com\/wp-content\/uploads\/2021\/08\/69666-un-joven-de-20-anios-dono-sus-organos-y-ayudo-a-salvar-8-vidas.jpg","articleSection":["Salud"],"inLanguage":"es","potentialAction":[{"@type":"CommentAction","name":"Comment","target":["https:\/\/cvinoticias.com\/v3\/los-padres-de-un-nene-de-8-anos-decidieron-donar-sus-organos\/#respond"]}]},{"@type":"WebPage","@id":"https:\/\/cvinoticias.com\/v3\/los-padres-de-un-nene-de-8-anos-decidieron-donar-sus-organos\/","url":"https:\/\/cvinoticias.com\/v3\/los-padres-de-un-nene-de-8-anos-decidieron-donar-sus-organos\/","name":"Los padres de un nene de 8 a\u00f1os decidieron donar sus \u00f3rganos | CVI NOTICIAS","isPartOf":{"@id":"https:\/\/cvinoticias.com\/v3\/#website"},"primaryImageOfPage":{"@id":"https:\/\/cvinoticias.com\/v3\/los-padres-de-un-nene-de-8-anos-decidieron-donar-sus-organos\/#primaryimage"},"image":{"@id":"https:\/\/cvinoticias.com\/v3\/los-padres-de-un-nene-de-8-anos-decidieron-donar-sus-organos\/#primaryimage"},"thumbnailUrl":"https:\/\/cvinoticias.com\/wp-content\/uploads\/2021\/08\/69666-un-joven-de-20-anios-dono-sus-organos-y-ayudo-a-salvar-8-vidas.jpg","datePublished":"2021-08-30T10:11:51+00:00","breadcrumb":{"@id":"https:\/\/cvinoticias.com\/v3\/los-padres-de-un-nene-de-8-anos-decidieron-donar-sus-organos\/#breadcrumb"},"inLanguage":"es","potentialAction":[{"@type":"ReadAction","target":["https:\/\/cvinoticias.com\/v3\/los-padres-de-un-nene-de-8-anos-decidieron-donar-sus-organos\/"]}]},{"@type":"ImageObject","inLanguage":"es","@id":"https:\/\/cvinoticias.com\/v3\/los-padres-de-un-nene-de-8-anos-decidieron-donar-sus-organos\/#primaryimage","url":"https:\/\/cvinoticias.com\/wp-content\/uploads\/2021\/08\/69666-un-joven-de-20-anios-dono-sus-organos-y-ayudo-a-salvar-8-vidas.jpg","contentUrl":"https:\/\/cvinoticias.com\/wp-content\/uploads\/2021\/08\/69666-un-joven-de-20-anios-dono-sus-organos-y-ayudo-a-salvar-8-vidas.jpg","width":973,"height":650},{"@type":"BreadcrumbList","@id":"https:\/\/cvinoticias.com\/v3\/los-padres-de-un-nene-de-8-anos-decidieron-donar-sus-organos\/#breadcrumb","itemListElement":[{"@type":"ListItem","position":1,"name":"Portada","item":"https:\/\/cvinoticias.com\/v3\/"},{"@type":"ListItem","position":2,"name":"Los padres de un nene de 8 a\u00f1os decidieron donar sus \u00f3rganos"}]},{"@type":"WebSite","@id":"https:\/\/cvinoticias.com\/v3\/#website","url":"https:\/\/cvinoticias.com\/v3\/","name":"CVI NOTICIAS","description":"","publisher":{"@id":"https:\/\/cvinoticias.com\/v3\/#organization"},"alternateName":"CVI","potentialAction":[{"@type":"SearchAction","target":{"@type":"EntryPoint","urlTemplate":"https:\/\/cvinoticias.com\/v3\/?s={search_term_string}"},"query-input":{"@type":"PropertyValueSpecification","valueRequired":true,"valueName":"search_term_string"}}],"inLanguage":"es"},{"@type":"Organization","@id":"https:\/\/cvinoticias.com\/v3\/#organization","name":"CVI NOTICIAS","url":"https:\/\/cvinoticias.com\/v3\/","logo":{"@type":"ImageObject","inLanguage":"es","@id":"https:\/\/cvinoticias.com\/v3\/#\/schema\/logo\/image\/","url":"https:\/\/cvinoticias.com\/wp-content\/uploads\/2023\/04\/cropped-cropped-cropped-cropped-cropped-3-1.png","contentUrl":"https:\/\/cvinoticias.com\/wp-content\/uploads\/2023\/04\/cropped-cropped-cropped-cropped-cropped-3-1.png","width":95,"height":122,"caption":"CVI NOTICIAS"},"image":{"@id":"https:\/\/cvinoticias.com\/v3\/#\/schema\/logo\/image\/"},"sameAs":["https:\/\/www.facebook.com\/cvinoticias","https:\/\/www.instagram.com\/cvinoticias\/","https:\/\/www.youtube.com\/@CVINOTICIAS"]},{"@type":"Person","@id":"https:\/\/cvinoticias.com\/v3\/#\/schema\/person\/2db77e3c6bc03c538495d7b2b8be9b66","name":"f1000024","image":{"@type":"ImageObject","inLanguage":"es","@id":"https:\/\/secure.gravatar.com\/avatar\/d4fe7459cfc51ff5129ce1a732bbef5928568b8092d412ef95611616376bbeed?s=96&d=mm&r=g","url":"https:\/\/secure.gravatar.com\/avatar\/d4fe7459cfc51ff5129ce1a732bbef5928568b8092d412ef95611616376bbeed?s=96&d=mm&r=g","contentUrl":"https:\/\/secure.gravatar.com\/avatar\/d4fe7459cfc51ff5129ce1a732bbef5928568b8092d412ef95611616376bbeed?s=96&d=mm&r=g","caption":"f1000024"},"url":"https:\/\/cvinoticias.com\/v3\/author\/f1000024\/"}]}},"_links":{"self":[{"href":"https:\/\/cvinoticias.com\/v3\/wp-json\/wp\/v2\/posts\/8079","targetHints":{"allow":["GET"]}}],"collection":[{"href":"https:\/\/cvinoticias.com\/v3\/wp-json\/wp\/v2\/posts"}],"about":[{"href":"https:\/\/cvinoticias.com\/v3\/wp-json\/wp\/v2\/types\/post"}],"author":[{"embeddable":true,"href":"https:\/\/cvinoticias.com\/v3\/wp-json\/wp\/v2\/users\/2"}],"replies":[{"embeddable":true,"href":"https:\/\/cvinoticias.com\/v3\/wp-json\/wp\/v2\/comments?post=8079"}],"version-history":[{"count":1,"href":"https:\/\/cvinoticias.com\/v3\/wp-json\/wp\/v2\/posts\/8079\/revisions"}],"predecessor-version":[{"id":8081,"href":"https:\/\/cvinoticias.com\/v3\/wp-json\/wp\/v2\/posts\/8079\/revisions\/8081"}],"wp:featuredmedia":[{"embeddable":true,"href":"https:\/\/cvinoticias.com\/v3\/wp-json\/wp\/v2\/media\/8080"}],"wp:attachment":[{"href":"https:\/\/cvinoticias.com\/v3\/wp-json\/wp\/v2\/media?parent=8079"}],"wp:term":[{"taxonomy":"category","embeddable":true,"href":"https:\/\/cvinoticias.com\/v3\/wp-json\/wp\/v2\/categories?post=8079"},{"taxonomy":"post_tag","embeddable":true,"href":"https:\/\/cvinoticias.com\/v3\/wp-json\/wp\/v2\/tags?post=8079"}],"curies":[{"name":"wp","href":"https:\/\/api.w.org\/{rel}","templated":true}]}}