{"id":8061,"date":"2021-08-29T15:43:03","date_gmt":"2021-08-29T15:43:03","guid":{"rendered":"https:\/\/cvinoticias.com\/v3\/?p=8061"},"modified":"2021-08-29T15:43:03","modified_gmt":"2021-08-29T15:43:03","slug":"la-pandemia-sumo-en-un-ano-mas-de-un-millon-de-argentinos-en-estado-de-pobreza-y-vulnerabilidad","status":"publish","type":"post","link":"https:\/\/cvinoticias.com\/v3\/la-pandemia-sumo-en-un-ano-mas-de-un-millon-de-argentinos-en-estado-de-pobreza-y-vulnerabilidad\/","title":{"rendered":"La pandemia sum\u00f3 en un a\u00f1o m\u00e1s de un mill\u00f3n de argentinos en estado de pobreza y vulnerabilidad"},"content":{"rendered":"\n<p><strong><em>La pandemia de coronavirus impact\u00f3 de lleno en el tejido social de la Argentina y en un a\u00f1o incorpor\u00f3 a 1.600.000 personas a las condiciones de pobreza y vulnerabilidad, en tanto los hogares de clase media cayeron a menos de la mitad del total en el pa\u00eds.<\/em><\/strong><\/p>\n\n\n\n<p>De acuerdo con un informe del Instituto para el Desarrollo Social Argentino (IDESA), la inflaci\u00f3n fue determinante en el aumento de la pobreza, al duplicar el ingreso por habitante familiar entre el primer trimestre de 2020 (del que s\u00f3lo los \u00faltimos 12 d\u00edas estuvieron alcanzados por la cuarentena) y el mismo per\u00edodo de este a\u00f1o.<\/p>\n\n\n\n<p>\u201cEntre el primer trimestre del 2020 y el primer trimestre del 2021, el ingreso per capita familiar en la Argentina aument\u00f3 cerca de un 21%, mientras que la inflaci\u00f3n entre estos trimestres se mantuvo cerca del 41%.<\/p>\n\n\n\n<p>Es decir, hubo una p\u00e9rdida del poder adquisitivo del 20%\u201d, se\u00f1al\u00f3 Pilar Paschini, economista de la entidad.<\/p>\n\n\n\n<p>En cuanto a la clasificaci\u00f3n por hogares, en el mismo lapso la p\u00e9rdida del poder adquisitivo fue de cerca del 10%, aunque el informe de IDESA puntualiza que \u201ceste declive no fue igual para todas las clases sociales y algunas retrocedieron hacia una clase social m\u00e1s baja\u201d.<\/p>\n\n\n\n<p>Al respecto, en una pir\u00e1mide social que reconociera cuatro estratos (bajo, medio bajo, medio y alto) queda en evidencia el deterioro general, con un menor porcentaje de hogares en los estamentos superiores y un crecimiento de los m\u00e1s rezagados.<\/p>\n\n\n\n<p>Para establecer los l\u00edmites de cada estrato, se considera de clase baja a los hogares que no les alcanza para adquirir una canasta b\u00e1sica total y de clase media-baja a los que si bien cuentan con recursos para costearla, \u201cdependen del contexto para pasar o no a la pobreza\u201d.<\/p>\n\n\n\n<p>\u201cLa clase media es la m\u00e1s estable y la clase alta es la que percibe ingresos por m\u00e1s de cuatro canastas b\u00e1sicas totales\u201d, complet\u00f3 Paschini al analizar la evoluci\u00f3n de cada grupo entre los dos trimestres considerados.<\/p>\n\n\n\n<p>Clase baja<br>En ese sentido, precis\u00f3 que \u201cla clase baja pas\u00f3 de representar el 25% de los hogares al 31% de los hogares en el 2021 y la clase media baja pas\u00f3 de representar el 8% al 10%\u201d, es decir que los estratos inferiores incrementaron en su conjunto su participaci\u00f3n en ocho puntos porcentuales.<\/p>\n\n\n\n<p>\u201cEsto quiere decir que hay 1.600.000 m\u00e1s de argentinos en situaci\u00f3n de pobreza o vulnerabilidad en 2021 respecto al 2020\u201d, precis\u00f3.<\/p>\n\n\n\n<p>La l\u00f3gica contrapartida de este fen\u00f3meno es que se achic\u00f3 la clase media, que pas\u00f3 del 51% al 48% de los hogares y la clase alta, que pas\u00f3 del 16% al 11% de los hogares.<\/p>\n\n\n\n<p>La posibilidad de que el deterioro se profundice est\u00e1 directamente vinculada a la evoluci\u00f3n de los precios de los alimentos b\u00e1sicos y es por eso que IDESA advirti\u00f3 que \u201csi la inflaci\u00f3n sigue en torno al 50% anual, es muy probable que el crecimiento de la canasta b\u00e1sica total lleve a un mayor deterioro de la pir\u00e1mide social\u201d.<\/p>\n\n\n\n<p>\u201cPocas paritarias han cerrado a un nivel cercano a la inflaci\u00f3n y tampoco hay perspectiva de mejora en la calidad de los trabajos\u201d, a\u00f1adi\u00f3.<\/p>\n\n\n\n<p>Paschini admiti\u00f3 que \u201cla ayuda social podr\u00eda compensar en parte este deterioro\u201d, aunque remarc\u00f3 que se tratar\u00eda de \u201cotro remedio solamente temporal\u201d.<\/p>\n\n\n\n<p>Para la economista, un \u201cordenamiento integral del sector p\u00fablico\u201d que permita reducir la inflaci\u00f3n y la construcci\u00f3n de \u201cun Estado financieramente equilibrado\u201d que tenga \u201cla capacidad para producir los bienes p\u00fablicos que la poblaci\u00f3n demanda\u201d, ser\u00eda el principio de la soluci\u00f3n que permitir\u00eda el regreso de \u201cla inversi\u00f3n privada, que es la que puede sacar a los ciudadanos de la pobreza\u201d.<\/p>\n\n\n\n<p>Fuente: Noticias Argentinas<\/p>\n","protected":false},"excerpt":{"rendered":"<p>La pandemia de coronavirus impact\u00f3 de lleno en el tejido social de la Argentina y en un a\u00f1o incorpor\u00f3 a 1.600.000 personas a las condiciones de pobreza y vulnerabilidad, en tanto los hogares de clase media cayeron a menos de la mitad del total en el pa\u00eds. De acuerdo con un informe del Instituto para [&hellip;]<\/p>\n","protected":false},"author":2,"featured_media":8062,"comment_status":"open","ping_status":"open","sticky":false,"template":"","format":"standard","meta":{"footnotes":""},"categories":[47],"tags":[],"class_list":["post-8061","post","type-post","status-publish","format-standard","has-post-thumbnail","hentry","category-sociedad"],"yoast_head":"<!-- This site is optimized with the Yoast SEO plugin v27.4 - https:\/\/yoast.com\/product\/yoast-seo-wordpress\/ -->\n<title>La pandemia sum\u00f3 en un a\u00f1o m\u00e1s de un mill\u00f3n de argentinos en estado de pobreza y vulnerabilidad | CVI NOTICIAS<\/title>\n<meta name=\"robots\" content=\"index, follow, max-snippet:-1, max-image-preview:large, max-video-preview:-1\" \/>\n<link rel=\"canonical\" href=\"https:\/\/cvinoticias.com\/v3\/la-pandemia-sumo-en-un-ano-mas-de-un-millon-de-argentinos-en-estado-de-pobreza-y-vulnerabilidad\/\" \/>\n<meta property=\"og:locale\" content=\"es_ES\" \/>\n<meta property=\"og:type\" content=\"article\" \/>\n<meta property=\"og:title\" content=\"La pandemia sum\u00f3 en un a\u00f1o m\u00e1s de un mill\u00f3n de argentinos en estado de pobreza y vulnerabilidad | CVI NOTICIAS\" \/>\n<meta property=\"og:description\" content=\"La pandemia de coronavirus impact\u00f3 de lleno en el tejido social de la Argentina y en un a\u00f1o incorpor\u00f3 a 1.600.000 personas a las condiciones de pobreza y vulnerabilidad, en tanto los hogares de clase media cayeron a menos de la mitad del total en el pa\u00eds. De acuerdo con un informe del Instituto para [&hellip;]\" \/>\n<meta property=\"og:url\" content=\"https:\/\/cvinoticias.com\/v3\/la-pandemia-sumo-en-un-ano-mas-de-un-millon-de-argentinos-en-estado-de-pobreza-y-vulnerabilidad\/\" \/>\n<meta property=\"og:site_name\" content=\"CVI NOTICIAS\" \/>\n<meta property=\"article:publisher\" content=\"https:\/\/www.facebook.com\/cvinoticias\" \/>\n<meta property=\"article:published_time\" content=\"2021-08-29T15:43:03+00:00\" \/>\n<meta property=\"og:image\" content=\"https:\/\/cvinoticias.com\/wp-content\/uploads\/2021\/08\/dcf0f5d3b717d33ccb69e3731de6fd38_XL.jpg\" \/>\n\t<meta property=\"og:image:width\" content=\"1280\" \/>\n\t<meta property=\"og:image:height\" content=\"889\" \/>\n\t<meta property=\"og:image:type\" content=\"image\/jpeg\" \/>\n<meta name=\"author\" content=\"f1000024\" \/>\n<meta name=\"twitter:card\" content=\"summary_large_image\" \/>\n<meta name=\"twitter:label1\" content=\"Escrito por\" \/>\n\t<meta name=\"twitter:data1\" content=\"f1000024\" \/>\n\t<meta name=\"twitter:label2\" content=\"Tiempo de lectura\" \/>\n\t<meta name=\"twitter:data2\" content=\"3 minutos\" \/>\n<script type=\"application\/ld+json\" class=\"yoast-schema-graph\">{\"@context\":\"https:\\\/\\\/schema.org\",\"@graph\":[{\"@type\":\"Article\",\"@id\":\"https:\\\/\\\/cvinoticias.com\\\/v3\\\/la-pandemia-sumo-en-un-ano-mas-de-un-millon-de-argentinos-en-estado-de-pobreza-y-vulnerabilidad\\\/#article\",\"isPartOf\":{\"@id\":\"https:\\\/\\\/cvinoticias.com\\\/v3\\\/la-pandemia-sumo-en-un-ano-mas-de-un-millon-de-argentinos-en-estado-de-pobreza-y-vulnerabilidad\\\/\"},\"author\":{\"name\":\"f1000024\",\"@id\":\"https:\\\/\\\/cvinoticias.com\\\/v3\\\/#\\\/schema\\\/person\\\/2db77e3c6bc03c538495d7b2b8be9b66\"},\"headline\":\"La pandemia sum\u00f3 en un a\u00f1o m\u00e1s de un mill\u00f3n de argentinos en estado de pobreza y vulnerabilidad\",\"datePublished\":\"2021-08-29T15:43:03+00:00\",\"mainEntityOfPage\":{\"@id\":\"https:\\\/\\\/cvinoticias.com\\\/v3\\\/la-pandemia-sumo-en-un-ano-mas-de-un-millon-de-argentinos-en-estado-de-pobreza-y-vulnerabilidad\\\/\"},\"wordCount\":648,\"commentCount\":0,\"publisher\":{\"@id\":\"https:\\\/\\\/cvinoticias.com\\\/v3\\\/#organization\"},\"image\":{\"@id\":\"https:\\\/\\\/cvinoticias.com\\\/v3\\\/la-pandemia-sumo-en-un-ano-mas-de-un-millon-de-argentinos-en-estado-de-pobreza-y-vulnerabilidad\\\/#primaryimage\"},\"thumbnailUrl\":\"https:\\\/\\\/cvinoticias.com\\\/wp-content\\\/uploads\\\/2021\\\/08\\\/dcf0f5d3b717d33ccb69e3731de6fd38_XL.jpg\",\"articleSection\":[\"Sociedad\"],\"inLanguage\":\"es\",\"potentialAction\":[{\"@type\":\"CommentAction\",\"name\":\"Comment\",\"target\":[\"https:\\\/\\\/cvinoticias.com\\\/v3\\\/la-pandemia-sumo-en-un-ano-mas-de-un-millon-de-argentinos-en-estado-de-pobreza-y-vulnerabilidad\\\/#respond\"]}]},{\"@type\":\"WebPage\",\"@id\":\"https:\\\/\\\/cvinoticias.com\\\/v3\\\/la-pandemia-sumo-en-un-ano-mas-de-un-millon-de-argentinos-en-estado-de-pobreza-y-vulnerabilidad\\\/\",\"url\":\"https:\\\/\\\/cvinoticias.com\\\/v3\\\/la-pandemia-sumo-en-un-ano-mas-de-un-millon-de-argentinos-en-estado-de-pobreza-y-vulnerabilidad\\\/\",\"name\":\"La pandemia sum\u00f3 en un a\u00f1o m\u00e1s de un mill\u00f3n de argentinos en estado de pobreza y vulnerabilidad | CVI NOTICIAS\",\"isPartOf\":{\"@id\":\"https:\\\/\\\/cvinoticias.com\\\/v3\\\/#website\"},\"primaryImageOfPage\":{\"@id\":\"https:\\\/\\\/cvinoticias.com\\\/v3\\\/la-pandemia-sumo-en-un-ano-mas-de-un-millon-de-argentinos-en-estado-de-pobreza-y-vulnerabilidad\\\/#primaryimage\"},\"image\":{\"@id\":\"https:\\\/\\\/cvinoticias.com\\\/v3\\\/la-pandemia-sumo-en-un-ano-mas-de-un-millon-de-argentinos-en-estado-de-pobreza-y-vulnerabilidad\\\/#primaryimage\"},\"thumbnailUrl\":\"https:\\\/\\\/cvinoticias.com\\\/wp-content\\\/uploads\\\/2021\\\/08\\\/dcf0f5d3b717d33ccb69e3731de6fd38_XL.jpg\",\"datePublished\":\"2021-08-29T15:43:03+00:00\",\"breadcrumb\":{\"@id\":\"https:\\\/\\\/cvinoticias.com\\\/v3\\\/la-pandemia-sumo-en-un-ano-mas-de-un-millon-de-argentinos-en-estado-de-pobreza-y-vulnerabilidad\\\/#breadcrumb\"},\"inLanguage\":\"es\",\"potentialAction\":[{\"@type\":\"ReadAction\",\"target\":[\"https:\\\/\\\/cvinoticias.com\\\/v3\\\/la-pandemia-sumo-en-un-ano-mas-de-un-millon-de-argentinos-en-estado-de-pobreza-y-vulnerabilidad\\\/\"]}]},{\"@type\":\"ImageObject\",\"inLanguage\":\"es\",\"@id\":\"https:\\\/\\\/cvinoticias.com\\\/v3\\\/la-pandemia-sumo-en-un-ano-mas-de-un-millon-de-argentinos-en-estado-de-pobreza-y-vulnerabilidad\\\/#primaryimage\",\"url\":\"https:\\\/\\\/cvinoticias.com\\\/wp-content\\\/uploads\\\/2021\\\/08\\\/dcf0f5d3b717d33ccb69e3731de6fd38_XL.jpg\",\"contentUrl\":\"https:\\\/\\\/cvinoticias.com\\\/wp-content\\\/uploads\\\/2021\\\/08\\\/dcf0f5d3b717d33ccb69e3731de6fd38_XL.jpg\",\"width\":1280,\"height\":889},{\"@type\":\"BreadcrumbList\",\"@id\":\"https:\\\/\\\/cvinoticias.com\\\/v3\\\/la-pandemia-sumo-en-un-ano-mas-de-un-millon-de-argentinos-en-estado-de-pobreza-y-vulnerabilidad\\\/#breadcrumb\",\"itemListElement\":[{\"@type\":\"ListItem\",\"position\":1,\"name\":\"Portada\",\"item\":\"https:\\\/\\\/cvinoticias.com\\\/v3\\\/\"},{\"@type\":\"ListItem\",\"position\":2,\"name\":\"La pandemia sum\u00f3 en un a\u00f1o m\u00e1s de un mill\u00f3n de argentinos en estado de pobreza y vulnerabilidad\"}]},{\"@type\":\"WebSite\",\"@id\":\"https:\\\/\\\/cvinoticias.com\\\/v3\\\/#website\",\"url\":\"https:\\\/\\\/cvinoticias.com\\\/v3\\\/\",\"name\":\"CVI NOTICIAS\",\"description\":\"\",\"publisher\":{\"@id\":\"https:\\\/\\\/cvinoticias.com\\\/v3\\\/#organization\"},\"alternateName\":\"CVI\",\"potentialAction\":[{\"@type\":\"SearchAction\",\"target\":{\"@type\":\"EntryPoint\",\"urlTemplate\":\"https:\\\/\\\/cvinoticias.com\\\/v3\\\/?s={search_term_string}\"},\"query-input\":{\"@type\":\"PropertyValueSpecification\",\"valueRequired\":true,\"valueName\":\"search_term_string\"}}],\"inLanguage\":\"es\"},{\"@type\":\"Organization\",\"@id\":\"https:\\\/\\\/cvinoticias.com\\\/v3\\\/#organization\",\"name\":\"CVI NOTICIAS\",\"url\":\"https:\\\/\\\/cvinoticias.com\\\/v3\\\/\",\"logo\":{\"@type\":\"ImageObject\",\"inLanguage\":\"es\",\"@id\":\"https:\\\/\\\/cvinoticias.com\\\/v3\\\/#\\\/schema\\\/logo\\\/image\\\/\",\"url\":\"https:\\\/\\\/cvinoticias.com\\\/wp-content\\\/uploads\\\/2023\\\/04\\\/cropped-cropped-cropped-cropped-cropped-3-1.png\",\"contentUrl\":\"https:\\\/\\\/cvinoticias.com\\\/wp-content\\\/uploads\\\/2023\\\/04\\\/cropped-cropped-cropped-cropped-cropped-3-1.png\",\"width\":95,\"height\":122,\"caption\":\"CVI NOTICIAS\"},\"image\":{\"@id\":\"https:\\\/\\\/cvinoticias.com\\\/v3\\\/#\\\/schema\\\/logo\\\/image\\\/\"},\"sameAs\":[\"https:\\\/\\\/www.facebook.com\\\/cvinoticias\",\"https:\\\/\\\/www.instagram.com\\\/cvinoticias\\\/\",\"https:\\\/\\\/www.youtube.com\\\/@CVINOTICIAS\"]},{\"@type\":\"Person\",\"@id\":\"https:\\\/\\\/cvinoticias.com\\\/v3\\\/#\\\/schema\\\/person\\\/2db77e3c6bc03c538495d7b2b8be9b66\",\"name\":\"f1000024\",\"image\":{\"@type\":\"ImageObject\",\"inLanguage\":\"es\",\"@id\":\"https:\\\/\\\/secure.gravatar.com\\\/avatar\\\/d4fe7459cfc51ff5129ce1a732bbef5928568b8092d412ef95611616376bbeed?s=96&d=mm&r=g\",\"url\":\"https:\\\/\\\/secure.gravatar.com\\\/avatar\\\/d4fe7459cfc51ff5129ce1a732bbef5928568b8092d412ef95611616376bbeed?s=96&d=mm&r=g\",\"contentUrl\":\"https:\\\/\\\/secure.gravatar.com\\\/avatar\\\/d4fe7459cfc51ff5129ce1a732bbef5928568b8092d412ef95611616376bbeed?s=96&d=mm&r=g\",\"caption\":\"f1000024\"},\"url\":\"https:\\\/\\\/cvinoticias.com\\\/v3\\\/author\\\/f1000024\\\/\"}]}<\/script>\n<!-- \/ Yoast SEO plugin. -->","yoast_head_json":{"title":"La pandemia sum\u00f3 en un a\u00f1o m\u00e1s de un mill\u00f3n de argentinos en estado de pobreza y vulnerabilidad | CVI NOTICIAS","robots":{"index":"index","follow":"follow","max-snippet":"max-snippet:-1","max-image-preview":"max-image-preview:large","max-video-preview":"max-video-preview:-1"},"canonical":"https:\/\/cvinoticias.com\/v3\/la-pandemia-sumo-en-un-ano-mas-de-un-millon-de-argentinos-en-estado-de-pobreza-y-vulnerabilidad\/","og_locale":"es_ES","og_type":"article","og_title":"La pandemia sum\u00f3 en un a\u00f1o m\u00e1s de un mill\u00f3n de argentinos en estado de pobreza y vulnerabilidad | CVI NOTICIAS","og_description":"La pandemia de coronavirus impact\u00f3 de lleno en el tejido social de la Argentina y en un a\u00f1o incorpor\u00f3 a 1.600.000 personas a las condiciones de pobreza y vulnerabilidad, en tanto los hogares de clase media cayeron a menos de la mitad del total en el pa\u00eds. De acuerdo con un informe del Instituto para [&hellip;]","og_url":"https:\/\/cvinoticias.com\/v3\/la-pandemia-sumo-en-un-ano-mas-de-un-millon-de-argentinos-en-estado-de-pobreza-y-vulnerabilidad\/","og_site_name":"CVI NOTICIAS","article_publisher":"https:\/\/www.facebook.com\/cvinoticias","article_published_time":"2021-08-29T15:43:03+00:00","og_image":[{"width":1280,"height":889,"url":"https:\/\/cvinoticias.com\/wp-content\/uploads\/2021\/08\/dcf0f5d3b717d33ccb69e3731de6fd38_XL.jpg","type":"image\/jpeg"}],"author":"f1000024","twitter_card":"summary_large_image","twitter_misc":{"Escrito por":"f1000024","Tiempo de lectura":"3 minutos"},"schema":{"@context":"https:\/\/schema.org","@graph":[{"@type":"Article","@id":"https:\/\/cvinoticias.com\/v3\/la-pandemia-sumo-en-un-ano-mas-de-un-millon-de-argentinos-en-estado-de-pobreza-y-vulnerabilidad\/#article","isPartOf":{"@id":"https:\/\/cvinoticias.com\/v3\/la-pandemia-sumo-en-un-ano-mas-de-un-millon-de-argentinos-en-estado-de-pobreza-y-vulnerabilidad\/"},"author":{"name":"f1000024","@id":"https:\/\/cvinoticias.com\/v3\/#\/schema\/person\/2db77e3c6bc03c538495d7b2b8be9b66"},"headline":"La pandemia sum\u00f3 en un a\u00f1o m\u00e1s de un mill\u00f3n de argentinos en estado de pobreza y vulnerabilidad","datePublished":"2021-08-29T15:43:03+00:00","mainEntityOfPage":{"@id":"https:\/\/cvinoticias.com\/v3\/la-pandemia-sumo-en-un-ano-mas-de-un-millon-de-argentinos-en-estado-de-pobreza-y-vulnerabilidad\/"},"wordCount":648,"commentCount":0,"publisher":{"@id":"https:\/\/cvinoticias.com\/v3\/#organization"},"image":{"@id":"https:\/\/cvinoticias.com\/v3\/la-pandemia-sumo-en-un-ano-mas-de-un-millon-de-argentinos-en-estado-de-pobreza-y-vulnerabilidad\/#primaryimage"},"thumbnailUrl":"https:\/\/cvinoticias.com\/wp-content\/uploads\/2021\/08\/dcf0f5d3b717d33ccb69e3731de6fd38_XL.jpg","articleSection":["Sociedad"],"inLanguage":"es","potentialAction":[{"@type":"CommentAction","name":"Comment","target":["https:\/\/cvinoticias.com\/v3\/la-pandemia-sumo-en-un-ano-mas-de-un-millon-de-argentinos-en-estado-de-pobreza-y-vulnerabilidad\/#respond"]}]},{"@type":"WebPage","@id":"https:\/\/cvinoticias.com\/v3\/la-pandemia-sumo-en-un-ano-mas-de-un-millon-de-argentinos-en-estado-de-pobreza-y-vulnerabilidad\/","url":"https:\/\/cvinoticias.com\/v3\/la-pandemia-sumo-en-un-ano-mas-de-un-millon-de-argentinos-en-estado-de-pobreza-y-vulnerabilidad\/","name":"La pandemia sum\u00f3 en un a\u00f1o m\u00e1s de un mill\u00f3n de argentinos en estado de pobreza y vulnerabilidad | CVI NOTICIAS","isPartOf":{"@id":"https:\/\/cvinoticias.com\/v3\/#website"},"primaryImageOfPage":{"@id":"https:\/\/cvinoticias.com\/v3\/la-pandemia-sumo-en-un-ano-mas-de-un-millon-de-argentinos-en-estado-de-pobreza-y-vulnerabilidad\/#primaryimage"},"image":{"@id":"https:\/\/cvinoticias.com\/v3\/la-pandemia-sumo-en-un-ano-mas-de-un-millon-de-argentinos-en-estado-de-pobreza-y-vulnerabilidad\/#primaryimage"},"thumbnailUrl":"https:\/\/cvinoticias.com\/wp-content\/uploads\/2021\/08\/dcf0f5d3b717d33ccb69e3731de6fd38_XL.jpg","datePublished":"2021-08-29T15:43:03+00:00","breadcrumb":{"@id":"https:\/\/cvinoticias.com\/v3\/la-pandemia-sumo-en-un-ano-mas-de-un-millon-de-argentinos-en-estado-de-pobreza-y-vulnerabilidad\/#breadcrumb"},"inLanguage":"es","potentialAction":[{"@type":"ReadAction","target":["https:\/\/cvinoticias.com\/v3\/la-pandemia-sumo-en-un-ano-mas-de-un-millon-de-argentinos-en-estado-de-pobreza-y-vulnerabilidad\/"]}]},{"@type":"ImageObject","inLanguage":"es","@id":"https:\/\/cvinoticias.com\/v3\/la-pandemia-sumo-en-un-ano-mas-de-un-millon-de-argentinos-en-estado-de-pobreza-y-vulnerabilidad\/#primaryimage","url":"https:\/\/cvinoticias.com\/wp-content\/uploads\/2021\/08\/dcf0f5d3b717d33ccb69e3731de6fd38_XL.jpg","contentUrl":"https:\/\/cvinoticias.com\/wp-content\/uploads\/2021\/08\/dcf0f5d3b717d33ccb69e3731de6fd38_XL.jpg","width":1280,"height":889},{"@type":"BreadcrumbList","@id":"https:\/\/cvinoticias.com\/v3\/la-pandemia-sumo-en-un-ano-mas-de-un-millon-de-argentinos-en-estado-de-pobreza-y-vulnerabilidad\/#breadcrumb","itemListElement":[{"@type":"ListItem","position":1,"name":"Portada","item":"https:\/\/cvinoticias.com\/v3\/"},{"@type":"ListItem","position":2,"name":"La pandemia sum\u00f3 en un a\u00f1o m\u00e1s de un mill\u00f3n de argentinos en estado de pobreza y vulnerabilidad"}]},{"@type":"WebSite","@id":"https:\/\/cvinoticias.com\/v3\/#website","url":"https:\/\/cvinoticias.com\/v3\/","name":"CVI NOTICIAS","description":"","publisher":{"@id":"https:\/\/cvinoticias.com\/v3\/#organization"},"alternateName":"CVI","potentialAction":[{"@type":"SearchAction","target":{"@type":"EntryPoint","urlTemplate":"https:\/\/cvinoticias.com\/v3\/?s={search_term_string}"},"query-input":{"@type":"PropertyValueSpecification","valueRequired":true,"valueName":"search_term_string"}}],"inLanguage":"es"},{"@type":"Organization","@id":"https:\/\/cvinoticias.com\/v3\/#organization","name":"CVI NOTICIAS","url":"https:\/\/cvinoticias.com\/v3\/","logo":{"@type":"ImageObject","inLanguage":"es","@id":"https:\/\/cvinoticias.com\/v3\/#\/schema\/logo\/image\/","url":"https:\/\/cvinoticias.com\/wp-content\/uploads\/2023\/04\/cropped-cropped-cropped-cropped-cropped-3-1.png","contentUrl":"https:\/\/cvinoticias.com\/wp-content\/uploads\/2023\/04\/cropped-cropped-cropped-cropped-cropped-3-1.png","width":95,"height":122,"caption":"CVI NOTICIAS"},"image":{"@id":"https:\/\/cvinoticias.com\/v3\/#\/schema\/logo\/image\/"},"sameAs":["https:\/\/www.facebook.com\/cvinoticias","https:\/\/www.instagram.com\/cvinoticias\/","https:\/\/www.youtube.com\/@CVINOTICIAS"]},{"@type":"Person","@id":"https:\/\/cvinoticias.com\/v3\/#\/schema\/person\/2db77e3c6bc03c538495d7b2b8be9b66","name":"f1000024","image":{"@type":"ImageObject","inLanguage":"es","@id":"https:\/\/secure.gravatar.com\/avatar\/d4fe7459cfc51ff5129ce1a732bbef5928568b8092d412ef95611616376bbeed?s=96&d=mm&r=g","url":"https:\/\/secure.gravatar.com\/avatar\/d4fe7459cfc51ff5129ce1a732bbef5928568b8092d412ef95611616376bbeed?s=96&d=mm&r=g","contentUrl":"https:\/\/secure.gravatar.com\/avatar\/d4fe7459cfc51ff5129ce1a732bbef5928568b8092d412ef95611616376bbeed?s=96&d=mm&r=g","caption":"f1000024"},"url":"https:\/\/cvinoticias.com\/v3\/author\/f1000024\/"}]}},"_links":{"self":[{"href":"https:\/\/cvinoticias.com\/v3\/wp-json\/wp\/v2\/posts\/8061","targetHints":{"allow":["GET"]}}],"collection":[{"href":"https:\/\/cvinoticias.com\/v3\/wp-json\/wp\/v2\/posts"}],"about":[{"href":"https:\/\/cvinoticias.com\/v3\/wp-json\/wp\/v2\/types\/post"}],"author":[{"embeddable":true,"href":"https:\/\/cvinoticias.com\/v3\/wp-json\/wp\/v2\/users\/2"}],"replies":[{"embeddable":true,"href":"https:\/\/cvinoticias.com\/v3\/wp-json\/wp\/v2\/comments?post=8061"}],"version-history":[{"count":1,"href":"https:\/\/cvinoticias.com\/v3\/wp-json\/wp\/v2\/posts\/8061\/revisions"}],"predecessor-version":[{"id":8063,"href":"https:\/\/cvinoticias.com\/v3\/wp-json\/wp\/v2\/posts\/8061\/revisions\/8063"}],"wp:featuredmedia":[{"embeddable":true,"href":"https:\/\/cvinoticias.com\/v3\/wp-json\/wp\/v2\/media\/8062"}],"wp:attachment":[{"href":"https:\/\/cvinoticias.com\/v3\/wp-json\/wp\/v2\/media?parent=8061"}],"wp:term":[{"taxonomy":"category","embeddable":true,"href":"https:\/\/cvinoticias.com\/v3\/wp-json\/wp\/v2\/categories?post=8061"},{"taxonomy":"post_tag","embeddable":true,"href":"https:\/\/cvinoticias.com\/v3\/wp-json\/wp\/v2\/tags?post=8061"}],"curies":[{"name":"wp","href":"https:\/\/api.w.org\/{rel}","templated":true}]}}