{"id":8015,"date":"2021-08-28T18:00:15","date_gmt":"2021-08-28T18:00:15","guid":{"rendered":"https:\/\/cvinoticias.com\/v3\/?p=8015"},"modified":"2021-08-28T18:00:15","modified_gmt":"2021-08-28T18:00:15","slug":"el-lunes-30-de-agosto-comienza-la-entrega-del-programa-hambre-cero","status":"publish","type":"post","link":"https:\/\/cvinoticias.com\/v3\/el-lunes-30-de-agosto-comienza-la-entrega-del-programa-hambre-cero\/","title":{"rendered":"El lunes 30 de agosto comienza la entrega del Programa Hambre Cero"},"content":{"rendered":"\n<p><strong><em>El Ministerio de Desarrollo Social, la Mujer y la Juventud, a trav\u00e9s de la Subsecretaria de Derechos Econ\u00f3micos, Sociales y Culturales, comunica que a partir del lunes 30 de agosto inicia la entrega de los beneficios del programa de Recuperaci\u00f3n Nutricional Hambre Cero.<\/em><\/strong><\/p>\n\n\n\n<p>En Posadas, se realizar\u00e1n como todos los meses en las delegaciones municipales de Itaemb\u00e9 Mini, Miguel Lan\u00fas, Chacra 32-33, Villa Urquiza, Los Dolores Sur, Villa Cabello y Santa Rita, de 8:00 a 12:00 horas, hasta el viernes&nbsp;03 de septiembre inclusive.<\/p>\n\n\n\n<p>Los dem\u00e1s municipios de la provincia podr\u00e1n retirarlos tambi\u00e9n desde el lunes 30 de agosto al mi\u00e9rcoles 8 de septiembre,\u00a0en el horario de 8:00 a 12:00 horas, en el dep\u00f3sito ubicado sobre la avenida Yerbal 4157, entre las avenidas Maip\u00fa y Cabred de Posadas.<\/p>\n\n\n\n<p>El programa de Recuperaci\u00f3n Nutricional Hambre Cero tiene como objetivo abordar de manera integral la alimentaci\u00f3n adecuada y el acceso a la salud integral, garantizar las necesidades b\u00e1sicas y la restituci\u00f3n progresiva de los derechos a la educaci\u00f3n y a la alimentaci\u00f3n, y mejorar la calidad de vida. Participan de este programa todos los ministerios del Gobierno de Misiones, entes descentralizados y los 77 municipios con sus equipos sociales.<\/p>\n\n\n\n<p><\/p>\n","protected":false},"excerpt":{"rendered":"<p>El Ministerio de Desarrollo Social, la Mujer y la Juventud, a trav\u00e9s de la Subsecretaria de Derechos Econ\u00f3micos, Sociales y Culturales, comunica que a partir del lunes 30 de agosto inicia la entrega de los beneficios del programa de Recuperaci\u00f3n Nutricional Hambre Cero. En Posadas, se realizar\u00e1n como todos los meses en las delegaciones municipales [&hellip;]<\/p>\n","protected":false},"author":2,"featured_media":8016,"comment_status":"open","ping_status":"open","sticky":false,"template":"","format":"standard","meta":{"footnotes":""},"categories":[43],"tags":[],"class_list":["post-8015","post","type-post","status-publish","format-standard","has-post-thumbnail","hentry","category-provinciales"],"yoast_head":"<!-- This site is optimized with the Yoast SEO plugin v27.5 - https:\/\/yoast.com\/product\/yoast-seo-wordpress\/ -->\n<title>El lunes 30 de agosto comienza la entrega del Programa Hambre Cero | CVI NOTICIAS<\/title>\n<meta name=\"robots\" content=\"index, follow, max-snippet:-1, max-image-preview:large, max-video-preview:-1\" \/>\n<link rel=\"canonical\" href=\"https:\/\/cvinoticias.com\/v3\/el-lunes-30-de-agosto-comienza-la-entrega-del-programa-hambre-cero\/\" \/>\n<meta property=\"og:locale\" content=\"es_ES\" \/>\n<meta property=\"og:type\" content=\"article\" \/>\n<meta property=\"og:title\" content=\"El lunes 30 de agosto comienza la entrega del Programa Hambre Cero | CVI NOTICIAS\" \/>\n<meta property=\"og:description\" content=\"El Ministerio de Desarrollo Social, la Mujer y la Juventud, a trav\u00e9s de la Subsecretaria de Derechos Econ\u00f3micos, Sociales y Culturales, comunica que a partir del lunes 30 de agosto inicia la entrega de los beneficios del programa de Recuperaci\u00f3n Nutricional Hambre Cero. En Posadas, se realizar\u00e1n como todos los meses en las delegaciones municipales [&hellip;]\" \/>\n<meta property=\"og:url\" content=\"https:\/\/cvinoticias.com\/v3\/el-lunes-30-de-agosto-comienza-la-entrega-del-programa-hambre-cero\/\" \/>\n<meta property=\"og:site_name\" content=\"CVI NOTICIAS\" \/>\n<meta property=\"article:publisher\" content=\"https:\/\/www.facebook.com\/cvinoticias\" \/>\n<meta property=\"article:published_time\" content=\"2021-08-28T18:00:15+00:00\" \/>\n<meta property=\"og:image\" content=\"https:\/\/cvinoticias.com\/wp-content\/uploads\/2021\/08\/hambre-cero.jpg\" \/>\n\t<meta property=\"og:image:width\" content=\"870\" \/>\n\t<meta property=\"og:image:height\" content=\"514\" \/>\n\t<meta property=\"og:image:type\" content=\"image\/jpeg\" \/>\n<meta name=\"author\" content=\"f1000024\" \/>\n<meta name=\"twitter:card\" content=\"summary_large_image\" \/>\n<meta name=\"twitter:label1\" content=\"Escrito por\" \/>\n\t<meta name=\"twitter:data1\" content=\"f1000024\" \/>\n\t<meta name=\"twitter:label2\" content=\"Tiempo de lectura\" \/>\n\t<meta name=\"twitter:data2\" content=\"1 minuto\" \/>\n<script type=\"application\/ld+json\" class=\"yoast-schema-graph\">{\"@context\":\"https:\\\/\\\/schema.org\",\"@graph\":[{\"@type\":\"Article\",\"@id\":\"https:\\\/\\\/cvinoticias.com\\\/v3\\\/el-lunes-30-de-agosto-comienza-la-entrega-del-programa-hambre-cero\\\/#article\",\"isPartOf\":{\"@id\":\"https:\\\/\\\/cvinoticias.com\\\/v3\\\/el-lunes-30-de-agosto-comienza-la-entrega-del-programa-hambre-cero\\\/\"},\"author\":{\"name\":\"f1000024\",\"@id\":\"https:\\\/\\\/cvinoticias.com\\\/v3\\\/#\\\/schema\\\/person\\\/2db77e3c6bc03c538495d7b2b8be9b66\"},\"headline\":\"El lunes 30 de agosto comienza la entrega del Programa Hambre Cero\",\"datePublished\":\"2021-08-28T18:00:15+00:00\",\"mainEntityOfPage\":{\"@id\":\"https:\\\/\\\/cvinoticias.com\\\/v3\\\/el-lunes-30-de-agosto-comienza-la-entrega-del-programa-hambre-cero\\\/\"},\"wordCount\":216,\"commentCount\":0,\"publisher\":{\"@id\":\"https:\\\/\\\/cvinoticias.com\\\/v3\\\/#organization\"},\"image\":{\"@id\":\"https:\\\/\\\/cvinoticias.com\\\/v3\\\/el-lunes-30-de-agosto-comienza-la-entrega-del-programa-hambre-cero\\\/#primaryimage\"},\"thumbnailUrl\":\"https:\\\/\\\/cvinoticias.com\\\/wp-content\\\/uploads\\\/2021\\\/08\\\/hambre-cero.jpg\",\"articleSection\":[\"Provinciales\"],\"inLanguage\":\"es\",\"potentialAction\":[{\"@type\":\"CommentAction\",\"name\":\"Comment\",\"target\":[\"https:\\\/\\\/cvinoticias.com\\\/v3\\\/el-lunes-30-de-agosto-comienza-la-entrega-del-programa-hambre-cero\\\/#respond\"]}]},{\"@type\":\"WebPage\",\"@id\":\"https:\\\/\\\/cvinoticias.com\\\/v3\\\/el-lunes-30-de-agosto-comienza-la-entrega-del-programa-hambre-cero\\\/\",\"url\":\"https:\\\/\\\/cvinoticias.com\\\/v3\\\/el-lunes-30-de-agosto-comienza-la-entrega-del-programa-hambre-cero\\\/\",\"name\":\"El lunes 30 de agosto comienza la entrega del Programa Hambre Cero | CVI NOTICIAS\",\"isPartOf\":{\"@id\":\"https:\\\/\\\/cvinoticias.com\\\/v3\\\/#website\"},\"primaryImageOfPage\":{\"@id\":\"https:\\\/\\\/cvinoticias.com\\\/v3\\\/el-lunes-30-de-agosto-comienza-la-entrega-del-programa-hambre-cero\\\/#primaryimage\"},\"image\":{\"@id\":\"https:\\\/\\\/cvinoticias.com\\\/v3\\\/el-lunes-30-de-agosto-comienza-la-entrega-del-programa-hambre-cero\\\/#primaryimage\"},\"thumbnailUrl\":\"https:\\\/\\\/cvinoticias.com\\\/wp-content\\\/uploads\\\/2021\\\/08\\\/hambre-cero.jpg\",\"datePublished\":\"2021-08-28T18:00:15+00:00\",\"breadcrumb\":{\"@id\":\"https:\\\/\\\/cvinoticias.com\\\/v3\\\/el-lunes-30-de-agosto-comienza-la-entrega-del-programa-hambre-cero\\\/#breadcrumb\"},\"inLanguage\":\"es\",\"potentialAction\":[{\"@type\":\"ReadAction\",\"target\":[\"https:\\\/\\\/cvinoticias.com\\\/v3\\\/el-lunes-30-de-agosto-comienza-la-entrega-del-programa-hambre-cero\\\/\"]}]},{\"@type\":\"ImageObject\",\"inLanguage\":\"es\",\"@id\":\"https:\\\/\\\/cvinoticias.com\\\/v3\\\/el-lunes-30-de-agosto-comienza-la-entrega-del-programa-hambre-cero\\\/#primaryimage\",\"url\":\"https:\\\/\\\/cvinoticias.com\\\/wp-content\\\/uploads\\\/2021\\\/08\\\/hambre-cero.jpg\",\"contentUrl\":\"https:\\\/\\\/cvinoticias.com\\\/wp-content\\\/uploads\\\/2021\\\/08\\\/hambre-cero.jpg\",\"width\":870,\"height\":514},{\"@type\":\"BreadcrumbList\",\"@id\":\"https:\\\/\\\/cvinoticias.com\\\/v3\\\/el-lunes-30-de-agosto-comienza-la-entrega-del-programa-hambre-cero\\\/#breadcrumb\",\"itemListElement\":[{\"@type\":\"ListItem\",\"position\":1,\"name\":\"Portada\",\"item\":\"https:\\\/\\\/cvinoticias.com\\\/v3\\\/\"},{\"@type\":\"ListItem\",\"position\":2,\"name\":\"El lunes 30 de agosto comienza la entrega del Programa Hambre Cero\"}]},{\"@type\":\"WebSite\",\"@id\":\"https:\\\/\\\/cvinoticias.com\\\/v3\\\/#website\",\"url\":\"https:\\\/\\\/cvinoticias.com\\\/v3\\\/\",\"name\":\"CVI NOTICIAS\",\"description\":\"\",\"publisher\":{\"@id\":\"https:\\\/\\\/cvinoticias.com\\\/v3\\\/#organization\"},\"alternateName\":\"CVI\",\"potentialAction\":[{\"@type\":\"SearchAction\",\"target\":{\"@type\":\"EntryPoint\",\"urlTemplate\":\"https:\\\/\\\/cvinoticias.com\\\/v3\\\/?s={search_term_string}\"},\"query-input\":{\"@type\":\"PropertyValueSpecification\",\"valueRequired\":true,\"valueName\":\"search_term_string\"}}],\"inLanguage\":\"es\"},{\"@type\":\"Organization\",\"@id\":\"https:\\\/\\\/cvinoticias.com\\\/v3\\\/#organization\",\"name\":\"CVI NOTICIAS\",\"url\":\"https:\\\/\\\/cvinoticias.com\\\/v3\\\/\",\"logo\":{\"@type\":\"ImageObject\",\"inLanguage\":\"es\",\"@id\":\"https:\\\/\\\/cvinoticias.com\\\/v3\\\/#\\\/schema\\\/logo\\\/image\\\/\",\"url\":\"https:\\\/\\\/cvinoticias.com\\\/wp-content\\\/uploads\\\/2023\\\/04\\\/cropped-cropped-cropped-cropped-cropped-3-1.png\",\"contentUrl\":\"https:\\\/\\\/cvinoticias.com\\\/wp-content\\\/uploads\\\/2023\\\/04\\\/cropped-cropped-cropped-cropped-cropped-3-1.png\",\"width\":95,\"height\":122,\"caption\":\"CVI NOTICIAS\"},\"image\":{\"@id\":\"https:\\\/\\\/cvinoticias.com\\\/v3\\\/#\\\/schema\\\/logo\\\/image\\\/\"},\"sameAs\":[\"https:\\\/\\\/www.facebook.com\\\/cvinoticias\",\"https:\\\/\\\/www.instagram.com\\\/cvinoticias\\\/\",\"https:\\\/\\\/www.youtube.com\\\/@CVINOTICIAS\"]},{\"@type\":\"Person\",\"@id\":\"https:\\\/\\\/cvinoticias.com\\\/v3\\\/#\\\/schema\\\/person\\\/2db77e3c6bc03c538495d7b2b8be9b66\",\"name\":\"f1000024\",\"image\":{\"@type\":\"ImageObject\",\"inLanguage\":\"es\",\"@id\":\"https:\\\/\\\/secure.gravatar.com\\\/avatar\\\/d4fe7459cfc51ff5129ce1a732bbef5928568b8092d412ef95611616376bbeed?s=96&d=mm&r=g\",\"url\":\"https:\\\/\\\/secure.gravatar.com\\\/avatar\\\/d4fe7459cfc51ff5129ce1a732bbef5928568b8092d412ef95611616376bbeed?s=96&d=mm&r=g\",\"contentUrl\":\"https:\\\/\\\/secure.gravatar.com\\\/avatar\\\/d4fe7459cfc51ff5129ce1a732bbef5928568b8092d412ef95611616376bbeed?s=96&d=mm&r=g\",\"caption\":\"f1000024\"},\"url\":\"https:\\\/\\\/cvinoticias.com\\\/v3\\\/author\\\/f1000024\\\/\"}]}<\/script>\n<!-- \/ Yoast SEO plugin. -->","yoast_head_json":{"title":"El lunes 30 de agosto comienza la entrega del Programa Hambre Cero | CVI NOTICIAS","robots":{"index":"index","follow":"follow","max-snippet":"max-snippet:-1","max-image-preview":"max-image-preview:large","max-video-preview":"max-video-preview:-1"},"canonical":"https:\/\/cvinoticias.com\/v3\/el-lunes-30-de-agosto-comienza-la-entrega-del-programa-hambre-cero\/","og_locale":"es_ES","og_type":"article","og_title":"El lunes 30 de agosto comienza la entrega del Programa Hambre Cero | CVI NOTICIAS","og_description":"El Ministerio de Desarrollo Social, la Mujer y la Juventud, a trav\u00e9s de la Subsecretaria de Derechos Econ\u00f3micos, Sociales y Culturales, comunica que a partir del lunes 30 de agosto inicia la entrega de los beneficios del programa de Recuperaci\u00f3n Nutricional Hambre Cero. En Posadas, se realizar\u00e1n como todos los meses en las delegaciones municipales [&hellip;]","og_url":"https:\/\/cvinoticias.com\/v3\/el-lunes-30-de-agosto-comienza-la-entrega-del-programa-hambre-cero\/","og_site_name":"CVI NOTICIAS","article_publisher":"https:\/\/www.facebook.com\/cvinoticias","article_published_time":"2021-08-28T18:00:15+00:00","og_image":[{"width":870,"height":514,"url":"https:\/\/cvinoticias.com\/wp-content\/uploads\/2021\/08\/hambre-cero.jpg","type":"image\/jpeg"}],"author":"f1000024","twitter_card":"summary_large_image","twitter_misc":{"Escrito por":"f1000024","Tiempo de lectura":"1 minuto"},"schema":{"@context":"https:\/\/schema.org","@graph":[{"@type":"Article","@id":"https:\/\/cvinoticias.com\/v3\/el-lunes-30-de-agosto-comienza-la-entrega-del-programa-hambre-cero\/#article","isPartOf":{"@id":"https:\/\/cvinoticias.com\/v3\/el-lunes-30-de-agosto-comienza-la-entrega-del-programa-hambre-cero\/"},"author":{"name":"f1000024","@id":"https:\/\/cvinoticias.com\/v3\/#\/schema\/person\/2db77e3c6bc03c538495d7b2b8be9b66"},"headline":"El lunes 30 de agosto comienza la entrega del Programa Hambre Cero","datePublished":"2021-08-28T18:00:15+00:00","mainEntityOfPage":{"@id":"https:\/\/cvinoticias.com\/v3\/el-lunes-30-de-agosto-comienza-la-entrega-del-programa-hambre-cero\/"},"wordCount":216,"commentCount":0,"publisher":{"@id":"https:\/\/cvinoticias.com\/v3\/#organization"},"image":{"@id":"https:\/\/cvinoticias.com\/v3\/el-lunes-30-de-agosto-comienza-la-entrega-del-programa-hambre-cero\/#primaryimage"},"thumbnailUrl":"https:\/\/cvinoticias.com\/wp-content\/uploads\/2021\/08\/hambre-cero.jpg","articleSection":["Provinciales"],"inLanguage":"es","potentialAction":[{"@type":"CommentAction","name":"Comment","target":["https:\/\/cvinoticias.com\/v3\/el-lunes-30-de-agosto-comienza-la-entrega-del-programa-hambre-cero\/#respond"]}]},{"@type":"WebPage","@id":"https:\/\/cvinoticias.com\/v3\/el-lunes-30-de-agosto-comienza-la-entrega-del-programa-hambre-cero\/","url":"https:\/\/cvinoticias.com\/v3\/el-lunes-30-de-agosto-comienza-la-entrega-del-programa-hambre-cero\/","name":"El lunes 30 de agosto comienza la entrega del Programa Hambre Cero | CVI NOTICIAS","isPartOf":{"@id":"https:\/\/cvinoticias.com\/v3\/#website"},"primaryImageOfPage":{"@id":"https:\/\/cvinoticias.com\/v3\/el-lunes-30-de-agosto-comienza-la-entrega-del-programa-hambre-cero\/#primaryimage"},"image":{"@id":"https:\/\/cvinoticias.com\/v3\/el-lunes-30-de-agosto-comienza-la-entrega-del-programa-hambre-cero\/#primaryimage"},"thumbnailUrl":"https:\/\/cvinoticias.com\/wp-content\/uploads\/2021\/08\/hambre-cero.jpg","datePublished":"2021-08-28T18:00:15+00:00","breadcrumb":{"@id":"https:\/\/cvinoticias.com\/v3\/el-lunes-30-de-agosto-comienza-la-entrega-del-programa-hambre-cero\/#breadcrumb"},"inLanguage":"es","potentialAction":[{"@type":"ReadAction","target":["https:\/\/cvinoticias.com\/v3\/el-lunes-30-de-agosto-comienza-la-entrega-del-programa-hambre-cero\/"]}]},{"@type":"ImageObject","inLanguage":"es","@id":"https:\/\/cvinoticias.com\/v3\/el-lunes-30-de-agosto-comienza-la-entrega-del-programa-hambre-cero\/#primaryimage","url":"https:\/\/cvinoticias.com\/wp-content\/uploads\/2021\/08\/hambre-cero.jpg","contentUrl":"https:\/\/cvinoticias.com\/wp-content\/uploads\/2021\/08\/hambre-cero.jpg","width":870,"height":514},{"@type":"BreadcrumbList","@id":"https:\/\/cvinoticias.com\/v3\/el-lunes-30-de-agosto-comienza-la-entrega-del-programa-hambre-cero\/#breadcrumb","itemListElement":[{"@type":"ListItem","position":1,"name":"Portada","item":"https:\/\/cvinoticias.com\/v3\/"},{"@type":"ListItem","position":2,"name":"El lunes 30 de agosto comienza la entrega del Programa Hambre Cero"}]},{"@type":"WebSite","@id":"https:\/\/cvinoticias.com\/v3\/#website","url":"https:\/\/cvinoticias.com\/v3\/","name":"CVI NOTICIAS","description":"","publisher":{"@id":"https:\/\/cvinoticias.com\/v3\/#organization"},"alternateName":"CVI","potentialAction":[{"@type":"SearchAction","target":{"@type":"EntryPoint","urlTemplate":"https:\/\/cvinoticias.com\/v3\/?s={search_term_string}"},"query-input":{"@type":"PropertyValueSpecification","valueRequired":true,"valueName":"search_term_string"}}],"inLanguage":"es"},{"@type":"Organization","@id":"https:\/\/cvinoticias.com\/v3\/#organization","name":"CVI NOTICIAS","url":"https:\/\/cvinoticias.com\/v3\/","logo":{"@type":"ImageObject","inLanguage":"es","@id":"https:\/\/cvinoticias.com\/v3\/#\/schema\/logo\/image\/","url":"https:\/\/cvinoticias.com\/wp-content\/uploads\/2023\/04\/cropped-cropped-cropped-cropped-cropped-3-1.png","contentUrl":"https:\/\/cvinoticias.com\/wp-content\/uploads\/2023\/04\/cropped-cropped-cropped-cropped-cropped-3-1.png","width":95,"height":122,"caption":"CVI NOTICIAS"},"image":{"@id":"https:\/\/cvinoticias.com\/v3\/#\/schema\/logo\/image\/"},"sameAs":["https:\/\/www.facebook.com\/cvinoticias","https:\/\/www.instagram.com\/cvinoticias\/","https:\/\/www.youtube.com\/@CVINOTICIAS"]},{"@type":"Person","@id":"https:\/\/cvinoticias.com\/v3\/#\/schema\/person\/2db77e3c6bc03c538495d7b2b8be9b66","name":"f1000024","image":{"@type":"ImageObject","inLanguage":"es","@id":"https:\/\/secure.gravatar.com\/avatar\/d4fe7459cfc51ff5129ce1a732bbef5928568b8092d412ef95611616376bbeed?s=96&d=mm&r=g","url":"https:\/\/secure.gravatar.com\/avatar\/d4fe7459cfc51ff5129ce1a732bbef5928568b8092d412ef95611616376bbeed?s=96&d=mm&r=g","contentUrl":"https:\/\/secure.gravatar.com\/avatar\/d4fe7459cfc51ff5129ce1a732bbef5928568b8092d412ef95611616376bbeed?s=96&d=mm&r=g","caption":"f1000024"},"url":"https:\/\/cvinoticias.com\/v3\/author\/f1000024\/"}]}},"_links":{"self":[{"href":"https:\/\/cvinoticias.com\/v3\/wp-json\/wp\/v2\/posts\/8015","targetHints":{"allow":["GET"]}}],"collection":[{"href":"https:\/\/cvinoticias.com\/v3\/wp-json\/wp\/v2\/posts"}],"about":[{"href":"https:\/\/cvinoticias.com\/v3\/wp-json\/wp\/v2\/types\/post"}],"author":[{"embeddable":true,"href":"https:\/\/cvinoticias.com\/v3\/wp-json\/wp\/v2\/users\/2"}],"replies":[{"embeddable":true,"href":"https:\/\/cvinoticias.com\/v3\/wp-json\/wp\/v2\/comments?post=8015"}],"version-history":[{"count":1,"href":"https:\/\/cvinoticias.com\/v3\/wp-json\/wp\/v2\/posts\/8015\/revisions"}],"predecessor-version":[{"id":8017,"href":"https:\/\/cvinoticias.com\/v3\/wp-json\/wp\/v2\/posts\/8015\/revisions\/8017"}],"wp:featuredmedia":[{"embeddable":true,"href":"https:\/\/cvinoticias.com\/v3\/wp-json\/wp\/v2\/media\/8016"}],"wp:attachment":[{"href":"https:\/\/cvinoticias.com\/v3\/wp-json\/wp\/v2\/media?parent=8015"}],"wp:term":[{"taxonomy":"category","embeddable":true,"href":"https:\/\/cvinoticias.com\/v3\/wp-json\/wp\/v2\/categories?post=8015"},{"taxonomy":"post_tag","embeddable":true,"href":"https:\/\/cvinoticias.com\/v3\/wp-json\/wp\/v2\/tags?post=8015"}],"curies":[{"name":"wp","href":"https:\/\/api.w.org\/{rel}","templated":true}]}}