{"id":8012,"date":"2021-08-28T17:53:22","date_gmt":"2021-08-28T17:53:22","guid":{"rendered":"https:\/\/cvinoticias.com\/v3\/?p=8012"},"modified":"2021-08-28T17:53:22","modified_gmt":"2021-08-28T17:53:22","slug":"nacion-aumenta-las-prestaciones-basicas-para-personas-con-discapacidad","status":"publish","type":"post","link":"https:\/\/cvinoticias.com\/v3\/nacion-aumenta-las-prestaciones-basicas-para-personas-con-discapacidad\/","title":{"rendered":"Naci\u00f3n aumenta las prestaciones b\u00e1sicas para personas con discapacidad"},"content":{"rendered":"\n<p><em><strong>La Agencia Nacional de Discapacidad anunci\u00f3 el aumento de un 30% en el valor de los aranceles vigentes del Sistema de Prestaciones para la Atenci\u00f3n Integral a favor de las Personas con Discapacidad, acumulando un total acordado durante 2021 de 78,35%.<\/strong><\/em><\/p>\n\n\n\n<p>\u201cEste aumento representa una clara demostraci\u00f3n del compromiso que asumi\u00f3 nuestro Gobierno para seguir generando las respuestas que las personas con discapacidad demandan en nuestro pa\u00eds\u201d, destac\u00f3 el director ejecutivo de la ANDIS Fernando Galarraga.<\/p>\n\n\n\n<p>La actualizaci\u00f3n arancelaria se efectivizar\u00e1 en tres partes acumulativas de 10% que comenzar\u00e1n a abonarse en octubre y noviembre de este a\u00f1o, y febrero del 2022.<\/p>\n\n\n\n<p>\u201cEstamos convencidos que, a partir de un Estado presente, que escucha y dialoga, podemos avanzar en la construcci\u00f3n de una sociedad con menos desigualdad y m\u00e1s inclusi\u00f3n\u201d, finaliz\u00f3 Galarraga.<\/p>\n\n\n\n<p>Tambi\u00e9n, se actualizaron los aranceles base sobre las prestaciones de Hogar con Centro de D\u00eda y Hogar con Centro Educativo Terap\u00e9utico. Se equipara el monto de la prestaci\u00f3n combinada a la suma de esas prestaciones por separado, y sobre dicha resultante, se aplican los tramos de aumento del 30% acumulativo.<\/p>\n\n\n\n<p>El nomenclador de prestaciones b\u00e1sicas para personas con discapacidad establece cuestiones de vital importancia para las personas en Argentina que cuentan con el Certificado \u00danico de Discapacidad seg\u00fan la Ley 22431, entre las que se encuentran prestaciones que van desde la estimulaci\u00f3n temprana y el maestro de apoyo hasta la internaci\u00f3n por rehabilitaci\u00f3n, pasando por la alimentaci\u00f3n, hogares, residencias, escolaridad, centro educativo y formaci\u00f3n laboral.<\/p>\n","protected":false},"excerpt":{"rendered":"<p>La Agencia Nacional de Discapacidad anunci\u00f3 el aumento de un 30% en el valor de los aranceles vigentes del Sistema de Prestaciones para la Atenci\u00f3n Integral a favor de las Personas con Discapacidad, acumulando un total acordado durante 2021 de 78,35%. \u201cEste aumento representa una clara demostraci\u00f3n del compromiso que asumi\u00f3 nuestro Gobierno para seguir [&hellip;]<\/p>\n","protected":false},"author":2,"featured_media":8013,"comment_status":"open","ping_status":"open","sticky":false,"template":"","format":"standard","meta":{"footnotes":""},"categories":[35],"tags":[],"class_list":["post-8012","post","type-post","status-publish","format-standard","has-post-thumbnail","hentry","category-informacion-general"],"yoast_head":"<!-- This site is optimized with the Yoast SEO plugin v27.4 - https:\/\/yoast.com\/product\/yoast-seo-wordpress\/ -->\n<title>Naci\u00f3n aumenta las prestaciones b\u00e1sicas para personas con discapacidad | CVI NOTICIAS<\/title>\n<meta name=\"robots\" content=\"index, follow, max-snippet:-1, max-image-preview:large, max-video-preview:-1\" \/>\n<link rel=\"canonical\" href=\"https:\/\/cvinoticias.com\/v3\/nacion-aumenta-las-prestaciones-basicas-para-personas-con-discapacidad\/\" \/>\n<meta property=\"og:locale\" content=\"es_ES\" \/>\n<meta property=\"og:type\" content=\"article\" \/>\n<meta property=\"og:title\" content=\"Naci\u00f3n aumenta las prestaciones b\u00e1sicas para personas con discapacidad | CVI NOTICIAS\" \/>\n<meta property=\"og:description\" content=\"La Agencia Nacional de Discapacidad anunci\u00f3 el aumento de un 30% en el valor de los aranceles vigentes del Sistema de Prestaciones para la Atenci\u00f3n Integral a favor de las Personas con Discapacidad, acumulando un total acordado durante 2021 de 78,35%. \u201cEste aumento representa una clara demostraci\u00f3n del compromiso que asumi\u00f3 nuestro Gobierno para seguir [&hellip;]\" \/>\n<meta property=\"og:url\" content=\"https:\/\/cvinoticias.com\/v3\/nacion-aumenta-las-prestaciones-basicas-para-personas-con-discapacidad\/\" \/>\n<meta property=\"og:site_name\" content=\"CVI NOTICIAS\" \/>\n<meta property=\"article:publisher\" content=\"https:\/\/www.facebook.com\/cvinoticias\" \/>\n<meta property=\"article:published_time\" content=\"2021-08-28T17:53:22+00:00\" \/>\n<meta property=\"og:image\" content=\"https:\/\/cvinoticias.com\/wp-content\/uploads\/2021\/08\/personas-con-discapacidad_1.jpg_689937239.jpg\" \/>\n\t<meta property=\"og:image:width\" content=\"360\" \/>\n\t<meta property=\"og:image:height\" content=\"200\" \/>\n\t<meta property=\"og:image:type\" content=\"image\/jpeg\" \/>\n<meta name=\"author\" content=\"f1000024\" \/>\n<meta name=\"twitter:card\" content=\"summary_large_image\" \/>\n<meta name=\"twitter:label1\" content=\"Escrito por\" \/>\n\t<meta name=\"twitter:data1\" content=\"f1000024\" \/>\n\t<meta name=\"twitter:label2\" content=\"Tiempo de lectura\" \/>\n\t<meta name=\"twitter:data2\" content=\"1 minuto\" \/>\n<script type=\"application\/ld+json\" class=\"yoast-schema-graph\">{\"@context\":\"https:\\\/\\\/schema.org\",\"@graph\":[{\"@type\":\"Article\",\"@id\":\"https:\\\/\\\/cvinoticias.com\\\/v3\\\/nacion-aumenta-las-prestaciones-basicas-para-personas-con-discapacidad\\\/#article\",\"isPartOf\":{\"@id\":\"https:\\\/\\\/cvinoticias.com\\\/v3\\\/nacion-aumenta-las-prestaciones-basicas-para-personas-con-discapacidad\\\/\"},\"author\":{\"name\":\"f1000024\",\"@id\":\"https:\\\/\\\/cvinoticias.com\\\/v3\\\/#\\\/schema\\\/person\\\/2db77e3c6bc03c538495d7b2b8be9b66\"},\"headline\":\"Naci\u00f3n aumenta las prestaciones b\u00e1sicas para personas con discapacidad\",\"datePublished\":\"2021-08-28T17:53:22+00:00\",\"mainEntityOfPage\":{\"@id\":\"https:\\\/\\\/cvinoticias.com\\\/v3\\\/nacion-aumenta-las-prestaciones-basicas-para-personas-con-discapacidad\\\/\"},\"wordCount\":270,\"commentCount\":0,\"publisher\":{\"@id\":\"https:\\\/\\\/cvinoticias.com\\\/v3\\\/#organization\"},\"image\":{\"@id\":\"https:\\\/\\\/cvinoticias.com\\\/v3\\\/nacion-aumenta-las-prestaciones-basicas-para-personas-con-discapacidad\\\/#primaryimage\"},\"thumbnailUrl\":\"https:\\\/\\\/cvinoticias.com\\\/wp-content\\\/uploads\\\/2021\\\/08\\\/personas-con-discapacidad_1.jpg_689937239.jpg\",\"articleSection\":[\"Informaci\u00f3n General\"],\"inLanguage\":\"es\",\"potentialAction\":[{\"@type\":\"CommentAction\",\"name\":\"Comment\",\"target\":[\"https:\\\/\\\/cvinoticias.com\\\/v3\\\/nacion-aumenta-las-prestaciones-basicas-para-personas-con-discapacidad\\\/#respond\"]}]},{\"@type\":\"WebPage\",\"@id\":\"https:\\\/\\\/cvinoticias.com\\\/v3\\\/nacion-aumenta-las-prestaciones-basicas-para-personas-con-discapacidad\\\/\",\"url\":\"https:\\\/\\\/cvinoticias.com\\\/v3\\\/nacion-aumenta-las-prestaciones-basicas-para-personas-con-discapacidad\\\/\",\"name\":\"Naci\u00f3n aumenta las prestaciones b\u00e1sicas para personas con discapacidad | CVI NOTICIAS\",\"isPartOf\":{\"@id\":\"https:\\\/\\\/cvinoticias.com\\\/v3\\\/#website\"},\"primaryImageOfPage\":{\"@id\":\"https:\\\/\\\/cvinoticias.com\\\/v3\\\/nacion-aumenta-las-prestaciones-basicas-para-personas-con-discapacidad\\\/#primaryimage\"},\"image\":{\"@id\":\"https:\\\/\\\/cvinoticias.com\\\/v3\\\/nacion-aumenta-las-prestaciones-basicas-para-personas-con-discapacidad\\\/#primaryimage\"},\"thumbnailUrl\":\"https:\\\/\\\/cvinoticias.com\\\/wp-content\\\/uploads\\\/2021\\\/08\\\/personas-con-discapacidad_1.jpg_689937239.jpg\",\"datePublished\":\"2021-08-28T17:53:22+00:00\",\"breadcrumb\":{\"@id\":\"https:\\\/\\\/cvinoticias.com\\\/v3\\\/nacion-aumenta-las-prestaciones-basicas-para-personas-con-discapacidad\\\/#breadcrumb\"},\"inLanguage\":\"es\",\"potentialAction\":[{\"@type\":\"ReadAction\",\"target\":[\"https:\\\/\\\/cvinoticias.com\\\/v3\\\/nacion-aumenta-las-prestaciones-basicas-para-personas-con-discapacidad\\\/\"]}]},{\"@type\":\"ImageObject\",\"inLanguage\":\"es\",\"@id\":\"https:\\\/\\\/cvinoticias.com\\\/v3\\\/nacion-aumenta-las-prestaciones-basicas-para-personas-con-discapacidad\\\/#primaryimage\",\"url\":\"https:\\\/\\\/cvinoticias.com\\\/wp-content\\\/uploads\\\/2021\\\/08\\\/personas-con-discapacidad_1.jpg_689937239.jpg\",\"contentUrl\":\"https:\\\/\\\/cvinoticias.com\\\/wp-content\\\/uploads\\\/2021\\\/08\\\/personas-con-discapacidad_1.jpg_689937239.jpg\",\"width\":360,\"height\":200},{\"@type\":\"BreadcrumbList\",\"@id\":\"https:\\\/\\\/cvinoticias.com\\\/v3\\\/nacion-aumenta-las-prestaciones-basicas-para-personas-con-discapacidad\\\/#breadcrumb\",\"itemListElement\":[{\"@type\":\"ListItem\",\"position\":1,\"name\":\"Portada\",\"item\":\"https:\\\/\\\/cvinoticias.com\\\/v3\\\/\"},{\"@type\":\"ListItem\",\"position\":2,\"name\":\"Naci\u00f3n aumenta las prestaciones b\u00e1sicas para personas con discapacidad\"}]},{\"@type\":\"WebSite\",\"@id\":\"https:\\\/\\\/cvinoticias.com\\\/v3\\\/#website\",\"url\":\"https:\\\/\\\/cvinoticias.com\\\/v3\\\/\",\"name\":\"CVI NOTICIAS\",\"description\":\"\",\"publisher\":{\"@id\":\"https:\\\/\\\/cvinoticias.com\\\/v3\\\/#organization\"},\"alternateName\":\"CVI\",\"potentialAction\":[{\"@type\":\"SearchAction\",\"target\":{\"@type\":\"EntryPoint\",\"urlTemplate\":\"https:\\\/\\\/cvinoticias.com\\\/v3\\\/?s={search_term_string}\"},\"query-input\":{\"@type\":\"PropertyValueSpecification\",\"valueRequired\":true,\"valueName\":\"search_term_string\"}}],\"inLanguage\":\"es\"},{\"@type\":\"Organization\",\"@id\":\"https:\\\/\\\/cvinoticias.com\\\/v3\\\/#organization\",\"name\":\"CVI NOTICIAS\",\"url\":\"https:\\\/\\\/cvinoticias.com\\\/v3\\\/\",\"logo\":{\"@type\":\"ImageObject\",\"inLanguage\":\"es\",\"@id\":\"https:\\\/\\\/cvinoticias.com\\\/v3\\\/#\\\/schema\\\/logo\\\/image\\\/\",\"url\":\"https:\\\/\\\/cvinoticias.com\\\/wp-content\\\/uploads\\\/2023\\\/04\\\/cropped-cropped-cropped-cropped-cropped-3-1.png\",\"contentUrl\":\"https:\\\/\\\/cvinoticias.com\\\/wp-content\\\/uploads\\\/2023\\\/04\\\/cropped-cropped-cropped-cropped-cropped-3-1.png\",\"width\":95,\"height\":122,\"caption\":\"CVI NOTICIAS\"},\"image\":{\"@id\":\"https:\\\/\\\/cvinoticias.com\\\/v3\\\/#\\\/schema\\\/logo\\\/image\\\/\"},\"sameAs\":[\"https:\\\/\\\/www.facebook.com\\\/cvinoticias\",\"https:\\\/\\\/www.instagram.com\\\/cvinoticias\\\/\",\"https:\\\/\\\/www.youtube.com\\\/@CVINOTICIAS\"]},{\"@type\":\"Person\",\"@id\":\"https:\\\/\\\/cvinoticias.com\\\/v3\\\/#\\\/schema\\\/person\\\/2db77e3c6bc03c538495d7b2b8be9b66\",\"name\":\"f1000024\",\"image\":{\"@type\":\"ImageObject\",\"inLanguage\":\"es\",\"@id\":\"https:\\\/\\\/secure.gravatar.com\\\/avatar\\\/d4fe7459cfc51ff5129ce1a732bbef5928568b8092d412ef95611616376bbeed?s=96&d=mm&r=g\",\"url\":\"https:\\\/\\\/secure.gravatar.com\\\/avatar\\\/d4fe7459cfc51ff5129ce1a732bbef5928568b8092d412ef95611616376bbeed?s=96&d=mm&r=g\",\"contentUrl\":\"https:\\\/\\\/secure.gravatar.com\\\/avatar\\\/d4fe7459cfc51ff5129ce1a732bbef5928568b8092d412ef95611616376bbeed?s=96&d=mm&r=g\",\"caption\":\"f1000024\"},\"url\":\"https:\\\/\\\/cvinoticias.com\\\/v3\\\/author\\\/f1000024\\\/\"}]}<\/script>\n<!-- \/ Yoast SEO plugin. -->","yoast_head_json":{"title":"Naci\u00f3n aumenta las prestaciones b\u00e1sicas para personas con discapacidad | CVI NOTICIAS","robots":{"index":"index","follow":"follow","max-snippet":"max-snippet:-1","max-image-preview":"max-image-preview:large","max-video-preview":"max-video-preview:-1"},"canonical":"https:\/\/cvinoticias.com\/v3\/nacion-aumenta-las-prestaciones-basicas-para-personas-con-discapacidad\/","og_locale":"es_ES","og_type":"article","og_title":"Naci\u00f3n aumenta las prestaciones b\u00e1sicas para personas con discapacidad | CVI NOTICIAS","og_description":"La Agencia Nacional de Discapacidad anunci\u00f3 el aumento de un 30% en el valor de los aranceles vigentes del Sistema de Prestaciones para la Atenci\u00f3n Integral a favor de las Personas con Discapacidad, acumulando un total acordado durante 2021 de 78,35%. \u201cEste aumento representa una clara demostraci\u00f3n del compromiso que asumi\u00f3 nuestro Gobierno para seguir [&hellip;]","og_url":"https:\/\/cvinoticias.com\/v3\/nacion-aumenta-las-prestaciones-basicas-para-personas-con-discapacidad\/","og_site_name":"CVI NOTICIAS","article_publisher":"https:\/\/www.facebook.com\/cvinoticias","article_published_time":"2021-08-28T17:53:22+00:00","og_image":[{"width":360,"height":200,"url":"https:\/\/cvinoticias.com\/wp-content\/uploads\/2021\/08\/personas-con-discapacidad_1.jpg_689937239.jpg","type":"image\/jpeg"}],"author":"f1000024","twitter_card":"summary_large_image","twitter_misc":{"Escrito por":"f1000024","Tiempo de lectura":"1 minuto"},"schema":{"@context":"https:\/\/schema.org","@graph":[{"@type":"Article","@id":"https:\/\/cvinoticias.com\/v3\/nacion-aumenta-las-prestaciones-basicas-para-personas-con-discapacidad\/#article","isPartOf":{"@id":"https:\/\/cvinoticias.com\/v3\/nacion-aumenta-las-prestaciones-basicas-para-personas-con-discapacidad\/"},"author":{"name":"f1000024","@id":"https:\/\/cvinoticias.com\/v3\/#\/schema\/person\/2db77e3c6bc03c538495d7b2b8be9b66"},"headline":"Naci\u00f3n aumenta las prestaciones b\u00e1sicas para personas con discapacidad","datePublished":"2021-08-28T17:53:22+00:00","mainEntityOfPage":{"@id":"https:\/\/cvinoticias.com\/v3\/nacion-aumenta-las-prestaciones-basicas-para-personas-con-discapacidad\/"},"wordCount":270,"commentCount":0,"publisher":{"@id":"https:\/\/cvinoticias.com\/v3\/#organization"},"image":{"@id":"https:\/\/cvinoticias.com\/v3\/nacion-aumenta-las-prestaciones-basicas-para-personas-con-discapacidad\/#primaryimage"},"thumbnailUrl":"https:\/\/cvinoticias.com\/wp-content\/uploads\/2021\/08\/personas-con-discapacidad_1.jpg_689937239.jpg","articleSection":["Informaci\u00f3n General"],"inLanguage":"es","potentialAction":[{"@type":"CommentAction","name":"Comment","target":["https:\/\/cvinoticias.com\/v3\/nacion-aumenta-las-prestaciones-basicas-para-personas-con-discapacidad\/#respond"]}]},{"@type":"WebPage","@id":"https:\/\/cvinoticias.com\/v3\/nacion-aumenta-las-prestaciones-basicas-para-personas-con-discapacidad\/","url":"https:\/\/cvinoticias.com\/v3\/nacion-aumenta-las-prestaciones-basicas-para-personas-con-discapacidad\/","name":"Naci\u00f3n aumenta las prestaciones b\u00e1sicas para personas con discapacidad | CVI NOTICIAS","isPartOf":{"@id":"https:\/\/cvinoticias.com\/v3\/#website"},"primaryImageOfPage":{"@id":"https:\/\/cvinoticias.com\/v3\/nacion-aumenta-las-prestaciones-basicas-para-personas-con-discapacidad\/#primaryimage"},"image":{"@id":"https:\/\/cvinoticias.com\/v3\/nacion-aumenta-las-prestaciones-basicas-para-personas-con-discapacidad\/#primaryimage"},"thumbnailUrl":"https:\/\/cvinoticias.com\/wp-content\/uploads\/2021\/08\/personas-con-discapacidad_1.jpg_689937239.jpg","datePublished":"2021-08-28T17:53:22+00:00","breadcrumb":{"@id":"https:\/\/cvinoticias.com\/v3\/nacion-aumenta-las-prestaciones-basicas-para-personas-con-discapacidad\/#breadcrumb"},"inLanguage":"es","potentialAction":[{"@type":"ReadAction","target":["https:\/\/cvinoticias.com\/v3\/nacion-aumenta-las-prestaciones-basicas-para-personas-con-discapacidad\/"]}]},{"@type":"ImageObject","inLanguage":"es","@id":"https:\/\/cvinoticias.com\/v3\/nacion-aumenta-las-prestaciones-basicas-para-personas-con-discapacidad\/#primaryimage","url":"https:\/\/cvinoticias.com\/wp-content\/uploads\/2021\/08\/personas-con-discapacidad_1.jpg_689937239.jpg","contentUrl":"https:\/\/cvinoticias.com\/wp-content\/uploads\/2021\/08\/personas-con-discapacidad_1.jpg_689937239.jpg","width":360,"height":200},{"@type":"BreadcrumbList","@id":"https:\/\/cvinoticias.com\/v3\/nacion-aumenta-las-prestaciones-basicas-para-personas-con-discapacidad\/#breadcrumb","itemListElement":[{"@type":"ListItem","position":1,"name":"Portada","item":"https:\/\/cvinoticias.com\/v3\/"},{"@type":"ListItem","position":2,"name":"Naci\u00f3n aumenta las prestaciones b\u00e1sicas para personas con discapacidad"}]},{"@type":"WebSite","@id":"https:\/\/cvinoticias.com\/v3\/#website","url":"https:\/\/cvinoticias.com\/v3\/","name":"CVI NOTICIAS","description":"","publisher":{"@id":"https:\/\/cvinoticias.com\/v3\/#organization"},"alternateName":"CVI","potentialAction":[{"@type":"SearchAction","target":{"@type":"EntryPoint","urlTemplate":"https:\/\/cvinoticias.com\/v3\/?s={search_term_string}"},"query-input":{"@type":"PropertyValueSpecification","valueRequired":true,"valueName":"search_term_string"}}],"inLanguage":"es"},{"@type":"Organization","@id":"https:\/\/cvinoticias.com\/v3\/#organization","name":"CVI NOTICIAS","url":"https:\/\/cvinoticias.com\/v3\/","logo":{"@type":"ImageObject","inLanguage":"es","@id":"https:\/\/cvinoticias.com\/v3\/#\/schema\/logo\/image\/","url":"https:\/\/cvinoticias.com\/wp-content\/uploads\/2023\/04\/cropped-cropped-cropped-cropped-cropped-3-1.png","contentUrl":"https:\/\/cvinoticias.com\/wp-content\/uploads\/2023\/04\/cropped-cropped-cropped-cropped-cropped-3-1.png","width":95,"height":122,"caption":"CVI NOTICIAS"},"image":{"@id":"https:\/\/cvinoticias.com\/v3\/#\/schema\/logo\/image\/"},"sameAs":["https:\/\/www.facebook.com\/cvinoticias","https:\/\/www.instagram.com\/cvinoticias\/","https:\/\/www.youtube.com\/@CVINOTICIAS"]},{"@type":"Person","@id":"https:\/\/cvinoticias.com\/v3\/#\/schema\/person\/2db77e3c6bc03c538495d7b2b8be9b66","name":"f1000024","image":{"@type":"ImageObject","inLanguage":"es","@id":"https:\/\/secure.gravatar.com\/avatar\/d4fe7459cfc51ff5129ce1a732bbef5928568b8092d412ef95611616376bbeed?s=96&d=mm&r=g","url":"https:\/\/secure.gravatar.com\/avatar\/d4fe7459cfc51ff5129ce1a732bbef5928568b8092d412ef95611616376bbeed?s=96&d=mm&r=g","contentUrl":"https:\/\/secure.gravatar.com\/avatar\/d4fe7459cfc51ff5129ce1a732bbef5928568b8092d412ef95611616376bbeed?s=96&d=mm&r=g","caption":"f1000024"},"url":"https:\/\/cvinoticias.com\/v3\/author\/f1000024\/"}]}},"_links":{"self":[{"href":"https:\/\/cvinoticias.com\/v3\/wp-json\/wp\/v2\/posts\/8012","targetHints":{"allow":["GET"]}}],"collection":[{"href":"https:\/\/cvinoticias.com\/v3\/wp-json\/wp\/v2\/posts"}],"about":[{"href":"https:\/\/cvinoticias.com\/v3\/wp-json\/wp\/v2\/types\/post"}],"author":[{"embeddable":true,"href":"https:\/\/cvinoticias.com\/v3\/wp-json\/wp\/v2\/users\/2"}],"replies":[{"embeddable":true,"href":"https:\/\/cvinoticias.com\/v3\/wp-json\/wp\/v2\/comments?post=8012"}],"version-history":[{"count":1,"href":"https:\/\/cvinoticias.com\/v3\/wp-json\/wp\/v2\/posts\/8012\/revisions"}],"predecessor-version":[{"id":8014,"href":"https:\/\/cvinoticias.com\/v3\/wp-json\/wp\/v2\/posts\/8012\/revisions\/8014"}],"wp:featuredmedia":[{"embeddable":true,"href":"https:\/\/cvinoticias.com\/v3\/wp-json\/wp\/v2\/media\/8013"}],"wp:attachment":[{"href":"https:\/\/cvinoticias.com\/v3\/wp-json\/wp\/v2\/media?parent=8012"}],"wp:term":[{"taxonomy":"category","embeddable":true,"href":"https:\/\/cvinoticias.com\/v3\/wp-json\/wp\/v2\/categories?post=8012"},{"taxonomy":"post_tag","embeddable":true,"href":"https:\/\/cvinoticias.com\/v3\/wp-json\/wp\/v2\/tags?post=8012"}],"curies":[{"name":"wp","href":"https:\/\/api.w.org\/{rel}","templated":true}]}}