{"id":800,"date":"2020-12-16T21:40:40","date_gmt":"2020-12-16T21:40:40","guid":{"rendered":"https:\/\/cvinoticias.com\/v3\/?p=800"},"modified":"2020-12-16T21:40:40","modified_gmt":"2020-12-16T21:40:40","slug":"misiones-suma-una-nueva-victima-fatal-por-covid-19-este-miercoles","status":"publish","type":"post","link":"https:\/\/cvinoticias.com\/v3\/misiones-suma-una-nueva-victima-fatal-por-covid-19-este-miercoles\/","title":{"rendered":"Misiones suma una nueva v\u00edctima fatal por Covid-19 este mi\u00e9rcoles"},"content":{"rendered":"\n<p><strong><em>El Ministerio de Salud P\u00fablica de Misiones inform\u00f3 este mi\u00e9rcoles 29 nuevos casos de coronavirus<\/em><\/strong>.<\/p>\n\n\n\n<p>Los contagios se registraron en Posadas (12), Ober\u00e1 (7), Eldorado (3), Puerto Iguaz\u00fa (3), Puerto Rico (2), Bonpland (1) y Bernardo de Irigoyen (1).<\/p>\n","protected":false},"excerpt":{"rendered":"<p>El Ministerio de Salud P\u00fablica de Misiones inform\u00f3 este mi\u00e9rcoles 29 nuevos casos de coronavirus. Los contagios se registraron en Posadas (12), Ober\u00e1 (7), Eldorado (3), Puerto Iguaz\u00fa (3), Puerto Rico (2), Bonpland (1) y Bernardo de Irigoyen (1).<\/p>\n","protected":false},"author":2,"featured_media":801,"comment_status":"open","ping_status":"open","sticky":false,"template":"","format":"standard","meta":{"footnotes":""},"categories":[22],"tags":[181,64],"class_list":["post-800","post","type-post","status-publish","format-standard","has-post-thumbnail","hentry","category-salud","tag-covid","tag-pandemia"],"yoast_head":"<!-- This site is optimized with the Yoast SEO plugin v27.5 - https:\/\/yoast.com\/product\/yoast-seo-wordpress\/ -->\n<title>Misiones suma una nueva v\u00edctima fatal por Covid-19 este mi\u00e9rcoles | CVI NOTICIAS<\/title>\n<meta name=\"robots\" content=\"index, follow, max-snippet:-1, max-image-preview:large, max-video-preview:-1\" \/>\n<link rel=\"canonical\" href=\"https:\/\/cvinoticias.com\/v3\/misiones-suma-una-nueva-victima-fatal-por-covid-19-este-miercoles\/\" \/>\n<meta property=\"og:locale\" content=\"es_ES\" \/>\n<meta property=\"og:type\" content=\"article\" \/>\n<meta property=\"og:title\" content=\"Misiones suma una nueva v\u00edctima fatal por Covid-19 este mi\u00e9rcoles | CVI NOTICIAS\" \/>\n<meta property=\"og:description\" content=\"El Ministerio de Salud P\u00fablica de Misiones inform\u00f3 este mi\u00e9rcoles 29 nuevos casos de coronavirus. Los contagios se registraron en Posadas (12), Ober\u00e1 (7), Eldorado (3), Puerto Iguaz\u00fa (3), Puerto Rico (2), Bonpland (1) y Bernardo de Irigoyen (1).\" \/>\n<meta property=\"og:url\" content=\"https:\/\/cvinoticias.com\/v3\/misiones-suma-una-nueva-victima-fatal-por-covid-19-este-miercoles\/\" \/>\n<meta property=\"og:site_name\" content=\"CVI NOTICIAS\" \/>\n<meta property=\"article:publisher\" content=\"https:\/\/www.facebook.com\/cvinoticias\" \/>\n<meta property=\"article:published_time\" content=\"2020-12-16T21:40:40+00:00\" \/>\n<meta property=\"og:image\" content=\"https:\/\/cvinoticias.com\/wp-content\/uploads\/2020\/12\/FB_IMG_1608154338406.jpg\" \/>\n\t<meta property=\"og:image:width\" content=\"700\" \/>\n\t<meta property=\"og:image:height\" content=\"700\" \/>\n\t<meta property=\"og:image:type\" content=\"image\/jpeg\" \/>\n<meta name=\"author\" content=\"f1000024\" \/>\n<meta name=\"twitter:card\" content=\"summary_large_image\" \/>\n<meta name=\"twitter:label1\" content=\"Escrito por\" \/>\n\t<meta name=\"twitter:data1\" content=\"f1000024\" \/>\n<script type=\"application\/ld+json\" class=\"yoast-schema-graph\">{\"@context\":\"https:\\\/\\\/schema.org\",\"@graph\":[{\"@type\":\"Article\",\"@id\":\"https:\\\/\\\/cvinoticias.com\\\/v3\\\/misiones-suma-una-nueva-victima-fatal-por-covid-19-este-miercoles\\\/#article\",\"isPartOf\":{\"@id\":\"https:\\\/\\\/cvinoticias.com\\\/v3\\\/misiones-suma-una-nueva-victima-fatal-por-covid-19-este-miercoles\\\/\"},\"author\":{\"name\":\"f1000024\",\"@id\":\"https:\\\/\\\/cvinoticias.com\\\/v3\\\/#\\\/schema\\\/person\\\/2db77e3c6bc03c538495d7b2b8be9b66\"},\"headline\":\"Misiones suma una nueva v\u00edctima fatal por Covid-19 este mi\u00e9rcoles\",\"datePublished\":\"2020-12-16T21:40:40+00:00\",\"mainEntityOfPage\":{\"@id\":\"https:\\\/\\\/cvinoticias.com\\\/v3\\\/misiones-suma-una-nueva-victima-fatal-por-covid-19-este-miercoles\\\/\"},\"wordCount\":45,\"commentCount\":0,\"publisher\":{\"@id\":\"https:\\\/\\\/cvinoticias.com\\\/v3\\\/#organization\"},\"image\":{\"@id\":\"https:\\\/\\\/cvinoticias.com\\\/v3\\\/misiones-suma-una-nueva-victima-fatal-por-covid-19-este-miercoles\\\/#primaryimage\"},\"thumbnailUrl\":\"https:\\\/\\\/cvinoticias.com\\\/wp-content\\\/uploads\\\/2020\\\/12\\\/FB_IMG_1608154338406.jpg\",\"keywords\":[\"covid\",\"Pandemia\"],\"articleSection\":[\"Salud\"],\"inLanguage\":\"es\",\"potentialAction\":[{\"@type\":\"CommentAction\",\"name\":\"Comment\",\"target\":[\"https:\\\/\\\/cvinoticias.com\\\/v3\\\/misiones-suma-una-nueva-victima-fatal-por-covid-19-este-miercoles\\\/#respond\"]}]},{\"@type\":\"WebPage\",\"@id\":\"https:\\\/\\\/cvinoticias.com\\\/v3\\\/misiones-suma-una-nueva-victima-fatal-por-covid-19-este-miercoles\\\/\",\"url\":\"https:\\\/\\\/cvinoticias.com\\\/v3\\\/misiones-suma-una-nueva-victima-fatal-por-covid-19-este-miercoles\\\/\",\"name\":\"Misiones suma una nueva v\u00edctima fatal por Covid-19 este mi\u00e9rcoles | CVI NOTICIAS\",\"isPartOf\":{\"@id\":\"https:\\\/\\\/cvinoticias.com\\\/v3\\\/#website\"},\"primaryImageOfPage\":{\"@id\":\"https:\\\/\\\/cvinoticias.com\\\/v3\\\/misiones-suma-una-nueva-victima-fatal-por-covid-19-este-miercoles\\\/#primaryimage\"},\"image\":{\"@id\":\"https:\\\/\\\/cvinoticias.com\\\/v3\\\/misiones-suma-una-nueva-victima-fatal-por-covid-19-este-miercoles\\\/#primaryimage\"},\"thumbnailUrl\":\"https:\\\/\\\/cvinoticias.com\\\/wp-content\\\/uploads\\\/2020\\\/12\\\/FB_IMG_1608154338406.jpg\",\"datePublished\":\"2020-12-16T21:40:40+00:00\",\"breadcrumb\":{\"@id\":\"https:\\\/\\\/cvinoticias.com\\\/v3\\\/misiones-suma-una-nueva-victima-fatal-por-covid-19-este-miercoles\\\/#breadcrumb\"},\"inLanguage\":\"es\",\"potentialAction\":[{\"@type\":\"ReadAction\",\"target\":[\"https:\\\/\\\/cvinoticias.com\\\/v3\\\/misiones-suma-una-nueva-victima-fatal-por-covid-19-este-miercoles\\\/\"]}]},{\"@type\":\"ImageObject\",\"inLanguage\":\"es\",\"@id\":\"https:\\\/\\\/cvinoticias.com\\\/v3\\\/misiones-suma-una-nueva-victima-fatal-por-covid-19-este-miercoles\\\/#primaryimage\",\"url\":\"https:\\\/\\\/cvinoticias.com\\\/wp-content\\\/uploads\\\/2020\\\/12\\\/FB_IMG_1608154338406.jpg\",\"contentUrl\":\"https:\\\/\\\/cvinoticias.com\\\/wp-content\\\/uploads\\\/2020\\\/12\\\/FB_IMG_1608154338406.jpg\",\"width\":700,\"height\":700},{\"@type\":\"BreadcrumbList\",\"@id\":\"https:\\\/\\\/cvinoticias.com\\\/v3\\\/misiones-suma-una-nueva-victima-fatal-por-covid-19-este-miercoles\\\/#breadcrumb\",\"itemListElement\":[{\"@type\":\"ListItem\",\"position\":1,\"name\":\"Portada\",\"item\":\"https:\\\/\\\/cvinoticias.com\\\/v3\\\/\"},{\"@type\":\"ListItem\",\"position\":2,\"name\":\"Misiones suma una nueva v\u00edctima fatal por Covid-19 este mi\u00e9rcoles\"}]},{\"@type\":\"WebSite\",\"@id\":\"https:\\\/\\\/cvinoticias.com\\\/v3\\\/#website\",\"url\":\"https:\\\/\\\/cvinoticias.com\\\/v3\\\/\",\"name\":\"CVI NOTICIAS\",\"description\":\"\",\"publisher\":{\"@id\":\"https:\\\/\\\/cvinoticias.com\\\/v3\\\/#organization\"},\"alternateName\":\"CVI\",\"potentialAction\":[{\"@type\":\"SearchAction\",\"target\":{\"@type\":\"EntryPoint\",\"urlTemplate\":\"https:\\\/\\\/cvinoticias.com\\\/v3\\\/?s={search_term_string}\"},\"query-input\":{\"@type\":\"PropertyValueSpecification\",\"valueRequired\":true,\"valueName\":\"search_term_string\"}}],\"inLanguage\":\"es\"},{\"@type\":\"Organization\",\"@id\":\"https:\\\/\\\/cvinoticias.com\\\/v3\\\/#organization\",\"name\":\"CVI NOTICIAS\",\"url\":\"https:\\\/\\\/cvinoticias.com\\\/v3\\\/\",\"logo\":{\"@type\":\"ImageObject\",\"inLanguage\":\"es\",\"@id\":\"https:\\\/\\\/cvinoticias.com\\\/v3\\\/#\\\/schema\\\/logo\\\/image\\\/\",\"url\":\"https:\\\/\\\/cvinoticias.com\\\/wp-content\\\/uploads\\\/2023\\\/04\\\/cropped-cropped-cropped-cropped-cropped-3-1.png\",\"contentUrl\":\"https:\\\/\\\/cvinoticias.com\\\/wp-content\\\/uploads\\\/2023\\\/04\\\/cropped-cropped-cropped-cropped-cropped-3-1.png\",\"width\":95,\"height\":122,\"caption\":\"CVI NOTICIAS\"},\"image\":{\"@id\":\"https:\\\/\\\/cvinoticias.com\\\/v3\\\/#\\\/schema\\\/logo\\\/image\\\/\"},\"sameAs\":[\"https:\\\/\\\/www.facebook.com\\\/cvinoticias\",\"https:\\\/\\\/www.instagram.com\\\/cvinoticias\\\/\",\"https:\\\/\\\/www.youtube.com\\\/@CVINOTICIAS\"]},{\"@type\":\"Person\",\"@id\":\"https:\\\/\\\/cvinoticias.com\\\/v3\\\/#\\\/schema\\\/person\\\/2db77e3c6bc03c538495d7b2b8be9b66\",\"name\":\"f1000024\",\"image\":{\"@type\":\"ImageObject\",\"inLanguage\":\"es\",\"@id\":\"https:\\\/\\\/secure.gravatar.com\\\/avatar\\\/d4fe7459cfc51ff5129ce1a732bbef5928568b8092d412ef95611616376bbeed?s=96&d=mm&r=g\",\"url\":\"https:\\\/\\\/secure.gravatar.com\\\/avatar\\\/d4fe7459cfc51ff5129ce1a732bbef5928568b8092d412ef95611616376bbeed?s=96&d=mm&r=g\",\"contentUrl\":\"https:\\\/\\\/secure.gravatar.com\\\/avatar\\\/d4fe7459cfc51ff5129ce1a732bbef5928568b8092d412ef95611616376bbeed?s=96&d=mm&r=g\",\"caption\":\"f1000024\"},\"url\":\"https:\\\/\\\/cvinoticias.com\\\/v3\\\/author\\\/f1000024\\\/\"}]}<\/script>\n<!-- \/ Yoast SEO plugin. -->","yoast_head_json":{"title":"Misiones suma una nueva v\u00edctima fatal por Covid-19 este mi\u00e9rcoles | CVI NOTICIAS","robots":{"index":"index","follow":"follow","max-snippet":"max-snippet:-1","max-image-preview":"max-image-preview:large","max-video-preview":"max-video-preview:-1"},"canonical":"https:\/\/cvinoticias.com\/v3\/misiones-suma-una-nueva-victima-fatal-por-covid-19-este-miercoles\/","og_locale":"es_ES","og_type":"article","og_title":"Misiones suma una nueva v\u00edctima fatal por Covid-19 este mi\u00e9rcoles | CVI NOTICIAS","og_description":"El Ministerio de Salud P\u00fablica de Misiones inform\u00f3 este mi\u00e9rcoles 29 nuevos casos de coronavirus. Los contagios se registraron en Posadas (12), Ober\u00e1 (7), Eldorado (3), Puerto Iguaz\u00fa (3), Puerto Rico (2), Bonpland (1) y Bernardo de Irigoyen (1).","og_url":"https:\/\/cvinoticias.com\/v3\/misiones-suma-una-nueva-victima-fatal-por-covid-19-este-miercoles\/","og_site_name":"CVI NOTICIAS","article_publisher":"https:\/\/www.facebook.com\/cvinoticias","article_published_time":"2020-12-16T21:40:40+00:00","og_image":[{"width":700,"height":700,"url":"https:\/\/cvinoticias.com\/wp-content\/uploads\/2020\/12\/FB_IMG_1608154338406.jpg","type":"image\/jpeg"}],"author":"f1000024","twitter_card":"summary_large_image","twitter_misc":{"Escrito por":"f1000024"},"schema":{"@context":"https:\/\/schema.org","@graph":[{"@type":"Article","@id":"https:\/\/cvinoticias.com\/v3\/misiones-suma-una-nueva-victima-fatal-por-covid-19-este-miercoles\/#article","isPartOf":{"@id":"https:\/\/cvinoticias.com\/v3\/misiones-suma-una-nueva-victima-fatal-por-covid-19-este-miercoles\/"},"author":{"name":"f1000024","@id":"https:\/\/cvinoticias.com\/v3\/#\/schema\/person\/2db77e3c6bc03c538495d7b2b8be9b66"},"headline":"Misiones suma una nueva v\u00edctima fatal por Covid-19 este mi\u00e9rcoles","datePublished":"2020-12-16T21:40:40+00:00","mainEntityOfPage":{"@id":"https:\/\/cvinoticias.com\/v3\/misiones-suma-una-nueva-victima-fatal-por-covid-19-este-miercoles\/"},"wordCount":45,"commentCount":0,"publisher":{"@id":"https:\/\/cvinoticias.com\/v3\/#organization"},"image":{"@id":"https:\/\/cvinoticias.com\/v3\/misiones-suma-una-nueva-victima-fatal-por-covid-19-este-miercoles\/#primaryimage"},"thumbnailUrl":"https:\/\/cvinoticias.com\/wp-content\/uploads\/2020\/12\/FB_IMG_1608154338406.jpg","keywords":["covid","Pandemia"],"articleSection":["Salud"],"inLanguage":"es","potentialAction":[{"@type":"CommentAction","name":"Comment","target":["https:\/\/cvinoticias.com\/v3\/misiones-suma-una-nueva-victima-fatal-por-covid-19-este-miercoles\/#respond"]}]},{"@type":"WebPage","@id":"https:\/\/cvinoticias.com\/v3\/misiones-suma-una-nueva-victima-fatal-por-covid-19-este-miercoles\/","url":"https:\/\/cvinoticias.com\/v3\/misiones-suma-una-nueva-victima-fatal-por-covid-19-este-miercoles\/","name":"Misiones suma una nueva v\u00edctima fatal por Covid-19 este mi\u00e9rcoles | CVI NOTICIAS","isPartOf":{"@id":"https:\/\/cvinoticias.com\/v3\/#website"},"primaryImageOfPage":{"@id":"https:\/\/cvinoticias.com\/v3\/misiones-suma-una-nueva-victima-fatal-por-covid-19-este-miercoles\/#primaryimage"},"image":{"@id":"https:\/\/cvinoticias.com\/v3\/misiones-suma-una-nueva-victima-fatal-por-covid-19-este-miercoles\/#primaryimage"},"thumbnailUrl":"https:\/\/cvinoticias.com\/wp-content\/uploads\/2020\/12\/FB_IMG_1608154338406.jpg","datePublished":"2020-12-16T21:40:40+00:00","breadcrumb":{"@id":"https:\/\/cvinoticias.com\/v3\/misiones-suma-una-nueva-victima-fatal-por-covid-19-este-miercoles\/#breadcrumb"},"inLanguage":"es","potentialAction":[{"@type":"ReadAction","target":["https:\/\/cvinoticias.com\/v3\/misiones-suma-una-nueva-victima-fatal-por-covid-19-este-miercoles\/"]}]},{"@type":"ImageObject","inLanguage":"es","@id":"https:\/\/cvinoticias.com\/v3\/misiones-suma-una-nueva-victima-fatal-por-covid-19-este-miercoles\/#primaryimage","url":"https:\/\/cvinoticias.com\/wp-content\/uploads\/2020\/12\/FB_IMG_1608154338406.jpg","contentUrl":"https:\/\/cvinoticias.com\/wp-content\/uploads\/2020\/12\/FB_IMG_1608154338406.jpg","width":700,"height":700},{"@type":"BreadcrumbList","@id":"https:\/\/cvinoticias.com\/v3\/misiones-suma-una-nueva-victima-fatal-por-covid-19-este-miercoles\/#breadcrumb","itemListElement":[{"@type":"ListItem","position":1,"name":"Portada","item":"https:\/\/cvinoticias.com\/v3\/"},{"@type":"ListItem","position":2,"name":"Misiones suma una nueva v\u00edctima fatal por Covid-19 este mi\u00e9rcoles"}]},{"@type":"WebSite","@id":"https:\/\/cvinoticias.com\/v3\/#website","url":"https:\/\/cvinoticias.com\/v3\/","name":"CVI NOTICIAS","description":"","publisher":{"@id":"https:\/\/cvinoticias.com\/v3\/#organization"},"alternateName":"CVI","potentialAction":[{"@type":"SearchAction","target":{"@type":"EntryPoint","urlTemplate":"https:\/\/cvinoticias.com\/v3\/?s={search_term_string}"},"query-input":{"@type":"PropertyValueSpecification","valueRequired":true,"valueName":"search_term_string"}}],"inLanguage":"es"},{"@type":"Organization","@id":"https:\/\/cvinoticias.com\/v3\/#organization","name":"CVI NOTICIAS","url":"https:\/\/cvinoticias.com\/v3\/","logo":{"@type":"ImageObject","inLanguage":"es","@id":"https:\/\/cvinoticias.com\/v3\/#\/schema\/logo\/image\/","url":"https:\/\/cvinoticias.com\/wp-content\/uploads\/2023\/04\/cropped-cropped-cropped-cropped-cropped-3-1.png","contentUrl":"https:\/\/cvinoticias.com\/wp-content\/uploads\/2023\/04\/cropped-cropped-cropped-cropped-cropped-3-1.png","width":95,"height":122,"caption":"CVI NOTICIAS"},"image":{"@id":"https:\/\/cvinoticias.com\/v3\/#\/schema\/logo\/image\/"},"sameAs":["https:\/\/www.facebook.com\/cvinoticias","https:\/\/www.instagram.com\/cvinoticias\/","https:\/\/www.youtube.com\/@CVINOTICIAS"]},{"@type":"Person","@id":"https:\/\/cvinoticias.com\/v3\/#\/schema\/person\/2db77e3c6bc03c538495d7b2b8be9b66","name":"f1000024","image":{"@type":"ImageObject","inLanguage":"es","@id":"https:\/\/secure.gravatar.com\/avatar\/d4fe7459cfc51ff5129ce1a732bbef5928568b8092d412ef95611616376bbeed?s=96&d=mm&r=g","url":"https:\/\/secure.gravatar.com\/avatar\/d4fe7459cfc51ff5129ce1a732bbef5928568b8092d412ef95611616376bbeed?s=96&d=mm&r=g","contentUrl":"https:\/\/secure.gravatar.com\/avatar\/d4fe7459cfc51ff5129ce1a732bbef5928568b8092d412ef95611616376bbeed?s=96&d=mm&r=g","caption":"f1000024"},"url":"https:\/\/cvinoticias.com\/v3\/author\/f1000024\/"}]}},"_links":{"self":[{"href":"https:\/\/cvinoticias.com\/v3\/wp-json\/wp\/v2\/posts\/800","targetHints":{"allow":["GET"]}}],"collection":[{"href":"https:\/\/cvinoticias.com\/v3\/wp-json\/wp\/v2\/posts"}],"about":[{"href":"https:\/\/cvinoticias.com\/v3\/wp-json\/wp\/v2\/types\/post"}],"author":[{"embeddable":true,"href":"https:\/\/cvinoticias.com\/v3\/wp-json\/wp\/v2\/users\/2"}],"replies":[{"embeddable":true,"href":"https:\/\/cvinoticias.com\/v3\/wp-json\/wp\/v2\/comments?post=800"}],"version-history":[{"count":1,"href":"https:\/\/cvinoticias.com\/v3\/wp-json\/wp\/v2\/posts\/800\/revisions"}],"predecessor-version":[{"id":802,"href":"https:\/\/cvinoticias.com\/v3\/wp-json\/wp\/v2\/posts\/800\/revisions\/802"}],"wp:featuredmedia":[{"embeddable":true,"href":"https:\/\/cvinoticias.com\/v3\/wp-json\/wp\/v2\/media\/801"}],"wp:attachment":[{"href":"https:\/\/cvinoticias.com\/v3\/wp-json\/wp\/v2\/media?parent=800"}],"wp:term":[{"taxonomy":"category","embeddable":true,"href":"https:\/\/cvinoticias.com\/v3\/wp-json\/wp\/v2\/categories?post=800"},{"taxonomy":"post_tag","embeddable":true,"href":"https:\/\/cvinoticias.com\/v3\/wp-json\/wp\/v2\/tags?post=800"}],"curies":[{"name":"wp","href":"https:\/\/api.w.org\/{rel}","templated":true}]}}