{"id":7994,"date":"2021-08-27T12:31:58","date_gmt":"2021-08-27T12:31:58","guid":{"rendered":"https:\/\/cvinoticias.com\/v3\/?p=7994"},"modified":"2021-08-27T12:31:58","modified_gmt":"2021-08-27T12:31:58","slug":"el-gobierno-levanto-la-cuarentena-obligatoria-para-argentinos-que-regresen-de-viajes-laborales-o-comerciales","status":"publish","type":"post","link":"https:\/\/cvinoticias.com\/v3\/el-gobierno-levanto-la-cuarentena-obligatoria-para-argentinos-que-regresen-de-viajes-laborales-o-comerciales\/","title":{"rendered":"El Gobierno levant\u00f3 la cuarentena obligatoria para argentinos que regresen de viajes laborales o comerciales"},"content":{"rendered":"\n<h3 class=\"wp-block-heading\">El Gobierno nacional decidi\u00f3 exceptuar de cumplir con la cuarentena obligatoria de 14 d\u00edas a aquellas personas que regresen a la Argentina luego de un viaje al exterior por razones laborales o comerciales y que est\u00e9n completamente vacunadas contra el coronavirus.<\/h3>\n\n\n\n<p>Seg\u00fan la Decisi\u00f3n Administrativa 846\/2021, publicada este viernes en el Bolet\u00edn Oficial, la excepci\u00f3n es\u00a0\u201cal solo efecto de la reanudaci\u00f3n de dichas actividades (comerciales o laborales) en territorio argentino\u201d.<\/p>\n\n\n\n<p>El beneficio alcanza tanto a los argentinos y extranjeros residentes en el pa\u00eds como a los extranjeros no residentes que fueron autorizados a ingresar al pa\u00eds por la Direcci\u00f3n Nacional de Migraciones \u201cpara desarrollar una actividad laboral o comercial esencial para la que fueron convocados\u201d.<\/p>\n\n\n\n<p>No obstante, seg\u00fan la medida que lleva las firmas del jefe de Gabinete, Santiago Cafiero, y de la ministra de Salud, Carla Vizzotti,&nbsp;para acceder a la excepci\u00f3n se deben cumplir los siguientes requisitos:<\/p>\n\n\n\n<p><em>-Acreditar esquema de vacunaci\u00f3n completo, con una antelaci\u00f3n de por lo menos 21 d\u00edas a su ingreso al pa\u00eds. Las personas vacunadas en territorio nacional consignar\u00e1n dicho extremo en la declaraci\u00f3n jurada exigida por la Direcci\u00f3n de Migraciones, mientras que quienes se hubieran vacunado en el exterior, lo acreditar\u00e1n con la documentaci\u00f3n respaldatoria que adjuntar\u00e1n a la citada declaraci\u00f3n jurada.<\/em><\/p>\n\n\n\n<p><em>-Adicionalmente a la prueba PCR negativa en origen realizada dentro de las 72 horas previas al embarque y al test de ant\u00edgenos exigido al ingreso al pa\u00eds, deber\u00e1n realizarse 2 pruebas PCR, una al quinto d\u00eda y la otra al d\u00e9cimo d\u00eda, computados desde la realizaci\u00f3n del primer test, cuyos resultados deber\u00e1n ser negativos. El costo de los tests quedar\u00e1 a cargo de la persona que ingrese al pa\u00eds.<\/em><\/p>\n\n\n\n<p><em>-Desarrollar sus actividades laborales y\/o comerciales extremando la observancia de las medidas de prevenci\u00f3n y cuidado, por el plazo de 10 d\u00edas computados desde la toma de muestra de la prueba PCR negativa en origen, realizada dentro de las 72 horas previas al embarque.<\/em><\/p>\n\n\n\n<p><em>-Consignar en la declaraci\u00f3n jurada el motivo laboral y\/o comercial del viaje de que se trate y los datos del empleador, contraparte comercial o referente de la actividad comercial y\/o laboral en cuesti\u00f3n, adjuntando la certificaci\u00f3n y\/o la documentaci\u00f3n respaldatoria pertinentes.<\/em><\/p>\n\n\n\n<p>Cabe recordar que, hasta el momento, las personas que regresaban al pa\u00eds deb\u00edan someterse a las condiciones fijadas en el DNU 260\/20 que obligaba a los viajeros a mantener un aislamiento obligatorio de 14 d\u00edas. Incluso se exig\u00eda informaci\u00f3n sobre su itinerario, declarar su domicilio en el pa\u00eds y someterse a un examen m\u00e9dico lo menos invasivo posible para \u201cdeterminar el potencial riesgo de contagio y las acciones preventivas a adoptar que deber\u00e1n ser cumplidas, sin excepci\u00f3n\u201d.<\/p>\n\n\n\n<p><\/p>\n","protected":false},"excerpt":{"rendered":"<p>El Gobierno nacional decidi\u00f3 exceptuar de cumplir con la cuarentena obligatoria de 14 d\u00edas a aquellas personas que regresen a la Argentina luego de un viaje al exterior por razones laborales o comerciales y que est\u00e9n completamente vacunadas contra el coronavirus. Seg\u00fan la Decisi\u00f3n Administrativa 846\/2021, publicada este viernes en el Bolet\u00edn Oficial, la excepci\u00f3n [&hellip;]<\/p>\n","protected":false},"author":2,"featured_media":7995,"comment_status":"open","ping_status":"open","sticky":false,"template":"","format":"standard","meta":{"footnotes":""},"categories":[35],"tags":[],"class_list":["post-7994","post","type-post","status-publish","format-standard","has-post-thumbnail","hentry","category-informacion-general"],"yoast_head":"<!-- This site is optimized with the Yoast SEO plugin v27.4 - https:\/\/yoast.com\/product\/yoast-seo-wordpress\/ -->\n<title>El Gobierno levant\u00f3 la cuarentena obligatoria para argentinos que regresen de viajes laborales o comerciales | CVI NOTICIAS<\/title>\n<meta name=\"robots\" content=\"index, follow, max-snippet:-1, max-image-preview:large, max-video-preview:-1\" \/>\n<link rel=\"canonical\" href=\"https:\/\/cvinoticias.com\/v3\/el-gobierno-levanto-la-cuarentena-obligatoria-para-argentinos-que-regresen-de-viajes-laborales-o-comerciales\/\" \/>\n<meta property=\"og:locale\" content=\"es_ES\" \/>\n<meta property=\"og:type\" content=\"article\" \/>\n<meta property=\"og:title\" content=\"El Gobierno levant\u00f3 la cuarentena obligatoria para argentinos que regresen de viajes laborales o comerciales | CVI NOTICIAS\" \/>\n<meta property=\"og:description\" content=\"El Gobierno nacional decidi\u00f3 exceptuar de cumplir con la cuarentena obligatoria de 14 d\u00edas a aquellas personas que regresen a la Argentina luego de un viaje al exterior por razones laborales o comerciales y que est\u00e9n completamente vacunadas contra el coronavirus. Seg\u00fan la Decisi\u00f3n Administrativa 846\/2021, publicada este viernes en el Bolet\u00edn Oficial, la excepci\u00f3n [&hellip;]\" \/>\n<meta property=\"og:url\" content=\"https:\/\/cvinoticias.com\/v3\/el-gobierno-levanto-la-cuarentena-obligatoria-para-argentinos-que-regresen-de-viajes-laborales-o-comerciales\/\" \/>\n<meta property=\"og:site_name\" content=\"CVI NOTICIAS\" \/>\n<meta property=\"article:publisher\" content=\"https:\/\/www.facebook.com\/cvinoticias\" \/>\n<meta property=\"article:published_time\" content=\"2021-08-27T12:31:58+00:00\" \/>\n<meta property=\"og:image\" content=\"https:\/\/cvinoticias.com\/wp-content\/uploads\/2021\/08\/Argentina-Delta.jpg\" \/>\n\t<meta property=\"og:image:width\" content=\"720\" \/>\n\t<meta property=\"og:image:height\" content=\"413\" \/>\n\t<meta property=\"og:image:type\" content=\"image\/jpeg\" \/>\n<meta name=\"author\" content=\"f1000024\" \/>\n<meta name=\"twitter:card\" content=\"summary_large_image\" \/>\n<meta name=\"twitter:label1\" content=\"Escrito por\" \/>\n\t<meta name=\"twitter:data1\" content=\"f1000024\" \/>\n\t<meta name=\"twitter:label2\" content=\"Tiempo de lectura\" \/>\n\t<meta name=\"twitter:data2\" content=\"2 minutos\" \/>\n<script type=\"application\/ld+json\" class=\"yoast-schema-graph\">{\"@context\":\"https:\\\/\\\/schema.org\",\"@graph\":[{\"@type\":\"Article\",\"@id\":\"https:\\\/\\\/cvinoticias.com\\\/v3\\\/el-gobierno-levanto-la-cuarentena-obligatoria-para-argentinos-que-regresen-de-viajes-laborales-o-comerciales\\\/#article\",\"isPartOf\":{\"@id\":\"https:\\\/\\\/cvinoticias.com\\\/v3\\\/el-gobierno-levanto-la-cuarentena-obligatoria-para-argentinos-que-regresen-de-viajes-laborales-o-comerciales\\\/\"},\"author\":{\"name\":\"f1000024\",\"@id\":\"https:\\\/\\\/cvinoticias.com\\\/v3\\\/#\\\/schema\\\/person\\\/2db77e3c6bc03c538495d7b2b8be9b66\"},\"headline\":\"El Gobierno levant\u00f3 la cuarentena obligatoria para argentinos que regresen de viajes laborales o comerciales\",\"datePublished\":\"2021-08-27T12:31:58+00:00\",\"mainEntityOfPage\":{\"@id\":\"https:\\\/\\\/cvinoticias.com\\\/v3\\\/el-gobierno-levanto-la-cuarentena-obligatoria-para-argentinos-que-regresen-de-viajes-laborales-o-comerciales\\\/\"},\"wordCount\":499,\"commentCount\":0,\"publisher\":{\"@id\":\"https:\\\/\\\/cvinoticias.com\\\/v3\\\/#organization\"},\"image\":{\"@id\":\"https:\\\/\\\/cvinoticias.com\\\/v3\\\/el-gobierno-levanto-la-cuarentena-obligatoria-para-argentinos-que-regresen-de-viajes-laborales-o-comerciales\\\/#primaryimage\"},\"thumbnailUrl\":\"https:\\\/\\\/cvinoticias.com\\\/wp-content\\\/uploads\\\/2021\\\/08\\\/Argentina-Delta.jpg\",\"articleSection\":[\"Informaci\u00f3n General\"],\"inLanguage\":\"es\",\"potentialAction\":[{\"@type\":\"CommentAction\",\"name\":\"Comment\",\"target\":[\"https:\\\/\\\/cvinoticias.com\\\/v3\\\/el-gobierno-levanto-la-cuarentena-obligatoria-para-argentinos-que-regresen-de-viajes-laborales-o-comerciales\\\/#respond\"]}]},{\"@type\":\"WebPage\",\"@id\":\"https:\\\/\\\/cvinoticias.com\\\/v3\\\/el-gobierno-levanto-la-cuarentena-obligatoria-para-argentinos-que-regresen-de-viajes-laborales-o-comerciales\\\/\",\"url\":\"https:\\\/\\\/cvinoticias.com\\\/v3\\\/el-gobierno-levanto-la-cuarentena-obligatoria-para-argentinos-que-regresen-de-viajes-laborales-o-comerciales\\\/\",\"name\":\"El Gobierno levant\u00f3 la cuarentena obligatoria para argentinos que regresen de viajes laborales o comerciales | CVI NOTICIAS\",\"isPartOf\":{\"@id\":\"https:\\\/\\\/cvinoticias.com\\\/v3\\\/#website\"},\"primaryImageOfPage\":{\"@id\":\"https:\\\/\\\/cvinoticias.com\\\/v3\\\/el-gobierno-levanto-la-cuarentena-obligatoria-para-argentinos-que-regresen-de-viajes-laborales-o-comerciales\\\/#primaryimage\"},\"image\":{\"@id\":\"https:\\\/\\\/cvinoticias.com\\\/v3\\\/el-gobierno-levanto-la-cuarentena-obligatoria-para-argentinos-que-regresen-de-viajes-laborales-o-comerciales\\\/#primaryimage\"},\"thumbnailUrl\":\"https:\\\/\\\/cvinoticias.com\\\/wp-content\\\/uploads\\\/2021\\\/08\\\/Argentina-Delta.jpg\",\"datePublished\":\"2021-08-27T12:31:58+00:00\",\"breadcrumb\":{\"@id\":\"https:\\\/\\\/cvinoticias.com\\\/v3\\\/el-gobierno-levanto-la-cuarentena-obligatoria-para-argentinos-que-regresen-de-viajes-laborales-o-comerciales\\\/#breadcrumb\"},\"inLanguage\":\"es\",\"potentialAction\":[{\"@type\":\"ReadAction\",\"target\":[\"https:\\\/\\\/cvinoticias.com\\\/v3\\\/el-gobierno-levanto-la-cuarentena-obligatoria-para-argentinos-que-regresen-de-viajes-laborales-o-comerciales\\\/\"]}]},{\"@type\":\"ImageObject\",\"inLanguage\":\"es\",\"@id\":\"https:\\\/\\\/cvinoticias.com\\\/v3\\\/el-gobierno-levanto-la-cuarentena-obligatoria-para-argentinos-que-regresen-de-viajes-laborales-o-comerciales\\\/#primaryimage\",\"url\":\"https:\\\/\\\/cvinoticias.com\\\/wp-content\\\/uploads\\\/2021\\\/08\\\/Argentina-Delta.jpg\",\"contentUrl\":\"https:\\\/\\\/cvinoticias.com\\\/wp-content\\\/uploads\\\/2021\\\/08\\\/Argentina-Delta.jpg\",\"width\":720,\"height\":413},{\"@type\":\"BreadcrumbList\",\"@id\":\"https:\\\/\\\/cvinoticias.com\\\/v3\\\/el-gobierno-levanto-la-cuarentena-obligatoria-para-argentinos-que-regresen-de-viajes-laborales-o-comerciales\\\/#breadcrumb\",\"itemListElement\":[{\"@type\":\"ListItem\",\"position\":1,\"name\":\"Portada\",\"item\":\"https:\\\/\\\/cvinoticias.com\\\/v3\\\/\"},{\"@type\":\"ListItem\",\"position\":2,\"name\":\"El Gobierno levant\u00f3 la cuarentena obligatoria para argentinos que regresen de viajes laborales o comerciales\"}]},{\"@type\":\"WebSite\",\"@id\":\"https:\\\/\\\/cvinoticias.com\\\/v3\\\/#website\",\"url\":\"https:\\\/\\\/cvinoticias.com\\\/v3\\\/\",\"name\":\"CVI NOTICIAS\",\"description\":\"\",\"publisher\":{\"@id\":\"https:\\\/\\\/cvinoticias.com\\\/v3\\\/#organization\"},\"alternateName\":\"CVI\",\"potentialAction\":[{\"@type\":\"SearchAction\",\"target\":{\"@type\":\"EntryPoint\",\"urlTemplate\":\"https:\\\/\\\/cvinoticias.com\\\/v3\\\/?s={search_term_string}\"},\"query-input\":{\"@type\":\"PropertyValueSpecification\",\"valueRequired\":true,\"valueName\":\"search_term_string\"}}],\"inLanguage\":\"es\"},{\"@type\":\"Organization\",\"@id\":\"https:\\\/\\\/cvinoticias.com\\\/v3\\\/#organization\",\"name\":\"CVI NOTICIAS\",\"url\":\"https:\\\/\\\/cvinoticias.com\\\/v3\\\/\",\"logo\":{\"@type\":\"ImageObject\",\"inLanguage\":\"es\",\"@id\":\"https:\\\/\\\/cvinoticias.com\\\/v3\\\/#\\\/schema\\\/logo\\\/image\\\/\",\"url\":\"https:\\\/\\\/cvinoticias.com\\\/wp-content\\\/uploads\\\/2023\\\/04\\\/cropped-cropped-cropped-cropped-cropped-3-1.png\",\"contentUrl\":\"https:\\\/\\\/cvinoticias.com\\\/wp-content\\\/uploads\\\/2023\\\/04\\\/cropped-cropped-cropped-cropped-cropped-3-1.png\",\"width\":95,\"height\":122,\"caption\":\"CVI NOTICIAS\"},\"image\":{\"@id\":\"https:\\\/\\\/cvinoticias.com\\\/v3\\\/#\\\/schema\\\/logo\\\/image\\\/\"},\"sameAs\":[\"https:\\\/\\\/www.facebook.com\\\/cvinoticias\",\"https:\\\/\\\/www.instagram.com\\\/cvinoticias\\\/\",\"https:\\\/\\\/www.youtube.com\\\/@CVINOTICIAS\"]},{\"@type\":\"Person\",\"@id\":\"https:\\\/\\\/cvinoticias.com\\\/v3\\\/#\\\/schema\\\/person\\\/2db77e3c6bc03c538495d7b2b8be9b66\",\"name\":\"f1000024\",\"image\":{\"@type\":\"ImageObject\",\"inLanguage\":\"es\",\"@id\":\"https:\\\/\\\/secure.gravatar.com\\\/avatar\\\/d4fe7459cfc51ff5129ce1a732bbef5928568b8092d412ef95611616376bbeed?s=96&d=mm&r=g\",\"url\":\"https:\\\/\\\/secure.gravatar.com\\\/avatar\\\/d4fe7459cfc51ff5129ce1a732bbef5928568b8092d412ef95611616376bbeed?s=96&d=mm&r=g\",\"contentUrl\":\"https:\\\/\\\/secure.gravatar.com\\\/avatar\\\/d4fe7459cfc51ff5129ce1a732bbef5928568b8092d412ef95611616376bbeed?s=96&d=mm&r=g\",\"caption\":\"f1000024\"},\"url\":\"https:\\\/\\\/cvinoticias.com\\\/v3\\\/author\\\/f1000024\\\/\"}]}<\/script>\n<!-- \/ Yoast SEO plugin. -->","yoast_head_json":{"title":"El Gobierno levant\u00f3 la cuarentena obligatoria para argentinos que regresen de viajes laborales o comerciales | CVI NOTICIAS","robots":{"index":"index","follow":"follow","max-snippet":"max-snippet:-1","max-image-preview":"max-image-preview:large","max-video-preview":"max-video-preview:-1"},"canonical":"https:\/\/cvinoticias.com\/v3\/el-gobierno-levanto-la-cuarentena-obligatoria-para-argentinos-que-regresen-de-viajes-laborales-o-comerciales\/","og_locale":"es_ES","og_type":"article","og_title":"El Gobierno levant\u00f3 la cuarentena obligatoria para argentinos que regresen de viajes laborales o comerciales | CVI NOTICIAS","og_description":"El Gobierno nacional decidi\u00f3 exceptuar de cumplir con la cuarentena obligatoria de 14 d\u00edas a aquellas personas que regresen a la Argentina luego de un viaje al exterior por razones laborales o comerciales y que est\u00e9n completamente vacunadas contra el coronavirus. Seg\u00fan la Decisi\u00f3n Administrativa 846\/2021, publicada este viernes en el Bolet\u00edn Oficial, la excepci\u00f3n [&hellip;]","og_url":"https:\/\/cvinoticias.com\/v3\/el-gobierno-levanto-la-cuarentena-obligatoria-para-argentinos-que-regresen-de-viajes-laborales-o-comerciales\/","og_site_name":"CVI NOTICIAS","article_publisher":"https:\/\/www.facebook.com\/cvinoticias","article_published_time":"2021-08-27T12:31:58+00:00","og_image":[{"width":720,"height":413,"url":"https:\/\/cvinoticias.com\/wp-content\/uploads\/2021\/08\/Argentina-Delta.jpg","type":"image\/jpeg"}],"author":"f1000024","twitter_card":"summary_large_image","twitter_misc":{"Escrito por":"f1000024","Tiempo de lectura":"2 minutos"},"schema":{"@context":"https:\/\/schema.org","@graph":[{"@type":"Article","@id":"https:\/\/cvinoticias.com\/v3\/el-gobierno-levanto-la-cuarentena-obligatoria-para-argentinos-que-regresen-de-viajes-laborales-o-comerciales\/#article","isPartOf":{"@id":"https:\/\/cvinoticias.com\/v3\/el-gobierno-levanto-la-cuarentena-obligatoria-para-argentinos-que-regresen-de-viajes-laborales-o-comerciales\/"},"author":{"name":"f1000024","@id":"https:\/\/cvinoticias.com\/v3\/#\/schema\/person\/2db77e3c6bc03c538495d7b2b8be9b66"},"headline":"El Gobierno levant\u00f3 la cuarentena obligatoria para argentinos que regresen de viajes laborales o comerciales","datePublished":"2021-08-27T12:31:58+00:00","mainEntityOfPage":{"@id":"https:\/\/cvinoticias.com\/v3\/el-gobierno-levanto-la-cuarentena-obligatoria-para-argentinos-que-regresen-de-viajes-laborales-o-comerciales\/"},"wordCount":499,"commentCount":0,"publisher":{"@id":"https:\/\/cvinoticias.com\/v3\/#organization"},"image":{"@id":"https:\/\/cvinoticias.com\/v3\/el-gobierno-levanto-la-cuarentena-obligatoria-para-argentinos-que-regresen-de-viajes-laborales-o-comerciales\/#primaryimage"},"thumbnailUrl":"https:\/\/cvinoticias.com\/wp-content\/uploads\/2021\/08\/Argentina-Delta.jpg","articleSection":["Informaci\u00f3n General"],"inLanguage":"es","potentialAction":[{"@type":"CommentAction","name":"Comment","target":["https:\/\/cvinoticias.com\/v3\/el-gobierno-levanto-la-cuarentena-obligatoria-para-argentinos-que-regresen-de-viajes-laborales-o-comerciales\/#respond"]}]},{"@type":"WebPage","@id":"https:\/\/cvinoticias.com\/v3\/el-gobierno-levanto-la-cuarentena-obligatoria-para-argentinos-que-regresen-de-viajes-laborales-o-comerciales\/","url":"https:\/\/cvinoticias.com\/v3\/el-gobierno-levanto-la-cuarentena-obligatoria-para-argentinos-que-regresen-de-viajes-laborales-o-comerciales\/","name":"El Gobierno levant\u00f3 la cuarentena obligatoria para argentinos que regresen de viajes laborales o comerciales | CVI NOTICIAS","isPartOf":{"@id":"https:\/\/cvinoticias.com\/v3\/#website"},"primaryImageOfPage":{"@id":"https:\/\/cvinoticias.com\/v3\/el-gobierno-levanto-la-cuarentena-obligatoria-para-argentinos-que-regresen-de-viajes-laborales-o-comerciales\/#primaryimage"},"image":{"@id":"https:\/\/cvinoticias.com\/v3\/el-gobierno-levanto-la-cuarentena-obligatoria-para-argentinos-que-regresen-de-viajes-laborales-o-comerciales\/#primaryimage"},"thumbnailUrl":"https:\/\/cvinoticias.com\/wp-content\/uploads\/2021\/08\/Argentina-Delta.jpg","datePublished":"2021-08-27T12:31:58+00:00","breadcrumb":{"@id":"https:\/\/cvinoticias.com\/v3\/el-gobierno-levanto-la-cuarentena-obligatoria-para-argentinos-que-regresen-de-viajes-laborales-o-comerciales\/#breadcrumb"},"inLanguage":"es","potentialAction":[{"@type":"ReadAction","target":["https:\/\/cvinoticias.com\/v3\/el-gobierno-levanto-la-cuarentena-obligatoria-para-argentinos-que-regresen-de-viajes-laborales-o-comerciales\/"]}]},{"@type":"ImageObject","inLanguage":"es","@id":"https:\/\/cvinoticias.com\/v3\/el-gobierno-levanto-la-cuarentena-obligatoria-para-argentinos-que-regresen-de-viajes-laborales-o-comerciales\/#primaryimage","url":"https:\/\/cvinoticias.com\/wp-content\/uploads\/2021\/08\/Argentina-Delta.jpg","contentUrl":"https:\/\/cvinoticias.com\/wp-content\/uploads\/2021\/08\/Argentina-Delta.jpg","width":720,"height":413},{"@type":"BreadcrumbList","@id":"https:\/\/cvinoticias.com\/v3\/el-gobierno-levanto-la-cuarentena-obligatoria-para-argentinos-que-regresen-de-viajes-laborales-o-comerciales\/#breadcrumb","itemListElement":[{"@type":"ListItem","position":1,"name":"Portada","item":"https:\/\/cvinoticias.com\/v3\/"},{"@type":"ListItem","position":2,"name":"El Gobierno levant\u00f3 la cuarentena obligatoria para argentinos que regresen de viajes laborales o comerciales"}]},{"@type":"WebSite","@id":"https:\/\/cvinoticias.com\/v3\/#website","url":"https:\/\/cvinoticias.com\/v3\/","name":"CVI NOTICIAS","description":"","publisher":{"@id":"https:\/\/cvinoticias.com\/v3\/#organization"},"alternateName":"CVI","potentialAction":[{"@type":"SearchAction","target":{"@type":"EntryPoint","urlTemplate":"https:\/\/cvinoticias.com\/v3\/?s={search_term_string}"},"query-input":{"@type":"PropertyValueSpecification","valueRequired":true,"valueName":"search_term_string"}}],"inLanguage":"es"},{"@type":"Organization","@id":"https:\/\/cvinoticias.com\/v3\/#organization","name":"CVI NOTICIAS","url":"https:\/\/cvinoticias.com\/v3\/","logo":{"@type":"ImageObject","inLanguage":"es","@id":"https:\/\/cvinoticias.com\/v3\/#\/schema\/logo\/image\/","url":"https:\/\/cvinoticias.com\/wp-content\/uploads\/2023\/04\/cropped-cropped-cropped-cropped-cropped-3-1.png","contentUrl":"https:\/\/cvinoticias.com\/wp-content\/uploads\/2023\/04\/cropped-cropped-cropped-cropped-cropped-3-1.png","width":95,"height":122,"caption":"CVI NOTICIAS"},"image":{"@id":"https:\/\/cvinoticias.com\/v3\/#\/schema\/logo\/image\/"},"sameAs":["https:\/\/www.facebook.com\/cvinoticias","https:\/\/www.instagram.com\/cvinoticias\/","https:\/\/www.youtube.com\/@CVINOTICIAS"]},{"@type":"Person","@id":"https:\/\/cvinoticias.com\/v3\/#\/schema\/person\/2db77e3c6bc03c538495d7b2b8be9b66","name":"f1000024","image":{"@type":"ImageObject","inLanguage":"es","@id":"https:\/\/secure.gravatar.com\/avatar\/d4fe7459cfc51ff5129ce1a732bbef5928568b8092d412ef95611616376bbeed?s=96&d=mm&r=g","url":"https:\/\/secure.gravatar.com\/avatar\/d4fe7459cfc51ff5129ce1a732bbef5928568b8092d412ef95611616376bbeed?s=96&d=mm&r=g","contentUrl":"https:\/\/secure.gravatar.com\/avatar\/d4fe7459cfc51ff5129ce1a732bbef5928568b8092d412ef95611616376bbeed?s=96&d=mm&r=g","caption":"f1000024"},"url":"https:\/\/cvinoticias.com\/v3\/author\/f1000024\/"}]}},"_links":{"self":[{"href":"https:\/\/cvinoticias.com\/v3\/wp-json\/wp\/v2\/posts\/7994","targetHints":{"allow":["GET"]}}],"collection":[{"href":"https:\/\/cvinoticias.com\/v3\/wp-json\/wp\/v2\/posts"}],"about":[{"href":"https:\/\/cvinoticias.com\/v3\/wp-json\/wp\/v2\/types\/post"}],"author":[{"embeddable":true,"href":"https:\/\/cvinoticias.com\/v3\/wp-json\/wp\/v2\/users\/2"}],"replies":[{"embeddable":true,"href":"https:\/\/cvinoticias.com\/v3\/wp-json\/wp\/v2\/comments?post=7994"}],"version-history":[{"count":1,"href":"https:\/\/cvinoticias.com\/v3\/wp-json\/wp\/v2\/posts\/7994\/revisions"}],"predecessor-version":[{"id":7996,"href":"https:\/\/cvinoticias.com\/v3\/wp-json\/wp\/v2\/posts\/7994\/revisions\/7996"}],"wp:featuredmedia":[{"embeddable":true,"href":"https:\/\/cvinoticias.com\/v3\/wp-json\/wp\/v2\/media\/7995"}],"wp:attachment":[{"href":"https:\/\/cvinoticias.com\/v3\/wp-json\/wp\/v2\/media?parent=7994"}],"wp:term":[{"taxonomy":"category","embeddable":true,"href":"https:\/\/cvinoticias.com\/v3\/wp-json\/wp\/v2\/categories?post=7994"},{"taxonomy":"post_tag","embeddable":true,"href":"https:\/\/cvinoticias.com\/v3\/wp-json\/wp\/v2\/tags?post=7994"}],"curies":[{"name":"wp","href":"https:\/\/api.w.org\/{rel}","templated":true}]}}