{"id":7983,"date":"2021-08-26T23:53:24","date_gmt":"2021-08-26T23:53:24","guid":{"rendered":"https:\/\/cvinoticias.com\/v3\/?p=7983"},"modified":"2021-08-26T23:53:24","modified_gmt":"2021-08-26T23:53:24","slug":"eldorado-se-realizo-una-ablacion-multiorganica-en-el-samic-y-7-personas-tendran-una-mejor-calidad-de-vida","status":"publish","type":"post","link":"https:\/\/cvinoticias.com\/v3\/eldorado-se-realizo-una-ablacion-multiorganica-en-el-samic-y-7-personas-tendran-una-mejor-calidad-de-vida\/","title":{"rendered":"Eldorado: Se realiz\u00f3 una ablaci\u00f3n multiorg\u00e1nica en el Samic y 7 personas tendr\u00e1n una mejor calidad de vida"},"content":{"rendered":"\n<p><strong><em>Siete argentinos, entre ellos dos misioneros, tendr\u00e1n una mejor calidad de vida tras un operativo de ablaci\u00f3n multiorg\u00e1nica, que finaliz\u00f3 en la madrugada de este jueves en el hospital Samic Eldorado coordinado por el Centro \u00danico Coordinador de Ablaci\u00f3n e Implante de Misiones (CUCAIMis).<\/em><\/strong><\/p>\n\n\n\n<p>Se ablacionaron v\u00e1lvulas del coraz\u00f3n, h\u00edgado, renopancreas, ri\u00f1ones y c\u00f3rneas. \u201cDicho operativo de alta complejidad se llev\u00f3 a cabo exitosamente, gracias a la preparaci\u00f3n de excelencia del recurso humano del nosocomio que facilit\u00f3 todos los recursos necesarios para llevar adelante una actividad de tal magnitud\u201d, coment\u00f3, el doctor Luis Esquivel, director del CUCAIMis.<\/p>\n\n\n\n<p>En Misiones, en lo que va del 2021 se concretaron 16 ablaciones de \u00f3rganos y 60 de corneas.<\/p>\n","protected":false},"excerpt":{"rendered":"<p>Siete argentinos, entre ellos dos misioneros, tendr\u00e1n una mejor calidad de vida tras un operativo de ablaci\u00f3n multiorg\u00e1nica, que finaliz\u00f3 en la madrugada de este jueves en el hospital Samic Eldorado coordinado por el Centro \u00danico Coordinador de Ablaci\u00f3n e Implante de Misiones (CUCAIMis). Se ablacionaron v\u00e1lvulas del coraz\u00f3n, h\u00edgado, renopancreas, ri\u00f1ones y c\u00f3rneas. \u201cDicho [&hellip;]<\/p>\n","protected":false},"author":2,"featured_media":7984,"comment_status":"open","ping_status":"open","sticky":false,"template":"","format":"standard","meta":{"footnotes":""},"categories":[47],"tags":[],"class_list":["post-7983","post","type-post","status-publish","format-standard","has-post-thumbnail","hentry","category-sociedad"],"yoast_head":"<!-- This site is optimized with the Yoast SEO plugin v27.4 - https:\/\/yoast.com\/product\/yoast-seo-wordpress\/ -->\n<title>Eldorado: Se realiz\u00f3 una ablaci\u00f3n multiorg\u00e1nica en el Samic y 7 personas tendr\u00e1n una mejor calidad de vida | CVI NOTICIAS<\/title>\n<meta name=\"robots\" content=\"index, follow, max-snippet:-1, max-image-preview:large, max-video-preview:-1\" \/>\n<link rel=\"canonical\" href=\"https:\/\/cvinoticias.com\/v3\/eldorado-se-realizo-una-ablacion-multiorganica-en-el-samic-y-7-personas-tendran-una-mejor-calidad-de-vida\/\" \/>\n<meta property=\"og:locale\" content=\"es_ES\" \/>\n<meta property=\"og:type\" content=\"article\" \/>\n<meta property=\"og:title\" content=\"Eldorado: Se realiz\u00f3 una ablaci\u00f3n multiorg\u00e1nica en el Samic y 7 personas tendr\u00e1n una mejor calidad de vida | CVI NOTICIAS\" \/>\n<meta property=\"og:description\" content=\"Siete argentinos, entre ellos dos misioneros, tendr\u00e1n una mejor calidad de vida tras un operativo de ablaci\u00f3n multiorg\u00e1nica, que finaliz\u00f3 en la madrugada de este jueves en el hospital Samic Eldorado coordinado por el Centro \u00danico Coordinador de Ablaci\u00f3n e Implante de Misiones (CUCAIMis). Se ablacionaron v\u00e1lvulas del coraz\u00f3n, h\u00edgado, renopancreas, ri\u00f1ones y c\u00f3rneas. \u201cDicho [&hellip;]\" \/>\n<meta property=\"og:url\" content=\"https:\/\/cvinoticias.com\/v3\/eldorado-se-realizo-una-ablacion-multiorganica-en-el-samic-y-7-personas-tendran-una-mejor-calidad-de-vida\/\" \/>\n<meta property=\"og:site_name\" content=\"CVI NOTICIAS\" \/>\n<meta property=\"article:publisher\" content=\"https:\/\/www.facebook.com\/cvinoticias\" \/>\n<meta property=\"article:published_time\" content=\"2021-08-26T23:53:24+00:00\" \/>\n<meta property=\"og:image\" content=\"https:\/\/cvinoticias.com\/wp-content\/uploads\/2021\/08\/foto-alusiva.jpg\" \/>\n\t<meta property=\"og:image:width\" content=\"620\" \/>\n\t<meta property=\"og:image:height\" content=\"413\" \/>\n\t<meta property=\"og:image:type\" content=\"image\/jpeg\" \/>\n<meta name=\"author\" content=\"f1000024\" \/>\n<meta name=\"twitter:card\" content=\"summary_large_image\" \/>\n<meta name=\"twitter:label1\" content=\"Escrito por\" \/>\n\t<meta name=\"twitter:data1\" content=\"f1000024\" \/>\n\t<meta name=\"twitter:label2\" content=\"Tiempo de lectura\" \/>\n\t<meta name=\"twitter:data2\" content=\"1 minuto\" \/>\n<script type=\"application\/ld+json\" class=\"yoast-schema-graph\">{\"@context\":\"https:\\\/\\\/schema.org\",\"@graph\":[{\"@type\":\"Article\",\"@id\":\"https:\\\/\\\/cvinoticias.com\\\/v3\\\/eldorado-se-realizo-una-ablacion-multiorganica-en-el-samic-y-7-personas-tendran-una-mejor-calidad-de-vida\\\/#article\",\"isPartOf\":{\"@id\":\"https:\\\/\\\/cvinoticias.com\\\/v3\\\/eldorado-se-realizo-una-ablacion-multiorganica-en-el-samic-y-7-personas-tendran-una-mejor-calidad-de-vida\\\/\"},\"author\":{\"name\":\"f1000024\",\"@id\":\"https:\\\/\\\/cvinoticias.com\\\/v3\\\/#\\\/schema\\\/person\\\/2db77e3c6bc03c538495d7b2b8be9b66\"},\"headline\":\"Eldorado: Se realiz\u00f3 una ablaci\u00f3n multiorg\u00e1nica en el Samic y 7 personas tendr\u00e1n una mejor calidad de vida\",\"datePublished\":\"2021-08-26T23:53:24+00:00\",\"mainEntityOfPage\":{\"@id\":\"https:\\\/\\\/cvinoticias.com\\\/v3\\\/eldorado-se-realizo-una-ablacion-multiorganica-en-el-samic-y-7-personas-tendran-una-mejor-calidad-de-vida\\\/\"},\"wordCount\":142,\"commentCount\":0,\"publisher\":{\"@id\":\"https:\\\/\\\/cvinoticias.com\\\/v3\\\/#organization\"},\"image\":{\"@id\":\"https:\\\/\\\/cvinoticias.com\\\/v3\\\/eldorado-se-realizo-una-ablacion-multiorganica-en-el-samic-y-7-personas-tendran-una-mejor-calidad-de-vida\\\/#primaryimage\"},\"thumbnailUrl\":\"https:\\\/\\\/cvinoticias.com\\\/wp-content\\\/uploads\\\/2021\\\/08\\\/foto-alusiva.jpg\",\"articleSection\":[\"Sociedad\"],\"inLanguage\":\"es\",\"potentialAction\":[{\"@type\":\"CommentAction\",\"name\":\"Comment\",\"target\":[\"https:\\\/\\\/cvinoticias.com\\\/v3\\\/eldorado-se-realizo-una-ablacion-multiorganica-en-el-samic-y-7-personas-tendran-una-mejor-calidad-de-vida\\\/#respond\"]}]},{\"@type\":\"WebPage\",\"@id\":\"https:\\\/\\\/cvinoticias.com\\\/v3\\\/eldorado-se-realizo-una-ablacion-multiorganica-en-el-samic-y-7-personas-tendran-una-mejor-calidad-de-vida\\\/\",\"url\":\"https:\\\/\\\/cvinoticias.com\\\/v3\\\/eldorado-se-realizo-una-ablacion-multiorganica-en-el-samic-y-7-personas-tendran-una-mejor-calidad-de-vida\\\/\",\"name\":\"Eldorado: Se realiz\u00f3 una ablaci\u00f3n multiorg\u00e1nica en el Samic y 7 personas tendr\u00e1n una mejor calidad de vida | CVI NOTICIAS\",\"isPartOf\":{\"@id\":\"https:\\\/\\\/cvinoticias.com\\\/v3\\\/#website\"},\"primaryImageOfPage\":{\"@id\":\"https:\\\/\\\/cvinoticias.com\\\/v3\\\/eldorado-se-realizo-una-ablacion-multiorganica-en-el-samic-y-7-personas-tendran-una-mejor-calidad-de-vida\\\/#primaryimage\"},\"image\":{\"@id\":\"https:\\\/\\\/cvinoticias.com\\\/v3\\\/eldorado-se-realizo-una-ablacion-multiorganica-en-el-samic-y-7-personas-tendran-una-mejor-calidad-de-vida\\\/#primaryimage\"},\"thumbnailUrl\":\"https:\\\/\\\/cvinoticias.com\\\/wp-content\\\/uploads\\\/2021\\\/08\\\/foto-alusiva.jpg\",\"datePublished\":\"2021-08-26T23:53:24+00:00\",\"breadcrumb\":{\"@id\":\"https:\\\/\\\/cvinoticias.com\\\/v3\\\/eldorado-se-realizo-una-ablacion-multiorganica-en-el-samic-y-7-personas-tendran-una-mejor-calidad-de-vida\\\/#breadcrumb\"},\"inLanguage\":\"es\",\"potentialAction\":[{\"@type\":\"ReadAction\",\"target\":[\"https:\\\/\\\/cvinoticias.com\\\/v3\\\/eldorado-se-realizo-una-ablacion-multiorganica-en-el-samic-y-7-personas-tendran-una-mejor-calidad-de-vida\\\/\"]}]},{\"@type\":\"ImageObject\",\"inLanguage\":\"es\",\"@id\":\"https:\\\/\\\/cvinoticias.com\\\/v3\\\/eldorado-se-realizo-una-ablacion-multiorganica-en-el-samic-y-7-personas-tendran-una-mejor-calidad-de-vida\\\/#primaryimage\",\"url\":\"https:\\\/\\\/cvinoticias.com\\\/wp-content\\\/uploads\\\/2021\\\/08\\\/foto-alusiva.jpg\",\"contentUrl\":\"https:\\\/\\\/cvinoticias.com\\\/wp-content\\\/uploads\\\/2021\\\/08\\\/foto-alusiva.jpg\",\"width\":620,\"height\":413},{\"@type\":\"BreadcrumbList\",\"@id\":\"https:\\\/\\\/cvinoticias.com\\\/v3\\\/eldorado-se-realizo-una-ablacion-multiorganica-en-el-samic-y-7-personas-tendran-una-mejor-calidad-de-vida\\\/#breadcrumb\",\"itemListElement\":[{\"@type\":\"ListItem\",\"position\":1,\"name\":\"Portada\",\"item\":\"https:\\\/\\\/cvinoticias.com\\\/v3\\\/\"},{\"@type\":\"ListItem\",\"position\":2,\"name\":\"Eldorado: Se realiz\u00f3 una ablaci\u00f3n multiorg\u00e1nica en el Samic y 7 personas tendr\u00e1n una mejor calidad de vida\"}]},{\"@type\":\"WebSite\",\"@id\":\"https:\\\/\\\/cvinoticias.com\\\/v3\\\/#website\",\"url\":\"https:\\\/\\\/cvinoticias.com\\\/v3\\\/\",\"name\":\"CVI NOTICIAS\",\"description\":\"\",\"publisher\":{\"@id\":\"https:\\\/\\\/cvinoticias.com\\\/v3\\\/#organization\"},\"alternateName\":\"CVI\",\"potentialAction\":[{\"@type\":\"SearchAction\",\"target\":{\"@type\":\"EntryPoint\",\"urlTemplate\":\"https:\\\/\\\/cvinoticias.com\\\/v3\\\/?s={search_term_string}\"},\"query-input\":{\"@type\":\"PropertyValueSpecification\",\"valueRequired\":true,\"valueName\":\"search_term_string\"}}],\"inLanguage\":\"es\"},{\"@type\":\"Organization\",\"@id\":\"https:\\\/\\\/cvinoticias.com\\\/v3\\\/#organization\",\"name\":\"CVI NOTICIAS\",\"url\":\"https:\\\/\\\/cvinoticias.com\\\/v3\\\/\",\"logo\":{\"@type\":\"ImageObject\",\"inLanguage\":\"es\",\"@id\":\"https:\\\/\\\/cvinoticias.com\\\/v3\\\/#\\\/schema\\\/logo\\\/image\\\/\",\"url\":\"https:\\\/\\\/cvinoticias.com\\\/wp-content\\\/uploads\\\/2023\\\/04\\\/cropped-cropped-cropped-cropped-cropped-3-1.png\",\"contentUrl\":\"https:\\\/\\\/cvinoticias.com\\\/wp-content\\\/uploads\\\/2023\\\/04\\\/cropped-cropped-cropped-cropped-cropped-3-1.png\",\"width\":95,\"height\":122,\"caption\":\"CVI NOTICIAS\"},\"image\":{\"@id\":\"https:\\\/\\\/cvinoticias.com\\\/v3\\\/#\\\/schema\\\/logo\\\/image\\\/\"},\"sameAs\":[\"https:\\\/\\\/www.facebook.com\\\/cvinoticias\",\"https:\\\/\\\/www.instagram.com\\\/cvinoticias\\\/\",\"https:\\\/\\\/www.youtube.com\\\/@CVINOTICIAS\"]},{\"@type\":\"Person\",\"@id\":\"https:\\\/\\\/cvinoticias.com\\\/v3\\\/#\\\/schema\\\/person\\\/2db77e3c6bc03c538495d7b2b8be9b66\",\"name\":\"f1000024\",\"image\":{\"@type\":\"ImageObject\",\"inLanguage\":\"es\",\"@id\":\"https:\\\/\\\/secure.gravatar.com\\\/avatar\\\/d4fe7459cfc51ff5129ce1a732bbef5928568b8092d412ef95611616376bbeed?s=96&d=mm&r=g\",\"url\":\"https:\\\/\\\/secure.gravatar.com\\\/avatar\\\/d4fe7459cfc51ff5129ce1a732bbef5928568b8092d412ef95611616376bbeed?s=96&d=mm&r=g\",\"contentUrl\":\"https:\\\/\\\/secure.gravatar.com\\\/avatar\\\/d4fe7459cfc51ff5129ce1a732bbef5928568b8092d412ef95611616376bbeed?s=96&d=mm&r=g\",\"caption\":\"f1000024\"},\"url\":\"https:\\\/\\\/cvinoticias.com\\\/v3\\\/author\\\/f1000024\\\/\"}]}<\/script>\n<!-- \/ Yoast SEO plugin. -->","yoast_head_json":{"title":"Eldorado: Se realiz\u00f3 una ablaci\u00f3n multiorg\u00e1nica en el Samic y 7 personas tendr\u00e1n una mejor calidad de vida | CVI NOTICIAS","robots":{"index":"index","follow":"follow","max-snippet":"max-snippet:-1","max-image-preview":"max-image-preview:large","max-video-preview":"max-video-preview:-1"},"canonical":"https:\/\/cvinoticias.com\/v3\/eldorado-se-realizo-una-ablacion-multiorganica-en-el-samic-y-7-personas-tendran-una-mejor-calidad-de-vida\/","og_locale":"es_ES","og_type":"article","og_title":"Eldorado: Se realiz\u00f3 una ablaci\u00f3n multiorg\u00e1nica en el Samic y 7 personas tendr\u00e1n una mejor calidad de vida | CVI NOTICIAS","og_description":"Siete argentinos, entre ellos dos misioneros, tendr\u00e1n una mejor calidad de vida tras un operativo de ablaci\u00f3n multiorg\u00e1nica, que finaliz\u00f3 en la madrugada de este jueves en el hospital Samic Eldorado coordinado por el Centro \u00danico Coordinador de Ablaci\u00f3n e Implante de Misiones (CUCAIMis). Se ablacionaron v\u00e1lvulas del coraz\u00f3n, h\u00edgado, renopancreas, ri\u00f1ones y c\u00f3rneas. \u201cDicho [&hellip;]","og_url":"https:\/\/cvinoticias.com\/v3\/eldorado-se-realizo-una-ablacion-multiorganica-en-el-samic-y-7-personas-tendran-una-mejor-calidad-de-vida\/","og_site_name":"CVI NOTICIAS","article_publisher":"https:\/\/www.facebook.com\/cvinoticias","article_published_time":"2021-08-26T23:53:24+00:00","og_image":[{"width":620,"height":413,"url":"https:\/\/cvinoticias.com\/wp-content\/uploads\/2021\/08\/foto-alusiva.jpg","type":"image\/jpeg"}],"author":"f1000024","twitter_card":"summary_large_image","twitter_misc":{"Escrito por":"f1000024","Tiempo de lectura":"1 minuto"},"schema":{"@context":"https:\/\/schema.org","@graph":[{"@type":"Article","@id":"https:\/\/cvinoticias.com\/v3\/eldorado-se-realizo-una-ablacion-multiorganica-en-el-samic-y-7-personas-tendran-una-mejor-calidad-de-vida\/#article","isPartOf":{"@id":"https:\/\/cvinoticias.com\/v3\/eldorado-se-realizo-una-ablacion-multiorganica-en-el-samic-y-7-personas-tendran-una-mejor-calidad-de-vida\/"},"author":{"name":"f1000024","@id":"https:\/\/cvinoticias.com\/v3\/#\/schema\/person\/2db77e3c6bc03c538495d7b2b8be9b66"},"headline":"Eldorado: Se realiz\u00f3 una ablaci\u00f3n multiorg\u00e1nica en el Samic y 7 personas tendr\u00e1n una mejor calidad de vida","datePublished":"2021-08-26T23:53:24+00:00","mainEntityOfPage":{"@id":"https:\/\/cvinoticias.com\/v3\/eldorado-se-realizo-una-ablacion-multiorganica-en-el-samic-y-7-personas-tendran-una-mejor-calidad-de-vida\/"},"wordCount":142,"commentCount":0,"publisher":{"@id":"https:\/\/cvinoticias.com\/v3\/#organization"},"image":{"@id":"https:\/\/cvinoticias.com\/v3\/eldorado-se-realizo-una-ablacion-multiorganica-en-el-samic-y-7-personas-tendran-una-mejor-calidad-de-vida\/#primaryimage"},"thumbnailUrl":"https:\/\/cvinoticias.com\/wp-content\/uploads\/2021\/08\/foto-alusiva.jpg","articleSection":["Sociedad"],"inLanguage":"es","potentialAction":[{"@type":"CommentAction","name":"Comment","target":["https:\/\/cvinoticias.com\/v3\/eldorado-se-realizo-una-ablacion-multiorganica-en-el-samic-y-7-personas-tendran-una-mejor-calidad-de-vida\/#respond"]}]},{"@type":"WebPage","@id":"https:\/\/cvinoticias.com\/v3\/eldorado-se-realizo-una-ablacion-multiorganica-en-el-samic-y-7-personas-tendran-una-mejor-calidad-de-vida\/","url":"https:\/\/cvinoticias.com\/v3\/eldorado-se-realizo-una-ablacion-multiorganica-en-el-samic-y-7-personas-tendran-una-mejor-calidad-de-vida\/","name":"Eldorado: Se realiz\u00f3 una ablaci\u00f3n multiorg\u00e1nica en el Samic y 7 personas tendr\u00e1n una mejor calidad de vida | CVI NOTICIAS","isPartOf":{"@id":"https:\/\/cvinoticias.com\/v3\/#website"},"primaryImageOfPage":{"@id":"https:\/\/cvinoticias.com\/v3\/eldorado-se-realizo-una-ablacion-multiorganica-en-el-samic-y-7-personas-tendran-una-mejor-calidad-de-vida\/#primaryimage"},"image":{"@id":"https:\/\/cvinoticias.com\/v3\/eldorado-se-realizo-una-ablacion-multiorganica-en-el-samic-y-7-personas-tendran-una-mejor-calidad-de-vida\/#primaryimage"},"thumbnailUrl":"https:\/\/cvinoticias.com\/wp-content\/uploads\/2021\/08\/foto-alusiva.jpg","datePublished":"2021-08-26T23:53:24+00:00","breadcrumb":{"@id":"https:\/\/cvinoticias.com\/v3\/eldorado-se-realizo-una-ablacion-multiorganica-en-el-samic-y-7-personas-tendran-una-mejor-calidad-de-vida\/#breadcrumb"},"inLanguage":"es","potentialAction":[{"@type":"ReadAction","target":["https:\/\/cvinoticias.com\/v3\/eldorado-se-realizo-una-ablacion-multiorganica-en-el-samic-y-7-personas-tendran-una-mejor-calidad-de-vida\/"]}]},{"@type":"ImageObject","inLanguage":"es","@id":"https:\/\/cvinoticias.com\/v3\/eldorado-se-realizo-una-ablacion-multiorganica-en-el-samic-y-7-personas-tendran-una-mejor-calidad-de-vida\/#primaryimage","url":"https:\/\/cvinoticias.com\/wp-content\/uploads\/2021\/08\/foto-alusiva.jpg","contentUrl":"https:\/\/cvinoticias.com\/wp-content\/uploads\/2021\/08\/foto-alusiva.jpg","width":620,"height":413},{"@type":"BreadcrumbList","@id":"https:\/\/cvinoticias.com\/v3\/eldorado-se-realizo-una-ablacion-multiorganica-en-el-samic-y-7-personas-tendran-una-mejor-calidad-de-vida\/#breadcrumb","itemListElement":[{"@type":"ListItem","position":1,"name":"Portada","item":"https:\/\/cvinoticias.com\/v3\/"},{"@type":"ListItem","position":2,"name":"Eldorado: Se realiz\u00f3 una ablaci\u00f3n multiorg\u00e1nica en el Samic y 7 personas tendr\u00e1n una mejor calidad de vida"}]},{"@type":"WebSite","@id":"https:\/\/cvinoticias.com\/v3\/#website","url":"https:\/\/cvinoticias.com\/v3\/","name":"CVI NOTICIAS","description":"","publisher":{"@id":"https:\/\/cvinoticias.com\/v3\/#organization"},"alternateName":"CVI","potentialAction":[{"@type":"SearchAction","target":{"@type":"EntryPoint","urlTemplate":"https:\/\/cvinoticias.com\/v3\/?s={search_term_string}"},"query-input":{"@type":"PropertyValueSpecification","valueRequired":true,"valueName":"search_term_string"}}],"inLanguage":"es"},{"@type":"Organization","@id":"https:\/\/cvinoticias.com\/v3\/#organization","name":"CVI NOTICIAS","url":"https:\/\/cvinoticias.com\/v3\/","logo":{"@type":"ImageObject","inLanguage":"es","@id":"https:\/\/cvinoticias.com\/v3\/#\/schema\/logo\/image\/","url":"https:\/\/cvinoticias.com\/wp-content\/uploads\/2023\/04\/cropped-cropped-cropped-cropped-cropped-3-1.png","contentUrl":"https:\/\/cvinoticias.com\/wp-content\/uploads\/2023\/04\/cropped-cropped-cropped-cropped-cropped-3-1.png","width":95,"height":122,"caption":"CVI NOTICIAS"},"image":{"@id":"https:\/\/cvinoticias.com\/v3\/#\/schema\/logo\/image\/"},"sameAs":["https:\/\/www.facebook.com\/cvinoticias","https:\/\/www.instagram.com\/cvinoticias\/","https:\/\/www.youtube.com\/@CVINOTICIAS"]},{"@type":"Person","@id":"https:\/\/cvinoticias.com\/v3\/#\/schema\/person\/2db77e3c6bc03c538495d7b2b8be9b66","name":"f1000024","image":{"@type":"ImageObject","inLanguage":"es","@id":"https:\/\/secure.gravatar.com\/avatar\/d4fe7459cfc51ff5129ce1a732bbef5928568b8092d412ef95611616376bbeed?s=96&d=mm&r=g","url":"https:\/\/secure.gravatar.com\/avatar\/d4fe7459cfc51ff5129ce1a732bbef5928568b8092d412ef95611616376bbeed?s=96&d=mm&r=g","contentUrl":"https:\/\/secure.gravatar.com\/avatar\/d4fe7459cfc51ff5129ce1a732bbef5928568b8092d412ef95611616376bbeed?s=96&d=mm&r=g","caption":"f1000024"},"url":"https:\/\/cvinoticias.com\/v3\/author\/f1000024\/"}]}},"_links":{"self":[{"href":"https:\/\/cvinoticias.com\/v3\/wp-json\/wp\/v2\/posts\/7983","targetHints":{"allow":["GET"]}}],"collection":[{"href":"https:\/\/cvinoticias.com\/v3\/wp-json\/wp\/v2\/posts"}],"about":[{"href":"https:\/\/cvinoticias.com\/v3\/wp-json\/wp\/v2\/types\/post"}],"author":[{"embeddable":true,"href":"https:\/\/cvinoticias.com\/v3\/wp-json\/wp\/v2\/users\/2"}],"replies":[{"embeddable":true,"href":"https:\/\/cvinoticias.com\/v3\/wp-json\/wp\/v2\/comments?post=7983"}],"version-history":[{"count":1,"href":"https:\/\/cvinoticias.com\/v3\/wp-json\/wp\/v2\/posts\/7983\/revisions"}],"predecessor-version":[{"id":7985,"href":"https:\/\/cvinoticias.com\/v3\/wp-json\/wp\/v2\/posts\/7983\/revisions\/7985"}],"wp:featuredmedia":[{"embeddable":true,"href":"https:\/\/cvinoticias.com\/v3\/wp-json\/wp\/v2\/media\/7984"}],"wp:attachment":[{"href":"https:\/\/cvinoticias.com\/v3\/wp-json\/wp\/v2\/media?parent=7983"}],"wp:term":[{"taxonomy":"category","embeddable":true,"href":"https:\/\/cvinoticias.com\/v3\/wp-json\/wp\/v2\/categories?post=7983"},{"taxonomy":"post_tag","embeddable":true,"href":"https:\/\/cvinoticias.com\/v3\/wp-json\/wp\/v2\/tags?post=7983"}],"curies":[{"name":"wp","href":"https:\/\/api.w.org\/{rel}","templated":true}]}}