{"id":7977,"date":"2021-08-26T22:56:27","date_gmt":"2021-08-26T22:56:27","guid":{"rendered":"https:\/\/cvinoticias.com\/v3\/?p=7977"},"modified":"2021-08-26T22:56:27","modified_gmt":"2021-08-26T22:56:27","slug":"capturaron-a-un-hombre-por-el-femicidio-de-su-esposa-en-san-vicente","status":"publish","type":"post","link":"https:\/\/cvinoticias.com\/v3\/capturaron-a-un-hombre-por-el-femicidio-de-su-esposa-en-san-vicente\/","title":{"rendered":"Capturaron a un hombre por el femicidio de su esposa en San Vicente"},"content":{"rendered":"\n<p><em><strong>Esta tarde en el barrio Los Lapachos de San Vicente, integrantes de las divisiones Investigaciones y Drogas Peligrosas de la Unidad Regional VIII detuvieron a un hombre de 55 a\u00f1os, sindicado como el principal sospechoso del femicidio de su pareja de 50, ocurrido el 3 de noviembre del a\u00f1o pasado en el mismo vecindario.<\/strong><\/em><\/p>\n\n\n\n<p>De acuerdo a las primeras pesquisas, el hecho estaba caratulado como presunto suicidio en raz\u00f3n de que la mujer, aparentemente tras una discusi\u00f3n con su concubino, se habr\u00eda autolesionado con un arma blanca. Por ello, el hombre la traslad\u00f3 inmediatamente al centro de salud local, pero horas m\u00e1s tarde, la derivaron al Hospital Ram\u00f3n Madariaga de Posadas donde falleci\u00f3 a causa de las lesiones graves.<\/p>\n\n\n\n<p>En ese entonces, trabajaron en el lugar efectivos de la Comisar\u00eda de la Mujer de San Vicente, la divisi\u00f3n Polic\u00eda Cient\u00edfica y el m\u00e9dico policial en turno. Se realiz\u00f3 la correspondiente autopsia al cuerpo que luego fue entregado para su inhumaci\u00f3n.<\/p>\n\n\n\n<p>Con el correr de los meses y tras un exhaustivo trabajo de investigaci\u00f3n realizado por los polic\u00edas, con intervenci\u00f3n del Juzgado de Instrucci\u00f3n N\u00b03 de San Vicente, el caso dio un giro judicial y por ello, se localiz\u00f3 y detuvo al acusado que fue alojado en sede policial.<\/p>\n","protected":false},"excerpt":{"rendered":"<p>Esta tarde en el barrio Los Lapachos de San Vicente, integrantes de las divisiones Investigaciones y Drogas Peligrosas de la Unidad Regional VIII detuvieron a un hombre de 55 a\u00f1os, sindicado como el principal sospechoso del femicidio de su pareja de 50, ocurrido el 3 de noviembre del a\u00f1o pasado en el mismo vecindario. De [&hellip;]<\/p>\n","protected":false},"author":2,"featured_media":7978,"comment_status":"open","ping_status":"open","sticky":false,"template":"","format":"standard","meta":{"footnotes":""},"categories":[41],"tags":[],"class_list":["post-7977","post","type-post","status-publish","format-standard","has-post-thumbnail","hentry","category-policiales"],"yoast_head":"<!-- This site is optimized with the Yoast SEO plugin v27.4 - https:\/\/yoast.com\/product\/yoast-seo-wordpress\/ -->\n<title>Capturaron a un hombre por el femicidio de su esposa en San Vicente | CVI NOTICIAS<\/title>\n<meta name=\"robots\" content=\"index, follow, max-snippet:-1, max-image-preview:large, max-video-preview:-1\" \/>\n<link rel=\"canonical\" href=\"https:\/\/cvinoticias.com\/v3\/capturaron-a-un-hombre-por-el-femicidio-de-su-esposa-en-san-vicente\/\" \/>\n<meta property=\"og:locale\" content=\"es_ES\" \/>\n<meta property=\"og:type\" content=\"article\" \/>\n<meta property=\"og:title\" content=\"Capturaron a un hombre por el femicidio de su esposa en San Vicente | CVI NOTICIAS\" \/>\n<meta property=\"og:description\" content=\"Esta tarde en el barrio Los Lapachos de San Vicente, integrantes de las divisiones Investigaciones y Drogas Peligrosas de la Unidad Regional VIII detuvieron a un hombre de 55 a\u00f1os, sindicado como el principal sospechoso del femicidio de su pareja de 50, ocurrido el 3 de noviembre del a\u00f1o pasado en el mismo vecindario. De [&hellip;]\" \/>\n<meta property=\"og:url\" content=\"https:\/\/cvinoticias.com\/v3\/capturaron-a-un-hombre-por-el-femicidio-de-su-esposa-en-san-vicente\/\" \/>\n<meta property=\"og:site_name\" content=\"CVI NOTICIAS\" \/>\n<meta property=\"article:publisher\" content=\"https:\/\/www.facebook.com\/cvinoticias\" \/>\n<meta property=\"article:published_time\" content=\"2021-08-26T22:56:27+00:00\" \/>\n<meta property=\"og:image\" content=\"https:\/\/cvinoticias.com\/wp-content\/uploads\/2021\/08\/IMG-20210826-WA0239.jpg\" \/>\n\t<meta property=\"og:image:width\" content=\"1257\" \/>\n\t<meta property=\"og:image:height\" content=\"1200\" \/>\n\t<meta property=\"og:image:type\" content=\"image\/jpeg\" \/>\n<meta name=\"author\" content=\"f1000024\" \/>\n<meta name=\"twitter:card\" content=\"summary_large_image\" \/>\n<meta name=\"twitter:label1\" content=\"Escrito por\" \/>\n\t<meta name=\"twitter:data1\" content=\"f1000024\" \/>\n\t<meta name=\"twitter:label2\" content=\"Tiempo de lectura\" \/>\n\t<meta name=\"twitter:data2\" content=\"1 minuto\" \/>\n<script type=\"application\/ld+json\" class=\"yoast-schema-graph\">{\"@context\":\"https:\\\/\\\/schema.org\",\"@graph\":[{\"@type\":\"Article\",\"@id\":\"https:\\\/\\\/cvinoticias.com\\\/v3\\\/capturaron-a-un-hombre-por-el-femicidio-de-su-esposa-en-san-vicente\\\/#article\",\"isPartOf\":{\"@id\":\"https:\\\/\\\/cvinoticias.com\\\/v3\\\/capturaron-a-un-hombre-por-el-femicidio-de-su-esposa-en-san-vicente\\\/\"},\"author\":{\"name\":\"f1000024\",\"@id\":\"https:\\\/\\\/cvinoticias.com\\\/v3\\\/#\\\/schema\\\/person\\\/2db77e3c6bc03c538495d7b2b8be9b66\"},\"headline\":\"Capturaron a un hombre por el femicidio de su esposa en San Vicente\",\"datePublished\":\"2021-08-26T22:56:27+00:00\",\"mainEntityOfPage\":{\"@id\":\"https:\\\/\\\/cvinoticias.com\\\/v3\\\/capturaron-a-un-hombre-por-el-femicidio-de-su-esposa-en-san-vicente\\\/\"},\"wordCount\":235,\"commentCount\":0,\"publisher\":{\"@id\":\"https:\\\/\\\/cvinoticias.com\\\/v3\\\/#organization\"},\"image\":{\"@id\":\"https:\\\/\\\/cvinoticias.com\\\/v3\\\/capturaron-a-un-hombre-por-el-femicidio-de-su-esposa-en-san-vicente\\\/#primaryimage\"},\"thumbnailUrl\":\"https:\\\/\\\/cvinoticias.com\\\/wp-content\\\/uploads\\\/2021\\\/08\\\/IMG-20210826-WA0239.jpg\",\"articleSection\":[\"Policiales\"],\"inLanguage\":\"es\",\"potentialAction\":[{\"@type\":\"CommentAction\",\"name\":\"Comment\",\"target\":[\"https:\\\/\\\/cvinoticias.com\\\/v3\\\/capturaron-a-un-hombre-por-el-femicidio-de-su-esposa-en-san-vicente\\\/#respond\"]}]},{\"@type\":\"WebPage\",\"@id\":\"https:\\\/\\\/cvinoticias.com\\\/v3\\\/capturaron-a-un-hombre-por-el-femicidio-de-su-esposa-en-san-vicente\\\/\",\"url\":\"https:\\\/\\\/cvinoticias.com\\\/v3\\\/capturaron-a-un-hombre-por-el-femicidio-de-su-esposa-en-san-vicente\\\/\",\"name\":\"Capturaron a un hombre por el femicidio de su esposa en San Vicente | CVI NOTICIAS\",\"isPartOf\":{\"@id\":\"https:\\\/\\\/cvinoticias.com\\\/v3\\\/#website\"},\"primaryImageOfPage\":{\"@id\":\"https:\\\/\\\/cvinoticias.com\\\/v3\\\/capturaron-a-un-hombre-por-el-femicidio-de-su-esposa-en-san-vicente\\\/#primaryimage\"},\"image\":{\"@id\":\"https:\\\/\\\/cvinoticias.com\\\/v3\\\/capturaron-a-un-hombre-por-el-femicidio-de-su-esposa-en-san-vicente\\\/#primaryimage\"},\"thumbnailUrl\":\"https:\\\/\\\/cvinoticias.com\\\/wp-content\\\/uploads\\\/2021\\\/08\\\/IMG-20210826-WA0239.jpg\",\"datePublished\":\"2021-08-26T22:56:27+00:00\",\"breadcrumb\":{\"@id\":\"https:\\\/\\\/cvinoticias.com\\\/v3\\\/capturaron-a-un-hombre-por-el-femicidio-de-su-esposa-en-san-vicente\\\/#breadcrumb\"},\"inLanguage\":\"es\",\"potentialAction\":[{\"@type\":\"ReadAction\",\"target\":[\"https:\\\/\\\/cvinoticias.com\\\/v3\\\/capturaron-a-un-hombre-por-el-femicidio-de-su-esposa-en-san-vicente\\\/\"]}]},{\"@type\":\"ImageObject\",\"inLanguage\":\"es\",\"@id\":\"https:\\\/\\\/cvinoticias.com\\\/v3\\\/capturaron-a-un-hombre-por-el-femicidio-de-su-esposa-en-san-vicente\\\/#primaryimage\",\"url\":\"https:\\\/\\\/cvinoticias.com\\\/wp-content\\\/uploads\\\/2021\\\/08\\\/IMG-20210826-WA0239.jpg\",\"contentUrl\":\"https:\\\/\\\/cvinoticias.com\\\/wp-content\\\/uploads\\\/2021\\\/08\\\/IMG-20210826-WA0239.jpg\",\"width\":1257,\"height\":1200},{\"@type\":\"BreadcrumbList\",\"@id\":\"https:\\\/\\\/cvinoticias.com\\\/v3\\\/capturaron-a-un-hombre-por-el-femicidio-de-su-esposa-en-san-vicente\\\/#breadcrumb\",\"itemListElement\":[{\"@type\":\"ListItem\",\"position\":1,\"name\":\"Portada\",\"item\":\"https:\\\/\\\/cvinoticias.com\\\/v3\\\/\"},{\"@type\":\"ListItem\",\"position\":2,\"name\":\"Capturaron a un hombre por el femicidio de su esposa en San Vicente\"}]},{\"@type\":\"WebSite\",\"@id\":\"https:\\\/\\\/cvinoticias.com\\\/v3\\\/#website\",\"url\":\"https:\\\/\\\/cvinoticias.com\\\/v3\\\/\",\"name\":\"CVI NOTICIAS\",\"description\":\"\",\"publisher\":{\"@id\":\"https:\\\/\\\/cvinoticias.com\\\/v3\\\/#organization\"},\"alternateName\":\"CVI\",\"potentialAction\":[{\"@type\":\"SearchAction\",\"target\":{\"@type\":\"EntryPoint\",\"urlTemplate\":\"https:\\\/\\\/cvinoticias.com\\\/v3\\\/?s={search_term_string}\"},\"query-input\":{\"@type\":\"PropertyValueSpecification\",\"valueRequired\":true,\"valueName\":\"search_term_string\"}}],\"inLanguage\":\"es\"},{\"@type\":\"Organization\",\"@id\":\"https:\\\/\\\/cvinoticias.com\\\/v3\\\/#organization\",\"name\":\"CVI NOTICIAS\",\"url\":\"https:\\\/\\\/cvinoticias.com\\\/v3\\\/\",\"logo\":{\"@type\":\"ImageObject\",\"inLanguage\":\"es\",\"@id\":\"https:\\\/\\\/cvinoticias.com\\\/v3\\\/#\\\/schema\\\/logo\\\/image\\\/\",\"url\":\"https:\\\/\\\/cvinoticias.com\\\/wp-content\\\/uploads\\\/2023\\\/04\\\/cropped-cropped-cropped-cropped-cropped-3-1.png\",\"contentUrl\":\"https:\\\/\\\/cvinoticias.com\\\/wp-content\\\/uploads\\\/2023\\\/04\\\/cropped-cropped-cropped-cropped-cropped-3-1.png\",\"width\":95,\"height\":122,\"caption\":\"CVI NOTICIAS\"},\"image\":{\"@id\":\"https:\\\/\\\/cvinoticias.com\\\/v3\\\/#\\\/schema\\\/logo\\\/image\\\/\"},\"sameAs\":[\"https:\\\/\\\/www.facebook.com\\\/cvinoticias\",\"https:\\\/\\\/www.instagram.com\\\/cvinoticias\\\/\",\"https:\\\/\\\/www.youtube.com\\\/@CVINOTICIAS\"]},{\"@type\":\"Person\",\"@id\":\"https:\\\/\\\/cvinoticias.com\\\/v3\\\/#\\\/schema\\\/person\\\/2db77e3c6bc03c538495d7b2b8be9b66\",\"name\":\"f1000024\",\"image\":{\"@type\":\"ImageObject\",\"inLanguage\":\"es\",\"@id\":\"https:\\\/\\\/secure.gravatar.com\\\/avatar\\\/d4fe7459cfc51ff5129ce1a732bbef5928568b8092d412ef95611616376bbeed?s=96&d=mm&r=g\",\"url\":\"https:\\\/\\\/secure.gravatar.com\\\/avatar\\\/d4fe7459cfc51ff5129ce1a732bbef5928568b8092d412ef95611616376bbeed?s=96&d=mm&r=g\",\"contentUrl\":\"https:\\\/\\\/secure.gravatar.com\\\/avatar\\\/d4fe7459cfc51ff5129ce1a732bbef5928568b8092d412ef95611616376bbeed?s=96&d=mm&r=g\",\"caption\":\"f1000024\"},\"url\":\"https:\\\/\\\/cvinoticias.com\\\/v3\\\/author\\\/f1000024\\\/\"}]}<\/script>\n<!-- \/ Yoast SEO plugin. -->","yoast_head_json":{"title":"Capturaron a un hombre por el femicidio de su esposa en San Vicente | CVI NOTICIAS","robots":{"index":"index","follow":"follow","max-snippet":"max-snippet:-1","max-image-preview":"max-image-preview:large","max-video-preview":"max-video-preview:-1"},"canonical":"https:\/\/cvinoticias.com\/v3\/capturaron-a-un-hombre-por-el-femicidio-de-su-esposa-en-san-vicente\/","og_locale":"es_ES","og_type":"article","og_title":"Capturaron a un hombre por el femicidio de su esposa en San Vicente | CVI NOTICIAS","og_description":"Esta tarde en el barrio Los Lapachos de San Vicente, integrantes de las divisiones Investigaciones y Drogas Peligrosas de la Unidad Regional VIII detuvieron a un hombre de 55 a\u00f1os, sindicado como el principal sospechoso del femicidio de su pareja de 50, ocurrido el 3 de noviembre del a\u00f1o pasado en el mismo vecindario. De [&hellip;]","og_url":"https:\/\/cvinoticias.com\/v3\/capturaron-a-un-hombre-por-el-femicidio-de-su-esposa-en-san-vicente\/","og_site_name":"CVI NOTICIAS","article_publisher":"https:\/\/www.facebook.com\/cvinoticias","article_published_time":"2021-08-26T22:56:27+00:00","og_image":[{"width":1257,"height":1200,"url":"https:\/\/cvinoticias.com\/wp-content\/uploads\/2021\/08\/IMG-20210826-WA0239.jpg","type":"image\/jpeg"}],"author":"f1000024","twitter_card":"summary_large_image","twitter_misc":{"Escrito por":"f1000024","Tiempo de lectura":"1 minuto"},"schema":{"@context":"https:\/\/schema.org","@graph":[{"@type":"Article","@id":"https:\/\/cvinoticias.com\/v3\/capturaron-a-un-hombre-por-el-femicidio-de-su-esposa-en-san-vicente\/#article","isPartOf":{"@id":"https:\/\/cvinoticias.com\/v3\/capturaron-a-un-hombre-por-el-femicidio-de-su-esposa-en-san-vicente\/"},"author":{"name":"f1000024","@id":"https:\/\/cvinoticias.com\/v3\/#\/schema\/person\/2db77e3c6bc03c538495d7b2b8be9b66"},"headline":"Capturaron a un hombre por el femicidio de su esposa en San Vicente","datePublished":"2021-08-26T22:56:27+00:00","mainEntityOfPage":{"@id":"https:\/\/cvinoticias.com\/v3\/capturaron-a-un-hombre-por-el-femicidio-de-su-esposa-en-san-vicente\/"},"wordCount":235,"commentCount":0,"publisher":{"@id":"https:\/\/cvinoticias.com\/v3\/#organization"},"image":{"@id":"https:\/\/cvinoticias.com\/v3\/capturaron-a-un-hombre-por-el-femicidio-de-su-esposa-en-san-vicente\/#primaryimage"},"thumbnailUrl":"https:\/\/cvinoticias.com\/wp-content\/uploads\/2021\/08\/IMG-20210826-WA0239.jpg","articleSection":["Policiales"],"inLanguage":"es","potentialAction":[{"@type":"CommentAction","name":"Comment","target":["https:\/\/cvinoticias.com\/v3\/capturaron-a-un-hombre-por-el-femicidio-de-su-esposa-en-san-vicente\/#respond"]}]},{"@type":"WebPage","@id":"https:\/\/cvinoticias.com\/v3\/capturaron-a-un-hombre-por-el-femicidio-de-su-esposa-en-san-vicente\/","url":"https:\/\/cvinoticias.com\/v3\/capturaron-a-un-hombre-por-el-femicidio-de-su-esposa-en-san-vicente\/","name":"Capturaron a un hombre por el femicidio de su esposa en San Vicente | CVI NOTICIAS","isPartOf":{"@id":"https:\/\/cvinoticias.com\/v3\/#website"},"primaryImageOfPage":{"@id":"https:\/\/cvinoticias.com\/v3\/capturaron-a-un-hombre-por-el-femicidio-de-su-esposa-en-san-vicente\/#primaryimage"},"image":{"@id":"https:\/\/cvinoticias.com\/v3\/capturaron-a-un-hombre-por-el-femicidio-de-su-esposa-en-san-vicente\/#primaryimage"},"thumbnailUrl":"https:\/\/cvinoticias.com\/wp-content\/uploads\/2021\/08\/IMG-20210826-WA0239.jpg","datePublished":"2021-08-26T22:56:27+00:00","breadcrumb":{"@id":"https:\/\/cvinoticias.com\/v3\/capturaron-a-un-hombre-por-el-femicidio-de-su-esposa-en-san-vicente\/#breadcrumb"},"inLanguage":"es","potentialAction":[{"@type":"ReadAction","target":["https:\/\/cvinoticias.com\/v3\/capturaron-a-un-hombre-por-el-femicidio-de-su-esposa-en-san-vicente\/"]}]},{"@type":"ImageObject","inLanguage":"es","@id":"https:\/\/cvinoticias.com\/v3\/capturaron-a-un-hombre-por-el-femicidio-de-su-esposa-en-san-vicente\/#primaryimage","url":"https:\/\/cvinoticias.com\/wp-content\/uploads\/2021\/08\/IMG-20210826-WA0239.jpg","contentUrl":"https:\/\/cvinoticias.com\/wp-content\/uploads\/2021\/08\/IMG-20210826-WA0239.jpg","width":1257,"height":1200},{"@type":"BreadcrumbList","@id":"https:\/\/cvinoticias.com\/v3\/capturaron-a-un-hombre-por-el-femicidio-de-su-esposa-en-san-vicente\/#breadcrumb","itemListElement":[{"@type":"ListItem","position":1,"name":"Portada","item":"https:\/\/cvinoticias.com\/v3\/"},{"@type":"ListItem","position":2,"name":"Capturaron a un hombre por el femicidio de su esposa en San Vicente"}]},{"@type":"WebSite","@id":"https:\/\/cvinoticias.com\/v3\/#website","url":"https:\/\/cvinoticias.com\/v3\/","name":"CVI NOTICIAS","description":"","publisher":{"@id":"https:\/\/cvinoticias.com\/v3\/#organization"},"alternateName":"CVI","potentialAction":[{"@type":"SearchAction","target":{"@type":"EntryPoint","urlTemplate":"https:\/\/cvinoticias.com\/v3\/?s={search_term_string}"},"query-input":{"@type":"PropertyValueSpecification","valueRequired":true,"valueName":"search_term_string"}}],"inLanguage":"es"},{"@type":"Organization","@id":"https:\/\/cvinoticias.com\/v3\/#organization","name":"CVI NOTICIAS","url":"https:\/\/cvinoticias.com\/v3\/","logo":{"@type":"ImageObject","inLanguage":"es","@id":"https:\/\/cvinoticias.com\/v3\/#\/schema\/logo\/image\/","url":"https:\/\/cvinoticias.com\/wp-content\/uploads\/2023\/04\/cropped-cropped-cropped-cropped-cropped-3-1.png","contentUrl":"https:\/\/cvinoticias.com\/wp-content\/uploads\/2023\/04\/cropped-cropped-cropped-cropped-cropped-3-1.png","width":95,"height":122,"caption":"CVI NOTICIAS"},"image":{"@id":"https:\/\/cvinoticias.com\/v3\/#\/schema\/logo\/image\/"},"sameAs":["https:\/\/www.facebook.com\/cvinoticias","https:\/\/www.instagram.com\/cvinoticias\/","https:\/\/www.youtube.com\/@CVINOTICIAS"]},{"@type":"Person","@id":"https:\/\/cvinoticias.com\/v3\/#\/schema\/person\/2db77e3c6bc03c538495d7b2b8be9b66","name":"f1000024","image":{"@type":"ImageObject","inLanguage":"es","@id":"https:\/\/secure.gravatar.com\/avatar\/d4fe7459cfc51ff5129ce1a732bbef5928568b8092d412ef95611616376bbeed?s=96&d=mm&r=g","url":"https:\/\/secure.gravatar.com\/avatar\/d4fe7459cfc51ff5129ce1a732bbef5928568b8092d412ef95611616376bbeed?s=96&d=mm&r=g","contentUrl":"https:\/\/secure.gravatar.com\/avatar\/d4fe7459cfc51ff5129ce1a732bbef5928568b8092d412ef95611616376bbeed?s=96&d=mm&r=g","caption":"f1000024"},"url":"https:\/\/cvinoticias.com\/v3\/author\/f1000024\/"}]}},"_links":{"self":[{"href":"https:\/\/cvinoticias.com\/v3\/wp-json\/wp\/v2\/posts\/7977","targetHints":{"allow":["GET"]}}],"collection":[{"href":"https:\/\/cvinoticias.com\/v3\/wp-json\/wp\/v2\/posts"}],"about":[{"href":"https:\/\/cvinoticias.com\/v3\/wp-json\/wp\/v2\/types\/post"}],"author":[{"embeddable":true,"href":"https:\/\/cvinoticias.com\/v3\/wp-json\/wp\/v2\/users\/2"}],"replies":[{"embeddable":true,"href":"https:\/\/cvinoticias.com\/v3\/wp-json\/wp\/v2\/comments?post=7977"}],"version-history":[{"count":1,"href":"https:\/\/cvinoticias.com\/v3\/wp-json\/wp\/v2\/posts\/7977\/revisions"}],"predecessor-version":[{"id":7979,"href":"https:\/\/cvinoticias.com\/v3\/wp-json\/wp\/v2\/posts\/7977\/revisions\/7979"}],"wp:featuredmedia":[{"embeddable":true,"href":"https:\/\/cvinoticias.com\/v3\/wp-json\/wp\/v2\/media\/7978"}],"wp:attachment":[{"href":"https:\/\/cvinoticias.com\/v3\/wp-json\/wp\/v2\/media?parent=7977"}],"wp:term":[{"taxonomy":"category","embeddable":true,"href":"https:\/\/cvinoticias.com\/v3\/wp-json\/wp\/v2\/categories?post=7977"},{"taxonomy":"post_tag","embeddable":true,"href":"https:\/\/cvinoticias.com\/v3\/wp-json\/wp\/v2\/tags?post=7977"}],"curies":[{"name":"wp","href":"https:\/\/api.w.org\/{rel}","templated":true}]}}