{"id":7961,"date":"2021-08-26T17:07:45","date_gmt":"2021-08-26T17:07:45","guid":{"rendered":"https:\/\/cvinoticias.com\/v3\/?p=7961"},"modified":"2021-08-26T17:07:45","modified_gmt":"2021-08-26T17:07:45","slug":"esteban-bullrich-recuperar-la-educacion-tiene-que-ser-una-prioridad","status":"publish","type":"post","link":"https:\/\/cvinoticias.com\/v3\/esteban-bullrich-recuperar-la-educacion-tiene-que-ser-una-prioridad\/","title":{"rendered":"Esteban Bullrich: \u201cRecuperar la educaci\u00f3n tiene que ser una prioridad\u201d"},"content":{"rendered":"\n<p><strong><em>\u00abLo que perdimos en t\u00e9rminos educativos durante la pandemia es incalculable y recuperarlo tiene que ser una prioridad. Preocupados por la salud de los chicos, nunca se tuvo en cuenta el perjuicio real en su formaci\u00f3n y su socializaci\u00f3n. Se debi\u00f3 ser m\u00e1s prudente y ponderar los riesgos.<\/em><\/strong><\/p>\n\n\n\n<p>Ahora, a dedicarse a solucionarlo\u00bb , afirm\u00f3 el<br>senador Esteban Bullrich durante una visita a Misiones, donde viaj\u00f3 para acompa\u00f1ar la<br>campa\u00f1a del precandidato a diputado nacional de Juntos por el Cambio Mart\u00edn Goerling.<\/p>\n\n\n\n<p>Bullrich y Goerling visitaron la Escuela Bachillerato Polivalente N\u00b0 23 de Iguaz\u00fa, donde conversaron con docentes, alumnos y la comunidad educativa y abordaron cuestiones vinculadas con la recuperaci\u00f3n del tiempo perdido en los colegios durante la pandemia y el futuro de la pol\u00edtica educativa.<\/p>\n\n\n\n<p>\u00abNosotros estamos convencidos de que la pol\u00edtica educativa debe ser m\u00e1s inclusiva y debe<br>fortalecer el proceso de aprendizaje de los alumnos, porque la educaci\u00f3n es la clave del<br>despegue y el desarrollo integral de la Argentina\u00bb, afirm\u00f3 Goerling.<\/p>\n\n\n\n<p>Bullrich lleg\u00f3 de Buenos Aires acompa\u00f1ado por el senador misionero Humberto Schiavoni y<br>por el candidato a diputado por la Capital Federal, Pablo Walter.<\/p>\n\n\n\n<figure class=\"wp-block-image size-large\"><a href=\"https:\/\/cvinoticias.com\/wp-content\/uploads\/2021\/08\/IMG-20210826-WA0172.jpg\"><img decoding=\"async\" width=\"1024\" height=\"497\" data-src=\"https:\/\/cvinoticias.com\/wp-content\/uploads\/2021\/08\/IMG-20210826-WA0172-1024x497.jpg\" alt=\"\" class=\"wp-image-7963 lazyload\" data-srcset=\"https:\/\/cvinoticias.com\/wp-content\/uploads\/2021\/08\/IMG-20210826-WA0172-1024x497.jpg 1024w, https:\/\/cvinoticias.com\/wp-content\/uploads\/2021\/08\/IMG-20210826-WA0172-300x146.jpg 300w, https:\/\/cvinoticias.com\/wp-content\/uploads\/2021\/08\/IMG-20210826-WA0172-768x373.jpg 768w, https:\/\/cvinoticias.com\/wp-content\/uploads\/2021\/08\/IMG-20210826-WA0172-1536x746.jpg 1536w, https:\/\/cvinoticias.com\/wp-content\/uploads\/2021\/08\/IMG-20210826-WA0172.jpg 1600w\" data-sizes=\"(max-width: 1024px) 100vw, 1024px\" src=\"data:image\/svg+xml;base64,PHN2ZyB3aWR0aD0iMSIgaGVpZ2h0PSIxIiB4bWxucz0iaHR0cDovL3d3dy53My5vcmcvMjAwMC9zdmciPjwvc3ZnPg==\" style=\"--smush-placeholder-width: 1024px; --smush-placeholder-aspect-ratio: 1024\/497;\" \/><\/a><\/figure>\n\n\n\n<p>Frente a una nutrida audiencia, Bullrich insisti\u00f3 en que \u00abtodos los problemas son problemas de educaci\u00f3n y hoy nuestro pa\u00eds est\u00e1 en un momento cr\u00edtico. No porque no haya maestros con vocaci\u00f3n, que los hay, sino porque todo el sistema est\u00e1 armado para que parezca que se ense\u00f1a y que los chicos parezca que aprenden. Miremos el problema de frente, sincer\u00e9monos y vamos a empezar a encontrar soluciones\u00bb.<\/p>\n\n\n\n<p>Goerling por su parte enfatiz\u00f3 que buscar\u00e1, en caso de llegar al Congreso, \u00abjerarquizar la<br>carrera docente y afianzar los contenidos de las instituciones educativas, de modo tal que<br>los que egresen de los colegios puedan insertarse r\u00e1pidamente en el mercado laboral\u00bb.<\/p>\n\n\n\n<p>Durante su visita a la provincia, el senador Bullrich ratific\u00f3 el apoyo del PRO a la candidatura de Goerling. \u00abMart\u00edn es una persona de bien que viene a poner a Misiones en el lugar de protagonismo que tiene que tener en el pa\u00eds. Hace muchos a\u00f1os que viene trabajando en silencio por su provincia y por el partido y es una gran alegr\u00eda que haya dado<br>el salto a la arena p\u00fablica. Su aporte va a ser fundamental\u00bb.<\/p>\n\n\n\n<p>\u00abEstoy convencido de que Mart\u00edn Goerling ser\u00e1 un gran diputado. Representa los valores<br>arraigados en el PRO, como la defensa de las instituciones, la convicci\u00f3n de que la Argentina tiene un futuro para crecer sostenidamente si se encaran pol\u00edticas racionales y de cara al mundo y acredita el valor m\u00e1s preciado, que es la honestidad\u00bb, sostuvo el senador Bullrich.<\/p>\n","protected":false},"excerpt":{"rendered":"<p>\u00abLo que perdimos en t\u00e9rminos educativos durante la pandemia es incalculable y recuperarlo tiene que ser una prioridad. Preocupados por la salud de los chicos, nunca se tuvo en cuenta el perjuicio real en su formaci\u00f3n y su socializaci\u00f3n. Se debi\u00f3 ser m\u00e1s prudente y ponderar los riesgos. Ahora, a dedicarse a solucionarlo\u00bb , afirm\u00f3 [&hellip;]<\/p>\n","protected":false},"author":2,"featured_media":7962,"comment_status":"open","ping_status":"open","sticky":false,"template":"","format":"standard","meta":{"footnotes":""},"categories":[42],"tags":[],"class_list":["post-7961","post","type-post","status-publish","format-standard","has-post-thumbnail","hentry","category-politica"],"yoast_head":"<!-- This site is optimized with the Yoast SEO plugin v27.4 - https:\/\/yoast.com\/product\/yoast-seo-wordpress\/ -->\n<title>Esteban Bullrich: \u201cRecuperar la educaci\u00f3n tiene que ser una prioridad\u201d | CVI NOTICIAS<\/title>\n<meta name=\"robots\" content=\"index, follow, max-snippet:-1, max-image-preview:large, max-video-preview:-1\" \/>\n<link rel=\"canonical\" href=\"https:\/\/cvinoticias.com\/v3\/esteban-bullrich-recuperar-la-educacion-tiene-que-ser-una-prioridad\/\" \/>\n<meta property=\"og:locale\" content=\"es_ES\" \/>\n<meta property=\"og:type\" content=\"article\" \/>\n<meta property=\"og:title\" content=\"Esteban Bullrich: \u201cRecuperar la educaci\u00f3n tiene que ser una prioridad\u201d | CVI NOTICIAS\" \/>\n<meta property=\"og:description\" content=\"\u00abLo que perdimos en t\u00e9rminos educativos durante la pandemia es incalculable y recuperarlo tiene que ser una prioridad. Preocupados por la salud de los chicos, nunca se tuvo en cuenta el perjuicio real en su formaci\u00f3n y su socializaci\u00f3n. Se debi\u00f3 ser m\u00e1s prudente y ponderar los riesgos. Ahora, a dedicarse a solucionarlo\u00bb , afirm\u00f3 [&hellip;]\" \/>\n<meta property=\"og:url\" content=\"https:\/\/cvinoticias.com\/v3\/esteban-bullrich-recuperar-la-educacion-tiene-que-ser-una-prioridad\/\" \/>\n<meta property=\"og:site_name\" content=\"CVI NOTICIAS\" \/>\n<meta property=\"article:publisher\" content=\"https:\/\/www.facebook.com\/cvinoticias\" \/>\n<meta property=\"article:published_time\" content=\"2021-08-26T17:07:45+00:00\" \/>\n<meta property=\"og:image\" content=\"https:\/\/cvinoticias.com\/wp-content\/uploads\/2021\/08\/IMG-20210826-WA0178.jpg\" \/>\n\t<meta property=\"og:image:width\" content=\"780\" \/>\n\t<meta property=\"og:image:height\" content=\"1040\" \/>\n\t<meta property=\"og:image:type\" content=\"image\/jpeg\" \/>\n<meta name=\"author\" content=\"f1000024\" \/>\n<meta name=\"twitter:card\" content=\"summary_large_image\" \/>\n<meta name=\"twitter:label1\" content=\"Escrito por\" \/>\n\t<meta name=\"twitter:data1\" content=\"f1000024\" \/>\n\t<meta name=\"twitter:label2\" content=\"Tiempo de lectura\" \/>\n\t<meta name=\"twitter:data2\" content=\"2 minutos\" \/>\n<script type=\"application\/ld+json\" class=\"yoast-schema-graph\">{\"@context\":\"https:\\\/\\\/schema.org\",\"@graph\":[{\"@type\":\"Article\",\"@id\":\"https:\\\/\\\/cvinoticias.com\\\/v3\\\/esteban-bullrich-recuperar-la-educacion-tiene-que-ser-una-prioridad\\\/#article\",\"isPartOf\":{\"@id\":\"https:\\\/\\\/cvinoticias.com\\\/v3\\\/esteban-bullrich-recuperar-la-educacion-tiene-que-ser-una-prioridad\\\/\"},\"author\":{\"name\":\"f1000024\",\"@id\":\"https:\\\/\\\/cvinoticias.com\\\/v3\\\/#\\\/schema\\\/person\\\/2db77e3c6bc03c538495d7b2b8be9b66\"},\"headline\":\"Esteban Bullrich: \u201cRecuperar la educaci\u00f3n tiene que ser una prioridad\u201d\",\"datePublished\":\"2021-08-26T17:07:45+00:00\",\"mainEntityOfPage\":{\"@id\":\"https:\\\/\\\/cvinoticias.com\\\/v3\\\/esteban-bullrich-recuperar-la-educacion-tiene-que-ser-una-prioridad\\\/\"},\"wordCount\":465,\"commentCount\":0,\"publisher\":{\"@id\":\"https:\\\/\\\/cvinoticias.com\\\/v3\\\/#organization\"},\"image\":{\"@id\":\"https:\\\/\\\/cvinoticias.com\\\/v3\\\/esteban-bullrich-recuperar-la-educacion-tiene-que-ser-una-prioridad\\\/#primaryimage\"},\"thumbnailUrl\":\"https:\\\/\\\/cvinoticias.com\\\/wp-content\\\/uploads\\\/2021\\\/08\\\/IMG-20210826-WA0178.jpg\",\"articleSection\":[\"Politica\"],\"inLanguage\":\"es\",\"potentialAction\":[{\"@type\":\"CommentAction\",\"name\":\"Comment\",\"target\":[\"https:\\\/\\\/cvinoticias.com\\\/v3\\\/esteban-bullrich-recuperar-la-educacion-tiene-que-ser-una-prioridad\\\/#respond\"]}]},{\"@type\":\"WebPage\",\"@id\":\"https:\\\/\\\/cvinoticias.com\\\/v3\\\/esteban-bullrich-recuperar-la-educacion-tiene-que-ser-una-prioridad\\\/\",\"url\":\"https:\\\/\\\/cvinoticias.com\\\/v3\\\/esteban-bullrich-recuperar-la-educacion-tiene-que-ser-una-prioridad\\\/\",\"name\":\"Esteban Bullrich: \u201cRecuperar la educaci\u00f3n tiene que ser una prioridad\u201d | CVI NOTICIAS\",\"isPartOf\":{\"@id\":\"https:\\\/\\\/cvinoticias.com\\\/v3\\\/#website\"},\"primaryImageOfPage\":{\"@id\":\"https:\\\/\\\/cvinoticias.com\\\/v3\\\/esteban-bullrich-recuperar-la-educacion-tiene-que-ser-una-prioridad\\\/#primaryimage\"},\"image\":{\"@id\":\"https:\\\/\\\/cvinoticias.com\\\/v3\\\/esteban-bullrich-recuperar-la-educacion-tiene-que-ser-una-prioridad\\\/#primaryimage\"},\"thumbnailUrl\":\"https:\\\/\\\/cvinoticias.com\\\/wp-content\\\/uploads\\\/2021\\\/08\\\/IMG-20210826-WA0178.jpg\",\"datePublished\":\"2021-08-26T17:07:45+00:00\",\"breadcrumb\":{\"@id\":\"https:\\\/\\\/cvinoticias.com\\\/v3\\\/esteban-bullrich-recuperar-la-educacion-tiene-que-ser-una-prioridad\\\/#breadcrumb\"},\"inLanguage\":\"es\",\"potentialAction\":[{\"@type\":\"ReadAction\",\"target\":[\"https:\\\/\\\/cvinoticias.com\\\/v3\\\/esteban-bullrich-recuperar-la-educacion-tiene-que-ser-una-prioridad\\\/\"]}]},{\"@type\":\"ImageObject\",\"inLanguage\":\"es\",\"@id\":\"https:\\\/\\\/cvinoticias.com\\\/v3\\\/esteban-bullrich-recuperar-la-educacion-tiene-que-ser-una-prioridad\\\/#primaryimage\",\"url\":\"https:\\\/\\\/cvinoticias.com\\\/wp-content\\\/uploads\\\/2021\\\/08\\\/IMG-20210826-WA0178.jpg\",\"contentUrl\":\"https:\\\/\\\/cvinoticias.com\\\/wp-content\\\/uploads\\\/2021\\\/08\\\/IMG-20210826-WA0178.jpg\",\"width\":780,\"height\":1040},{\"@type\":\"BreadcrumbList\",\"@id\":\"https:\\\/\\\/cvinoticias.com\\\/v3\\\/esteban-bullrich-recuperar-la-educacion-tiene-que-ser-una-prioridad\\\/#breadcrumb\",\"itemListElement\":[{\"@type\":\"ListItem\",\"position\":1,\"name\":\"Portada\",\"item\":\"https:\\\/\\\/cvinoticias.com\\\/v3\\\/\"},{\"@type\":\"ListItem\",\"position\":2,\"name\":\"Esteban Bullrich: \u201cRecuperar la educaci\u00f3n tiene que ser una prioridad\u201d\"}]},{\"@type\":\"WebSite\",\"@id\":\"https:\\\/\\\/cvinoticias.com\\\/v3\\\/#website\",\"url\":\"https:\\\/\\\/cvinoticias.com\\\/v3\\\/\",\"name\":\"CVI NOTICIAS\",\"description\":\"\",\"publisher\":{\"@id\":\"https:\\\/\\\/cvinoticias.com\\\/v3\\\/#organization\"},\"alternateName\":\"CVI\",\"potentialAction\":[{\"@type\":\"SearchAction\",\"target\":{\"@type\":\"EntryPoint\",\"urlTemplate\":\"https:\\\/\\\/cvinoticias.com\\\/v3\\\/?s={search_term_string}\"},\"query-input\":{\"@type\":\"PropertyValueSpecification\",\"valueRequired\":true,\"valueName\":\"search_term_string\"}}],\"inLanguage\":\"es\"},{\"@type\":\"Organization\",\"@id\":\"https:\\\/\\\/cvinoticias.com\\\/v3\\\/#organization\",\"name\":\"CVI NOTICIAS\",\"url\":\"https:\\\/\\\/cvinoticias.com\\\/v3\\\/\",\"logo\":{\"@type\":\"ImageObject\",\"inLanguage\":\"es\",\"@id\":\"https:\\\/\\\/cvinoticias.com\\\/v3\\\/#\\\/schema\\\/logo\\\/image\\\/\",\"url\":\"https:\\\/\\\/cvinoticias.com\\\/wp-content\\\/uploads\\\/2023\\\/04\\\/cropped-cropped-cropped-cropped-cropped-3-1.png\",\"contentUrl\":\"https:\\\/\\\/cvinoticias.com\\\/wp-content\\\/uploads\\\/2023\\\/04\\\/cropped-cropped-cropped-cropped-cropped-3-1.png\",\"width\":95,\"height\":122,\"caption\":\"CVI NOTICIAS\"},\"image\":{\"@id\":\"https:\\\/\\\/cvinoticias.com\\\/v3\\\/#\\\/schema\\\/logo\\\/image\\\/\"},\"sameAs\":[\"https:\\\/\\\/www.facebook.com\\\/cvinoticias\",\"https:\\\/\\\/www.instagram.com\\\/cvinoticias\\\/\",\"https:\\\/\\\/www.youtube.com\\\/@CVINOTICIAS\"]},{\"@type\":\"Person\",\"@id\":\"https:\\\/\\\/cvinoticias.com\\\/v3\\\/#\\\/schema\\\/person\\\/2db77e3c6bc03c538495d7b2b8be9b66\",\"name\":\"f1000024\",\"image\":{\"@type\":\"ImageObject\",\"inLanguage\":\"es\",\"@id\":\"https:\\\/\\\/secure.gravatar.com\\\/avatar\\\/d4fe7459cfc51ff5129ce1a732bbef5928568b8092d412ef95611616376bbeed?s=96&d=mm&r=g\",\"url\":\"https:\\\/\\\/secure.gravatar.com\\\/avatar\\\/d4fe7459cfc51ff5129ce1a732bbef5928568b8092d412ef95611616376bbeed?s=96&d=mm&r=g\",\"contentUrl\":\"https:\\\/\\\/secure.gravatar.com\\\/avatar\\\/d4fe7459cfc51ff5129ce1a732bbef5928568b8092d412ef95611616376bbeed?s=96&d=mm&r=g\",\"caption\":\"f1000024\"},\"url\":\"https:\\\/\\\/cvinoticias.com\\\/v3\\\/author\\\/f1000024\\\/\"}]}<\/script>\n<!-- \/ Yoast SEO plugin. -->","yoast_head_json":{"title":"Esteban Bullrich: \u201cRecuperar la educaci\u00f3n tiene que ser una prioridad\u201d | CVI NOTICIAS","robots":{"index":"index","follow":"follow","max-snippet":"max-snippet:-1","max-image-preview":"max-image-preview:large","max-video-preview":"max-video-preview:-1"},"canonical":"https:\/\/cvinoticias.com\/v3\/esteban-bullrich-recuperar-la-educacion-tiene-que-ser-una-prioridad\/","og_locale":"es_ES","og_type":"article","og_title":"Esteban Bullrich: \u201cRecuperar la educaci\u00f3n tiene que ser una prioridad\u201d | CVI NOTICIAS","og_description":"\u00abLo que perdimos en t\u00e9rminos educativos durante la pandemia es incalculable y recuperarlo tiene que ser una prioridad. Preocupados por la salud de los chicos, nunca se tuvo en cuenta el perjuicio real en su formaci\u00f3n y su socializaci\u00f3n. Se debi\u00f3 ser m\u00e1s prudente y ponderar los riesgos. Ahora, a dedicarse a solucionarlo\u00bb , afirm\u00f3 [&hellip;]","og_url":"https:\/\/cvinoticias.com\/v3\/esteban-bullrich-recuperar-la-educacion-tiene-que-ser-una-prioridad\/","og_site_name":"CVI NOTICIAS","article_publisher":"https:\/\/www.facebook.com\/cvinoticias","article_published_time":"2021-08-26T17:07:45+00:00","og_image":[{"width":780,"height":1040,"url":"https:\/\/cvinoticias.com\/wp-content\/uploads\/2021\/08\/IMG-20210826-WA0178.jpg","type":"image\/jpeg"}],"author":"f1000024","twitter_card":"summary_large_image","twitter_misc":{"Escrito por":"f1000024","Tiempo de lectura":"2 minutos"},"schema":{"@context":"https:\/\/schema.org","@graph":[{"@type":"Article","@id":"https:\/\/cvinoticias.com\/v3\/esteban-bullrich-recuperar-la-educacion-tiene-que-ser-una-prioridad\/#article","isPartOf":{"@id":"https:\/\/cvinoticias.com\/v3\/esteban-bullrich-recuperar-la-educacion-tiene-que-ser-una-prioridad\/"},"author":{"name":"f1000024","@id":"https:\/\/cvinoticias.com\/v3\/#\/schema\/person\/2db77e3c6bc03c538495d7b2b8be9b66"},"headline":"Esteban Bullrich: \u201cRecuperar la educaci\u00f3n tiene que ser una prioridad\u201d","datePublished":"2021-08-26T17:07:45+00:00","mainEntityOfPage":{"@id":"https:\/\/cvinoticias.com\/v3\/esteban-bullrich-recuperar-la-educacion-tiene-que-ser-una-prioridad\/"},"wordCount":465,"commentCount":0,"publisher":{"@id":"https:\/\/cvinoticias.com\/v3\/#organization"},"image":{"@id":"https:\/\/cvinoticias.com\/v3\/esteban-bullrich-recuperar-la-educacion-tiene-que-ser-una-prioridad\/#primaryimage"},"thumbnailUrl":"https:\/\/cvinoticias.com\/wp-content\/uploads\/2021\/08\/IMG-20210826-WA0178.jpg","articleSection":["Politica"],"inLanguage":"es","potentialAction":[{"@type":"CommentAction","name":"Comment","target":["https:\/\/cvinoticias.com\/v3\/esteban-bullrich-recuperar-la-educacion-tiene-que-ser-una-prioridad\/#respond"]}]},{"@type":"WebPage","@id":"https:\/\/cvinoticias.com\/v3\/esteban-bullrich-recuperar-la-educacion-tiene-que-ser-una-prioridad\/","url":"https:\/\/cvinoticias.com\/v3\/esteban-bullrich-recuperar-la-educacion-tiene-que-ser-una-prioridad\/","name":"Esteban Bullrich: \u201cRecuperar la educaci\u00f3n tiene que ser una prioridad\u201d | CVI NOTICIAS","isPartOf":{"@id":"https:\/\/cvinoticias.com\/v3\/#website"},"primaryImageOfPage":{"@id":"https:\/\/cvinoticias.com\/v3\/esteban-bullrich-recuperar-la-educacion-tiene-que-ser-una-prioridad\/#primaryimage"},"image":{"@id":"https:\/\/cvinoticias.com\/v3\/esteban-bullrich-recuperar-la-educacion-tiene-que-ser-una-prioridad\/#primaryimage"},"thumbnailUrl":"https:\/\/cvinoticias.com\/wp-content\/uploads\/2021\/08\/IMG-20210826-WA0178.jpg","datePublished":"2021-08-26T17:07:45+00:00","breadcrumb":{"@id":"https:\/\/cvinoticias.com\/v3\/esteban-bullrich-recuperar-la-educacion-tiene-que-ser-una-prioridad\/#breadcrumb"},"inLanguage":"es","potentialAction":[{"@type":"ReadAction","target":["https:\/\/cvinoticias.com\/v3\/esteban-bullrich-recuperar-la-educacion-tiene-que-ser-una-prioridad\/"]}]},{"@type":"ImageObject","inLanguage":"es","@id":"https:\/\/cvinoticias.com\/v3\/esteban-bullrich-recuperar-la-educacion-tiene-que-ser-una-prioridad\/#primaryimage","url":"https:\/\/cvinoticias.com\/wp-content\/uploads\/2021\/08\/IMG-20210826-WA0178.jpg","contentUrl":"https:\/\/cvinoticias.com\/wp-content\/uploads\/2021\/08\/IMG-20210826-WA0178.jpg","width":780,"height":1040},{"@type":"BreadcrumbList","@id":"https:\/\/cvinoticias.com\/v3\/esteban-bullrich-recuperar-la-educacion-tiene-que-ser-una-prioridad\/#breadcrumb","itemListElement":[{"@type":"ListItem","position":1,"name":"Portada","item":"https:\/\/cvinoticias.com\/v3\/"},{"@type":"ListItem","position":2,"name":"Esteban Bullrich: \u201cRecuperar la educaci\u00f3n tiene que ser una prioridad\u201d"}]},{"@type":"WebSite","@id":"https:\/\/cvinoticias.com\/v3\/#website","url":"https:\/\/cvinoticias.com\/v3\/","name":"CVI NOTICIAS","description":"","publisher":{"@id":"https:\/\/cvinoticias.com\/v3\/#organization"},"alternateName":"CVI","potentialAction":[{"@type":"SearchAction","target":{"@type":"EntryPoint","urlTemplate":"https:\/\/cvinoticias.com\/v3\/?s={search_term_string}"},"query-input":{"@type":"PropertyValueSpecification","valueRequired":true,"valueName":"search_term_string"}}],"inLanguage":"es"},{"@type":"Organization","@id":"https:\/\/cvinoticias.com\/v3\/#organization","name":"CVI NOTICIAS","url":"https:\/\/cvinoticias.com\/v3\/","logo":{"@type":"ImageObject","inLanguage":"es","@id":"https:\/\/cvinoticias.com\/v3\/#\/schema\/logo\/image\/","url":"https:\/\/cvinoticias.com\/wp-content\/uploads\/2023\/04\/cropped-cropped-cropped-cropped-cropped-3-1.png","contentUrl":"https:\/\/cvinoticias.com\/wp-content\/uploads\/2023\/04\/cropped-cropped-cropped-cropped-cropped-3-1.png","width":95,"height":122,"caption":"CVI NOTICIAS"},"image":{"@id":"https:\/\/cvinoticias.com\/v3\/#\/schema\/logo\/image\/"},"sameAs":["https:\/\/www.facebook.com\/cvinoticias","https:\/\/www.instagram.com\/cvinoticias\/","https:\/\/www.youtube.com\/@CVINOTICIAS"]},{"@type":"Person","@id":"https:\/\/cvinoticias.com\/v3\/#\/schema\/person\/2db77e3c6bc03c538495d7b2b8be9b66","name":"f1000024","image":{"@type":"ImageObject","inLanguage":"es","@id":"https:\/\/secure.gravatar.com\/avatar\/d4fe7459cfc51ff5129ce1a732bbef5928568b8092d412ef95611616376bbeed?s=96&d=mm&r=g","url":"https:\/\/secure.gravatar.com\/avatar\/d4fe7459cfc51ff5129ce1a732bbef5928568b8092d412ef95611616376bbeed?s=96&d=mm&r=g","contentUrl":"https:\/\/secure.gravatar.com\/avatar\/d4fe7459cfc51ff5129ce1a732bbef5928568b8092d412ef95611616376bbeed?s=96&d=mm&r=g","caption":"f1000024"},"url":"https:\/\/cvinoticias.com\/v3\/author\/f1000024\/"}]}},"_links":{"self":[{"href":"https:\/\/cvinoticias.com\/v3\/wp-json\/wp\/v2\/posts\/7961","targetHints":{"allow":["GET"]}}],"collection":[{"href":"https:\/\/cvinoticias.com\/v3\/wp-json\/wp\/v2\/posts"}],"about":[{"href":"https:\/\/cvinoticias.com\/v3\/wp-json\/wp\/v2\/types\/post"}],"author":[{"embeddable":true,"href":"https:\/\/cvinoticias.com\/v3\/wp-json\/wp\/v2\/users\/2"}],"replies":[{"embeddable":true,"href":"https:\/\/cvinoticias.com\/v3\/wp-json\/wp\/v2\/comments?post=7961"}],"version-history":[{"count":1,"href":"https:\/\/cvinoticias.com\/v3\/wp-json\/wp\/v2\/posts\/7961\/revisions"}],"predecessor-version":[{"id":7964,"href":"https:\/\/cvinoticias.com\/v3\/wp-json\/wp\/v2\/posts\/7961\/revisions\/7964"}],"wp:featuredmedia":[{"embeddable":true,"href":"https:\/\/cvinoticias.com\/v3\/wp-json\/wp\/v2\/media\/7962"}],"wp:attachment":[{"href":"https:\/\/cvinoticias.com\/v3\/wp-json\/wp\/v2\/media?parent=7961"}],"wp:term":[{"taxonomy":"category","embeddable":true,"href":"https:\/\/cvinoticias.com\/v3\/wp-json\/wp\/v2\/categories?post=7961"},{"taxonomy":"post_tag","embeddable":true,"href":"https:\/\/cvinoticias.com\/v3\/wp-json\/wp\/v2\/tags?post=7961"}],"curies":[{"name":"wp","href":"https:\/\/api.w.org\/{rel}","templated":true}]}}