{"id":7944,"date":"2021-08-26T10:02:23","date_gmt":"2021-08-26T10:02:23","guid":{"rendered":"https:\/\/cvinoticias.com\/v3\/?p=7944"},"modified":"2021-08-26T10:02:23","modified_gmt":"2021-08-26T10:02:23","slug":"reduciran-a-90-centimetros-el-distanciamiento-en-las-aulas-para-aumentar-la-presencialidad","status":"publish","type":"post","link":"https:\/\/cvinoticias.com\/v3\/reduciran-a-90-centimetros-el-distanciamiento-en-las-aulas-para-aumentar-la-presencialidad\/","title":{"rendered":"Reducir\u00e1n a 90 cent\u00edmetros el distanciamiento en las aulas para aumentar la presencialidad"},"content":{"rendered":"\n<p><strong>El Consejo Federal de Educaci\u00f3n aprobar\u00e1 este jueves los cambios en el protocolo de regreso a las clases presenciales.<\/strong><\/p>\n\n\n\n<p>Tras\u00a0la reuni\u00f3n del lunes con los expertos,\u00a0el Gobierno nacional tiene decidido reducir a 90 cent\u00edmetros el distanciamiento en las aulas para permitir una mayor presencialidad de chicos a las clases, en el marco de las medidas sanitarias por la pandemia de coronavirus.<\/p>\n\n\n\n<p>El tema ser\u00e1 discutido y analizado este jueves por la tarde, en una reuni\u00f3n del Consejo Federal de Educaci\u00f3n, que re\u00fane a todos los ministros provinciales, y todo indica que el nuevo criterio ser\u00e1 aprobado.<\/p>\n\n\n\n<p>En ese \u00e1mbito,\u00a0el ministro de Educaci\u00f3n de la Naci\u00f3n, Nicol\u00e1s Trotta, expondr\u00e1 tres \u201ccondiciones\u201d que permitir\u00e1n que los estudiantes vuelvan a concurrir todos los d\u00edas a la escuela.<\/p>\n\n\n\n<p><strong>Estos diferentes escenarios son:<\/strong><\/p>\n\n\n\n<ul class=\"wp-block-list\"><li>Condici\u00f3n \u00f3ptima:\u00a0las escuelas que puedan asegurar la presencialidad completa manteniendo un distanciamiento f\u00edsico de 1,5 metros entre estudiantes deber\u00e1n seguir haci\u00e9ndolo. \u201cPara mantener esta distancia es necesario aprovechar al m\u00e1ximo el mobiliario escolar en toda su extensi\u00f3n\u201d, advierten.<\/li><li>Condici\u00f3n admisible: en caso de que no sea posible asegurar la presencialidad plena, se tomar\u00e1 una distancia f\u00edsica de 90 cent\u00edmetros entre estudiantes en las aulas, sin dejar de sostener la exigencia de 2 metros en los espacios comunes y con el cuerpo docente.\u00a0\u201cEn este caso, aumenta el requisito de ventilaci\u00f3n, no solamente manteniendo abiertas ventanas y puertas sino incrementando el tiempo de ventilaci\u00f3n entre clases\u201d, recomiendan.<\/li><li>Excepciones:\u00a0cuando no alcance esa reducacci\u00f3n de la distancia, se abre una excepci\u00f3n.\u00a0En contextos de bajo riesgo epidemiol\u00f3gico y vacunaci\u00f3n avanzada se permitir\u00e1 acortar a\u00fan m\u00e1s la distancia para que todos los chicos est\u00e9n en el aula.<\/li><\/ul>\n\n\n\n<p>No obstante,\u00a0la excepci\u00f3n trae aparejada otras medidas obligatorias adicionales: los testeos a la comunidad escolar, el uso de doble y triple barbijo, que la superficie m\u00ednima por estudiante en el aula sea de un metro cuadrado,\u00a0realizar el rastreo de contactos en el caso de aparici\u00f3n de s\u00edntomas, la utilizaci\u00f3n de medidores de CO2, el control de las condiciones sanitarias de la localidad y la obligaci\u00f3n de informar los par\u00e1metros de los testeos semanalmente en la plataforma Cuidar Escuelas.<\/p>\n\n\n\n<p>Hasta hoy, todo el pa\u00eds trabaja con modalidad alternada. Solo la Ciudad de Buenos Aires y Mendoza avanzaron en forma gradual hacia la presencialidad plena quitando la exigencia del distanciamiento. En el resto de las provincias persiste el sistema de \u201cburbujas\u201d.<\/p>\n\n\n\n<p>\u201cA partir de lo que ha sido la mejora de los indicadores sanitarios y epidemiol\u00f3gicos en las \u00faltimas 13 semanas y el avance del proceso de vacunaci\u00f3n, hemos avanzado con aval de las y los especialistas en esta propuesta que nos permitir\u00e1 continuar intensificando los niveles de presencialidad\u201d, se\u00f1al\u00f3 Trotta el lunes.<\/p>\n","protected":false},"excerpt":{"rendered":"<p>El Consejo Federal de Educaci\u00f3n aprobar\u00e1 este jueves los cambios en el protocolo de regreso a las clases presenciales. Tras\u00a0la reuni\u00f3n del lunes con los expertos,\u00a0el Gobierno nacional tiene decidido reducir a 90 cent\u00edmetros el distanciamiento en las aulas para permitir una mayor presencialidad de chicos a las clases, en el marco de las medidas [&hellip;]<\/p>\n","protected":false},"author":2,"featured_media":7945,"comment_status":"open","ping_status":"open","sticky":false,"template":"","format":"standard","meta":{"footnotes":""},"categories":[26],"tags":[],"class_list":["post-7944","post","type-post","status-publish","format-standard","has-post-thumbnail","hentry","category-educacion"],"yoast_head":"<!-- This site is optimized with the Yoast SEO plugin v27.4 - https:\/\/yoast.com\/product\/yoast-seo-wordpress\/ -->\n<title>Reducir\u00e1n a 90 cent\u00edmetros el distanciamiento en las aulas para aumentar la presencialidad | CVI NOTICIAS<\/title>\n<meta name=\"robots\" content=\"index, follow, max-snippet:-1, max-image-preview:large, max-video-preview:-1\" \/>\n<link rel=\"canonical\" href=\"https:\/\/cvinoticias.com\/v3\/reduciran-a-90-centimetros-el-distanciamiento-en-las-aulas-para-aumentar-la-presencialidad\/\" \/>\n<meta property=\"og:locale\" content=\"es_ES\" \/>\n<meta property=\"og:type\" content=\"article\" \/>\n<meta property=\"og:title\" content=\"Reducir\u00e1n a 90 cent\u00edmetros el distanciamiento en las aulas para aumentar la presencialidad | CVI NOTICIAS\" \/>\n<meta property=\"og:description\" content=\"El Consejo Federal de Educaci\u00f3n aprobar\u00e1 este jueves los cambios en el protocolo de regreso a las clases presenciales. Tras\u00a0la reuni\u00f3n del lunes con los expertos,\u00a0el Gobierno nacional tiene decidido reducir a 90 cent\u00edmetros el distanciamiento en las aulas para permitir una mayor presencialidad de chicos a las clases, en el marco de las medidas [&hellip;]\" \/>\n<meta property=\"og:url\" content=\"https:\/\/cvinoticias.com\/v3\/reduciran-a-90-centimetros-el-distanciamiento-en-las-aulas-para-aumentar-la-presencialidad\/\" \/>\n<meta property=\"og:site_name\" content=\"CVI NOTICIAS\" \/>\n<meta property=\"article:publisher\" content=\"https:\/\/www.facebook.com\/cvinoticias\" \/>\n<meta property=\"article:published_time\" content=\"2021-08-26T10:02:23+00:00\" \/>\n<meta property=\"og:image\" content=\"https:\/\/cvinoticias.com\/wp-content\/uploads\/2021\/08\/images-6-3.jpeg\" \/>\n\t<meta property=\"og:image:width\" content=\"259\" \/>\n\t<meta property=\"og:image:height\" content=\"194\" \/>\n\t<meta property=\"og:image:type\" content=\"image\/jpeg\" \/>\n<meta name=\"author\" content=\"f1000024\" \/>\n<meta name=\"twitter:card\" content=\"summary_large_image\" \/>\n<meta name=\"twitter:label1\" content=\"Escrito por\" \/>\n\t<meta name=\"twitter:data1\" content=\"f1000024\" \/>\n\t<meta name=\"twitter:label2\" content=\"Tiempo de lectura\" \/>\n\t<meta name=\"twitter:data2\" content=\"2 minutos\" \/>\n<script type=\"application\/ld+json\" class=\"yoast-schema-graph\">{\"@context\":\"https:\\\/\\\/schema.org\",\"@graph\":[{\"@type\":\"Article\",\"@id\":\"https:\\\/\\\/cvinoticias.com\\\/v3\\\/reduciran-a-90-centimetros-el-distanciamiento-en-las-aulas-para-aumentar-la-presencialidad\\\/#article\",\"isPartOf\":{\"@id\":\"https:\\\/\\\/cvinoticias.com\\\/v3\\\/reduciran-a-90-centimetros-el-distanciamiento-en-las-aulas-para-aumentar-la-presencialidad\\\/\"},\"author\":{\"name\":\"f1000024\",\"@id\":\"https:\\\/\\\/cvinoticias.com\\\/v3\\\/#\\\/schema\\\/person\\\/2db77e3c6bc03c538495d7b2b8be9b66\"},\"headline\":\"Reducir\u00e1n a 90 cent\u00edmetros el distanciamiento en las aulas para aumentar la presencialidad\",\"datePublished\":\"2021-08-26T10:02:23+00:00\",\"mainEntityOfPage\":{\"@id\":\"https:\\\/\\\/cvinoticias.com\\\/v3\\\/reduciran-a-90-centimetros-el-distanciamiento-en-las-aulas-para-aumentar-la-presencialidad\\\/\"},\"wordCount\":498,\"commentCount\":0,\"publisher\":{\"@id\":\"https:\\\/\\\/cvinoticias.com\\\/v3\\\/#organization\"},\"image\":{\"@id\":\"https:\\\/\\\/cvinoticias.com\\\/v3\\\/reduciran-a-90-centimetros-el-distanciamiento-en-las-aulas-para-aumentar-la-presencialidad\\\/#primaryimage\"},\"thumbnailUrl\":\"https:\\\/\\\/cvinoticias.com\\\/wp-content\\\/uploads\\\/2021\\\/08\\\/images-6-3.jpeg\",\"articleSection\":[\"Educacion\"],\"inLanguage\":\"es\",\"potentialAction\":[{\"@type\":\"CommentAction\",\"name\":\"Comment\",\"target\":[\"https:\\\/\\\/cvinoticias.com\\\/v3\\\/reduciran-a-90-centimetros-el-distanciamiento-en-las-aulas-para-aumentar-la-presencialidad\\\/#respond\"]}]},{\"@type\":\"WebPage\",\"@id\":\"https:\\\/\\\/cvinoticias.com\\\/v3\\\/reduciran-a-90-centimetros-el-distanciamiento-en-las-aulas-para-aumentar-la-presencialidad\\\/\",\"url\":\"https:\\\/\\\/cvinoticias.com\\\/v3\\\/reduciran-a-90-centimetros-el-distanciamiento-en-las-aulas-para-aumentar-la-presencialidad\\\/\",\"name\":\"Reducir\u00e1n a 90 cent\u00edmetros el distanciamiento en las aulas para aumentar la presencialidad | CVI NOTICIAS\",\"isPartOf\":{\"@id\":\"https:\\\/\\\/cvinoticias.com\\\/v3\\\/#website\"},\"primaryImageOfPage\":{\"@id\":\"https:\\\/\\\/cvinoticias.com\\\/v3\\\/reduciran-a-90-centimetros-el-distanciamiento-en-las-aulas-para-aumentar-la-presencialidad\\\/#primaryimage\"},\"image\":{\"@id\":\"https:\\\/\\\/cvinoticias.com\\\/v3\\\/reduciran-a-90-centimetros-el-distanciamiento-en-las-aulas-para-aumentar-la-presencialidad\\\/#primaryimage\"},\"thumbnailUrl\":\"https:\\\/\\\/cvinoticias.com\\\/wp-content\\\/uploads\\\/2021\\\/08\\\/images-6-3.jpeg\",\"datePublished\":\"2021-08-26T10:02:23+00:00\",\"breadcrumb\":{\"@id\":\"https:\\\/\\\/cvinoticias.com\\\/v3\\\/reduciran-a-90-centimetros-el-distanciamiento-en-las-aulas-para-aumentar-la-presencialidad\\\/#breadcrumb\"},\"inLanguage\":\"es\",\"potentialAction\":[{\"@type\":\"ReadAction\",\"target\":[\"https:\\\/\\\/cvinoticias.com\\\/v3\\\/reduciran-a-90-centimetros-el-distanciamiento-en-las-aulas-para-aumentar-la-presencialidad\\\/\"]}]},{\"@type\":\"ImageObject\",\"inLanguage\":\"es\",\"@id\":\"https:\\\/\\\/cvinoticias.com\\\/v3\\\/reduciran-a-90-centimetros-el-distanciamiento-en-las-aulas-para-aumentar-la-presencialidad\\\/#primaryimage\",\"url\":\"https:\\\/\\\/cvinoticias.com\\\/wp-content\\\/uploads\\\/2021\\\/08\\\/images-6-3.jpeg\",\"contentUrl\":\"https:\\\/\\\/cvinoticias.com\\\/wp-content\\\/uploads\\\/2021\\\/08\\\/images-6-3.jpeg\",\"width\":259,\"height\":194},{\"@type\":\"BreadcrumbList\",\"@id\":\"https:\\\/\\\/cvinoticias.com\\\/v3\\\/reduciran-a-90-centimetros-el-distanciamiento-en-las-aulas-para-aumentar-la-presencialidad\\\/#breadcrumb\",\"itemListElement\":[{\"@type\":\"ListItem\",\"position\":1,\"name\":\"Portada\",\"item\":\"https:\\\/\\\/cvinoticias.com\\\/v3\\\/\"},{\"@type\":\"ListItem\",\"position\":2,\"name\":\"Reducir\u00e1n a 90 cent\u00edmetros el distanciamiento en las aulas para aumentar la presencialidad\"}]},{\"@type\":\"WebSite\",\"@id\":\"https:\\\/\\\/cvinoticias.com\\\/v3\\\/#website\",\"url\":\"https:\\\/\\\/cvinoticias.com\\\/v3\\\/\",\"name\":\"CVI NOTICIAS\",\"description\":\"\",\"publisher\":{\"@id\":\"https:\\\/\\\/cvinoticias.com\\\/v3\\\/#organization\"},\"alternateName\":\"CVI\",\"potentialAction\":[{\"@type\":\"SearchAction\",\"target\":{\"@type\":\"EntryPoint\",\"urlTemplate\":\"https:\\\/\\\/cvinoticias.com\\\/v3\\\/?s={search_term_string}\"},\"query-input\":{\"@type\":\"PropertyValueSpecification\",\"valueRequired\":true,\"valueName\":\"search_term_string\"}}],\"inLanguage\":\"es\"},{\"@type\":\"Organization\",\"@id\":\"https:\\\/\\\/cvinoticias.com\\\/v3\\\/#organization\",\"name\":\"CVI NOTICIAS\",\"url\":\"https:\\\/\\\/cvinoticias.com\\\/v3\\\/\",\"logo\":{\"@type\":\"ImageObject\",\"inLanguage\":\"es\",\"@id\":\"https:\\\/\\\/cvinoticias.com\\\/v3\\\/#\\\/schema\\\/logo\\\/image\\\/\",\"url\":\"https:\\\/\\\/cvinoticias.com\\\/wp-content\\\/uploads\\\/2023\\\/04\\\/cropped-cropped-cropped-cropped-cropped-3-1.png\",\"contentUrl\":\"https:\\\/\\\/cvinoticias.com\\\/wp-content\\\/uploads\\\/2023\\\/04\\\/cropped-cropped-cropped-cropped-cropped-3-1.png\",\"width\":95,\"height\":122,\"caption\":\"CVI NOTICIAS\"},\"image\":{\"@id\":\"https:\\\/\\\/cvinoticias.com\\\/v3\\\/#\\\/schema\\\/logo\\\/image\\\/\"},\"sameAs\":[\"https:\\\/\\\/www.facebook.com\\\/cvinoticias\",\"https:\\\/\\\/www.instagram.com\\\/cvinoticias\\\/\",\"https:\\\/\\\/www.youtube.com\\\/@CVINOTICIAS\"]},{\"@type\":\"Person\",\"@id\":\"https:\\\/\\\/cvinoticias.com\\\/v3\\\/#\\\/schema\\\/person\\\/2db77e3c6bc03c538495d7b2b8be9b66\",\"name\":\"f1000024\",\"image\":{\"@type\":\"ImageObject\",\"inLanguage\":\"es\",\"@id\":\"https:\\\/\\\/secure.gravatar.com\\\/avatar\\\/d4fe7459cfc51ff5129ce1a732bbef5928568b8092d412ef95611616376bbeed?s=96&d=mm&r=g\",\"url\":\"https:\\\/\\\/secure.gravatar.com\\\/avatar\\\/d4fe7459cfc51ff5129ce1a732bbef5928568b8092d412ef95611616376bbeed?s=96&d=mm&r=g\",\"contentUrl\":\"https:\\\/\\\/secure.gravatar.com\\\/avatar\\\/d4fe7459cfc51ff5129ce1a732bbef5928568b8092d412ef95611616376bbeed?s=96&d=mm&r=g\",\"caption\":\"f1000024\"},\"url\":\"https:\\\/\\\/cvinoticias.com\\\/v3\\\/author\\\/f1000024\\\/\"}]}<\/script>\n<!-- \/ Yoast SEO plugin. -->","yoast_head_json":{"title":"Reducir\u00e1n a 90 cent\u00edmetros el distanciamiento en las aulas para aumentar la presencialidad | CVI NOTICIAS","robots":{"index":"index","follow":"follow","max-snippet":"max-snippet:-1","max-image-preview":"max-image-preview:large","max-video-preview":"max-video-preview:-1"},"canonical":"https:\/\/cvinoticias.com\/v3\/reduciran-a-90-centimetros-el-distanciamiento-en-las-aulas-para-aumentar-la-presencialidad\/","og_locale":"es_ES","og_type":"article","og_title":"Reducir\u00e1n a 90 cent\u00edmetros el distanciamiento en las aulas para aumentar la presencialidad | CVI NOTICIAS","og_description":"El Consejo Federal de Educaci\u00f3n aprobar\u00e1 este jueves los cambios en el protocolo de regreso a las clases presenciales. Tras\u00a0la reuni\u00f3n del lunes con los expertos,\u00a0el Gobierno nacional tiene decidido reducir a 90 cent\u00edmetros el distanciamiento en las aulas para permitir una mayor presencialidad de chicos a las clases, en el marco de las medidas [&hellip;]","og_url":"https:\/\/cvinoticias.com\/v3\/reduciran-a-90-centimetros-el-distanciamiento-en-las-aulas-para-aumentar-la-presencialidad\/","og_site_name":"CVI NOTICIAS","article_publisher":"https:\/\/www.facebook.com\/cvinoticias","article_published_time":"2021-08-26T10:02:23+00:00","og_image":[{"width":259,"height":194,"url":"https:\/\/cvinoticias.com\/wp-content\/uploads\/2021\/08\/images-6-3.jpeg","type":"image\/jpeg"}],"author":"f1000024","twitter_card":"summary_large_image","twitter_misc":{"Escrito por":"f1000024","Tiempo de lectura":"2 minutos"},"schema":{"@context":"https:\/\/schema.org","@graph":[{"@type":"Article","@id":"https:\/\/cvinoticias.com\/v3\/reduciran-a-90-centimetros-el-distanciamiento-en-las-aulas-para-aumentar-la-presencialidad\/#article","isPartOf":{"@id":"https:\/\/cvinoticias.com\/v3\/reduciran-a-90-centimetros-el-distanciamiento-en-las-aulas-para-aumentar-la-presencialidad\/"},"author":{"name":"f1000024","@id":"https:\/\/cvinoticias.com\/v3\/#\/schema\/person\/2db77e3c6bc03c538495d7b2b8be9b66"},"headline":"Reducir\u00e1n a 90 cent\u00edmetros el distanciamiento en las aulas para aumentar la presencialidad","datePublished":"2021-08-26T10:02:23+00:00","mainEntityOfPage":{"@id":"https:\/\/cvinoticias.com\/v3\/reduciran-a-90-centimetros-el-distanciamiento-en-las-aulas-para-aumentar-la-presencialidad\/"},"wordCount":498,"commentCount":0,"publisher":{"@id":"https:\/\/cvinoticias.com\/v3\/#organization"},"image":{"@id":"https:\/\/cvinoticias.com\/v3\/reduciran-a-90-centimetros-el-distanciamiento-en-las-aulas-para-aumentar-la-presencialidad\/#primaryimage"},"thumbnailUrl":"https:\/\/cvinoticias.com\/wp-content\/uploads\/2021\/08\/images-6-3.jpeg","articleSection":["Educacion"],"inLanguage":"es","potentialAction":[{"@type":"CommentAction","name":"Comment","target":["https:\/\/cvinoticias.com\/v3\/reduciran-a-90-centimetros-el-distanciamiento-en-las-aulas-para-aumentar-la-presencialidad\/#respond"]}]},{"@type":"WebPage","@id":"https:\/\/cvinoticias.com\/v3\/reduciran-a-90-centimetros-el-distanciamiento-en-las-aulas-para-aumentar-la-presencialidad\/","url":"https:\/\/cvinoticias.com\/v3\/reduciran-a-90-centimetros-el-distanciamiento-en-las-aulas-para-aumentar-la-presencialidad\/","name":"Reducir\u00e1n a 90 cent\u00edmetros el distanciamiento en las aulas para aumentar la presencialidad | CVI NOTICIAS","isPartOf":{"@id":"https:\/\/cvinoticias.com\/v3\/#website"},"primaryImageOfPage":{"@id":"https:\/\/cvinoticias.com\/v3\/reduciran-a-90-centimetros-el-distanciamiento-en-las-aulas-para-aumentar-la-presencialidad\/#primaryimage"},"image":{"@id":"https:\/\/cvinoticias.com\/v3\/reduciran-a-90-centimetros-el-distanciamiento-en-las-aulas-para-aumentar-la-presencialidad\/#primaryimage"},"thumbnailUrl":"https:\/\/cvinoticias.com\/wp-content\/uploads\/2021\/08\/images-6-3.jpeg","datePublished":"2021-08-26T10:02:23+00:00","breadcrumb":{"@id":"https:\/\/cvinoticias.com\/v3\/reduciran-a-90-centimetros-el-distanciamiento-en-las-aulas-para-aumentar-la-presencialidad\/#breadcrumb"},"inLanguage":"es","potentialAction":[{"@type":"ReadAction","target":["https:\/\/cvinoticias.com\/v3\/reduciran-a-90-centimetros-el-distanciamiento-en-las-aulas-para-aumentar-la-presencialidad\/"]}]},{"@type":"ImageObject","inLanguage":"es","@id":"https:\/\/cvinoticias.com\/v3\/reduciran-a-90-centimetros-el-distanciamiento-en-las-aulas-para-aumentar-la-presencialidad\/#primaryimage","url":"https:\/\/cvinoticias.com\/wp-content\/uploads\/2021\/08\/images-6-3.jpeg","contentUrl":"https:\/\/cvinoticias.com\/wp-content\/uploads\/2021\/08\/images-6-3.jpeg","width":259,"height":194},{"@type":"BreadcrumbList","@id":"https:\/\/cvinoticias.com\/v3\/reduciran-a-90-centimetros-el-distanciamiento-en-las-aulas-para-aumentar-la-presencialidad\/#breadcrumb","itemListElement":[{"@type":"ListItem","position":1,"name":"Portada","item":"https:\/\/cvinoticias.com\/v3\/"},{"@type":"ListItem","position":2,"name":"Reducir\u00e1n a 90 cent\u00edmetros el distanciamiento en las aulas para aumentar la presencialidad"}]},{"@type":"WebSite","@id":"https:\/\/cvinoticias.com\/v3\/#website","url":"https:\/\/cvinoticias.com\/v3\/","name":"CVI NOTICIAS","description":"","publisher":{"@id":"https:\/\/cvinoticias.com\/v3\/#organization"},"alternateName":"CVI","potentialAction":[{"@type":"SearchAction","target":{"@type":"EntryPoint","urlTemplate":"https:\/\/cvinoticias.com\/v3\/?s={search_term_string}"},"query-input":{"@type":"PropertyValueSpecification","valueRequired":true,"valueName":"search_term_string"}}],"inLanguage":"es"},{"@type":"Organization","@id":"https:\/\/cvinoticias.com\/v3\/#organization","name":"CVI NOTICIAS","url":"https:\/\/cvinoticias.com\/v3\/","logo":{"@type":"ImageObject","inLanguage":"es","@id":"https:\/\/cvinoticias.com\/v3\/#\/schema\/logo\/image\/","url":"https:\/\/cvinoticias.com\/wp-content\/uploads\/2023\/04\/cropped-cropped-cropped-cropped-cropped-3-1.png","contentUrl":"https:\/\/cvinoticias.com\/wp-content\/uploads\/2023\/04\/cropped-cropped-cropped-cropped-cropped-3-1.png","width":95,"height":122,"caption":"CVI NOTICIAS"},"image":{"@id":"https:\/\/cvinoticias.com\/v3\/#\/schema\/logo\/image\/"},"sameAs":["https:\/\/www.facebook.com\/cvinoticias","https:\/\/www.instagram.com\/cvinoticias\/","https:\/\/www.youtube.com\/@CVINOTICIAS"]},{"@type":"Person","@id":"https:\/\/cvinoticias.com\/v3\/#\/schema\/person\/2db77e3c6bc03c538495d7b2b8be9b66","name":"f1000024","image":{"@type":"ImageObject","inLanguage":"es","@id":"https:\/\/secure.gravatar.com\/avatar\/d4fe7459cfc51ff5129ce1a732bbef5928568b8092d412ef95611616376bbeed?s=96&d=mm&r=g","url":"https:\/\/secure.gravatar.com\/avatar\/d4fe7459cfc51ff5129ce1a732bbef5928568b8092d412ef95611616376bbeed?s=96&d=mm&r=g","contentUrl":"https:\/\/secure.gravatar.com\/avatar\/d4fe7459cfc51ff5129ce1a732bbef5928568b8092d412ef95611616376bbeed?s=96&d=mm&r=g","caption":"f1000024"},"url":"https:\/\/cvinoticias.com\/v3\/author\/f1000024\/"}]}},"_links":{"self":[{"href":"https:\/\/cvinoticias.com\/v3\/wp-json\/wp\/v2\/posts\/7944","targetHints":{"allow":["GET"]}}],"collection":[{"href":"https:\/\/cvinoticias.com\/v3\/wp-json\/wp\/v2\/posts"}],"about":[{"href":"https:\/\/cvinoticias.com\/v3\/wp-json\/wp\/v2\/types\/post"}],"author":[{"embeddable":true,"href":"https:\/\/cvinoticias.com\/v3\/wp-json\/wp\/v2\/users\/2"}],"replies":[{"embeddable":true,"href":"https:\/\/cvinoticias.com\/v3\/wp-json\/wp\/v2\/comments?post=7944"}],"version-history":[{"count":1,"href":"https:\/\/cvinoticias.com\/v3\/wp-json\/wp\/v2\/posts\/7944\/revisions"}],"predecessor-version":[{"id":7946,"href":"https:\/\/cvinoticias.com\/v3\/wp-json\/wp\/v2\/posts\/7944\/revisions\/7946"}],"wp:featuredmedia":[{"embeddable":true,"href":"https:\/\/cvinoticias.com\/v3\/wp-json\/wp\/v2\/media\/7945"}],"wp:attachment":[{"href":"https:\/\/cvinoticias.com\/v3\/wp-json\/wp\/v2\/media?parent=7944"}],"wp:term":[{"taxonomy":"category","embeddable":true,"href":"https:\/\/cvinoticias.com\/v3\/wp-json\/wp\/v2\/categories?post=7944"},{"taxonomy":"post_tag","embeddable":true,"href":"https:\/\/cvinoticias.com\/v3\/wp-json\/wp\/v2\/tags?post=7944"}],"curies":[{"name":"wp","href":"https:\/\/api.w.org\/{rel}","templated":true}]}}