{"id":7941,"date":"2021-08-25T20:53:36","date_gmt":"2021-08-25T20:53:36","guid":{"rendered":"https:\/\/cvinoticias.com\/v3\/?p=7941"},"modified":"2021-08-25T20:53:36","modified_gmt":"2021-08-25T20:53:36","slug":"buscan-crear-un-sistema-nacional-para-garantizar-el-derecho-a-la-prestacion-alimentaria-basica","status":"publish","type":"post","link":"https:\/\/cvinoticias.com\/v3\/buscan-crear-un-sistema-nacional-para-garantizar-el-derecho-a-la-prestacion-alimentaria-basica\/","title":{"rendered":"Buscan crear un sistema nacional para garantizar el derecho a la prestaci\u00f3n alimentaria b\u00e1sica"},"content":{"rendered":"\n<p><em><strong>Un proyecto de ley\u00a0busca crear un sistema nacional dirigido a garantizar el derecho fundamental a una prestaci\u00f3n alimentaria b\u00e1sica para menores de edad\u00a0que son hijos de padres separados.<\/strong><\/em><\/p>\n\n\n\n<p>La iniciativa fue presentada en Diputados por la diputada nacional del Frente de Todos Jimena L\u00f3pez.<\/p>\n\n\n\n<p>Lo que se propone es la creaci\u00f3n de un \u201cSistema Nacional de Prestaci\u00f3n Alimentaria B\u00e1sica Parental\u201d, mecanismo que implicar\u00eda una retenci\u00f3n y transferencia inmediata a la persona a cargo de hijos de padres separados.<\/p>\n\n\n\n<p>\u201cEl proyecto surge en respuesta a que,\u00a0al separarse, muchas madres se ven impedidas de acceder a la justicia para garantizar una prestaci\u00f3n alimentaria b\u00e1sica, mientras que las que llegan tienen que reclamar judicialmente durante mucho tiempo para poder fijar una cuota o lograr su actualizaci\u00f3n\u201d, se\u00f1ala un comunicado de la diputada.<\/p>\n\n\n\n<h4 class=\"wp-block-heading\"><strong>Una de cada cuatro mujeres<\/strong><\/h4>\n\n\n\n<p>De acuerdo a un informe del\u00a0Centro de Implementaci\u00f3n de Pol\u00edticas P\u00fablicas para la Equidad y el Crecimiento (CIPPEC),\u00a0en Argentina solo una de cada cuatro mujeres que no convive con el padre de sus hijos cuenta con los ingresos de la cuota alimentaria.<\/p>\n\n\n\n<p>\u201cEsto genera que las mujeres deban hacerse cargo del 100% del costo econ\u00f3mico que los alimentos de un ni\u00f1o o ni\u00f1a demandan, en muchos casos esto tambi\u00e9n configura violencia econ\u00f3mica o patrimonial contra las mujeres\u201d,\u00a0advierte L\u00f3pez.<\/p>\n","protected":false},"excerpt":{"rendered":"<p>Un proyecto de ley\u00a0busca crear un sistema nacional dirigido a garantizar el derecho fundamental a una prestaci\u00f3n alimentaria b\u00e1sica para menores de edad\u00a0que son hijos de padres separados. La iniciativa fue presentada en Diputados por la diputada nacional del Frente de Todos Jimena L\u00f3pez. Lo que se propone es la creaci\u00f3n de un \u201cSistema Nacional [&hellip;]<\/p>\n","protected":false},"author":2,"featured_media":7942,"comment_status":"open","ping_status":"open","sticky":false,"template":"","format":"standard","meta":{"footnotes":""},"categories":[35],"tags":[],"class_list":["post-7941","post","type-post","status-publish","format-standard","has-post-thumbnail","hentry","category-informacion-general"],"yoast_head":"<!-- This site is optimized with the Yoast SEO plugin v27.4 - https:\/\/yoast.com\/product\/yoast-seo-wordpress\/ -->\n<title>Buscan crear un sistema nacional para garantizar el derecho a la prestaci\u00f3n alimentaria b\u00e1sica | CVI NOTICIAS<\/title>\n<meta name=\"robots\" content=\"index, follow, max-snippet:-1, max-image-preview:large, max-video-preview:-1\" \/>\n<link rel=\"canonical\" href=\"https:\/\/cvinoticias.com\/v3\/buscan-crear-un-sistema-nacional-para-garantizar-el-derecho-a-la-prestacion-alimentaria-basica\/\" \/>\n<meta property=\"og:locale\" content=\"es_ES\" \/>\n<meta property=\"og:type\" content=\"article\" \/>\n<meta property=\"og:title\" content=\"Buscan crear un sistema nacional para garantizar el derecho a la prestaci\u00f3n alimentaria b\u00e1sica | CVI NOTICIAS\" \/>\n<meta property=\"og:description\" content=\"Un proyecto de ley\u00a0busca crear un sistema nacional dirigido a garantizar el derecho fundamental a una prestaci\u00f3n alimentaria b\u00e1sica para menores de edad\u00a0que son hijos de padres separados. La iniciativa fue presentada en Diputados por la diputada nacional del Frente de Todos Jimena L\u00f3pez. Lo que se propone es la creaci\u00f3n de un \u201cSistema Nacional [&hellip;]\" \/>\n<meta property=\"og:url\" content=\"https:\/\/cvinoticias.com\/v3\/buscan-crear-un-sistema-nacional-para-garantizar-el-derecho-a-la-prestacion-alimentaria-basica\/\" \/>\n<meta property=\"og:site_name\" content=\"CVI NOTICIAS\" \/>\n<meta property=\"article:publisher\" content=\"https:\/\/www.facebook.com\/cvinoticias\" \/>\n<meta property=\"article:published_time\" content=\"2021-08-25T20:53:36+00:00\" \/>\n<meta property=\"og:image\" content=\"https:\/\/cvinoticias.com\/wp-content\/uploads\/2021\/08\/3VPYMBKMJBGAJGGWQL2UJGM6BE.jpg\" \/>\n\t<meta property=\"og:image:width\" content=\"1200\" \/>\n\t<meta property=\"og:image:height\" content=\"675\" \/>\n\t<meta property=\"og:image:type\" content=\"image\/jpeg\" \/>\n<meta name=\"author\" content=\"f1000024\" \/>\n<meta name=\"twitter:card\" content=\"summary_large_image\" \/>\n<meta name=\"twitter:label1\" content=\"Escrito por\" \/>\n\t<meta name=\"twitter:data1\" content=\"f1000024\" \/>\n\t<meta name=\"twitter:label2\" content=\"Tiempo de lectura\" \/>\n\t<meta name=\"twitter:data2\" content=\"1 minuto\" \/>\n<script type=\"application\/ld+json\" class=\"yoast-schema-graph\">{\"@context\":\"https:\\\/\\\/schema.org\",\"@graph\":[{\"@type\":\"Article\",\"@id\":\"https:\\\/\\\/cvinoticias.com\\\/v3\\\/buscan-crear-un-sistema-nacional-para-garantizar-el-derecho-a-la-prestacion-alimentaria-basica\\\/#article\",\"isPartOf\":{\"@id\":\"https:\\\/\\\/cvinoticias.com\\\/v3\\\/buscan-crear-un-sistema-nacional-para-garantizar-el-derecho-a-la-prestacion-alimentaria-basica\\\/\"},\"author\":{\"name\":\"f1000024\",\"@id\":\"https:\\\/\\\/cvinoticias.com\\\/v3\\\/#\\\/schema\\\/person\\\/2db77e3c6bc03c538495d7b2b8be9b66\"},\"headline\":\"Buscan crear un sistema nacional para garantizar el derecho a la prestaci\u00f3n alimentaria b\u00e1sica\",\"datePublished\":\"2021-08-25T20:53:36+00:00\",\"mainEntityOfPage\":{\"@id\":\"https:\\\/\\\/cvinoticias.com\\\/v3\\\/buscan-crear-un-sistema-nacional-para-garantizar-el-derecho-a-la-prestacion-alimentaria-basica\\\/\"},\"wordCount\":254,\"commentCount\":0,\"publisher\":{\"@id\":\"https:\\\/\\\/cvinoticias.com\\\/v3\\\/#organization\"},\"image\":{\"@id\":\"https:\\\/\\\/cvinoticias.com\\\/v3\\\/buscan-crear-un-sistema-nacional-para-garantizar-el-derecho-a-la-prestacion-alimentaria-basica\\\/#primaryimage\"},\"thumbnailUrl\":\"https:\\\/\\\/cvinoticias.com\\\/wp-content\\\/uploads\\\/2021\\\/08\\\/3VPYMBKMJBGAJGGWQL2UJGM6BE.jpg\",\"articleSection\":[\"Informaci\u00f3n General\"],\"inLanguage\":\"es\",\"potentialAction\":[{\"@type\":\"CommentAction\",\"name\":\"Comment\",\"target\":[\"https:\\\/\\\/cvinoticias.com\\\/v3\\\/buscan-crear-un-sistema-nacional-para-garantizar-el-derecho-a-la-prestacion-alimentaria-basica\\\/#respond\"]}]},{\"@type\":\"WebPage\",\"@id\":\"https:\\\/\\\/cvinoticias.com\\\/v3\\\/buscan-crear-un-sistema-nacional-para-garantizar-el-derecho-a-la-prestacion-alimentaria-basica\\\/\",\"url\":\"https:\\\/\\\/cvinoticias.com\\\/v3\\\/buscan-crear-un-sistema-nacional-para-garantizar-el-derecho-a-la-prestacion-alimentaria-basica\\\/\",\"name\":\"Buscan crear un sistema nacional para garantizar el derecho a la prestaci\u00f3n alimentaria b\u00e1sica | CVI NOTICIAS\",\"isPartOf\":{\"@id\":\"https:\\\/\\\/cvinoticias.com\\\/v3\\\/#website\"},\"primaryImageOfPage\":{\"@id\":\"https:\\\/\\\/cvinoticias.com\\\/v3\\\/buscan-crear-un-sistema-nacional-para-garantizar-el-derecho-a-la-prestacion-alimentaria-basica\\\/#primaryimage\"},\"image\":{\"@id\":\"https:\\\/\\\/cvinoticias.com\\\/v3\\\/buscan-crear-un-sistema-nacional-para-garantizar-el-derecho-a-la-prestacion-alimentaria-basica\\\/#primaryimage\"},\"thumbnailUrl\":\"https:\\\/\\\/cvinoticias.com\\\/wp-content\\\/uploads\\\/2021\\\/08\\\/3VPYMBKMJBGAJGGWQL2UJGM6BE.jpg\",\"datePublished\":\"2021-08-25T20:53:36+00:00\",\"breadcrumb\":{\"@id\":\"https:\\\/\\\/cvinoticias.com\\\/v3\\\/buscan-crear-un-sistema-nacional-para-garantizar-el-derecho-a-la-prestacion-alimentaria-basica\\\/#breadcrumb\"},\"inLanguage\":\"es\",\"potentialAction\":[{\"@type\":\"ReadAction\",\"target\":[\"https:\\\/\\\/cvinoticias.com\\\/v3\\\/buscan-crear-un-sistema-nacional-para-garantizar-el-derecho-a-la-prestacion-alimentaria-basica\\\/\"]}]},{\"@type\":\"ImageObject\",\"inLanguage\":\"es\",\"@id\":\"https:\\\/\\\/cvinoticias.com\\\/v3\\\/buscan-crear-un-sistema-nacional-para-garantizar-el-derecho-a-la-prestacion-alimentaria-basica\\\/#primaryimage\",\"url\":\"https:\\\/\\\/cvinoticias.com\\\/wp-content\\\/uploads\\\/2021\\\/08\\\/3VPYMBKMJBGAJGGWQL2UJGM6BE.jpg\",\"contentUrl\":\"https:\\\/\\\/cvinoticias.com\\\/wp-content\\\/uploads\\\/2021\\\/08\\\/3VPYMBKMJBGAJGGWQL2UJGM6BE.jpg\",\"width\":1200,\"height\":675},{\"@type\":\"BreadcrumbList\",\"@id\":\"https:\\\/\\\/cvinoticias.com\\\/v3\\\/buscan-crear-un-sistema-nacional-para-garantizar-el-derecho-a-la-prestacion-alimentaria-basica\\\/#breadcrumb\",\"itemListElement\":[{\"@type\":\"ListItem\",\"position\":1,\"name\":\"Portada\",\"item\":\"https:\\\/\\\/cvinoticias.com\\\/v3\\\/\"},{\"@type\":\"ListItem\",\"position\":2,\"name\":\"Buscan crear un sistema nacional para garantizar el derecho a la prestaci\u00f3n alimentaria b\u00e1sica\"}]},{\"@type\":\"WebSite\",\"@id\":\"https:\\\/\\\/cvinoticias.com\\\/v3\\\/#website\",\"url\":\"https:\\\/\\\/cvinoticias.com\\\/v3\\\/\",\"name\":\"CVI NOTICIAS\",\"description\":\"\",\"publisher\":{\"@id\":\"https:\\\/\\\/cvinoticias.com\\\/v3\\\/#organization\"},\"alternateName\":\"CVI\",\"potentialAction\":[{\"@type\":\"SearchAction\",\"target\":{\"@type\":\"EntryPoint\",\"urlTemplate\":\"https:\\\/\\\/cvinoticias.com\\\/v3\\\/?s={search_term_string}\"},\"query-input\":{\"@type\":\"PropertyValueSpecification\",\"valueRequired\":true,\"valueName\":\"search_term_string\"}}],\"inLanguage\":\"es\"},{\"@type\":\"Organization\",\"@id\":\"https:\\\/\\\/cvinoticias.com\\\/v3\\\/#organization\",\"name\":\"CVI NOTICIAS\",\"url\":\"https:\\\/\\\/cvinoticias.com\\\/v3\\\/\",\"logo\":{\"@type\":\"ImageObject\",\"inLanguage\":\"es\",\"@id\":\"https:\\\/\\\/cvinoticias.com\\\/v3\\\/#\\\/schema\\\/logo\\\/image\\\/\",\"url\":\"https:\\\/\\\/cvinoticias.com\\\/wp-content\\\/uploads\\\/2023\\\/04\\\/cropped-cropped-cropped-cropped-cropped-3-1.png\",\"contentUrl\":\"https:\\\/\\\/cvinoticias.com\\\/wp-content\\\/uploads\\\/2023\\\/04\\\/cropped-cropped-cropped-cropped-cropped-3-1.png\",\"width\":95,\"height\":122,\"caption\":\"CVI NOTICIAS\"},\"image\":{\"@id\":\"https:\\\/\\\/cvinoticias.com\\\/v3\\\/#\\\/schema\\\/logo\\\/image\\\/\"},\"sameAs\":[\"https:\\\/\\\/www.facebook.com\\\/cvinoticias\",\"https:\\\/\\\/www.instagram.com\\\/cvinoticias\\\/\",\"https:\\\/\\\/www.youtube.com\\\/@CVINOTICIAS\"]},{\"@type\":\"Person\",\"@id\":\"https:\\\/\\\/cvinoticias.com\\\/v3\\\/#\\\/schema\\\/person\\\/2db77e3c6bc03c538495d7b2b8be9b66\",\"name\":\"f1000024\",\"image\":{\"@type\":\"ImageObject\",\"inLanguage\":\"es\",\"@id\":\"https:\\\/\\\/secure.gravatar.com\\\/avatar\\\/d4fe7459cfc51ff5129ce1a732bbef5928568b8092d412ef95611616376bbeed?s=96&d=mm&r=g\",\"url\":\"https:\\\/\\\/secure.gravatar.com\\\/avatar\\\/d4fe7459cfc51ff5129ce1a732bbef5928568b8092d412ef95611616376bbeed?s=96&d=mm&r=g\",\"contentUrl\":\"https:\\\/\\\/secure.gravatar.com\\\/avatar\\\/d4fe7459cfc51ff5129ce1a732bbef5928568b8092d412ef95611616376bbeed?s=96&d=mm&r=g\",\"caption\":\"f1000024\"},\"url\":\"https:\\\/\\\/cvinoticias.com\\\/v3\\\/author\\\/f1000024\\\/\"}]}<\/script>\n<!-- \/ Yoast SEO plugin. -->","yoast_head_json":{"title":"Buscan crear un sistema nacional para garantizar el derecho a la prestaci\u00f3n alimentaria b\u00e1sica | CVI NOTICIAS","robots":{"index":"index","follow":"follow","max-snippet":"max-snippet:-1","max-image-preview":"max-image-preview:large","max-video-preview":"max-video-preview:-1"},"canonical":"https:\/\/cvinoticias.com\/v3\/buscan-crear-un-sistema-nacional-para-garantizar-el-derecho-a-la-prestacion-alimentaria-basica\/","og_locale":"es_ES","og_type":"article","og_title":"Buscan crear un sistema nacional para garantizar el derecho a la prestaci\u00f3n alimentaria b\u00e1sica | CVI NOTICIAS","og_description":"Un proyecto de ley\u00a0busca crear un sistema nacional dirigido a garantizar el derecho fundamental a una prestaci\u00f3n alimentaria b\u00e1sica para menores de edad\u00a0que son hijos de padres separados. La iniciativa fue presentada en Diputados por la diputada nacional del Frente de Todos Jimena L\u00f3pez. Lo que se propone es la creaci\u00f3n de un \u201cSistema Nacional [&hellip;]","og_url":"https:\/\/cvinoticias.com\/v3\/buscan-crear-un-sistema-nacional-para-garantizar-el-derecho-a-la-prestacion-alimentaria-basica\/","og_site_name":"CVI NOTICIAS","article_publisher":"https:\/\/www.facebook.com\/cvinoticias","article_published_time":"2021-08-25T20:53:36+00:00","og_image":[{"width":1200,"height":675,"url":"https:\/\/cvinoticias.com\/wp-content\/uploads\/2021\/08\/3VPYMBKMJBGAJGGWQL2UJGM6BE.jpg","type":"image\/jpeg"}],"author":"f1000024","twitter_card":"summary_large_image","twitter_misc":{"Escrito por":"f1000024","Tiempo de lectura":"1 minuto"},"schema":{"@context":"https:\/\/schema.org","@graph":[{"@type":"Article","@id":"https:\/\/cvinoticias.com\/v3\/buscan-crear-un-sistema-nacional-para-garantizar-el-derecho-a-la-prestacion-alimentaria-basica\/#article","isPartOf":{"@id":"https:\/\/cvinoticias.com\/v3\/buscan-crear-un-sistema-nacional-para-garantizar-el-derecho-a-la-prestacion-alimentaria-basica\/"},"author":{"name":"f1000024","@id":"https:\/\/cvinoticias.com\/v3\/#\/schema\/person\/2db77e3c6bc03c538495d7b2b8be9b66"},"headline":"Buscan crear un sistema nacional para garantizar el derecho a la prestaci\u00f3n alimentaria b\u00e1sica","datePublished":"2021-08-25T20:53:36+00:00","mainEntityOfPage":{"@id":"https:\/\/cvinoticias.com\/v3\/buscan-crear-un-sistema-nacional-para-garantizar-el-derecho-a-la-prestacion-alimentaria-basica\/"},"wordCount":254,"commentCount":0,"publisher":{"@id":"https:\/\/cvinoticias.com\/v3\/#organization"},"image":{"@id":"https:\/\/cvinoticias.com\/v3\/buscan-crear-un-sistema-nacional-para-garantizar-el-derecho-a-la-prestacion-alimentaria-basica\/#primaryimage"},"thumbnailUrl":"https:\/\/cvinoticias.com\/wp-content\/uploads\/2021\/08\/3VPYMBKMJBGAJGGWQL2UJGM6BE.jpg","articleSection":["Informaci\u00f3n General"],"inLanguage":"es","potentialAction":[{"@type":"CommentAction","name":"Comment","target":["https:\/\/cvinoticias.com\/v3\/buscan-crear-un-sistema-nacional-para-garantizar-el-derecho-a-la-prestacion-alimentaria-basica\/#respond"]}]},{"@type":"WebPage","@id":"https:\/\/cvinoticias.com\/v3\/buscan-crear-un-sistema-nacional-para-garantizar-el-derecho-a-la-prestacion-alimentaria-basica\/","url":"https:\/\/cvinoticias.com\/v3\/buscan-crear-un-sistema-nacional-para-garantizar-el-derecho-a-la-prestacion-alimentaria-basica\/","name":"Buscan crear un sistema nacional para garantizar el derecho a la prestaci\u00f3n alimentaria b\u00e1sica | CVI NOTICIAS","isPartOf":{"@id":"https:\/\/cvinoticias.com\/v3\/#website"},"primaryImageOfPage":{"@id":"https:\/\/cvinoticias.com\/v3\/buscan-crear-un-sistema-nacional-para-garantizar-el-derecho-a-la-prestacion-alimentaria-basica\/#primaryimage"},"image":{"@id":"https:\/\/cvinoticias.com\/v3\/buscan-crear-un-sistema-nacional-para-garantizar-el-derecho-a-la-prestacion-alimentaria-basica\/#primaryimage"},"thumbnailUrl":"https:\/\/cvinoticias.com\/wp-content\/uploads\/2021\/08\/3VPYMBKMJBGAJGGWQL2UJGM6BE.jpg","datePublished":"2021-08-25T20:53:36+00:00","breadcrumb":{"@id":"https:\/\/cvinoticias.com\/v3\/buscan-crear-un-sistema-nacional-para-garantizar-el-derecho-a-la-prestacion-alimentaria-basica\/#breadcrumb"},"inLanguage":"es","potentialAction":[{"@type":"ReadAction","target":["https:\/\/cvinoticias.com\/v3\/buscan-crear-un-sistema-nacional-para-garantizar-el-derecho-a-la-prestacion-alimentaria-basica\/"]}]},{"@type":"ImageObject","inLanguage":"es","@id":"https:\/\/cvinoticias.com\/v3\/buscan-crear-un-sistema-nacional-para-garantizar-el-derecho-a-la-prestacion-alimentaria-basica\/#primaryimage","url":"https:\/\/cvinoticias.com\/wp-content\/uploads\/2021\/08\/3VPYMBKMJBGAJGGWQL2UJGM6BE.jpg","contentUrl":"https:\/\/cvinoticias.com\/wp-content\/uploads\/2021\/08\/3VPYMBKMJBGAJGGWQL2UJGM6BE.jpg","width":1200,"height":675},{"@type":"BreadcrumbList","@id":"https:\/\/cvinoticias.com\/v3\/buscan-crear-un-sistema-nacional-para-garantizar-el-derecho-a-la-prestacion-alimentaria-basica\/#breadcrumb","itemListElement":[{"@type":"ListItem","position":1,"name":"Portada","item":"https:\/\/cvinoticias.com\/v3\/"},{"@type":"ListItem","position":2,"name":"Buscan crear un sistema nacional para garantizar el derecho a la prestaci\u00f3n alimentaria b\u00e1sica"}]},{"@type":"WebSite","@id":"https:\/\/cvinoticias.com\/v3\/#website","url":"https:\/\/cvinoticias.com\/v3\/","name":"CVI NOTICIAS","description":"","publisher":{"@id":"https:\/\/cvinoticias.com\/v3\/#organization"},"alternateName":"CVI","potentialAction":[{"@type":"SearchAction","target":{"@type":"EntryPoint","urlTemplate":"https:\/\/cvinoticias.com\/v3\/?s={search_term_string}"},"query-input":{"@type":"PropertyValueSpecification","valueRequired":true,"valueName":"search_term_string"}}],"inLanguage":"es"},{"@type":"Organization","@id":"https:\/\/cvinoticias.com\/v3\/#organization","name":"CVI NOTICIAS","url":"https:\/\/cvinoticias.com\/v3\/","logo":{"@type":"ImageObject","inLanguage":"es","@id":"https:\/\/cvinoticias.com\/v3\/#\/schema\/logo\/image\/","url":"https:\/\/cvinoticias.com\/wp-content\/uploads\/2023\/04\/cropped-cropped-cropped-cropped-cropped-3-1.png","contentUrl":"https:\/\/cvinoticias.com\/wp-content\/uploads\/2023\/04\/cropped-cropped-cropped-cropped-cropped-3-1.png","width":95,"height":122,"caption":"CVI NOTICIAS"},"image":{"@id":"https:\/\/cvinoticias.com\/v3\/#\/schema\/logo\/image\/"},"sameAs":["https:\/\/www.facebook.com\/cvinoticias","https:\/\/www.instagram.com\/cvinoticias\/","https:\/\/www.youtube.com\/@CVINOTICIAS"]},{"@type":"Person","@id":"https:\/\/cvinoticias.com\/v3\/#\/schema\/person\/2db77e3c6bc03c538495d7b2b8be9b66","name":"f1000024","image":{"@type":"ImageObject","inLanguage":"es","@id":"https:\/\/secure.gravatar.com\/avatar\/d4fe7459cfc51ff5129ce1a732bbef5928568b8092d412ef95611616376bbeed?s=96&d=mm&r=g","url":"https:\/\/secure.gravatar.com\/avatar\/d4fe7459cfc51ff5129ce1a732bbef5928568b8092d412ef95611616376bbeed?s=96&d=mm&r=g","contentUrl":"https:\/\/secure.gravatar.com\/avatar\/d4fe7459cfc51ff5129ce1a732bbef5928568b8092d412ef95611616376bbeed?s=96&d=mm&r=g","caption":"f1000024"},"url":"https:\/\/cvinoticias.com\/v3\/author\/f1000024\/"}]}},"_links":{"self":[{"href":"https:\/\/cvinoticias.com\/v3\/wp-json\/wp\/v2\/posts\/7941","targetHints":{"allow":["GET"]}}],"collection":[{"href":"https:\/\/cvinoticias.com\/v3\/wp-json\/wp\/v2\/posts"}],"about":[{"href":"https:\/\/cvinoticias.com\/v3\/wp-json\/wp\/v2\/types\/post"}],"author":[{"embeddable":true,"href":"https:\/\/cvinoticias.com\/v3\/wp-json\/wp\/v2\/users\/2"}],"replies":[{"embeddable":true,"href":"https:\/\/cvinoticias.com\/v3\/wp-json\/wp\/v2\/comments?post=7941"}],"version-history":[{"count":1,"href":"https:\/\/cvinoticias.com\/v3\/wp-json\/wp\/v2\/posts\/7941\/revisions"}],"predecessor-version":[{"id":7943,"href":"https:\/\/cvinoticias.com\/v3\/wp-json\/wp\/v2\/posts\/7941\/revisions\/7943"}],"wp:featuredmedia":[{"embeddable":true,"href":"https:\/\/cvinoticias.com\/v3\/wp-json\/wp\/v2\/media\/7942"}],"wp:attachment":[{"href":"https:\/\/cvinoticias.com\/v3\/wp-json\/wp\/v2\/media?parent=7941"}],"wp:term":[{"taxonomy":"category","embeddable":true,"href":"https:\/\/cvinoticias.com\/v3\/wp-json\/wp\/v2\/categories?post=7941"},{"taxonomy":"post_tag","embeddable":true,"href":"https:\/\/cvinoticias.com\/v3\/wp-json\/wp\/v2\/tags?post=7941"}],"curies":[{"name":"wp","href":"https:\/\/api.w.org\/{rel}","templated":true}]}}