{"id":7919,"date":"2021-08-25T12:32:28","date_gmt":"2021-08-25T12:32:28","guid":{"rendered":"https:\/\/cvinoticias.com\/v3\/?p=7919"},"modified":"2021-08-25T12:32:28","modified_gmt":"2021-08-25T12:32:28","slug":"abre-la-inscripcion-al-repro-ii-para-salarios-devengados-este-mes","status":"publish","type":"post","link":"https:\/\/cvinoticias.com\/v3\/abre-la-inscripcion-al-repro-ii-para-salarios-devengados-este-mes\/","title":{"rendered":"Abre la inscripci\u00f3n al Repro II para salarios devengados este mes"},"content":{"rendered":"\n<p><strong><em>Las empresas podr\u00e1n inscribirse hasta el 31 de agosto. Tambi\u00e9n se inicia la recepci\u00f3n de solicitudes de asistencia para los trabajadores independientes que hayan reducido su facturaci\u00f3n en un 20 poe ciento.<\/em><\/strong><\/p>\n\n\n\n<p>El Ministerio de Trabajo inscribir\u00e1 desde este mi\u00e9rcoles y hasta el 31 de agosto a las empresas comprendidas en el Programa de Reactivaci\u00f3n Productiva II\u00a0(Repro II) para el per\u00edodo correspondiente a los salarios devengados durante este mes.<\/p>\n\n\n\n<p>Tambi\u00e9n abre este mi\u00e9rcoles la inscripci\u00f3n para el Programa de Asistencia de Emergencia a Trabajadores y Trabajadoras Independientes en Sectores Cr\u00edticos\u00a0y por el mismo plazo que para el Repro II.<\/p>\n\n\n\n<p>En esta oportunidad, se modificaron algunas de las pautas a considerar para aplicar los criterios de preselecci\u00f3n, respecto de las fechas de facturaci\u00f3n y n\u00f3mina de las empresas que quieran acceder al beneficio al Repro II.<\/p>\n\n\n\n<p>Los meses seleccionados para el c\u00e1lculo de la variaci\u00f3n interanual de la facturaci\u00f3n requerida por la Administraci\u00f3n Federal de Ingresos P\u00fablicos (AFIP) ser\u00e1n julio de 2019 y de 2021, pero no se deber\u00e1 considerar la facturaci\u00f3n para las empresas iniciadas a partir del 1 de enero de 2019.<\/p>\n\n\n\n<p>Asimismo, el mes seleccionado para determinar la n\u00f3mina de personal y los salarios de referencia ser\u00e1 julio \u00faltimo.<\/p>\n\n\n\n<p>En tanto, el corte de actualizaci\u00f3n de bajas de n\u00f3mina ser\u00e1 hasta el 24 de agosto \u00faltimo; y el de CBU, hasta el 23 de agosto.<\/p>\n\n\n\n<p>En el caso de trabajadoras y trabajadores independientes, deber\u00e1n presentar una reducci\u00f3n de la facturaci\u00f3n superior al 20% en t\u00e9rminos reales, para el periodo comprendido entre julio \u00faltimo y el mes mismo mes de 2019.<\/p>\n\n\n\n<p>Asimismo, el per\u00edodo de referencia de pagos a acreditar ser\u00e1 para aut\u00f3nomos desde diciembre del a\u00f1o pasado hasta junio \u00faltimo; y para monotributistas, desde enero hasta julio de este a\u00f1o.<\/p>\n","protected":false},"excerpt":{"rendered":"<p>Las empresas podr\u00e1n inscribirse hasta el 31 de agosto. Tambi\u00e9n se inicia la recepci\u00f3n de solicitudes de asistencia para los trabajadores independientes que hayan reducido su facturaci\u00f3n en un 20 poe ciento. El Ministerio de Trabajo inscribir\u00e1 desde este mi\u00e9rcoles y hasta el 31 de agosto a las empresas comprendidas en el Programa de Reactivaci\u00f3n [&hellip;]<\/p>\n","protected":false},"author":2,"featured_media":7920,"comment_status":"open","ping_status":"open","sticky":false,"template":"","format":"standard","meta":{"footnotes":""},"categories":[35],"tags":[],"class_list":["post-7919","post","type-post","status-publish","format-standard","has-post-thumbnail","hentry","category-informacion-general"],"yoast_head":"<!-- This site is optimized with the Yoast SEO plugin v27.4 - https:\/\/yoast.com\/product\/yoast-seo-wordpress\/ -->\n<title>Abre la inscripci\u00f3n al Repro II para salarios devengados este mes | CVI NOTICIAS<\/title>\n<meta name=\"robots\" content=\"index, follow, max-snippet:-1, max-image-preview:large, max-video-preview:-1\" \/>\n<link rel=\"canonical\" href=\"https:\/\/cvinoticias.com\/v3\/abre-la-inscripcion-al-repro-ii-para-salarios-devengados-este-mes\/\" \/>\n<meta property=\"og:locale\" content=\"es_ES\" \/>\n<meta property=\"og:type\" content=\"article\" \/>\n<meta property=\"og:title\" content=\"Abre la inscripci\u00f3n al Repro II para salarios devengados este mes | CVI NOTICIAS\" \/>\n<meta property=\"og:description\" content=\"Las empresas podr\u00e1n inscribirse hasta el 31 de agosto. Tambi\u00e9n se inicia la recepci\u00f3n de solicitudes de asistencia para los trabajadores independientes que hayan reducido su facturaci\u00f3n en un 20 poe ciento. El Ministerio de Trabajo inscribir\u00e1 desde este mi\u00e9rcoles y hasta el 31 de agosto a las empresas comprendidas en el Programa de Reactivaci\u00f3n [&hellip;]\" \/>\n<meta property=\"og:url\" content=\"https:\/\/cvinoticias.com\/v3\/abre-la-inscripcion-al-repro-ii-para-salarios-devengados-este-mes\/\" \/>\n<meta property=\"og:site_name\" content=\"CVI NOTICIAS\" \/>\n<meta property=\"article:publisher\" content=\"https:\/\/www.facebook.com\/cvinoticias\" \/>\n<meta property=\"article:published_time\" content=\"2021-08-25T12:32:28+00:00\" \/>\n<meta property=\"og:image\" content=\"https:\/\/cvinoticias.com\/wp-content\/uploads\/2021\/08\/YVE7CIZCNZAG3DKPOF2DRDKIAI.jpg\" \/>\n\t<meta property=\"og:image:width\" content=\"1023\" \/>\n\t<meta property=\"og:image:height\" content=\"682\" \/>\n\t<meta property=\"og:image:type\" content=\"image\/jpeg\" \/>\n<meta name=\"author\" content=\"f1000024\" \/>\n<meta name=\"twitter:card\" content=\"summary_large_image\" \/>\n<meta name=\"twitter:label1\" content=\"Escrito por\" \/>\n\t<meta name=\"twitter:data1\" content=\"f1000024\" \/>\n\t<meta name=\"twitter:label2\" content=\"Tiempo de lectura\" \/>\n\t<meta name=\"twitter:data2\" content=\"2 minutos\" \/>\n<script type=\"application\/ld+json\" class=\"yoast-schema-graph\">{\"@context\":\"https:\\\/\\\/schema.org\",\"@graph\":[{\"@type\":\"Article\",\"@id\":\"https:\\\/\\\/cvinoticias.com\\\/v3\\\/abre-la-inscripcion-al-repro-ii-para-salarios-devengados-este-mes\\\/#article\",\"isPartOf\":{\"@id\":\"https:\\\/\\\/cvinoticias.com\\\/v3\\\/abre-la-inscripcion-al-repro-ii-para-salarios-devengados-este-mes\\\/\"},\"author\":{\"name\":\"f1000024\",\"@id\":\"https:\\\/\\\/cvinoticias.com\\\/v3\\\/#\\\/schema\\\/person\\\/2db77e3c6bc03c538495d7b2b8be9b66\"},\"headline\":\"Abre la inscripci\u00f3n al Repro II para salarios devengados este mes\",\"datePublished\":\"2021-08-25T12:32:28+00:00\",\"mainEntityOfPage\":{\"@id\":\"https:\\\/\\\/cvinoticias.com\\\/v3\\\/abre-la-inscripcion-al-repro-ii-para-salarios-devengados-este-mes\\\/\"},\"wordCount\":327,\"commentCount\":0,\"publisher\":{\"@id\":\"https:\\\/\\\/cvinoticias.com\\\/v3\\\/#organization\"},\"image\":{\"@id\":\"https:\\\/\\\/cvinoticias.com\\\/v3\\\/abre-la-inscripcion-al-repro-ii-para-salarios-devengados-este-mes\\\/#primaryimage\"},\"thumbnailUrl\":\"https:\\\/\\\/cvinoticias.com\\\/wp-content\\\/uploads\\\/2021\\\/08\\\/YVE7CIZCNZAG3DKPOF2DRDKIAI.jpg\",\"articleSection\":[\"Informaci\u00f3n General\"],\"inLanguage\":\"es\",\"potentialAction\":[{\"@type\":\"CommentAction\",\"name\":\"Comment\",\"target\":[\"https:\\\/\\\/cvinoticias.com\\\/v3\\\/abre-la-inscripcion-al-repro-ii-para-salarios-devengados-este-mes\\\/#respond\"]}]},{\"@type\":\"WebPage\",\"@id\":\"https:\\\/\\\/cvinoticias.com\\\/v3\\\/abre-la-inscripcion-al-repro-ii-para-salarios-devengados-este-mes\\\/\",\"url\":\"https:\\\/\\\/cvinoticias.com\\\/v3\\\/abre-la-inscripcion-al-repro-ii-para-salarios-devengados-este-mes\\\/\",\"name\":\"Abre la inscripci\u00f3n al Repro II para salarios devengados este mes | CVI NOTICIAS\",\"isPartOf\":{\"@id\":\"https:\\\/\\\/cvinoticias.com\\\/v3\\\/#website\"},\"primaryImageOfPage\":{\"@id\":\"https:\\\/\\\/cvinoticias.com\\\/v3\\\/abre-la-inscripcion-al-repro-ii-para-salarios-devengados-este-mes\\\/#primaryimage\"},\"image\":{\"@id\":\"https:\\\/\\\/cvinoticias.com\\\/v3\\\/abre-la-inscripcion-al-repro-ii-para-salarios-devengados-este-mes\\\/#primaryimage\"},\"thumbnailUrl\":\"https:\\\/\\\/cvinoticias.com\\\/wp-content\\\/uploads\\\/2021\\\/08\\\/YVE7CIZCNZAG3DKPOF2DRDKIAI.jpg\",\"datePublished\":\"2021-08-25T12:32:28+00:00\",\"breadcrumb\":{\"@id\":\"https:\\\/\\\/cvinoticias.com\\\/v3\\\/abre-la-inscripcion-al-repro-ii-para-salarios-devengados-este-mes\\\/#breadcrumb\"},\"inLanguage\":\"es\",\"potentialAction\":[{\"@type\":\"ReadAction\",\"target\":[\"https:\\\/\\\/cvinoticias.com\\\/v3\\\/abre-la-inscripcion-al-repro-ii-para-salarios-devengados-este-mes\\\/\"]}]},{\"@type\":\"ImageObject\",\"inLanguage\":\"es\",\"@id\":\"https:\\\/\\\/cvinoticias.com\\\/v3\\\/abre-la-inscripcion-al-repro-ii-para-salarios-devengados-este-mes\\\/#primaryimage\",\"url\":\"https:\\\/\\\/cvinoticias.com\\\/wp-content\\\/uploads\\\/2021\\\/08\\\/YVE7CIZCNZAG3DKPOF2DRDKIAI.jpg\",\"contentUrl\":\"https:\\\/\\\/cvinoticias.com\\\/wp-content\\\/uploads\\\/2021\\\/08\\\/YVE7CIZCNZAG3DKPOF2DRDKIAI.jpg\",\"width\":1023,\"height\":682},{\"@type\":\"BreadcrumbList\",\"@id\":\"https:\\\/\\\/cvinoticias.com\\\/v3\\\/abre-la-inscripcion-al-repro-ii-para-salarios-devengados-este-mes\\\/#breadcrumb\",\"itemListElement\":[{\"@type\":\"ListItem\",\"position\":1,\"name\":\"Portada\",\"item\":\"https:\\\/\\\/cvinoticias.com\\\/v3\\\/\"},{\"@type\":\"ListItem\",\"position\":2,\"name\":\"Abre la inscripci\u00f3n al Repro II para salarios devengados este mes\"}]},{\"@type\":\"WebSite\",\"@id\":\"https:\\\/\\\/cvinoticias.com\\\/v3\\\/#website\",\"url\":\"https:\\\/\\\/cvinoticias.com\\\/v3\\\/\",\"name\":\"CVI NOTICIAS\",\"description\":\"\",\"publisher\":{\"@id\":\"https:\\\/\\\/cvinoticias.com\\\/v3\\\/#organization\"},\"alternateName\":\"CVI\",\"potentialAction\":[{\"@type\":\"SearchAction\",\"target\":{\"@type\":\"EntryPoint\",\"urlTemplate\":\"https:\\\/\\\/cvinoticias.com\\\/v3\\\/?s={search_term_string}\"},\"query-input\":{\"@type\":\"PropertyValueSpecification\",\"valueRequired\":true,\"valueName\":\"search_term_string\"}}],\"inLanguage\":\"es\"},{\"@type\":\"Organization\",\"@id\":\"https:\\\/\\\/cvinoticias.com\\\/v3\\\/#organization\",\"name\":\"CVI NOTICIAS\",\"url\":\"https:\\\/\\\/cvinoticias.com\\\/v3\\\/\",\"logo\":{\"@type\":\"ImageObject\",\"inLanguage\":\"es\",\"@id\":\"https:\\\/\\\/cvinoticias.com\\\/v3\\\/#\\\/schema\\\/logo\\\/image\\\/\",\"url\":\"https:\\\/\\\/cvinoticias.com\\\/wp-content\\\/uploads\\\/2023\\\/04\\\/cropped-cropped-cropped-cropped-cropped-3-1.png\",\"contentUrl\":\"https:\\\/\\\/cvinoticias.com\\\/wp-content\\\/uploads\\\/2023\\\/04\\\/cropped-cropped-cropped-cropped-cropped-3-1.png\",\"width\":95,\"height\":122,\"caption\":\"CVI NOTICIAS\"},\"image\":{\"@id\":\"https:\\\/\\\/cvinoticias.com\\\/v3\\\/#\\\/schema\\\/logo\\\/image\\\/\"},\"sameAs\":[\"https:\\\/\\\/www.facebook.com\\\/cvinoticias\",\"https:\\\/\\\/www.instagram.com\\\/cvinoticias\\\/\",\"https:\\\/\\\/www.youtube.com\\\/@CVINOTICIAS\"]},{\"@type\":\"Person\",\"@id\":\"https:\\\/\\\/cvinoticias.com\\\/v3\\\/#\\\/schema\\\/person\\\/2db77e3c6bc03c538495d7b2b8be9b66\",\"name\":\"f1000024\",\"image\":{\"@type\":\"ImageObject\",\"inLanguage\":\"es\",\"@id\":\"https:\\\/\\\/secure.gravatar.com\\\/avatar\\\/d4fe7459cfc51ff5129ce1a732bbef5928568b8092d412ef95611616376bbeed?s=96&d=mm&r=g\",\"url\":\"https:\\\/\\\/secure.gravatar.com\\\/avatar\\\/d4fe7459cfc51ff5129ce1a732bbef5928568b8092d412ef95611616376bbeed?s=96&d=mm&r=g\",\"contentUrl\":\"https:\\\/\\\/secure.gravatar.com\\\/avatar\\\/d4fe7459cfc51ff5129ce1a732bbef5928568b8092d412ef95611616376bbeed?s=96&d=mm&r=g\",\"caption\":\"f1000024\"},\"url\":\"https:\\\/\\\/cvinoticias.com\\\/v3\\\/author\\\/f1000024\\\/\"}]}<\/script>\n<!-- \/ Yoast SEO plugin. -->","yoast_head_json":{"title":"Abre la inscripci\u00f3n al Repro II para salarios devengados este mes | CVI NOTICIAS","robots":{"index":"index","follow":"follow","max-snippet":"max-snippet:-1","max-image-preview":"max-image-preview:large","max-video-preview":"max-video-preview:-1"},"canonical":"https:\/\/cvinoticias.com\/v3\/abre-la-inscripcion-al-repro-ii-para-salarios-devengados-este-mes\/","og_locale":"es_ES","og_type":"article","og_title":"Abre la inscripci\u00f3n al Repro II para salarios devengados este mes | CVI NOTICIAS","og_description":"Las empresas podr\u00e1n inscribirse hasta el 31 de agosto. Tambi\u00e9n se inicia la recepci\u00f3n de solicitudes de asistencia para los trabajadores independientes que hayan reducido su facturaci\u00f3n en un 20 poe ciento. El Ministerio de Trabajo inscribir\u00e1 desde este mi\u00e9rcoles y hasta el 31 de agosto a las empresas comprendidas en el Programa de Reactivaci\u00f3n [&hellip;]","og_url":"https:\/\/cvinoticias.com\/v3\/abre-la-inscripcion-al-repro-ii-para-salarios-devengados-este-mes\/","og_site_name":"CVI NOTICIAS","article_publisher":"https:\/\/www.facebook.com\/cvinoticias","article_published_time":"2021-08-25T12:32:28+00:00","og_image":[{"width":1023,"height":682,"url":"https:\/\/cvinoticias.com\/wp-content\/uploads\/2021\/08\/YVE7CIZCNZAG3DKPOF2DRDKIAI.jpg","type":"image\/jpeg"}],"author":"f1000024","twitter_card":"summary_large_image","twitter_misc":{"Escrito por":"f1000024","Tiempo de lectura":"2 minutos"},"schema":{"@context":"https:\/\/schema.org","@graph":[{"@type":"Article","@id":"https:\/\/cvinoticias.com\/v3\/abre-la-inscripcion-al-repro-ii-para-salarios-devengados-este-mes\/#article","isPartOf":{"@id":"https:\/\/cvinoticias.com\/v3\/abre-la-inscripcion-al-repro-ii-para-salarios-devengados-este-mes\/"},"author":{"name":"f1000024","@id":"https:\/\/cvinoticias.com\/v3\/#\/schema\/person\/2db77e3c6bc03c538495d7b2b8be9b66"},"headline":"Abre la inscripci\u00f3n al Repro II para salarios devengados este mes","datePublished":"2021-08-25T12:32:28+00:00","mainEntityOfPage":{"@id":"https:\/\/cvinoticias.com\/v3\/abre-la-inscripcion-al-repro-ii-para-salarios-devengados-este-mes\/"},"wordCount":327,"commentCount":0,"publisher":{"@id":"https:\/\/cvinoticias.com\/v3\/#organization"},"image":{"@id":"https:\/\/cvinoticias.com\/v3\/abre-la-inscripcion-al-repro-ii-para-salarios-devengados-este-mes\/#primaryimage"},"thumbnailUrl":"https:\/\/cvinoticias.com\/wp-content\/uploads\/2021\/08\/YVE7CIZCNZAG3DKPOF2DRDKIAI.jpg","articleSection":["Informaci\u00f3n General"],"inLanguage":"es","potentialAction":[{"@type":"CommentAction","name":"Comment","target":["https:\/\/cvinoticias.com\/v3\/abre-la-inscripcion-al-repro-ii-para-salarios-devengados-este-mes\/#respond"]}]},{"@type":"WebPage","@id":"https:\/\/cvinoticias.com\/v3\/abre-la-inscripcion-al-repro-ii-para-salarios-devengados-este-mes\/","url":"https:\/\/cvinoticias.com\/v3\/abre-la-inscripcion-al-repro-ii-para-salarios-devengados-este-mes\/","name":"Abre la inscripci\u00f3n al Repro II para salarios devengados este mes | CVI NOTICIAS","isPartOf":{"@id":"https:\/\/cvinoticias.com\/v3\/#website"},"primaryImageOfPage":{"@id":"https:\/\/cvinoticias.com\/v3\/abre-la-inscripcion-al-repro-ii-para-salarios-devengados-este-mes\/#primaryimage"},"image":{"@id":"https:\/\/cvinoticias.com\/v3\/abre-la-inscripcion-al-repro-ii-para-salarios-devengados-este-mes\/#primaryimage"},"thumbnailUrl":"https:\/\/cvinoticias.com\/wp-content\/uploads\/2021\/08\/YVE7CIZCNZAG3DKPOF2DRDKIAI.jpg","datePublished":"2021-08-25T12:32:28+00:00","breadcrumb":{"@id":"https:\/\/cvinoticias.com\/v3\/abre-la-inscripcion-al-repro-ii-para-salarios-devengados-este-mes\/#breadcrumb"},"inLanguage":"es","potentialAction":[{"@type":"ReadAction","target":["https:\/\/cvinoticias.com\/v3\/abre-la-inscripcion-al-repro-ii-para-salarios-devengados-este-mes\/"]}]},{"@type":"ImageObject","inLanguage":"es","@id":"https:\/\/cvinoticias.com\/v3\/abre-la-inscripcion-al-repro-ii-para-salarios-devengados-este-mes\/#primaryimage","url":"https:\/\/cvinoticias.com\/wp-content\/uploads\/2021\/08\/YVE7CIZCNZAG3DKPOF2DRDKIAI.jpg","contentUrl":"https:\/\/cvinoticias.com\/wp-content\/uploads\/2021\/08\/YVE7CIZCNZAG3DKPOF2DRDKIAI.jpg","width":1023,"height":682},{"@type":"BreadcrumbList","@id":"https:\/\/cvinoticias.com\/v3\/abre-la-inscripcion-al-repro-ii-para-salarios-devengados-este-mes\/#breadcrumb","itemListElement":[{"@type":"ListItem","position":1,"name":"Portada","item":"https:\/\/cvinoticias.com\/v3\/"},{"@type":"ListItem","position":2,"name":"Abre la inscripci\u00f3n al Repro II para salarios devengados este mes"}]},{"@type":"WebSite","@id":"https:\/\/cvinoticias.com\/v3\/#website","url":"https:\/\/cvinoticias.com\/v3\/","name":"CVI NOTICIAS","description":"","publisher":{"@id":"https:\/\/cvinoticias.com\/v3\/#organization"},"alternateName":"CVI","potentialAction":[{"@type":"SearchAction","target":{"@type":"EntryPoint","urlTemplate":"https:\/\/cvinoticias.com\/v3\/?s={search_term_string}"},"query-input":{"@type":"PropertyValueSpecification","valueRequired":true,"valueName":"search_term_string"}}],"inLanguage":"es"},{"@type":"Organization","@id":"https:\/\/cvinoticias.com\/v3\/#organization","name":"CVI NOTICIAS","url":"https:\/\/cvinoticias.com\/v3\/","logo":{"@type":"ImageObject","inLanguage":"es","@id":"https:\/\/cvinoticias.com\/v3\/#\/schema\/logo\/image\/","url":"https:\/\/cvinoticias.com\/wp-content\/uploads\/2023\/04\/cropped-cropped-cropped-cropped-cropped-3-1.png","contentUrl":"https:\/\/cvinoticias.com\/wp-content\/uploads\/2023\/04\/cropped-cropped-cropped-cropped-cropped-3-1.png","width":95,"height":122,"caption":"CVI NOTICIAS"},"image":{"@id":"https:\/\/cvinoticias.com\/v3\/#\/schema\/logo\/image\/"},"sameAs":["https:\/\/www.facebook.com\/cvinoticias","https:\/\/www.instagram.com\/cvinoticias\/","https:\/\/www.youtube.com\/@CVINOTICIAS"]},{"@type":"Person","@id":"https:\/\/cvinoticias.com\/v3\/#\/schema\/person\/2db77e3c6bc03c538495d7b2b8be9b66","name":"f1000024","image":{"@type":"ImageObject","inLanguage":"es","@id":"https:\/\/secure.gravatar.com\/avatar\/d4fe7459cfc51ff5129ce1a732bbef5928568b8092d412ef95611616376bbeed?s=96&d=mm&r=g","url":"https:\/\/secure.gravatar.com\/avatar\/d4fe7459cfc51ff5129ce1a732bbef5928568b8092d412ef95611616376bbeed?s=96&d=mm&r=g","contentUrl":"https:\/\/secure.gravatar.com\/avatar\/d4fe7459cfc51ff5129ce1a732bbef5928568b8092d412ef95611616376bbeed?s=96&d=mm&r=g","caption":"f1000024"},"url":"https:\/\/cvinoticias.com\/v3\/author\/f1000024\/"}]}},"_links":{"self":[{"href":"https:\/\/cvinoticias.com\/v3\/wp-json\/wp\/v2\/posts\/7919","targetHints":{"allow":["GET"]}}],"collection":[{"href":"https:\/\/cvinoticias.com\/v3\/wp-json\/wp\/v2\/posts"}],"about":[{"href":"https:\/\/cvinoticias.com\/v3\/wp-json\/wp\/v2\/types\/post"}],"author":[{"embeddable":true,"href":"https:\/\/cvinoticias.com\/v3\/wp-json\/wp\/v2\/users\/2"}],"replies":[{"embeddable":true,"href":"https:\/\/cvinoticias.com\/v3\/wp-json\/wp\/v2\/comments?post=7919"}],"version-history":[{"count":1,"href":"https:\/\/cvinoticias.com\/v3\/wp-json\/wp\/v2\/posts\/7919\/revisions"}],"predecessor-version":[{"id":7921,"href":"https:\/\/cvinoticias.com\/v3\/wp-json\/wp\/v2\/posts\/7919\/revisions\/7921"}],"wp:featuredmedia":[{"embeddable":true,"href":"https:\/\/cvinoticias.com\/v3\/wp-json\/wp\/v2\/media\/7920"}],"wp:attachment":[{"href":"https:\/\/cvinoticias.com\/v3\/wp-json\/wp\/v2\/media?parent=7919"}],"wp:term":[{"taxonomy":"category","embeddable":true,"href":"https:\/\/cvinoticias.com\/v3\/wp-json\/wp\/v2\/categories?post=7919"},{"taxonomy":"post_tag","embeddable":true,"href":"https:\/\/cvinoticias.com\/v3\/wp-json\/wp\/v2\/tags?post=7919"}],"curies":[{"name":"wp","href":"https:\/\/api.w.org\/{rel}","templated":true}]}}