{"id":7912,"date":"2021-08-24T20:00:36","date_gmt":"2021-08-24T20:00:36","guid":{"rendered":"https:\/\/cvinoticias.com\/v3\/?p=7912"},"modified":"2021-08-24T20:00:36","modified_gmt":"2021-08-24T20:00:36","slug":"el-gobierno-anuncio-que-la-vuelta-del-publico-a-los-estadios-sera-el-9-de-septiembre-en-un-partido-de-la-seleccion","status":"publish","type":"post","link":"https:\/\/cvinoticias.com\/v3\/el-gobierno-anuncio-que-la-vuelta-del-publico-a-los-estadios-sera-el-9-de-septiembre-en-un-partido-de-la-seleccion\/","title":{"rendered":"El Gobierno anunci\u00f3 que la vuelta del p\u00fablico a los estadios ser\u00e1 el 9 de septiembre en un partido de la Selecci\u00f3n"},"content":{"rendered":"\n<h2 class=\"wp-block-heading\">La prueba piloto se realizar\u00e1 contra Bolivia, por las Eliminatorias, con aforo del 30%. \u201cLa idea es que el regreso sea gradual\u201d, dijo el ministro de Turismo y Deportes, Mat\u00edas Lammens, junto a su par de Salud, Carla Vizzotti. <\/h2>\n\n\n\n<p>El Gobierno anunci\u00f3 el regreso de los hinchas a los estadios de f\u00fatbol tras un a\u00f1o y medio. El ministro de Turismo y Deportes\u00a0Mat\u00edas Lammens\u00a0inform\u00f3 en una conferencia de prensa junto a su par de Salud,\u00a0Carla Vizzotti, que la vuelta\u00a0ser\u00e1 el 9 de septiembre, en el partido entre Argentina y Bolivia\u00a0por las Eliminatorias,\u00a0y con el 30% de aforo.<\/p>\n\n\n\n<p>El funcionario especific\u00f3 que la idea es que la iniciativa se replique para \u201cel resto de federaciones y deportes\u201d, para un \u201cregreso gradual\u201d a estos espect\u00e1culos, como para que \u201ca fines de septiembre haya p\u00fablico en los estadios\u201d.<\/p>\n\n\n\n<p>\u201cEstamos por debajo del nivel de internaciones que tuvimos en diciembre. En estos momentos tenemos reportadas 3226 personas en terapia intensiva. A pesar del invierno, estamos en una situaci\u00f3n de descenso sostenido tanto de los casos como de las internaciones, y estamos en la semana 11 de descenso consecutivo de las muertes. Es por eso que estamos en condiciones de hacer algunos anuncios\u201d, remarc\u00f3 Vizzotti en el comienzo.<\/p>\n\n\n\n<p>\u201cVamos a hacer una prueba piloto el 9 de septiembre en el estadio Monumental, en el partido de la Selecci\u00f3n Argentina contra Bolivia por las Eliminatorias\u201d, anunci\u00f3 Lammens. Y continu\u00f3: \u201cEsto se lo coment\u00e9 al presidente de la AFA, Claudio Tapia. Vamos a trabajar con el Ministerio de Salud para ultimar detalles del protocolo que se va a implementar\u201d.<\/p>\n\n\n\n<p>\u201cLa idea es que el p\u00fablico vuelva no s\u00f3lo al f\u00fatbol, sino a todos los espect\u00e1culos masivos\u201d, indic\u00f3 el ministro. Y en relaci\u00f3n a la elecci\u00f3n del partido de la Selecci\u00f3n Argentina, puntualiz\u00f3: \u201cCreemos que es un evento que amerita esta excepcionalidad. Por lo que significa y porque nos permite hacer una evaluaci\u00f3n de c\u00f3mo se van a implementar estos protocolos.<\/p>\n\n\n\n<p>\u201cLa idea es que sobre fines de septiembre haya p\u00fablico en los estadios, seguramente con aforo del 30%\u201d, insisti\u00f3 Lammens.<\/p>\n\n\n\n<p>Horas antes hab\u00edan trascendido algunos puntos del estricto plan que proyectan los dirigentes y que ser\u00e1 presentado durante esta semana para poder avanzar en el tema.<\/p>\n\n\n\n<h2 class=\"wp-block-heading\">C\u00f3mo es el protocolo para que los hinchas vuelvan a las canchas<\/h2>\n\n\n\n<p>Lo m\u00e1s destacado, y que genera mucha pol\u00e9mica, es que los hinchas deber\u00edan presentar un\u00a0hisopado negativo\u00a0hecho como m\u00e1ximo 72 horas antes de los partidos. Esto significar\u00eda un gasto econ\u00f3mico importante (entre 5 y 7 mil pesos) para el socio que quiera ir a la cancha, que adem\u00e1s de pagar su cuota social tambi\u00e9n tendr\u00e1 que comprar un abono o una platea.\u00a0\u00bfCu\u00e1ntos estar\u00e1n dispuestos o estar\u00e1n en condiciones de pagar cuota, testeo y entrada?<\/p>\n\n\n\n<p>Adem\u00e1s del hisopado, siempre que el Ministerio de Salud lo apruebe, se pedir\u00eda un\u00a0certificaci\u00f3n de vacunaci\u00f3n\u00a0de al menos una dosis. Esta constancia solo podr\u00eda evitarse en caso de que haya un sector para \u201cno vacunados\u201d, aunque esto de ninguna manera est\u00e1 definido.<\/p>\n\n\n\n<p>El l\u00edmite del aforo para los estadios ser\u00eda del\u00a0<strong>30 por ciento<\/strong>, tal como anticip\u00f3<strong>\u00a0Lammens<\/strong>. Esto se podr\u00eda ir ampliando de manera progresiva de acuerdo a la situaci\u00f3n sanitaria de cada regi\u00f3n de la Argentina.<\/p>\n","protected":false},"excerpt":{"rendered":"<p>La prueba piloto se realizar\u00e1 contra Bolivia, por las Eliminatorias, con aforo del 30%. \u201cLa idea es que el regreso sea gradual\u201d, dijo el ministro de Turismo y Deportes, Mat\u00edas Lammens, junto a su par de Salud, Carla Vizzotti. El Gobierno anunci\u00f3 el regreso de los hinchas a los estadios de f\u00fatbol tras un a\u00f1o [&hellip;]<\/p>\n","protected":false},"author":2,"featured_media":7913,"comment_status":"open","ping_status":"open","sticky":false,"template":"","format":"standard","meta":{"footnotes":""},"categories":[24],"tags":[],"class_list":["post-7912","post","type-post","status-publish","format-standard","has-post-thumbnail","hentry","category-deportes"],"yoast_head":"<!-- This site is optimized with the Yoast SEO plugin v27.4 - https:\/\/yoast.com\/product\/yoast-seo-wordpress\/ -->\n<title>El Gobierno anunci\u00f3 que la vuelta del p\u00fablico a los estadios ser\u00e1 el 9 de septiembre en un partido de la Selecci\u00f3n | CVI NOTICIAS<\/title>\n<meta name=\"robots\" content=\"index, follow, max-snippet:-1, max-image-preview:large, max-video-preview:-1\" \/>\n<link rel=\"canonical\" href=\"https:\/\/cvinoticias.com\/v3\/el-gobierno-anuncio-que-la-vuelta-del-publico-a-los-estadios-sera-el-9-de-septiembre-en-un-partido-de-la-seleccion\/\" \/>\n<meta property=\"og:locale\" content=\"es_ES\" \/>\n<meta property=\"og:type\" content=\"article\" \/>\n<meta property=\"og:title\" content=\"El Gobierno anunci\u00f3 que la vuelta del p\u00fablico a los estadios ser\u00e1 el 9 de septiembre en un partido de la Selecci\u00f3n | CVI NOTICIAS\" \/>\n<meta property=\"og:description\" content=\"La prueba piloto se realizar\u00e1 contra Bolivia, por las Eliminatorias, con aforo del 30%. \u201cLa idea es que el regreso sea gradual\u201d, dijo el ministro de Turismo y Deportes, Mat\u00edas Lammens, junto a su par de Salud, Carla Vizzotti. El Gobierno anunci\u00f3 el regreso de los hinchas a los estadios de f\u00fatbol tras un a\u00f1o [&hellip;]\" \/>\n<meta property=\"og:url\" content=\"https:\/\/cvinoticias.com\/v3\/el-gobierno-anuncio-que-la-vuelta-del-publico-a-los-estadios-sera-el-9-de-septiembre-en-un-partido-de-la-seleccion\/\" \/>\n<meta property=\"og:site_name\" content=\"CVI NOTICIAS\" \/>\n<meta property=\"article:publisher\" content=\"https:\/\/www.facebook.com\/cvinoticias\" \/>\n<meta property=\"article:published_time\" content=\"2021-08-24T20:00:36+00:00\" \/>\n<meta property=\"og:image\" content=\"https:\/\/cvinoticias.com\/wp-content\/uploads\/2021\/08\/Screenshot_20210824-165904_Facebook.jpg\" \/>\n\t<meta property=\"og:image:width\" content=\"942\" \/>\n\t<meta property=\"og:image:height\" content=\"1658\" \/>\n\t<meta property=\"og:image:type\" content=\"image\/jpeg\" \/>\n<meta name=\"author\" content=\"f1000024\" \/>\n<meta name=\"twitter:card\" content=\"summary_large_image\" \/>\n<meta name=\"twitter:label1\" content=\"Escrito por\" \/>\n\t<meta name=\"twitter:data1\" content=\"f1000024\" \/>\n\t<meta name=\"twitter:label2\" content=\"Tiempo de lectura\" \/>\n\t<meta name=\"twitter:data2\" content=\"3 minutos\" \/>\n<script type=\"application\/ld+json\" class=\"yoast-schema-graph\">{\"@context\":\"https:\\\/\\\/schema.org\",\"@graph\":[{\"@type\":\"Article\",\"@id\":\"https:\\\/\\\/cvinoticias.com\\\/v3\\\/el-gobierno-anuncio-que-la-vuelta-del-publico-a-los-estadios-sera-el-9-de-septiembre-en-un-partido-de-la-seleccion\\\/#article\",\"isPartOf\":{\"@id\":\"https:\\\/\\\/cvinoticias.com\\\/v3\\\/el-gobierno-anuncio-que-la-vuelta-del-publico-a-los-estadios-sera-el-9-de-septiembre-en-un-partido-de-la-seleccion\\\/\"},\"author\":{\"name\":\"f1000024\",\"@id\":\"https:\\\/\\\/cvinoticias.com\\\/v3\\\/#\\\/schema\\\/person\\\/2db77e3c6bc03c538495d7b2b8be9b66\"},\"headline\":\"El Gobierno anunci\u00f3 que la vuelta del p\u00fablico a los estadios ser\u00e1 el 9 de septiembre en un partido de la Selecci\u00f3n\",\"datePublished\":\"2021-08-24T20:00:36+00:00\",\"mainEntityOfPage\":{\"@id\":\"https:\\\/\\\/cvinoticias.com\\\/v3\\\/el-gobierno-anuncio-que-la-vuelta-del-publico-a-los-estadios-sera-el-9-de-septiembre-en-un-partido-de-la-seleccion\\\/\"},\"wordCount\":596,\"commentCount\":0,\"publisher\":{\"@id\":\"https:\\\/\\\/cvinoticias.com\\\/v3\\\/#organization\"},\"image\":{\"@id\":\"https:\\\/\\\/cvinoticias.com\\\/v3\\\/el-gobierno-anuncio-que-la-vuelta-del-publico-a-los-estadios-sera-el-9-de-septiembre-en-un-partido-de-la-seleccion\\\/#primaryimage\"},\"thumbnailUrl\":\"https:\\\/\\\/cvinoticias.com\\\/wp-content\\\/uploads\\\/2021\\\/08\\\/Screenshot_20210824-165904_Facebook.jpg\",\"articleSection\":[\"Deportes\"],\"inLanguage\":\"es\",\"potentialAction\":[{\"@type\":\"CommentAction\",\"name\":\"Comment\",\"target\":[\"https:\\\/\\\/cvinoticias.com\\\/v3\\\/el-gobierno-anuncio-que-la-vuelta-del-publico-a-los-estadios-sera-el-9-de-septiembre-en-un-partido-de-la-seleccion\\\/#respond\"]}]},{\"@type\":\"WebPage\",\"@id\":\"https:\\\/\\\/cvinoticias.com\\\/v3\\\/el-gobierno-anuncio-que-la-vuelta-del-publico-a-los-estadios-sera-el-9-de-septiembre-en-un-partido-de-la-seleccion\\\/\",\"url\":\"https:\\\/\\\/cvinoticias.com\\\/v3\\\/el-gobierno-anuncio-que-la-vuelta-del-publico-a-los-estadios-sera-el-9-de-septiembre-en-un-partido-de-la-seleccion\\\/\",\"name\":\"El Gobierno anunci\u00f3 que la vuelta del p\u00fablico a los estadios ser\u00e1 el 9 de septiembre en un partido de la Selecci\u00f3n | CVI NOTICIAS\",\"isPartOf\":{\"@id\":\"https:\\\/\\\/cvinoticias.com\\\/v3\\\/#website\"},\"primaryImageOfPage\":{\"@id\":\"https:\\\/\\\/cvinoticias.com\\\/v3\\\/el-gobierno-anuncio-que-la-vuelta-del-publico-a-los-estadios-sera-el-9-de-septiembre-en-un-partido-de-la-seleccion\\\/#primaryimage\"},\"image\":{\"@id\":\"https:\\\/\\\/cvinoticias.com\\\/v3\\\/el-gobierno-anuncio-que-la-vuelta-del-publico-a-los-estadios-sera-el-9-de-septiembre-en-un-partido-de-la-seleccion\\\/#primaryimage\"},\"thumbnailUrl\":\"https:\\\/\\\/cvinoticias.com\\\/wp-content\\\/uploads\\\/2021\\\/08\\\/Screenshot_20210824-165904_Facebook.jpg\",\"datePublished\":\"2021-08-24T20:00:36+00:00\",\"breadcrumb\":{\"@id\":\"https:\\\/\\\/cvinoticias.com\\\/v3\\\/el-gobierno-anuncio-que-la-vuelta-del-publico-a-los-estadios-sera-el-9-de-septiembre-en-un-partido-de-la-seleccion\\\/#breadcrumb\"},\"inLanguage\":\"es\",\"potentialAction\":[{\"@type\":\"ReadAction\",\"target\":[\"https:\\\/\\\/cvinoticias.com\\\/v3\\\/el-gobierno-anuncio-que-la-vuelta-del-publico-a-los-estadios-sera-el-9-de-septiembre-en-un-partido-de-la-seleccion\\\/\"]}]},{\"@type\":\"ImageObject\",\"inLanguage\":\"es\",\"@id\":\"https:\\\/\\\/cvinoticias.com\\\/v3\\\/el-gobierno-anuncio-que-la-vuelta-del-publico-a-los-estadios-sera-el-9-de-septiembre-en-un-partido-de-la-seleccion\\\/#primaryimage\",\"url\":\"https:\\\/\\\/cvinoticias.com\\\/wp-content\\\/uploads\\\/2021\\\/08\\\/Screenshot_20210824-165904_Facebook.jpg\",\"contentUrl\":\"https:\\\/\\\/cvinoticias.com\\\/wp-content\\\/uploads\\\/2021\\\/08\\\/Screenshot_20210824-165904_Facebook.jpg\",\"width\":942,\"height\":1658},{\"@type\":\"BreadcrumbList\",\"@id\":\"https:\\\/\\\/cvinoticias.com\\\/v3\\\/el-gobierno-anuncio-que-la-vuelta-del-publico-a-los-estadios-sera-el-9-de-septiembre-en-un-partido-de-la-seleccion\\\/#breadcrumb\",\"itemListElement\":[{\"@type\":\"ListItem\",\"position\":1,\"name\":\"Portada\",\"item\":\"https:\\\/\\\/cvinoticias.com\\\/v3\\\/\"},{\"@type\":\"ListItem\",\"position\":2,\"name\":\"El Gobierno anunci\u00f3 que la vuelta del p\u00fablico a los estadios ser\u00e1 el 9 de septiembre en un partido de la Selecci\u00f3n\"}]},{\"@type\":\"WebSite\",\"@id\":\"https:\\\/\\\/cvinoticias.com\\\/v3\\\/#website\",\"url\":\"https:\\\/\\\/cvinoticias.com\\\/v3\\\/\",\"name\":\"CVI NOTICIAS\",\"description\":\"\",\"publisher\":{\"@id\":\"https:\\\/\\\/cvinoticias.com\\\/v3\\\/#organization\"},\"alternateName\":\"CVI\",\"potentialAction\":[{\"@type\":\"SearchAction\",\"target\":{\"@type\":\"EntryPoint\",\"urlTemplate\":\"https:\\\/\\\/cvinoticias.com\\\/v3\\\/?s={search_term_string}\"},\"query-input\":{\"@type\":\"PropertyValueSpecification\",\"valueRequired\":true,\"valueName\":\"search_term_string\"}}],\"inLanguage\":\"es\"},{\"@type\":\"Organization\",\"@id\":\"https:\\\/\\\/cvinoticias.com\\\/v3\\\/#organization\",\"name\":\"CVI NOTICIAS\",\"url\":\"https:\\\/\\\/cvinoticias.com\\\/v3\\\/\",\"logo\":{\"@type\":\"ImageObject\",\"inLanguage\":\"es\",\"@id\":\"https:\\\/\\\/cvinoticias.com\\\/v3\\\/#\\\/schema\\\/logo\\\/image\\\/\",\"url\":\"https:\\\/\\\/cvinoticias.com\\\/wp-content\\\/uploads\\\/2023\\\/04\\\/cropped-cropped-cropped-cropped-cropped-3-1.png\",\"contentUrl\":\"https:\\\/\\\/cvinoticias.com\\\/wp-content\\\/uploads\\\/2023\\\/04\\\/cropped-cropped-cropped-cropped-cropped-3-1.png\",\"width\":95,\"height\":122,\"caption\":\"CVI NOTICIAS\"},\"image\":{\"@id\":\"https:\\\/\\\/cvinoticias.com\\\/v3\\\/#\\\/schema\\\/logo\\\/image\\\/\"},\"sameAs\":[\"https:\\\/\\\/www.facebook.com\\\/cvinoticias\",\"https:\\\/\\\/www.instagram.com\\\/cvinoticias\\\/\",\"https:\\\/\\\/www.youtube.com\\\/@CVINOTICIAS\"]},{\"@type\":\"Person\",\"@id\":\"https:\\\/\\\/cvinoticias.com\\\/v3\\\/#\\\/schema\\\/person\\\/2db77e3c6bc03c538495d7b2b8be9b66\",\"name\":\"f1000024\",\"image\":{\"@type\":\"ImageObject\",\"inLanguage\":\"es\",\"@id\":\"https:\\\/\\\/secure.gravatar.com\\\/avatar\\\/d4fe7459cfc51ff5129ce1a732bbef5928568b8092d412ef95611616376bbeed?s=96&d=mm&r=g\",\"url\":\"https:\\\/\\\/secure.gravatar.com\\\/avatar\\\/d4fe7459cfc51ff5129ce1a732bbef5928568b8092d412ef95611616376bbeed?s=96&d=mm&r=g\",\"contentUrl\":\"https:\\\/\\\/secure.gravatar.com\\\/avatar\\\/d4fe7459cfc51ff5129ce1a732bbef5928568b8092d412ef95611616376bbeed?s=96&d=mm&r=g\",\"caption\":\"f1000024\"},\"url\":\"https:\\\/\\\/cvinoticias.com\\\/v3\\\/author\\\/f1000024\\\/\"}]}<\/script>\n<!-- \/ Yoast SEO plugin. -->","yoast_head_json":{"title":"El Gobierno anunci\u00f3 que la vuelta del p\u00fablico a los estadios ser\u00e1 el 9 de septiembre en un partido de la Selecci\u00f3n | CVI NOTICIAS","robots":{"index":"index","follow":"follow","max-snippet":"max-snippet:-1","max-image-preview":"max-image-preview:large","max-video-preview":"max-video-preview:-1"},"canonical":"https:\/\/cvinoticias.com\/v3\/el-gobierno-anuncio-que-la-vuelta-del-publico-a-los-estadios-sera-el-9-de-septiembre-en-un-partido-de-la-seleccion\/","og_locale":"es_ES","og_type":"article","og_title":"El Gobierno anunci\u00f3 que la vuelta del p\u00fablico a los estadios ser\u00e1 el 9 de septiembre en un partido de la Selecci\u00f3n | CVI NOTICIAS","og_description":"La prueba piloto se realizar\u00e1 contra Bolivia, por las Eliminatorias, con aforo del 30%. \u201cLa idea es que el regreso sea gradual\u201d, dijo el ministro de Turismo y Deportes, Mat\u00edas Lammens, junto a su par de Salud, Carla Vizzotti. El Gobierno anunci\u00f3 el regreso de los hinchas a los estadios de f\u00fatbol tras un a\u00f1o [&hellip;]","og_url":"https:\/\/cvinoticias.com\/v3\/el-gobierno-anuncio-que-la-vuelta-del-publico-a-los-estadios-sera-el-9-de-septiembre-en-un-partido-de-la-seleccion\/","og_site_name":"CVI NOTICIAS","article_publisher":"https:\/\/www.facebook.com\/cvinoticias","article_published_time":"2021-08-24T20:00:36+00:00","og_image":[{"width":942,"height":1658,"url":"https:\/\/cvinoticias.com\/wp-content\/uploads\/2021\/08\/Screenshot_20210824-165904_Facebook.jpg","type":"image\/jpeg"}],"author":"f1000024","twitter_card":"summary_large_image","twitter_misc":{"Escrito por":"f1000024","Tiempo de lectura":"3 minutos"},"schema":{"@context":"https:\/\/schema.org","@graph":[{"@type":"Article","@id":"https:\/\/cvinoticias.com\/v3\/el-gobierno-anuncio-que-la-vuelta-del-publico-a-los-estadios-sera-el-9-de-septiembre-en-un-partido-de-la-seleccion\/#article","isPartOf":{"@id":"https:\/\/cvinoticias.com\/v3\/el-gobierno-anuncio-que-la-vuelta-del-publico-a-los-estadios-sera-el-9-de-septiembre-en-un-partido-de-la-seleccion\/"},"author":{"name":"f1000024","@id":"https:\/\/cvinoticias.com\/v3\/#\/schema\/person\/2db77e3c6bc03c538495d7b2b8be9b66"},"headline":"El Gobierno anunci\u00f3 que la vuelta del p\u00fablico a los estadios ser\u00e1 el 9 de septiembre en un partido de la Selecci\u00f3n","datePublished":"2021-08-24T20:00:36+00:00","mainEntityOfPage":{"@id":"https:\/\/cvinoticias.com\/v3\/el-gobierno-anuncio-que-la-vuelta-del-publico-a-los-estadios-sera-el-9-de-septiembre-en-un-partido-de-la-seleccion\/"},"wordCount":596,"commentCount":0,"publisher":{"@id":"https:\/\/cvinoticias.com\/v3\/#organization"},"image":{"@id":"https:\/\/cvinoticias.com\/v3\/el-gobierno-anuncio-que-la-vuelta-del-publico-a-los-estadios-sera-el-9-de-septiembre-en-un-partido-de-la-seleccion\/#primaryimage"},"thumbnailUrl":"https:\/\/cvinoticias.com\/wp-content\/uploads\/2021\/08\/Screenshot_20210824-165904_Facebook.jpg","articleSection":["Deportes"],"inLanguage":"es","potentialAction":[{"@type":"CommentAction","name":"Comment","target":["https:\/\/cvinoticias.com\/v3\/el-gobierno-anuncio-que-la-vuelta-del-publico-a-los-estadios-sera-el-9-de-septiembre-en-un-partido-de-la-seleccion\/#respond"]}]},{"@type":"WebPage","@id":"https:\/\/cvinoticias.com\/v3\/el-gobierno-anuncio-que-la-vuelta-del-publico-a-los-estadios-sera-el-9-de-septiembre-en-un-partido-de-la-seleccion\/","url":"https:\/\/cvinoticias.com\/v3\/el-gobierno-anuncio-que-la-vuelta-del-publico-a-los-estadios-sera-el-9-de-septiembre-en-un-partido-de-la-seleccion\/","name":"El Gobierno anunci\u00f3 que la vuelta del p\u00fablico a los estadios ser\u00e1 el 9 de septiembre en un partido de la Selecci\u00f3n | CVI NOTICIAS","isPartOf":{"@id":"https:\/\/cvinoticias.com\/v3\/#website"},"primaryImageOfPage":{"@id":"https:\/\/cvinoticias.com\/v3\/el-gobierno-anuncio-que-la-vuelta-del-publico-a-los-estadios-sera-el-9-de-septiembre-en-un-partido-de-la-seleccion\/#primaryimage"},"image":{"@id":"https:\/\/cvinoticias.com\/v3\/el-gobierno-anuncio-que-la-vuelta-del-publico-a-los-estadios-sera-el-9-de-septiembre-en-un-partido-de-la-seleccion\/#primaryimage"},"thumbnailUrl":"https:\/\/cvinoticias.com\/wp-content\/uploads\/2021\/08\/Screenshot_20210824-165904_Facebook.jpg","datePublished":"2021-08-24T20:00:36+00:00","breadcrumb":{"@id":"https:\/\/cvinoticias.com\/v3\/el-gobierno-anuncio-que-la-vuelta-del-publico-a-los-estadios-sera-el-9-de-septiembre-en-un-partido-de-la-seleccion\/#breadcrumb"},"inLanguage":"es","potentialAction":[{"@type":"ReadAction","target":["https:\/\/cvinoticias.com\/v3\/el-gobierno-anuncio-que-la-vuelta-del-publico-a-los-estadios-sera-el-9-de-septiembre-en-un-partido-de-la-seleccion\/"]}]},{"@type":"ImageObject","inLanguage":"es","@id":"https:\/\/cvinoticias.com\/v3\/el-gobierno-anuncio-que-la-vuelta-del-publico-a-los-estadios-sera-el-9-de-septiembre-en-un-partido-de-la-seleccion\/#primaryimage","url":"https:\/\/cvinoticias.com\/wp-content\/uploads\/2021\/08\/Screenshot_20210824-165904_Facebook.jpg","contentUrl":"https:\/\/cvinoticias.com\/wp-content\/uploads\/2021\/08\/Screenshot_20210824-165904_Facebook.jpg","width":942,"height":1658},{"@type":"BreadcrumbList","@id":"https:\/\/cvinoticias.com\/v3\/el-gobierno-anuncio-que-la-vuelta-del-publico-a-los-estadios-sera-el-9-de-septiembre-en-un-partido-de-la-seleccion\/#breadcrumb","itemListElement":[{"@type":"ListItem","position":1,"name":"Portada","item":"https:\/\/cvinoticias.com\/v3\/"},{"@type":"ListItem","position":2,"name":"El Gobierno anunci\u00f3 que la vuelta del p\u00fablico a los estadios ser\u00e1 el 9 de septiembre en un partido de la Selecci\u00f3n"}]},{"@type":"WebSite","@id":"https:\/\/cvinoticias.com\/v3\/#website","url":"https:\/\/cvinoticias.com\/v3\/","name":"CVI NOTICIAS","description":"","publisher":{"@id":"https:\/\/cvinoticias.com\/v3\/#organization"},"alternateName":"CVI","potentialAction":[{"@type":"SearchAction","target":{"@type":"EntryPoint","urlTemplate":"https:\/\/cvinoticias.com\/v3\/?s={search_term_string}"},"query-input":{"@type":"PropertyValueSpecification","valueRequired":true,"valueName":"search_term_string"}}],"inLanguage":"es"},{"@type":"Organization","@id":"https:\/\/cvinoticias.com\/v3\/#organization","name":"CVI NOTICIAS","url":"https:\/\/cvinoticias.com\/v3\/","logo":{"@type":"ImageObject","inLanguage":"es","@id":"https:\/\/cvinoticias.com\/v3\/#\/schema\/logo\/image\/","url":"https:\/\/cvinoticias.com\/wp-content\/uploads\/2023\/04\/cropped-cropped-cropped-cropped-cropped-3-1.png","contentUrl":"https:\/\/cvinoticias.com\/wp-content\/uploads\/2023\/04\/cropped-cropped-cropped-cropped-cropped-3-1.png","width":95,"height":122,"caption":"CVI NOTICIAS"},"image":{"@id":"https:\/\/cvinoticias.com\/v3\/#\/schema\/logo\/image\/"},"sameAs":["https:\/\/www.facebook.com\/cvinoticias","https:\/\/www.instagram.com\/cvinoticias\/","https:\/\/www.youtube.com\/@CVINOTICIAS"]},{"@type":"Person","@id":"https:\/\/cvinoticias.com\/v3\/#\/schema\/person\/2db77e3c6bc03c538495d7b2b8be9b66","name":"f1000024","image":{"@type":"ImageObject","inLanguage":"es","@id":"https:\/\/secure.gravatar.com\/avatar\/d4fe7459cfc51ff5129ce1a732bbef5928568b8092d412ef95611616376bbeed?s=96&d=mm&r=g","url":"https:\/\/secure.gravatar.com\/avatar\/d4fe7459cfc51ff5129ce1a732bbef5928568b8092d412ef95611616376bbeed?s=96&d=mm&r=g","contentUrl":"https:\/\/secure.gravatar.com\/avatar\/d4fe7459cfc51ff5129ce1a732bbef5928568b8092d412ef95611616376bbeed?s=96&d=mm&r=g","caption":"f1000024"},"url":"https:\/\/cvinoticias.com\/v3\/author\/f1000024\/"}]}},"_links":{"self":[{"href":"https:\/\/cvinoticias.com\/v3\/wp-json\/wp\/v2\/posts\/7912","targetHints":{"allow":["GET"]}}],"collection":[{"href":"https:\/\/cvinoticias.com\/v3\/wp-json\/wp\/v2\/posts"}],"about":[{"href":"https:\/\/cvinoticias.com\/v3\/wp-json\/wp\/v2\/types\/post"}],"author":[{"embeddable":true,"href":"https:\/\/cvinoticias.com\/v3\/wp-json\/wp\/v2\/users\/2"}],"replies":[{"embeddable":true,"href":"https:\/\/cvinoticias.com\/v3\/wp-json\/wp\/v2\/comments?post=7912"}],"version-history":[{"count":1,"href":"https:\/\/cvinoticias.com\/v3\/wp-json\/wp\/v2\/posts\/7912\/revisions"}],"predecessor-version":[{"id":7914,"href":"https:\/\/cvinoticias.com\/v3\/wp-json\/wp\/v2\/posts\/7912\/revisions\/7914"}],"wp:featuredmedia":[{"embeddable":true,"href":"https:\/\/cvinoticias.com\/v3\/wp-json\/wp\/v2\/media\/7913"}],"wp:attachment":[{"href":"https:\/\/cvinoticias.com\/v3\/wp-json\/wp\/v2\/media?parent=7912"}],"wp:term":[{"taxonomy":"category","embeddable":true,"href":"https:\/\/cvinoticias.com\/v3\/wp-json\/wp\/v2\/categories?post=7912"},{"taxonomy":"post_tag","embeddable":true,"href":"https:\/\/cvinoticias.com\/v3\/wp-json\/wp\/v2\/tags?post=7912"}],"curies":[{"name":"wp","href":"https:\/\/api.w.org\/{rel}","templated":true}]}}